{"id":69692,"date":"2021-06-24T00:29:38","date_gmt":"2021-06-23T22:29:38","guid":{"rendered":"https:\/\/carmelitaniscalzi.com\/?p=69692"},"modified":"2021-07-11T00:30:33","modified_gmt":"2021-07-10T22:30:33","slug":"dr-patrick-divietri-ocds-compoe-uma-cantata-carmelita-uma-reflexao-musical-sobre-a-vida-mistica-de-teresa-de-avila","status":"publish","type":"post","link":"https:\/\/www.carmelitaniscalzi.com\/pt-br\/2021\/06\/24\/dr-patrick-divietri-ocds-compoe-uma-cantata-carmelita-uma-reflexao-musical-sobre-a-vida-mistica-de-teresa-de-avila\/","title":{"rendered":"Dr Patrick DiVietri, OCDS, comp\u00f5e uma CANTATA CARMELITA Uma reflex\u00e3o musical sobre a vida m\u00edstica de Teresa de \u00c1vila"},"content":{"rendered":"<p>O Dr. Patrick DiVietri \u00e9 membro do OCDS, conselheiro pastoral, psicoterapeuta certificado pelo ACPE, professor de filosofia e teologia, m\u00fasico, compositor, autor, e pai de fam\u00edlia.\u00a0 \u00c9 o Director Executivo do <em>Family Life Institute<\/em> (Manassas, VA, EUA).\u00a0 \u00c9 sobretudo um homem cuja vida est\u00e1 centrada no desejo de fazer em primeiro lugar e sempre a vontade de Deus.\u00a0 Neste sentido, a sua obra musical foi concebida tamb\u00e9m para o amor e gl\u00f3ria de Deus e para o bem de todos.<\/p>\n<p>Como artista, j\u00e1 tinha composto em 1981 uma <em>Partita Teresiana: Retrato de uma Santa<\/em>, para guitarra solista. Acaba de compor uma <em>CANTATA CARMELITA<\/em>. Os poemas e a m\u00fasica do Dr. DiVietri s\u00e3o uma reflex\u00e3o sobre os diferentes tipos de unidade e a forma como est\u00e3o ligados, ou seja, o amor. O amor \u00e9 visto n\u00e3o s\u00f3 como um desejo de uni\u00e3o com o bem, mas tamb\u00e9m como a for\u00e7a que, acima de tudo, constitui a integridade de uma pessoa, o que a liga aos outros e a Deus. Esta integridade pessoal, que resulta da aquisi\u00e7\u00e3o das virtudes, permite que o homem se possua a si pr\u00f3prio. S\u00f3 ent\u00e3o \u00e9 livre de se entregar ao amado e a Deus, e de se dedicar ao que \u00e9 nobre e em conformidade com a dignidade do homem.<\/p>\n<p>A <em>Cantata<\/em> come\u00e7a e termina com poemas nos quais pessoas exprimem a Deus o seu amor e desejo de estarem unidas com Ele. O primeiro poema \u00e9 sobre um jovem que deseja ser &#8220;como Deus&#8221; e tenta enfrentar sozinho o mal para o bem de todos. O segundo poema \u00e9 sobre Teresa de \u00c1vila, uma santa, que toma uma posi\u00e7\u00e3o semelhante, mas n\u00e3o sozinha. Ambos est\u00e3o unidos pelo mesmo objectivo: opor-se ao mal por amor de Deus e encorajar outros a fazer o mesmo. Para alcan\u00e7ar este objectivo, ambos decidem conformar toda a sua vida \u00e0 vontade e ao amor de Deus.<\/p>\n<p>Se desejar saber mais: <a href=\"https:\/\/www.cantatacarmelita.org\/\">https:\/\/www.cantatacarmelita.org\/<\/a><\/p>\n<p>&nbsp;<\/p>\n<p><em>Por cortesia de \u00a9 Rome Records<\/em><\/p>\n<p>&nbsp;<\/p>\n<div class=\"wpmf-gallerys wpmf-gallerys-life \" ><div id=\"gallery-1\"\n data-gutter-width=\"5\"\n  data-wpmfcolumns=\"4\" class=\"wpmf-gallery gallery-link-file gallery_life gallery-masonry gallery-columns-4 gallery-size-thumbnail wpmf-gallery-bottomspace-default wpmf-gallery-clear wpmf-has-border-radius-0 wpmf-gutterwidth-5\"><div class=\"wpmf-gallery-item\n     wpmf-gallery-item-position-0 wpmf-gallery-item-attachment-69534\" data-index=\"0\"><div class=\"wpmf-gallery-icon\"><a class=\" not_video noLightbox\" data-lightbox=\"1\" data-href=\"https:\/\/www.carmelitaniscalzi.com\/wp-content\/uploads\/2021\/07\/DV0.jpeg\" title=\"DV0\" target=\"_self\" data-index=\"0\"><img decoding=\"async\" class=\"wpmf_img\" alt=\"DV0\" src=\"https:\/\/www.carmelitaniscalzi.com\/wp-content\/uploads\/2021\/07\/DV0-150x150.jpeg\" data-type=\"wpmfgalleryimg\" data-lazy-src=\"https:\/\/www.carmelitaniscalzi.com\/wp-content\/uploads\/2021\/07\/DV0-150x150.jpeg\"><\/a><\/div><\/div><div class=\"wpmf-gallery-item\n     wpmf-gallery-item-position-1 wpmf-gallery-item-attachment-69540\" data-index=\"1\"><div class=\"wpmf-gallery-icon\"><a class=\" not_video noLightbox\" data-lightbox=\"1\" data-href=\"https:\/\/www.carmelitaniscalzi.com\/wp-content\/uploads\/2021\/07\/DV1.jpeg\" title=\"DV1\" target=\"_self\" data-index=\"1\"><img decoding=\"async\" class=\"wpmf_img\" alt=\"DV1\" src=\"https:\/\/www.carmelitaniscalzi.com\/wp-content\/uploads\/2021\/07\/DV1-150x150.jpeg\" data-type=\"wpmfgalleryimg\" data-lazy-src=\"https:\/\/www.carmelitaniscalzi.com\/wp-content\/uploads\/2021\/07\/DV1-150x150.jpeg\"><\/a><\/div><\/div><div class=\"wpmf-gallery-item\n     wpmf-gallery-item-position-2 wpmf-gallery-item-attachment-69546\" data-index=\"2\"><div class=\"wpmf-gallery-icon\"><a class=\" not_video noLightbox\" data-lightbox=\"1\" data-href=\"https:\/\/www.carmelitaniscalzi.com\/wp-content\/uploads\/2021\/07\/DV2.jpeg\" title=\"DV2\" target=\"_self\" data-index=\"2\"><img decoding=\"async\" class=\"wpmf_img\" alt=\"DV2\" src=\"https:\/\/www.carmelitaniscalzi.com\/wp-content\/uploads\/2021\/07\/DV2-150x150.jpeg\" data-type=\"wpmfgalleryimg\" data-lazy-src=\"https:\/\/www.carmelitaniscalzi.com\/wp-content\/uploads\/2021\/07\/DV2-150x150.jpeg\"><\/a><\/div><\/div><div class=\"wpmf-gallery-item\n     wpmf-gallery-item-position-3 wpmf-gallery-item-attachment-69552\" data-index=\"3\"><div class=\"wpmf-gallery-icon\"><a class=\" not_video noLightbox\" data-lightbox=\"1\" data-href=\"https:\/\/www.carmelitaniscalzi.com\/wp-content\/uploads\/2021\/07\/DV3.jpeg\" title=\"DV3\" target=\"_self\" data-index=\"3\"><img decoding=\"async\" class=\"wpmf_img\" alt=\"DV3\" src=\"https:\/\/www.carmelitaniscalzi.com\/wp-content\/uploads\/2021\/07\/DV3-150x150.jpeg\" data-type=\"wpmfgalleryimg\" data-lazy-src=\"https:\/\/www.carmelitaniscalzi.com\/wp-content\/uploads\/2021\/07\/DV3-150x150.jpeg\"><\/a><\/div><\/div><div class=\"wpmf-gallery-item\n     wpmf-gallery-item-position-4 wpmf-gallery-item-attachment-69558\" data-index=\"4\"><div class=\"wpmf-gallery-icon\"><a class=\" not_video noLightbox\" data-lightbox=\"1\" data-href=\"https:\/\/www.carmelitaniscalzi.com\/wp-content\/uploads\/2021\/07\/DV4.jpeg\" title=\"DV4\" target=\"_self\" data-index=\"4\"><img decoding=\"async\" class=\"wpmf_img\" alt=\"DV4\" src=\"https:\/\/www.carmelitaniscalzi.com\/wp-content\/uploads\/2021\/07\/DV4-150x150.jpeg\" data-type=\"wpmfgalleryimg\" data-lazy-src=\"https:\/\/www.carmelitaniscalzi.com\/wp-content\/uploads\/2021\/07\/DV4-150x150.jpeg\"><\/a><\/div><\/div><div class=\"wpmf-gallery-item\n     wpmf-gallery-item-position-5 wpmf-gallery-item-attachment-69564\" data-index=\"5\"><div class=\"wpmf-gallery-icon\"><a class=\" not_video noLightbox\" data-lightbox=\"1\" data-href=\"https:\/\/www.carmelitaniscalzi.com\/wp-content\/uploads\/2021\/07\/DV5.jpeg\" title=\"DV5\" target=\"_self\" data-index=\"5\"><img decoding=\"async\" class=\"wpmf_img\" alt=\"DV5\" src=\"https:\/\/www.carmelitaniscalzi.com\/wp-content\/uploads\/2021\/07\/DV5-150x150.jpeg\" data-type=\"wpmfgalleryimg\" data-lazy-src=\"https:\/\/www.carmelitaniscalzi.com\/wp-content\/uploads\/2021\/07\/DV5-150x150.jpeg\"><\/a><\/div><\/div><div class=\"wpmf-gallery-item\n     wpmf-gallery-item-position-6 wpmf-gallery-item-attachment-69570\" data-index=\"6\"><div class=\"wpmf-gallery-icon\"><a class=\" not_video noLightbox\" data-lightbox=\"1\" data-href=\"https:\/\/www.carmelitaniscalzi.com\/wp-content\/uploads\/2021\/07\/DV6.jpeg\" title=\"DV6\" target=\"_self\" data-index=\"6\"><img decoding=\"async\" class=\"wpmf_img\" alt=\"DV6\" src=\"https:\/\/www.carmelitaniscalzi.com\/wp-content\/uploads\/2021\/07\/DV6-150x150.jpeg\" data-type=\"wpmfgalleryimg\" data-lazy-src=\"https:\/\/www.carmelitaniscalzi.com\/wp-content\/uploads\/2021\/07\/DV6-150x150.jpeg\"><\/a><\/div><\/div><\/div><\/div>\n\n","protected":false},"excerpt":{"rendered":"<p>O Dr. Patrick DiVietri \u00e9 membro do OCDS, conselheiro pastoral, psicoterapeuta certificado pelo ACPE, professor de filosofia e teologia, m\u00fasico, compositor, autor, e pai de fam\u00edlia.\u00a0 \u00c9 o Director Executivo do Family Life Institute (Manassas, VA, EUA).\u00a0 \u00c9 sobretudo um homem cuja vida est\u00e1 centrada no desejo de fazer em primeiro lugar e sempre a [&hellip;]<\/p>\n","protected":false},"author":7,"featured_media":69528,"comment_status":"closed","ping_status":"open","sticky":false,"template":"","format":"standard","meta":{"_acf_changed":false,"footnotes":""},"categories":[264,373],"tags":[],"class_list":["post-69692","post","type-post","status-publish","format-standard","has-post-thumbnail","hentry","category-noticias-ocds-pt-br","category-noticias"],"acf":[],"yoast_head":"<!-- This site is optimized with the Yoast SEO plugin v26.3 - https:\/\/yoast.com\/wordpress\/plugins\/seo\/ -->\n<title>Dr Patrick DiVietri, OCDS, comp\u00f5e uma CANTATA CARMELITA Uma reflex\u00e3o musical sobre a vida m\u00edstica de Teresa de \u00c1vila - CARMELITAS DESCAL\u00c7OS<\/title>\n<meta name=\"robots\" content=\"index, follow, max-snippet:-1, max-image-preview:large, max-video-preview:-1\" \/>\n<link rel=\"canonical\" href=\"https:\/\/www.carmelitaniscalzi.com\/pt-br\/2021\/06\/24\/dr-patrick-divietri-ocds-compoe-uma-cantata-carmelita-uma-reflexao-musical-sobre-a-vida-mistica-de-teresa-de-avila\/\" \/>\n<meta property=\"og:locale\" content=\"pt_BR\" \/>\n<meta property=\"og:type\" content=\"article\" \/>\n<meta property=\"og:title\" content=\"Dr Patrick DiVietri, OCDS, comp\u00f5e uma CANTATA CARMELITA Uma reflex\u00e3o musical sobre a vida m\u00edstica de Teresa de \u00c1vila - CARMELITAS DESCAL\u00c7OS\" \/>\n<meta property=\"og:description\" content=\"O Dr. Patrick DiVietri \u00e9 membro do OCDS, conselheiro pastoral, psicoterapeuta certificado pelo ACPE, professor de filosofia e teologia, m\u00fasico, compositor, autor, e pai de fam\u00edlia.\u00a0 \u00c9 o Director Executivo do Family Life Institute (Manassas, VA, EUA).\u00a0 \u00c9 sobretudo um homem cuja vida est\u00e1 centrada no desejo de fazer em primeiro lugar e sempre a [&hellip;]\" \/>\n<meta property=\"og:url\" content=\"https:\/\/www.carmelitaniscalzi.com\/pt-br\/2021\/06\/24\/dr-patrick-divietri-ocds-compoe-uma-cantata-carmelita-uma-reflexao-musical-sobre-a-vida-mistica-de-teresa-de-avila\/\" \/>\n<meta property=\"og:site_name\" content=\"CARMELITAS DESCAL\u00c7OS\" \/>\n<meta property=\"article:publisher\" content=\"https:\/\/www.facebook.com\/Curia-Generalizia-Carmelitani-Scalzi-658766940887784\/\" \/>\n<meta property=\"article:published_time\" content=\"2021-06-23T22:29:38+00:00\" \/>\n<meta property=\"article:modified_time\" content=\"2021-07-10T22:30:33+00:00\" \/>\n<meta property=\"og:image\" content=\"https:\/\/www.carmelitaniscalzi.com\/wp-content\/uploads\/2021\/07\/cover_vietri.jpg\" \/>\n\t<meta property=\"og:image:width\" content=\"848\" \/>\n\t<meta property=\"og:image:height\" content=\"600\" \/>\n\t<meta property=\"og:image:type\" content=\"image\/jpeg\" \/>\n<meta name=\"author\" content=\"ocd web master\" \/>\n<meta name=\"twitter:card\" content=\"summary_large_image\" \/>\n<meta name=\"twitter:creator\" content=\"@ocdcuria\" \/>\n<meta name=\"twitter:site\" content=\"@ocdcuria\" \/>\n<meta name=\"twitter:label1\" content=\"Escrito por\" \/>\n\t<meta name=\"twitter:data1\" content=\"ocd web master\" \/>\n\t<meta name=\"twitter:label2\" content=\"Est. tempo de leitura\" \/>\n\t<meta name=\"twitter:data2\" content=\"2 minutos\" \/>\n<script type=\"application\/ld+json\" class=\"yoast-schema-graph\">{\"@context\":\"https:\/\/schema.org\",\"@graph\":[{\"@type\":\"Article\",\"@id\":\"https:\/\/www.carmelitaniscalzi.com\/pt-br\/2021\/06\/24\/dr-patrick-divietri-ocds-compoe-uma-cantata-carmelita-uma-reflexao-musical-sobre-a-vida-mistica-de-teresa-de-avila\/#article\",\"isPartOf\":{\"@id\":\"https:\/\/www.carmelitaniscalzi.com\/pt-br\/2021\/06\/24\/dr-patrick-divietri-ocds-compoe-uma-cantata-carmelita-uma-reflexao-musical-sobre-a-vida-mistica-de-teresa-de-avila\/\"},\"author\":{\"name\":\"ocd web master\",\"@id\":\"https:\/\/www.carmelitaniscalzi.com\/#\/schema\/person\/6d1c0d9bea7b6625c437246a5d6da409\"},\"headline\":\"Dr Patrick DiVietri, OCDS, comp\u00f5e uma CANTATA CARMELITA Uma reflex\u00e3o musical sobre a vida m\u00edstica de Teresa de \u00c1vila\",\"datePublished\":\"2021-06-23T22:29:38+00:00\",\"dateModified\":\"2021-07-10T22:30:33+00:00\",\"mainEntityOfPage\":{\"@id\":\"https:\/\/www.carmelitaniscalzi.com\/pt-br\/2021\/06\/24\/dr-patrick-divietri-ocds-compoe-uma-cantata-carmelita-uma-reflexao-musical-sobre-a-vida-mistica-de-teresa-de-avila\/\"},\"wordCount\":373,\"publisher\":{\"@id\":\"https:\/\/www.carmelitaniscalzi.com\/#organization\"},\"image\":{\"@id\":\"https:\/\/www.carmelitaniscalzi.com\/pt-br\/2021\/06\/24\/dr-patrick-divietri-ocds-compoe-uma-cantata-carmelita-uma-reflexao-musical-sobre-a-vida-mistica-de-teresa-de-avila\/#primaryimage\"},\"thumbnailUrl\":\"https:\/\/www.carmelitaniscalzi.com\/wp-content\/uploads\/2021\/07\/cover_vietri.jpg\",\"articleSection\":[\"Not\u00edcias OCDS\",\"Not\u00edcias\"],\"inLanguage\":\"pt-BR\"},{\"@type\":\"WebPage\",\"@id\":\"https:\/\/www.carmelitaniscalzi.com\/pt-br\/2021\/06\/24\/dr-patrick-divietri-ocds-compoe-uma-cantata-carmelita-uma-reflexao-musical-sobre-a-vida-mistica-de-teresa-de-avila\/\",\"url\":\"https:\/\/www.carmelitaniscalzi.com\/pt-br\/2021\/06\/24\/dr-patrick-divietri-ocds-compoe-uma-cantata-carmelita-uma-reflexao-musical-sobre-a-vida-mistica-de-teresa-de-avila\/\",\"name\":\"Dr Patrick DiVietri, OCDS, comp\u00f5e uma CANTATA CARMELITA Uma reflex\u00e3o musical sobre a vida m\u00edstica de Teresa de \u00c1vila - CARMELITAS DESCAL\u00c7OS\",\"isPartOf\":{\"@id\":\"https:\/\/www.carmelitaniscalzi.com\/#website\"},\"primaryImageOfPage\":{\"@id\":\"https:\/\/www.carmelitaniscalzi.com\/pt-br\/2021\/06\/24\/dr-patrick-divietri-ocds-compoe-uma-cantata-carmelita-uma-reflexao-musical-sobre-a-vida-mistica-de-teresa-de-avila\/#primaryimage\"},\"image\":{\"@id\":\"https:\/\/www.carmelitaniscalzi.com\/pt-br\/2021\/06\/24\/dr-patrick-divietri-ocds-compoe-uma-cantata-carmelita-uma-reflexao-musical-sobre-a-vida-mistica-de-teresa-de-avila\/#primaryimage\"},\"thumbnailUrl\":\"https:\/\/www.carmelitaniscalzi.com\/wp-content\/uploads\/2021\/07\/cover_vietri.jpg\",\"datePublished\":\"2021-06-23T22:29:38+00:00\",\"dateModified\":\"2021-07-10T22:30:33+00:00\",\"breadcrumb\":{\"@id\":\"https:\/\/www.carmelitaniscalzi.com\/pt-br\/2021\/06\/24\/dr-patrick-divietri-ocds-compoe-uma-cantata-carmelita-uma-reflexao-musical-sobre-a-vida-mistica-de-teresa-de-avila\/#breadcrumb\"},\"inLanguage\":\"pt-BR\",\"potentialAction\":[{\"@type\":\"ReadAction\",\"target\":[\"https:\/\/www.carmelitaniscalzi.com\/pt-br\/2021\/06\/24\/dr-patrick-divietri-ocds-compoe-uma-cantata-carmelita-uma-reflexao-musical-sobre-a-vida-mistica-de-teresa-de-avila\/\"]}]},{\"@type\":\"ImageObject\",\"inLanguage\":\"pt-BR\",\"@id\":\"https:\/\/www.carmelitaniscalzi.com\/pt-br\/2021\/06\/24\/dr-patrick-divietri-ocds-compoe-uma-cantata-carmelita-uma-reflexao-musical-sobre-a-vida-mistica-de-teresa-de-avila\/#primaryimage\",\"url\":\"https:\/\/www.carmelitaniscalzi.com\/wp-content\/uploads\/2021\/07\/cover_vietri.jpg\",\"contentUrl\":\"https:\/\/www.carmelitaniscalzi.com\/wp-content\/uploads\/2021\/07\/cover_vietri.jpg\",\"width\":848,\"height\":600},{\"@type\":\"BreadcrumbList\",\"@id\":\"https:\/\/www.carmelitaniscalzi.com\/pt-br\/2021\/06\/24\/dr-patrick-divietri-ocds-compoe-uma-cantata-carmelita-uma-reflexao-musical-sobre-a-vida-mistica-de-teresa-de-avila\/#breadcrumb\",\"itemListElement\":[{\"@type\":\"ListItem\",\"position\":1,\"name\":\"Home\",\"item\":\"https:\/\/www.carmelitaniscalzi.com\/pt-br\/\"},{\"@type\":\"ListItem\",\"position\":2,\"name\":\"Dr Patrick DiVietri, OCDS, comp\u00f5e uma CANTATA CARMELITA Uma reflex\u00e3o musical sobre a vida m\u00edstica de Teresa de \u00c1vila\"}]},{\"@type\":\"WebSite\",\"@id\":\"https:\/\/www.carmelitaniscalzi.com\/#website\",\"url\":\"https:\/\/www.carmelitaniscalzi.com\/\",\"name\":\"CARMELITANI SCALZI - Curia Generale del Carmelo Teresiano\",\"description\":\"C\u00faria General\u00edcia do Carmelo Teresiano\",\"publisher\":{\"@id\":\"https:\/\/www.carmelitaniscalzi.com\/#organization\"},\"alternateName\":\"CARMELITANI SCALZI\",\"potentialAction\":[{\"@type\":\"SearchAction\",\"target\":{\"@type\":\"EntryPoint\",\"urlTemplate\":\"https:\/\/www.carmelitaniscalzi.com\/?s={search_term_string}\"},\"query-input\":{\"@type\":\"PropertyValueSpecification\",\"valueRequired\":true,\"valueName\":\"search_term_string\"}}],\"inLanguage\":\"pt-BR\"},{\"@type\":\"Organization\",\"@id\":\"https:\/\/www.carmelitaniscalzi.com\/#organization\",\"name\":\"CARMELITANI SCALZI - Curia Generale del Carmelo Teresiano\",\"url\":\"https:\/\/www.carmelitaniscalzi.com\/\",\"logo\":{\"@type\":\"ImageObject\",\"inLanguage\":\"pt-BR\",\"@id\":\"https:\/\/www.carmelitaniscalzi.com\/#\/schema\/logo\/image\/\",\"url\":\"https:\/\/www.carmelitaniscalzi.com\/wp-content\/uploads\/2025\/11\/login-logo.png\",\"contentUrl\":\"https:\/\/www.carmelitaniscalzi.com\/wp-content\/uploads\/2025\/11\/login-logo.png\",\"width\":256,\"height\":256,\"caption\":\"CARMELITANI SCALZI - Curia Generale del Carmelo Teresiano\"},\"image\":{\"@id\":\"https:\/\/www.carmelitaniscalzi.com\/#\/schema\/logo\/image\/\"},\"sameAs\":[\"https:\/\/www.facebook.com\/Curia-Generalizia-Carmelitani-Scalzi-658766940887784\/\",\"https:\/\/x.com\/ocdcuria\",\"https:\/\/www.youtube.com\/channel\/UC2J5ZL0ycOY0qBSTCLX_NGQ\/videos\",\"https:\/\/www.instagram.com\/ocdinform\/\"]},{\"@type\":\"Person\",\"@id\":\"https:\/\/www.carmelitaniscalzi.com\/#\/schema\/person\/6d1c0d9bea7b6625c437246a5d6da409\",\"name\":\"ocd web master\",\"image\":{\"@type\":\"ImageObject\",\"inLanguage\":\"pt-BR\",\"@id\":\"https:\/\/www.carmelitaniscalzi.com\/#\/schema\/person\/image\/\",\"url\":\"https:\/\/secure.gravatar.com\/avatar\/41fbc5f82bad909fbaf2984c43fa50d8519ac5853e25b454d022b6868f80d0e7?s=96&d=mm&r=g\",\"contentUrl\":\"https:\/\/secure.gravatar.com\/avatar\/41fbc5f82bad909fbaf2984c43fa50d8519ac5853e25b454d022b6868f80d0e7?s=96&d=mm&r=g\",\"caption\":\"ocd web master\"},\"url\":\"https:\/\/www.carmelitaniscalzi.com\/pt-br\/author\/ocdwebmaster\/\"}]}<\/script>\n<!-- \/ Yoast SEO plugin. -->","yoast_head_json":{"title":"Dr Patrick DiVietri, OCDS, comp\u00f5e uma CANTATA CARMELITA Uma reflex\u00e3o musical sobre a vida m\u00edstica de Teresa de \u00c1vila - CARMELITAS DESCAL\u00c7OS","robots":{"index":"index","follow":"follow","max-snippet":"max-snippet:-1","max-image-preview":"max-image-preview:large","max-video-preview":"max-video-preview:-1"},"canonical":"https:\/\/www.carmelitaniscalzi.com\/pt-br\/2021\/06\/24\/dr-patrick-divietri-ocds-compoe-uma-cantata-carmelita-uma-reflexao-musical-sobre-a-vida-mistica-de-teresa-de-avila\/","og_locale":"pt_BR","og_type":"article","og_title":"Dr Patrick DiVietri, OCDS, comp\u00f5e uma CANTATA CARMELITA Uma reflex\u00e3o musical sobre a vida m\u00edstica de Teresa de \u00c1vila - CARMELITAS DESCAL\u00c7OS","og_description":"O Dr. Patrick DiVietri \u00e9 membro do OCDS, conselheiro pastoral, psicoterapeuta certificado pelo ACPE, professor de filosofia e teologia, m\u00fasico, compositor, autor, e pai de fam\u00edlia.\u00a0 \u00c9 o Director Executivo do Family Life Institute (Manassas, VA, EUA).\u00a0 \u00c9 sobretudo um homem cuja vida est\u00e1 centrada no desejo de fazer em primeiro lugar e sempre a [&hellip;]","og_url":"https:\/\/www.carmelitaniscalzi.com\/pt-br\/2021\/06\/24\/dr-patrick-divietri-ocds-compoe-uma-cantata-carmelita-uma-reflexao-musical-sobre-a-vida-mistica-de-teresa-de-avila\/","og_site_name":"CARMELITAS DESCAL\u00c7OS","article_publisher":"https:\/\/www.facebook.com\/Curia-Generalizia-Carmelitani-Scalzi-658766940887784\/","article_published_time":"2021-06-23T22:29:38+00:00","article_modified_time":"2021-07-10T22:30:33+00:00","og_image":[{"width":848,"height":600,"url":"https:\/\/www.carmelitaniscalzi.com\/wp-content\/uploads\/2021\/07\/cover_vietri.jpg","type":"image\/jpeg"}],"author":"ocd web master","twitter_card":"summary_large_image","twitter_creator":"@ocdcuria","twitter_site":"@ocdcuria","twitter_misc":{"Escrito por":"ocd web master","Est. tempo de leitura":"2 minutos"},"schema":{"@context":"https:\/\/schema.org","@graph":[{"@type":"Article","@id":"https:\/\/www.carmelitaniscalzi.com\/pt-br\/2021\/06\/24\/dr-patrick-divietri-ocds-compoe-uma-cantata-carmelita-uma-reflexao-musical-sobre-a-vida-mistica-de-teresa-de-avila\/#article","isPartOf":{"@id":"https:\/\/www.carmelitaniscalzi.com\/pt-br\/2021\/06\/24\/dr-patrick-divietri-ocds-compoe-uma-cantata-carmelita-uma-reflexao-musical-sobre-a-vida-mistica-de-teresa-de-avila\/"},"author":{"name":"ocd web master","@id":"https:\/\/www.carmelitaniscalzi.com\/#\/schema\/person\/6d1c0d9bea7b6625c437246a5d6da409"},"headline":"Dr Patrick DiVietri, OCDS, comp\u00f5e uma CANTATA CARMELITA Uma reflex\u00e3o musical sobre a vida m\u00edstica de Teresa de \u00c1vila","datePublished":"2021-06-23T22:29:38+00:00","dateModified":"2021-07-10T22:30:33+00:00","mainEntityOfPage":{"@id":"https:\/\/www.carmelitaniscalzi.com\/pt-br\/2021\/06\/24\/dr-patrick-divietri-ocds-compoe-uma-cantata-carmelita-uma-reflexao-musical-sobre-a-vida-mistica-de-teresa-de-avila\/"},"wordCount":373,"publisher":{"@id":"https:\/\/www.carmelitaniscalzi.com\/#organization"},"image":{"@id":"https:\/\/www.carmelitaniscalzi.com\/pt-br\/2021\/06\/24\/dr-patrick-divietri-ocds-compoe-uma-cantata-carmelita-uma-reflexao-musical-sobre-a-vida-mistica-de-teresa-de-avila\/#primaryimage"},"thumbnailUrl":"https:\/\/www.carmelitaniscalzi.com\/wp-content\/uploads\/2021\/07\/cover_vietri.jpg","articleSection":["Not\u00edcias OCDS","Not\u00edcias"],"inLanguage":"pt-BR"},{"@type":"WebPage","@id":"https:\/\/www.carmelitaniscalzi.com\/pt-br\/2021\/06\/24\/dr-patrick-divietri-ocds-compoe-uma-cantata-carmelita-uma-reflexao-musical-sobre-a-vida-mistica-de-teresa-de-avila\/","url":"https:\/\/www.carmelitaniscalzi.com\/pt-br\/2021\/06\/24\/dr-patrick-divietri-ocds-compoe-uma-cantata-carmelita-uma-reflexao-musical-sobre-a-vida-mistica-de-teresa-de-avila\/","name":"Dr Patrick DiVietri, OCDS, comp\u00f5e uma CANTATA CARMELITA Uma reflex\u00e3o musical sobre a vida m\u00edstica de Teresa de \u00c1vila - CARMELITAS DESCAL\u00c7OS","isPartOf":{"@id":"https:\/\/www.carmelitaniscalzi.com\/#website"},"primaryImageOfPage":{"@id":"https:\/\/www.carmelitaniscalzi.com\/pt-br\/2021\/06\/24\/dr-patrick-divietri-ocds-compoe-uma-cantata-carmelita-uma-reflexao-musical-sobre-a-vida-mistica-de-teresa-de-avila\/#primaryimage"},"image":{"@id":"https:\/\/www.carmelitaniscalzi.com\/pt-br\/2021\/06\/24\/dr-patrick-divietri-ocds-compoe-uma-cantata-carmelita-uma-reflexao-musical-sobre-a-vida-mistica-de-teresa-de-avila\/#primaryimage"},"thumbnailUrl":"https:\/\/www.carmelitaniscalzi.com\/wp-content\/uploads\/2021\/07\/cover_vietri.jpg","datePublished":"2021-06-23T22:29:38+00:00","dateModified":"2021-07-10T22:30:33+00:00","breadcrumb":{"@id":"https:\/\/www.carmelitaniscalzi.com\/pt-br\/2021\/06\/24\/dr-patrick-divietri-ocds-compoe-uma-cantata-carmelita-uma-reflexao-musical-sobre-a-vida-mistica-de-teresa-de-avila\/#breadcrumb"},"inLanguage":"pt-BR","potentialAction":[{"@type":"ReadAction","target":["https:\/\/www.carmelitaniscalzi.com\/pt-br\/2021\/06\/24\/dr-patrick-divietri-ocds-compoe-uma-cantata-carmelita-uma-reflexao-musical-sobre-a-vida-mistica-de-teresa-de-avila\/"]}]},{"@type":"ImageObject","inLanguage":"pt-BR","@id":"https:\/\/www.carmelitaniscalzi.com\/pt-br\/2021\/06\/24\/dr-patrick-divietri-ocds-compoe-uma-cantata-carmelita-uma-reflexao-musical-sobre-a-vida-mistica-de-teresa-de-avila\/#primaryimage","url":"https:\/\/www.carmelitaniscalzi.com\/wp-content\/uploads\/2021\/07\/cover_vietri.jpg","contentUrl":"https:\/\/www.carmelitaniscalzi.com\/wp-content\/uploads\/2021\/07\/cover_vietri.jpg","width":848,"height":600},{"@type":"BreadcrumbList","@id":"https:\/\/www.carmelitaniscalzi.com\/pt-br\/2021\/06\/24\/dr-patrick-divietri-ocds-compoe-uma-cantata-carmelita-uma-reflexao-musical-sobre-a-vida-mistica-de-teresa-de-avila\/#breadcrumb","itemListElement":[{"@type":"ListItem","position":1,"name":"Home","item":"https:\/\/www.carmelitaniscalzi.com\/pt-br\/"},{"@type":"ListItem","position":2,"name":"Dr Patrick DiVietri, OCDS, comp\u00f5e uma CANTATA CARMELITA Uma reflex\u00e3o musical sobre a vida m\u00edstica de Teresa de \u00c1vila"}]},{"@type":"WebSite","@id":"https:\/\/www.carmelitaniscalzi.com\/#website","url":"https:\/\/www.carmelitaniscalzi.com\/","name":"CARMELITANI SCALZI - Curia Generale del Carmelo Teresiano","description":"C\u00faria General\u00edcia do Carmelo Teresiano","publisher":{"@id":"https:\/\/www.carmelitaniscalzi.com\/#organization"},"alternateName":"CARMELITANI SCALZI","potentialAction":[{"@type":"SearchAction","target":{"@type":"EntryPoint","urlTemplate":"https:\/\/www.carmelitaniscalzi.com\/?s={search_term_string}"},"query-input":{"@type":"PropertyValueSpecification","valueRequired":true,"valueName":"search_term_string"}}],"inLanguage":"pt-BR"},{"@type":"Organization","@id":"https:\/\/www.carmelitaniscalzi.com\/#organization","name":"CARMELITANI SCALZI - Curia Generale del Carmelo Teresiano","url":"https:\/\/www.carmelitaniscalzi.com\/","logo":{"@type":"ImageObject","inLanguage":"pt-BR","@id":"https:\/\/www.carmelitaniscalzi.com\/#\/schema\/logo\/image\/","url":"https:\/\/www.carmelitaniscalzi.com\/wp-content\/uploads\/2025\/11\/login-logo.png","contentUrl":"https:\/\/www.carmelitaniscalzi.com\/wp-content\/uploads\/2025\/11\/login-logo.png","width":256,"height":256,"caption":"CARMELITANI SCALZI - Curia Generale del Carmelo Teresiano"},"image":{"@id":"https:\/\/www.carmelitaniscalzi.com\/#\/schema\/logo\/image\/"},"sameAs":["https:\/\/www.facebook.com\/Curia-Generalizia-Carmelitani-Scalzi-658766940887784\/","https:\/\/x.com\/ocdcuria","https:\/\/www.youtube.com\/channel\/UC2J5ZL0ycOY0qBSTCLX_NGQ\/videos","https:\/\/www.instagram.com\/ocdinform\/"]},{"@type":"Person","@id":"https:\/\/www.carmelitaniscalzi.com\/#\/schema\/person\/6d1c0d9bea7b6625c437246a5d6da409","name":"ocd web master","image":{"@type":"ImageObject","inLanguage":"pt-BR","@id":"https:\/\/www.carmelitaniscalzi.com\/#\/schema\/person\/image\/","url":"https:\/\/secure.gravatar.com\/avatar\/41fbc5f82bad909fbaf2984c43fa50d8519ac5853e25b454d022b6868f80d0e7?s=96&d=mm&r=g","contentUrl":"https:\/\/secure.gravatar.com\/avatar\/41fbc5f82bad909fbaf2984c43fa50d8519ac5853e25b454d022b6868f80d0e7?s=96&d=mm&r=g","caption":"ocd web master"},"url":"https:\/\/www.carmelitaniscalzi.com\/pt-br\/author\/ocdwebmaster\/"}]}},"_links":{"self":[{"href":"https:\/\/www.carmelitaniscalzi.com\/pt-br\/wp-json\/wp\/v2\/posts\/69692","targetHints":{"allow":["GET"]}}],"collection":[{"href":"https:\/\/www.carmelitaniscalzi.com\/pt-br\/wp-json\/wp\/v2\/posts"}],"about":[{"href":"https:\/\/www.carmelitaniscalzi.com\/pt-br\/wp-json\/wp\/v2\/types\/post"}],"author":[{"embeddable":true,"href":"https:\/\/www.carmelitaniscalzi.com\/pt-br\/wp-json\/wp\/v2\/users\/7"}],"replies":[{"embeddable":true,"href":"https:\/\/www.carmelitaniscalzi.com\/pt-br\/wp-json\/wp\/v2\/comments?post=69692"}],"version-history":[{"count":1,"href":"https:\/\/www.carmelitaniscalzi.com\/pt-br\/wp-json\/wp\/v2\/posts\/69692\/revisions"}],"predecessor-version":[{"id":69693,"href":"https:\/\/www.carmelitaniscalzi.com\/pt-br\/wp-json\/wp\/v2\/posts\/69692\/revisions\/69693"}],"wp:featuredmedia":[{"embeddable":true,"href":"https:\/\/www.carmelitaniscalzi.com\/pt-br\/wp-json\/wp\/v2\/media\/69528"}],"wp:attachment":[{"href":"https:\/\/www.carmelitaniscalzi.com\/pt-br\/wp-json\/wp\/v2\/media?parent=69692"}],"wp:term":[{"taxonomy":"category","embeddable":true,"href":"https:\/\/www.carmelitaniscalzi.com\/pt-br\/wp-json\/wp\/v2\/categories?post=69692"},{"taxonomy":"post_tag","embeddable":true,"href":"https:\/\/www.carmelitaniscalzi.com\/pt-br\/wp-json\/wp\/v2\/tags?post=69692"}],"curies":[{"name":"wp","href":"https:\/\/api.w.org\/{rel}","templated":true}]}}