{"id":69409,"date":"2021-05-26T23:58:18","date_gmt":"2021-05-26T21:58:18","guid":{"rendered":"https:\/\/carmelitaniscalzi.com\/?p=69409"},"modified":"2021-07-08T23:59:49","modified_gmt":"2021-07-08T21:59:49","slug":"avila-celebra-o-50o-aniversario-do-doutorado-de-santa-teresa-de-jesus","status":"publish","type":"post","link":"https:\/\/www.carmelitaniscalzi.com\/pt-br\/2021\/05\/26\/avila-celebra-o-50o-aniversario-do-doutorado-de-santa-teresa-de-jesus\/","title":{"rendered":"\u00c1vila celebra o 50\u00ba anivers\u00e1rio do doutorado de Santa Teresa de Jesus"},"content":{"rendered":"<p>De 12 a 15 de abril, a cidade de \u00c1vila acolheu o Congresso Internacional &#8220;Santa Teresa de Jesus, &#8220;Mujer Excepcional&#8221;&#8221; por ocasi\u00e3o do 50\u00ba anivers\u00e1rio da proclama\u00e7\u00e3o de Santa Teresa de Jesus como Doutora da Igreja. No in\u00edcio do congresso, leu-se uma mensagem do Papa Francisco. Nele cumprimentou todos os participantes e afirmou que &#8220;a chama que Jesus acendeu em Teresa continua a brilhar neste mundo que precisa sempre de testemunhas corajosos, capazes de derrubar qualquer muro&#8221;.<\/p>\n<p>O Congresso realizou-se de duas formas: presencialmente e online. Durante quatro dias, apresentou a doutrina teresiana para o mundo e a Igreja de hoje em diferentes temas.<\/p>\n<p>No final do congresso, os participantes tiveram uma nova surpresa: um videomensagem do Papa Francisco. Foi o ponto alto do Congresso. O Papa aproveitou a oportunidade para recordar que uma das caracter\u00edsticas da Santa de \u00c1vila era a sua uni\u00e3o com Cristo e a sua determina\u00e7\u00e3o a permanecer com ele na ora\u00e7\u00e3o. Ele encorajou cada um a encontrar o seu pr\u00f3prio caminho de santidade e sublinhou que &#8220;Santa Teresa ensina-nos que o caminho que fez dela uma mulher excecional e uma figura de refer\u00eancia ao longo dos s\u00e9culos, esse caminho, o da ora\u00e7\u00e3o, est\u00e1 aberto a todos aqueles que humildemente se abrem \u00e0 a\u00e7\u00e3o do esp\u00edrito nas suas vidas\u201d.<\/p>\n<p>Aqui est\u00e1 o link para o texto completo da videomensagem:<\/p>\n<p><a href=\"https:\/\/www.osservatoreromano.va\/it\/pdfreader.html\/por\/2021\/04\/POR_2021_016_2004.pdf.html\">https:\/\/www.osservatoreromano.va\/it\/pdfreader.html\/por\/2021\/04\/POR_2021_016_2004.pdf.html<\/a><\/p>\n<p>Al\u00e9m disso, o Congresso angariou fundos, atrav\u00e9s do website do Congresso (<a href=\"http:\/\/congresosantateresadoctora.es\">http:\/\/congresosantateresadoctora.es<\/a> ), para ajudar o Carmelo da Anuncia\u00e7\u00e3o em Alba de Tormes (Salamanca), onde se encontra o t\u00famulo da Santa Madre. Al\u00e9m disso, os organizadores decidiram tamb\u00e9m doar os benef\u00edcios do Congresso para ajudar na dif\u00edcil situa\u00e7\u00e3o econ\u00f3mica que aquele Carmelo est\u00e1 a atravessar.<\/p>\n<p>&nbsp;<\/p>\n<div class=\"wpmf-gallerys wpmf-gallerys-life \" ><div id=\"gallery-1\"\n data-gutter-width=\"5\"\n  data-wpmfcolumns=\"5\" class=\"wpmf-gallery gallery-link-file gallery_life gallery-masonry gallery-columns-5 gallery-size-thumbnail wpmf-gallery-bottomspace-default wpmf-gallery-clear wpmf-has-border-radius-0 wpmf-gutterwidth-5\"><div class=\"wpmf-gallery-item\n     wpmf-gallery-item-position-0 wpmf-gallery-item-attachment-69245\" data-index=\"0\"><div class=\"wpmf-gallery-icon\"><a class=\" not_video noLightbox\" data-lightbox=\"1\" data-href=\"https:\/\/www.carmelitaniscalzi.com\/wp-content\/uploads\/2021\/07\/congreso05.jpeg\" title=\"congreso05\" target=\"_self\" data-index=\"0\"><img decoding=\"async\" class=\"wpmf_img\" alt=\"congreso05\" src=\"https:\/\/www.carmelitaniscalzi.com\/wp-content\/uploads\/2021\/07\/congreso05-150x150.jpeg\" data-type=\"wpmfgalleryimg\" data-lazy-src=\"https:\/\/www.carmelitaniscalzi.com\/wp-content\/uploads\/2021\/07\/congreso05-150x150.jpeg\"><\/a><\/div><\/div><div class=\"wpmf-gallery-item\n     wpmf-gallery-item-position-1 wpmf-gallery-item-attachment-69239\" data-index=\"1\"><div class=\"wpmf-gallery-icon\"><a class=\" not_video noLightbox\" data-lightbox=\"1\" data-href=\"https:\/\/www.carmelitaniscalzi.com\/wp-content\/uploads\/2021\/07\/congreso04-768x1024.jpeg\" title=\"congreso04\" target=\"_self\" data-index=\"1\"><img decoding=\"async\" class=\"wpmf_img\" alt=\"congreso04\" src=\"https:\/\/www.carmelitaniscalzi.com\/wp-content\/uploads\/2021\/07\/congreso04-150x150.jpeg\" data-type=\"wpmfgalleryimg\" data-lazy-src=\"https:\/\/www.carmelitaniscalzi.com\/wp-content\/uploads\/2021\/07\/congreso04-150x150.jpeg\"><\/a><\/div><\/div><div class=\"wpmf-gallery-item\n     wpmf-gallery-item-position-2 wpmf-gallery-item-attachment-69233\" data-index=\"2\"><div class=\"wpmf-gallery-icon\"><a class=\" not_video noLightbox\" data-lightbox=\"1\" data-href=\"https:\/\/www.carmelitaniscalzi.com\/wp-content\/uploads\/2021\/07\/congreso02-1024x768.jpeg\" title=\"congreso02\" target=\"_self\" data-index=\"2\"><img decoding=\"async\" class=\"wpmf_img\" alt=\"congreso02\" src=\"https:\/\/www.carmelitaniscalzi.com\/wp-content\/uploads\/2021\/07\/congreso02-150x150.jpeg\" data-type=\"wpmfgalleryimg\" data-lazy-src=\"https:\/\/www.carmelitaniscalzi.com\/wp-content\/uploads\/2021\/07\/congreso02-150x150.jpeg\"><\/a><\/div><\/div><div class=\"wpmf-gallery-item\n     wpmf-gallery-item-position-3 wpmf-gallery-item-attachment-69227\" data-index=\"3\"><div class=\"wpmf-gallery-icon\"><a class=\" not_video noLightbox\" data-lightbox=\"1\" data-href=\"https:\/\/www.carmelitaniscalzi.com\/wp-content\/uploads\/2021\/07\/congreso01-768x1024.jpeg\" title=\"congreso01\" target=\"_self\" data-index=\"3\"><img decoding=\"async\" class=\"wpmf_img\" alt=\"congreso01\" src=\"https:\/\/www.carmelitaniscalzi.com\/wp-content\/uploads\/2021\/07\/congreso01-150x150.jpeg\" data-type=\"wpmfgalleryimg\" data-lazy-src=\"https:\/\/www.carmelitaniscalzi.com\/wp-content\/uploads\/2021\/07\/congreso01-150x150.jpeg\"><\/a><\/div><\/div><div class=\"wpmf-gallery-item\n     wpmf-gallery-item-position-4 wpmf-gallery-item-attachment-69221\" data-index=\"4\"><div class=\"wpmf-gallery-icon\"><a class=\" not_video noLightbox\" data-lightbox=\"1\" data-href=\"https:\/\/www.carmelitaniscalzi.com\/wp-content\/uploads\/2021\/07\/congreso00-1024x768.jpeg\" title=\"congreso00\" target=\"_self\" data-index=\"4\"><img decoding=\"async\" class=\"wpmf_img\" alt=\"congreso00\" src=\"https:\/\/www.carmelitaniscalzi.com\/wp-content\/uploads\/2021\/07\/congreso00-150x150.jpeg\" data-type=\"wpmfgalleryimg\" data-lazy-src=\"https:\/\/www.carmelitaniscalzi.com\/wp-content\/uploads\/2021\/07\/congreso00-150x150.jpeg\"><\/a><\/div><\/div><\/div><\/div>\n\n","protected":false},"excerpt":{"rendered":"<p>De 12 a 15 de abril, a cidade de \u00c1vila acolheu o Congresso Internacional &#8220;Santa Teresa de Jesus, &#8220;Mujer Excepcional&#8221;&#8221; por ocasi\u00e3o do 50\u00ba anivers\u00e1rio da proclama\u00e7\u00e3o de Santa Teresa de Jesus como Doutora da Igreja. No in\u00edcio do congresso, leu-se uma mensagem do Papa Francisco. Nele cumprimentou todos os participantes e afirmou que &#8220;a [&hellip;]<\/p>\n","protected":false},"author":7,"featured_media":69251,"comment_status":"closed","ping_status":"open","sticky":false,"template":"","format":"standard","meta":{"_acf_changed":false,"footnotes":""},"categories":[235,237,264,373],"tags":[],"class_list":["post-69409","post","type-post","status-publish","format-standard","has-post-thumbnail","hentry","category-noticias-frades","category-noticias-monjas-pt-br","category-noticias-ocds-pt-br","category-noticias"],"acf":[],"yoast_head":"<!-- This site is optimized with the Yoast SEO plugin v26.3 - https:\/\/yoast.com\/wordpress\/plugins\/seo\/ -->\n<title>\u00c1vila celebra o 50\u00ba anivers\u00e1rio do doutorado de Santa Teresa de Jesus - CARMELITAS DESCAL\u00c7OS<\/title>\n<meta name=\"robots\" content=\"index, follow, max-snippet:-1, max-image-preview:large, max-video-preview:-1\" \/>\n<link rel=\"canonical\" href=\"https:\/\/www.carmelitaniscalzi.com\/pt-br\/2021\/05\/26\/avila-celebra-o-50o-aniversario-do-doutorado-de-santa-teresa-de-jesus\/\" \/>\n<meta property=\"og:locale\" content=\"pt_BR\" \/>\n<meta property=\"og:type\" content=\"article\" \/>\n<meta property=\"og:title\" content=\"\u00c1vila celebra o 50\u00ba anivers\u00e1rio do doutorado de Santa Teresa de Jesus - CARMELITAS DESCAL\u00c7OS\" \/>\n<meta property=\"og:description\" content=\"De 12 a 15 de abril, a cidade de \u00c1vila acolheu o Congresso Internacional &#8220;Santa Teresa de Jesus, &#8220;Mujer Excepcional&#8221;&#8221; por ocasi\u00e3o do 50\u00ba anivers\u00e1rio da proclama\u00e7\u00e3o de Santa Teresa de Jesus como Doutora da Igreja. No in\u00edcio do congresso, leu-se uma mensagem do Papa Francisco. Nele cumprimentou todos os participantes e afirmou que &#8220;a [&hellip;]\" \/>\n<meta property=\"og:url\" content=\"https:\/\/www.carmelitaniscalzi.com\/pt-br\/2021\/05\/26\/avila-celebra-o-50o-aniversario-do-doutorado-de-santa-teresa-de-jesus\/\" \/>\n<meta property=\"og:site_name\" content=\"CARMELITAS DESCAL\u00c7OS\" \/>\n<meta property=\"article:publisher\" content=\"https:\/\/www.facebook.com\/Curia-Generalizia-Carmelitani-Scalzi-658766940887784\/\" \/>\n<meta property=\"article:published_time\" content=\"2021-05-26T21:58:18+00:00\" \/>\n<meta property=\"article:modified_time\" content=\"2021-07-08T21:59:49+00:00\" \/>\n<meta property=\"og:image\" content=\"https:\/\/www.carmelitaniscalzi.com\/wp-content\/uploads\/2021\/07\/coper_congress.jpg\" \/>\n\t<meta property=\"og:image:width\" content=\"848\" \/>\n\t<meta property=\"og:image:height\" content=\"600\" \/>\n\t<meta property=\"og:image:type\" content=\"image\/jpeg\" \/>\n<meta name=\"author\" content=\"ocd web master\" \/>\n<meta name=\"twitter:card\" content=\"summary_large_image\" \/>\n<meta name=\"twitter:creator\" content=\"@ocdcuria\" \/>\n<meta name=\"twitter:site\" content=\"@ocdcuria\" \/>\n<meta name=\"twitter:label1\" content=\"Escrito por\" \/>\n\t<meta name=\"twitter:data1\" content=\"ocd web master\" \/>\n\t<meta name=\"twitter:label2\" content=\"Est. tempo de leitura\" \/>\n\t<meta name=\"twitter:data2\" content=\"2 minutos\" \/>\n<script type=\"application\/ld+json\" class=\"yoast-schema-graph\">{\"@context\":\"https:\/\/schema.org\",\"@graph\":[{\"@type\":\"Article\",\"@id\":\"https:\/\/www.carmelitaniscalzi.com\/pt-br\/2021\/05\/26\/avila-celebra-o-50o-aniversario-do-doutorado-de-santa-teresa-de-jesus\/#article\",\"isPartOf\":{\"@id\":\"https:\/\/www.carmelitaniscalzi.com\/pt-br\/2021\/05\/26\/avila-celebra-o-50o-aniversario-do-doutorado-de-santa-teresa-de-jesus\/\"},\"author\":{\"name\":\"ocd web master\",\"@id\":\"https:\/\/www.carmelitaniscalzi.com\/#\/schema\/person\/6d1c0d9bea7b6625c437246a5d6da409\"},\"headline\":\"\u00c1vila celebra o 50\u00ba anivers\u00e1rio do doutorado de Santa Teresa de Jesus\",\"datePublished\":\"2021-05-26T21:58:18+00:00\",\"dateModified\":\"2021-07-08T21:59:49+00:00\",\"mainEntityOfPage\":{\"@id\":\"https:\/\/www.carmelitaniscalzi.com\/pt-br\/2021\/05\/26\/avila-celebra-o-50o-aniversario-do-doutorado-de-santa-teresa-de-jesus\/\"},\"wordCount\":333,\"publisher\":{\"@id\":\"https:\/\/www.carmelitaniscalzi.com\/#organization\"},\"image\":{\"@id\":\"https:\/\/www.carmelitaniscalzi.com\/pt-br\/2021\/05\/26\/avila-celebra-o-50o-aniversario-do-doutorado-de-santa-teresa-de-jesus\/#primaryimage\"},\"thumbnailUrl\":\"https:\/\/www.carmelitaniscalzi.com\/wp-content\/uploads\/2021\/07\/coper_congress.jpg\",\"articleSection\":[\"Not\u00edcias Frades\",\"Not\u00edcias Monjas\",\"Not\u00edcias OCDS\",\"Not\u00edcias\"],\"inLanguage\":\"pt-BR\"},{\"@type\":\"WebPage\",\"@id\":\"https:\/\/www.carmelitaniscalzi.com\/pt-br\/2021\/05\/26\/avila-celebra-o-50o-aniversario-do-doutorado-de-santa-teresa-de-jesus\/\",\"url\":\"https:\/\/www.carmelitaniscalzi.com\/pt-br\/2021\/05\/26\/avila-celebra-o-50o-aniversario-do-doutorado-de-santa-teresa-de-jesus\/\",\"name\":\"\u00c1vila celebra o 50\u00ba anivers\u00e1rio do doutorado de Santa Teresa de Jesus - CARMELITAS DESCAL\u00c7OS\",\"isPartOf\":{\"@id\":\"https:\/\/www.carmelitaniscalzi.com\/#website\"},\"primaryImageOfPage\":{\"@id\":\"https:\/\/www.carmelitaniscalzi.com\/pt-br\/2021\/05\/26\/avila-celebra-o-50o-aniversario-do-doutorado-de-santa-teresa-de-jesus\/#primaryimage\"},\"image\":{\"@id\":\"https:\/\/www.carmelitaniscalzi.com\/pt-br\/2021\/05\/26\/avila-celebra-o-50o-aniversario-do-doutorado-de-santa-teresa-de-jesus\/#primaryimage\"},\"thumbnailUrl\":\"https:\/\/www.carmelitaniscalzi.com\/wp-content\/uploads\/2021\/07\/coper_congress.jpg\",\"datePublished\":\"2021-05-26T21:58:18+00:00\",\"dateModified\":\"2021-07-08T21:59:49+00:00\",\"breadcrumb\":{\"@id\":\"https:\/\/www.carmelitaniscalzi.com\/pt-br\/2021\/05\/26\/avila-celebra-o-50o-aniversario-do-doutorado-de-santa-teresa-de-jesus\/#breadcrumb\"},\"inLanguage\":\"pt-BR\",\"potentialAction\":[{\"@type\":\"ReadAction\",\"target\":[\"https:\/\/www.carmelitaniscalzi.com\/pt-br\/2021\/05\/26\/avila-celebra-o-50o-aniversario-do-doutorado-de-santa-teresa-de-jesus\/\"]}]},{\"@type\":\"ImageObject\",\"inLanguage\":\"pt-BR\",\"@id\":\"https:\/\/www.carmelitaniscalzi.com\/pt-br\/2021\/05\/26\/avila-celebra-o-50o-aniversario-do-doutorado-de-santa-teresa-de-jesus\/#primaryimage\",\"url\":\"https:\/\/www.carmelitaniscalzi.com\/wp-content\/uploads\/2021\/07\/coper_congress.jpg\",\"contentUrl\":\"https:\/\/www.carmelitaniscalzi.com\/wp-content\/uploads\/2021\/07\/coper_congress.jpg\",\"width\":848,\"height\":600},{\"@type\":\"BreadcrumbList\",\"@id\":\"https:\/\/www.carmelitaniscalzi.com\/pt-br\/2021\/05\/26\/avila-celebra-o-50o-aniversario-do-doutorado-de-santa-teresa-de-jesus\/#breadcrumb\",\"itemListElement\":[{\"@type\":\"ListItem\",\"position\":1,\"name\":\"Home\",\"item\":\"https:\/\/www.carmelitaniscalzi.com\/pt-br\/\"},{\"@type\":\"ListItem\",\"position\":2,\"name\":\"\u00c1vila celebra o 50\u00ba anivers\u00e1rio do doutorado de Santa Teresa de Jesus\"}]},{\"@type\":\"WebSite\",\"@id\":\"https:\/\/www.carmelitaniscalzi.com\/#website\",\"url\":\"https:\/\/www.carmelitaniscalzi.com\/\",\"name\":\"CARMELITANI SCALZI - Curia Generale del Carmelo Teresiano\",\"description\":\"C\u00faria General\u00edcia do Carmelo Teresiano\",\"publisher\":{\"@id\":\"https:\/\/www.carmelitaniscalzi.com\/#organization\"},\"alternateName\":\"CARMELITANI SCALZI\",\"potentialAction\":[{\"@type\":\"SearchAction\",\"target\":{\"@type\":\"EntryPoint\",\"urlTemplate\":\"https:\/\/www.carmelitaniscalzi.com\/?s={search_term_string}\"},\"query-input\":{\"@type\":\"PropertyValueSpecification\",\"valueRequired\":true,\"valueName\":\"search_term_string\"}}],\"inLanguage\":\"pt-BR\"},{\"@type\":\"Organization\",\"@id\":\"https:\/\/www.carmelitaniscalzi.com\/#organization\",\"name\":\"CARMELITANI SCALZI - Curia Generale del Carmelo Teresiano\",\"url\":\"https:\/\/www.carmelitaniscalzi.com\/\",\"logo\":{\"@type\":\"ImageObject\",\"inLanguage\":\"pt-BR\",\"@id\":\"https:\/\/www.carmelitaniscalzi.com\/#\/schema\/logo\/image\/\",\"url\":\"https:\/\/www.carmelitaniscalzi.com\/wp-content\/uploads\/2025\/11\/login-logo.png\",\"contentUrl\":\"https:\/\/www.carmelitaniscalzi.com\/wp-content\/uploads\/2025\/11\/login-logo.png\",\"width\":256,\"height\":256,\"caption\":\"CARMELITANI SCALZI - Curia Generale del Carmelo Teresiano\"},\"image\":{\"@id\":\"https:\/\/www.carmelitaniscalzi.com\/#\/schema\/logo\/image\/\"},\"sameAs\":[\"https:\/\/www.facebook.com\/Curia-Generalizia-Carmelitani-Scalzi-658766940887784\/\",\"https:\/\/x.com\/ocdcuria\",\"https:\/\/www.youtube.com\/channel\/UC2J5ZL0ycOY0qBSTCLX_NGQ\/videos\",\"https:\/\/www.instagram.com\/ocdinform\/\"]},{\"@type\":\"Person\",\"@id\":\"https:\/\/www.carmelitaniscalzi.com\/#\/schema\/person\/6d1c0d9bea7b6625c437246a5d6da409\",\"name\":\"ocd web master\",\"image\":{\"@type\":\"ImageObject\",\"inLanguage\":\"pt-BR\",\"@id\":\"https:\/\/www.carmelitaniscalzi.com\/#\/schema\/person\/image\/\",\"url\":\"https:\/\/secure.gravatar.com\/avatar\/41fbc5f82bad909fbaf2984c43fa50d8519ac5853e25b454d022b6868f80d0e7?s=96&d=mm&r=g\",\"contentUrl\":\"https:\/\/secure.gravatar.com\/avatar\/41fbc5f82bad909fbaf2984c43fa50d8519ac5853e25b454d022b6868f80d0e7?s=96&d=mm&r=g\",\"caption\":\"ocd web master\"},\"url\":\"https:\/\/www.carmelitaniscalzi.com\/pt-br\/author\/ocdwebmaster\/\"}]}<\/script>\n<!-- \/ Yoast SEO plugin. -->","yoast_head_json":{"title":"\u00c1vila celebra o 50\u00ba anivers\u00e1rio do doutorado de Santa Teresa de Jesus - CARMELITAS DESCAL\u00c7OS","robots":{"index":"index","follow":"follow","max-snippet":"max-snippet:-1","max-image-preview":"max-image-preview:large","max-video-preview":"max-video-preview:-1"},"canonical":"https:\/\/www.carmelitaniscalzi.com\/pt-br\/2021\/05\/26\/avila-celebra-o-50o-aniversario-do-doutorado-de-santa-teresa-de-jesus\/","og_locale":"pt_BR","og_type":"article","og_title":"\u00c1vila celebra o 50\u00ba anivers\u00e1rio do doutorado de Santa Teresa de Jesus - CARMELITAS DESCAL\u00c7OS","og_description":"De 12 a 15 de abril, a cidade de \u00c1vila acolheu o Congresso Internacional &#8220;Santa Teresa de Jesus, &#8220;Mujer Excepcional&#8221;&#8221; por ocasi\u00e3o do 50\u00ba anivers\u00e1rio da proclama\u00e7\u00e3o de Santa Teresa de Jesus como Doutora da Igreja. No in\u00edcio do congresso, leu-se uma mensagem do Papa Francisco. Nele cumprimentou todos os participantes e afirmou que &#8220;a [&hellip;]","og_url":"https:\/\/www.carmelitaniscalzi.com\/pt-br\/2021\/05\/26\/avila-celebra-o-50o-aniversario-do-doutorado-de-santa-teresa-de-jesus\/","og_site_name":"CARMELITAS DESCAL\u00c7OS","article_publisher":"https:\/\/www.facebook.com\/Curia-Generalizia-Carmelitani-Scalzi-658766940887784\/","article_published_time":"2021-05-26T21:58:18+00:00","article_modified_time":"2021-07-08T21:59:49+00:00","og_image":[{"width":848,"height":600,"url":"https:\/\/www.carmelitaniscalzi.com\/wp-content\/uploads\/2021\/07\/coper_congress.jpg","type":"image\/jpeg"}],"author":"ocd web master","twitter_card":"summary_large_image","twitter_creator":"@ocdcuria","twitter_site":"@ocdcuria","twitter_misc":{"Escrito por":"ocd web master","Est. tempo de leitura":"2 minutos"},"schema":{"@context":"https:\/\/schema.org","@graph":[{"@type":"Article","@id":"https:\/\/www.carmelitaniscalzi.com\/pt-br\/2021\/05\/26\/avila-celebra-o-50o-aniversario-do-doutorado-de-santa-teresa-de-jesus\/#article","isPartOf":{"@id":"https:\/\/www.carmelitaniscalzi.com\/pt-br\/2021\/05\/26\/avila-celebra-o-50o-aniversario-do-doutorado-de-santa-teresa-de-jesus\/"},"author":{"name":"ocd web master","@id":"https:\/\/www.carmelitaniscalzi.com\/#\/schema\/person\/6d1c0d9bea7b6625c437246a5d6da409"},"headline":"\u00c1vila celebra o 50\u00ba anivers\u00e1rio do doutorado de Santa Teresa de Jesus","datePublished":"2021-05-26T21:58:18+00:00","dateModified":"2021-07-08T21:59:49+00:00","mainEntityOfPage":{"@id":"https:\/\/www.carmelitaniscalzi.com\/pt-br\/2021\/05\/26\/avila-celebra-o-50o-aniversario-do-doutorado-de-santa-teresa-de-jesus\/"},"wordCount":333,"publisher":{"@id":"https:\/\/www.carmelitaniscalzi.com\/#organization"},"image":{"@id":"https:\/\/www.carmelitaniscalzi.com\/pt-br\/2021\/05\/26\/avila-celebra-o-50o-aniversario-do-doutorado-de-santa-teresa-de-jesus\/#primaryimage"},"thumbnailUrl":"https:\/\/www.carmelitaniscalzi.com\/wp-content\/uploads\/2021\/07\/coper_congress.jpg","articleSection":["Not\u00edcias Frades","Not\u00edcias Monjas","Not\u00edcias OCDS","Not\u00edcias"],"inLanguage":"pt-BR"},{"@type":"WebPage","@id":"https:\/\/www.carmelitaniscalzi.com\/pt-br\/2021\/05\/26\/avila-celebra-o-50o-aniversario-do-doutorado-de-santa-teresa-de-jesus\/","url":"https:\/\/www.carmelitaniscalzi.com\/pt-br\/2021\/05\/26\/avila-celebra-o-50o-aniversario-do-doutorado-de-santa-teresa-de-jesus\/","name":"\u00c1vila celebra o 50\u00ba anivers\u00e1rio do doutorado de Santa Teresa de Jesus - CARMELITAS DESCAL\u00c7OS","isPartOf":{"@id":"https:\/\/www.carmelitaniscalzi.com\/#website"},"primaryImageOfPage":{"@id":"https:\/\/www.carmelitaniscalzi.com\/pt-br\/2021\/05\/26\/avila-celebra-o-50o-aniversario-do-doutorado-de-santa-teresa-de-jesus\/#primaryimage"},"image":{"@id":"https:\/\/www.carmelitaniscalzi.com\/pt-br\/2021\/05\/26\/avila-celebra-o-50o-aniversario-do-doutorado-de-santa-teresa-de-jesus\/#primaryimage"},"thumbnailUrl":"https:\/\/www.carmelitaniscalzi.com\/wp-content\/uploads\/2021\/07\/coper_congress.jpg","datePublished":"2021-05-26T21:58:18+00:00","dateModified":"2021-07-08T21:59:49+00:00","breadcrumb":{"@id":"https:\/\/www.carmelitaniscalzi.com\/pt-br\/2021\/05\/26\/avila-celebra-o-50o-aniversario-do-doutorado-de-santa-teresa-de-jesus\/#breadcrumb"},"inLanguage":"pt-BR","potentialAction":[{"@type":"ReadAction","target":["https:\/\/www.carmelitaniscalzi.com\/pt-br\/2021\/05\/26\/avila-celebra-o-50o-aniversario-do-doutorado-de-santa-teresa-de-jesus\/"]}]},{"@type":"ImageObject","inLanguage":"pt-BR","@id":"https:\/\/www.carmelitaniscalzi.com\/pt-br\/2021\/05\/26\/avila-celebra-o-50o-aniversario-do-doutorado-de-santa-teresa-de-jesus\/#primaryimage","url":"https:\/\/www.carmelitaniscalzi.com\/wp-content\/uploads\/2021\/07\/coper_congress.jpg","contentUrl":"https:\/\/www.carmelitaniscalzi.com\/wp-content\/uploads\/2021\/07\/coper_congress.jpg","width":848,"height":600},{"@type":"BreadcrumbList","@id":"https:\/\/www.carmelitaniscalzi.com\/pt-br\/2021\/05\/26\/avila-celebra-o-50o-aniversario-do-doutorado-de-santa-teresa-de-jesus\/#breadcrumb","itemListElement":[{"@type":"ListItem","position":1,"name":"Home","item":"https:\/\/www.carmelitaniscalzi.com\/pt-br\/"},{"@type":"ListItem","position":2,"name":"\u00c1vila celebra o 50\u00ba anivers\u00e1rio do doutorado de Santa Teresa de Jesus"}]},{"@type":"WebSite","@id":"https:\/\/www.carmelitaniscalzi.com\/#website","url":"https:\/\/www.carmelitaniscalzi.com\/","name":"CARMELITANI SCALZI - Curia Generale del Carmelo Teresiano","description":"C\u00faria General\u00edcia do Carmelo Teresiano","publisher":{"@id":"https:\/\/www.carmelitaniscalzi.com\/#organization"},"alternateName":"CARMELITANI SCALZI","potentialAction":[{"@type":"SearchAction","target":{"@type":"EntryPoint","urlTemplate":"https:\/\/www.carmelitaniscalzi.com\/?s={search_term_string}"},"query-input":{"@type":"PropertyValueSpecification","valueRequired":true,"valueName":"search_term_string"}}],"inLanguage":"pt-BR"},{"@type":"Organization","@id":"https:\/\/www.carmelitaniscalzi.com\/#organization","name":"CARMELITANI SCALZI - Curia Generale del Carmelo Teresiano","url":"https:\/\/www.carmelitaniscalzi.com\/","logo":{"@type":"ImageObject","inLanguage":"pt-BR","@id":"https:\/\/www.carmelitaniscalzi.com\/#\/schema\/logo\/image\/","url":"https:\/\/www.carmelitaniscalzi.com\/wp-content\/uploads\/2025\/11\/login-logo.png","contentUrl":"https:\/\/www.carmelitaniscalzi.com\/wp-content\/uploads\/2025\/11\/login-logo.png","width":256,"height":256,"caption":"CARMELITANI SCALZI - Curia Generale del Carmelo Teresiano"},"image":{"@id":"https:\/\/www.carmelitaniscalzi.com\/#\/schema\/logo\/image\/"},"sameAs":["https:\/\/www.facebook.com\/Curia-Generalizia-Carmelitani-Scalzi-658766940887784\/","https:\/\/x.com\/ocdcuria","https:\/\/www.youtube.com\/channel\/UC2J5ZL0ycOY0qBSTCLX_NGQ\/videos","https:\/\/www.instagram.com\/ocdinform\/"]},{"@type":"Person","@id":"https:\/\/www.carmelitaniscalzi.com\/#\/schema\/person\/6d1c0d9bea7b6625c437246a5d6da409","name":"ocd web master","image":{"@type":"ImageObject","inLanguage":"pt-BR","@id":"https:\/\/www.carmelitaniscalzi.com\/#\/schema\/person\/image\/","url":"https:\/\/secure.gravatar.com\/avatar\/41fbc5f82bad909fbaf2984c43fa50d8519ac5853e25b454d022b6868f80d0e7?s=96&d=mm&r=g","contentUrl":"https:\/\/secure.gravatar.com\/avatar\/41fbc5f82bad909fbaf2984c43fa50d8519ac5853e25b454d022b6868f80d0e7?s=96&d=mm&r=g","caption":"ocd web master"},"url":"https:\/\/www.carmelitaniscalzi.com\/pt-br\/author\/ocdwebmaster\/"}]}},"_links":{"self":[{"href":"https:\/\/www.carmelitaniscalzi.com\/pt-br\/wp-json\/wp\/v2\/posts\/69409","targetHints":{"allow":["GET"]}}],"collection":[{"href":"https:\/\/www.carmelitaniscalzi.com\/pt-br\/wp-json\/wp\/v2\/posts"}],"about":[{"href":"https:\/\/www.carmelitaniscalzi.com\/pt-br\/wp-json\/wp\/v2\/types\/post"}],"author":[{"embeddable":true,"href":"https:\/\/www.carmelitaniscalzi.com\/pt-br\/wp-json\/wp\/v2\/users\/7"}],"replies":[{"embeddable":true,"href":"https:\/\/www.carmelitaniscalzi.com\/pt-br\/wp-json\/wp\/v2\/comments?post=69409"}],"version-history":[{"count":1,"href":"https:\/\/www.carmelitaniscalzi.com\/pt-br\/wp-json\/wp\/v2\/posts\/69409\/revisions"}],"predecessor-version":[{"id":69410,"href":"https:\/\/www.carmelitaniscalzi.com\/pt-br\/wp-json\/wp\/v2\/posts\/69409\/revisions\/69410"}],"wp:featuredmedia":[{"embeddable":true,"href":"https:\/\/www.carmelitaniscalzi.com\/pt-br\/wp-json\/wp\/v2\/media\/69251"}],"wp:attachment":[{"href":"https:\/\/www.carmelitaniscalzi.com\/pt-br\/wp-json\/wp\/v2\/media?parent=69409"}],"wp:term":[{"taxonomy":"category","embeddable":true,"href":"https:\/\/www.carmelitaniscalzi.com\/pt-br\/wp-json\/wp\/v2\/categories?post=69409"},{"taxonomy":"post_tag","embeddable":true,"href":"https:\/\/www.carmelitaniscalzi.com\/pt-br\/wp-json\/wp\/v2\/tags?post=69409"}],"curies":[{"name":"wp","href":"https:\/\/api.w.org\/{rel}","templated":true}]}}