{"id":571125,"date":"2026-03-04T06:02:18","date_gmt":"2026-03-04T05:02:18","guid":{"rendered":"https:\/\/www.carmelitaniscalzi.com\/?p=571125"},"modified":"2026-03-05T06:02:45","modified_gmt":"2026-03-05T05:02:45","slug":"espanha-o-rosto-autentico-de-sao-joao-da-cruz","status":"publish","type":"post","link":"https:\/\/www.carmelitaniscalzi.com\/pt-br\/2026\/03\/04\/espanha-o-rosto-autentico-de-sao-joao-da-cruz\/","title":{"rendered":"Espanha: o rosto aut\u00eantico de S\u00e3o Jo\u00e3o da Cruz"},"content":{"rendered":"<p>A exposi\u00e7\u00e3o <em>San Juan de la Cruz, esperanza de alto vuelo<\/em>, que pode ser vista em Alba de Tormes no contexto dos centen\u00e1rios sanjuanistas, integra um dos elementos mais importantes do ponto de vista hist\u00f3rico e cient\u00edfico: a reconstitui\u00e7\u00e3o do rosto de S\u00e3o Jo\u00e3o da Cruz.<\/p>\n<p>O estudo \u2013 intitulado <em>Fisionom\u00eda original de San Juan de la Cruz <\/em>\u2013 retra\u00e7a o processo que permitiu a aproxima\u00e7\u00e3o ao verdadeiro rosto do Doutor m\u00edstico. Esse processo come\u00e7ou em Seg\u00f3via em 1992, por ocasi\u00e3o do IV\u00ba centen\u00e1rio de sua morte, com o reconhecimento can\u00f4nico. Sob a dire\u00e7\u00e3o do doutor Massimo Benedettucci, a reconstru\u00e7\u00e3o cient\u00edfica do rosto foi realizada a partir do cr\u00e2nio de S\u00e3o Jo\u00e3o da Cruz.<\/p>\n<p>A t\u00e9cnica utilizada consistia em realizar um molde de gesso, reconstruir anatomicamente os m\u00fasculos e os tecidos moles e interpretar os tra\u00e7os n\u00e3o diretamente definidos pela estrutura \u00f3ssea, apoiando-se em descri\u00e7\u00f5es hist\u00f3ricas, especialmente as do Padre Jer\u00f4nimo de S\u00e3o Jos\u00e9 (Ezquerra de Rozas). A reconstru\u00e7\u00e3o foi transformada em busto com a ajuda da t\u00e9cnica da cera na <em>Fonderia Artistica Cavallari <\/em>de Roma. O artista Alejandro L\u00f3pez Araguez realizou um busto em policromia tradicional a \u00f3leo, trazendo mais realismo e profundidade expressiva ao conjunto.<\/p>\n<p>&nbsp;<\/p>\n<div class=\"wpmf-gallerys wpmf-gallerys-life \" ><div id=\"gallery-1\"\n data-gutter-width=\"5\"\n  data-wpmfcolumns=\"3\" class=\"wpmf-gallery gallery-link-file gallery_life gallery-masonry gallery-columns-3 gallery-size-thumbnail wpmf-gallery-bottomspace-default wpmf-gallery-clear wpmf-has-border-radius-0 wpmf-gutterwidth-5\"><div class=\"wpmf-gallery-item\n     wpmf-gallery-item-position-0 wpmf-gallery-item-attachment-570961\" data-index=\"0\"><div class=\"wpmf-gallery-icon\"><a class=\" not_video noLightbox\" data-lightbox=\"1\" data-href=\"https:\/\/www.carmelitaniscalzi.com\/wp-content\/uploads\/2026\/03\/Giovanni-1.png\" title=\"Giovanni 1\" target=\"_self\" data-index=\"0\"><img decoding=\"async\" class=\"wpmf_img\" alt=\"Giovanni 1\" src=\"https:\/\/www.carmelitaniscalzi.com\/wp-content\/uploads\/2026\/03\/Giovanni-1-150x150.png\" data-type=\"wpmfgalleryimg\" data-lazy-src=\"https:\/\/www.carmelitaniscalzi.com\/wp-content\/uploads\/2026\/03\/Giovanni-1-150x150.png\"><\/a><\/div><\/div><div class=\"wpmf-gallery-item\n     wpmf-gallery-item-position-1 wpmf-gallery-item-attachment-570967\" data-index=\"1\"><div class=\"wpmf-gallery-icon\"><a class=\" not_video noLightbox\" data-lightbox=\"1\" data-href=\"https:\/\/www.carmelitaniscalzi.com\/wp-content\/uploads\/2026\/03\/Giovanni-2.jpg\" title=\"Giovanni 2\" target=\"_self\" data-index=\"1\"><img decoding=\"async\" class=\"wpmf_img\" alt=\"Giovanni 2\" src=\"https:\/\/www.carmelitaniscalzi.com\/wp-content\/uploads\/2026\/03\/Giovanni-2-150x150.jpg\" data-type=\"wpmfgalleryimg\" data-lazy-src=\"https:\/\/www.carmelitaniscalzi.com\/wp-content\/uploads\/2026\/03\/Giovanni-2-150x150.jpg\"><\/a><\/div><\/div><div class=\"wpmf-gallery-item\n     wpmf-gallery-item-position-2 wpmf-gallery-item-attachment-570973\" data-index=\"2\"><div class=\"wpmf-gallery-icon\"><a class=\" not_video noLightbox\" data-lightbox=\"1\" data-href=\"https:\/\/www.carmelitaniscalzi.com\/wp-content\/uploads\/2026\/03\/Giovanni-3.jpg\" title=\"Giovanni 3\" target=\"_self\" data-index=\"2\"><img decoding=\"async\" class=\"wpmf_img\" alt=\"Giovanni 3\" src=\"https:\/\/www.carmelitaniscalzi.com\/wp-content\/uploads\/2026\/03\/Giovanni-3-150x150.jpg\" data-type=\"wpmfgalleryimg\" data-lazy-src=\"https:\/\/www.carmelitaniscalzi.com\/wp-content\/uploads\/2026\/03\/Giovanni-3-150x150.jpg\"><\/a><\/div><\/div><\/div><\/div>\n\n","protected":false},"excerpt":{"rendered":"<p>A exposi\u00e7\u00e3o San Juan de la Cruz, esperanza de alto vuelo, que pode ser vista em Alba de Tormes no contexto dos centen\u00e1rios sanjuanistas, integra um dos elementos mais importantes do ponto de vista hist\u00f3rico e cient\u00edfico: a reconstitui\u00e7\u00e3o do rosto de S\u00e3o Jo\u00e3o da Cruz. O estudo \u2013 intitulado Fisionom\u00eda original de San Juan [&hellip;]<\/p>\n","protected":false},"author":7,"featured_media":570955,"comment_status":"closed","ping_status":"closed","sticky":false,"template":"","format":"standard","meta":{"_acf_changed":false,"footnotes":""},"categories":[235,373],"tags":[],"class_list":["post-571125","post","type-post","status-publish","format-standard","has-post-thumbnail","hentry","category-noticias-frades","category-noticias"],"acf":[],"yoast_head":"<!-- This site is optimized with the Yoast SEO plugin v26.3 - https:\/\/yoast.com\/wordpress\/plugins\/seo\/ -->\n<title>Espanha: o rosto aut\u00eantico de S\u00e3o Jo\u00e3o da Cruz - CARMELITAS DESCAL\u00c7OS<\/title>\n<meta name=\"robots\" content=\"index, follow, max-snippet:-1, max-image-preview:large, max-video-preview:-1\" \/>\n<link rel=\"canonical\" href=\"https:\/\/www.carmelitaniscalzi.com\/pt-br\/2026\/03\/04\/espanha-o-rosto-autentico-de-sao-joao-da-cruz\/\" \/>\n<meta property=\"og:locale\" content=\"pt_BR\" \/>\n<meta property=\"og:type\" content=\"article\" \/>\n<meta property=\"og:title\" content=\"Espanha: o rosto aut\u00eantico de S\u00e3o Jo\u00e3o da Cruz - CARMELITAS DESCAL\u00c7OS\" \/>\n<meta property=\"og:description\" content=\"A exposi\u00e7\u00e3o San Juan de la Cruz, esperanza de alto vuelo, que pode ser vista em Alba de Tormes no contexto dos centen\u00e1rios sanjuanistas, integra um dos elementos mais importantes do ponto de vista hist\u00f3rico e cient\u00edfico: a reconstitui\u00e7\u00e3o do rosto de S\u00e3o Jo\u00e3o da Cruz. O estudo \u2013 intitulado Fisionom\u00eda original de San Juan [&hellip;]\" \/>\n<meta property=\"og:url\" content=\"https:\/\/www.carmelitaniscalzi.com\/pt-br\/2026\/03\/04\/espanha-o-rosto-autentico-de-sao-joao-da-cruz\/\" \/>\n<meta property=\"og:site_name\" content=\"CARMELITAS DESCAL\u00c7OS\" \/>\n<meta property=\"article:publisher\" content=\"https:\/\/www.facebook.com\/Curia-Generalizia-Carmelitani-Scalzi-658766940887784\/\" \/>\n<meta property=\"article:published_time\" content=\"2026-03-04T05:02:18+00:00\" \/>\n<meta property=\"article:modified_time\" content=\"2026-03-05T05:02:45+00:00\" \/>\n<meta property=\"og:image\" content=\"https:\/\/www.carmelitaniscalzi.com\/wp-content\/uploads\/2026\/03\/cover_giovanni_02.2026.jpg\" \/>\n\t<meta property=\"og:image:width\" content=\"1200\" \/>\n\t<meta property=\"og:image:height\" content=\"800\" \/>\n\t<meta property=\"og:image:type\" content=\"image\/jpeg\" \/>\n<meta name=\"author\" content=\"ocd web master\" \/>\n<meta name=\"twitter:card\" content=\"summary_large_image\" \/>\n<meta name=\"twitter:creator\" content=\"@ocdcuria\" \/>\n<meta name=\"twitter:site\" content=\"@ocdcuria\" \/>\n<meta name=\"twitter:label1\" content=\"Escrito por\" \/>\n\t<meta name=\"twitter:data1\" content=\"ocd web master\" \/>\n\t<meta name=\"twitter:label2\" content=\"Est. tempo de leitura\" \/>\n\t<meta name=\"twitter:data2\" content=\"2 minutos\" \/>\n<script type=\"application\/ld+json\" class=\"yoast-schema-graph\">{\"@context\":\"https:\/\/schema.org\",\"@graph\":[{\"@type\":\"Article\",\"@id\":\"https:\/\/www.carmelitaniscalzi.com\/pt-br\/2026\/03\/04\/espanha-o-rosto-autentico-de-sao-joao-da-cruz\/#article\",\"isPartOf\":{\"@id\":\"https:\/\/www.carmelitaniscalzi.com\/pt-br\/2026\/03\/04\/espanha-o-rosto-autentico-de-sao-joao-da-cruz\/\"},\"author\":{\"name\":\"ocd web master\",\"@id\":\"https:\/\/www.carmelitaniscalzi.com\/#\/schema\/person\/6d1c0d9bea7b6625c437246a5d6da409\"},\"headline\":\"Espanha: o rosto aut\u00eantico de S\u00e3o Jo\u00e3o da Cruz\",\"datePublished\":\"2026-03-04T05:02:18+00:00\",\"dateModified\":\"2026-03-05T05:02:45+00:00\",\"mainEntityOfPage\":{\"@id\":\"https:\/\/www.carmelitaniscalzi.com\/pt-br\/2026\/03\/04\/espanha-o-rosto-autentico-de-sao-joao-da-cruz\/\"},\"wordCount\":249,\"publisher\":{\"@id\":\"https:\/\/www.carmelitaniscalzi.com\/#organization\"},\"image\":{\"@id\":\"https:\/\/www.carmelitaniscalzi.com\/pt-br\/2026\/03\/04\/espanha-o-rosto-autentico-de-sao-joao-da-cruz\/#primaryimage\"},\"thumbnailUrl\":\"https:\/\/www.carmelitaniscalzi.com\/wp-content\/uploads\/2026\/03\/cover_giovanni_02.2026.jpg\",\"articleSection\":[\"Not\u00edcias Frades\",\"Not\u00edcias\"],\"inLanguage\":\"pt-BR\"},{\"@type\":\"WebPage\",\"@id\":\"https:\/\/www.carmelitaniscalzi.com\/pt-br\/2026\/03\/04\/espanha-o-rosto-autentico-de-sao-joao-da-cruz\/\",\"url\":\"https:\/\/www.carmelitaniscalzi.com\/pt-br\/2026\/03\/04\/espanha-o-rosto-autentico-de-sao-joao-da-cruz\/\",\"name\":\"Espanha: o rosto aut\u00eantico de S\u00e3o Jo\u00e3o da Cruz - CARMELITAS DESCAL\u00c7OS\",\"isPartOf\":{\"@id\":\"https:\/\/www.carmelitaniscalzi.com\/#website\"},\"primaryImageOfPage\":{\"@id\":\"https:\/\/www.carmelitaniscalzi.com\/pt-br\/2026\/03\/04\/espanha-o-rosto-autentico-de-sao-joao-da-cruz\/#primaryimage\"},\"image\":{\"@id\":\"https:\/\/www.carmelitaniscalzi.com\/pt-br\/2026\/03\/04\/espanha-o-rosto-autentico-de-sao-joao-da-cruz\/#primaryimage\"},\"thumbnailUrl\":\"https:\/\/www.carmelitaniscalzi.com\/wp-content\/uploads\/2026\/03\/cover_giovanni_02.2026.jpg\",\"datePublished\":\"2026-03-04T05:02:18+00:00\",\"dateModified\":\"2026-03-05T05:02:45+00:00\",\"breadcrumb\":{\"@id\":\"https:\/\/www.carmelitaniscalzi.com\/pt-br\/2026\/03\/04\/espanha-o-rosto-autentico-de-sao-joao-da-cruz\/#breadcrumb\"},\"inLanguage\":\"pt-BR\",\"potentialAction\":[{\"@type\":\"ReadAction\",\"target\":[\"https:\/\/www.carmelitaniscalzi.com\/pt-br\/2026\/03\/04\/espanha-o-rosto-autentico-de-sao-joao-da-cruz\/\"]}]},{\"@type\":\"ImageObject\",\"inLanguage\":\"pt-BR\",\"@id\":\"https:\/\/www.carmelitaniscalzi.com\/pt-br\/2026\/03\/04\/espanha-o-rosto-autentico-de-sao-joao-da-cruz\/#primaryimage\",\"url\":\"https:\/\/www.carmelitaniscalzi.com\/wp-content\/uploads\/2026\/03\/cover_giovanni_02.2026.jpg\",\"contentUrl\":\"https:\/\/www.carmelitaniscalzi.com\/wp-content\/uploads\/2026\/03\/cover_giovanni_02.2026.jpg\",\"width\":1200,\"height\":800},{\"@type\":\"BreadcrumbList\",\"@id\":\"https:\/\/www.carmelitaniscalzi.com\/pt-br\/2026\/03\/04\/espanha-o-rosto-autentico-de-sao-joao-da-cruz\/#breadcrumb\",\"itemListElement\":[{\"@type\":\"ListItem\",\"position\":1,\"name\":\"Home\",\"item\":\"https:\/\/www.carmelitaniscalzi.com\/pt-br\/\"},{\"@type\":\"ListItem\",\"position\":2,\"name\":\"Espanha: o rosto aut\u00eantico de S\u00e3o Jo\u00e3o da Cruz\"}]},{\"@type\":\"WebSite\",\"@id\":\"https:\/\/www.carmelitaniscalzi.com\/#website\",\"url\":\"https:\/\/www.carmelitaniscalzi.com\/\",\"name\":\"CARMELITANI SCALZI - Curia Generale del Carmelo Teresiano\",\"description\":\"C\u00faria General\u00edcia do Carmelo Teresiano\",\"publisher\":{\"@id\":\"https:\/\/www.carmelitaniscalzi.com\/#organization\"},\"alternateName\":\"CARMELITANI SCALZI\",\"potentialAction\":[{\"@type\":\"SearchAction\",\"target\":{\"@type\":\"EntryPoint\",\"urlTemplate\":\"https:\/\/www.carmelitaniscalzi.com\/?s={search_term_string}\"},\"query-input\":{\"@type\":\"PropertyValueSpecification\",\"valueRequired\":true,\"valueName\":\"search_term_string\"}}],\"inLanguage\":\"pt-BR\"},{\"@type\":\"Organization\",\"@id\":\"https:\/\/www.carmelitaniscalzi.com\/#organization\",\"name\":\"CARMELITANI SCALZI - Curia Generale del Carmelo Teresiano\",\"url\":\"https:\/\/www.carmelitaniscalzi.com\/\",\"logo\":{\"@type\":\"ImageObject\",\"inLanguage\":\"pt-BR\",\"@id\":\"https:\/\/www.carmelitaniscalzi.com\/#\/schema\/logo\/image\/\",\"url\":\"https:\/\/www.carmelitaniscalzi.com\/wp-content\/uploads\/2025\/11\/login-logo.png\",\"contentUrl\":\"https:\/\/www.carmelitaniscalzi.com\/wp-content\/uploads\/2025\/11\/login-logo.png\",\"width\":256,\"height\":256,\"caption\":\"CARMELITANI SCALZI - Curia Generale del Carmelo Teresiano\"},\"image\":{\"@id\":\"https:\/\/www.carmelitaniscalzi.com\/#\/schema\/logo\/image\/\"},\"sameAs\":[\"https:\/\/www.facebook.com\/Curia-Generalizia-Carmelitani-Scalzi-658766940887784\/\",\"https:\/\/x.com\/ocdcuria\",\"https:\/\/www.youtube.com\/channel\/UC2J5ZL0ycOY0qBSTCLX_NGQ\/videos\",\"https:\/\/www.instagram.com\/ocdinform\/\"]},{\"@type\":\"Person\",\"@id\":\"https:\/\/www.carmelitaniscalzi.com\/#\/schema\/person\/6d1c0d9bea7b6625c437246a5d6da409\",\"name\":\"ocd web master\",\"image\":{\"@type\":\"ImageObject\",\"inLanguage\":\"pt-BR\",\"@id\":\"https:\/\/www.carmelitaniscalzi.com\/#\/schema\/person\/image\/\",\"url\":\"https:\/\/secure.gravatar.com\/avatar\/41fbc5f82bad909fbaf2984c43fa50d8519ac5853e25b454d022b6868f80d0e7?s=96&d=mm&r=g\",\"contentUrl\":\"https:\/\/secure.gravatar.com\/avatar\/41fbc5f82bad909fbaf2984c43fa50d8519ac5853e25b454d022b6868f80d0e7?s=96&d=mm&r=g\",\"caption\":\"ocd web master\"},\"url\":\"https:\/\/www.carmelitaniscalzi.com\/pt-br\/author\/ocdwebmaster\/\"}]}<\/script>\n<!-- \/ Yoast SEO plugin. -->","yoast_head_json":{"title":"Espanha: o rosto aut\u00eantico de S\u00e3o Jo\u00e3o da Cruz - CARMELITAS DESCAL\u00c7OS","robots":{"index":"index","follow":"follow","max-snippet":"max-snippet:-1","max-image-preview":"max-image-preview:large","max-video-preview":"max-video-preview:-1"},"canonical":"https:\/\/www.carmelitaniscalzi.com\/pt-br\/2026\/03\/04\/espanha-o-rosto-autentico-de-sao-joao-da-cruz\/","og_locale":"pt_BR","og_type":"article","og_title":"Espanha: o rosto aut\u00eantico de S\u00e3o Jo\u00e3o da Cruz - CARMELITAS DESCAL\u00c7OS","og_description":"A exposi\u00e7\u00e3o San Juan de la Cruz, esperanza de alto vuelo, que pode ser vista em Alba de Tormes no contexto dos centen\u00e1rios sanjuanistas, integra um dos elementos mais importantes do ponto de vista hist\u00f3rico e cient\u00edfico: a reconstitui\u00e7\u00e3o do rosto de S\u00e3o Jo\u00e3o da Cruz. O estudo \u2013 intitulado Fisionom\u00eda original de San Juan [&hellip;]","og_url":"https:\/\/www.carmelitaniscalzi.com\/pt-br\/2026\/03\/04\/espanha-o-rosto-autentico-de-sao-joao-da-cruz\/","og_site_name":"CARMELITAS DESCAL\u00c7OS","article_publisher":"https:\/\/www.facebook.com\/Curia-Generalizia-Carmelitani-Scalzi-658766940887784\/","article_published_time":"2026-03-04T05:02:18+00:00","article_modified_time":"2026-03-05T05:02:45+00:00","og_image":[{"width":1200,"height":800,"url":"https:\/\/www.carmelitaniscalzi.com\/wp-content\/uploads\/2026\/03\/cover_giovanni_02.2026.jpg","type":"image\/jpeg"}],"author":"ocd web master","twitter_card":"summary_large_image","twitter_creator":"@ocdcuria","twitter_site":"@ocdcuria","twitter_misc":{"Escrito por":"ocd web master","Est. tempo de leitura":"2 minutos"},"schema":{"@context":"https:\/\/schema.org","@graph":[{"@type":"Article","@id":"https:\/\/www.carmelitaniscalzi.com\/pt-br\/2026\/03\/04\/espanha-o-rosto-autentico-de-sao-joao-da-cruz\/#article","isPartOf":{"@id":"https:\/\/www.carmelitaniscalzi.com\/pt-br\/2026\/03\/04\/espanha-o-rosto-autentico-de-sao-joao-da-cruz\/"},"author":{"name":"ocd web master","@id":"https:\/\/www.carmelitaniscalzi.com\/#\/schema\/person\/6d1c0d9bea7b6625c437246a5d6da409"},"headline":"Espanha: o rosto aut\u00eantico de S\u00e3o Jo\u00e3o da Cruz","datePublished":"2026-03-04T05:02:18+00:00","dateModified":"2026-03-05T05:02:45+00:00","mainEntityOfPage":{"@id":"https:\/\/www.carmelitaniscalzi.com\/pt-br\/2026\/03\/04\/espanha-o-rosto-autentico-de-sao-joao-da-cruz\/"},"wordCount":249,"publisher":{"@id":"https:\/\/www.carmelitaniscalzi.com\/#organization"},"image":{"@id":"https:\/\/www.carmelitaniscalzi.com\/pt-br\/2026\/03\/04\/espanha-o-rosto-autentico-de-sao-joao-da-cruz\/#primaryimage"},"thumbnailUrl":"https:\/\/www.carmelitaniscalzi.com\/wp-content\/uploads\/2026\/03\/cover_giovanni_02.2026.jpg","articleSection":["Not\u00edcias Frades","Not\u00edcias"],"inLanguage":"pt-BR"},{"@type":"WebPage","@id":"https:\/\/www.carmelitaniscalzi.com\/pt-br\/2026\/03\/04\/espanha-o-rosto-autentico-de-sao-joao-da-cruz\/","url":"https:\/\/www.carmelitaniscalzi.com\/pt-br\/2026\/03\/04\/espanha-o-rosto-autentico-de-sao-joao-da-cruz\/","name":"Espanha: o rosto aut\u00eantico de S\u00e3o Jo\u00e3o da Cruz - CARMELITAS DESCAL\u00c7OS","isPartOf":{"@id":"https:\/\/www.carmelitaniscalzi.com\/#website"},"primaryImageOfPage":{"@id":"https:\/\/www.carmelitaniscalzi.com\/pt-br\/2026\/03\/04\/espanha-o-rosto-autentico-de-sao-joao-da-cruz\/#primaryimage"},"image":{"@id":"https:\/\/www.carmelitaniscalzi.com\/pt-br\/2026\/03\/04\/espanha-o-rosto-autentico-de-sao-joao-da-cruz\/#primaryimage"},"thumbnailUrl":"https:\/\/www.carmelitaniscalzi.com\/wp-content\/uploads\/2026\/03\/cover_giovanni_02.2026.jpg","datePublished":"2026-03-04T05:02:18+00:00","dateModified":"2026-03-05T05:02:45+00:00","breadcrumb":{"@id":"https:\/\/www.carmelitaniscalzi.com\/pt-br\/2026\/03\/04\/espanha-o-rosto-autentico-de-sao-joao-da-cruz\/#breadcrumb"},"inLanguage":"pt-BR","potentialAction":[{"@type":"ReadAction","target":["https:\/\/www.carmelitaniscalzi.com\/pt-br\/2026\/03\/04\/espanha-o-rosto-autentico-de-sao-joao-da-cruz\/"]}]},{"@type":"ImageObject","inLanguage":"pt-BR","@id":"https:\/\/www.carmelitaniscalzi.com\/pt-br\/2026\/03\/04\/espanha-o-rosto-autentico-de-sao-joao-da-cruz\/#primaryimage","url":"https:\/\/www.carmelitaniscalzi.com\/wp-content\/uploads\/2026\/03\/cover_giovanni_02.2026.jpg","contentUrl":"https:\/\/www.carmelitaniscalzi.com\/wp-content\/uploads\/2026\/03\/cover_giovanni_02.2026.jpg","width":1200,"height":800},{"@type":"BreadcrumbList","@id":"https:\/\/www.carmelitaniscalzi.com\/pt-br\/2026\/03\/04\/espanha-o-rosto-autentico-de-sao-joao-da-cruz\/#breadcrumb","itemListElement":[{"@type":"ListItem","position":1,"name":"Home","item":"https:\/\/www.carmelitaniscalzi.com\/pt-br\/"},{"@type":"ListItem","position":2,"name":"Espanha: o rosto aut\u00eantico de S\u00e3o Jo\u00e3o da Cruz"}]},{"@type":"WebSite","@id":"https:\/\/www.carmelitaniscalzi.com\/#website","url":"https:\/\/www.carmelitaniscalzi.com\/","name":"CARMELITANI SCALZI - Curia Generale del Carmelo Teresiano","description":"C\u00faria General\u00edcia do Carmelo Teresiano","publisher":{"@id":"https:\/\/www.carmelitaniscalzi.com\/#organization"},"alternateName":"CARMELITANI SCALZI","potentialAction":[{"@type":"SearchAction","target":{"@type":"EntryPoint","urlTemplate":"https:\/\/www.carmelitaniscalzi.com\/?s={search_term_string}"},"query-input":{"@type":"PropertyValueSpecification","valueRequired":true,"valueName":"search_term_string"}}],"inLanguage":"pt-BR"},{"@type":"Organization","@id":"https:\/\/www.carmelitaniscalzi.com\/#organization","name":"CARMELITANI SCALZI - Curia Generale del Carmelo Teresiano","url":"https:\/\/www.carmelitaniscalzi.com\/","logo":{"@type":"ImageObject","inLanguage":"pt-BR","@id":"https:\/\/www.carmelitaniscalzi.com\/#\/schema\/logo\/image\/","url":"https:\/\/www.carmelitaniscalzi.com\/wp-content\/uploads\/2025\/11\/login-logo.png","contentUrl":"https:\/\/www.carmelitaniscalzi.com\/wp-content\/uploads\/2025\/11\/login-logo.png","width":256,"height":256,"caption":"CARMELITANI SCALZI - Curia Generale del Carmelo Teresiano"},"image":{"@id":"https:\/\/www.carmelitaniscalzi.com\/#\/schema\/logo\/image\/"},"sameAs":["https:\/\/www.facebook.com\/Curia-Generalizia-Carmelitani-Scalzi-658766940887784\/","https:\/\/x.com\/ocdcuria","https:\/\/www.youtube.com\/channel\/UC2J5ZL0ycOY0qBSTCLX_NGQ\/videos","https:\/\/www.instagram.com\/ocdinform\/"]},{"@type":"Person","@id":"https:\/\/www.carmelitaniscalzi.com\/#\/schema\/person\/6d1c0d9bea7b6625c437246a5d6da409","name":"ocd web master","image":{"@type":"ImageObject","inLanguage":"pt-BR","@id":"https:\/\/www.carmelitaniscalzi.com\/#\/schema\/person\/image\/","url":"https:\/\/secure.gravatar.com\/avatar\/41fbc5f82bad909fbaf2984c43fa50d8519ac5853e25b454d022b6868f80d0e7?s=96&d=mm&r=g","contentUrl":"https:\/\/secure.gravatar.com\/avatar\/41fbc5f82bad909fbaf2984c43fa50d8519ac5853e25b454d022b6868f80d0e7?s=96&d=mm&r=g","caption":"ocd web master"},"url":"https:\/\/www.carmelitaniscalzi.com\/pt-br\/author\/ocdwebmaster\/"}]}},"_links":{"self":[{"href":"https:\/\/www.carmelitaniscalzi.com\/pt-br\/wp-json\/wp\/v2\/posts\/571125","targetHints":{"allow":["GET"]}}],"collection":[{"href":"https:\/\/www.carmelitaniscalzi.com\/pt-br\/wp-json\/wp\/v2\/posts"}],"about":[{"href":"https:\/\/www.carmelitaniscalzi.com\/pt-br\/wp-json\/wp\/v2\/types\/post"}],"author":[{"embeddable":true,"href":"https:\/\/www.carmelitaniscalzi.com\/pt-br\/wp-json\/wp\/v2\/users\/7"}],"replies":[{"embeddable":true,"href":"https:\/\/www.carmelitaniscalzi.com\/pt-br\/wp-json\/wp\/v2\/comments?post=571125"}],"version-history":[{"count":1,"href":"https:\/\/www.carmelitaniscalzi.com\/pt-br\/wp-json\/wp\/v2\/posts\/571125\/revisions"}],"predecessor-version":[{"id":571126,"href":"https:\/\/www.carmelitaniscalzi.com\/pt-br\/wp-json\/wp\/v2\/posts\/571125\/revisions\/571126"}],"wp:featuredmedia":[{"embeddable":true,"href":"https:\/\/www.carmelitaniscalzi.com\/pt-br\/wp-json\/wp\/v2\/media\/570955"}],"wp:attachment":[{"href":"https:\/\/www.carmelitaniscalzi.com\/pt-br\/wp-json\/wp\/v2\/media?parent=571125"}],"wp:term":[{"taxonomy":"category","embeddable":true,"href":"https:\/\/www.carmelitaniscalzi.com\/pt-br\/wp-json\/wp\/v2\/categories?post=571125"},{"taxonomy":"post_tag","embeddable":true,"href":"https:\/\/www.carmelitaniscalzi.com\/pt-br\/wp-json\/wp\/v2\/tags?post=571125"}],"curies":[{"name":"wp","href":"https:\/\/api.w.org\/{rel}","templated":true}]}}