{"id":548290,"date":"2026-01-08T00:15:34","date_gmt":"2026-01-07T23:15:34","guid":{"rendered":"https:\/\/www.carmelitaniscalzi.com\/?p=548290"},"modified":"2026-01-05T00:02:10","modified_gmt":"2026-01-04T23:02:10","slug":"espanha-abertura-do-ano-jubilar-sanjuanista","status":"publish","type":"post","link":"https:\/\/www.carmelitaniscalzi.com\/pt-br\/2026\/01\/08\/espanha-abertura-do-ano-jubilar-sanjuanista\/","title":{"rendered":"Espanha: abertura do Ano Jubilar sanjuanista"},"content":{"rendered":"<p>No dia 13 de dezembro, em <em>Seg\u00f3via<\/em>, junto ao t\u00famulo de S\u00e3o Jo\u00e3o da Cruz, celebrou-se a Eucaristia solene e a abertura da Porta Santa, sinal vis\u00edvel do in\u00edcio oficial dos Centen\u00e1rios Sanjuanistas. A celebra\u00e7\u00e3o foi presidida pelo Bispo de Seg\u00f3via, Mons. Jes\u00fas Vidal Chamorro, acompanhado pelo Bispo de \u00c1vila, pelo Padre Geral da Ordem, pelos Provinciais da Ib\u00e9rica, de Portugal e de Navarra, por representantes da cidade de Seg\u00f3via e por numerosos religiosos.<\/p>\n<p>A 14 de dezembro, festa de S\u00e3o Jo\u00e3o da Cruz, come\u00e7ou tamb\u00e9m o Ano Jubilar Sanjuanista na diocese de \u00c1vila, na par\u00f3quia de S\u00e3o Cipriano de <em>Fontiveros<\/em>, localidade natal do santo. A Eucaristia, presidida pelo bispo de \u00c1vila, Mons. Jes\u00fas Rico, come\u00e7ou com a abertura da Porta Santa jubilar. Em <em>\u00c1vila<\/em>, o dia come\u00e7ou junto ao monumento do santo, com uma ora\u00e7\u00e3o presidida pelo cardeal Ricardo Bl\u00e1zquez, e continuou em prociss\u00e3o at\u00e9 \u00e0 Bas\u00edlica de Santa Teresa, sendo oficialmente proclamada como templo jubilar.<\/p>\n<p>No dia 15 de dezembro, foi aberta a Porta Santa de <em>\u00dabeda<\/em>. A celebra\u00e7\u00e3o, presidida pelo Bispo de Ja\u00e9n, Mons. Sebasti\u00e1n Chico Mart\u00ednez, come\u00e7ou na par\u00f3quia de S\u00e3o Paulo e dirigiu-se em prociss\u00e3o at\u00e9 ao Orat\u00f3rio de S\u00e3o Jo\u00e3o da Cruz, onde as portas foram solenemente abertas e se rezou diante do t\u00famulo e das rel\u00edquias do santo. Em seguida, realizou-se a Eucaristia na igreja de San Miguel, com uma participa\u00e7\u00e3o massiva.<\/p>\n<p>Est\u00e3o estabelecidos como lugares jubilares ligados a estes centen\u00e1rios:<\/p>\n<ul>\n<li><em>\u00dabeda<\/em>, local da sua morte;<\/li>\n<li><em>Seg\u00f3via<\/em>, onde se encontra o seu sepulcro;<\/li>\n<li>a diocese de \u00c1vila, com a cidade de <em>\u00c1vila<\/em> e <em>Fontiveros<\/em>, o seu local de nascimento.<\/li>\n<\/ul>\n<p>Come\u00e7a assim um caminho em comum que convida \u00e0 peregrina\u00e7\u00e3o, \u00e0 ora\u00e7\u00e3o e \u00e0 redescoberta da for\u00e7a sempre atual da mensagem sanjuanista. Que este Ano Jubilar nos ajude a caminhar com profundidade, fraternidade e esperan\u00e7a.<\/p>\n<p>&nbsp;<\/p>\n<div class=\"wpmf-gallerys wpmf-gallerys-life \" ><div id=\"gallery-1\"\n data-gutter-width=\"5\"\n  data-wpmfcolumns=\"5\" class=\"wpmf-gallery gallery-link-file gallery_life gallery-masonry gallery-columns-5 gallery-size-thumbnail wpmf-gallery-bottomspace-default wpmf-gallery-clear wpmf-has-border-radius-0 wpmf-gutterwidth-5\"><div class=\"wpmf-gallery-item\n     wpmf-gallery-item-position-0 wpmf-gallery-item-attachment-548124\" data-index=\"0\"><div class=\"wpmf-gallery-icon\"><a class=\" not_video noLightbox\" data-lightbox=\"1\" data-href=\"https:\/\/www.carmelitaniscalzi.com\/wp-content\/uploads\/2026\/01\/Spagna-1.jpg\" title=\"Spagna 1\" target=\"_self\" data-index=\"0\"><img decoding=\"async\" class=\"wpmf_img\" alt=\"Spagna 1\" src=\"https:\/\/www.carmelitaniscalzi.com\/wp-content\/uploads\/2026\/01\/Spagna-1-150x150.jpg\" data-type=\"wpmfgalleryimg\" data-lazy-src=\"https:\/\/www.carmelitaniscalzi.com\/wp-content\/uploads\/2026\/01\/Spagna-1-150x150.jpg\"><\/a><\/div><\/div><div class=\"wpmf-gallery-item\n     wpmf-gallery-item-position-1 wpmf-gallery-item-attachment-548130\" data-index=\"1\"><div class=\"wpmf-gallery-icon\"><a class=\" not_video noLightbox\" data-lightbox=\"1\" data-href=\"https:\/\/www.carmelitaniscalzi.com\/wp-content\/uploads\/2026\/01\/Spagna-2-1024x768.jpg\" title=\"Spagna 2\" target=\"_self\" data-index=\"1\"><img decoding=\"async\" class=\"wpmf_img\" alt=\"Spagna 2\" src=\"https:\/\/www.carmelitaniscalzi.com\/wp-content\/uploads\/2026\/01\/Spagna-2-150x150.jpg\" data-type=\"wpmfgalleryimg\" data-lazy-src=\"https:\/\/www.carmelitaniscalzi.com\/wp-content\/uploads\/2026\/01\/Spagna-2-150x150.jpg\"><\/a><\/div><\/div><div class=\"wpmf-gallery-item\n     wpmf-gallery-item-position-2 wpmf-gallery-item-attachment-548136\" data-index=\"2\"><div class=\"wpmf-gallery-icon\"><a class=\" not_video noLightbox\" data-lightbox=\"1\" data-href=\"https:\/\/www.carmelitaniscalzi.com\/wp-content\/uploads\/2026\/01\/Spagna-3-1024x655.jpg\" title=\"Spagna 3\" target=\"_self\" data-index=\"2\"><img decoding=\"async\" class=\"wpmf_img\" alt=\"Spagna 3\" src=\"https:\/\/www.carmelitaniscalzi.com\/wp-content\/uploads\/2026\/01\/Spagna-3-150x150.jpg\" data-type=\"wpmfgalleryimg\" data-lazy-src=\"https:\/\/www.carmelitaniscalzi.com\/wp-content\/uploads\/2026\/01\/Spagna-3-150x150.jpg\"><\/a><\/div><\/div><div class=\"wpmf-gallery-item\n     wpmf-gallery-item-position-3 wpmf-gallery-item-attachment-548142\" data-index=\"3\"><div class=\"wpmf-gallery-icon\"><a class=\" not_video noLightbox\" data-lightbox=\"1\" data-href=\"https:\/\/www.carmelitaniscalzi.com\/wp-content\/uploads\/2026\/01\/Spagna-4-1024x644.jpg\" title=\"Spagna 4\" target=\"_self\" data-index=\"3\"><img decoding=\"async\" class=\"wpmf_img\" alt=\"Spagna 4\" src=\"https:\/\/www.carmelitaniscalzi.com\/wp-content\/uploads\/2026\/01\/Spagna-4-150x150.jpg\" data-type=\"wpmfgalleryimg\" data-lazy-src=\"https:\/\/www.carmelitaniscalzi.com\/wp-content\/uploads\/2026\/01\/Spagna-4-150x150.jpg\"><\/a><\/div><\/div><div class=\"wpmf-gallery-item\n     wpmf-gallery-item-position-4 wpmf-gallery-item-attachment-548148\" data-index=\"4\"><div class=\"wpmf-gallery-icon\"><a class=\" not_video noLightbox\" data-lightbox=\"1\" data-href=\"https:\/\/www.carmelitaniscalzi.com\/wp-content\/uploads\/2026\/01\/Spagna-5.jpg\" title=\"Spagna 5\" target=\"_self\" data-index=\"4\"><img decoding=\"async\" class=\"wpmf_img\" alt=\"Spagna 5\" src=\"https:\/\/www.carmelitaniscalzi.com\/wp-content\/uploads\/2026\/01\/Spagna-5-150x150.jpg\" data-type=\"wpmfgalleryimg\" data-lazy-src=\"https:\/\/www.carmelitaniscalzi.com\/wp-content\/uploads\/2026\/01\/Spagna-5-150x150.jpg\"><\/a><\/div><\/div><div class=\"wpmf-gallery-item\n     wpmf-gallery-item-position-5 wpmf-gallery-item-attachment-548154\" data-index=\"5\"><div class=\"wpmf-gallery-icon\"><a class=\" not_video noLightbox\" data-lightbox=\"1\" data-href=\"https:\/\/www.carmelitaniscalzi.com\/wp-content\/uploads\/2026\/01\/Spagna-6-1024x680.jpg\" title=\"Spagna 6\" target=\"_self\" data-index=\"5\"><img decoding=\"async\" class=\"wpmf_img\" alt=\"Spagna 6\" src=\"https:\/\/www.carmelitaniscalzi.com\/wp-content\/uploads\/2026\/01\/Spagna-6-150x150.jpg\" data-type=\"wpmfgalleryimg\" data-lazy-src=\"https:\/\/www.carmelitaniscalzi.com\/wp-content\/uploads\/2026\/01\/Spagna-6-150x150.jpg\"><\/a><\/div><\/div><div class=\"wpmf-gallery-item\n     wpmf-gallery-item-position-6 wpmf-gallery-item-attachment-548160\" data-index=\"6\"><div class=\"wpmf-gallery-icon\"><a class=\" not_video noLightbox\" data-lightbox=\"1\" data-href=\"https:\/\/www.carmelitaniscalzi.com\/wp-content\/uploads\/2026\/01\/Spagna-7-1024x768.jpg\" title=\"Spagna 7\" target=\"_self\" data-index=\"6\"><img decoding=\"async\" class=\"wpmf_img\" alt=\"Spagna 7\" src=\"https:\/\/www.carmelitaniscalzi.com\/wp-content\/uploads\/2026\/01\/Spagna-7-150x150.jpg\" data-type=\"wpmfgalleryimg\" data-lazy-src=\"https:\/\/www.carmelitaniscalzi.com\/wp-content\/uploads\/2026\/01\/Spagna-7-150x150.jpg\"><\/a><\/div><\/div><div class=\"wpmf-gallery-item\n     wpmf-gallery-item-position-7 wpmf-gallery-item-attachment-548166\" data-index=\"7\"><div class=\"wpmf-gallery-icon\"><a class=\" not_video noLightbox\" data-lightbox=\"1\" data-href=\"https:\/\/www.carmelitaniscalzi.com\/wp-content\/uploads\/2026\/01\/Spagna-8-1024x678.jpg\" title=\"Spagna 8\" target=\"_self\" data-index=\"7\"><img decoding=\"async\" class=\"wpmf_img\" alt=\"Spagna 8\" src=\"https:\/\/www.carmelitaniscalzi.com\/wp-content\/uploads\/2026\/01\/Spagna-8-150x150.jpg\" data-type=\"wpmfgalleryimg\" data-lazy-src=\"https:\/\/www.carmelitaniscalzi.com\/wp-content\/uploads\/2026\/01\/Spagna-8-150x150.jpg\"><\/a><\/div><\/div><div class=\"wpmf-gallery-item\n     wpmf-gallery-item-position-8 wpmf-gallery-item-attachment-548172\" data-index=\"8\"><div class=\"wpmf-gallery-icon\"><a class=\" not_video noLightbox\" data-lightbox=\"1\" data-href=\"https:\/\/www.carmelitaniscalzi.com\/wp-content\/uploads\/2026\/01\/Spagna-9-1024x619.jpg\" title=\"Spagna 9\" target=\"_self\" data-index=\"8\"><img decoding=\"async\" class=\"wpmf_img\" alt=\"Spagna 9\" src=\"https:\/\/www.carmelitaniscalzi.com\/wp-content\/uploads\/2026\/01\/Spagna-9-150x150.jpg\" data-type=\"wpmfgalleryimg\" data-lazy-src=\"https:\/\/www.carmelitaniscalzi.com\/wp-content\/uploads\/2026\/01\/Spagna-9-150x150.jpg\"><\/a><\/div><\/div><\/div><\/div>\n\n","protected":false},"excerpt":{"rendered":"<p>No dia 13 de dezembro, em Seg\u00f3via, junto ao t\u00famulo de S\u00e3o Jo\u00e3o da Cruz, celebrou-se a Eucaristia solene e a abertura da Porta Santa, sinal vis\u00edvel do in\u00edcio oficial dos Centen\u00e1rios Sanjuanistas. A celebra\u00e7\u00e3o foi presidida pelo Bispo de Seg\u00f3via, Mons. Jes\u00fas Vidal Chamorro, acompanhado pelo Bispo de \u00c1vila, pelo Padre Geral da Ordem, [&hellip;]<\/p>\n","protected":false},"author":7,"featured_media":548118,"comment_status":"closed","ping_status":"closed","sticky":false,"template":"","format":"standard","meta":{"_acf_changed":false,"footnotes":""},"categories":[235,239,373],"tags":[],"class_list":["post-548290","post","type-post","status-publish","format-standard","has-post-thumbnail","hentry","category-noticias-frades","category-noticias-preposito-geral","category-noticias"],"acf":[],"yoast_head":"<!-- This site is optimized with the Yoast SEO plugin v26.3 - https:\/\/yoast.com\/wordpress\/plugins\/seo\/ -->\n<title>Espanha: abertura do Ano Jubilar sanjuanista - CARMELITAS DESCAL\u00c7OS<\/title>\n<meta name=\"robots\" content=\"index, follow, max-snippet:-1, max-image-preview:large, max-video-preview:-1\" \/>\n<link rel=\"canonical\" href=\"https:\/\/www.carmelitaniscalzi.com\/2026\/01\/08\/spagna-apertura-dellanno-giubilare-di-san-giovanni-della-croce\/\" \/>\n<meta property=\"og:locale\" content=\"pt_BR\" \/>\n<meta property=\"og:type\" content=\"article\" \/>\n<meta property=\"og:title\" content=\"Espanha: abertura do Ano Jubilar sanjuanista - CARMELITAS DESCAL\u00c7OS\" \/>\n<meta property=\"og:description\" content=\"No dia 13 de dezembro, em Seg\u00f3via, junto ao t\u00famulo de S\u00e3o Jo\u00e3o da Cruz, celebrou-se a Eucaristia solene e a abertura da Porta Santa, sinal vis\u00edvel do in\u00edcio oficial dos Centen\u00e1rios Sanjuanistas. A celebra\u00e7\u00e3o foi presidida pelo Bispo de Seg\u00f3via, Mons. Jes\u00fas Vidal Chamorro, acompanhado pelo Bispo de \u00c1vila, pelo Padre Geral da Ordem, [&hellip;]\" \/>\n<meta property=\"og:url\" content=\"https:\/\/www.carmelitaniscalzi.com\/2026\/01\/08\/spagna-apertura-dellanno-giubilare-di-san-giovanni-della-croce\/\" \/>\n<meta property=\"og:site_name\" content=\"CARMELITAS DESCAL\u00c7OS\" \/>\n<meta property=\"article:publisher\" content=\"https:\/\/www.facebook.com\/Curia-Generalizia-Carmelitani-Scalzi-658766940887784\/\" \/>\n<meta property=\"article:published_time\" content=\"2026-01-07T23:15:34+00:00\" \/>\n<meta property=\"og:image\" content=\"https:\/\/www.carmelitaniscalzi.com\/wp-content\/uploads\/2026\/01\/cover_spagna_12.2025.jpg\" \/>\n\t<meta property=\"og:image:width\" content=\"1200\" \/>\n\t<meta property=\"og:image:height\" content=\"800\" \/>\n\t<meta property=\"og:image:type\" content=\"image\/jpeg\" \/>\n<meta name=\"author\" content=\"ocd web master\" \/>\n<meta name=\"twitter:card\" content=\"summary_large_image\" \/>\n<meta name=\"twitter:creator\" content=\"@ocdcuria\" \/>\n<meta name=\"twitter:site\" content=\"@ocdcuria\" \/>\n<meta name=\"twitter:label1\" content=\"Escrito por\" \/>\n\t<meta name=\"twitter:data1\" content=\"ocd web master\" \/>\n\t<meta name=\"twitter:label2\" content=\"Est. tempo de leitura\" \/>\n\t<meta name=\"twitter:data2\" content=\"2 minutos\" \/>\n<script type=\"application\/ld+json\" class=\"yoast-schema-graph\">{\"@context\":\"https:\/\/schema.org\",\"@graph\":[{\"@type\":\"Article\",\"@id\":\"https:\/\/www.carmelitaniscalzi.com\/2026\/01\/08\/spagna-apertura-dellanno-giubilare-di-san-giovanni-della-croce\/#article\",\"isPartOf\":{\"@id\":\"https:\/\/www.carmelitaniscalzi.com\/2026\/01\/08\/spagna-apertura-dellanno-giubilare-di-san-giovanni-della-croce\/\"},\"author\":{\"name\":\"ocd web master\",\"@id\":\"https:\/\/www.carmelitaniscalzi.com\/#\/schema\/person\/6d1c0d9bea7b6625c437246a5d6da409\"},\"headline\":\"Espanha: abertura do Ano Jubilar sanjuanista\",\"datePublished\":\"2026-01-07T23:15:34+00:00\",\"mainEntityOfPage\":{\"@id\":\"https:\/\/www.carmelitaniscalzi.com\/2026\/01\/08\/spagna-apertura-dellanno-giubilare-di-san-giovanni-della-croce\/\"},\"wordCount\":358,\"publisher\":{\"@id\":\"https:\/\/www.carmelitaniscalzi.com\/#organization\"},\"image\":{\"@id\":\"https:\/\/www.carmelitaniscalzi.com\/2026\/01\/08\/spagna-apertura-dellanno-giubilare-di-san-giovanni-della-croce\/#primaryimage\"},\"thumbnailUrl\":\"https:\/\/www.carmelitaniscalzi.com\/wp-content\/uploads\/2026\/01\/cover_spagna_12.2025.jpg\",\"articleSection\":[\"Not\u00edcias Frades\",\"Not\u00edcias Prep\u00f3sito Geral\",\"Not\u00edcias\"],\"inLanguage\":\"pt-BR\"},{\"@type\":\"WebPage\",\"@id\":\"https:\/\/www.carmelitaniscalzi.com\/2026\/01\/08\/spagna-apertura-dellanno-giubilare-di-san-giovanni-della-croce\/\",\"url\":\"https:\/\/www.carmelitaniscalzi.com\/2026\/01\/08\/spagna-apertura-dellanno-giubilare-di-san-giovanni-della-croce\/\",\"name\":\"Espanha: abertura do Ano Jubilar sanjuanista - CARMELITAS DESCAL\u00c7OS\",\"isPartOf\":{\"@id\":\"https:\/\/www.carmelitaniscalzi.com\/#website\"},\"primaryImageOfPage\":{\"@id\":\"https:\/\/www.carmelitaniscalzi.com\/2026\/01\/08\/spagna-apertura-dellanno-giubilare-di-san-giovanni-della-croce\/#primaryimage\"},\"image\":{\"@id\":\"https:\/\/www.carmelitaniscalzi.com\/2026\/01\/08\/spagna-apertura-dellanno-giubilare-di-san-giovanni-della-croce\/#primaryimage\"},\"thumbnailUrl\":\"https:\/\/www.carmelitaniscalzi.com\/wp-content\/uploads\/2026\/01\/cover_spagna_12.2025.jpg\",\"datePublished\":\"2026-01-07T23:15:34+00:00\",\"breadcrumb\":{\"@id\":\"https:\/\/www.carmelitaniscalzi.com\/2026\/01\/08\/spagna-apertura-dellanno-giubilare-di-san-giovanni-della-croce\/#breadcrumb\"},\"inLanguage\":\"pt-BR\",\"potentialAction\":[{\"@type\":\"ReadAction\",\"target\":[\"https:\/\/www.carmelitaniscalzi.com\/2026\/01\/08\/spagna-apertura-dellanno-giubilare-di-san-giovanni-della-croce\/\"]}]},{\"@type\":\"ImageObject\",\"inLanguage\":\"pt-BR\",\"@id\":\"https:\/\/www.carmelitaniscalzi.com\/2026\/01\/08\/spagna-apertura-dellanno-giubilare-di-san-giovanni-della-croce\/#primaryimage\",\"url\":\"https:\/\/www.carmelitaniscalzi.com\/wp-content\/uploads\/2026\/01\/cover_spagna_12.2025.jpg\",\"contentUrl\":\"https:\/\/www.carmelitaniscalzi.com\/wp-content\/uploads\/2026\/01\/cover_spagna_12.2025.jpg\",\"width\":1200,\"height\":800},{\"@type\":\"BreadcrumbList\",\"@id\":\"https:\/\/www.carmelitaniscalzi.com\/2026\/01\/08\/spagna-apertura-dellanno-giubilare-di-san-giovanni-della-croce\/#breadcrumb\",\"itemListElement\":[{\"@type\":\"ListItem\",\"position\":1,\"name\":\"Home\",\"item\":\"https:\/\/www.carmelitaniscalzi.com\/pt-br\/\"},{\"@type\":\"ListItem\",\"position\":2,\"name\":\"Espanha: abertura do Ano Jubilar sanjuanista\"}]},{\"@type\":\"WebSite\",\"@id\":\"https:\/\/www.carmelitaniscalzi.com\/#website\",\"url\":\"https:\/\/www.carmelitaniscalzi.com\/\",\"name\":\"CARMELITANI SCALZI - Curia Generale del Carmelo Teresiano\",\"description\":\"C\u00faria General\u00edcia do Carmelo Teresiano\",\"publisher\":{\"@id\":\"https:\/\/www.carmelitaniscalzi.com\/#organization\"},\"alternateName\":\"CARMELITANI SCALZI\",\"potentialAction\":[{\"@type\":\"SearchAction\",\"target\":{\"@type\":\"EntryPoint\",\"urlTemplate\":\"https:\/\/www.carmelitaniscalzi.com\/?s={search_term_string}\"},\"query-input\":{\"@type\":\"PropertyValueSpecification\",\"valueRequired\":true,\"valueName\":\"search_term_string\"}}],\"inLanguage\":\"pt-BR\"},{\"@type\":\"Organization\",\"@id\":\"https:\/\/www.carmelitaniscalzi.com\/#organization\",\"name\":\"CARMELITANI SCALZI - Curia Generale del Carmelo Teresiano\",\"url\":\"https:\/\/www.carmelitaniscalzi.com\/\",\"logo\":{\"@type\":\"ImageObject\",\"inLanguage\":\"pt-BR\",\"@id\":\"https:\/\/www.carmelitaniscalzi.com\/#\/schema\/logo\/image\/\",\"url\":\"https:\/\/www.carmelitaniscalzi.com\/wp-content\/uploads\/2025\/11\/login-logo.png\",\"contentUrl\":\"https:\/\/www.carmelitaniscalzi.com\/wp-content\/uploads\/2025\/11\/login-logo.png\",\"width\":256,\"height\":256,\"caption\":\"CARMELITANI SCALZI - Curia Generale del Carmelo Teresiano\"},\"image\":{\"@id\":\"https:\/\/www.carmelitaniscalzi.com\/#\/schema\/logo\/image\/\"},\"sameAs\":[\"https:\/\/www.facebook.com\/Curia-Generalizia-Carmelitani-Scalzi-658766940887784\/\",\"https:\/\/x.com\/ocdcuria\",\"https:\/\/www.youtube.com\/channel\/UC2J5ZL0ycOY0qBSTCLX_NGQ\/videos\",\"https:\/\/www.instagram.com\/ocdinform\/\"]},{\"@type\":\"Person\",\"@id\":\"https:\/\/www.carmelitaniscalzi.com\/#\/schema\/person\/6d1c0d9bea7b6625c437246a5d6da409\",\"name\":\"ocd web master\",\"image\":{\"@type\":\"ImageObject\",\"inLanguage\":\"pt-BR\",\"@id\":\"https:\/\/www.carmelitaniscalzi.com\/#\/schema\/person\/image\/\",\"url\":\"https:\/\/secure.gravatar.com\/avatar\/41fbc5f82bad909fbaf2984c43fa50d8519ac5853e25b454d022b6868f80d0e7?s=96&d=mm&r=g\",\"contentUrl\":\"https:\/\/secure.gravatar.com\/avatar\/41fbc5f82bad909fbaf2984c43fa50d8519ac5853e25b454d022b6868f80d0e7?s=96&d=mm&r=g\",\"caption\":\"ocd web master\"},\"url\":\"https:\/\/www.carmelitaniscalzi.com\/pt-br\/author\/ocdwebmaster\/\"}]}<\/script>\n<!-- \/ Yoast SEO plugin. -->","yoast_head_json":{"title":"Espanha: abertura do Ano Jubilar sanjuanista - CARMELITAS DESCAL\u00c7OS","robots":{"index":"index","follow":"follow","max-snippet":"max-snippet:-1","max-image-preview":"max-image-preview:large","max-video-preview":"max-video-preview:-1"},"canonical":"https:\/\/www.carmelitaniscalzi.com\/2026\/01\/08\/spagna-apertura-dellanno-giubilare-di-san-giovanni-della-croce\/","og_locale":"pt_BR","og_type":"article","og_title":"Espanha: abertura do Ano Jubilar sanjuanista - CARMELITAS DESCAL\u00c7OS","og_description":"No dia 13 de dezembro, em Seg\u00f3via, junto ao t\u00famulo de S\u00e3o Jo\u00e3o da Cruz, celebrou-se a Eucaristia solene e a abertura da Porta Santa, sinal vis\u00edvel do in\u00edcio oficial dos Centen\u00e1rios Sanjuanistas. A celebra\u00e7\u00e3o foi presidida pelo Bispo de Seg\u00f3via, Mons. Jes\u00fas Vidal Chamorro, acompanhado pelo Bispo de \u00c1vila, pelo Padre Geral da Ordem, [&hellip;]","og_url":"https:\/\/www.carmelitaniscalzi.com\/2026\/01\/08\/spagna-apertura-dellanno-giubilare-di-san-giovanni-della-croce\/","og_site_name":"CARMELITAS DESCAL\u00c7OS","article_publisher":"https:\/\/www.facebook.com\/Curia-Generalizia-Carmelitani-Scalzi-658766940887784\/","article_published_time":"2026-01-07T23:15:34+00:00","og_image":[{"width":1200,"height":800,"url":"https:\/\/www.carmelitaniscalzi.com\/wp-content\/uploads\/2026\/01\/cover_spagna_12.2025.jpg","type":"image\/jpeg"}],"author":"ocd web master","twitter_card":"summary_large_image","twitter_creator":"@ocdcuria","twitter_site":"@ocdcuria","twitter_misc":{"Escrito por":"ocd web master","Est. tempo de leitura":"2 minutos"},"schema":{"@context":"https:\/\/schema.org","@graph":[{"@type":"Article","@id":"https:\/\/www.carmelitaniscalzi.com\/2026\/01\/08\/spagna-apertura-dellanno-giubilare-di-san-giovanni-della-croce\/#article","isPartOf":{"@id":"https:\/\/www.carmelitaniscalzi.com\/2026\/01\/08\/spagna-apertura-dellanno-giubilare-di-san-giovanni-della-croce\/"},"author":{"name":"ocd web master","@id":"https:\/\/www.carmelitaniscalzi.com\/#\/schema\/person\/6d1c0d9bea7b6625c437246a5d6da409"},"headline":"Espanha: abertura do Ano Jubilar sanjuanista","datePublished":"2026-01-07T23:15:34+00:00","mainEntityOfPage":{"@id":"https:\/\/www.carmelitaniscalzi.com\/2026\/01\/08\/spagna-apertura-dellanno-giubilare-di-san-giovanni-della-croce\/"},"wordCount":358,"publisher":{"@id":"https:\/\/www.carmelitaniscalzi.com\/#organization"},"image":{"@id":"https:\/\/www.carmelitaniscalzi.com\/2026\/01\/08\/spagna-apertura-dellanno-giubilare-di-san-giovanni-della-croce\/#primaryimage"},"thumbnailUrl":"https:\/\/www.carmelitaniscalzi.com\/wp-content\/uploads\/2026\/01\/cover_spagna_12.2025.jpg","articleSection":["Not\u00edcias Frades","Not\u00edcias Prep\u00f3sito Geral","Not\u00edcias"],"inLanguage":"pt-BR"},{"@type":"WebPage","@id":"https:\/\/www.carmelitaniscalzi.com\/2026\/01\/08\/spagna-apertura-dellanno-giubilare-di-san-giovanni-della-croce\/","url":"https:\/\/www.carmelitaniscalzi.com\/2026\/01\/08\/spagna-apertura-dellanno-giubilare-di-san-giovanni-della-croce\/","name":"Espanha: abertura do Ano Jubilar sanjuanista - CARMELITAS DESCAL\u00c7OS","isPartOf":{"@id":"https:\/\/www.carmelitaniscalzi.com\/#website"},"primaryImageOfPage":{"@id":"https:\/\/www.carmelitaniscalzi.com\/2026\/01\/08\/spagna-apertura-dellanno-giubilare-di-san-giovanni-della-croce\/#primaryimage"},"image":{"@id":"https:\/\/www.carmelitaniscalzi.com\/2026\/01\/08\/spagna-apertura-dellanno-giubilare-di-san-giovanni-della-croce\/#primaryimage"},"thumbnailUrl":"https:\/\/www.carmelitaniscalzi.com\/wp-content\/uploads\/2026\/01\/cover_spagna_12.2025.jpg","datePublished":"2026-01-07T23:15:34+00:00","breadcrumb":{"@id":"https:\/\/www.carmelitaniscalzi.com\/2026\/01\/08\/spagna-apertura-dellanno-giubilare-di-san-giovanni-della-croce\/#breadcrumb"},"inLanguage":"pt-BR","potentialAction":[{"@type":"ReadAction","target":["https:\/\/www.carmelitaniscalzi.com\/2026\/01\/08\/spagna-apertura-dellanno-giubilare-di-san-giovanni-della-croce\/"]}]},{"@type":"ImageObject","inLanguage":"pt-BR","@id":"https:\/\/www.carmelitaniscalzi.com\/2026\/01\/08\/spagna-apertura-dellanno-giubilare-di-san-giovanni-della-croce\/#primaryimage","url":"https:\/\/www.carmelitaniscalzi.com\/wp-content\/uploads\/2026\/01\/cover_spagna_12.2025.jpg","contentUrl":"https:\/\/www.carmelitaniscalzi.com\/wp-content\/uploads\/2026\/01\/cover_spagna_12.2025.jpg","width":1200,"height":800},{"@type":"BreadcrumbList","@id":"https:\/\/www.carmelitaniscalzi.com\/2026\/01\/08\/spagna-apertura-dellanno-giubilare-di-san-giovanni-della-croce\/#breadcrumb","itemListElement":[{"@type":"ListItem","position":1,"name":"Home","item":"https:\/\/www.carmelitaniscalzi.com\/pt-br\/"},{"@type":"ListItem","position":2,"name":"Espanha: abertura do Ano Jubilar sanjuanista"}]},{"@type":"WebSite","@id":"https:\/\/www.carmelitaniscalzi.com\/#website","url":"https:\/\/www.carmelitaniscalzi.com\/","name":"CARMELITANI SCALZI - Curia Generale del Carmelo Teresiano","description":"C\u00faria General\u00edcia do Carmelo Teresiano","publisher":{"@id":"https:\/\/www.carmelitaniscalzi.com\/#organization"},"alternateName":"CARMELITANI SCALZI","potentialAction":[{"@type":"SearchAction","target":{"@type":"EntryPoint","urlTemplate":"https:\/\/www.carmelitaniscalzi.com\/?s={search_term_string}"},"query-input":{"@type":"PropertyValueSpecification","valueRequired":true,"valueName":"search_term_string"}}],"inLanguage":"pt-BR"},{"@type":"Organization","@id":"https:\/\/www.carmelitaniscalzi.com\/#organization","name":"CARMELITANI SCALZI - Curia Generale del Carmelo Teresiano","url":"https:\/\/www.carmelitaniscalzi.com\/","logo":{"@type":"ImageObject","inLanguage":"pt-BR","@id":"https:\/\/www.carmelitaniscalzi.com\/#\/schema\/logo\/image\/","url":"https:\/\/www.carmelitaniscalzi.com\/wp-content\/uploads\/2025\/11\/login-logo.png","contentUrl":"https:\/\/www.carmelitaniscalzi.com\/wp-content\/uploads\/2025\/11\/login-logo.png","width":256,"height":256,"caption":"CARMELITANI SCALZI - Curia Generale del Carmelo Teresiano"},"image":{"@id":"https:\/\/www.carmelitaniscalzi.com\/#\/schema\/logo\/image\/"},"sameAs":["https:\/\/www.facebook.com\/Curia-Generalizia-Carmelitani-Scalzi-658766940887784\/","https:\/\/x.com\/ocdcuria","https:\/\/www.youtube.com\/channel\/UC2J5ZL0ycOY0qBSTCLX_NGQ\/videos","https:\/\/www.instagram.com\/ocdinform\/"]},{"@type":"Person","@id":"https:\/\/www.carmelitaniscalzi.com\/#\/schema\/person\/6d1c0d9bea7b6625c437246a5d6da409","name":"ocd web master","image":{"@type":"ImageObject","inLanguage":"pt-BR","@id":"https:\/\/www.carmelitaniscalzi.com\/#\/schema\/person\/image\/","url":"https:\/\/secure.gravatar.com\/avatar\/41fbc5f82bad909fbaf2984c43fa50d8519ac5853e25b454d022b6868f80d0e7?s=96&d=mm&r=g","contentUrl":"https:\/\/secure.gravatar.com\/avatar\/41fbc5f82bad909fbaf2984c43fa50d8519ac5853e25b454d022b6868f80d0e7?s=96&d=mm&r=g","caption":"ocd web master"},"url":"https:\/\/www.carmelitaniscalzi.com\/pt-br\/author\/ocdwebmaster\/"}]}},"_links":{"self":[{"href":"https:\/\/www.carmelitaniscalzi.com\/pt-br\/wp-json\/wp\/v2\/posts\/548290","targetHints":{"allow":["GET"]}}],"collection":[{"href":"https:\/\/www.carmelitaniscalzi.com\/pt-br\/wp-json\/wp\/v2\/posts"}],"about":[{"href":"https:\/\/www.carmelitaniscalzi.com\/pt-br\/wp-json\/wp\/v2\/types\/post"}],"author":[{"embeddable":true,"href":"https:\/\/www.carmelitaniscalzi.com\/pt-br\/wp-json\/wp\/v2\/users\/7"}],"replies":[{"embeddable":true,"href":"https:\/\/www.carmelitaniscalzi.com\/pt-br\/wp-json\/wp\/v2\/comments?post=548290"}],"version-history":[{"count":1,"href":"https:\/\/www.carmelitaniscalzi.com\/pt-br\/wp-json\/wp\/v2\/posts\/548290\/revisions"}],"predecessor-version":[{"id":548291,"href":"https:\/\/www.carmelitaniscalzi.com\/pt-br\/wp-json\/wp\/v2\/posts\/548290\/revisions\/548291"}],"wp:featuredmedia":[{"embeddable":true,"href":"https:\/\/www.carmelitaniscalzi.com\/pt-br\/wp-json\/wp\/v2\/media\/548118"}],"wp:attachment":[{"href":"https:\/\/www.carmelitaniscalzi.com\/pt-br\/wp-json\/wp\/v2\/media?parent=548290"}],"wp:term":[{"taxonomy":"category","embeddable":true,"href":"https:\/\/www.carmelitaniscalzi.com\/pt-br\/wp-json\/wp\/v2\/categories?post=548290"},{"taxonomy":"post_tag","embeddable":true,"href":"https:\/\/www.carmelitaniscalzi.com\/pt-br\/wp-json\/wp\/v2\/tags?post=548290"}],"curies":[{"name":"wp","href":"https:\/\/api.w.org\/{rel}","templated":true}]}}