{"id":494325,"date":"2025-09-04T01:00:49","date_gmt":"2025-09-03T23:00:49","guid":{"rendered":"https:\/\/www.carmelitaniscalzi.com\/?p=494325"},"modified":"2025-08-28T01:10:09","modified_gmt":"2025-08-27T23:10:09","slug":"liturgia-da-ordem","status":"publish","type":"post","link":"https:\/\/www.carmelitaniscalzi.com\/pt-br\/2025\/09\/04\/liturgia-da-ordem\/","title":{"rendered":"Liturgia da Ordem"},"content":{"rendered":"<p>Com decreto de 16 de julho de 2025, o Dicast\u00e9rio para o Culto Divino e a Disciplina dos Sacramentos aprovou a <em>Editio typica altera <\/em>do <em>Proprium Missarum OCD<\/em> (a \u201csegunda edi\u00e7\u00e3o\u201d do \u201cMissal carmelitano\u201d em latim). O novo texto lit\u00fargico apresenta os formul\u00e1rios completos (tanto para a eucologia como para as leituras) e uma nota biogr\u00e1fica introdutiva para cada ocorr\u00eancia.<\/p>\n<p>Enquanto espera a publica\u00e7\u00e3o em dois volumes, o Definit\u00f3rio Geral promulgou o texto para toda a Ordem com decreto de 15 de agosto, tornando-o obrigat\u00f3rio (no original em latim) a partir do pr\u00f3ximo dia 20 de novembro, primeiro domingo do Advento.<\/p>\n<p>Com a promulga\u00e7\u00e3o, come\u00e7a tamb\u00e9m o trabalho de tradu\u00e7\u00e3o em todas as l\u00ednguas, que dever\u00e1 receber, por sua vez, a aprova\u00e7\u00e3o do Dicast\u00e9rio para ser publicado e utilizado. Nesse per\u00edodo, ser\u00e3o contatados os v\u00e1rios respons\u00e1veis das \u00e1reas lingu\u00edsticas para preparar as modalidades e organizar o trabalho.<\/p>\n<p>Agora se poder\u00e1 proceder \u00e0 prepara\u00e7\u00e3o da <em>Editio typica altera <\/em>da <em>Liturgia Horarum OCD<\/em>.<\/p>\n<p>Por sua vez, o novo <em>Ritual OCDS <\/em>est\u00e1 ainda em fase de estudo e prepara\u00e7\u00e3o junto ao Dicast\u00e9rio.<\/p>\n","protected":false},"excerpt":{"rendered":"<p>Com decreto de 16 de julho de 2025, o Dicast\u00e9rio para o Culto Divino e a Disciplina dos Sacramentos aprovou a Editio typica altera do Proprium Missarum OCD (a \u201csegunda edi\u00e7\u00e3o\u201d do \u201cMissal carmelitano\u201d em latim). O novo texto lit\u00fargico apresenta os formul\u00e1rios completos (tanto para a eucologia como para as leituras) e uma nota [&hellip;]<\/p>\n","protected":false},"author":7,"featured_media":494093,"comment_status":"closed","ping_status":"closed","sticky":false,"template":"","format":"standard","meta":{"_acf_changed":false,"footnotes":""},"categories":[264,373,232,235,237],"tags":[],"class_list":["post-494325","post","type-post","status-publish","format-standard","has-post-thumbnail","hentry","category-noticias-ocds-pt-br","category-noticias","category-noticias-definidores-pt-br","category-noticias-frades","category-noticias-monjas-pt-br"],"acf":[],"yoast_head":"<!-- This site is optimized with the Yoast SEO plugin v26.3 - https:\/\/yoast.com\/wordpress\/plugins\/seo\/ -->\n<title>Liturgia da Ordem - CARMELITAS DESCAL\u00c7OS<\/title>\n<meta name=\"robots\" content=\"index, follow, max-snippet:-1, max-image-preview:large, max-video-preview:-1\" \/>\n<link rel=\"canonical\" href=\"https:\/\/www.carmelitaniscalzi.com\/pt-br\/2025\/09\/04\/liturgia-da-ordem\/\" \/>\n<meta property=\"og:locale\" content=\"pt_BR\" \/>\n<meta property=\"og:type\" content=\"article\" \/>\n<meta property=\"og:title\" content=\"Liturgia da Ordem - CARMELITAS DESCAL\u00c7OS\" \/>\n<meta property=\"og:description\" content=\"Com decreto de 16 de julho de 2025, o Dicast\u00e9rio para o Culto Divino e a Disciplina dos Sacramentos aprovou a Editio typica altera do Proprium Missarum OCD (a \u201csegunda edi\u00e7\u00e3o\u201d do \u201cMissal carmelitano\u201d em latim). O novo texto lit\u00fargico apresenta os formul\u00e1rios completos (tanto para a eucologia como para as leituras) e uma nota [&hellip;]\" \/>\n<meta property=\"og:url\" content=\"https:\/\/www.carmelitaniscalzi.com\/pt-br\/2025\/09\/04\/liturgia-da-ordem\/\" \/>\n<meta property=\"og:site_name\" content=\"CARMELITAS DESCAL\u00c7OS\" \/>\n<meta property=\"article:publisher\" content=\"https:\/\/www.facebook.com\/Curia-Generalizia-Carmelitani-Scalzi-658766940887784\/\" \/>\n<meta property=\"article:published_time\" content=\"2025-09-03T23:00:49+00:00\" \/>\n<meta property=\"og:image\" content=\"https:\/\/www.carmelitaniscalzi.com\/wp-content\/uploads\/2025\/08\/cover_liturgia_08.2025.jpg\" \/>\n\t<meta property=\"og:image:width\" content=\"1200\" \/>\n\t<meta property=\"og:image:height\" content=\"800\" \/>\n\t<meta property=\"og:image:type\" content=\"image\/jpeg\" \/>\n<meta name=\"author\" content=\"ocd web master\" \/>\n<meta name=\"twitter:card\" content=\"summary_large_image\" \/>\n<meta name=\"twitter:creator\" content=\"@ocdcuria\" \/>\n<meta name=\"twitter:site\" content=\"@ocdcuria\" \/>\n<meta name=\"twitter:label1\" content=\"Escrito por\" \/>\n\t<meta name=\"twitter:data1\" content=\"ocd web master\" \/>\n\t<meta name=\"twitter:label2\" content=\"Est. tempo de leitura\" \/>\n\t<meta name=\"twitter:data2\" content=\"1 minuto\" \/>\n<script type=\"application\/ld+json\" class=\"yoast-schema-graph\">{\"@context\":\"https:\/\/schema.org\",\"@graph\":[{\"@type\":\"Article\",\"@id\":\"https:\/\/www.carmelitaniscalzi.com\/pt-br\/2025\/09\/04\/liturgia-da-ordem\/#article\",\"isPartOf\":{\"@id\":\"https:\/\/www.carmelitaniscalzi.com\/pt-br\/2025\/09\/04\/liturgia-da-ordem\/\"},\"author\":{\"name\":\"ocd web master\",\"@id\":\"https:\/\/www.carmelitaniscalzi.com\/#\/schema\/person\/6d1c0d9bea7b6625c437246a5d6da409\"},\"headline\":\"Liturgia da Ordem\",\"datePublished\":\"2025-09-03T23:00:49+00:00\",\"mainEntityOfPage\":{\"@id\":\"https:\/\/www.carmelitaniscalzi.com\/pt-br\/2025\/09\/04\/liturgia-da-ordem\/\"},\"wordCount\":202,\"publisher\":{\"@id\":\"https:\/\/www.carmelitaniscalzi.com\/#organization\"},\"image\":{\"@id\":\"https:\/\/www.carmelitaniscalzi.com\/pt-br\/2025\/09\/04\/liturgia-da-ordem\/#primaryimage\"},\"thumbnailUrl\":\"https:\/\/www.carmelitaniscalzi.com\/wp-content\/uploads\/2025\/08\/cover_liturgia_08.2025.jpg\",\"articleSection\":[\"Not\u00edcias OCDS\",\"Not\u00edcias\",\"Not\u00edcias Definidores\",\"Not\u00edcias Frades\",\"Not\u00edcias Monjas\"],\"inLanguage\":\"pt-BR\"},{\"@type\":\"WebPage\",\"@id\":\"https:\/\/www.carmelitaniscalzi.com\/pt-br\/2025\/09\/04\/liturgia-da-ordem\/\",\"url\":\"https:\/\/www.carmelitaniscalzi.com\/pt-br\/2025\/09\/04\/liturgia-da-ordem\/\",\"name\":\"Liturgia da Ordem - CARMELITAS DESCAL\u00c7OS\",\"isPartOf\":{\"@id\":\"https:\/\/www.carmelitaniscalzi.com\/#website\"},\"primaryImageOfPage\":{\"@id\":\"https:\/\/www.carmelitaniscalzi.com\/pt-br\/2025\/09\/04\/liturgia-da-ordem\/#primaryimage\"},\"image\":{\"@id\":\"https:\/\/www.carmelitaniscalzi.com\/pt-br\/2025\/09\/04\/liturgia-da-ordem\/#primaryimage\"},\"thumbnailUrl\":\"https:\/\/www.carmelitaniscalzi.com\/wp-content\/uploads\/2025\/08\/cover_liturgia_08.2025.jpg\",\"datePublished\":\"2025-09-03T23:00:49+00:00\",\"breadcrumb\":{\"@id\":\"https:\/\/www.carmelitaniscalzi.com\/pt-br\/2025\/09\/04\/liturgia-da-ordem\/#breadcrumb\"},\"inLanguage\":\"pt-BR\",\"potentialAction\":[{\"@type\":\"ReadAction\",\"target\":[\"https:\/\/www.carmelitaniscalzi.com\/pt-br\/2025\/09\/04\/liturgia-da-ordem\/\"]}]},{\"@type\":\"ImageObject\",\"inLanguage\":\"pt-BR\",\"@id\":\"https:\/\/www.carmelitaniscalzi.com\/pt-br\/2025\/09\/04\/liturgia-da-ordem\/#primaryimage\",\"url\":\"https:\/\/www.carmelitaniscalzi.com\/wp-content\/uploads\/2025\/08\/cover_liturgia_08.2025.jpg\",\"contentUrl\":\"https:\/\/www.carmelitaniscalzi.com\/wp-content\/uploads\/2025\/08\/cover_liturgia_08.2025.jpg\",\"width\":1200,\"height\":800},{\"@type\":\"BreadcrumbList\",\"@id\":\"https:\/\/www.carmelitaniscalzi.com\/pt-br\/2025\/09\/04\/liturgia-da-ordem\/#breadcrumb\",\"itemListElement\":[{\"@type\":\"ListItem\",\"position\":1,\"name\":\"Home\",\"item\":\"https:\/\/www.carmelitaniscalzi.com\/pt-br\/\"},{\"@type\":\"ListItem\",\"position\":2,\"name\":\"Liturgia da Ordem\"}]},{\"@type\":\"WebSite\",\"@id\":\"https:\/\/www.carmelitaniscalzi.com\/#website\",\"url\":\"https:\/\/www.carmelitaniscalzi.com\/\",\"name\":\"CARMELITANI SCALZI - Curia Generale del Carmelo Teresiano\",\"description\":\"C\u00faria General\u00edcia do Carmelo Teresiano\",\"publisher\":{\"@id\":\"https:\/\/www.carmelitaniscalzi.com\/#organization\"},\"alternateName\":\"CARMELITANI SCALZI\",\"potentialAction\":[{\"@type\":\"SearchAction\",\"target\":{\"@type\":\"EntryPoint\",\"urlTemplate\":\"https:\/\/www.carmelitaniscalzi.com\/?s={search_term_string}\"},\"query-input\":{\"@type\":\"PropertyValueSpecification\",\"valueRequired\":true,\"valueName\":\"search_term_string\"}}],\"inLanguage\":\"pt-BR\"},{\"@type\":\"Organization\",\"@id\":\"https:\/\/www.carmelitaniscalzi.com\/#organization\",\"name\":\"CARMELITANI SCALZI - Curia Generale del Carmelo Teresiano\",\"url\":\"https:\/\/www.carmelitaniscalzi.com\/\",\"logo\":{\"@type\":\"ImageObject\",\"inLanguage\":\"pt-BR\",\"@id\":\"https:\/\/www.carmelitaniscalzi.com\/#\/schema\/logo\/image\/\",\"url\":\"https:\/\/www.carmelitaniscalzi.com\/wp-content\/uploads\/2025\/11\/login-logo.png\",\"contentUrl\":\"https:\/\/www.carmelitaniscalzi.com\/wp-content\/uploads\/2025\/11\/login-logo.png\",\"width\":256,\"height\":256,\"caption\":\"CARMELITANI SCALZI - Curia Generale del Carmelo Teresiano\"},\"image\":{\"@id\":\"https:\/\/www.carmelitaniscalzi.com\/#\/schema\/logo\/image\/\"},\"sameAs\":[\"https:\/\/www.facebook.com\/Curia-Generalizia-Carmelitani-Scalzi-658766940887784\/\",\"https:\/\/x.com\/ocdcuria\",\"https:\/\/www.youtube.com\/channel\/UC2J5ZL0ycOY0qBSTCLX_NGQ\/videos\",\"https:\/\/www.instagram.com\/ocdinform\/\"]},{\"@type\":\"Person\",\"@id\":\"https:\/\/www.carmelitaniscalzi.com\/#\/schema\/person\/6d1c0d9bea7b6625c437246a5d6da409\",\"name\":\"ocd web master\",\"image\":{\"@type\":\"ImageObject\",\"inLanguage\":\"pt-BR\",\"@id\":\"https:\/\/www.carmelitaniscalzi.com\/#\/schema\/person\/image\/\",\"url\":\"https:\/\/secure.gravatar.com\/avatar\/41fbc5f82bad909fbaf2984c43fa50d8519ac5853e25b454d022b6868f80d0e7?s=96&d=mm&r=g\",\"contentUrl\":\"https:\/\/secure.gravatar.com\/avatar\/41fbc5f82bad909fbaf2984c43fa50d8519ac5853e25b454d022b6868f80d0e7?s=96&d=mm&r=g\",\"caption\":\"ocd web master\"},\"url\":\"https:\/\/www.carmelitaniscalzi.com\/pt-br\/author\/ocdwebmaster\/\"}]}<\/script>\n<!-- \/ Yoast SEO plugin. -->","yoast_head_json":{"title":"Liturgia da Ordem - CARMELITAS DESCAL\u00c7OS","robots":{"index":"index","follow":"follow","max-snippet":"max-snippet:-1","max-image-preview":"max-image-preview:large","max-video-preview":"max-video-preview:-1"},"canonical":"https:\/\/www.carmelitaniscalzi.com\/pt-br\/2025\/09\/04\/liturgia-da-ordem\/","og_locale":"pt_BR","og_type":"article","og_title":"Liturgia da Ordem - CARMELITAS DESCAL\u00c7OS","og_description":"Com decreto de 16 de julho de 2025, o Dicast\u00e9rio para o Culto Divino e a Disciplina dos Sacramentos aprovou a Editio typica altera do Proprium Missarum OCD (a \u201csegunda edi\u00e7\u00e3o\u201d do \u201cMissal carmelitano\u201d em latim). O novo texto lit\u00fargico apresenta os formul\u00e1rios completos (tanto para a eucologia como para as leituras) e uma nota [&hellip;]","og_url":"https:\/\/www.carmelitaniscalzi.com\/pt-br\/2025\/09\/04\/liturgia-da-ordem\/","og_site_name":"CARMELITAS DESCAL\u00c7OS","article_publisher":"https:\/\/www.facebook.com\/Curia-Generalizia-Carmelitani-Scalzi-658766940887784\/","article_published_time":"2025-09-03T23:00:49+00:00","og_image":[{"width":1200,"height":800,"url":"https:\/\/www.carmelitaniscalzi.com\/wp-content\/uploads\/2025\/08\/cover_liturgia_08.2025.jpg","type":"image\/jpeg"}],"author":"ocd web master","twitter_card":"summary_large_image","twitter_creator":"@ocdcuria","twitter_site":"@ocdcuria","twitter_misc":{"Escrito por":"ocd web master","Est. tempo de leitura":"1 minuto"},"schema":{"@context":"https:\/\/schema.org","@graph":[{"@type":"Article","@id":"https:\/\/www.carmelitaniscalzi.com\/pt-br\/2025\/09\/04\/liturgia-da-ordem\/#article","isPartOf":{"@id":"https:\/\/www.carmelitaniscalzi.com\/pt-br\/2025\/09\/04\/liturgia-da-ordem\/"},"author":{"name":"ocd web master","@id":"https:\/\/www.carmelitaniscalzi.com\/#\/schema\/person\/6d1c0d9bea7b6625c437246a5d6da409"},"headline":"Liturgia da Ordem","datePublished":"2025-09-03T23:00:49+00:00","mainEntityOfPage":{"@id":"https:\/\/www.carmelitaniscalzi.com\/pt-br\/2025\/09\/04\/liturgia-da-ordem\/"},"wordCount":202,"publisher":{"@id":"https:\/\/www.carmelitaniscalzi.com\/#organization"},"image":{"@id":"https:\/\/www.carmelitaniscalzi.com\/pt-br\/2025\/09\/04\/liturgia-da-ordem\/#primaryimage"},"thumbnailUrl":"https:\/\/www.carmelitaniscalzi.com\/wp-content\/uploads\/2025\/08\/cover_liturgia_08.2025.jpg","articleSection":["Not\u00edcias OCDS","Not\u00edcias","Not\u00edcias Definidores","Not\u00edcias Frades","Not\u00edcias Monjas"],"inLanguage":"pt-BR"},{"@type":"WebPage","@id":"https:\/\/www.carmelitaniscalzi.com\/pt-br\/2025\/09\/04\/liturgia-da-ordem\/","url":"https:\/\/www.carmelitaniscalzi.com\/pt-br\/2025\/09\/04\/liturgia-da-ordem\/","name":"Liturgia da Ordem - CARMELITAS DESCAL\u00c7OS","isPartOf":{"@id":"https:\/\/www.carmelitaniscalzi.com\/#website"},"primaryImageOfPage":{"@id":"https:\/\/www.carmelitaniscalzi.com\/pt-br\/2025\/09\/04\/liturgia-da-ordem\/#primaryimage"},"image":{"@id":"https:\/\/www.carmelitaniscalzi.com\/pt-br\/2025\/09\/04\/liturgia-da-ordem\/#primaryimage"},"thumbnailUrl":"https:\/\/www.carmelitaniscalzi.com\/wp-content\/uploads\/2025\/08\/cover_liturgia_08.2025.jpg","datePublished":"2025-09-03T23:00:49+00:00","breadcrumb":{"@id":"https:\/\/www.carmelitaniscalzi.com\/pt-br\/2025\/09\/04\/liturgia-da-ordem\/#breadcrumb"},"inLanguage":"pt-BR","potentialAction":[{"@type":"ReadAction","target":["https:\/\/www.carmelitaniscalzi.com\/pt-br\/2025\/09\/04\/liturgia-da-ordem\/"]}]},{"@type":"ImageObject","inLanguage":"pt-BR","@id":"https:\/\/www.carmelitaniscalzi.com\/pt-br\/2025\/09\/04\/liturgia-da-ordem\/#primaryimage","url":"https:\/\/www.carmelitaniscalzi.com\/wp-content\/uploads\/2025\/08\/cover_liturgia_08.2025.jpg","contentUrl":"https:\/\/www.carmelitaniscalzi.com\/wp-content\/uploads\/2025\/08\/cover_liturgia_08.2025.jpg","width":1200,"height":800},{"@type":"BreadcrumbList","@id":"https:\/\/www.carmelitaniscalzi.com\/pt-br\/2025\/09\/04\/liturgia-da-ordem\/#breadcrumb","itemListElement":[{"@type":"ListItem","position":1,"name":"Home","item":"https:\/\/www.carmelitaniscalzi.com\/pt-br\/"},{"@type":"ListItem","position":2,"name":"Liturgia da Ordem"}]},{"@type":"WebSite","@id":"https:\/\/www.carmelitaniscalzi.com\/#website","url":"https:\/\/www.carmelitaniscalzi.com\/","name":"CARMELITANI SCALZI - Curia Generale del Carmelo Teresiano","description":"C\u00faria General\u00edcia do Carmelo Teresiano","publisher":{"@id":"https:\/\/www.carmelitaniscalzi.com\/#organization"},"alternateName":"CARMELITANI SCALZI","potentialAction":[{"@type":"SearchAction","target":{"@type":"EntryPoint","urlTemplate":"https:\/\/www.carmelitaniscalzi.com\/?s={search_term_string}"},"query-input":{"@type":"PropertyValueSpecification","valueRequired":true,"valueName":"search_term_string"}}],"inLanguage":"pt-BR"},{"@type":"Organization","@id":"https:\/\/www.carmelitaniscalzi.com\/#organization","name":"CARMELITANI SCALZI - Curia Generale del Carmelo Teresiano","url":"https:\/\/www.carmelitaniscalzi.com\/","logo":{"@type":"ImageObject","inLanguage":"pt-BR","@id":"https:\/\/www.carmelitaniscalzi.com\/#\/schema\/logo\/image\/","url":"https:\/\/www.carmelitaniscalzi.com\/wp-content\/uploads\/2025\/11\/login-logo.png","contentUrl":"https:\/\/www.carmelitaniscalzi.com\/wp-content\/uploads\/2025\/11\/login-logo.png","width":256,"height":256,"caption":"CARMELITANI SCALZI - Curia Generale del Carmelo Teresiano"},"image":{"@id":"https:\/\/www.carmelitaniscalzi.com\/#\/schema\/logo\/image\/"},"sameAs":["https:\/\/www.facebook.com\/Curia-Generalizia-Carmelitani-Scalzi-658766940887784\/","https:\/\/x.com\/ocdcuria","https:\/\/www.youtube.com\/channel\/UC2J5ZL0ycOY0qBSTCLX_NGQ\/videos","https:\/\/www.instagram.com\/ocdinform\/"]},{"@type":"Person","@id":"https:\/\/www.carmelitaniscalzi.com\/#\/schema\/person\/6d1c0d9bea7b6625c437246a5d6da409","name":"ocd web master","image":{"@type":"ImageObject","inLanguage":"pt-BR","@id":"https:\/\/www.carmelitaniscalzi.com\/#\/schema\/person\/image\/","url":"https:\/\/secure.gravatar.com\/avatar\/41fbc5f82bad909fbaf2984c43fa50d8519ac5853e25b454d022b6868f80d0e7?s=96&d=mm&r=g","contentUrl":"https:\/\/secure.gravatar.com\/avatar\/41fbc5f82bad909fbaf2984c43fa50d8519ac5853e25b454d022b6868f80d0e7?s=96&d=mm&r=g","caption":"ocd web master"},"url":"https:\/\/www.carmelitaniscalzi.com\/pt-br\/author\/ocdwebmaster\/"}]}},"_links":{"self":[{"href":"https:\/\/www.carmelitaniscalzi.com\/pt-br\/wp-json\/wp\/v2\/posts\/494325","targetHints":{"allow":["GET"]}}],"collection":[{"href":"https:\/\/www.carmelitaniscalzi.com\/pt-br\/wp-json\/wp\/v2\/posts"}],"about":[{"href":"https:\/\/www.carmelitaniscalzi.com\/pt-br\/wp-json\/wp\/v2\/types\/post"}],"author":[{"embeddable":true,"href":"https:\/\/www.carmelitaniscalzi.com\/pt-br\/wp-json\/wp\/v2\/users\/7"}],"replies":[{"embeddable":true,"href":"https:\/\/www.carmelitaniscalzi.com\/pt-br\/wp-json\/wp\/v2\/comments?post=494325"}],"version-history":[{"count":1,"href":"https:\/\/www.carmelitaniscalzi.com\/pt-br\/wp-json\/wp\/v2\/posts\/494325\/revisions"}],"predecessor-version":[{"id":494326,"href":"https:\/\/www.carmelitaniscalzi.com\/pt-br\/wp-json\/wp\/v2\/posts\/494325\/revisions\/494326"}],"wp:featuredmedia":[{"embeddable":true,"href":"https:\/\/www.carmelitaniscalzi.com\/pt-br\/wp-json\/wp\/v2\/media\/494093"}],"wp:attachment":[{"href":"https:\/\/www.carmelitaniscalzi.com\/pt-br\/wp-json\/wp\/v2\/media?parent=494325"}],"wp:term":[{"taxonomy":"category","embeddable":true,"href":"https:\/\/www.carmelitaniscalzi.com\/pt-br\/wp-json\/wp\/v2\/categories?post=494325"},{"taxonomy":"post_tag","embeddable":true,"href":"https:\/\/www.carmelitaniscalzi.com\/pt-br\/wp-json\/wp\/v2\/tags?post=494325"}],"curies":[{"name":"wp","href":"https:\/\/api.w.org\/{rel}","templated":true}]}}