{"id":492690,"date":"2025-07-20T22:00:13","date_gmt":"2025-07-20T20:00:13","guid":{"rendered":"https:\/\/www.carmelitaniscalzi.com\/?p=492690"},"modified":"2025-07-06T22:33:46","modified_gmt":"2025-07-06T20:33:46","slug":"bielorrussia-consagracao-da-igreja-dos-carmelitas-de-minsk","status":"publish","type":"post","link":"https:\/\/www.carmelitaniscalzi.com\/pt-br\/2025\/07\/20\/bielorrussia-consagracao-da-igreja-dos-carmelitas-de-minsk\/","title":{"rendered":"Bielorr\u00fassia: consagra\u00e7\u00e3o da igreja dos carmelitas de Minsk"},"content":{"rendered":"<p>No dia 7 de junho, a igreja dos carmelitas de Minsk foi consagrada. Ao construir a igreja da Santa Cruz, o povo bielorrusso queria dar gra\u00e7as pelo dom da Eucaristia. Participaram da celebra\u00e7\u00e3o: o arcebispo metropolitano de Minsk-Magilew, Monsenhor Yuzaf Stanevski; o administrador apost\u00f3lico dos greco-cat\u00f3licos da Bielorr\u00fassia, o arquimandrita Syargei Hajek; o provincial dos carmelitas, Padre Lukasz Kansy, OCD; e o vig\u00e1rio regional da Bielorr\u00fassia, Padre Piotr Fro\u0161t\u011bga, OCD; assim como um representante das autoridades do Estado, Dzmitry Chaslavavich Vrublevski, e representantes do corpo diplom\u00e1tico. Frades e monjas carmelitas da Bielorr\u00fassia, numerosos sacerdotes e fi\u00e9is assistiram \u00e0 celebra\u00e7\u00e3o.<\/p>\n<p>Ao final da celebra\u00e7\u00e3o eucar\u00edstica, o p\u00e1roco \u2013 Pe. Yurii Kulai, OCD \u2013 expressou sua gratid\u00e3o a todos aqueles que tornaram poss\u00edvel a constru\u00e7\u00e3o da igreja. Monsenhor Yuzaf Stanevski aben\u00e7oou uma placa comemorativa, que ser\u00e1 colocada na igreja.<\/p>\n<p>\u00c0 noite, um piquenique fraterno foi organizado, no qual todos \u2013 paroquianos e convidados \u2013 puderam viver um tempo de alegria em um ambiente de fam\u00edlia.<\/p>\n<div class=\"wpmf-gallerys wpmf-gallerys-life \" ><div id=\"gallery-1\"\n data-gutter-width=\"5\"\n  data-wpmfcolumns=\"6\" class=\"wpmf-gallery gallery-link-file gallery_life gallery-masonry gallery-columns-6 gallery-size-thumbnail wpmf-gallery-bottomspace-default wpmf-gallery-clear wpmf-has-border-radius-0 wpmf-gutterwidth-5\"><div class=\"wpmf-gallery-item\n     wpmf-gallery-item-position-0 wpmf-gallery-item-attachment-482519\" data-index=\"0\"><div class=\"wpmf-gallery-icon\"><a class=\" not_video noLightbox\" data-lightbox=\"1\" data-href=\"https:\/\/www.carmelitaniscalzi.com\/wp-content\/uploads\/2025\/07\/Bielorussia-1-1024x681.jpg\" title=\"Bielorussia 1\" target=\"_self\" data-index=\"0\"><img decoding=\"async\" class=\"wpmf_img\" alt=\"Bielorussia 1\" src=\"https:\/\/www.carmelitaniscalzi.com\/wp-content\/uploads\/2025\/07\/Bielorussia-1-150x150.jpg\" data-type=\"wpmfgalleryimg\" data-lazy-src=\"https:\/\/www.carmelitaniscalzi.com\/wp-content\/uploads\/2025\/07\/Bielorussia-1-150x150.jpg\"><\/a><\/div><\/div><div class=\"wpmf-gallery-item\n     wpmf-gallery-item-position-1 wpmf-gallery-item-attachment-482525\" data-index=\"1\"><div class=\"wpmf-gallery-icon\"><a class=\" not_video noLightbox\" data-lightbox=\"1\" data-href=\"https:\/\/www.carmelitaniscalzi.com\/wp-content\/uploads\/2025\/07\/Bielorussia-2-1024x681.jpg\" title=\"Bielorussia 2\" target=\"_self\" data-index=\"1\"><img decoding=\"async\" class=\"wpmf_img\" alt=\"Bielorussia 2\" src=\"https:\/\/www.carmelitaniscalzi.com\/wp-content\/uploads\/2025\/07\/Bielorussia-2-150x150.jpg\" data-type=\"wpmfgalleryimg\" data-lazy-src=\"https:\/\/www.carmelitaniscalzi.com\/wp-content\/uploads\/2025\/07\/Bielorussia-2-150x150.jpg\"><\/a><\/div><\/div><div class=\"wpmf-gallery-item\n     wpmf-gallery-item-position-2 wpmf-gallery-item-attachment-482531\" data-index=\"2\"><div class=\"wpmf-gallery-icon\"><a class=\" not_video noLightbox\" data-lightbox=\"1\" data-href=\"https:\/\/www.carmelitaniscalzi.com\/wp-content\/uploads\/2025\/07\/Bielorussia-3-1024x681.jpg\" title=\"Bielorussia 3\" target=\"_self\" data-index=\"2\"><img decoding=\"async\" class=\"wpmf_img\" alt=\"Bielorussia 3\" src=\"https:\/\/www.carmelitaniscalzi.com\/wp-content\/uploads\/2025\/07\/Bielorussia-3-150x150.jpg\" data-type=\"wpmfgalleryimg\" data-lazy-src=\"https:\/\/www.carmelitaniscalzi.com\/wp-content\/uploads\/2025\/07\/Bielorussia-3-150x150.jpg\"><\/a><\/div><\/div><div class=\"wpmf-gallery-item\n     wpmf-gallery-item-position-3 wpmf-gallery-item-attachment-482537\" data-index=\"3\"><div class=\"wpmf-gallery-icon\"><a class=\" not_video noLightbox\" data-lightbox=\"1\" data-href=\"https:\/\/www.carmelitaniscalzi.com\/wp-content\/uploads\/2025\/07\/Bielorussia-4-1024x681.jpg\" title=\"Bielorussia 4\" target=\"_self\" data-index=\"3\"><img decoding=\"async\" class=\"wpmf_img\" alt=\"Bielorussia 4\" src=\"https:\/\/www.carmelitaniscalzi.com\/wp-content\/uploads\/2025\/07\/Bielorussia-4-150x150.jpg\" data-type=\"wpmfgalleryimg\" data-lazy-src=\"https:\/\/www.carmelitaniscalzi.com\/wp-content\/uploads\/2025\/07\/Bielorussia-4-150x150.jpg\"><\/a><\/div><\/div><div class=\"wpmf-gallery-item\n     wpmf-gallery-item-position-4 wpmf-gallery-item-attachment-482543\" data-index=\"4\"><div class=\"wpmf-gallery-icon\"><a class=\" not_video noLightbox\" data-lightbox=\"1\" data-href=\"https:\/\/www.carmelitaniscalzi.com\/wp-content\/uploads\/2025\/07\/Bielorussia-5-1024x681.jpg\" title=\"Bielorussia 5\" target=\"_self\" data-index=\"4\"><img decoding=\"async\" class=\"wpmf_img\" alt=\"Bielorussia 5\" src=\"https:\/\/www.carmelitaniscalzi.com\/wp-content\/uploads\/2025\/07\/Bielorussia-5-150x150.jpg\" data-type=\"wpmfgalleryimg\" data-lazy-src=\"https:\/\/www.carmelitaniscalzi.com\/wp-content\/uploads\/2025\/07\/Bielorussia-5-150x150.jpg\"><\/a><\/div><\/div><div class=\"wpmf-gallery-item\n     wpmf-gallery-item-position-5 wpmf-gallery-item-attachment-482549\" data-index=\"5\"><div class=\"wpmf-gallery-icon\"><a class=\" not_video noLightbox\" data-lightbox=\"1\" data-href=\"https:\/\/www.carmelitaniscalzi.com\/wp-content\/uploads\/2025\/07\/Bielorussia-6-1024x681.jpg\" title=\"Bielorussia 6\" target=\"_self\" data-index=\"5\"><img decoding=\"async\" class=\"wpmf_img\" alt=\"Bielorussia 6\" src=\"https:\/\/www.carmelitaniscalzi.com\/wp-content\/uploads\/2025\/07\/Bielorussia-6-150x150.jpg\" data-type=\"wpmfgalleryimg\" data-lazy-src=\"https:\/\/www.carmelitaniscalzi.com\/wp-content\/uploads\/2025\/07\/Bielorussia-6-150x150.jpg\"><\/a><\/div><\/div><\/div><\/div>\n\n","protected":false},"excerpt":{"rendered":"<p>No dia 7 de junho, a igreja dos carmelitas de Minsk foi consagrada. Ao construir a igreja da Santa Cruz, o povo bielorrusso queria dar gra\u00e7as pelo dom da Eucaristia. Participaram da celebra\u00e7\u00e3o: o arcebispo metropolitano de Minsk-Magilew, Monsenhor Yuzaf Stanevski; o administrador apost\u00f3lico dos greco-cat\u00f3licos da Bielorr\u00fassia, o arquimandrita Syargei Hajek; o provincial dos [&hellip;]<\/p>\n","protected":false},"author":7,"featured_media":482555,"comment_status":"closed","ping_status":"closed","sticky":false,"template":"","format":"standard","meta":{"_acf_changed":false,"footnotes":""},"categories":[373,235,237,264],"tags":[],"class_list":["post-492690","post","type-post","status-publish","format-standard","has-post-thumbnail","hentry","category-noticias","category-noticias-frades","category-noticias-monjas-pt-br","category-noticias-ocds-pt-br"],"acf":[],"yoast_head":"<!-- This site is optimized with the Yoast SEO plugin v26.3 - https:\/\/yoast.com\/wordpress\/plugins\/seo\/ -->\n<title>Bielorr\u00fassia: consagra\u00e7\u00e3o da igreja dos carmelitas de Minsk - CARMELITAS DESCAL\u00c7OS<\/title>\n<meta name=\"robots\" content=\"index, follow, max-snippet:-1, max-image-preview:large, max-video-preview:-1\" \/>\n<link rel=\"canonical\" href=\"https:\/\/www.carmelitaniscalzi.com\/pt-br\/2025\/07\/20\/bielorrussia-consagracao-da-igreja-dos-carmelitas-de-minsk\/\" \/>\n<meta property=\"og:locale\" content=\"pt_BR\" \/>\n<meta property=\"og:type\" content=\"article\" \/>\n<meta property=\"og:title\" content=\"Bielorr\u00fassia: consagra\u00e7\u00e3o da igreja dos carmelitas de Minsk - CARMELITAS DESCAL\u00c7OS\" \/>\n<meta property=\"og:description\" content=\"No dia 7 de junho, a igreja dos carmelitas de Minsk foi consagrada. Ao construir a igreja da Santa Cruz, o povo bielorrusso queria dar gra\u00e7as pelo dom da Eucaristia. Participaram da celebra\u00e7\u00e3o: o arcebispo metropolitano de Minsk-Magilew, Monsenhor Yuzaf Stanevski; o administrador apost\u00f3lico dos greco-cat\u00f3licos da Bielorr\u00fassia, o arquimandrita Syargei Hajek; o provincial dos [&hellip;]\" \/>\n<meta property=\"og:url\" content=\"https:\/\/www.carmelitaniscalzi.com\/pt-br\/2025\/07\/20\/bielorrussia-consagracao-da-igreja-dos-carmelitas-de-minsk\/\" \/>\n<meta property=\"og:site_name\" content=\"CARMELITAS DESCAL\u00c7OS\" \/>\n<meta property=\"article:publisher\" content=\"https:\/\/www.facebook.com\/Curia-Generalizia-Carmelitani-Scalzi-658766940887784\/\" \/>\n<meta property=\"article:published_time\" content=\"2025-07-20T20:00:13+00:00\" \/>\n<meta property=\"og:image\" content=\"https:\/\/www.carmelitaniscalzi.com\/wp-content\/uploads\/2025\/07\/cover_biellorussia_06.2025.jpg\" \/>\n\t<meta property=\"og:image:width\" content=\"1200\" \/>\n\t<meta property=\"og:image:height\" content=\"800\" \/>\n\t<meta property=\"og:image:type\" content=\"image\/jpeg\" \/>\n<meta name=\"author\" content=\"ocd web master\" \/>\n<meta name=\"twitter:card\" content=\"summary_large_image\" \/>\n<meta name=\"twitter:creator\" content=\"@ocdcuria\" \/>\n<meta name=\"twitter:site\" content=\"@ocdcuria\" \/>\n<meta name=\"twitter:label1\" content=\"Escrito por\" \/>\n\t<meta name=\"twitter:data1\" content=\"ocd web master\" \/>\n\t<meta name=\"twitter:label2\" content=\"Est. tempo de leitura\" \/>\n\t<meta name=\"twitter:data2\" content=\"1 minuto\" \/>\n<script type=\"application\/ld+json\" class=\"yoast-schema-graph\">{\"@context\":\"https:\/\/schema.org\",\"@graph\":[{\"@type\":\"Article\",\"@id\":\"https:\/\/www.carmelitaniscalzi.com\/pt-br\/2025\/07\/20\/bielorrussia-consagracao-da-igreja-dos-carmelitas-de-minsk\/#article\",\"isPartOf\":{\"@id\":\"https:\/\/www.carmelitaniscalzi.com\/pt-br\/2025\/07\/20\/bielorrussia-consagracao-da-igreja-dos-carmelitas-de-minsk\/\"},\"author\":{\"name\":\"ocd web master\",\"@id\":\"https:\/\/www.carmelitaniscalzi.com\/#\/schema\/person\/6d1c0d9bea7b6625c437246a5d6da409\"},\"headline\":\"Bielorr\u00fassia: consagra\u00e7\u00e3o da igreja dos carmelitas de Minsk\",\"datePublished\":\"2025-07-20T20:00:13+00:00\",\"mainEntityOfPage\":{\"@id\":\"https:\/\/www.carmelitaniscalzi.com\/pt-br\/2025\/07\/20\/bielorrussia-consagracao-da-igreja-dos-carmelitas-de-minsk\/\"},\"wordCount\":197,\"publisher\":{\"@id\":\"https:\/\/www.carmelitaniscalzi.com\/#organization\"},\"image\":{\"@id\":\"https:\/\/www.carmelitaniscalzi.com\/pt-br\/2025\/07\/20\/bielorrussia-consagracao-da-igreja-dos-carmelitas-de-minsk\/#primaryimage\"},\"thumbnailUrl\":\"https:\/\/www.carmelitaniscalzi.com\/wp-content\/uploads\/2025\/07\/cover_biellorussia_06.2025.jpg\",\"articleSection\":[\"Not\u00edcias\",\"Not\u00edcias Frades\",\"Not\u00edcias Monjas\",\"Not\u00edcias OCDS\"],\"inLanguage\":\"pt-BR\"},{\"@type\":\"WebPage\",\"@id\":\"https:\/\/www.carmelitaniscalzi.com\/pt-br\/2025\/07\/20\/bielorrussia-consagracao-da-igreja-dos-carmelitas-de-minsk\/\",\"url\":\"https:\/\/www.carmelitaniscalzi.com\/pt-br\/2025\/07\/20\/bielorrussia-consagracao-da-igreja-dos-carmelitas-de-minsk\/\",\"name\":\"Bielorr\u00fassia: consagra\u00e7\u00e3o da igreja dos carmelitas de Minsk - CARMELITAS DESCAL\u00c7OS\",\"isPartOf\":{\"@id\":\"https:\/\/www.carmelitaniscalzi.com\/#website\"},\"primaryImageOfPage\":{\"@id\":\"https:\/\/www.carmelitaniscalzi.com\/pt-br\/2025\/07\/20\/bielorrussia-consagracao-da-igreja-dos-carmelitas-de-minsk\/#primaryimage\"},\"image\":{\"@id\":\"https:\/\/www.carmelitaniscalzi.com\/pt-br\/2025\/07\/20\/bielorrussia-consagracao-da-igreja-dos-carmelitas-de-minsk\/#primaryimage\"},\"thumbnailUrl\":\"https:\/\/www.carmelitaniscalzi.com\/wp-content\/uploads\/2025\/07\/cover_biellorussia_06.2025.jpg\",\"datePublished\":\"2025-07-20T20:00:13+00:00\",\"breadcrumb\":{\"@id\":\"https:\/\/www.carmelitaniscalzi.com\/pt-br\/2025\/07\/20\/bielorrussia-consagracao-da-igreja-dos-carmelitas-de-minsk\/#breadcrumb\"},\"inLanguage\":\"pt-BR\",\"potentialAction\":[{\"@type\":\"ReadAction\",\"target\":[\"https:\/\/www.carmelitaniscalzi.com\/pt-br\/2025\/07\/20\/bielorrussia-consagracao-da-igreja-dos-carmelitas-de-minsk\/\"]}]},{\"@type\":\"ImageObject\",\"inLanguage\":\"pt-BR\",\"@id\":\"https:\/\/www.carmelitaniscalzi.com\/pt-br\/2025\/07\/20\/bielorrussia-consagracao-da-igreja-dos-carmelitas-de-minsk\/#primaryimage\",\"url\":\"https:\/\/www.carmelitaniscalzi.com\/wp-content\/uploads\/2025\/07\/cover_biellorussia_06.2025.jpg\",\"contentUrl\":\"https:\/\/www.carmelitaniscalzi.com\/wp-content\/uploads\/2025\/07\/cover_biellorussia_06.2025.jpg\",\"width\":1200,\"height\":800},{\"@type\":\"BreadcrumbList\",\"@id\":\"https:\/\/www.carmelitaniscalzi.com\/pt-br\/2025\/07\/20\/bielorrussia-consagracao-da-igreja-dos-carmelitas-de-minsk\/#breadcrumb\",\"itemListElement\":[{\"@type\":\"ListItem\",\"position\":1,\"name\":\"Home\",\"item\":\"https:\/\/www.carmelitaniscalzi.com\/pt-br\/\"},{\"@type\":\"ListItem\",\"position\":2,\"name\":\"Bielorr\u00fassia: consagra\u00e7\u00e3o da igreja dos carmelitas de Minsk\"}]},{\"@type\":\"WebSite\",\"@id\":\"https:\/\/www.carmelitaniscalzi.com\/#website\",\"url\":\"https:\/\/www.carmelitaniscalzi.com\/\",\"name\":\"CARMELITANI SCALZI - Curia Generale del Carmelo Teresiano\",\"description\":\"C\u00faria General\u00edcia do Carmelo Teresiano\",\"publisher\":{\"@id\":\"https:\/\/www.carmelitaniscalzi.com\/#organization\"},\"alternateName\":\"CARMELITANI SCALZI\",\"potentialAction\":[{\"@type\":\"SearchAction\",\"target\":{\"@type\":\"EntryPoint\",\"urlTemplate\":\"https:\/\/www.carmelitaniscalzi.com\/?s={search_term_string}\"},\"query-input\":{\"@type\":\"PropertyValueSpecification\",\"valueRequired\":true,\"valueName\":\"search_term_string\"}}],\"inLanguage\":\"pt-BR\"},{\"@type\":\"Organization\",\"@id\":\"https:\/\/www.carmelitaniscalzi.com\/#organization\",\"name\":\"CARMELITANI SCALZI - Curia Generale del Carmelo Teresiano\",\"url\":\"https:\/\/www.carmelitaniscalzi.com\/\",\"logo\":{\"@type\":\"ImageObject\",\"inLanguage\":\"pt-BR\",\"@id\":\"https:\/\/www.carmelitaniscalzi.com\/#\/schema\/logo\/image\/\",\"url\":\"https:\/\/www.carmelitaniscalzi.com\/wp-content\/uploads\/2025\/11\/login-logo.png\",\"contentUrl\":\"https:\/\/www.carmelitaniscalzi.com\/wp-content\/uploads\/2025\/11\/login-logo.png\",\"width\":256,\"height\":256,\"caption\":\"CARMELITANI SCALZI - Curia Generale del Carmelo Teresiano\"},\"image\":{\"@id\":\"https:\/\/www.carmelitaniscalzi.com\/#\/schema\/logo\/image\/\"},\"sameAs\":[\"https:\/\/www.facebook.com\/Curia-Generalizia-Carmelitani-Scalzi-658766940887784\/\",\"https:\/\/x.com\/ocdcuria\",\"https:\/\/www.youtube.com\/channel\/UC2J5ZL0ycOY0qBSTCLX_NGQ\/videos\",\"https:\/\/www.instagram.com\/ocdinform\/\"]},{\"@type\":\"Person\",\"@id\":\"https:\/\/www.carmelitaniscalzi.com\/#\/schema\/person\/6d1c0d9bea7b6625c437246a5d6da409\",\"name\":\"ocd web master\",\"image\":{\"@type\":\"ImageObject\",\"inLanguage\":\"pt-BR\",\"@id\":\"https:\/\/www.carmelitaniscalzi.com\/#\/schema\/person\/image\/\",\"url\":\"https:\/\/secure.gravatar.com\/avatar\/41fbc5f82bad909fbaf2984c43fa50d8519ac5853e25b454d022b6868f80d0e7?s=96&d=mm&r=g\",\"contentUrl\":\"https:\/\/secure.gravatar.com\/avatar\/41fbc5f82bad909fbaf2984c43fa50d8519ac5853e25b454d022b6868f80d0e7?s=96&d=mm&r=g\",\"caption\":\"ocd web master\"},\"url\":\"https:\/\/www.carmelitaniscalzi.com\/pt-br\/author\/ocdwebmaster\/\"}]}<\/script>\n<!-- \/ Yoast SEO plugin. -->","yoast_head_json":{"title":"Bielorr\u00fassia: consagra\u00e7\u00e3o da igreja dos carmelitas de Minsk - CARMELITAS DESCAL\u00c7OS","robots":{"index":"index","follow":"follow","max-snippet":"max-snippet:-1","max-image-preview":"max-image-preview:large","max-video-preview":"max-video-preview:-1"},"canonical":"https:\/\/www.carmelitaniscalzi.com\/pt-br\/2025\/07\/20\/bielorrussia-consagracao-da-igreja-dos-carmelitas-de-minsk\/","og_locale":"pt_BR","og_type":"article","og_title":"Bielorr\u00fassia: consagra\u00e7\u00e3o da igreja dos carmelitas de Minsk - CARMELITAS DESCAL\u00c7OS","og_description":"No dia 7 de junho, a igreja dos carmelitas de Minsk foi consagrada. Ao construir a igreja da Santa Cruz, o povo bielorrusso queria dar gra\u00e7as pelo dom da Eucaristia. Participaram da celebra\u00e7\u00e3o: o arcebispo metropolitano de Minsk-Magilew, Monsenhor Yuzaf Stanevski; o administrador apost\u00f3lico dos greco-cat\u00f3licos da Bielorr\u00fassia, o arquimandrita Syargei Hajek; o provincial dos [&hellip;]","og_url":"https:\/\/www.carmelitaniscalzi.com\/pt-br\/2025\/07\/20\/bielorrussia-consagracao-da-igreja-dos-carmelitas-de-minsk\/","og_site_name":"CARMELITAS DESCAL\u00c7OS","article_publisher":"https:\/\/www.facebook.com\/Curia-Generalizia-Carmelitani-Scalzi-658766940887784\/","article_published_time":"2025-07-20T20:00:13+00:00","og_image":[{"width":1200,"height":800,"url":"https:\/\/www.carmelitaniscalzi.com\/wp-content\/uploads\/2025\/07\/cover_biellorussia_06.2025.jpg","type":"image\/jpeg"}],"author":"ocd web master","twitter_card":"summary_large_image","twitter_creator":"@ocdcuria","twitter_site":"@ocdcuria","twitter_misc":{"Escrito por":"ocd web master","Est. tempo de leitura":"1 minuto"},"schema":{"@context":"https:\/\/schema.org","@graph":[{"@type":"Article","@id":"https:\/\/www.carmelitaniscalzi.com\/pt-br\/2025\/07\/20\/bielorrussia-consagracao-da-igreja-dos-carmelitas-de-minsk\/#article","isPartOf":{"@id":"https:\/\/www.carmelitaniscalzi.com\/pt-br\/2025\/07\/20\/bielorrussia-consagracao-da-igreja-dos-carmelitas-de-minsk\/"},"author":{"name":"ocd web master","@id":"https:\/\/www.carmelitaniscalzi.com\/#\/schema\/person\/6d1c0d9bea7b6625c437246a5d6da409"},"headline":"Bielorr\u00fassia: consagra\u00e7\u00e3o da igreja dos carmelitas de Minsk","datePublished":"2025-07-20T20:00:13+00:00","mainEntityOfPage":{"@id":"https:\/\/www.carmelitaniscalzi.com\/pt-br\/2025\/07\/20\/bielorrussia-consagracao-da-igreja-dos-carmelitas-de-minsk\/"},"wordCount":197,"publisher":{"@id":"https:\/\/www.carmelitaniscalzi.com\/#organization"},"image":{"@id":"https:\/\/www.carmelitaniscalzi.com\/pt-br\/2025\/07\/20\/bielorrussia-consagracao-da-igreja-dos-carmelitas-de-minsk\/#primaryimage"},"thumbnailUrl":"https:\/\/www.carmelitaniscalzi.com\/wp-content\/uploads\/2025\/07\/cover_biellorussia_06.2025.jpg","articleSection":["Not\u00edcias","Not\u00edcias Frades","Not\u00edcias Monjas","Not\u00edcias OCDS"],"inLanguage":"pt-BR"},{"@type":"WebPage","@id":"https:\/\/www.carmelitaniscalzi.com\/pt-br\/2025\/07\/20\/bielorrussia-consagracao-da-igreja-dos-carmelitas-de-minsk\/","url":"https:\/\/www.carmelitaniscalzi.com\/pt-br\/2025\/07\/20\/bielorrussia-consagracao-da-igreja-dos-carmelitas-de-minsk\/","name":"Bielorr\u00fassia: consagra\u00e7\u00e3o da igreja dos carmelitas de Minsk - CARMELITAS DESCAL\u00c7OS","isPartOf":{"@id":"https:\/\/www.carmelitaniscalzi.com\/#website"},"primaryImageOfPage":{"@id":"https:\/\/www.carmelitaniscalzi.com\/pt-br\/2025\/07\/20\/bielorrussia-consagracao-da-igreja-dos-carmelitas-de-minsk\/#primaryimage"},"image":{"@id":"https:\/\/www.carmelitaniscalzi.com\/pt-br\/2025\/07\/20\/bielorrussia-consagracao-da-igreja-dos-carmelitas-de-minsk\/#primaryimage"},"thumbnailUrl":"https:\/\/www.carmelitaniscalzi.com\/wp-content\/uploads\/2025\/07\/cover_biellorussia_06.2025.jpg","datePublished":"2025-07-20T20:00:13+00:00","breadcrumb":{"@id":"https:\/\/www.carmelitaniscalzi.com\/pt-br\/2025\/07\/20\/bielorrussia-consagracao-da-igreja-dos-carmelitas-de-minsk\/#breadcrumb"},"inLanguage":"pt-BR","potentialAction":[{"@type":"ReadAction","target":["https:\/\/www.carmelitaniscalzi.com\/pt-br\/2025\/07\/20\/bielorrussia-consagracao-da-igreja-dos-carmelitas-de-minsk\/"]}]},{"@type":"ImageObject","inLanguage":"pt-BR","@id":"https:\/\/www.carmelitaniscalzi.com\/pt-br\/2025\/07\/20\/bielorrussia-consagracao-da-igreja-dos-carmelitas-de-minsk\/#primaryimage","url":"https:\/\/www.carmelitaniscalzi.com\/wp-content\/uploads\/2025\/07\/cover_biellorussia_06.2025.jpg","contentUrl":"https:\/\/www.carmelitaniscalzi.com\/wp-content\/uploads\/2025\/07\/cover_biellorussia_06.2025.jpg","width":1200,"height":800},{"@type":"BreadcrumbList","@id":"https:\/\/www.carmelitaniscalzi.com\/pt-br\/2025\/07\/20\/bielorrussia-consagracao-da-igreja-dos-carmelitas-de-minsk\/#breadcrumb","itemListElement":[{"@type":"ListItem","position":1,"name":"Home","item":"https:\/\/www.carmelitaniscalzi.com\/pt-br\/"},{"@type":"ListItem","position":2,"name":"Bielorr\u00fassia: consagra\u00e7\u00e3o da igreja dos carmelitas de Minsk"}]},{"@type":"WebSite","@id":"https:\/\/www.carmelitaniscalzi.com\/#website","url":"https:\/\/www.carmelitaniscalzi.com\/","name":"CARMELITANI SCALZI - Curia Generale del Carmelo Teresiano","description":"C\u00faria General\u00edcia do Carmelo Teresiano","publisher":{"@id":"https:\/\/www.carmelitaniscalzi.com\/#organization"},"alternateName":"CARMELITANI SCALZI","potentialAction":[{"@type":"SearchAction","target":{"@type":"EntryPoint","urlTemplate":"https:\/\/www.carmelitaniscalzi.com\/?s={search_term_string}"},"query-input":{"@type":"PropertyValueSpecification","valueRequired":true,"valueName":"search_term_string"}}],"inLanguage":"pt-BR"},{"@type":"Organization","@id":"https:\/\/www.carmelitaniscalzi.com\/#organization","name":"CARMELITANI SCALZI - Curia Generale del Carmelo Teresiano","url":"https:\/\/www.carmelitaniscalzi.com\/","logo":{"@type":"ImageObject","inLanguage":"pt-BR","@id":"https:\/\/www.carmelitaniscalzi.com\/#\/schema\/logo\/image\/","url":"https:\/\/www.carmelitaniscalzi.com\/wp-content\/uploads\/2025\/11\/login-logo.png","contentUrl":"https:\/\/www.carmelitaniscalzi.com\/wp-content\/uploads\/2025\/11\/login-logo.png","width":256,"height":256,"caption":"CARMELITANI SCALZI - Curia Generale del Carmelo Teresiano"},"image":{"@id":"https:\/\/www.carmelitaniscalzi.com\/#\/schema\/logo\/image\/"},"sameAs":["https:\/\/www.facebook.com\/Curia-Generalizia-Carmelitani-Scalzi-658766940887784\/","https:\/\/x.com\/ocdcuria","https:\/\/www.youtube.com\/channel\/UC2J5ZL0ycOY0qBSTCLX_NGQ\/videos","https:\/\/www.instagram.com\/ocdinform\/"]},{"@type":"Person","@id":"https:\/\/www.carmelitaniscalzi.com\/#\/schema\/person\/6d1c0d9bea7b6625c437246a5d6da409","name":"ocd web master","image":{"@type":"ImageObject","inLanguage":"pt-BR","@id":"https:\/\/www.carmelitaniscalzi.com\/#\/schema\/person\/image\/","url":"https:\/\/secure.gravatar.com\/avatar\/41fbc5f82bad909fbaf2984c43fa50d8519ac5853e25b454d022b6868f80d0e7?s=96&d=mm&r=g","contentUrl":"https:\/\/secure.gravatar.com\/avatar\/41fbc5f82bad909fbaf2984c43fa50d8519ac5853e25b454d022b6868f80d0e7?s=96&d=mm&r=g","caption":"ocd web master"},"url":"https:\/\/www.carmelitaniscalzi.com\/pt-br\/author\/ocdwebmaster\/"}]}},"_links":{"self":[{"href":"https:\/\/www.carmelitaniscalzi.com\/pt-br\/wp-json\/wp\/v2\/posts\/492690","targetHints":{"allow":["GET"]}}],"collection":[{"href":"https:\/\/www.carmelitaniscalzi.com\/pt-br\/wp-json\/wp\/v2\/posts"}],"about":[{"href":"https:\/\/www.carmelitaniscalzi.com\/pt-br\/wp-json\/wp\/v2\/types\/post"}],"author":[{"embeddable":true,"href":"https:\/\/www.carmelitaniscalzi.com\/pt-br\/wp-json\/wp\/v2\/users\/7"}],"replies":[{"embeddable":true,"href":"https:\/\/www.carmelitaniscalzi.com\/pt-br\/wp-json\/wp\/v2\/comments?post=492690"}],"version-history":[{"count":1,"href":"https:\/\/www.carmelitaniscalzi.com\/pt-br\/wp-json\/wp\/v2\/posts\/492690\/revisions"}],"predecessor-version":[{"id":492691,"href":"https:\/\/www.carmelitaniscalzi.com\/pt-br\/wp-json\/wp\/v2\/posts\/492690\/revisions\/492691"}],"wp:featuredmedia":[{"embeddable":true,"href":"https:\/\/www.carmelitaniscalzi.com\/pt-br\/wp-json\/wp\/v2\/media\/482555"}],"wp:attachment":[{"href":"https:\/\/www.carmelitaniscalzi.com\/pt-br\/wp-json\/wp\/v2\/media?parent=492690"}],"wp:term":[{"taxonomy":"category","embeddable":true,"href":"https:\/\/www.carmelitaniscalzi.com\/pt-br\/wp-json\/wp\/v2\/categories?post=492690"},{"taxonomy":"post_tag","embeddable":true,"href":"https:\/\/www.carmelitaniscalzi.com\/pt-br\/wp-json\/wp\/v2\/tags?post=492690"}],"curies":[{"name":"wp","href":"https:\/\/api.w.org\/{rel}","templated":true}]}}