{"id":45279,"date":"2021-01-19T00:30:37","date_gmt":"2021-01-18T23:30:37","guid":{"rendered":"https:\/\/www.carmelitaniscalzi.com\/?p=45279"},"modified":"2021-01-14T23:39:24","modified_gmt":"2021-01-14T22:39:24","slug":"noticias-do-carmelo-na-malasia","status":"publish","type":"post","link":"https:\/\/www.carmelitaniscalzi.com\/pt-br\/2021\/01\/19\/noticias-do-carmelo-na-malasia\/","title":{"rendered":"Not\u00edcias do Carmelo na Mal\u00e1sia"},"content":{"rendered":"<p>Transmitimos com alegria as not\u00edcias que chegaram de nossos irm\u00e3os e irm\u00e3s nesse pa\u00eds asi\u00e1tico.<\/p>\n<p>Apesar das dificuldades impostas pela pandemia e seguindo com aten\u00e7\u00e3o as medidas de seguran\u00e7a indicadas pelas autoridades, as comunidades de frades, monjas e seculares na Mal\u00e1sia celebraram uma tripla festa por ocasi\u00e3o da festa de S\u00e3o Jo\u00e3o da Cruz, no \u00faltimo dia 14 de dezembro.<\/p>\n<p>Al\u00e9m da festa do santo, celebrou-se o 90\u00ba anivers\u00e1rio de funda\u00e7\u00e3o do mosteiro de Nossa Senhora do Carmo e Santa Teresa do Menino Jesus (1930-2020) e o 60\u00ba anivers\u00e1rio da presen\u00e7a mission\u00e1ria da Madre Consuelo de Jesus, que deixou a Espanha com 32 anos de idade, chegando ao mosteiro em Kota Kinabalu (ent\u00e3o Jesselton) em 12 de abril de 1960. Foi superiora da comunidade por mais de 30 anos e hoje, aos 93 anos, ainda goza de muito boa sa\u00fade.<\/p>\n<p>A cerim\u00f4nia foi presidida pelo arcebispo Monsenhor John Wong, acompanhado do capel\u00e3o da comunidade \u2013 Padre Mattheus Luta \u2013 e dos Padres Cosme Lee, David Sham e outros 30 membros da fam\u00edlia carmelitana. Monsenhor Wong dirigiu emotivas palavras \u00e0 Madre Consuelo, cuja voca\u00e7\u00e3o interpretou \u00e0 luz daquela do profeta Isa\u00edas, animando-a a prosseguir, junto com todas as suas Irm\u00e3s, nos caminhos da luminosa escurid\u00e3o propostos por S\u00e3o Jo\u00e3o da Cruz para ser, como ele, testemunhas do amor de Deus feito carne redentora em Cristo, sempre a servi\u00e7o da Igreja local e universal. Concluiu sua exorta\u00e7\u00e3o agradecendo a presen\u00e7a e o dom que sup\u00f5em as Irm\u00e3s carmelitas, que t\u00eam atualmente sete membros em forma\u00e7\u00e3o.<\/p>\n<p>Depois da celebra\u00e7\u00e3o da missa, a presidente da OCDS, Celestine Jinu, convidou a todos para unir-se em um \u00e1gape fraterno na parte externa da capela. O bolo de anivers\u00e1rio para a ocasi\u00e3o foi distribu\u00eddo por Monsenhor Wong, em nome da comunidade carmelita, que a havia preparado. A not\u00edcia ecoou nos meios locais, como se pode ver em: <a href=\"http:\/\/www.heraldmalaysia.com\/news\/the-carmelite-community-celebrates-triple-joys-on-feast-of-st-john-of-the-cross\/57099\/1\">http:\/\/www.heraldmalaysia.com\/news\/the-carmelite-community-celebrates-triple-joys-on-feast-of-st-john-of-the-cross\/57099\/1<\/a><\/p>\n<p>Agradecemos a senhora Catherine Wan e ao seu jornal pela not\u00edcia e a imagem que a acompanha.<\/p>\n<p>&nbsp;<\/p>\n<p><a href=\"https:\/\/www.carmelitaniscalzi.com\/wp-content\/uploads\/2021\/01\/00-2.png\"><img loading=\"lazy\" decoding=\"async\" class=\"alignnone size-full wp-image-45224\" src=\"https:\/\/www.carmelitaniscalzi.com\/wp-content\/uploads\/2021\/01\/00-2.png\" alt=\"\" width=\"990\" height=\"658\" srcset=\"https:\/\/www.carmelitaniscalzi.com\/wp-content\/uploads\/2021\/01\/00-2.png 990w, https:\/\/www.carmelitaniscalzi.com\/wp-content\/uploads\/2021\/01\/00-2-300x199.png 300w, https:\/\/www.carmelitaniscalzi.com\/wp-content\/uploads\/2021\/01\/00-2-768x510.png 768w, https:\/\/www.carmelitaniscalzi.com\/wp-content\/uploads\/2021\/01\/00-2-83x55.png 83w, https:\/\/www.carmelitaniscalzi.com\/wp-content\/uploads\/2021\/01\/00-2-800x532.png 800w, https:\/\/www.carmelitaniscalzi.com\/wp-content\/uploads\/2021\/01\/00-2-580x385.png 580w\" sizes=\"auto, (max-width: 990px) 100vw, 990px\" \/><\/a><\/p>\n","protected":false},"excerpt":{"rendered":"<p>Transmitimos com alegria as not\u00edcias que chegaram de nossos irm\u00e3os e irm\u00e3s nesse pa\u00eds asi\u00e1tico. Apesar das dificuldades impostas pela pandemia e seguindo com aten\u00e7\u00e3o as medidas de seguran\u00e7a indicadas pelas autoridades, as comunidades de frades, monjas e seculares na Mal\u00e1sia celebraram uma tripla festa por ocasi\u00e3o da festa de S\u00e3o Jo\u00e3o da Cruz, no [&hellip;]<\/p>\n","protected":false},"author":7,"featured_media":45224,"comment_status":"closed","ping_status":"closed","sticky":false,"template":"","format":"standard","meta":{"_acf_changed":false,"footnotes":""},"categories":[235,237,264,373],"tags":[],"class_list":["post-45279","post","type-post","status-publish","format-standard","has-post-thumbnail","hentry","category-noticias-frades","category-noticias-monjas-pt-br","category-noticias-ocds-pt-br","category-noticias"],"acf":[],"yoast_head":"<!-- This site is optimized with the Yoast SEO plugin v26.3 - https:\/\/yoast.com\/wordpress\/plugins\/seo\/ -->\n<title>Not\u00edcias do Carmelo na Mal\u00e1sia - CARMELITAS DESCAL\u00c7OS<\/title>\n<meta name=\"description\" content=\"Apesar das dificuldades impostas pela pandemia e seguindo com aten\u00e7\u00e3o as medidas de seguran\u00e7a indicadas pelas autoridades, as comunidades de frades, monjas e seculares na Mal\u00e1sia celebraram uma tripla festa por ocasi\u00e3o da festa de S\u00e3o Jo\u00e3o da Cruz, no \u00faltimo dia 14 de dezembro.\" \/>\n<meta name=\"robots\" content=\"index, follow, max-snippet:-1, max-image-preview:large, max-video-preview:-1\" \/>\n<link rel=\"canonical\" href=\"https:\/\/www.carmelitaniscalzi.com\/pt-br\/2021\/01\/19\/noticias-do-carmelo-na-malasia\/\" \/>\n<meta property=\"og:locale\" content=\"pt_BR\" \/>\n<meta property=\"og:type\" content=\"article\" \/>\n<meta property=\"og:title\" content=\"Not\u00edcias do Carmelo na Mal\u00e1sia - CARMELITAS DESCAL\u00c7OS\" \/>\n<meta property=\"og:description\" content=\"Apesar das dificuldades impostas pela pandemia e seguindo com aten\u00e7\u00e3o as medidas de seguran\u00e7a indicadas pelas autoridades, as comunidades de frades, monjas e seculares na Mal\u00e1sia celebraram uma tripla festa por ocasi\u00e3o da festa de S\u00e3o Jo\u00e3o da Cruz, no \u00faltimo dia 14 de dezembro.\" \/>\n<meta property=\"og:url\" content=\"https:\/\/www.carmelitaniscalzi.com\/pt-br\/2021\/01\/19\/noticias-do-carmelo-na-malasia\/\" \/>\n<meta property=\"og:site_name\" content=\"CARMELITAS DESCAL\u00c7OS\" \/>\n<meta property=\"article:publisher\" content=\"https:\/\/www.facebook.com\/Curia-Generalizia-Carmelitani-Scalzi-658766940887784\/\" \/>\n<meta property=\"article:published_time\" content=\"2021-01-18T23:30:37+00:00\" \/>\n<meta property=\"og:image\" content=\"https:\/\/www.carmelitaniscalzi.com\/wp-content\/uploads\/2021\/01\/00-2.png\" \/>\n\t<meta property=\"og:image:width\" content=\"990\" \/>\n\t<meta property=\"og:image:height\" content=\"658\" \/>\n\t<meta property=\"og:image:type\" content=\"image\/png\" \/>\n<meta name=\"author\" content=\"ocd web master\" \/>\n<meta name=\"twitter:card\" content=\"summary_large_image\" \/>\n<meta name=\"twitter:creator\" content=\"@ocdcuria\" \/>\n<meta name=\"twitter:site\" content=\"@ocdcuria\" \/>\n<meta name=\"twitter:label1\" content=\"Escrito por\" \/>\n\t<meta name=\"twitter:data1\" content=\"ocd web master\" \/>\n\t<meta name=\"twitter:label2\" content=\"Est. tempo de leitura\" \/>\n\t<meta name=\"twitter:data2\" content=\"2 minutos\" \/>\n<script type=\"application\/ld+json\" class=\"yoast-schema-graph\">{\"@context\":\"https:\/\/schema.org\",\"@graph\":[{\"@type\":\"Article\",\"@id\":\"https:\/\/www.carmelitaniscalzi.com\/pt-br\/2021\/01\/19\/noticias-do-carmelo-na-malasia\/#article\",\"isPartOf\":{\"@id\":\"https:\/\/www.carmelitaniscalzi.com\/pt-br\/2021\/01\/19\/noticias-do-carmelo-na-malasia\/\"},\"author\":{\"name\":\"ocd web master\",\"@id\":\"https:\/\/www.carmelitaniscalzi.com\/#\/schema\/person\/6d1c0d9bea7b6625c437246a5d6da409\"},\"headline\":\"Not\u00edcias do Carmelo na Mal\u00e1sia\",\"datePublished\":\"2021-01-18T23:30:37+00:00\",\"mainEntityOfPage\":{\"@id\":\"https:\/\/www.carmelitaniscalzi.com\/pt-br\/2021\/01\/19\/noticias-do-carmelo-na-malasia\/\"},\"wordCount\":369,\"publisher\":{\"@id\":\"https:\/\/www.carmelitaniscalzi.com\/#organization\"},\"image\":{\"@id\":\"https:\/\/www.carmelitaniscalzi.com\/pt-br\/2021\/01\/19\/noticias-do-carmelo-na-malasia\/#primaryimage\"},\"thumbnailUrl\":\"https:\/\/www.carmelitaniscalzi.com\/wp-content\/uploads\/2021\/01\/00-2.png\",\"articleSection\":[\"Not\u00edcias Frades\",\"Not\u00edcias Monjas\",\"Not\u00edcias OCDS\",\"Not\u00edcias\"],\"inLanguage\":\"pt-BR\"},{\"@type\":\"WebPage\",\"@id\":\"https:\/\/www.carmelitaniscalzi.com\/pt-br\/2021\/01\/19\/noticias-do-carmelo-na-malasia\/\",\"url\":\"https:\/\/www.carmelitaniscalzi.com\/pt-br\/2021\/01\/19\/noticias-do-carmelo-na-malasia\/\",\"name\":\"Not\u00edcias do Carmelo na Mal\u00e1sia - CARMELITAS DESCAL\u00c7OS\",\"isPartOf\":{\"@id\":\"https:\/\/www.carmelitaniscalzi.com\/#website\"},\"primaryImageOfPage\":{\"@id\":\"https:\/\/www.carmelitaniscalzi.com\/pt-br\/2021\/01\/19\/noticias-do-carmelo-na-malasia\/#primaryimage\"},\"image\":{\"@id\":\"https:\/\/www.carmelitaniscalzi.com\/pt-br\/2021\/01\/19\/noticias-do-carmelo-na-malasia\/#primaryimage\"},\"thumbnailUrl\":\"https:\/\/www.carmelitaniscalzi.com\/wp-content\/uploads\/2021\/01\/00-2.png\",\"datePublished\":\"2021-01-18T23:30:37+00:00\",\"description\":\"Apesar das dificuldades impostas pela pandemia e seguindo com aten\u00e7\u00e3o as medidas de seguran\u00e7a indicadas pelas autoridades, as comunidades de frades, monjas e seculares na Mal\u00e1sia celebraram uma tripla festa por ocasi\u00e3o da festa de S\u00e3o Jo\u00e3o da Cruz, no \u00faltimo dia 14 de dezembro.\",\"breadcrumb\":{\"@id\":\"https:\/\/www.carmelitaniscalzi.com\/pt-br\/2021\/01\/19\/noticias-do-carmelo-na-malasia\/#breadcrumb\"},\"inLanguage\":\"pt-BR\",\"potentialAction\":[{\"@type\":\"ReadAction\",\"target\":[\"https:\/\/www.carmelitaniscalzi.com\/pt-br\/2021\/01\/19\/noticias-do-carmelo-na-malasia\/\"]}]},{\"@type\":\"ImageObject\",\"inLanguage\":\"pt-BR\",\"@id\":\"https:\/\/www.carmelitaniscalzi.com\/pt-br\/2021\/01\/19\/noticias-do-carmelo-na-malasia\/#primaryimage\",\"url\":\"https:\/\/www.carmelitaniscalzi.com\/wp-content\/uploads\/2021\/01\/00-2.png\",\"contentUrl\":\"https:\/\/www.carmelitaniscalzi.com\/wp-content\/uploads\/2021\/01\/00-2.png\",\"width\":990,\"height\":658},{\"@type\":\"BreadcrumbList\",\"@id\":\"https:\/\/www.carmelitaniscalzi.com\/pt-br\/2021\/01\/19\/noticias-do-carmelo-na-malasia\/#breadcrumb\",\"itemListElement\":[{\"@type\":\"ListItem\",\"position\":1,\"name\":\"Home\",\"item\":\"https:\/\/www.carmelitaniscalzi.com\/pt-br\/\"},{\"@type\":\"ListItem\",\"position\":2,\"name\":\"Not\u00edcias do Carmelo na Mal\u00e1sia\"}]},{\"@type\":\"WebSite\",\"@id\":\"https:\/\/www.carmelitaniscalzi.com\/#website\",\"url\":\"https:\/\/www.carmelitaniscalzi.com\/\",\"name\":\"CARMELITANI SCALZI - Curia Generale del Carmelo Teresiano\",\"description\":\"C\u00faria General\u00edcia do Carmelo Teresiano\",\"publisher\":{\"@id\":\"https:\/\/www.carmelitaniscalzi.com\/#organization\"},\"alternateName\":\"CARMELITANI SCALZI\",\"potentialAction\":[{\"@type\":\"SearchAction\",\"target\":{\"@type\":\"EntryPoint\",\"urlTemplate\":\"https:\/\/www.carmelitaniscalzi.com\/?s={search_term_string}\"},\"query-input\":{\"@type\":\"PropertyValueSpecification\",\"valueRequired\":true,\"valueName\":\"search_term_string\"}}],\"inLanguage\":\"pt-BR\"},{\"@type\":\"Organization\",\"@id\":\"https:\/\/www.carmelitaniscalzi.com\/#organization\",\"name\":\"CARMELITANI SCALZI - Curia Generale del Carmelo Teresiano\",\"url\":\"https:\/\/www.carmelitaniscalzi.com\/\",\"logo\":{\"@type\":\"ImageObject\",\"inLanguage\":\"pt-BR\",\"@id\":\"https:\/\/www.carmelitaniscalzi.com\/#\/schema\/logo\/image\/\",\"url\":\"https:\/\/www.carmelitaniscalzi.com\/wp-content\/uploads\/2025\/11\/login-logo.png\",\"contentUrl\":\"https:\/\/www.carmelitaniscalzi.com\/wp-content\/uploads\/2025\/11\/login-logo.png\",\"width\":256,\"height\":256,\"caption\":\"CARMELITANI SCALZI - Curia Generale del Carmelo Teresiano\"},\"image\":{\"@id\":\"https:\/\/www.carmelitaniscalzi.com\/#\/schema\/logo\/image\/\"},\"sameAs\":[\"https:\/\/www.facebook.com\/Curia-Generalizia-Carmelitani-Scalzi-658766940887784\/\",\"https:\/\/x.com\/ocdcuria\",\"https:\/\/www.youtube.com\/channel\/UC2J5ZL0ycOY0qBSTCLX_NGQ\/videos\",\"https:\/\/www.instagram.com\/ocdinform\/\"]},{\"@type\":\"Person\",\"@id\":\"https:\/\/www.carmelitaniscalzi.com\/#\/schema\/person\/6d1c0d9bea7b6625c437246a5d6da409\",\"name\":\"ocd web master\",\"image\":{\"@type\":\"ImageObject\",\"inLanguage\":\"pt-BR\",\"@id\":\"https:\/\/www.carmelitaniscalzi.com\/#\/schema\/person\/image\/\",\"url\":\"https:\/\/secure.gravatar.com\/avatar\/41fbc5f82bad909fbaf2984c43fa50d8519ac5853e25b454d022b6868f80d0e7?s=96&d=mm&r=g\",\"contentUrl\":\"https:\/\/secure.gravatar.com\/avatar\/41fbc5f82bad909fbaf2984c43fa50d8519ac5853e25b454d022b6868f80d0e7?s=96&d=mm&r=g\",\"caption\":\"ocd web master\"},\"url\":\"https:\/\/www.carmelitaniscalzi.com\/pt-br\/author\/ocdwebmaster\/\"}]}<\/script>\n<!-- \/ Yoast SEO plugin. -->","yoast_head_json":{"title":"Not\u00edcias do Carmelo na Mal\u00e1sia - CARMELITAS DESCAL\u00c7OS","description":"Apesar das dificuldades impostas pela pandemia e seguindo com aten\u00e7\u00e3o as medidas de seguran\u00e7a indicadas pelas autoridades, as comunidades de frades, monjas e seculares na Mal\u00e1sia celebraram uma tripla festa por ocasi\u00e3o da festa de S\u00e3o Jo\u00e3o da Cruz, no \u00faltimo dia 14 de dezembro.","robots":{"index":"index","follow":"follow","max-snippet":"max-snippet:-1","max-image-preview":"max-image-preview:large","max-video-preview":"max-video-preview:-1"},"canonical":"https:\/\/www.carmelitaniscalzi.com\/pt-br\/2021\/01\/19\/noticias-do-carmelo-na-malasia\/","og_locale":"pt_BR","og_type":"article","og_title":"Not\u00edcias do Carmelo na Mal\u00e1sia - CARMELITAS DESCAL\u00c7OS","og_description":"Apesar das dificuldades impostas pela pandemia e seguindo com aten\u00e7\u00e3o as medidas de seguran\u00e7a indicadas pelas autoridades, as comunidades de frades, monjas e seculares na Mal\u00e1sia celebraram uma tripla festa por ocasi\u00e3o da festa de S\u00e3o Jo\u00e3o da Cruz, no \u00faltimo dia 14 de dezembro.","og_url":"https:\/\/www.carmelitaniscalzi.com\/pt-br\/2021\/01\/19\/noticias-do-carmelo-na-malasia\/","og_site_name":"CARMELITAS DESCAL\u00c7OS","article_publisher":"https:\/\/www.facebook.com\/Curia-Generalizia-Carmelitani-Scalzi-658766940887784\/","article_published_time":"2021-01-18T23:30:37+00:00","og_image":[{"width":990,"height":658,"url":"https:\/\/www.carmelitaniscalzi.com\/wp-content\/uploads\/2021\/01\/00-2.png","type":"image\/png"}],"author":"ocd web master","twitter_card":"summary_large_image","twitter_creator":"@ocdcuria","twitter_site":"@ocdcuria","twitter_misc":{"Escrito por":"ocd web master","Est. tempo de leitura":"2 minutos"},"schema":{"@context":"https:\/\/schema.org","@graph":[{"@type":"Article","@id":"https:\/\/www.carmelitaniscalzi.com\/pt-br\/2021\/01\/19\/noticias-do-carmelo-na-malasia\/#article","isPartOf":{"@id":"https:\/\/www.carmelitaniscalzi.com\/pt-br\/2021\/01\/19\/noticias-do-carmelo-na-malasia\/"},"author":{"name":"ocd web master","@id":"https:\/\/www.carmelitaniscalzi.com\/#\/schema\/person\/6d1c0d9bea7b6625c437246a5d6da409"},"headline":"Not\u00edcias do Carmelo na Mal\u00e1sia","datePublished":"2021-01-18T23:30:37+00:00","mainEntityOfPage":{"@id":"https:\/\/www.carmelitaniscalzi.com\/pt-br\/2021\/01\/19\/noticias-do-carmelo-na-malasia\/"},"wordCount":369,"publisher":{"@id":"https:\/\/www.carmelitaniscalzi.com\/#organization"},"image":{"@id":"https:\/\/www.carmelitaniscalzi.com\/pt-br\/2021\/01\/19\/noticias-do-carmelo-na-malasia\/#primaryimage"},"thumbnailUrl":"https:\/\/www.carmelitaniscalzi.com\/wp-content\/uploads\/2021\/01\/00-2.png","articleSection":["Not\u00edcias Frades","Not\u00edcias Monjas","Not\u00edcias OCDS","Not\u00edcias"],"inLanguage":"pt-BR"},{"@type":"WebPage","@id":"https:\/\/www.carmelitaniscalzi.com\/pt-br\/2021\/01\/19\/noticias-do-carmelo-na-malasia\/","url":"https:\/\/www.carmelitaniscalzi.com\/pt-br\/2021\/01\/19\/noticias-do-carmelo-na-malasia\/","name":"Not\u00edcias do Carmelo na Mal\u00e1sia - CARMELITAS DESCAL\u00c7OS","isPartOf":{"@id":"https:\/\/www.carmelitaniscalzi.com\/#website"},"primaryImageOfPage":{"@id":"https:\/\/www.carmelitaniscalzi.com\/pt-br\/2021\/01\/19\/noticias-do-carmelo-na-malasia\/#primaryimage"},"image":{"@id":"https:\/\/www.carmelitaniscalzi.com\/pt-br\/2021\/01\/19\/noticias-do-carmelo-na-malasia\/#primaryimage"},"thumbnailUrl":"https:\/\/www.carmelitaniscalzi.com\/wp-content\/uploads\/2021\/01\/00-2.png","datePublished":"2021-01-18T23:30:37+00:00","description":"Apesar das dificuldades impostas pela pandemia e seguindo com aten\u00e7\u00e3o as medidas de seguran\u00e7a indicadas pelas autoridades, as comunidades de frades, monjas e seculares na Mal\u00e1sia celebraram uma tripla festa por ocasi\u00e3o da festa de S\u00e3o Jo\u00e3o da Cruz, no \u00faltimo dia 14 de dezembro.","breadcrumb":{"@id":"https:\/\/www.carmelitaniscalzi.com\/pt-br\/2021\/01\/19\/noticias-do-carmelo-na-malasia\/#breadcrumb"},"inLanguage":"pt-BR","potentialAction":[{"@type":"ReadAction","target":["https:\/\/www.carmelitaniscalzi.com\/pt-br\/2021\/01\/19\/noticias-do-carmelo-na-malasia\/"]}]},{"@type":"ImageObject","inLanguage":"pt-BR","@id":"https:\/\/www.carmelitaniscalzi.com\/pt-br\/2021\/01\/19\/noticias-do-carmelo-na-malasia\/#primaryimage","url":"https:\/\/www.carmelitaniscalzi.com\/wp-content\/uploads\/2021\/01\/00-2.png","contentUrl":"https:\/\/www.carmelitaniscalzi.com\/wp-content\/uploads\/2021\/01\/00-2.png","width":990,"height":658},{"@type":"BreadcrumbList","@id":"https:\/\/www.carmelitaniscalzi.com\/pt-br\/2021\/01\/19\/noticias-do-carmelo-na-malasia\/#breadcrumb","itemListElement":[{"@type":"ListItem","position":1,"name":"Home","item":"https:\/\/www.carmelitaniscalzi.com\/pt-br\/"},{"@type":"ListItem","position":2,"name":"Not\u00edcias do Carmelo na Mal\u00e1sia"}]},{"@type":"WebSite","@id":"https:\/\/www.carmelitaniscalzi.com\/#website","url":"https:\/\/www.carmelitaniscalzi.com\/","name":"CARMELITANI SCALZI - Curia Generale del Carmelo Teresiano","description":"C\u00faria General\u00edcia do Carmelo Teresiano","publisher":{"@id":"https:\/\/www.carmelitaniscalzi.com\/#organization"},"alternateName":"CARMELITANI SCALZI","potentialAction":[{"@type":"SearchAction","target":{"@type":"EntryPoint","urlTemplate":"https:\/\/www.carmelitaniscalzi.com\/?s={search_term_string}"},"query-input":{"@type":"PropertyValueSpecification","valueRequired":true,"valueName":"search_term_string"}}],"inLanguage":"pt-BR"},{"@type":"Organization","@id":"https:\/\/www.carmelitaniscalzi.com\/#organization","name":"CARMELITANI SCALZI - Curia Generale del Carmelo Teresiano","url":"https:\/\/www.carmelitaniscalzi.com\/","logo":{"@type":"ImageObject","inLanguage":"pt-BR","@id":"https:\/\/www.carmelitaniscalzi.com\/#\/schema\/logo\/image\/","url":"https:\/\/www.carmelitaniscalzi.com\/wp-content\/uploads\/2025\/11\/login-logo.png","contentUrl":"https:\/\/www.carmelitaniscalzi.com\/wp-content\/uploads\/2025\/11\/login-logo.png","width":256,"height":256,"caption":"CARMELITANI SCALZI - Curia Generale del Carmelo Teresiano"},"image":{"@id":"https:\/\/www.carmelitaniscalzi.com\/#\/schema\/logo\/image\/"},"sameAs":["https:\/\/www.facebook.com\/Curia-Generalizia-Carmelitani-Scalzi-658766940887784\/","https:\/\/x.com\/ocdcuria","https:\/\/www.youtube.com\/channel\/UC2J5ZL0ycOY0qBSTCLX_NGQ\/videos","https:\/\/www.instagram.com\/ocdinform\/"]},{"@type":"Person","@id":"https:\/\/www.carmelitaniscalzi.com\/#\/schema\/person\/6d1c0d9bea7b6625c437246a5d6da409","name":"ocd web master","image":{"@type":"ImageObject","inLanguage":"pt-BR","@id":"https:\/\/www.carmelitaniscalzi.com\/#\/schema\/person\/image\/","url":"https:\/\/secure.gravatar.com\/avatar\/41fbc5f82bad909fbaf2984c43fa50d8519ac5853e25b454d022b6868f80d0e7?s=96&d=mm&r=g","contentUrl":"https:\/\/secure.gravatar.com\/avatar\/41fbc5f82bad909fbaf2984c43fa50d8519ac5853e25b454d022b6868f80d0e7?s=96&d=mm&r=g","caption":"ocd web master"},"url":"https:\/\/www.carmelitaniscalzi.com\/pt-br\/author\/ocdwebmaster\/"}]}},"_links":{"self":[{"href":"https:\/\/www.carmelitaniscalzi.com\/pt-br\/wp-json\/wp\/v2\/posts\/45279","targetHints":{"allow":["GET"]}}],"collection":[{"href":"https:\/\/www.carmelitaniscalzi.com\/pt-br\/wp-json\/wp\/v2\/posts"}],"about":[{"href":"https:\/\/www.carmelitaniscalzi.com\/pt-br\/wp-json\/wp\/v2\/types\/post"}],"author":[{"embeddable":true,"href":"https:\/\/www.carmelitaniscalzi.com\/pt-br\/wp-json\/wp\/v2\/users\/7"}],"replies":[{"embeddable":true,"href":"https:\/\/www.carmelitaniscalzi.com\/pt-br\/wp-json\/wp\/v2\/comments?post=45279"}],"version-history":[{"count":0,"href":"https:\/\/www.carmelitaniscalzi.com\/pt-br\/wp-json\/wp\/v2\/posts\/45279\/revisions"}],"wp:featuredmedia":[{"embeddable":true,"href":"https:\/\/www.carmelitaniscalzi.com\/pt-br\/wp-json\/wp\/v2\/media\/45224"}],"wp:attachment":[{"href":"https:\/\/www.carmelitaniscalzi.com\/pt-br\/wp-json\/wp\/v2\/media?parent=45279"}],"wp:term":[{"taxonomy":"category","embeddable":true,"href":"https:\/\/www.carmelitaniscalzi.com\/pt-br\/wp-json\/wp\/v2\/categories?post=45279"},{"taxonomy":"post_tag","embeddable":true,"href":"https:\/\/www.carmelitaniscalzi.com\/pt-br\/wp-json\/wp\/v2\/tags?post=45279"}],"curies":[{"name":"wp","href":"https:\/\/api.w.org\/{rel}","templated":true}]}}