{"id":449455,"date":"2025-03-07T01:00:55","date_gmt":"2025-03-07T00:00:55","guid":{"rendered":"https:\/\/www.carmelitaniscalzi.com\/?p=449455"},"modified":"2025-03-14T01:04:43","modified_gmt":"2025-03-14T00:04:43","slug":"italia-padre-saverio-cannistra-nomeado-arcebispo-metropolitano-de-pisa","status":"publish","type":"post","link":"https:\/\/www.carmelitaniscalzi.com\/pt-br\/2025\/03\/07\/italia-padre-saverio-cannistra-nomeado-arcebispo-metropolitano-de-pisa\/","title":{"rendered":"It\u00e1lia: Padre Saverio Cannistr\u00e0 nomeado arcebispo metropolitano de Pisa"},"content":{"rendered":"<p>Sexta-feira, 6 de fevereiro, o Santo Padre nomeou arcebispo metropolitano de Pisa o Padre Saverio Cannistr\u00e0, OCD, j\u00e1 Prep\u00f3sito Geral dos Carmelitas Descal\u00e7os e at\u00e9 ent\u00e3o vig\u00e1rio paroquial de <em>S\u00e3o Pancr\u00e1cio<\/em>, em Roma.<\/p>\n<h2><strong><em>Curriculum vitae<\/em><\/strong><\/h2>\n<p>Monsenhor Saverio Cannistr\u00e0, OCD, nasceu em Catanzaro em 3 de outubro de 1958. Ap\u00f3s a Licenciatura em Filologia rom\u00e2nica na <em>Scuola Normale Superiore<\/em> de Pisa, teve uma experi\u00eancia de trabalho como redator em uma editora. Em 17 de setembro de 1985 entrou no noviciado da Prov\u00edncia italiana da Toscana, da Ordem dos Carmelitas Descal\u00e7os, e emitiu a profiss\u00e3o perp\u00e9tua em 14 de setembro de 1990. Em 24 de outubro de 1992 foi ordenado sacerdote.<\/p>\n<p>Exerceu os seguintes cargos e realizou os seguintes estudos: Doutorado em Teologia Dogm\u00e1tica na <em>Pontificia Universit\u00e0 Gregoriana <\/em>de Roma (1998); professor de Cristologia e Antropologia Teol\u00f3gica na <em>Facolt\u00e0 Teologica dell\u2019Italia Centrale<\/em> de Floren\u00e7a (2003-2009). Em 2007 foi eleito membro do Conselho da presid\u00eancia da Associa\u00e7\u00e3o Teol\u00f3gica Italiana.<\/p>\n<p>Na Prov\u00edncia Toscana dos Carmelitas Descal\u00e7os foi conselheiro provincial (1996-2002); mestre dos postulantes e dos estudantes (1999-2008), provincial (2008). Foi Prep\u00f3sito Geral da Ordem dos Carmelitas Descal\u00e7os de 2009 a 2021. \u00c9 membro do Conselho Presbiteral da Arquidiocese Metropolitana de Floren\u00e7a e atualmente \u00e9 vig\u00e1rio paroquial na igreja de S\u00e3o Pancr\u00e1cio, em Roma.<\/p>\n<div class=\"wpmf-gallerys wpmf-gallerys-life \" ><div id=\"gallery-1\"\n data-gutter-width=\"5\"\n  data-wpmfcolumns=\"3\" class=\"wpmf-gallery gallery-link-file gallery_life gallery-masonry gallery-columns-3 gallery-size-thumbnail wpmf-gallery-bottomspace-default wpmf-gallery-clear wpmf-has-border-radius-0 wpmf-gutterwidth-5\"><div class=\"wpmf-gallery-item\n     wpmf-gallery-item-position-0 wpmf-gallery-item-attachment-449295\" data-index=\"0\"><div class=\"wpmf-gallery-icon\"><a class=\" not_video noLightbox\" data-lightbox=\"1\" data-href=\"https:\/\/www.carmelitaniscalzi.com\/wp-content\/uploads\/2025\/03\/Saverio-1.jpg\" title=\"Saverio 1\" target=\"_self\" data-index=\"0\"><img decoding=\"async\" class=\"wpmf_img\" alt=\"Saverio 1\" src=\"https:\/\/www.carmelitaniscalzi.com\/wp-content\/uploads\/2025\/03\/Saverio-1-150x150.jpg\" data-type=\"wpmfgalleryimg\" data-lazy-src=\"https:\/\/www.carmelitaniscalzi.com\/wp-content\/uploads\/2025\/03\/Saverio-1-150x150.jpg\"><\/a><\/div><\/div><div class=\"wpmf-gallery-item\n     wpmf-gallery-item-position-1 wpmf-gallery-item-attachment-449301\" data-index=\"1\"><div class=\"wpmf-gallery-icon\"><a class=\" not_video noLightbox\" data-lightbox=\"1\" data-href=\"https:\/\/www.carmelitaniscalzi.com\/wp-content\/uploads\/2025\/03\/Saverio-2-731x1024.jpg\" title=\"Saverio 2\" target=\"_self\" data-index=\"1\"><img decoding=\"async\" class=\"wpmf_img\" alt=\"Saverio 2\" src=\"https:\/\/www.carmelitaniscalzi.com\/wp-content\/uploads\/2025\/03\/Saverio-2-150x150.jpg\" data-type=\"wpmfgalleryimg\" data-lazy-src=\"https:\/\/www.carmelitaniscalzi.com\/wp-content\/uploads\/2025\/03\/Saverio-2-150x150.jpg\"><\/a><\/div><\/div><div class=\"wpmf-gallery-item\n     wpmf-gallery-item-position-2 wpmf-gallery-item-attachment-449307\" data-index=\"2\"><div class=\"wpmf-gallery-icon\"><a class=\" not_video noLightbox\" data-lightbox=\"1\" data-href=\"https:\/\/www.carmelitaniscalzi.com\/wp-content\/uploads\/2025\/03\/Saverio-3-468x1024.webp\" title=\"Saverio 3\" target=\"_self\" data-index=\"2\"><img decoding=\"async\" class=\"wpmf_img\" alt=\"Saverio 3\" src=\"https:\/\/www.carmelitaniscalzi.com\/wp-content\/uploads\/2025\/03\/Saverio-3-150x150.webp\" data-type=\"wpmfgalleryimg\" data-lazy-src=\"https:\/\/www.carmelitaniscalzi.com\/wp-content\/uploads\/2025\/03\/Saverio-3-150x150.webp\"><\/a><\/div><\/div><\/div><\/div>\n\n","protected":false},"excerpt":{"rendered":"<p>Sexta-feira, 6 de fevereiro, o Santo Padre nomeou arcebispo metropolitano de Pisa o Padre Saverio Cannistr\u00e0, OCD, j\u00e1 Prep\u00f3sito Geral dos Carmelitas Descal\u00e7os e at\u00e9 ent\u00e3o vig\u00e1rio paroquial de S\u00e3o Pancr\u00e1cio, em Roma. Curriculum vitae Monsenhor Saverio Cannistr\u00e0, OCD, nasceu em Catanzaro em 3 de outubro de 1958. Ap\u00f3s a Licenciatura em Filologia rom\u00e2nica na [&hellip;]<\/p>\n","protected":false},"author":7,"featured_media":449289,"comment_status":"closed","ping_status":"open","sticky":false,"template":"","format":"standard","meta":{"_acf_changed":false,"footnotes":""},"categories":[235,373],"tags":[],"class_list":["post-449455","post","type-post","status-publish","format-standard","has-post-thumbnail","hentry","category-noticias-frades","category-noticias"],"acf":[],"yoast_head":"<!-- This site is optimized with the Yoast SEO plugin v26.3 - https:\/\/yoast.com\/wordpress\/plugins\/seo\/ -->\n<title>It\u00e1lia: Padre Saverio Cannistr\u00e0 nomeado arcebispo metropolitano de Pisa - CARMELITAS DESCAL\u00c7OS<\/title>\n<meta name=\"robots\" content=\"index, follow, max-snippet:-1, max-image-preview:large, max-video-preview:-1\" \/>\n<link rel=\"canonical\" href=\"https:\/\/www.carmelitaniscalzi.com\/pt-br\/2025\/03\/07\/italia-padre-saverio-cannistra-nomeado-arcebispo-metropolitano-de-pisa\/\" \/>\n<meta property=\"og:locale\" content=\"pt_BR\" \/>\n<meta property=\"og:type\" content=\"article\" \/>\n<meta property=\"og:title\" content=\"It\u00e1lia: Padre Saverio Cannistr\u00e0 nomeado arcebispo metropolitano de Pisa - CARMELITAS DESCAL\u00c7OS\" \/>\n<meta property=\"og:description\" content=\"Sexta-feira, 6 de fevereiro, o Santo Padre nomeou arcebispo metropolitano de Pisa o Padre Saverio Cannistr\u00e0, OCD, j\u00e1 Prep\u00f3sito Geral dos Carmelitas Descal\u00e7os e at\u00e9 ent\u00e3o vig\u00e1rio paroquial de S\u00e3o Pancr\u00e1cio, em Roma. Curriculum vitae Monsenhor Saverio Cannistr\u00e0, OCD, nasceu em Catanzaro em 3 de outubro de 1958. Ap\u00f3s a Licenciatura em Filologia rom\u00e2nica na [&hellip;]\" \/>\n<meta property=\"og:url\" content=\"https:\/\/www.carmelitaniscalzi.com\/pt-br\/2025\/03\/07\/italia-padre-saverio-cannistra-nomeado-arcebispo-metropolitano-de-pisa\/\" \/>\n<meta property=\"og:site_name\" content=\"CARMELITAS DESCAL\u00c7OS\" \/>\n<meta property=\"article:publisher\" content=\"https:\/\/www.facebook.com\/Curia-Generalizia-Carmelitani-Scalzi-658766940887784\/\" \/>\n<meta property=\"article:published_time\" content=\"2025-03-07T00:00:55+00:00\" \/>\n<meta property=\"article:modified_time\" content=\"2025-03-14T00:04:43+00:00\" \/>\n<meta property=\"og:image\" content=\"https:\/\/www.carmelitaniscalzi.com\/wp-content\/uploads\/2025\/03\/cover_saverio_02.2025.jpg\" \/>\n\t<meta property=\"og:image:width\" content=\"1200\" \/>\n\t<meta property=\"og:image:height\" content=\"800\" \/>\n\t<meta property=\"og:image:type\" content=\"image\/jpeg\" \/>\n<meta name=\"author\" content=\"ocd web master\" \/>\n<meta name=\"twitter:card\" content=\"summary_large_image\" \/>\n<meta name=\"twitter:creator\" content=\"@ocdcuria\" \/>\n<meta name=\"twitter:site\" content=\"@ocdcuria\" \/>\n<meta name=\"twitter:label1\" content=\"Escrito por\" \/>\n\t<meta name=\"twitter:data1\" content=\"ocd web master\" \/>\n\t<meta name=\"twitter:label2\" content=\"Est. tempo de leitura\" \/>\n\t<meta name=\"twitter:data2\" content=\"1 minuto\" \/>\n<script type=\"application\/ld+json\" class=\"yoast-schema-graph\">{\"@context\":\"https:\/\/schema.org\",\"@graph\":[{\"@type\":\"Article\",\"@id\":\"https:\/\/www.carmelitaniscalzi.com\/pt-br\/2025\/03\/07\/italia-padre-saverio-cannistra-nomeado-arcebispo-metropolitano-de-pisa\/#article\",\"isPartOf\":{\"@id\":\"https:\/\/www.carmelitaniscalzi.com\/pt-br\/2025\/03\/07\/italia-padre-saverio-cannistra-nomeado-arcebispo-metropolitano-de-pisa\/\"},\"author\":{\"name\":\"ocd web master\",\"@id\":\"https:\/\/www.carmelitaniscalzi.com\/#\/schema\/person\/6d1c0d9bea7b6625c437246a5d6da409\"},\"headline\":\"It\u00e1lia: Padre Saverio Cannistr\u00e0 nomeado arcebispo metropolitano de Pisa\",\"datePublished\":\"2025-03-07T00:00:55+00:00\",\"dateModified\":\"2025-03-14T00:04:43+00:00\",\"mainEntityOfPage\":{\"@id\":\"https:\/\/www.carmelitaniscalzi.com\/pt-br\/2025\/03\/07\/italia-padre-saverio-cannistra-nomeado-arcebispo-metropolitano-de-pisa\/\"},\"wordCount\":240,\"publisher\":{\"@id\":\"https:\/\/www.carmelitaniscalzi.com\/#organization\"},\"image\":{\"@id\":\"https:\/\/www.carmelitaniscalzi.com\/pt-br\/2025\/03\/07\/italia-padre-saverio-cannistra-nomeado-arcebispo-metropolitano-de-pisa\/#primaryimage\"},\"thumbnailUrl\":\"https:\/\/www.carmelitaniscalzi.com\/wp-content\/uploads\/2025\/03\/cover_saverio_02.2025.jpg\",\"articleSection\":[\"Not\u00edcias Frades\",\"Not\u00edcias\"],\"inLanguage\":\"pt-BR\"},{\"@type\":\"WebPage\",\"@id\":\"https:\/\/www.carmelitaniscalzi.com\/pt-br\/2025\/03\/07\/italia-padre-saverio-cannistra-nomeado-arcebispo-metropolitano-de-pisa\/\",\"url\":\"https:\/\/www.carmelitaniscalzi.com\/pt-br\/2025\/03\/07\/italia-padre-saverio-cannistra-nomeado-arcebispo-metropolitano-de-pisa\/\",\"name\":\"It\u00e1lia: Padre Saverio Cannistr\u00e0 nomeado arcebispo metropolitano de Pisa - CARMELITAS DESCAL\u00c7OS\",\"isPartOf\":{\"@id\":\"https:\/\/www.carmelitaniscalzi.com\/#website\"},\"primaryImageOfPage\":{\"@id\":\"https:\/\/www.carmelitaniscalzi.com\/pt-br\/2025\/03\/07\/italia-padre-saverio-cannistra-nomeado-arcebispo-metropolitano-de-pisa\/#primaryimage\"},\"image\":{\"@id\":\"https:\/\/www.carmelitaniscalzi.com\/pt-br\/2025\/03\/07\/italia-padre-saverio-cannistra-nomeado-arcebispo-metropolitano-de-pisa\/#primaryimage\"},\"thumbnailUrl\":\"https:\/\/www.carmelitaniscalzi.com\/wp-content\/uploads\/2025\/03\/cover_saverio_02.2025.jpg\",\"datePublished\":\"2025-03-07T00:00:55+00:00\",\"dateModified\":\"2025-03-14T00:04:43+00:00\",\"breadcrumb\":{\"@id\":\"https:\/\/www.carmelitaniscalzi.com\/pt-br\/2025\/03\/07\/italia-padre-saverio-cannistra-nomeado-arcebispo-metropolitano-de-pisa\/#breadcrumb\"},\"inLanguage\":\"pt-BR\",\"potentialAction\":[{\"@type\":\"ReadAction\",\"target\":[\"https:\/\/www.carmelitaniscalzi.com\/pt-br\/2025\/03\/07\/italia-padre-saverio-cannistra-nomeado-arcebispo-metropolitano-de-pisa\/\"]}]},{\"@type\":\"ImageObject\",\"inLanguage\":\"pt-BR\",\"@id\":\"https:\/\/www.carmelitaniscalzi.com\/pt-br\/2025\/03\/07\/italia-padre-saverio-cannistra-nomeado-arcebispo-metropolitano-de-pisa\/#primaryimage\",\"url\":\"https:\/\/www.carmelitaniscalzi.com\/wp-content\/uploads\/2025\/03\/cover_saverio_02.2025.jpg\",\"contentUrl\":\"https:\/\/www.carmelitaniscalzi.com\/wp-content\/uploads\/2025\/03\/cover_saverio_02.2025.jpg\",\"width\":1200,\"height\":800},{\"@type\":\"BreadcrumbList\",\"@id\":\"https:\/\/www.carmelitaniscalzi.com\/pt-br\/2025\/03\/07\/italia-padre-saverio-cannistra-nomeado-arcebispo-metropolitano-de-pisa\/#breadcrumb\",\"itemListElement\":[{\"@type\":\"ListItem\",\"position\":1,\"name\":\"Home\",\"item\":\"https:\/\/www.carmelitaniscalzi.com\/pt-br\/\"},{\"@type\":\"ListItem\",\"position\":2,\"name\":\"It\u00e1lia: Padre Saverio Cannistr\u00e0 nomeado arcebispo metropolitano de Pisa\"}]},{\"@type\":\"WebSite\",\"@id\":\"https:\/\/www.carmelitaniscalzi.com\/#website\",\"url\":\"https:\/\/www.carmelitaniscalzi.com\/\",\"name\":\"CARMELITANI SCALZI - Curia Generale del Carmelo Teresiano\",\"description\":\"C\u00faria General\u00edcia do Carmelo Teresiano\",\"publisher\":{\"@id\":\"https:\/\/www.carmelitaniscalzi.com\/#organization\"},\"alternateName\":\"CARMELITANI SCALZI\",\"potentialAction\":[{\"@type\":\"SearchAction\",\"target\":{\"@type\":\"EntryPoint\",\"urlTemplate\":\"https:\/\/www.carmelitaniscalzi.com\/?s={search_term_string}\"},\"query-input\":{\"@type\":\"PropertyValueSpecification\",\"valueRequired\":true,\"valueName\":\"search_term_string\"}}],\"inLanguage\":\"pt-BR\"},{\"@type\":\"Organization\",\"@id\":\"https:\/\/www.carmelitaniscalzi.com\/#organization\",\"name\":\"CARMELITANI SCALZI - Curia Generale del Carmelo Teresiano\",\"url\":\"https:\/\/www.carmelitaniscalzi.com\/\",\"logo\":{\"@type\":\"ImageObject\",\"inLanguage\":\"pt-BR\",\"@id\":\"https:\/\/www.carmelitaniscalzi.com\/#\/schema\/logo\/image\/\",\"url\":\"https:\/\/www.carmelitaniscalzi.com\/wp-content\/uploads\/2025\/11\/login-logo.png\",\"contentUrl\":\"https:\/\/www.carmelitaniscalzi.com\/wp-content\/uploads\/2025\/11\/login-logo.png\",\"width\":256,\"height\":256,\"caption\":\"CARMELITANI SCALZI - Curia Generale del Carmelo Teresiano\"},\"image\":{\"@id\":\"https:\/\/www.carmelitaniscalzi.com\/#\/schema\/logo\/image\/\"},\"sameAs\":[\"https:\/\/www.facebook.com\/Curia-Generalizia-Carmelitani-Scalzi-658766940887784\/\",\"https:\/\/x.com\/ocdcuria\",\"https:\/\/www.youtube.com\/channel\/UC2J5ZL0ycOY0qBSTCLX_NGQ\/videos\",\"https:\/\/www.instagram.com\/ocdinform\/\"]},{\"@type\":\"Person\",\"@id\":\"https:\/\/www.carmelitaniscalzi.com\/#\/schema\/person\/6d1c0d9bea7b6625c437246a5d6da409\",\"name\":\"ocd web master\",\"image\":{\"@type\":\"ImageObject\",\"inLanguage\":\"pt-BR\",\"@id\":\"https:\/\/www.carmelitaniscalzi.com\/#\/schema\/person\/image\/\",\"url\":\"https:\/\/secure.gravatar.com\/avatar\/41fbc5f82bad909fbaf2984c43fa50d8519ac5853e25b454d022b6868f80d0e7?s=96&d=mm&r=g\",\"contentUrl\":\"https:\/\/secure.gravatar.com\/avatar\/41fbc5f82bad909fbaf2984c43fa50d8519ac5853e25b454d022b6868f80d0e7?s=96&d=mm&r=g\",\"caption\":\"ocd web master\"},\"url\":\"https:\/\/www.carmelitaniscalzi.com\/pt-br\/author\/ocdwebmaster\/\"}]}<\/script>\n<!-- \/ Yoast SEO plugin. -->","yoast_head_json":{"title":"It\u00e1lia: Padre Saverio Cannistr\u00e0 nomeado arcebispo metropolitano de Pisa - CARMELITAS DESCAL\u00c7OS","robots":{"index":"index","follow":"follow","max-snippet":"max-snippet:-1","max-image-preview":"max-image-preview:large","max-video-preview":"max-video-preview:-1"},"canonical":"https:\/\/www.carmelitaniscalzi.com\/pt-br\/2025\/03\/07\/italia-padre-saverio-cannistra-nomeado-arcebispo-metropolitano-de-pisa\/","og_locale":"pt_BR","og_type":"article","og_title":"It\u00e1lia: Padre Saverio Cannistr\u00e0 nomeado arcebispo metropolitano de Pisa - CARMELITAS DESCAL\u00c7OS","og_description":"Sexta-feira, 6 de fevereiro, o Santo Padre nomeou arcebispo metropolitano de Pisa o Padre Saverio Cannistr\u00e0, OCD, j\u00e1 Prep\u00f3sito Geral dos Carmelitas Descal\u00e7os e at\u00e9 ent\u00e3o vig\u00e1rio paroquial de S\u00e3o Pancr\u00e1cio, em Roma. Curriculum vitae Monsenhor Saverio Cannistr\u00e0, OCD, nasceu em Catanzaro em 3 de outubro de 1958. Ap\u00f3s a Licenciatura em Filologia rom\u00e2nica na [&hellip;]","og_url":"https:\/\/www.carmelitaniscalzi.com\/pt-br\/2025\/03\/07\/italia-padre-saverio-cannistra-nomeado-arcebispo-metropolitano-de-pisa\/","og_site_name":"CARMELITAS DESCAL\u00c7OS","article_publisher":"https:\/\/www.facebook.com\/Curia-Generalizia-Carmelitani-Scalzi-658766940887784\/","article_published_time":"2025-03-07T00:00:55+00:00","article_modified_time":"2025-03-14T00:04:43+00:00","og_image":[{"width":1200,"height":800,"url":"https:\/\/www.carmelitaniscalzi.com\/wp-content\/uploads\/2025\/03\/cover_saverio_02.2025.jpg","type":"image\/jpeg"}],"author":"ocd web master","twitter_card":"summary_large_image","twitter_creator":"@ocdcuria","twitter_site":"@ocdcuria","twitter_misc":{"Escrito por":"ocd web master","Est. tempo de leitura":"1 minuto"},"schema":{"@context":"https:\/\/schema.org","@graph":[{"@type":"Article","@id":"https:\/\/www.carmelitaniscalzi.com\/pt-br\/2025\/03\/07\/italia-padre-saverio-cannistra-nomeado-arcebispo-metropolitano-de-pisa\/#article","isPartOf":{"@id":"https:\/\/www.carmelitaniscalzi.com\/pt-br\/2025\/03\/07\/italia-padre-saverio-cannistra-nomeado-arcebispo-metropolitano-de-pisa\/"},"author":{"name":"ocd web master","@id":"https:\/\/www.carmelitaniscalzi.com\/#\/schema\/person\/6d1c0d9bea7b6625c437246a5d6da409"},"headline":"It\u00e1lia: Padre Saverio Cannistr\u00e0 nomeado arcebispo metropolitano de Pisa","datePublished":"2025-03-07T00:00:55+00:00","dateModified":"2025-03-14T00:04:43+00:00","mainEntityOfPage":{"@id":"https:\/\/www.carmelitaniscalzi.com\/pt-br\/2025\/03\/07\/italia-padre-saverio-cannistra-nomeado-arcebispo-metropolitano-de-pisa\/"},"wordCount":240,"publisher":{"@id":"https:\/\/www.carmelitaniscalzi.com\/#organization"},"image":{"@id":"https:\/\/www.carmelitaniscalzi.com\/pt-br\/2025\/03\/07\/italia-padre-saverio-cannistra-nomeado-arcebispo-metropolitano-de-pisa\/#primaryimage"},"thumbnailUrl":"https:\/\/www.carmelitaniscalzi.com\/wp-content\/uploads\/2025\/03\/cover_saverio_02.2025.jpg","articleSection":["Not\u00edcias Frades","Not\u00edcias"],"inLanguage":"pt-BR"},{"@type":"WebPage","@id":"https:\/\/www.carmelitaniscalzi.com\/pt-br\/2025\/03\/07\/italia-padre-saverio-cannistra-nomeado-arcebispo-metropolitano-de-pisa\/","url":"https:\/\/www.carmelitaniscalzi.com\/pt-br\/2025\/03\/07\/italia-padre-saverio-cannistra-nomeado-arcebispo-metropolitano-de-pisa\/","name":"It\u00e1lia: Padre Saverio Cannistr\u00e0 nomeado arcebispo metropolitano de Pisa - CARMELITAS DESCAL\u00c7OS","isPartOf":{"@id":"https:\/\/www.carmelitaniscalzi.com\/#website"},"primaryImageOfPage":{"@id":"https:\/\/www.carmelitaniscalzi.com\/pt-br\/2025\/03\/07\/italia-padre-saverio-cannistra-nomeado-arcebispo-metropolitano-de-pisa\/#primaryimage"},"image":{"@id":"https:\/\/www.carmelitaniscalzi.com\/pt-br\/2025\/03\/07\/italia-padre-saverio-cannistra-nomeado-arcebispo-metropolitano-de-pisa\/#primaryimage"},"thumbnailUrl":"https:\/\/www.carmelitaniscalzi.com\/wp-content\/uploads\/2025\/03\/cover_saverio_02.2025.jpg","datePublished":"2025-03-07T00:00:55+00:00","dateModified":"2025-03-14T00:04:43+00:00","breadcrumb":{"@id":"https:\/\/www.carmelitaniscalzi.com\/pt-br\/2025\/03\/07\/italia-padre-saverio-cannistra-nomeado-arcebispo-metropolitano-de-pisa\/#breadcrumb"},"inLanguage":"pt-BR","potentialAction":[{"@type":"ReadAction","target":["https:\/\/www.carmelitaniscalzi.com\/pt-br\/2025\/03\/07\/italia-padre-saverio-cannistra-nomeado-arcebispo-metropolitano-de-pisa\/"]}]},{"@type":"ImageObject","inLanguage":"pt-BR","@id":"https:\/\/www.carmelitaniscalzi.com\/pt-br\/2025\/03\/07\/italia-padre-saverio-cannistra-nomeado-arcebispo-metropolitano-de-pisa\/#primaryimage","url":"https:\/\/www.carmelitaniscalzi.com\/wp-content\/uploads\/2025\/03\/cover_saverio_02.2025.jpg","contentUrl":"https:\/\/www.carmelitaniscalzi.com\/wp-content\/uploads\/2025\/03\/cover_saverio_02.2025.jpg","width":1200,"height":800},{"@type":"BreadcrumbList","@id":"https:\/\/www.carmelitaniscalzi.com\/pt-br\/2025\/03\/07\/italia-padre-saverio-cannistra-nomeado-arcebispo-metropolitano-de-pisa\/#breadcrumb","itemListElement":[{"@type":"ListItem","position":1,"name":"Home","item":"https:\/\/www.carmelitaniscalzi.com\/pt-br\/"},{"@type":"ListItem","position":2,"name":"It\u00e1lia: Padre Saverio Cannistr\u00e0 nomeado arcebispo metropolitano de Pisa"}]},{"@type":"WebSite","@id":"https:\/\/www.carmelitaniscalzi.com\/#website","url":"https:\/\/www.carmelitaniscalzi.com\/","name":"CARMELITANI SCALZI - Curia Generale del Carmelo Teresiano","description":"C\u00faria General\u00edcia do Carmelo Teresiano","publisher":{"@id":"https:\/\/www.carmelitaniscalzi.com\/#organization"},"alternateName":"CARMELITANI SCALZI","potentialAction":[{"@type":"SearchAction","target":{"@type":"EntryPoint","urlTemplate":"https:\/\/www.carmelitaniscalzi.com\/?s={search_term_string}"},"query-input":{"@type":"PropertyValueSpecification","valueRequired":true,"valueName":"search_term_string"}}],"inLanguage":"pt-BR"},{"@type":"Organization","@id":"https:\/\/www.carmelitaniscalzi.com\/#organization","name":"CARMELITANI SCALZI - Curia Generale del Carmelo Teresiano","url":"https:\/\/www.carmelitaniscalzi.com\/","logo":{"@type":"ImageObject","inLanguage":"pt-BR","@id":"https:\/\/www.carmelitaniscalzi.com\/#\/schema\/logo\/image\/","url":"https:\/\/www.carmelitaniscalzi.com\/wp-content\/uploads\/2025\/11\/login-logo.png","contentUrl":"https:\/\/www.carmelitaniscalzi.com\/wp-content\/uploads\/2025\/11\/login-logo.png","width":256,"height":256,"caption":"CARMELITANI SCALZI - Curia Generale del Carmelo Teresiano"},"image":{"@id":"https:\/\/www.carmelitaniscalzi.com\/#\/schema\/logo\/image\/"},"sameAs":["https:\/\/www.facebook.com\/Curia-Generalizia-Carmelitani-Scalzi-658766940887784\/","https:\/\/x.com\/ocdcuria","https:\/\/www.youtube.com\/channel\/UC2J5ZL0ycOY0qBSTCLX_NGQ\/videos","https:\/\/www.instagram.com\/ocdinform\/"]},{"@type":"Person","@id":"https:\/\/www.carmelitaniscalzi.com\/#\/schema\/person\/6d1c0d9bea7b6625c437246a5d6da409","name":"ocd web master","image":{"@type":"ImageObject","inLanguage":"pt-BR","@id":"https:\/\/www.carmelitaniscalzi.com\/#\/schema\/person\/image\/","url":"https:\/\/secure.gravatar.com\/avatar\/41fbc5f82bad909fbaf2984c43fa50d8519ac5853e25b454d022b6868f80d0e7?s=96&d=mm&r=g","contentUrl":"https:\/\/secure.gravatar.com\/avatar\/41fbc5f82bad909fbaf2984c43fa50d8519ac5853e25b454d022b6868f80d0e7?s=96&d=mm&r=g","caption":"ocd web master"},"url":"https:\/\/www.carmelitaniscalzi.com\/pt-br\/author\/ocdwebmaster\/"}]}},"_links":{"self":[{"href":"https:\/\/www.carmelitaniscalzi.com\/pt-br\/wp-json\/wp\/v2\/posts\/449455","targetHints":{"allow":["GET"]}}],"collection":[{"href":"https:\/\/www.carmelitaniscalzi.com\/pt-br\/wp-json\/wp\/v2\/posts"}],"about":[{"href":"https:\/\/www.carmelitaniscalzi.com\/pt-br\/wp-json\/wp\/v2\/types\/post"}],"author":[{"embeddable":true,"href":"https:\/\/www.carmelitaniscalzi.com\/pt-br\/wp-json\/wp\/v2\/users\/7"}],"replies":[{"embeddable":true,"href":"https:\/\/www.carmelitaniscalzi.com\/pt-br\/wp-json\/wp\/v2\/comments?post=449455"}],"version-history":[{"count":1,"href":"https:\/\/www.carmelitaniscalzi.com\/pt-br\/wp-json\/wp\/v2\/posts\/449455\/revisions"}],"predecessor-version":[{"id":449456,"href":"https:\/\/www.carmelitaniscalzi.com\/pt-br\/wp-json\/wp\/v2\/posts\/449455\/revisions\/449456"}],"wp:featuredmedia":[{"embeddable":true,"href":"https:\/\/www.carmelitaniscalzi.com\/pt-br\/wp-json\/wp\/v2\/media\/449289"}],"wp:attachment":[{"href":"https:\/\/www.carmelitaniscalzi.com\/pt-br\/wp-json\/wp\/v2\/media?parent=449455"}],"wp:term":[{"taxonomy":"category","embeddable":true,"href":"https:\/\/www.carmelitaniscalzi.com\/pt-br\/wp-json\/wp\/v2\/categories?post=449455"},{"taxonomy":"post_tag","embeddable":true,"href":"https:\/\/www.carmelitaniscalzi.com\/pt-br\/wp-json\/wp\/v2\/tags?post=449455"}],"curies":[{"name":"wp","href":"https:\/\/api.w.org\/{rel}","templated":true}]}}