{"id":42372,"date":"2020-09-07T05:00:41","date_gmt":"2020-09-07T03:00:41","guid":{"rendered":"https:\/\/www.carmelitaniscalzi.com\/?p=42372"},"modified":"2020-09-08T22:34:06","modified_gmt":"2020-09-08T20:34:06","slug":"mulher-excepcional-cinquenta-anos-do-doutorado-de-santa-teresa-de-jesus","status":"publish","type":"post","link":"https:\/\/www.carmelitaniscalzi.com\/pt-br\/2020\/09\/07\/mulher-excepcional-cinquenta-anos-do-doutorado-de-santa-teresa-de-jesus\/","title":{"rendered":"Mulher excepcional: Cinquenta anos do Doutorado de Santa Teresa de Jesus"},"content":{"rendered":"<p>No pr\u00f3ximo dia 27 de setembro de 2020 celebramos o 50\u00ba anivers\u00e1rio do Doutorado de Santa Teresa de Jesus. A diocese de \u00c1vila, os carmelitas descal\u00e7os e a Universidade Cat\u00f3lica de \u00c1vila (UCAV), com a colabora\u00e7\u00e3o da Universidade Cat\u00f3lica Eichst\u00e4tt-Ingolstadt, organizaram o Congresso Internacional <em>Mujer excepcional. <\/em><em>Cincuenta a\u00f1os del Doctorado de Santa Teresa de Jes\u00fas<\/em>. O primeiro ato comemorativo acontecer\u00e1 em 27 de setembro, dia da declara\u00e7\u00e3o de Santa Teresa como primeira mulher Doutora da Igreja. O Congresso, por sua vez, acontecer\u00e1 de 12 a 15 de abril de 2021.<\/p>\n<p>O Congresso contar\u00e1, entre outros, com a presen\u00e7a do cardeal Aquilino Bocos, Dr. Emilio Mart\u00ednez, ocd e Dr. Silvano Giordano, ocd \u2013 ambos do <em>Teresianum <\/em>de Roma \u2013 e do Dr. R\u00f3mulo Cuartas Londo\u00f1o, ocd \u2013 do CITeS de \u00c1vila. Outros participantes do Congresso ser\u00e3o Dra. Marianne Schlosser, Dra. Beatriz de Ancos Morales, Dr. Burkard M. Zapff, Dr. Lothar Wehr e o cardeal Dr. Ricardo Morales, que abordar\u00e3o a vida e a obra de Santa Teresa a partir de diferentes perspectivas.<\/p>\n<p>A apresenta\u00e7\u00e3o do Congresso acontecer\u00e1 no pr\u00f3ximo dia 27 de setembro com a celebra\u00e7\u00e3o de uma confer\u00eancia na catedral de \u00c1vila e ser\u00e1 retransmitida ao vivo pela internet. O programa para esse dia \u00e9 o seguinte (CEST):<\/p>\n<p>16:30h Apresenta\u00e7\u00e3o do Congresso<\/p>\n<p>15:00h Confer\u00eancia a cargo do Dr. Juan Antonio Marcos: \u201c<em>Teresa de Jes\u00fas: un verbo irregular (\u00bfPor qu\u00e9 sigue cautiv\u00e1ndonos?)<\/em>\u201d<\/p>\n<p>18:00h Santa Missa na catedral de Cristo Salvador (\u00c1vila)<\/p>\n<p>Para mais informa\u00e7\u00f5es: <a href=\"http:\/\/congresosantateresadoctora.es\/\">http:\/\/congresosantateresadoctora.es\/<\/a><\/p>\n<p>&nbsp;<\/p>\n<div class=\"wpmf-gallerys wpmf-gallerys-life \" ><div id=\"gallery-1\" class=\"gallery gallery_life wpmf_gallery_default gallery_default  gallery-columns-4 gallery-size-thumbnail gallery-link-post wpmf-has-border-radius-0 wpmf-gutterwidth-5 no_ratio\"><figure class=\"wpmf-gallery-item\" data-index=\"0\"><div class=\"wpmf-gallery-icon\"><div class=\"square_thumbnail\"><div class=\"img_centered\"><a class=\" not_video noLightbox\" data-lightbox=\"0\" data-href=\"https:\/\/www.carmelitaniscalzi.com\/wp-content\/uploads\/2020\/09\/03.jpg\" title=\"03\" target=\"_self\" data-index=\"0\"><img decoding=\"async\" class=\"wpmf_img\" alt=\"03\" src=\"https:\/\/www.carmelitaniscalzi.com\/wp-content\/uploads\/2020\/09\/03-150x150.jpg\" data-type=\"wpmfgalleryimg\" data-lazy-src=\"https:\/\/www.carmelitaniscalzi.com\/wp-content\/uploads\/2020\/09\/03-150x150.jpg\"><\/a><\/div><\/div><\/div><\/figure><figure class=\"wpmf-gallery-item\" data-index=\"1\"><div class=\"wpmf-gallery-icon\"><div class=\"square_thumbnail\"><div class=\"img_centered\"><a class=\" not_video noLightbox\" data-lightbox=\"0\" data-href=\"https:\/\/www.carmelitaniscalzi.com\/wp-content\/uploads\/2020\/09\/02.jpg\" title=\"02\" target=\"_self\" data-index=\"1\"><img decoding=\"async\" class=\"wpmf_img\" alt=\"02\" src=\"https:\/\/www.carmelitaniscalzi.com\/wp-content\/uploads\/2020\/09\/02-150x150.jpg\" data-type=\"wpmfgalleryimg\" data-lazy-src=\"https:\/\/www.carmelitaniscalzi.com\/wp-content\/uploads\/2020\/09\/02-150x150.jpg\"><\/a><\/div><\/div><\/div><\/figure><figure class=\"wpmf-gallery-item\" data-index=\"2\"><div class=\"wpmf-gallery-icon\"><div class=\"square_thumbnail\"><div class=\"img_centered\"><a class=\" not_video noLightbox\" data-lightbox=\"0\" data-href=\"https:\/\/www.carmelitaniscalzi.com\/wp-content\/uploads\/2020\/09\/01-1.png\" title=\"01\" target=\"_self\" data-index=\"2\"><img decoding=\"async\" class=\"wpmf_img\" alt=\"01\" src=\"https:\/\/www.carmelitaniscalzi.com\/wp-content\/uploads\/2020\/09\/01-1-150x150.png\" data-type=\"wpmfgalleryimg\" data-lazy-src=\"https:\/\/www.carmelitaniscalzi.com\/wp-content\/uploads\/2020\/09\/01-1-150x150.png\"><\/a><\/div><\/div><\/div><\/figure><figure class=\"wpmf-gallery-item\" data-index=\"3\"><div class=\"wpmf-gallery-icon\"><div class=\"square_thumbnail\"><div class=\"img_centered\"><a class=\" not_video noLightbox\" data-lightbox=\"0\" data-href=\"https:\/\/www.carmelitaniscalzi.com\/wp-content\/uploads\/2020\/09\/00-1.png\" title=\"00\" target=\"_self\" data-index=\"3\"><img decoding=\"async\" class=\"wpmf_img\" alt=\"00\" src=\"https:\/\/www.carmelitaniscalzi.com\/wp-content\/uploads\/2020\/09\/00-1-150x150.png\" data-type=\"wpmfgalleryimg\" data-lazy-src=\"https:\/\/www.carmelitaniscalzi.com\/wp-content\/uploads\/2020\/09\/00-1-150x150.png\"><\/a><\/div><\/div><\/div><\/figure><\/div><\/div>\n","protected":false},"excerpt":{"rendered":"<p>No pr\u00f3ximo dia 27 de setembro de 2020 celebramos o 50\u00ba anivers\u00e1rio do Doutorado de Santa Teresa de Jesus. A diocese de \u00c1vila, os carmelitas descal\u00e7os e a Universidade Cat\u00f3lica de \u00c1vila (UCAV), com a colabora\u00e7\u00e3o da Universidade Cat\u00f3lica Eichst\u00e4tt-Ingolstadt, organizaram o Congresso Internacional Mujer excepcional. Cincuenta a\u00f1os del Doctorado de Santa Teresa de Jes\u00fas. [&hellip;]<\/p>\n","protected":false},"author":7,"featured_media":42367,"comment_status":"closed","ping_status":"closed","sticky":false,"template":"","format":"standard","meta":{"_acf_changed":false,"footnotes":""},"categories":[237,373,235],"tags":[],"class_list":["post-42372","post","type-post","status-publish","format-standard","has-post-thumbnail","hentry","category-noticias-monjas-pt-br","category-noticias","category-noticias-frades"],"acf":[],"yoast_head":"<!-- This site is optimized with the Yoast SEO plugin v26.3 - https:\/\/yoast.com\/wordpress\/plugins\/seo\/ -->\n<title>Mulher excepcional: Cinquenta anos do Doutorado de Santa Teresa de Jesus - CARMELITAS DESCAL\u00c7OS<\/title>\n<meta name=\"robots\" content=\"index, follow, max-snippet:-1, max-image-preview:large, max-video-preview:-1\" \/>\n<link rel=\"canonical\" href=\"https:\/\/www.carmelitaniscalzi.com\/pt-br\/2020\/09\/07\/mulher-excepcional-cinquenta-anos-do-doutorado-de-santa-teresa-de-jesus\/\" \/>\n<meta property=\"og:locale\" content=\"pt_BR\" \/>\n<meta property=\"og:type\" content=\"article\" \/>\n<meta property=\"og:title\" content=\"Mulher excepcional: Cinquenta anos do Doutorado de Santa Teresa de Jesus - CARMELITAS DESCAL\u00c7OS\" \/>\n<meta property=\"og:description\" content=\"No pr\u00f3ximo dia 27 de setembro de 2020 celebramos o 50\u00ba anivers\u00e1rio do Doutorado de Santa Teresa de Jesus. A diocese de \u00c1vila, os carmelitas descal\u00e7os e a Universidade Cat\u00f3lica de \u00c1vila (UCAV), com a colabora\u00e7\u00e3o da Universidade Cat\u00f3lica Eichst\u00e4tt-Ingolstadt, organizaram o Congresso Internacional Mujer excepcional. Cincuenta a\u00f1os del Doctorado de Santa Teresa de Jes\u00fas. [&hellip;]\" \/>\n<meta property=\"og:url\" content=\"https:\/\/www.carmelitaniscalzi.com\/pt-br\/2020\/09\/07\/mulher-excepcional-cinquenta-anos-do-doutorado-de-santa-teresa-de-jesus\/\" \/>\n<meta property=\"og:site_name\" content=\"CARMELITAS DESCAL\u00c7OS\" \/>\n<meta property=\"article:publisher\" content=\"https:\/\/www.facebook.com\/Curia-Generalizia-Carmelitani-Scalzi-658766940887784\/\" \/>\n<meta property=\"article:published_time\" content=\"2020-09-07T03:00:41+00:00\" \/>\n<meta property=\"article:modified_time\" content=\"2020-09-08T20:34:06+00:00\" \/>\n<meta property=\"og:image\" content=\"https:\/\/www.carmelitaniscalzi.com\/wp-content\/uploads\/2020\/09\/04.png\" \/>\n\t<meta property=\"og:image:width\" content=\"1240\" \/>\n\t<meta property=\"og:image:height\" content=\"573\" \/>\n\t<meta property=\"og:image:type\" content=\"image\/png\" \/>\n<meta name=\"author\" content=\"ocd web master\" \/>\n<meta name=\"twitter:card\" content=\"summary_large_image\" \/>\n<meta name=\"twitter:creator\" content=\"@ocdcuria\" \/>\n<meta name=\"twitter:site\" content=\"@ocdcuria\" \/>\n<meta name=\"twitter:label1\" content=\"Escrito por\" \/>\n\t<meta name=\"twitter:data1\" content=\"ocd web master\" \/>\n\t<meta name=\"twitter:label2\" content=\"Est. tempo de leitura\" \/>\n\t<meta name=\"twitter:data2\" content=\"1 minuto\" \/>\n<script type=\"application\/ld+json\" class=\"yoast-schema-graph\">{\"@context\":\"https:\/\/schema.org\",\"@graph\":[{\"@type\":\"Article\",\"@id\":\"https:\/\/www.carmelitaniscalzi.com\/pt-br\/2020\/09\/07\/mulher-excepcional-cinquenta-anos-do-doutorado-de-santa-teresa-de-jesus\/#article\",\"isPartOf\":{\"@id\":\"https:\/\/www.carmelitaniscalzi.com\/pt-br\/2020\/09\/07\/mulher-excepcional-cinquenta-anos-do-doutorado-de-santa-teresa-de-jesus\/\"},\"author\":{\"name\":\"ocd web master\",\"@id\":\"https:\/\/www.carmelitaniscalzi.com\/#\/schema\/person\/6d1c0d9bea7b6625c437246a5d6da409\"},\"headline\":\"Mulher excepcional: Cinquenta anos do Doutorado de Santa Teresa de Jesus\",\"datePublished\":\"2020-09-07T03:00:41+00:00\",\"dateModified\":\"2020-09-08T20:34:06+00:00\",\"mainEntityOfPage\":{\"@id\":\"https:\/\/www.carmelitaniscalzi.com\/pt-br\/2020\/09\/07\/mulher-excepcional-cinquenta-anos-do-doutorado-de-santa-teresa-de-jesus\/\"},\"wordCount\":277,\"publisher\":{\"@id\":\"https:\/\/www.carmelitaniscalzi.com\/#organization\"},\"image\":{\"@id\":\"https:\/\/www.carmelitaniscalzi.com\/pt-br\/2020\/09\/07\/mulher-excepcional-cinquenta-anos-do-doutorado-de-santa-teresa-de-jesus\/#primaryimage\"},\"thumbnailUrl\":\"https:\/\/www.carmelitaniscalzi.com\/wp-content\/uploads\/2020\/09\/04.png\",\"articleSection\":[\"Not\u00edcias Monjas\",\"Not\u00edcias\",\"Not\u00edcias Frades\"],\"inLanguage\":\"pt-BR\"},{\"@type\":\"WebPage\",\"@id\":\"https:\/\/www.carmelitaniscalzi.com\/pt-br\/2020\/09\/07\/mulher-excepcional-cinquenta-anos-do-doutorado-de-santa-teresa-de-jesus\/\",\"url\":\"https:\/\/www.carmelitaniscalzi.com\/pt-br\/2020\/09\/07\/mulher-excepcional-cinquenta-anos-do-doutorado-de-santa-teresa-de-jesus\/\",\"name\":\"Mulher excepcional: Cinquenta anos do Doutorado de Santa Teresa de Jesus - CARMELITAS DESCAL\u00c7OS\",\"isPartOf\":{\"@id\":\"https:\/\/www.carmelitaniscalzi.com\/#website\"},\"primaryImageOfPage\":{\"@id\":\"https:\/\/www.carmelitaniscalzi.com\/pt-br\/2020\/09\/07\/mulher-excepcional-cinquenta-anos-do-doutorado-de-santa-teresa-de-jesus\/#primaryimage\"},\"image\":{\"@id\":\"https:\/\/www.carmelitaniscalzi.com\/pt-br\/2020\/09\/07\/mulher-excepcional-cinquenta-anos-do-doutorado-de-santa-teresa-de-jesus\/#primaryimage\"},\"thumbnailUrl\":\"https:\/\/www.carmelitaniscalzi.com\/wp-content\/uploads\/2020\/09\/04.png\",\"datePublished\":\"2020-09-07T03:00:41+00:00\",\"dateModified\":\"2020-09-08T20:34:06+00:00\",\"breadcrumb\":{\"@id\":\"https:\/\/www.carmelitaniscalzi.com\/pt-br\/2020\/09\/07\/mulher-excepcional-cinquenta-anos-do-doutorado-de-santa-teresa-de-jesus\/#breadcrumb\"},\"inLanguage\":\"pt-BR\",\"potentialAction\":[{\"@type\":\"ReadAction\",\"target\":[\"https:\/\/www.carmelitaniscalzi.com\/pt-br\/2020\/09\/07\/mulher-excepcional-cinquenta-anos-do-doutorado-de-santa-teresa-de-jesus\/\"]}]},{\"@type\":\"ImageObject\",\"inLanguage\":\"pt-BR\",\"@id\":\"https:\/\/www.carmelitaniscalzi.com\/pt-br\/2020\/09\/07\/mulher-excepcional-cinquenta-anos-do-doutorado-de-santa-teresa-de-jesus\/#primaryimage\",\"url\":\"https:\/\/www.carmelitaniscalzi.com\/wp-content\/uploads\/2020\/09\/04.png\",\"contentUrl\":\"https:\/\/www.carmelitaniscalzi.com\/wp-content\/uploads\/2020\/09\/04.png\",\"width\":1240,\"height\":573},{\"@type\":\"BreadcrumbList\",\"@id\":\"https:\/\/www.carmelitaniscalzi.com\/pt-br\/2020\/09\/07\/mulher-excepcional-cinquenta-anos-do-doutorado-de-santa-teresa-de-jesus\/#breadcrumb\",\"itemListElement\":[{\"@type\":\"ListItem\",\"position\":1,\"name\":\"Home\",\"item\":\"https:\/\/www.carmelitaniscalzi.com\/pt-br\/\"},{\"@type\":\"ListItem\",\"position\":2,\"name\":\"Mulher excepcional: Cinquenta anos do Doutorado de Santa Teresa de Jesus\"}]},{\"@type\":\"WebSite\",\"@id\":\"https:\/\/www.carmelitaniscalzi.com\/#website\",\"url\":\"https:\/\/www.carmelitaniscalzi.com\/\",\"name\":\"CARMELITANI SCALZI - Curia Generale del Carmelo Teresiano\",\"description\":\"C\u00faria General\u00edcia do Carmelo Teresiano\",\"publisher\":{\"@id\":\"https:\/\/www.carmelitaniscalzi.com\/#organization\"},\"alternateName\":\"CARMELITANI SCALZI\",\"potentialAction\":[{\"@type\":\"SearchAction\",\"target\":{\"@type\":\"EntryPoint\",\"urlTemplate\":\"https:\/\/www.carmelitaniscalzi.com\/?s={search_term_string}\"},\"query-input\":{\"@type\":\"PropertyValueSpecification\",\"valueRequired\":true,\"valueName\":\"search_term_string\"}}],\"inLanguage\":\"pt-BR\"},{\"@type\":\"Organization\",\"@id\":\"https:\/\/www.carmelitaniscalzi.com\/#organization\",\"name\":\"CARMELITANI SCALZI - Curia Generale del Carmelo Teresiano\",\"url\":\"https:\/\/www.carmelitaniscalzi.com\/\",\"logo\":{\"@type\":\"ImageObject\",\"inLanguage\":\"pt-BR\",\"@id\":\"https:\/\/www.carmelitaniscalzi.com\/#\/schema\/logo\/image\/\",\"url\":\"https:\/\/www.carmelitaniscalzi.com\/wp-content\/uploads\/2025\/11\/login-logo.png\",\"contentUrl\":\"https:\/\/www.carmelitaniscalzi.com\/wp-content\/uploads\/2025\/11\/login-logo.png\",\"width\":256,\"height\":256,\"caption\":\"CARMELITANI SCALZI - Curia Generale del Carmelo Teresiano\"},\"image\":{\"@id\":\"https:\/\/www.carmelitaniscalzi.com\/#\/schema\/logo\/image\/\"},\"sameAs\":[\"https:\/\/www.facebook.com\/Curia-Generalizia-Carmelitani-Scalzi-658766940887784\/\",\"https:\/\/x.com\/ocdcuria\",\"https:\/\/www.youtube.com\/channel\/UC2J5ZL0ycOY0qBSTCLX_NGQ\/videos\",\"https:\/\/www.instagram.com\/ocdinform\/\"]},{\"@type\":\"Person\",\"@id\":\"https:\/\/www.carmelitaniscalzi.com\/#\/schema\/person\/6d1c0d9bea7b6625c437246a5d6da409\",\"name\":\"ocd web master\",\"image\":{\"@type\":\"ImageObject\",\"inLanguage\":\"pt-BR\",\"@id\":\"https:\/\/www.carmelitaniscalzi.com\/#\/schema\/person\/image\/\",\"url\":\"https:\/\/secure.gravatar.com\/avatar\/41fbc5f82bad909fbaf2984c43fa50d8519ac5853e25b454d022b6868f80d0e7?s=96&d=mm&r=g\",\"contentUrl\":\"https:\/\/secure.gravatar.com\/avatar\/41fbc5f82bad909fbaf2984c43fa50d8519ac5853e25b454d022b6868f80d0e7?s=96&d=mm&r=g\",\"caption\":\"ocd web master\"},\"url\":\"https:\/\/www.carmelitaniscalzi.com\/pt-br\/author\/ocdwebmaster\/\"}]}<\/script>\n<!-- \/ Yoast SEO plugin. -->","yoast_head_json":{"title":"Mulher excepcional: Cinquenta anos do Doutorado de Santa Teresa de Jesus - CARMELITAS DESCAL\u00c7OS","robots":{"index":"index","follow":"follow","max-snippet":"max-snippet:-1","max-image-preview":"max-image-preview:large","max-video-preview":"max-video-preview:-1"},"canonical":"https:\/\/www.carmelitaniscalzi.com\/pt-br\/2020\/09\/07\/mulher-excepcional-cinquenta-anos-do-doutorado-de-santa-teresa-de-jesus\/","og_locale":"pt_BR","og_type":"article","og_title":"Mulher excepcional: Cinquenta anos do Doutorado de Santa Teresa de Jesus - CARMELITAS DESCAL\u00c7OS","og_description":"No pr\u00f3ximo dia 27 de setembro de 2020 celebramos o 50\u00ba anivers\u00e1rio do Doutorado de Santa Teresa de Jesus. A diocese de \u00c1vila, os carmelitas descal\u00e7os e a Universidade Cat\u00f3lica de \u00c1vila (UCAV), com a colabora\u00e7\u00e3o da Universidade Cat\u00f3lica Eichst\u00e4tt-Ingolstadt, organizaram o Congresso Internacional Mujer excepcional. Cincuenta a\u00f1os del Doctorado de Santa Teresa de Jes\u00fas. [&hellip;]","og_url":"https:\/\/www.carmelitaniscalzi.com\/pt-br\/2020\/09\/07\/mulher-excepcional-cinquenta-anos-do-doutorado-de-santa-teresa-de-jesus\/","og_site_name":"CARMELITAS DESCAL\u00c7OS","article_publisher":"https:\/\/www.facebook.com\/Curia-Generalizia-Carmelitani-Scalzi-658766940887784\/","article_published_time":"2020-09-07T03:00:41+00:00","article_modified_time":"2020-09-08T20:34:06+00:00","og_image":[{"width":1240,"height":573,"url":"https:\/\/www.carmelitaniscalzi.com\/wp-content\/uploads\/2020\/09\/04.png","type":"image\/png"}],"author":"ocd web master","twitter_card":"summary_large_image","twitter_creator":"@ocdcuria","twitter_site":"@ocdcuria","twitter_misc":{"Escrito por":"ocd web master","Est. tempo de leitura":"1 minuto"},"schema":{"@context":"https:\/\/schema.org","@graph":[{"@type":"Article","@id":"https:\/\/www.carmelitaniscalzi.com\/pt-br\/2020\/09\/07\/mulher-excepcional-cinquenta-anos-do-doutorado-de-santa-teresa-de-jesus\/#article","isPartOf":{"@id":"https:\/\/www.carmelitaniscalzi.com\/pt-br\/2020\/09\/07\/mulher-excepcional-cinquenta-anos-do-doutorado-de-santa-teresa-de-jesus\/"},"author":{"name":"ocd web master","@id":"https:\/\/www.carmelitaniscalzi.com\/#\/schema\/person\/6d1c0d9bea7b6625c437246a5d6da409"},"headline":"Mulher excepcional: Cinquenta anos do Doutorado de Santa Teresa de Jesus","datePublished":"2020-09-07T03:00:41+00:00","dateModified":"2020-09-08T20:34:06+00:00","mainEntityOfPage":{"@id":"https:\/\/www.carmelitaniscalzi.com\/pt-br\/2020\/09\/07\/mulher-excepcional-cinquenta-anos-do-doutorado-de-santa-teresa-de-jesus\/"},"wordCount":277,"publisher":{"@id":"https:\/\/www.carmelitaniscalzi.com\/#organization"},"image":{"@id":"https:\/\/www.carmelitaniscalzi.com\/pt-br\/2020\/09\/07\/mulher-excepcional-cinquenta-anos-do-doutorado-de-santa-teresa-de-jesus\/#primaryimage"},"thumbnailUrl":"https:\/\/www.carmelitaniscalzi.com\/wp-content\/uploads\/2020\/09\/04.png","articleSection":["Not\u00edcias Monjas","Not\u00edcias","Not\u00edcias Frades"],"inLanguage":"pt-BR"},{"@type":"WebPage","@id":"https:\/\/www.carmelitaniscalzi.com\/pt-br\/2020\/09\/07\/mulher-excepcional-cinquenta-anos-do-doutorado-de-santa-teresa-de-jesus\/","url":"https:\/\/www.carmelitaniscalzi.com\/pt-br\/2020\/09\/07\/mulher-excepcional-cinquenta-anos-do-doutorado-de-santa-teresa-de-jesus\/","name":"Mulher excepcional: Cinquenta anos do Doutorado de Santa Teresa de Jesus - CARMELITAS DESCAL\u00c7OS","isPartOf":{"@id":"https:\/\/www.carmelitaniscalzi.com\/#website"},"primaryImageOfPage":{"@id":"https:\/\/www.carmelitaniscalzi.com\/pt-br\/2020\/09\/07\/mulher-excepcional-cinquenta-anos-do-doutorado-de-santa-teresa-de-jesus\/#primaryimage"},"image":{"@id":"https:\/\/www.carmelitaniscalzi.com\/pt-br\/2020\/09\/07\/mulher-excepcional-cinquenta-anos-do-doutorado-de-santa-teresa-de-jesus\/#primaryimage"},"thumbnailUrl":"https:\/\/www.carmelitaniscalzi.com\/wp-content\/uploads\/2020\/09\/04.png","datePublished":"2020-09-07T03:00:41+00:00","dateModified":"2020-09-08T20:34:06+00:00","breadcrumb":{"@id":"https:\/\/www.carmelitaniscalzi.com\/pt-br\/2020\/09\/07\/mulher-excepcional-cinquenta-anos-do-doutorado-de-santa-teresa-de-jesus\/#breadcrumb"},"inLanguage":"pt-BR","potentialAction":[{"@type":"ReadAction","target":["https:\/\/www.carmelitaniscalzi.com\/pt-br\/2020\/09\/07\/mulher-excepcional-cinquenta-anos-do-doutorado-de-santa-teresa-de-jesus\/"]}]},{"@type":"ImageObject","inLanguage":"pt-BR","@id":"https:\/\/www.carmelitaniscalzi.com\/pt-br\/2020\/09\/07\/mulher-excepcional-cinquenta-anos-do-doutorado-de-santa-teresa-de-jesus\/#primaryimage","url":"https:\/\/www.carmelitaniscalzi.com\/wp-content\/uploads\/2020\/09\/04.png","contentUrl":"https:\/\/www.carmelitaniscalzi.com\/wp-content\/uploads\/2020\/09\/04.png","width":1240,"height":573},{"@type":"BreadcrumbList","@id":"https:\/\/www.carmelitaniscalzi.com\/pt-br\/2020\/09\/07\/mulher-excepcional-cinquenta-anos-do-doutorado-de-santa-teresa-de-jesus\/#breadcrumb","itemListElement":[{"@type":"ListItem","position":1,"name":"Home","item":"https:\/\/www.carmelitaniscalzi.com\/pt-br\/"},{"@type":"ListItem","position":2,"name":"Mulher excepcional: Cinquenta anos do Doutorado de Santa Teresa de Jesus"}]},{"@type":"WebSite","@id":"https:\/\/www.carmelitaniscalzi.com\/#website","url":"https:\/\/www.carmelitaniscalzi.com\/","name":"CARMELITANI SCALZI - Curia Generale del Carmelo Teresiano","description":"C\u00faria General\u00edcia do Carmelo Teresiano","publisher":{"@id":"https:\/\/www.carmelitaniscalzi.com\/#organization"},"alternateName":"CARMELITANI SCALZI","potentialAction":[{"@type":"SearchAction","target":{"@type":"EntryPoint","urlTemplate":"https:\/\/www.carmelitaniscalzi.com\/?s={search_term_string}"},"query-input":{"@type":"PropertyValueSpecification","valueRequired":true,"valueName":"search_term_string"}}],"inLanguage":"pt-BR"},{"@type":"Organization","@id":"https:\/\/www.carmelitaniscalzi.com\/#organization","name":"CARMELITANI SCALZI - Curia Generale del Carmelo Teresiano","url":"https:\/\/www.carmelitaniscalzi.com\/","logo":{"@type":"ImageObject","inLanguage":"pt-BR","@id":"https:\/\/www.carmelitaniscalzi.com\/#\/schema\/logo\/image\/","url":"https:\/\/www.carmelitaniscalzi.com\/wp-content\/uploads\/2025\/11\/login-logo.png","contentUrl":"https:\/\/www.carmelitaniscalzi.com\/wp-content\/uploads\/2025\/11\/login-logo.png","width":256,"height":256,"caption":"CARMELITANI SCALZI - Curia Generale del Carmelo Teresiano"},"image":{"@id":"https:\/\/www.carmelitaniscalzi.com\/#\/schema\/logo\/image\/"},"sameAs":["https:\/\/www.facebook.com\/Curia-Generalizia-Carmelitani-Scalzi-658766940887784\/","https:\/\/x.com\/ocdcuria","https:\/\/www.youtube.com\/channel\/UC2J5ZL0ycOY0qBSTCLX_NGQ\/videos","https:\/\/www.instagram.com\/ocdinform\/"]},{"@type":"Person","@id":"https:\/\/www.carmelitaniscalzi.com\/#\/schema\/person\/6d1c0d9bea7b6625c437246a5d6da409","name":"ocd web master","image":{"@type":"ImageObject","inLanguage":"pt-BR","@id":"https:\/\/www.carmelitaniscalzi.com\/#\/schema\/person\/image\/","url":"https:\/\/secure.gravatar.com\/avatar\/41fbc5f82bad909fbaf2984c43fa50d8519ac5853e25b454d022b6868f80d0e7?s=96&d=mm&r=g","contentUrl":"https:\/\/secure.gravatar.com\/avatar\/41fbc5f82bad909fbaf2984c43fa50d8519ac5853e25b454d022b6868f80d0e7?s=96&d=mm&r=g","caption":"ocd web master"},"url":"https:\/\/www.carmelitaniscalzi.com\/pt-br\/author\/ocdwebmaster\/"}]}},"_links":{"self":[{"href":"https:\/\/www.carmelitaniscalzi.com\/pt-br\/wp-json\/wp\/v2\/posts\/42372","targetHints":{"allow":["GET"]}}],"collection":[{"href":"https:\/\/www.carmelitaniscalzi.com\/pt-br\/wp-json\/wp\/v2\/posts"}],"about":[{"href":"https:\/\/www.carmelitaniscalzi.com\/pt-br\/wp-json\/wp\/v2\/types\/post"}],"author":[{"embeddable":true,"href":"https:\/\/www.carmelitaniscalzi.com\/pt-br\/wp-json\/wp\/v2\/users\/7"}],"replies":[{"embeddable":true,"href":"https:\/\/www.carmelitaniscalzi.com\/pt-br\/wp-json\/wp\/v2\/comments?post=42372"}],"version-history":[{"count":0,"href":"https:\/\/www.carmelitaniscalzi.com\/pt-br\/wp-json\/wp\/v2\/posts\/42372\/revisions"}],"wp:featuredmedia":[{"embeddable":true,"href":"https:\/\/www.carmelitaniscalzi.com\/pt-br\/wp-json\/wp\/v2\/media\/42367"}],"wp:attachment":[{"href":"https:\/\/www.carmelitaniscalzi.com\/pt-br\/wp-json\/wp\/v2\/media?parent=42372"}],"wp:term":[{"taxonomy":"category","embeddable":true,"href":"https:\/\/www.carmelitaniscalzi.com\/pt-br\/wp-json\/wp\/v2\/categories?post=42372"},{"taxonomy":"post_tag","embeddable":true,"href":"https:\/\/www.carmelitaniscalzi.com\/pt-br\/wp-json\/wp\/v2\/tags?post=42372"}],"curies":[{"name":"wp","href":"https:\/\/api.w.org\/{rel}","templated":true}]}}