{"id":300131,"date":"2023-12-04T15:50:10","date_gmt":"2023-12-04T14:50:10","guid":{"rendered":"https:\/\/www.carmelitaniscalzi.com\/?p=300131"},"modified":"2023-12-12T15:50:37","modified_gmt":"2023-12-12T14:50:37","slug":"filipinas-celebracao-dos-100-anos-de-presenca-das-monjas-carmelitas","status":"publish","type":"post","link":"https:\/\/www.carmelitaniscalzi.com\/pt-br\/2023\/12\/04\/filipinas-celebracao-dos-100-anos-de-presenca-das-monjas-carmelitas\/","title":{"rendered":"Filipinas: celebra\u00e7\u00e3o dos 100 anos de presen\u00e7a das monjas carmelitas"},"content":{"rendered":"<p>As comunidades carmelitanas de todas as Filipinas agradecem ao Senhor pelos 100 anos de fidelidade e amor do Senhor. Tudo teve in\u00edcio em Jaro, em novembro de 1923, quando Monsenhor James Paul McCloskey pediu \u00e0s monjas carmelitas do Vietn\u00e3 que fundassem um Carmelo na diocese de Jaro, para rezar pelo clero e os fi\u00e9is.<\/p>\n<p>Para partilhar as gra\u00e7as desse centen\u00e1rio, os sacerdotes e os seminaristas da arquidiocese, junto com nossas monjas e a OCDS, organizaram o <em>Carmel@100: Carmel Cares<\/em>, um programa de solidariedade sanit\u00e1ria em dois vilarejos vizinhos. No dia 17 de novembro, os sacerdotes, religiosos, seminaristas e v\u00e1rios grupos corais da arquidiocese apresentaram <em>Carmel@100: Concerto e Ora\u00e7\u00e3o<\/em>, com a presen\u00e7a de nosso Padre Geral, Padre Miguel M\u00e1rquez Calle, OCD, e Padre Christianus Surinono, OCD, Definidor para a \u00c1sia Oriental \u2013 Oceania, membros da Assembleia para o centen\u00e1rio de nossa Federa\u00e7\u00e3o, amigos e benfeitores do Carmelo.<\/p>\n<p>Em 9 de novembro de 2023, a celebra\u00e7\u00e3o come\u00e7ou em torno da mesa eucar\u00edstica, sob a presid\u00eancia do N\u00fancio Apost\u00f3lico, o arcebispo Charles John Brown. Entre os concelebrantes estavam o arcebispo Jose Romeo Lazo (diocese de Jaro), nosso Padre Geral, Padre Chris; diversos prelados, entre os quais nosso arcebispo Rolando Tria-Tirona, OCD; Padre Rey Sotelo; o nosso provincial e todos os frades da Prov\u00edncia; o clero da arquidiocese e diversos sacerdotes visitantes. Inumer\u00e1veis amigos do Carmelo, devotos e peregrinos preencheram todos os espa\u00e7os vazios que se podia encontrar na catedral.<\/p>\n<p>&nbsp;<\/p>\n<div class=\"wpmf-gallerys wpmf-gallerys-life \" ><div id=\"gallery-1\"\n data-gutter-width=\"5\"\n  data-wpmfcolumns=\"5\" class=\"wpmf-gallery gallery-link-file gallery_life gallery-masonry gallery-columns-5 gallery-size-thumbnail wpmf-gallery-bottomspace-default wpmf-gallery-clear wpmf-has-border-radius-0 wpmf-gutterwidth-5\"><div class=\"wpmf-gallery-item\n     wpmf-gallery-item-position-0 wpmf-gallery-item-attachment-299865\" data-index=\"0\"><div class=\"wpmf-gallery-icon\"><a class=\" not_video noLightbox\" data-lightbox=\"1\" data-href=\"https:\/\/www.carmelitaniscalzi.com\/wp-content\/uploads\/2023\/12\/Filipine-2-717x1024.jpg\" title=\"Filipine 2\" target=\"_self\" data-index=\"0\"><img decoding=\"async\" class=\"wpmf_img\" alt=\"Filipine 2\" src=\"https:\/\/www.carmelitaniscalzi.com\/wp-content\/uploads\/2023\/12\/Filipine-2-150x150.jpg\" data-type=\"wpmfgalleryimg\" data-lazy-src=\"https:\/\/www.carmelitaniscalzi.com\/wp-content\/uploads\/2023\/12\/Filipine-2-150x150.jpg\"><\/a><\/div><\/div><div class=\"wpmf-gallery-item\n     wpmf-gallery-item-position-1 wpmf-gallery-item-attachment-299871\" data-index=\"1\"><div class=\"wpmf-gallery-icon\"><a class=\" not_video noLightbox\" data-lightbox=\"1\" data-href=\"https:\/\/www.carmelitaniscalzi.com\/wp-content\/uploads\/2023\/12\/Filipine-3-1024x795.jpg\" title=\"Filipine 3\" target=\"_self\" data-index=\"1\"><img decoding=\"async\" class=\"wpmf_img\" alt=\"Filipine 3\" src=\"https:\/\/www.carmelitaniscalzi.com\/wp-content\/uploads\/2023\/12\/Filipine-3-150x150.jpg\" data-type=\"wpmfgalleryimg\" data-lazy-src=\"https:\/\/www.carmelitaniscalzi.com\/wp-content\/uploads\/2023\/12\/Filipine-3-150x150.jpg\"><\/a><\/div><\/div><div class=\"wpmf-gallery-item\n     wpmf-gallery-item-position-2 wpmf-gallery-item-attachment-299877\" data-index=\"2\"><div class=\"wpmf-gallery-icon\"><a class=\" not_video noLightbox\" data-lightbox=\"1\" data-href=\"https:\/\/www.carmelitaniscalzi.com\/wp-content\/uploads\/2023\/12\/Filipine-4.jpg\" title=\"Filipine 4\" target=\"_self\" data-index=\"2\"><img decoding=\"async\" class=\"wpmf_img\" alt=\"Filipine 4\" src=\"https:\/\/www.carmelitaniscalzi.com\/wp-content\/uploads\/2023\/12\/Filipine-4-150x150.jpg\" data-type=\"wpmfgalleryimg\" data-lazy-src=\"https:\/\/www.carmelitaniscalzi.com\/wp-content\/uploads\/2023\/12\/Filipine-4-150x150.jpg\"><\/a><\/div><\/div><div class=\"wpmf-gallery-item\n     wpmf-gallery-item-position-3 wpmf-gallery-item-attachment-299883\" data-index=\"3\"><div class=\"wpmf-gallery-icon\"><a class=\" not_video noLightbox\" data-lightbox=\"1\" data-href=\"https:\/\/www.carmelitaniscalzi.com\/wp-content\/uploads\/2023\/12\/Filipine-5-1024x768.jpg\" title=\"Filipine 5\" target=\"_self\" data-index=\"3\"><img decoding=\"async\" class=\"wpmf_img\" alt=\"Filipine 5\" src=\"https:\/\/www.carmelitaniscalzi.com\/wp-content\/uploads\/2023\/12\/Filipine-5-150x150.jpg\" data-type=\"wpmfgalleryimg\" data-lazy-src=\"https:\/\/www.carmelitaniscalzi.com\/wp-content\/uploads\/2023\/12\/Filipine-5-150x150.jpg\"><\/a><\/div><\/div><div class=\"wpmf-gallery-item\n     wpmf-gallery-item-position-4 wpmf-gallery-item-attachment-299889\" data-index=\"4\"><div class=\"wpmf-gallery-icon\"><a class=\" not_video noLightbox\" data-lightbox=\"1\" data-href=\"https:\/\/www.carmelitaniscalzi.com\/wp-content\/uploads\/2023\/12\/Filipine-6-1024x768.jpg\" title=\"Filipine 6\" target=\"_self\" data-index=\"4\"><img decoding=\"async\" class=\"wpmf_img\" alt=\"Filipine 6\" src=\"https:\/\/www.carmelitaniscalzi.com\/wp-content\/uploads\/2023\/12\/Filipine-6-150x150.jpg\" data-type=\"wpmfgalleryimg\" data-lazy-src=\"https:\/\/www.carmelitaniscalzi.com\/wp-content\/uploads\/2023\/12\/Filipine-6-150x150.jpg\"><\/a><\/div><\/div><\/div><\/div>\n\n","protected":false},"excerpt":{"rendered":"<p>As comunidades carmelitanas de todas as Filipinas agradecem ao Senhor pelos 100 anos de fidelidade e amor do Senhor. Tudo teve in\u00edcio em Jaro, em novembro de 1923, quando Monsenhor James Paul McCloskey pediu \u00e0s monjas carmelitas do Vietn\u00e3 que fundassem um Carmelo na diocese de Jaro, para rezar pelo clero e os fi\u00e9is. Para [&hellip;]<\/p>\n","protected":false},"author":7,"featured_media":299853,"comment_status":"closed","ping_status":"open","sticky":false,"template":"","format":"standard","meta":{"_acf_changed":false,"footnotes":""},"categories":[235,237,239,373],"tags":[],"class_list":["post-300131","post","type-post","status-publish","format-standard","has-post-thumbnail","hentry","category-noticias-frades","category-noticias-monjas-pt-br","category-noticias-preposito-geral","category-noticias"],"acf":[],"yoast_head":"<!-- This site is optimized with the Yoast SEO plugin v26.3 - https:\/\/yoast.com\/wordpress\/plugins\/seo\/ -->\n<title>Filipinas: celebra\u00e7\u00e3o dos 100 anos de presen\u00e7a das monjas carmelitas - CARMELITAS DESCAL\u00c7OS<\/title>\n<meta name=\"robots\" content=\"index, follow, max-snippet:-1, max-image-preview:large, max-video-preview:-1\" \/>\n<link rel=\"canonical\" href=\"https:\/\/www.carmelitaniscalzi.com\/pt-br\/2023\/12\/04\/filipinas-celebracao-dos-100-anos-de-presenca-das-monjas-carmelitas\/\" \/>\n<meta property=\"og:locale\" content=\"pt_BR\" \/>\n<meta property=\"og:type\" content=\"article\" \/>\n<meta property=\"og:title\" content=\"Filipinas: celebra\u00e7\u00e3o dos 100 anos de presen\u00e7a das monjas carmelitas - CARMELITAS DESCAL\u00c7OS\" \/>\n<meta property=\"og:description\" content=\"As comunidades carmelitanas de todas as Filipinas agradecem ao Senhor pelos 100 anos de fidelidade e amor do Senhor. Tudo teve in\u00edcio em Jaro, em novembro de 1923, quando Monsenhor James Paul McCloskey pediu \u00e0s monjas carmelitas do Vietn\u00e3 que fundassem um Carmelo na diocese de Jaro, para rezar pelo clero e os fi\u00e9is. Para [&hellip;]\" \/>\n<meta property=\"og:url\" content=\"https:\/\/www.carmelitaniscalzi.com\/pt-br\/2023\/12\/04\/filipinas-celebracao-dos-100-anos-de-presenca-das-monjas-carmelitas\/\" \/>\n<meta property=\"og:site_name\" content=\"CARMELITAS DESCAL\u00c7OS\" \/>\n<meta property=\"article:publisher\" content=\"https:\/\/www.facebook.com\/Curia-Generalizia-Carmelitani-Scalzi-658766940887784\/\" \/>\n<meta property=\"article:published_time\" content=\"2023-12-04T14:50:10+00:00\" \/>\n<meta property=\"article:modified_time\" content=\"2023-12-12T14:50:37+00:00\" \/>\n<meta property=\"og:image\" content=\"https:\/\/www.carmelitaniscalzi.com\/wp-content\/uploads\/2023\/12\/cover_filippine_12.2023.jpg\" \/>\n\t<meta property=\"og:image:width\" content=\"1200\" \/>\n\t<meta property=\"og:image:height\" content=\"800\" \/>\n\t<meta property=\"og:image:type\" content=\"image\/jpeg\" \/>\n<meta name=\"author\" content=\"ocd web master\" \/>\n<meta name=\"twitter:card\" content=\"summary_large_image\" \/>\n<meta name=\"twitter:creator\" content=\"@ocdcuria\" \/>\n<meta name=\"twitter:site\" content=\"@ocdcuria\" \/>\n<meta name=\"twitter:label1\" content=\"Escrito por\" \/>\n\t<meta name=\"twitter:data1\" content=\"ocd web master\" \/>\n\t<meta name=\"twitter:label2\" content=\"Est. tempo de leitura\" \/>\n\t<meta name=\"twitter:data2\" content=\"1 minuto\" \/>\n<script type=\"application\/ld+json\" class=\"yoast-schema-graph\">{\"@context\":\"https:\/\/schema.org\",\"@graph\":[{\"@type\":\"Article\",\"@id\":\"https:\/\/www.carmelitaniscalzi.com\/pt-br\/2023\/12\/04\/filipinas-celebracao-dos-100-anos-de-presenca-das-monjas-carmelitas\/#article\",\"isPartOf\":{\"@id\":\"https:\/\/www.carmelitaniscalzi.com\/pt-br\/2023\/12\/04\/filipinas-celebracao-dos-100-anos-de-presenca-das-monjas-carmelitas\/\"},\"author\":{\"name\":\"ocd web master\",\"@id\":\"https:\/\/www.carmelitaniscalzi.com\/#\/schema\/person\/6d1c0d9bea7b6625c437246a5d6da409\"},\"headline\":\"Filipinas: celebra\u00e7\u00e3o dos 100 anos de presen\u00e7a das monjas carmelitas\",\"datePublished\":\"2023-12-04T14:50:10+00:00\",\"dateModified\":\"2023-12-12T14:50:37+00:00\",\"mainEntityOfPage\":{\"@id\":\"https:\/\/www.carmelitaniscalzi.com\/pt-br\/2023\/12\/04\/filipinas-celebracao-dos-100-anos-de-presenca-das-monjas-carmelitas\/\"},\"wordCount\":272,\"publisher\":{\"@id\":\"https:\/\/www.carmelitaniscalzi.com\/#organization\"},\"image\":{\"@id\":\"https:\/\/www.carmelitaniscalzi.com\/pt-br\/2023\/12\/04\/filipinas-celebracao-dos-100-anos-de-presenca-das-monjas-carmelitas\/#primaryimage\"},\"thumbnailUrl\":\"https:\/\/www.carmelitaniscalzi.com\/wp-content\/uploads\/2023\/12\/cover_filippine_12.2023.jpg\",\"articleSection\":[\"Not\u00edcias Frades\",\"Not\u00edcias Monjas\",\"Not\u00edcias Prep\u00f3sito Geral\",\"Not\u00edcias\"],\"inLanguage\":\"pt-BR\"},{\"@type\":\"WebPage\",\"@id\":\"https:\/\/www.carmelitaniscalzi.com\/pt-br\/2023\/12\/04\/filipinas-celebracao-dos-100-anos-de-presenca-das-monjas-carmelitas\/\",\"url\":\"https:\/\/www.carmelitaniscalzi.com\/pt-br\/2023\/12\/04\/filipinas-celebracao-dos-100-anos-de-presenca-das-monjas-carmelitas\/\",\"name\":\"Filipinas: celebra\u00e7\u00e3o dos 100 anos de presen\u00e7a das monjas carmelitas - CARMELITAS DESCAL\u00c7OS\",\"isPartOf\":{\"@id\":\"https:\/\/www.carmelitaniscalzi.com\/#website\"},\"primaryImageOfPage\":{\"@id\":\"https:\/\/www.carmelitaniscalzi.com\/pt-br\/2023\/12\/04\/filipinas-celebracao-dos-100-anos-de-presenca-das-monjas-carmelitas\/#primaryimage\"},\"image\":{\"@id\":\"https:\/\/www.carmelitaniscalzi.com\/pt-br\/2023\/12\/04\/filipinas-celebracao-dos-100-anos-de-presenca-das-monjas-carmelitas\/#primaryimage\"},\"thumbnailUrl\":\"https:\/\/www.carmelitaniscalzi.com\/wp-content\/uploads\/2023\/12\/cover_filippine_12.2023.jpg\",\"datePublished\":\"2023-12-04T14:50:10+00:00\",\"dateModified\":\"2023-12-12T14:50:37+00:00\",\"breadcrumb\":{\"@id\":\"https:\/\/www.carmelitaniscalzi.com\/pt-br\/2023\/12\/04\/filipinas-celebracao-dos-100-anos-de-presenca-das-monjas-carmelitas\/#breadcrumb\"},\"inLanguage\":\"pt-BR\",\"potentialAction\":[{\"@type\":\"ReadAction\",\"target\":[\"https:\/\/www.carmelitaniscalzi.com\/pt-br\/2023\/12\/04\/filipinas-celebracao-dos-100-anos-de-presenca-das-monjas-carmelitas\/\"]}]},{\"@type\":\"ImageObject\",\"inLanguage\":\"pt-BR\",\"@id\":\"https:\/\/www.carmelitaniscalzi.com\/pt-br\/2023\/12\/04\/filipinas-celebracao-dos-100-anos-de-presenca-das-monjas-carmelitas\/#primaryimage\",\"url\":\"https:\/\/www.carmelitaniscalzi.com\/wp-content\/uploads\/2023\/12\/cover_filippine_12.2023.jpg\",\"contentUrl\":\"https:\/\/www.carmelitaniscalzi.com\/wp-content\/uploads\/2023\/12\/cover_filippine_12.2023.jpg\",\"width\":1200,\"height\":800},{\"@type\":\"BreadcrumbList\",\"@id\":\"https:\/\/www.carmelitaniscalzi.com\/pt-br\/2023\/12\/04\/filipinas-celebracao-dos-100-anos-de-presenca-das-monjas-carmelitas\/#breadcrumb\",\"itemListElement\":[{\"@type\":\"ListItem\",\"position\":1,\"name\":\"Home\",\"item\":\"https:\/\/www.carmelitaniscalzi.com\/pt-br\/\"},{\"@type\":\"ListItem\",\"position\":2,\"name\":\"Filipinas: celebra\u00e7\u00e3o dos 100 anos de presen\u00e7a das monjas carmelitas\"}]},{\"@type\":\"WebSite\",\"@id\":\"https:\/\/www.carmelitaniscalzi.com\/#website\",\"url\":\"https:\/\/www.carmelitaniscalzi.com\/\",\"name\":\"CARMELITANI SCALZI - Curia Generale del Carmelo Teresiano\",\"description\":\"C\u00faria General\u00edcia do Carmelo Teresiano\",\"publisher\":{\"@id\":\"https:\/\/www.carmelitaniscalzi.com\/#organization\"},\"alternateName\":\"CARMELITANI SCALZI\",\"potentialAction\":[{\"@type\":\"SearchAction\",\"target\":{\"@type\":\"EntryPoint\",\"urlTemplate\":\"https:\/\/www.carmelitaniscalzi.com\/?s={search_term_string}\"},\"query-input\":{\"@type\":\"PropertyValueSpecification\",\"valueRequired\":true,\"valueName\":\"search_term_string\"}}],\"inLanguage\":\"pt-BR\"},{\"@type\":\"Organization\",\"@id\":\"https:\/\/www.carmelitaniscalzi.com\/#organization\",\"name\":\"CARMELITANI SCALZI - Curia Generale del Carmelo Teresiano\",\"url\":\"https:\/\/www.carmelitaniscalzi.com\/\",\"logo\":{\"@type\":\"ImageObject\",\"inLanguage\":\"pt-BR\",\"@id\":\"https:\/\/www.carmelitaniscalzi.com\/#\/schema\/logo\/image\/\",\"url\":\"https:\/\/www.carmelitaniscalzi.com\/wp-content\/uploads\/2025\/11\/login-logo.png\",\"contentUrl\":\"https:\/\/www.carmelitaniscalzi.com\/wp-content\/uploads\/2025\/11\/login-logo.png\",\"width\":256,\"height\":256,\"caption\":\"CARMELITANI SCALZI - Curia Generale del Carmelo Teresiano\"},\"image\":{\"@id\":\"https:\/\/www.carmelitaniscalzi.com\/#\/schema\/logo\/image\/\"},\"sameAs\":[\"https:\/\/www.facebook.com\/Curia-Generalizia-Carmelitani-Scalzi-658766940887784\/\",\"https:\/\/x.com\/ocdcuria\",\"https:\/\/www.youtube.com\/channel\/UC2J5ZL0ycOY0qBSTCLX_NGQ\/videos\",\"https:\/\/www.instagram.com\/ocdinform\/\"]},{\"@type\":\"Person\",\"@id\":\"https:\/\/www.carmelitaniscalzi.com\/#\/schema\/person\/6d1c0d9bea7b6625c437246a5d6da409\",\"name\":\"ocd web master\",\"image\":{\"@type\":\"ImageObject\",\"inLanguage\":\"pt-BR\",\"@id\":\"https:\/\/www.carmelitaniscalzi.com\/#\/schema\/person\/image\/\",\"url\":\"https:\/\/secure.gravatar.com\/avatar\/41fbc5f82bad909fbaf2984c43fa50d8519ac5853e25b454d022b6868f80d0e7?s=96&d=mm&r=g\",\"contentUrl\":\"https:\/\/secure.gravatar.com\/avatar\/41fbc5f82bad909fbaf2984c43fa50d8519ac5853e25b454d022b6868f80d0e7?s=96&d=mm&r=g\",\"caption\":\"ocd web master\"},\"url\":\"https:\/\/www.carmelitaniscalzi.com\/pt-br\/author\/ocdwebmaster\/\"}]}<\/script>\n<!-- \/ Yoast SEO plugin. -->","yoast_head_json":{"title":"Filipinas: celebra\u00e7\u00e3o dos 100 anos de presen\u00e7a das monjas carmelitas - CARMELITAS DESCAL\u00c7OS","robots":{"index":"index","follow":"follow","max-snippet":"max-snippet:-1","max-image-preview":"max-image-preview:large","max-video-preview":"max-video-preview:-1"},"canonical":"https:\/\/www.carmelitaniscalzi.com\/pt-br\/2023\/12\/04\/filipinas-celebracao-dos-100-anos-de-presenca-das-monjas-carmelitas\/","og_locale":"pt_BR","og_type":"article","og_title":"Filipinas: celebra\u00e7\u00e3o dos 100 anos de presen\u00e7a das monjas carmelitas - CARMELITAS DESCAL\u00c7OS","og_description":"As comunidades carmelitanas de todas as Filipinas agradecem ao Senhor pelos 100 anos de fidelidade e amor do Senhor. Tudo teve in\u00edcio em Jaro, em novembro de 1923, quando Monsenhor James Paul McCloskey pediu \u00e0s monjas carmelitas do Vietn\u00e3 que fundassem um Carmelo na diocese de Jaro, para rezar pelo clero e os fi\u00e9is. Para [&hellip;]","og_url":"https:\/\/www.carmelitaniscalzi.com\/pt-br\/2023\/12\/04\/filipinas-celebracao-dos-100-anos-de-presenca-das-monjas-carmelitas\/","og_site_name":"CARMELITAS DESCAL\u00c7OS","article_publisher":"https:\/\/www.facebook.com\/Curia-Generalizia-Carmelitani-Scalzi-658766940887784\/","article_published_time":"2023-12-04T14:50:10+00:00","article_modified_time":"2023-12-12T14:50:37+00:00","og_image":[{"width":1200,"height":800,"url":"https:\/\/www.carmelitaniscalzi.com\/wp-content\/uploads\/2023\/12\/cover_filippine_12.2023.jpg","type":"image\/jpeg"}],"author":"ocd web master","twitter_card":"summary_large_image","twitter_creator":"@ocdcuria","twitter_site":"@ocdcuria","twitter_misc":{"Escrito por":"ocd web master","Est. tempo de leitura":"1 minuto"},"schema":{"@context":"https:\/\/schema.org","@graph":[{"@type":"Article","@id":"https:\/\/www.carmelitaniscalzi.com\/pt-br\/2023\/12\/04\/filipinas-celebracao-dos-100-anos-de-presenca-das-monjas-carmelitas\/#article","isPartOf":{"@id":"https:\/\/www.carmelitaniscalzi.com\/pt-br\/2023\/12\/04\/filipinas-celebracao-dos-100-anos-de-presenca-das-monjas-carmelitas\/"},"author":{"name":"ocd web master","@id":"https:\/\/www.carmelitaniscalzi.com\/#\/schema\/person\/6d1c0d9bea7b6625c437246a5d6da409"},"headline":"Filipinas: celebra\u00e7\u00e3o dos 100 anos de presen\u00e7a das monjas carmelitas","datePublished":"2023-12-04T14:50:10+00:00","dateModified":"2023-12-12T14:50:37+00:00","mainEntityOfPage":{"@id":"https:\/\/www.carmelitaniscalzi.com\/pt-br\/2023\/12\/04\/filipinas-celebracao-dos-100-anos-de-presenca-das-monjas-carmelitas\/"},"wordCount":272,"publisher":{"@id":"https:\/\/www.carmelitaniscalzi.com\/#organization"},"image":{"@id":"https:\/\/www.carmelitaniscalzi.com\/pt-br\/2023\/12\/04\/filipinas-celebracao-dos-100-anos-de-presenca-das-monjas-carmelitas\/#primaryimage"},"thumbnailUrl":"https:\/\/www.carmelitaniscalzi.com\/wp-content\/uploads\/2023\/12\/cover_filippine_12.2023.jpg","articleSection":["Not\u00edcias Frades","Not\u00edcias Monjas","Not\u00edcias Prep\u00f3sito Geral","Not\u00edcias"],"inLanguage":"pt-BR"},{"@type":"WebPage","@id":"https:\/\/www.carmelitaniscalzi.com\/pt-br\/2023\/12\/04\/filipinas-celebracao-dos-100-anos-de-presenca-das-monjas-carmelitas\/","url":"https:\/\/www.carmelitaniscalzi.com\/pt-br\/2023\/12\/04\/filipinas-celebracao-dos-100-anos-de-presenca-das-monjas-carmelitas\/","name":"Filipinas: celebra\u00e7\u00e3o dos 100 anos de presen\u00e7a das monjas carmelitas - CARMELITAS DESCAL\u00c7OS","isPartOf":{"@id":"https:\/\/www.carmelitaniscalzi.com\/#website"},"primaryImageOfPage":{"@id":"https:\/\/www.carmelitaniscalzi.com\/pt-br\/2023\/12\/04\/filipinas-celebracao-dos-100-anos-de-presenca-das-monjas-carmelitas\/#primaryimage"},"image":{"@id":"https:\/\/www.carmelitaniscalzi.com\/pt-br\/2023\/12\/04\/filipinas-celebracao-dos-100-anos-de-presenca-das-monjas-carmelitas\/#primaryimage"},"thumbnailUrl":"https:\/\/www.carmelitaniscalzi.com\/wp-content\/uploads\/2023\/12\/cover_filippine_12.2023.jpg","datePublished":"2023-12-04T14:50:10+00:00","dateModified":"2023-12-12T14:50:37+00:00","breadcrumb":{"@id":"https:\/\/www.carmelitaniscalzi.com\/pt-br\/2023\/12\/04\/filipinas-celebracao-dos-100-anos-de-presenca-das-monjas-carmelitas\/#breadcrumb"},"inLanguage":"pt-BR","potentialAction":[{"@type":"ReadAction","target":["https:\/\/www.carmelitaniscalzi.com\/pt-br\/2023\/12\/04\/filipinas-celebracao-dos-100-anos-de-presenca-das-monjas-carmelitas\/"]}]},{"@type":"ImageObject","inLanguage":"pt-BR","@id":"https:\/\/www.carmelitaniscalzi.com\/pt-br\/2023\/12\/04\/filipinas-celebracao-dos-100-anos-de-presenca-das-monjas-carmelitas\/#primaryimage","url":"https:\/\/www.carmelitaniscalzi.com\/wp-content\/uploads\/2023\/12\/cover_filippine_12.2023.jpg","contentUrl":"https:\/\/www.carmelitaniscalzi.com\/wp-content\/uploads\/2023\/12\/cover_filippine_12.2023.jpg","width":1200,"height":800},{"@type":"BreadcrumbList","@id":"https:\/\/www.carmelitaniscalzi.com\/pt-br\/2023\/12\/04\/filipinas-celebracao-dos-100-anos-de-presenca-das-monjas-carmelitas\/#breadcrumb","itemListElement":[{"@type":"ListItem","position":1,"name":"Home","item":"https:\/\/www.carmelitaniscalzi.com\/pt-br\/"},{"@type":"ListItem","position":2,"name":"Filipinas: celebra\u00e7\u00e3o dos 100 anos de presen\u00e7a das monjas carmelitas"}]},{"@type":"WebSite","@id":"https:\/\/www.carmelitaniscalzi.com\/#website","url":"https:\/\/www.carmelitaniscalzi.com\/","name":"CARMELITANI SCALZI - Curia Generale del Carmelo Teresiano","description":"C\u00faria General\u00edcia do Carmelo Teresiano","publisher":{"@id":"https:\/\/www.carmelitaniscalzi.com\/#organization"},"alternateName":"CARMELITANI SCALZI","potentialAction":[{"@type":"SearchAction","target":{"@type":"EntryPoint","urlTemplate":"https:\/\/www.carmelitaniscalzi.com\/?s={search_term_string}"},"query-input":{"@type":"PropertyValueSpecification","valueRequired":true,"valueName":"search_term_string"}}],"inLanguage":"pt-BR"},{"@type":"Organization","@id":"https:\/\/www.carmelitaniscalzi.com\/#organization","name":"CARMELITANI SCALZI - Curia Generale del Carmelo Teresiano","url":"https:\/\/www.carmelitaniscalzi.com\/","logo":{"@type":"ImageObject","inLanguage":"pt-BR","@id":"https:\/\/www.carmelitaniscalzi.com\/#\/schema\/logo\/image\/","url":"https:\/\/www.carmelitaniscalzi.com\/wp-content\/uploads\/2025\/11\/login-logo.png","contentUrl":"https:\/\/www.carmelitaniscalzi.com\/wp-content\/uploads\/2025\/11\/login-logo.png","width":256,"height":256,"caption":"CARMELITANI SCALZI - Curia Generale del Carmelo Teresiano"},"image":{"@id":"https:\/\/www.carmelitaniscalzi.com\/#\/schema\/logo\/image\/"},"sameAs":["https:\/\/www.facebook.com\/Curia-Generalizia-Carmelitani-Scalzi-658766940887784\/","https:\/\/x.com\/ocdcuria","https:\/\/www.youtube.com\/channel\/UC2J5ZL0ycOY0qBSTCLX_NGQ\/videos","https:\/\/www.instagram.com\/ocdinform\/"]},{"@type":"Person","@id":"https:\/\/www.carmelitaniscalzi.com\/#\/schema\/person\/6d1c0d9bea7b6625c437246a5d6da409","name":"ocd web master","image":{"@type":"ImageObject","inLanguage":"pt-BR","@id":"https:\/\/www.carmelitaniscalzi.com\/#\/schema\/person\/image\/","url":"https:\/\/secure.gravatar.com\/avatar\/41fbc5f82bad909fbaf2984c43fa50d8519ac5853e25b454d022b6868f80d0e7?s=96&d=mm&r=g","contentUrl":"https:\/\/secure.gravatar.com\/avatar\/41fbc5f82bad909fbaf2984c43fa50d8519ac5853e25b454d022b6868f80d0e7?s=96&d=mm&r=g","caption":"ocd web master"},"url":"https:\/\/www.carmelitaniscalzi.com\/pt-br\/author\/ocdwebmaster\/"}]}},"_links":{"self":[{"href":"https:\/\/www.carmelitaniscalzi.com\/pt-br\/wp-json\/wp\/v2\/posts\/300131","targetHints":{"allow":["GET"]}}],"collection":[{"href":"https:\/\/www.carmelitaniscalzi.com\/pt-br\/wp-json\/wp\/v2\/posts"}],"about":[{"href":"https:\/\/www.carmelitaniscalzi.com\/pt-br\/wp-json\/wp\/v2\/types\/post"}],"author":[{"embeddable":true,"href":"https:\/\/www.carmelitaniscalzi.com\/pt-br\/wp-json\/wp\/v2\/users\/7"}],"replies":[{"embeddable":true,"href":"https:\/\/www.carmelitaniscalzi.com\/pt-br\/wp-json\/wp\/v2\/comments?post=300131"}],"version-history":[{"count":1,"href":"https:\/\/www.carmelitaniscalzi.com\/pt-br\/wp-json\/wp\/v2\/posts\/300131\/revisions"}],"predecessor-version":[{"id":300132,"href":"https:\/\/www.carmelitaniscalzi.com\/pt-br\/wp-json\/wp\/v2\/posts\/300131\/revisions\/300132"}],"wp:featuredmedia":[{"embeddable":true,"href":"https:\/\/www.carmelitaniscalzi.com\/pt-br\/wp-json\/wp\/v2\/media\/299853"}],"wp:attachment":[{"href":"https:\/\/www.carmelitaniscalzi.com\/pt-br\/wp-json\/wp\/v2\/media?parent=300131"}],"wp:term":[{"taxonomy":"category","embeddable":true,"href":"https:\/\/www.carmelitaniscalzi.com\/pt-br\/wp-json\/wp\/v2\/categories?post=300131"},{"taxonomy":"post_tag","embeddable":true,"href":"https:\/\/www.carmelitaniscalzi.com\/pt-br\/wp-json\/wp\/v2\/tags?post=300131"}],"curies":[{"name":"wp","href":"https:\/\/api.w.org\/{rel}","templated":true}]}}