{"id":22684,"date":"2018-12-24T11:33:09","date_gmt":"2018-12-24T10:33:09","guid":{"rendered":"https:\/\/www.carmelitaniscalzi.com\/pt-br\/?p=22684"},"modified":"2018-12-20T11:35:33","modified_gmt":"2018-12-20T10:35:33","slug":"forum-santa-teresinha-aparecida-sp-brasil-ocds","status":"publish","type":"post","link":"https:\/\/www.carmelitaniscalzi.com\/pt-br\/2018\/12\/24\/forum-santa-teresinha-aparecida-sp-brasil-ocds\/","title":{"rendered":"Forum Santa Teresinha &#8211; Aparecida-SP, Brasil &#8211; OCDS"},"content":{"rendered":"<p>A Ordem dos Carmelitas Descal\u00e7os Seculares da Prov\u00edncia S\u00e3o Jos\u00e9 (Sudeste do Brasil), por ocasi\u00e3o da celebra\u00e7\u00e3o de seus 100 anos de presen\u00e7a no Brasil, realizou entre os dias 15 e 18 de novembro de 2018, em Aparecida-SP, seu segundo F\u00f3rum Carmelitano, agora com o tema e o lema &#8220;Santa Teresinha &#8211; No cora\u00e7\u00e3o da Igreja serei o Amor&#8221;. Deu-se, assim, continuidade \u00e0 proposta iniciada em 2015 com a realiza\u00e7\u00e3o do primeiro F\u00f3rum organizado pelo Carmelo Descal\u00e7o Secular, ent\u00e3o com o tema e lema &#8220;Santa Teresa de Jesus 500 anos \u2013 Para V\u00f3s Nasci&#8221;.<\/p>\n<p>Santa Teresinha foi fonte de quatro dias de profundas reflex\u00f5es com alguns dos grandes nomes da doutrina e da espiritualidade carmelitana do Brasil e do mundo, entre eles: Frei Patr\u00edcio Sciadini ocd, Frei Romano Gambalunga ocd (IT), Padre Jean-Marie Laurie (FR), al\u00e9m da presen\u00e7a e participa\u00e7\u00e3o de Frei Alzinir Debastiani ocd, atual Delegado Geral para a OCDS, respons\u00e1vel pela Ordem Carmelita Secular em todo o mundo.<\/p>\n<p>Um dos momentos marcantes da programa\u00e7\u00e3o foi a missa do s\u00e1bado dia 17, \u00e0s 18h, no Santu\u00e1rio Nacional de Aparecida, presidida por Dom Frei Rubens Sevilha ocd, bispo da Diocese de Bauru-SP, transmitida ao vivo em rede nacional pela TV Aparecida.<\/p>\n<p>Aconteceram ainda palestras e momentos art\u00edsticos e culturais. Duas apresenta\u00e7\u00f5es musicais foram realizadas: na sexta (16) o show &#8220;Primavera&#8221;, com Irm\u00e3 Maria Ang\u00e9lica ocd e a cantora Kennia; no s\u00e1bado (17), a Comunidade Cat\u00f3lica Shalom apresentou o musical &#8220;Viver de Amor&#8221;.<\/p>\n<p>Durante o evento tamb\u00e9m foram lan\u00e7ados os livros &#8220;100 anos da OCDS no Brasil&#8221;, organizado pela historiadora Estela M\u00e1rcia da Paz Moreira de Ara\u00fajo, coordenadora da Comiss\u00e3o de Mem\u00f3ria da OCDS; o 5\u00ba Livro de Forma\u00e7\u00e3o da OCDS, &#8220;Prepara\u00e7\u00e3o para a Promessas Definitiva &#8211; 3\u00aa etapa &#8211; 2\u00ba ano&#8221;, organizado por Lourdes Pimenta, coordenadora da Comiss\u00e3o Pedag\u00f3gica da OCDS; e a 2\u00aa edi\u00e7\u00e3o do livro &#8220;O Mundo \u00e9 o meu Carmelo&#8221;, de Frei Patr\u00edcio Sciadini ocd, revisada pela Comiss\u00e3o Vocacional da OCDS.<\/p>\n<p>O F\u00f3rum Santa Teresinha contou com a presen\u00e7a de mais de 500 participantes entre leigos, sacerdotes e religiosos vindos de todo o Brasil.<\/p>\n<div class=\"wpmf-gallerys wpmf-gallerys-life \" ><div id=\"gallery-1\" class=\"gallery gallery_life wpmf_gallery_default gallery_default  gallery-columns-5 gallery-size-thumbnail gallery-link-file wpmf-has-border-radius-0 wpmf-gutterwidth-5 no_ratio\"><figure class=\"wpmf-gallery-item\" data-index=\"0\"><div class=\"wpmf-gallery-icon\"><div class=\"square_thumbnail\"><div class=\"img_centered\"><a class=\" not_video noLightbox\" data-lightbox=\"1\" data-href=\"https:\/\/www.carmelitaniscalzi.com\/wp-content\/uploads\/2018\/12\/01-3-1024x684.jpg\" title=\"01\" target=\"_self\" data-index=\"0\"><img decoding=\"async\" class=\"wpmf_img\" alt=\"01\" src=\"https:\/\/www.carmelitaniscalzi.com\/wp-content\/uploads\/2018\/12\/01-3-150x150.jpg\" data-type=\"wpmfgalleryimg\" data-lazy-src=\"https:\/\/www.carmelitaniscalzi.com\/wp-content\/uploads\/2018\/12\/01-3-150x150.jpg\"><\/a><\/div><\/div><\/div><\/figure><figure class=\"wpmf-gallery-item\" data-index=\"1\"><div class=\"wpmf-gallery-icon\"><div class=\"square_thumbnail\"><div class=\"img_centered\"><a class=\" not_video noLightbox\" data-lightbox=\"1\" data-href=\"https:\/\/www.carmelitaniscalzi.com\/wp-content\/uploads\/2018\/12\/015-684x1024.jpg\" title=\"015\" target=\"_self\" data-index=\"1\"><img decoding=\"async\" class=\"wpmf_img\" alt=\"015\" src=\"https:\/\/www.carmelitaniscalzi.com\/wp-content\/uploads\/2018\/12\/015-150x150.jpg\" data-type=\"wpmfgalleryimg\" data-lazy-src=\"https:\/\/www.carmelitaniscalzi.com\/wp-content\/uploads\/2018\/12\/015-150x150.jpg\"><\/a><\/div><\/div><\/div><\/figure><figure class=\"wpmf-gallery-item\" data-index=\"2\"><div class=\"wpmf-gallery-icon\"><div class=\"square_thumbnail\"><div class=\"img_centered\"><a class=\" not_video noLightbox\" data-lightbox=\"1\" data-href=\"https:\/\/www.carmelitaniscalzi.com\/wp-content\/uploads\/2018\/12\/013-1024x684.jpg\" title=\"013\" target=\"_self\" data-index=\"2\"><img decoding=\"async\" class=\"wpmf_img\" alt=\"013\" src=\"https:\/\/www.carmelitaniscalzi.com\/wp-content\/uploads\/2018\/12\/013-150x150.jpg\" data-type=\"wpmfgalleryimg\" data-lazy-src=\"https:\/\/www.carmelitaniscalzi.com\/wp-content\/uploads\/2018\/12\/013-150x150.jpg\"><\/a><\/div><\/div><\/div><\/figure><figure class=\"wpmf-gallery-item\" data-index=\"3\"><div class=\"wpmf-gallery-icon\"><div class=\"square_thumbnail\"><div class=\"img_centered\"><a class=\" not_video noLightbox\" data-lightbox=\"1\" data-href=\"https:\/\/www.carmelitaniscalzi.com\/wp-content\/uploads\/2018\/12\/012-1024x684.jpg\" title=\"012\" target=\"_self\" data-index=\"3\"><img decoding=\"async\" class=\"wpmf_img\" alt=\"012\" src=\"https:\/\/www.carmelitaniscalzi.com\/wp-content\/uploads\/2018\/12\/012-150x150.jpg\" data-type=\"wpmfgalleryimg\" data-lazy-src=\"https:\/\/www.carmelitaniscalzi.com\/wp-content\/uploads\/2018\/12\/012-150x150.jpg\"><\/a><\/div><\/div><\/div><\/figure><figure class=\"wpmf-gallery-item\" data-index=\"4\"><div class=\"wpmf-gallery-icon\"><div class=\"square_thumbnail\"><div class=\"img_centered\"><a class=\" not_video noLightbox\" data-lightbox=\"1\" data-href=\"https:\/\/www.carmelitaniscalzi.com\/wp-content\/uploads\/2018\/12\/011-1024x684.jpg\" title=\"011\" target=\"_self\" data-index=\"4\"><img decoding=\"async\" class=\"wpmf_img\" alt=\"011\" src=\"https:\/\/www.carmelitaniscalzi.com\/wp-content\/uploads\/2018\/12\/011-150x150.jpg\" data-type=\"wpmfgalleryimg\" data-lazy-src=\"https:\/\/www.carmelitaniscalzi.com\/wp-content\/uploads\/2018\/12\/011-150x150.jpg\"><\/a><\/div><\/div><\/div><\/figure><figure class=\"wpmf-gallery-item\" data-index=\"5\"><div class=\"wpmf-gallery-icon\"><div class=\"square_thumbnail\"><div class=\"img_centered\"><a class=\" not_video noLightbox\" data-lightbox=\"1\" data-href=\"https:\/\/www.carmelitaniscalzi.com\/wp-content\/uploads\/2018\/12\/010-684x1024.jpg\" title=\"010\" target=\"_self\" data-index=\"5\"><img decoding=\"async\" class=\"wpmf_img\" alt=\"010\" src=\"https:\/\/www.carmelitaniscalzi.com\/wp-content\/uploads\/2018\/12\/010-150x150.jpg\" data-type=\"wpmfgalleryimg\" data-lazy-src=\"https:\/\/www.carmelitaniscalzi.com\/wp-content\/uploads\/2018\/12\/010-150x150.jpg\"><\/a><\/div><\/div><\/div><\/figure><figure class=\"wpmf-gallery-item\" data-index=\"6\"><div class=\"wpmf-gallery-icon\"><div class=\"square_thumbnail\"><div class=\"img_centered\"><a class=\" not_video noLightbox\" data-lightbox=\"1\" data-href=\"https:\/\/www.carmelitaniscalzi.com\/wp-content\/uploads\/2018\/12\/09-684x1024.jpg\" title=\"09\" target=\"_self\" data-index=\"6\"><img decoding=\"async\" class=\"wpmf_img\" alt=\"09\" src=\"https:\/\/www.carmelitaniscalzi.com\/wp-content\/uploads\/2018\/12\/09-150x150.jpg\" data-type=\"wpmfgalleryimg\" data-lazy-src=\"https:\/\/www.carmelitaniscalzi.com\/wp-content\/uploads\/2018\/12\/09-150x150.jpg\"><\/a><\/div><\/div><\/div><\/figure><figure class=\"wpmf-gallery-item\" data-index=\"7\"><div class=\"wpmf-gallery-icon\"><div class=\"square_thumbnail\"><div class=\"img_centered\"><a class=\" not_video noLightbox\" data-lightbox=\"1\" data-href=\"https:\/\/www.carmelitaniscalzi.com\/wp-content\/uploads\/2018\/12\/08-1024x684.jpg\" title=\"08\" target=\"_self\" data-index=\"7\"><img decoding=\"async\" class=\"wpmf_img\" alt=\"08\" src=\"https:\/\/www.carmelitaniscalzi.com\/wp-content\/uploads\/2018\/12\/08-150x150.jpg\" data-type=\"wpmfgalleryimg\" data-lazy-src=\"https:\/\/www.carmelitaniscalzi.com\/wp-content\/uploads\/2018\/12\/08-150x150.jpg\"><\/a><\/div><\/div><\/div><\/figure><figure class=\"wpmf-gallery-item\" data-index=\"8\"><div class=\"wpmf-gallery-icon\"><div class=\"square_thumbnail\"><div class=\"img_centered\"><a class=\" not_video noLightbox\" data-lightbox=\"1\" data-href=\"https:\/\/www.carmelitaniscalzi.com\/wp-content\/uploads\/2018\/12\/06-1-684x1024.jpg\" title=\"06\" target=\"_self\" data-index=\"8\"><img decoding=\"async\" class=\"wpmf_img\" alt=\"06\" src=\"https:\/\/www.carmelitaniscalzi.com\/wp-content\/uploads\/2018\/12\/06-1-150x150.jpg\" data-type=\"wpmfgalleryimg\" data-lazy-src=\"https:\/\/www.carmelitaniscalzi.com\/wp-content\/uploads\/2018\/12\/06-1-150x150.jpg\"><\/a><\/div><\/div><\/div><\/figure><figure class=\"wpmf-gallery-item\" data-index=\"9\"><div class=\"wpmf-gallery-icon\"><div class=\"square_thumbnail\"><div class=\"img_centered\"><a class=\" not_video noLightbox\" data-lightbox=\"1\" data-href=\"https:\/\/www.carmelitaniscalzi.com\/wp-content\/uploads\/2018\/12\/05-1-1024x684.jpg\" title=\"05\" target=\"_self\" data-index=\"9\"><img decoding=\"async\" class=\"wpmf_img\" alt=\"05\" src=\"https:\/\/www.carmelitaniscalzi.com\/wp-content\/uploads\/2018\/12\/05-1-150x150.jpg\" data-type=\"wpmfgalleryimg\" data-lazy-src=\"https:\/\/www.carmelitaniscalzi.com\/wp-content\/uploads\/2018\/12\/05-1-150x150.jpg\"><\/a><\/div><\/div><\/div><\/figure><figure class=\"wpmf-gallery-item\" data-index=\"10\"><div class=\"wpmf-gallery-icon\"><div class=\"square_thumbnail\"><div class=\"img_centered\"><a class=\" not_video noLightbox\" data-lightbox=\"1\" data-href=\"https:\/\/www.carmelitaniscalzi.com\/wp-content\/uploads\/2018\/12\/04-1-1024x684.jpg\" title=\"04\" target=\"_self\" data-index=\"10\"><img decoding=\"async\" class=\"wpmf_img\" alt=\"04\" src=\"https:\/\/www.carmelitaniscalzi.com\/wp-content\/uploads\/2018\/12\/04-1-150x150.jpg\" data-type=\"wpmfgalleryimg\" data-lazy-src=\"https:\/\/www.carmelitaniscalzi.com\/wp-content\/uploads\/2018\/12\/04-1-150x150.jpg\"><\/a><\/div><\/div><\/div><\/figure><figure class=\"wpmf-gallery-item\" data-index=\"11\"><div class=\"wpmf-gallery-icon\"><div class=\"square_thumbnail\"><div class=\"img_centered\"><a class=\" not_video noLightbox\" data-lightbox=\"1\" data-href=\"https:\/\/www.carmelitaniscalzi.com\/wp-content\/uploads\/2018\/12\/03-1-684x1024.jpg\" title=\"03\" target=\"_self\" data-index=\"11\"><img decoding=\"async\" class=\"wpmf_img\" alt=\"03\" src=\"https:\/\/www.carmelitaniscalzi.com\/wp-content\/uploads\/2018\/12\/03-1-150x150.jpg\" data-type=\"wpmfgalleryimg\" data-lazy-src=\"https:\/\/www.carmelitaniscalzi.com\/wp-content\/uploads\/2018\/12\/03-1-150x150.jpg\"><\/a><\/div><\/div><\/div><\/figure><figure class=\"wpmf-gallery-item\" data-index=\"12\"><div class=\"wpmf-gallery-icon\"><div class=\"square_thumbnail\"><div class=\"img_centered\"><a class=\" not_video noLightbox\" data-lightbox=\"1\" data-href=\"https:\/\/www.carmelitaniscalzi.com\/wp-content\/uploads\/2018\/12\/02-1-1024x684.jpg\" title=\"02\" target=\"_self\" data-index=\"12\"><img decoding=\"async\" class=\"wpmf_img\" alt=\"02\" src=\"https:\/\/www.carmelitaniscalzi.com\/wp-content\/uploads\/2018\/12\/02-1-150x150.jpg\" data-type=\"wpmfgalleryimg\" data-lazy-src=\"https:\/\/www.carmelitaniscalzi.com\/wp-content\/uploads\/2018\/12\/02-1-150x150.jpg\"><\/a><\/div><\/div><\/div><\/figure><figure class=\"wpmf-gallery-item\" data-index=\"13\"><div class=\"wpmf-gallery-icon\"><div class=\"square_thumbnail\"><div class=\"img_centered\"><a class=\" not_video noLightbox\" data-lightbox=\"1\" data-href=\"https:\/\/www.carmelitaniscalzi.com\/wp-content\/uploads\/2018\/12\/016-684x1024.jpg\" title=\"016\" target=\"_self\" data-index=\"13\"><img decoding=\"async\" class=\"wpmf_img\" alt=\"016\" src=\"https:\/\/www.carmelitaniscalzi.com\/wp-content\/uploads\/2018\/12\/016-150x150.jpg\" data-type=\"wpmfgalleryimg\" data-lazy-src=\"https:\/\/www.carmelitaniscalzi.com\/wp-content\/uploads\/2018\/12\/016-150x150.jpg\"><\/a><\/div><\/div><\/div><\/figure><\/div><\/div>\n<p><em>Departamento de Comunica\u00e7\u00e3o &#8211; OCDS, Prov\u00edncia S\u00e3o Jos\u00e9<\/em><\/p>\n<p>Cr\u00e9dito das imagens: \u00a9Andr\u00e9 Fachetti<\/p>\n","protected":false},"excerpt":{"rendered":"<p>A Ordem dos Carmelitas Descal\u00e7os Seculares da Prov\u00edncia S\u00e3o Jos\u00e9 (Sudeste do Brasil), por ocasi\u00e3o da celebra\u00e7\u00e3o de seus 100 anos de presen\u00e7a no Brasil, realizou entre os dias 15 e 18 de novembro de 2018, em Aparecida-SP, seu segundo F\u00f3rum Carmelitano, agora com o tema e o lema &#8220;Santa Teresinha &#8211; No cora\u00e7\u00e3o da [&hellip;]<\/p>\n","protected":false},"author":7,"featured_media":22661,"comment_status":"closed","ping_status":"closed","sticky":false,"template":"","format":"standard","meta":{"_acf_changed":false,"footnotes":""},"categories":[264,373],"tags":[],"class_list":["post-22684","post","type-post","status-publish","format-standard","has-post-thumbnail","hentry","category-noticias-ocds-pt-br","category-noticias"],"acf":[],"yoast_head":"<!-- This site is optimized with the Yoast SEO plugin v26.3 - https:\/\/yoast.com\/wordpress\/plugins\/seo\/ -->\n<title>Forum Santa Teresinha - Aparecida-SP, Brasil - OCDS - CARMELITAS DESCAL\u00c7OS<\/title>\n<meta name=\"robots\" content=\"index, follow, max-snippet:-1, max-image-preview:large, max-video-preview:-1\" \/>\n<link rel=\"canonical\" href=\"https:\/\/www.carmelitaniscalzi.com\/pt-br\/2018\/12\/24\/forum-santa-teresinha-aparecida-sp-brasil-ocds\/\" \/>\n<meta property=\"og:locale\" content=\"pt_BR\" \/>\n<meta property=\"og:type\" content=\"article\" \/>\n<meta property=\"og:title\" content=\"Forum Santa Teresinha - Aparecida-SP, Brasil - OCDS - CARMELITAS DESCAL\u00c7OS\" \/>\n<meta property=\"og:description\" content=\"A Ordem dos Carmelitas Descal\u00e7os Seculares da Prov\u00edncia S\u00e3o Jos\u00e9 (Sudeste do Brasil), por ocasi\u00e3o da celebra\u00e7\u00e3o de seus 100 anos de presen\u00e7a no Brasil, realizou entre os dias 15 e 18 de novembro de 2018, em Aparecida-SP, seu segundo F\u00f3rum Carmelitano, agora com o tema e o lema &#8220;Santa Teresinha &#8211; No cora\u00e7\u00e3o da [&hellip;]\" \/>\n<meta property=\"og:url\" content=\"https:\/\/www.carmelitaniscalzi.com\/pt-br\/2018\/12\/24\/forum-santa-teresinha-aparecida-sp-brasil-ocds\/\" \/>\n<meta property=\"og:site_name\" content=\"CARMELITAS DESCAL\u00c7OS\" \/>\n<meta property=\"article:publisher\" content=\"https:\/\/www.facebook.com\/Curia-Generalizia-Carmelitani-Scalzi-658766940887784\/\" \/>\n<meta property=\"article:published_time\" content=\"2018-12-24T10:33:09+00:00\" \/>\n<meta property=\"og:image\" content=\"https:\/\/www.carmelitaniscalzi.com\/wp-content\/uploads\/2018\/12\/01-3.jpg\" \/>\n\t<meta property=\"og:image:width\" content=\"1200\" \/>\n\t<meta property=\"og:image:height\" content=\"801\" \/>\n\t<meta property=\"og:image:type\" content=\"image\/jpeg\" \/>\n<meta name=\"author\" content=\"ocd web master\" \/>\n<meta name=\"twitter:card\" content=\"summary_large_image\" \/>\n<meta name=\"twitter:creator\" content=\"@ocdcuria\" \/>\n<meta name=\"twitter:site\" content=\"@ocdcuria\" \/>\n<meta name=\"twitter:label1\" content=\"Escrito por\" \/>\n\t<meta name=\"twitter:data1\" content=\"ocd web master\" \/>\n\t<meta name=\"twitter:label2\" content=\"Est. tempo de leitura\" \/>\n\t<meta name=\"twitter:data2\" content=\"2 minutos\" \/>\n<script type=\"application\/ld+json\" class=\"yoast-schema-graph\">{\"@context\":\"https:\/\/schema.org\",\"@graph\":[{\"@type\":\"Article\",\"@id\":\"https:\/\/www.carmelitaniscalzi.com\/pt-br\/2018\/12\/24\/forum-santa-teresinha-aparecida-sp-brasil-ocds\/#article\",\"isPartOf\":{\"@id\":\"https:\/\/www.carmelitaniscalzi.com\/pt-br\/2018\/12\/24\/forum-santa-teresinha-aparecida-sp-brasil-ocds\/\"},\"author\":{\"name\":\"ocd web master\",\"@id\":\"https:\/\/www.carmelitaniscalzi.com\/#\/schema\/person\/6d1c0d9bea7b6625c437246a5d6da409\"},\"headline\":\"Forum Santa Teresinha &#8211; Aparecida-SP, Brasil &#8211; OCDS\",\"datePublished\":\"2018-12-24T10:33:09+00:00\",\"mainEntityOfPage\":{\"@id\":\"https:\/\/www.carmelitaniscalzi.com\/pt-br\/2018\/12\/24\/forum-santa-teresinha-aparecida-sp-brasil-ocds\/\"},\"wordCount\":404,\"publisher\":{\"@id\":\"https:\/\/www.carmelitaniscalzi.com\/#organization\"},\"image\":{\"@id\":\"https:\/\/www.carmelitaniscalzi.com\/pt-br\/2018\/12\/24\/forum-santa-teresinha-aparecida-sp-brasil-ocds\/#primaryimage\"},\"thumbnailUrl\":\"https:\/\/www.carmelitaniscalzi.com\/wp-content\/uploads\/2018\/12\/01-3.jpg\",\"articleSection\":[\"Not\u00edcias OCDS\",\"Not\u00edcias\"],\"inLanguage\":\"pt-BR\"},{\"@type\":\"WebPage\",\"@id\":\"https:\/\/www.carmelitaniscalzi.com\/pt-br\/2018\/12\/24\/forum-santa-teresinha-aparecida-sp-brasil-ocds\/\",\"url\":\"https:\/\/www.carmelitaniscalzi.com\/pt-br\/2018\/12\/24\/forum-santa-teresinha-aparecida-sp-brasil-ocds\/\",\"name\":\"Forum Santa Teresinha - Aparecida-SP, Brasil - OCDS - CARMELITAS DESCAL\u00c7OS\",\"isPartOf\":{\"@id\":\"https:\/\/www.carmelitaniscalzi.com\/#website\"},\"primaryImageOfPage\":{\"@id\":\"https:\/\/www.carmelitaniscalzi.com\/pt-br\/2018\/12\/24\/forum-santa-teresinha-aparecida-sp-brasil-ocds\/#primaryimage\"},\"image\":{\"@id\":\"https:\/\/www.carmelitaniscalzi.com\/pt-br\/2018\/12\/24\/forum-santa-teresinha-aparecida-sp-brasil-ocds\/#primaryimage\"},\"thumbnailUrl\":\"https:\/\/www.carmelitaniscalzi.com\/wp-content\/uploads\/2018\/12\/01-3.jpg\",\"datePublished\":\"2018-12-24T10:33:09+00:00\",\"breadcrumb\":{\"@id\":\"https:\/\/www.carmelitaniscalzi.com\/pt-br\/2018\/12\/24\/forum-santa-teresinha-aparecida-sp-brasil-ocds\/#breadcrumb\"},\"inLanguage\":\"pt-BR\",\"potentialAction\":[{\"@type\":\"ReadAction\",\"target\":[\"https:\/\/www.carmelitaniscalzi.com\/pt-br\/2018\/12\/24\/forum-santa-teresinha-aparecida-sp-brasil-ocds\/\"]}]},{\"@type\":\"ImageObject\",\"inLanguage\":\"pt-BR\",\"@id\":\"https:\/\/www.carmelitaniscalzi.com\/pt-br\/2018\/12\/24\/forum-santa-teresinha-aparecida-sp-brasil-ocds\/#primaryimage\",\"url\":\"https:\/\/www.carmelitaniscalzi.com\/wp-content\/uploads\/2018\/12\/01-3.jpg\",\"contentUrl\":\"https:\/\/www.carmelitaniscalzi.com\/wp-content\/uploads\/2018\/12\/01-3.jpg\",\"width\":1200,\"height\":801},{\"@type\":\"BreadcrumbList\",\"@id\":\"https:\/\/www.carmelitaniscalzi.com\/pt-br\/2018\/12\/24\/forum-santa-teresinha-aparecida-sp-brasil-ocds\/#breadcrumb\",\"itemListElement\":[{\"@type\":\"ListItem\",\"position\":1,\"name\":\"Home\",\"item\":\"https:\/\/www.carmelitaniscalzi.com\/pt-br\/\"},{\"@type\":\"ListItem\",\"position\":2,\"name\":\"Forum Santa Teresinha &#8211; Aparecida-SP, Brasil &#8211; OCDS\"}]},{\"@type\":\"WebSite\",\"@id\":\"https:\/\/www.carmelitaniscalzi.com\/#website\",\"url\":\"https:\/\/www.carmelitaniscalzi.com\/\",\"name\":\"CARMELITANI SCALZI - Curia Generale del Carmelo Teresiano\",\"description\":\"C\u00faria General\u00edcia do Carmelo Teresiano\",\"publisher\":{\"@id\":\"https:\/\/www.carmelitaniscalzi.com\/#organization\"},\"alternateName\":\"CARMELITANI SCALZI\",\"potentialAction\":[{\"@type\":\"SearchAction\",\"target\":{\"@type\":\"EntryPoint\",\"urlTemplate\":\"https:\/\/www.carmelitaniscalzi.com\/?s={search_term_string}\"},\"query-input\":{\"@type\":\"PropertyValueSpecification\",\"valueRequired\":true,\"valueName\":\"search_term_string\"}}],\"inLanguage\":\"pt-BR\"},{\"@type\":\"Organization\",\"@id\":\"https:\/\/www.carmelitaniscalzi.com\/#organization\",\"name\":\"CARMELITANI SCALZI - Curia Generale del Carmelo Teresiano\",\"url\":\"https:\/\/www.carmelitaniscalzi.com\/\",\"logo\":{\"@type\":\"ImageObject\",\"inLanguage\":\"pt-BR\",\"@id\":\"https:\/\/www.carmelitaniscalzi.com\/#\/schema\/logo\/image\/\",\"url\":\"https:\/\/www.carmelitaniscalzi.com\/wp-content\/uploads\/2025\/11\/login-logo.png\",\"contentUrl\":\"https:\/\/www.carmelitaniscalzi.com\/wp-content\/uploads\/2025\/11\/login-logo.png\",\"width\":256,\"height\":256,\"caption\":\"CARMELITANI SCALZI - Curia Generale del Carmelo Teresiano\"},\"image\":{\"@id\":\"https:\/\/www.carmelitaniscalzi.com\/#\/schema\/logo\/image\/\"},\"sameAs\":[\"https:\/\/www.facebook.com\/Curia-Generalizia-Carmelitani-Scalzi-658766940887784\/\",\"https:\/\/x.com\/ocdcuria\",\"https:\/\/www.youtube.com\/channel\/UC2J5ZL0ycOY0qBSTCLX_NGQ\/videos\",\"https:\/\/www.instagram.com\/ocdinform\/\"]},{\"@type\":\"Person\",\"@id\":\"https:\/\/www.carmelitaniscalzi.com\/#\/schema\/person\/6d1c0d9bea7b6625c437246a5d6da409\",\"name\":\"ocd web master\",\"image\":{\"@type\":\"ImageObject\",\"inLanguage\":\"pt-BR\",\"@id\":\"https:\/\/www.carmelitaniscalzi.com\/#\/schema\/person\/image\/\",\"url\":\"https:\/\/secure.gravatar.com\/avatar\/41fbc5f82bad909fbaf2984c43fa50d8519ac5853e25b454d022b6868f80d0e7?s=96&d=mm&r=g\",\"contentUrl\":\"https:\/\/secure.gravatar.com\/avatar\/41fbc5f82bad909fbaf2984c43fa50d8519ac5853e25b454d022b6868f80d0e7?s=96&d=mm&r=g\",\"caption\":\"ocd web master\"},\"url\":\"https:\/\/www.carmelitaniscalzi.com\/pt-br\/author\/ocdwebmaster\/\"}]}<\/script>\n<!-- \/ Yoast SEO plugin. -->","yoast_head_json":{"title":"Forum Santa Teresinha - Aparecida-SP, Brasil - OCDS - CARMELITAS DESCAL\u00c7OS","robots":{"index":"index","follow":"follow","max-snippet":"max-snippet:-1","max-image-preview":"max-image-preview:large","max-video-preview":"max-video-preview:-1"},"canonical":"https:\/\/www.carmelitaniscalzi.com\/pt-br\/2018\/12\/24\/forum-santa-teresinha-aparecida-sp-brasil-ocds\/","og_locale":"pt_BR","og_type":"article","og_title":"Forum Santa Teresinha - Aparecida-SP, Brasil - OCDS - CARMELITAS DESCAL\u00c7OS","og_description":"A Ordem dos Carmelitas Descal\u00e7os Seculares da Prov\u00edncia S\u00e3o Jos\u00e9 (Sudeste do Brasil), por ocasi\u00e3o da celebra\u00e7\u00e3o de seus 100 anos de presen\u00e7a no Brasil, realizou entre os dias 15 e 18 de novembro de 2018, em Aparecida-SP, seu segundo F\u00f3rum Carmelitano, agora com o tema e o lema &#8220;Santa Teresinha &#8211; No cora\u00e7\u00e3o da [&hellip;]","og_url":"https:\/\/www.carmelitaniscalzi.com\/pt-br\/2018\/12\/24\/forum-santa-teresinha-aparecida-sp-brasil-ocds\/","og_site_name":"CARMELITAS DESCAL\u00c7OS","article_publisher":"https:\/\/www.facebook.com\/Curia-Generalizia-Carmelitani-Scalzi-658766940887784\/","article_published_time":"2018-12-24T10:33:09+00:00","og_image":[{"width":1200,"height":801,"url":"https:\/\/www.carmelitaniscalzi.com\/wp-content\/uploads\/2018\/12\/01-3.jpg","type":"image\/jpeg"}],"author":"ocd web master","twitter_card":"summary_large_image","twitter_creator":"@ocdcuria","twitter_site":"@ocdcuria","twitter_misc":{"Escrito por":"ocd web master","Est. tempo de leitura":"2 minutos"},"schema":{"@context":"https:\/\/schema.org","@graph":[{"@type":"Article","@id":"https:\/\/www.carmelitaniscalzi.com\/pt-br\/2018\/12\/24\/forum-santa-teresinha-aparecida-sp-brasil-ocds\/#article","isPartOf":{"@id":"https:\/\/www.carmelitaniscalzi.com\/pt-br\/2018\/12\/24\/forum-santa-teresinha-aparecida-sp-brasil-ocds\/"},"author":{"name":"ocd web master","@id":"https:\/\/www.carmelitaniscalzi.com\/#\/schema\/person\/6d1c0d9bea7b6625c437246a5d6da409"},"headline":"Forum Santa Teresinha &#8211; Aparecida-SP, Brasil &#8211; OCDS","datePublished":"2018-12-24T10:33:09+00:00","mainEntityOfPage":{"@id":"https:\/\/www.carmelitaniscalzi.com\/pt-br\/2018\/12\/24\/forum-santa-teresinha-aparecida-sp-brasil-ocds\/"},"wordCount":404,"publisher":{"@id":"https:\/\/www.carmelitaniscalzi.com\/#organization"},"image":{"@id":"https:\/\/www.carmelitaniscalzi.com\/pt-br\/2018\/12\/24\/forum-santa-teresinha-aparecida-sp-brasil-ocds\/#primaryimage"},"thumbnailUrl":"https:\/\/www.carmelitaniscalzi.com\/wp-content\/uploads\/2018\/12\/01-3.jpg","articleSection":["Not\u00edcias OCDS","Not\u00edcias"],"inLanguage":"pt-BR"},{"@type":"WebPage","@id":"https:\/\/www.carmelitaniscalzi.com\/pt-br\/2018\/12\/24\/forum-santa-teresinha-aparecida-sp-brasil-ocds\/","url":"https:\/\/www.carmelitaniscalzi.com\/pt-br\/2018\/12\/24\/forum-santa-teresinha-aparecida-sp-brasil-ocds\/","name":"Forum Santa Teresinha - Aparecida-SP, Brasil - OCDS - CARMELITAS DESCAL\u00c7OS","isPartOf":{"@id":"https:\/\/www.carmelitaniscalzi.com\/#website"},"primaryImageOfPage":{"@id":"https:\/\/www.carmelitaniscalzi.com\/pt-br\/2018\/12\/24\/forum-santa-teresinha-aparecida-sp-brasil-ocds\/#primaryimage"},"image":{"@id":"https:\/\/www.carmelitaniscalzi.com\/pt-br\/2018\/12\/24\/forum-santa-teresinha-aparecida-sp-brasil-ocds\/#primaryimage"},"thumbnailUrl":"https:\/\/www.carmelitaniscalzi.com\/wp-content\/uploads\/2018\/12\/01-3.jpg","datePublished":"2018-12-24T10:33:09+00:00","breadcrumb":{"@id":"https:\/\/www.carmelitaniscalzi.com\/pt-br\/2018\/12\/24\/forum-santa-teresinha-aparecida-sp-brasil-ocds\/#breadcrumb"},"inLanguage":"pt-BR","potentialAction":[{"@type":"ReadAction","target":["https:\/\/www.carmelitaniscalzi.com\/pt-br\/2018\/12\/24\/forum-santa-teresinha-aparecida-sp-brasil-ocds\/"]}]},{"@type":"ImageObject","inLanguage":"pt-BR","@id":"https:\/\/www.carmelitaniscalzi.com\/pt-br\/2018\/12\/24\/forum-santa-teresinha-aparecida-sp-brasil-ocds\/#primaryimage","url":"https:\/\/www.carmelitaniscalzi.com\/wp-content\/uploads\/2018\/12\/01-3.jpg","contentUrl":"https:\/\/www.carmelitaniscalzi.com\/wp-content\/uploads\/2018\/12\/01-3.jpg","width":1200,"height":801},{"@type":"BreadcrumbList","@id":"https:\/\/www.carmelitaniscalzi.com\/pt-br\/2018\/12\/24\/forum-santa-teresinha-aparecida-sp-brasil-ocds\/#breadcrumb","itemListElement":[{"@type":"ListItem","position":1,"name":"Home","item":"https:\/\/www.carmelitaniscalzi.com\/pt-br\/"},{"@type":"ListItem","position":2,"name":"Forum Santa Teresinha &#8211; Aparecida-SP, Brasil &#8211; OCDS"}]},{"@type":"WebSite","@id":"https:\/\/www.carmelitaniscalzi.com\/#website","url":"https:\/\/www.carmelitaniscalzi.com\/","name":"CARMELITANI SCALZI - Curia Generale del Carmelo Teresiano","description":"C\u00faria General\u00edcia do Carmelo Teresiano","publisher":{"@id":"https:\/\/www.carmelitaniscalzi.com\/#organization"},"alternateName":"CARMELITANI SCALZI","potentialAction":[{"@type":"SearchAction","target":{"@type":"EntryPoint","urlTemplate":"https:\/\/www.carmelitaniscalzi.com\/?s={search_term_string}"},"query-input":{"@type":"PropertyValueSpecification","valueRequired":true,"valueName":"search_term_string"}}],"inLanguage":"pt-BR"},{"@type":"Organization","@id":"https:\/\/www.carmelitaniscalzi.com\/#organization","name":"CARMELITANI SCALZI - Curia Generale del Carmelo Teresiano","url":"https:\/\/www.carmelitaniscalzi.com\/","logo":{"@type":"ImageObject","inLanguage":"pt-BR","@id":"https:\/\/www.carmelitaniscalzi.com\/#\/schema\/logo\/image\/","url":"https:\/\/www.carmelitaniscalzi.com\/wp-content\/uploads\/2025\/11\/login-logo.png","contentUrl":"https:\/\/www.carmelitaniscalzi.com\/wp-content\/uploads\/2025\/11\/login-logo.png","width":256,"height":256,"caption":"CARMELITANI SCALZI - Curia Generale del Carmelo Teresiano"},"image":{"@id":"https:\/\/www.carmelitaniscalzi.com\/#\/schema\/logo\/image\/"},"sameAs":["https:\/\/www.facebook.com\/Curia-Generalizia-Carmelitani-Scalzi-658766940887784\/","https:\/\/x.com\/ocdcuria","https:\/\/www.youtube.com\/channel\/UC2J5ZL0ycOY0qBSTCLX_NGQ\/videos","https:\/\/www.instagram.com\/ocdinform\/"]},{"@type":"Person","@id":"https:\/\/www.carmelitaniscalzi.com\/#\/schema\/person\/6d1c0d9bea7b6625c437246a5d6da409","name":"ocd web master","image":{"@type":"ImageObject","inLanguage":"pt-BR","@id":"https:\/\/www.carmelitaniscalzi.com\/#\/schema\/person\/image\/","url":"https:\/\/secure.gravatar.com\/avatar\/41fbc5f82bad909fbaf2984c43fa50d8519ac5853e25b454d022b6868f80d0e7?s=96&d=mm&r=g","contentUrl":"https:\/\/secure.gravatar.com\/avatar\/41fbc5f82bad909fbaf2984c43fa50d8519ac5853e25b454d022b6868f80d0e7?s=96&d=mm&r=g","caption":"ocd web master"},"url":"https:\/\/www.carmelitaniscalzi.com\/pt-br\/author\/ocdwebmaster\/"}]}},"_links":{"self":[{"href":"https:\/\/www.carmelitaniscalzi.com\/pt-br\/wp-json\/wp\/v2\/posts\/22684","targetHints":{"allow":["GET"]}}],"collection":[{"href":"https:\/\/www.carmelitaniscalzi.com\/pt-br\/wp-json\/wp\/v2\/posts"}],"about":[{"href":"https:\/\/www.carmelitaniscalzi.com\/pt-br\/wp-json\/wp\/v2\/types\/post"}],"author":[{"embeddable":true,"href":"https:\/\/www.carmelitaniscalzi.com\/pt-br\/wp-json\/wp\/v2\/users\/7"}],"replies":[{"embeddable":true,"href":"https:\/\/www.carmelitaniscalzi.com\/pt-br\/wp-json\/wp\/v2\/comments?post=22684"}],"version-history":[{"count":0,"href":"https:\/\/www.carmelitaniscalzi.com\/pt-br\/wp-json\/wp\/v2\/posts\/22684\/revisions"}],"wp:featuredmedia":[{"embeddable":true,"href":"https:\/\/www.carmelitaniscalzi.com\/pt-br\/wp-json\/wp\/v2\/media\/22661"}],"wp:attachment":[{"href":"https:\/\/www.carmelitaniscalzi.com\/pt-br\/wp-json\/wp\/v2\/media?parent=22684"}],"wp:term":[{"taxonomy":"category","embeddable":true,"href":"https:\/\/www.carmelitaniscalzi.com\/pt-br\/wp-json\/wp\/v2\/categories?post=22684"},{"taxonomy":"post_tag","embeddable":true,"href":"https:\/\/www.carmelitaniscalzi.com\/pt-br\/wp-json\/wp\/v2\/tags?post=22684"}],"curies":[{"name":"wp","href":"https:\/\/api.w.org\/{rel}","templated":true}]}}