{"id":22103,"date":"2018-10-20T00:04:44","date_gmt":"2018-10-19T22:04:44","guid":{"rendered":"https:\/\/www.carmelitaniscalzi.com\/pt-br\/?p=22103"},"modified":"2018-10-10T10:56:47","modified_gmt":"2018-10-10T08:56:47","slug":"um-curso-de-exercicios-espirituais-em-comemoracao-ao-aniversario-fundacao-de-duruelo","status":"publish","type":"post","link":"https:\/\/www.carmelitaniscalzi.com\/pt-br\/2018\/10\/20\/um-curso-de-exercicios-espirituais-em-comemoracao-ao-aniversario-fundacao-de-duruelo\/","title":{"rendered":"Um curso de exerc\u00edcios espirituais em comemora\u00e7\u00e3o ao anivers\u00e1rio da funda\u00e7\u00e3o de Duruelo"},"content":{"rendered":"<p>O Comissariado da Sic\u00edlia quis recordar os 450 anos da funda\u00e7\u00e3o do convento de Duruelo com a celebra\u00e7\u00e3o de um curso de exerc\u00edcios espirituais para religiosos e leigos na Casa de Espiritualidade do Carmelo de Villasmundo. O t\u00edtulo dos exerc\u00edcios foi tirado da cita\u00e7\u00e3o paulina de 1Cor 1, 24: \u201cPara os que s\u00e3o chamados, Cristo crucificado \u00e9 poder de Deus e sabedoria de Deus\u201d. Quando tomou o novo h\u00e1bito do Carmelo \u2013 em 28 de novembro de 1568 \u2013, Frei Jo\u00e3o de S\u00e3o Matias, junto com seus companheiros, assumiu um novo nome: Frei Jo\u00e3o da Cruz. Sobre a escolha desse nome foram centradas as reflex\u00f5es desses dias de exerc\u00edcios, iluminados tamb\u00e9m pelo texto da <em>Scientia Crucis<\/em> de Santa Teresa Benedita da Cruz (Edith Stein).<\/p>\n<p><img loading=\"lazy\" decoding=\"async\" class=\"alignnone size-medium wp-image-22095\" src=\"https:\/\/www.carmelitaniscalzi.com\/wp-content\/uploads\/2018\/10\/03_DURUELO-192x300.jpg\" alt=\"\" width=\"192\" height=\"300\" srcset=\"https:\/\/www.carmelitaniscalzi.com\/wp-content\/uploads\/2018\/10\/03_DURUELO-192x300.jpg 192w, https:\/\/www.carmelitaniscalzi.com\/wp-content\/uploads\/2018\/10\/03_DURUELO.jpg 656w, https:\/\/www.carmelitaniscalzi.com\/wp-content\/uploads\/2018\/10\/03_DURUELO-35x55.jpg 35w, https:\/\/www.carmelitaniscalzi.com\/wp-content\/uploads\/2018\/10\/03_DURUELO-580x905.jpg 580w\" sizes=\"auto, (max-width: 192px) 100vw, 192px\" \/> <img loading=\"lazy\" decoding=\"async\" class=\"alignnone size-medium wp-image-22094\" src=\"https:\/\/www.carmelitaniscalzi.com\/wp-content\/uploads\/2018\/10\/02_DURUELO-300x171.jpg\" alt=\"\" width=\"300\" height=\"171\" srcset=\"https:\/\/www.carmelitaniscalzi.com\/wp-content\/uploads\/2018\/10\/02_DURUELO-300x171.jpg 300w, https:\/\/www.carmelitaniscalzi.com\/wp-content\/uploads\/2018\/10\/02_DURUELO-96x55.jpg 96w, https:\/\/www.carmelitaniscalzi.com\/wp-content\/uploads\/2018\/10\/02_DURUELO.jpg 350w\" sizes=\"auto, (max-width: 300px) 100vw, 300px\" \/> <img loading=\"lazy\" decoding=\"async\" class=\"alignnone size-medium wp-image-22093\" src=\"https:\/\/www.carmelitaniscalzi.com\/wp-content\/uploads\/2018\/10\/01_DURUELO-300x284.jpg\" alt=\"\" width=\"300\" height=\"284\" srcset=\"https:\/\/www.carmelitaniscalzi.com\/wp-content\/uploads\/2018\/10\/01_DURUELO-300x284.jpg 300w, https:\/\/www.carmelitaniscalzi.com\/wp-content\/uploads\/2018\/10\/01_DURUELO-58x55.jpg 58w, https:\/\/www.carmelitaniscalzi.com\/wp-content\/uploads\/2018\/10\/01_DURUELO-580x550.jpg 580w, https:\/\/www.carmelitaniscalzi.com\/wp-content\/uploads\/2018\/10\/01_DURUELO.jpg 632w\" sizes=\"auto, (max-width: 300px) 100vw, 300px\" \/><\/p>\n","protected":false},"excerpt":{"rendered":"<p>O Comissariado da Sic\u00edlia quis recordar os 450 anos da funda\u00e7\u00e3o do convento de Duruelo com a celebra\u00e7\u00e3o de um curso de exerc\u00edcios espirituais para religiosos e leigos na Casa de Espiritualidade do Carmelo de Villasmundo. O t\u00edtulo dos exerc\u00edcios foi tirado da cita\u00e7\u00e3o paulina de 1Cor 1, 24: \u201cPara os que s\u00e3o chamados, Cristo [&hellip;]<\/p>\n","protected":false},"author":7,"featured_media":22092,"comment_status":"closed","ping_status":"closed","sticky":false,"template":"","format":"standard","meta":{"_acf_changed":false,"footnotes":""},"categories":[235,373],"tags":[],"class_list":["post-22103","post","type-post","status-publish","format-standard","has-post-thumbnail","hentry","category-noticias-frades","category-noticias"],"acf":[],"yoast_head":"<!-- This site is optimized with the Yoast SEO plugin v26.3 - https:\/\/yoast.com\/wordpress\/plugins\/seo\/ -->\n<title>Um curso de exerc\u00edcios espirituais em comemora\u00e7\u00e3o ao anivers\u00e1rio da funda\u00e7\u00e3o de Duruelo - CARMELITAS DESCAL\u00c7OS<\/title>\n<meta name=\"robots\" content=\"index, follow, max-snippet:-1, max-image-preview:large, max-video-preview:-1\" \/>\n<link rel=\"canonical\" href=\"https:\/\/www.carmelitaniscalzi.com\/pt-br\/2018\/10\/20\/um-curso-de-exercicios-espirituais-em-comemoracao-ao-aniversario-fundacao-de-duruelo\/\" \/>\n<meta property=\"og:locale\" content=\"pt_BR\" \/>\n<meta property=\"og:type\" content=\"article\" \/>\n<meta property=\"og:title\" content=\"Um curso de exerc\u00edcios espirituais em comemora\u00e7\u00e3o ao anivers\u00e1rio da funda\u00e7\u00e3o de Duruelo - CARMELITAS DESCAL\u00c7OS\" \/>\n<meta property=\"og:description\" content=\"O Comissariado da Sic\u00edlia quis recordar os 450 anos da funda\u00e7\u00e3o do convento de Duruelo com a celebra\u00e7\u00e3o de um curso de exerc\u00edcios espirituais para religiosos e leigos na Casa de Espiritualidade do Carmelo de Villasmundo. O t\u00edtulo dos exerc\u00edcios foi tirado da cita\u00e7\u00e3o paulina de 1Cor 1, 24: \u201cPara os que s\u00e3o chamados, Cristo [&hellip;]\" \/>\n<meta property=\"og:url\" content=\"https:\/\/www.carmelitaniscalzi.com\/pt-br\/2018\/10\/20\/um-curso-de-exercicios-espirituais-em-comemoracao-ao-aniversario-fundacao-de-duruelo\/\" \/>\n<meta property=\"og:site_name\" content=\"CARMELITAS DESCAL\u00c7OS\" \/>\n<meta property=\"article:publisher\" content=\"https:\/\/www.facebook.com\/Curia-Generalizia-Carmelitani-Scalzi-658766940887784\/\" \/>\n<meta property=\"article:published_time\" content=\"2018-10-19T22:04:44+00:00\" \/>\n<meta property=\"og:image\" content=\"https:\/\/www.carmelitaniscalzi.com\/wp-content\/uploads\/2018\/10\/00_DURUELO.jpg\" \/>\n\t<meta property=\"og:image:width\" content=\"960\" \/>\n\t<meta property=\"og:image:height\" content=\"880\" \/>\n\t<meta property=\"og:image:type\" content=\"image\/jpeg\" \/>\n<meta name=\"author\" content=\"ocd web master\" \/>\n<meta name=\"twitter:card\" content=\"summary_large_image\" \/>\n<meta name=\"twitter:creator\" content=\"@ocdcuria\" \/>\n<meta name=\"twitter:site\" content=\"@ocdcuria\" \/>\n<meta name=\"twitter:label1\" content=\"Escrito por\" \/>\n\t<meta name=\"twitter:data1\" content=\"ocd web master\" \/>\n\t<meta name=\"twitter:label2\" content=\"Est. tempo de leitura\" \/>\n\t<meta name=\"twitter:data2\" content=\"1 minuto\" \/>\n<script type=\"application\/ld+json\" class=\"yoast-schema-graph\">{\"@context\":\"https:\/\/schema.org\",\"@graph\":[{\"@type\":\"Article\",\"@id\":\"https:\/\/www.carmelitaniscalzi.com\/pt-br\/2018\/10\/20\/um-curso-de-exercicios-espirituais-em-comemoracao-ao-aniversario-fundacao-de-duruelo\/#article\",\"isPartOf\":{\"@id\":\"https:\/\/www.carmelitaniscalzi.com\/pt-br\/2018\/10\/20\/um-curso-de-exercicios-espirituais-em-comemoracao-ao-aniversario-fundacao-de-duruelo\/\"},\"author\":{\"name\":\"ocd web master\",\"@id\":\"https:\/\/www.carmelitaniscalzi.com\/#\/schema\/person\/6d1c0d9bea7b6625c437246a5d6da409\"},\"headline\":\"Um curso de exerc\u00edcios espirituais em comemora\u00e7\u00e3o ao anivers\u00e1rio da funda\u00e7\u00e3o de Duruelo\",\"datePublished\":\"2018-10-19T22:04:44+00:00\",\"mainEntityOfPage\":{\"@id\":\"https:\/\/www.carmelitaniscalzi.com\/pt-br\/2018\/10\/20\/um-curso-de-exercicios-espirituais-em-comemoracao-ao-aniversario-fundacao-de-duruelo\/\"},\"wordCount\":148,\"publisher\":{\"@id\":\"https:\/\/www.carmelitaniscalzi.com\/#organization\"},\"image\":{\"@id\":\"https:\/\/www.carmelitaniscalzi.com\/pt-br\/2018\/10\/20\/um-curso-de-exercicios-espirituais-em-comemoracao-ao-aniversario-fundacao-de-duruelo\/#primaryimage\"},\"thumbnailUrl\":\"https:\/\/www.carmelitaniscalzi.com\/wp-content\/uploads\/2018\/10\/00_DURUELO.jpg\",\"articleSection\":[\"Not\u00edcias Frades\",\"Not\u00edcias\"],\"inLanguage\":\"pt-BR\"},{\"@type\":\"WebPage\",\"@id\":\"https:\/\/www.carmelitaniscalzi.com\/pt-br\/2018\/10\/20\/um-curso-de-exercicios-espirituais-em-comemoracao-ao-aniversario-fundacao-de-duruelo\/\",\"url\":\"https:\/\/www.carmelitaniscalzi.com\/pt-br\/2018\/10\/20\/um-curso-de-exercicios-espirituais-em-comemoracao-ao-aniversario-fundacao-de-duruelo\/\",\"name\":\"Um curso de exerc\u00edcios espirituais em comemora\u00e7\u00e3o ao anivers\u00e1rio da funda\u00e7\u00e3o de Duruelo - CARMELITAS DESCAL\u00c7OS\",\"isPartOf\":{\"@id\":\"https:\/\/www.carmelitaniscalzi.com\/#website\"},\"primaryImageOfPage\":{\"@id\":\"https:\/\/www.carmelitaniscalzi.com\/pt-br\/2018\/10\/20\/um-curso-de-exercicios-espirituais-em-comemoracao-ao-aniversario-fundacao-de-duruelo\/#primaryimage\"},\"image\":{\"@id\":\"https:\/\/www.carmelitaniscalzi.com\/pt-br\/2018\/10\/20\/um-curso-de-exercicios-espirituais-em-comemoracao-ao-aniversario-fundacao-de-duruelo\/#primaryimage\"},\"thumbnailUrl\":\"https:\/\/www.carmelitaniscalzi.com\/wp-content\/uploads\/2018\/10\/00_DURUELO.jpg\",\"datePublished\":\"2018-10-19T22:04:44+00:00\",\"breadcrumb\":{\"@id\":\"https:\/\/www.carmelitaniscalzi.com\/pt-br\/2018\/10\/20\/um-curso-de-exercicios-espirituais-em-comemoracao-ao-aniversario-fundacao-de-duruelo\/#breadcrumb\"},\"inLanguage\":\"pt-BR\",\"potentialAction\":[{\"@type\":\"ReadAction\",\"target\":[\"https:\/\/www.carmelitaniscalzi.com\/pt-br\/2018\/10\/20\/um-curso-de-exercicios-espirituais-em-comemoracao-ao-aniversario-fundacao-de-duruelo\/\"]}]},{\"@type\":\"ImageObject\",\"inLanguage\":\"pt-BR\",\"@id\":\"https:\/\/www.carmelitaniscalzi.com\/pt-br\/2018\/10\/20\/um-curso-de-exercicios-espirituais-em-comemoracao-ao-aniversario-fundacao-de-duruelo\/#primaryimage\",\"url\":\"https:\/\/www.carmelitaniscalzi.com\/wp-content\/uploads\/2018\/10\/00_DURUELO.jpg\",\"contentUrl\":\"https:\/\/www.carmelitaniscalzi.com\/wp-content\/uploads\/2018\/10\/00_DURUELO.jpg\",\"width\":960,\"height\":880},{\"@type\":\"BreadcrumbList\",\"@id\":\"https:\/\/www.carmelitaniscalzi.com\/pt-br\/2018\/10\/20\/um-curso-de-exercicios-espirituais-em-comemoracao-ao-aniversario-fundacao-de-duruelo\/#breadcrumb\",\"itemListElement\":[{\"@type\":\"ListItem\",\"position\":1,\"name\":\"Home\",\"item\":\"https:\/\/www.carmelitaniscalzi.com\/pt-br\/\"},{\"@type\":\"ListItem\",\"position\":2,\"name\":\"Um curso de exerc\u00edcios espirituais em comemora\u00e7\u00e3o ao anivers\u00e1rio da funda\u00e7\u00e3o de Duruelo\"}]},{\"@type\":\"WebSite\",\"@id\":\"https:\/\/www.carmelitaniscalzi.com\/#website\",\"url\":\"https:\/\/www.carmelitaniscalzi.com\/\",\"name\":\"CARMELITANI SCALZI - Curia Generale del Carmelo Teresiano\",\"description\":\"C\u00faria General\u00edcia do Carmelo Teresiano\",\"publisher\":{\"@id\":\"https:\/\/www.carmelitaniscalzi.com\/#organization\"},\"alternateName\":\"CARMELITANI SCALZI\",\"potentialAction\":[{\"@type\":\"SearchAction\",\"target\":{\"@type\":\"EntryPoint\",\"urlTemplate\":\"https:\/\/www.carmelitaniscalzi.com\/?s={search_term_string}\"},\"query-input\":{\"@type\":\"PropertyValueSpecification\",\"valueRequired\":true,\"valueName\":\"search_term_string\"}}],\"inLanguage\":\"pt-BR\"},{\"@type\":\"Organization\",\"@id\":\"https:\/\/www.carmelitaniscalzi.com\/#organization\",\"name\":\"CARMELITANI SCALZI - Curia Generale del Carmelo Teresiano\",\"url\":\"https:\/\/www.carmelitaniscalzi.com\/\",\"logo\":{\"@type\":\"ImageObject\",\"inLanguage\":\"pt-BR\",\"@id\":\"https:\/\/www.carmelitaniscalzi.com\/#\/schema\/logo\/image\/\",\"url\":\"https:\/\/www.carmelitaniscalzi.com\/wp-content\/uploads\/2025\/11\/login-logo.png\",\"contentUrl\":\"https:\/\/www.carmelitaniscalzi.com\/wp-content\/uploads\/2025\/11\/login-logo.png\",\"width\":256,\"height\":256,\"caption\":\"CARMELITANI SCALZI - Curia Generale del Carmelo Teresiano\"},\"image\":{\"@id\":\"https:\/\/www.carmelitaniscalzi.com\/#\/schema\/logo\/image\/\"},\"sameAs\":[\"https:\/\/www.facebook.com\/Curia-Generalizia-Carmelitani-Scalzi-658766940887784\/\",\"https:\/\/x.com\/ocdcuria\",\"https:\/\/www.youtube.com\/channel\/UC2J5ZL0ycOY0qBSTCLX_NGQ\/videos\",\"https:\/\/www.instagram.com\/ocdinform\/\"]},{\"@type\":\"Person\",\"@id\":\"https:\/\/www.carmelitaniscalzi.com\/#\/schema\/person\/6d1c0d9bea7b6625c437246a5d6da409\",\"name\":\"ocd web master\",\"image\":{\"@type\":\"ImageObject\",\"inLanguage\":\"pt-BR\",\"@id\":\"https:\/\/www.carmelitaniscalzi.com\/#\/schema\/person\/image\/\",\"url\":\"https:\/\/secure.gravatar.com\/avatar\/41fbc5f82bad909fbaf2984c43fa50d8519ac5853e25b454d022b6868f80d0e7?s=96&d=mm&r=g\",\"contentUrl\":\"https:\/\/secure.gravatar.com\/avatar\/41fbc5f82bad909fbaf2984c43fa50d8519ac5853e25b454d022b6868f80d0e7?s=96&d=mm&r=g\",\"caption\":\"ocd web master\"},\"url\":\"https:\/\/www.carmelitaniscalzi.com\/pt-br\/author\/ocdwebmaster\/\"}]}<\/script>\n<!-- \/ Yoast SEO plugin. -->","yoast_head_json":{"title":"Um curso de exerc\u00edcios espirituais em comemora\u00e7\u00e3o ao anivers\u00e1rio da funda\u00e7\u00e3o de Duruelo - CARMELITAS DESCAL\u00c7OS","robots":{"index":"index","follow":"follow","max-snippet":"max-snippet:-1","max-image-preview":"max-image-preview:large","max-video-preview":"max-video-preview:-1"},"canonical":"https:\/\/www.carmelitaniscalzi.com\/pt-br\/2018\/10\/20\/um-curso-de-exercicios-espirituais-em-comemoracao-ao-aniversario-fundacao-de-duruelo\/","og_locale":"pt_BR","og_type":"article","og_title":"Um curso de exerc\u00edcios espirituais em comemora\u00e7\u00e3o ao anivers\u00e1rio da funda\u00e7\u00e3o de Duruelo - CARMELITAS DESCAL\u00c7OS","og_description":"O Comissariado da Sic\u00edlia quis recordar os 450 anos da funda\u00e7\u00e3o do convento de Duruelo com a celebra\u00e7\u00e3o de um curso de exerc\u00edcios espirituais para religiosos e leigos na Casa de Espiritualidade do Carmelo de Villasmundo. O t\u00edtulo dos exerc\u00edcios foi tirado da cita\u00e7\u00e3o paulina de 1Cor 1, 24: \u201cPara os que s\u00e3o chamados, Cristo [&hellip;]","og_url":"https:\/\/www.carmelitaniscalzi.com\/pt-br\/2018\/10\/20\/um-curso-de-exercicios-espirituais-em-comemoracao-ao-aniversario-fundacao-de-duruelo\/","og_site_name":"CARMELITAS DESCAL\u00c7OS","article_publisher":"https:\/\/www.facebook.com\/Curia-Generalizia-Carmelitani-Scalzi-658766940887784\/","article_published_time":"2018-10-19T22:04:44+00:00","og_image":[{"width":960,"height":880,"url":"https:\/\/www.carmelitaniscalzi.com\/wp-content\/uploads\/2018\/10\/00_DURUELO.jpg","type":"image\/jpeg"}],"author":"ocd web master","twitter_card":"summary_large_image","twitter_creator":"@ocdcuria","twitter_site":"@ocdcuria","twitter_misc":{"Escrito por":"ocd web master","Est. tempo de leitura":"1 minuto"},"schema":{"@context":"https:\/\/schema.org","@graph":[{"@type":"Article","@id":"https:\/\/www.carmelitaniscalzi.com\/pt-br\/2018\/10\/20\/um-curso-de-exercicios-espirituais-em-comemoracao-ao-aniversario-fundacao-de-duruelo\/#article","isPartOf":{"@id":"https:\/\/www.carmelitaniscalzi.com\/pt-br\/2018\/10\/20\/um-curso-de-exercicios-espirituais-em-comemoracao-ao-aniversario-fundacao-de-duruelo\/"},"author":{"name":"ocd web master","@id":"https:\/\/www.carmelitaniscalzi.com\/#\/schema\/person\/6d1c0d9bea7b6625c437246a5d6da409"},"headline":"Um curso de exerc\u00edcios espirituais em comemora\u00e7\u00e3o ao anivers\u00e1rio da funda\u00e7\u00e3o de Duruelo","datePublished":"2018-10-19T22:04:44+00:00","mainEntityOfPage":{"@id":"https:\/\/www.carmelitaniscalzi.com\/pt-br\/2018\/10\/20\/um-curso-de-exercicios-espirituais-em-comemoracao-ao-aniversario-fundacao-de-duruelo\/"},"wordCount":148,"publisher":{"@id":"https:\/\/www.carmelitaniscalzi.com\/#organization"},"image":{"@id":"https:\/\/www.carmelitaniscalzi.com\/pt-br\/2018\/10\/20\/um-curso-de-exercicios-espirituais-em-comemoracao-ao-aniversario-fundacao-de-duruelo\/#primaryimage"},"thumbnailUrl":"https:\/\/www.carmelitaniscalzi.com\/wp-content\/uploads\/2018\/10\/00_DURUELO.jpg","articleSection":["Not\u00edcias Frades","Not\u00edcias"],"inLanguage":"pt-BR"},{"@type":"WebPage","@id":"https:\/\/www.carmelitaniscalzi.com\/pt-br\/2018\/10\/20\/um-curso-de-exercicios-espirituais-em-comemoracao-ao-aniversario-fundacao-de-duruelo\/","url":"https:\/\/www.carmelitaniscalzi.com\/pt-br\/2018\/10\/20\/um-curso-de-exercicios-espirituais-em-comemoracao-ao-aniversario-fundacao-de-duruelo\/","name":"Um curso de exerc\u00edcios espirituais em comemora\u00e7\u00e3o ao anivers\u00e1rio da funda\u00e7\u00e3o de Duruelo - CARMELITAS DESCAL\u00c7OS","isPartOf":{"@id":"https:\/\/www.carmelitaniscalzi.com\/#website"},"primaryImageOfPage":{"@id":"https:\/\/www.carmelitaniscalzi.com\/pt-br\/2018\/10\/20\/um-curso-de-exercicios-espirituais-em-comemoracao-ao-aniversario-fundacao-de-duruelo\/#primaryimage"},"image":{"@id":"https:\/\/www.carmelitaniscalzi.com\/pt-br\/2018\/10\/20\/um-curso-de-exercicios-espirituais-em-comemoracao-ao-aniversario-fundacao-de-duruelo\/#primaryimage"},"thumbnailUrl":"https:\/\/www.carmelitaniscalzi.com\/wp-content\/uploads\/2018\/10\/00_DURUELO.jpg","datePublished":"2018-10-19T22:04:44+00:00","breadcrumb":{"@id":"https:\/\/www.carmelitaniscalzi.com\/pt-br\/2018\/10\/20\/um-curso-de-exercicios-espirituais-em-comemoracao-ao-aniversario-fundacao-de-duruelo\/#breadcrumb"},"inLanguage":"pt-BR","potentialAction":[{"@type":"ReadAction","target":["https:\/\/www.carmelitaniscalzi.com\/pt-br\/2018\/10\/20\/um-curso-de-exercicios-espirituais-em-comemoracao-ao-aniversario-fundacao-de-duruelo\/"]}]},{"@type":"ImageObject","inLanguage":"pt-BR","@id":"https:\/\/www.carmelitaniscalzi.com\/pt-br\/2018\/10\/20\/um-curso-de-exercicios-espirituais-em-comemoracao-ao-aniversario-fundacao-de-duruelo\/#primaryimage","url":"https:\/\/www.carmelitaniscalzi.com\/wp-content\/uploads\/2018\/10\/00_DURUELO.jpg","contentUrl":"https:\/\/www.carmelitaniscalzi.com\/wp-content\/uploads\/2018\/10\/00_DURUELO.jpg","width":960,"height":880},{"@type":"BreadcrumbList","@id":"https:\/\/www.carmelitaniscalzi.com\/pt-br\/2018\/10\/20\/um-curso-de-exercicios-espirituais-em-comemoracao-ao-aniversario-fundacao-de-duruelo\/#breadcrumb","itemListElement":[{"@type":"ListItem","position":1,"name":"Home","item":"https:\/\/www.carmelitaniscalzi.com\/pt-br\/"},{"@type":"ListItem","position":2,"name":"Um curso de exerc\u00edcios espirituais em comemora\u00e7\u00e3o ao anivers\u00e1rio da funda\u00e7\u00e3o de Duruelo"}]},{"@type":"WebSite","@id":"https:\/\/www.carmelitaniscalzi.com\/#website","url":"https:\/\/www.carmelitaniscalzi.com\/","name":"CARMELITANI SCALZI - Curia Generale del Carmelo Teresiano","description":"C\u00faria General\u00edcia do Carmelo Teresiano","publisher":{"@id":"https:\/\/www.carmelitaniscalzi.com\/#organization"},"alternateName":"CARMELITANI SCALZI","potentialAction":[{"@type":"SearchAction","target":{"@type":"EntryPoint","urlTemplate":"https:\/\/www.carmelitaniscalzi.com\/?s={search_term_string}"},"query-input":{"@type":"PropertyValueSpecification","valueRequired":true,"valueName":"search_term_string"}}],"inLanguage":"pt-BR"},{"@type":"Organization","@id":"https:\/\/www.carmelitaniscalzi.com\/#organization","name":"CARMELITANI SCALZI - Curia Generale del Carmelo Teresiano","url":"https:\/\/www.carmelitaniscalzi.com\/","logo":{"@type":"ImageObject","inLanguage":"pt-BR","@id":"https:\/\/www.carmelitaniscalzi.com\/#\/schema\/logo\/image\/","url":"https:\/\/www.carmelitaniscalzi.com\/wp-content\/uploads\/2025\/11\/login-logo.png","contentUrl":"https:\/\/www.carmelitaniscalzi.com\/wp-content\/uploads\/2025\/11\/login-logo.png","width":256,"height":256,"caption":"CARMELITANI SCALZI - Curia Generale del Carmelo Teresiano"},"image":{"@id":"https:\/\/www.carmelitaniscalzi.com\/#\/schema\/logo\/image\/"},"sameAs":["https:\/\/www.facebook.com\/Curia-Generalizia-Carmelitani-Scalzi-658766940887784\/","https:\/\/x.com\/ocdcuria","https:\/\/www.youtube.com\/channel\/UC2J5ZL0ycOY0qBSTCLX_NGQ\/videos","https:\/\/www.instagram.com\/ocdinform\/"]},{"@type":"Person","@id":"https:\/\/www.carmelitaniscalzi.com\/#\/schema\/person\/6d1c0d9bea7b6625c437246a5d6da409","name":"ocd web master","image":{"@type":"ImageObject","inLanguage":"pt-BR","@id":"https:\/\/www.carmelitaniscalzi.com\/#\/schema\/person\/image\/","url":"https:\/\/secure.gravatar.com\/avatar\/41fbc5f82bad909fbaf2984c43fa50d8519ac5853e25b454d022b6868f80d0e7?s=96&d=mm&r=g","contentUrl":"https:\/\/secure.gravatar.com\/avatar\/41fbc5f82bad909fbaf2984c43fa50d8519ac5853e25b454d022b6868f80d0e7?s=96&d=mm&r=g","caption":"ocd web master"},"url":"https:\/\/www.carmelitaniscalzi.com\/pt-br\/author\/ocdwebmaster\/"}]}},"_links":{"self":[{"href":"https:\/\/www.carmelitaniscalzi.com\/pt-br\/wp-json\/wp\/v2\/posts\/22103","targetHints":{"allow":["GET"]}}],"collection":[{"href":"https:\/\/www.carmelitaniscalzi.com\/pt-br\/wp-json\/wp\/v2\/posts"}],"about":[{"href":"https:\/\/www.carmelitaniscalzi.com\/pt-br\/wp-json\/wp\/v2\/types\/post"}],"author":[{"embeddable":true,"href":"https:\/\/www.carmelitaniscalzi.com\/pt-br\/wp-json\/wp\/v2\/users\/7"}],"replies":[{"embeddable":true,"href":"https:\/\/www.carmelitaniscalzi.com\/pt-br\/wp-json\/wp\/v2\/comments?post=22103"}],"version-history":[{"count":0,"href":"https:\/\/www.carmelitaniscalzi.com\/pt-br\/wp-json\/wp\/v2\/posts\/22103\/revisions"}],"wp:featuredmedia":[{"embeddable":true,"href":"https:\/\/www.carmelitaniscalzi.com\/pt-br\/wp-json\/wp\/v2\/media\/22092"}],"wp:attachment":[{"href":"https:\/\/www.carmelitaniscalzi.com\/pt-br\/wp-json\/wp\/v2\/media?parent=22103"}],"wp:term":[{"taxonomy":"category","embeddable":true,"href":"https:\/\/www.carmelitaniscalzi.com\/pt-br\/wp-json\/wp\/v2\/categories?post=22103"},{"taxonomy":"post_tag","embeddable":true,"href":"https:\/\/www.carmelitaniscalzi.com\/pt-br\/wp-json\/wp\/v2\/tags?post=22103"}],"curies":[{"name":"wp","href":"https:\/\/api.w.org\/{rel}","templated":true}]}}