{"id":21837,"date":"2018-09-16T12:12:44","date_gmt":"2018-09-16T10:12:44","guid":{"rendered":"https:\/\/www.carmelitaniscalzi.com\/pt-br\/?p=21837"},"modified":"2018-09-16T12:12:44","modified_gmt":"2018-09-16T10:12:44","slug":"encontro-de-estudantes-carmelitas-em-fatima-22-24-de-agosto","status":"publish","type":"post","link":"https:\/\/www.carmelitaniscalzi.com\/pt-br\/2018\/09\/16\/encontro-de-estudantes-carmelitas-em-fatima-22-24-de-agosto\/","title":{"rendered":"Encontro de estudantes carmelitas em F\u00e1tima (22-24 de agosto)"},"content":{"rendered":"<p>Como vem se tornando tradi\u00e7\u00e3o, a cada tr\u00eas anos aconteceu o encontro europeu de estudantes carmelitas descal\u00e7os em algum pa\u00eds do Velho Continente.<\/p>\n<p>Neste ano o lugar escolhido foi F\u00e1tima, em Portugal, onde refletiu-se durante quatro dias sobre a espiritualidade mariana do Carmelo.<\/p>\n<p>Um total de 92 religiosos \u2013 entre provinciais, mestres e estudantes \u2013 reuniu-se no convento-casa de espiritualidade <em>Domus Carmeli<\/em>, dos carmelitas descal\u00e7os de Portugal, para conhecer-se melhor e refletir juntos sobre o presente e o futuro da Ordem no continente europeu. Tamb\u00e9m houve tempo para o encontro fraterno, sempre enriquecedor. Os participantes tiveram oportunidade de conhecer o antigo deserto carmelita do Bu\u00e7aco e compartilhar a ora\u00e7\u00e3o e a fraternidade com as monjas dos mosteiros de F\u00e1tima e Coimbra.<\/p>\n<p>As palestras tiveram como fio condutor as mensagens de F\u00e1tima e a personalidade dos Santos Francisco e Jacinta Marto e da Irm\u00e3 L\u00facia. Foram ministradas por Padre Carlos Cabecinhas (reitor do santu\u00e1rio), Irm\u00e3 \u00c2ngela Coelho (vice-postuladora da Causa de canoniza\u00e7\u00e3o de Irm\u00e3 L\u00facia), Frei Miguel M\u00e1rquez, ocd e Frei Saverio Cannistr\u00e0, Padre Geral OCD.<\/p>\n","protected":false},"excerpt":{"rendered":"<p>Como vem se tornando tradi\u00e7\u00e3o, a cada tr\u00eas anos aconteceu o encontro europeu de estudantes carmelitas descal\u00e7os em algum pa\u00eds do Velho Continente. Neste ano o lugar escolhido foi F\u00e1tima, em Portugal, onde refletiu-se durante quatro dias sobre a espiritualidade mariana do Carmelo. Um total de 92 religiosos \u2013 entre provinciais, mestres e estudantes \u2013 [&hellip;]<\/p>\n","protected":false},"author":7,"featured_media":21829,"comment_status":"closed","ping_status":"closed","sticky":false,"template":"","format":"standard","meta":{"_acf_changed":false,"footnotes":""},"categories":[235,373],"tags":[],"class_list":["post-21837","post","type-post","status-publish","format-standard","has-post-thumbnail","hentry","category-noticias-frades","category-noticias"],"acf":[],"yoast_head":"<!-- This site is optimized with the Yoast SEO plugin v26.3 - https:\/\/yoast.com\/wordpress\/plugins\/seo\/ -->\n<title>Encontro de estudantes carmelitas em F\u00e1tima (22-24 de agosto) - CARMELITAS DESCAL\u00c7OS<\/title>\n<meta name=\"robots\" content=\"index, follow, max-snippet:-1, max-image-preview:large, max-video-preview:-1\" \/>\n<link rel=\"canonical\" href=\"https:\/\/www.carmelitaniscalzi.com\/pt-br\/2018\/09\/16\/encontro-de-estudantes-carmelitas-em-fatima-22-24-de-agosto\/\" \/>\n<meta property=\"og:locale\" content=\"pt_BR\" \/>\n<meta property=\"og:type\" content=\"article\" \/>\n<meta property=\"og:title\" content=\"Encontro de estudantes carmelitas em F\u00e1tima (22-24 de agosto) - CARMELITAS DESCAL\u00c7OS\" \/>\n<meta property=\"og:description\" content=\"Como vem se tornando tradi\u00e7\u00e3o, a cada tr\u00eas anos aconteceu o encontro europeu de estudantes carmelitas descal\u00e7os em algum pa\u00eds do Velho Continente. Neste ano o lugar escolhido foi F\u00e1tima, em Portugal, onde refletiu-se durante quatro dias sobre a espiritualidade mariana do Carmelo. Um total de 92 religiosos \u2013 entre provinciais, mestres e estudantes \u2013 [&hellip;]\" \/>\n<meta property=\"og:url\" content=\"https:\/\/www.carmelitaniscalzi.com\/pt-br\/2018\/09\/16\/encontro-de-estudantes-carmelitas-em-fatima-22-24-de-agosto\/\" \/>\n<meta property=\"og:site_name\" content=\"CARMELITAS DESCAL\u00c7OS\" \/>\n<meta property=\"article:publisher\" content=\"https:\/\/www.facebook.com\/Curia-Generalizia-Carmelitani-Scalzi-658766940887784\/\" \/>\n<meta property=\"article:published_time\" content=\"2018-09-16T10:12:44+00:00\" \/>\n<meta property=\"og:image\" content=\"https:\/\/www.carmelitaniscalzi.com\/wp-content\/uploads\/2018\/09\/000.jpeg\" \/>\n\t<meta property=\"og:image:width\" content=\"1440\" \/>\n\t<meta property=\"og:image:height\" content=\"1080\" \/>\n\t<meta property=\"og:image:type\" content=\"image\/jpeg\" \/>\n<meta name=\"author\" content=\"ocd web master\" \/>\n<meta name=\"twitter:card\" content=\"summary_large_image\" \/>\n<meta name=\"twitter:creator\" content=\"@ocdcuria\" \/>\n<meta name=\"twitter:site\" content=\"@ocdcuria\" \/>\n<meta name=\"twitter:label1\" content=\"Escrito por\" \/>\n\t<meta name=\"twitter:data1\" content=\"ocd web master\" \/>\n\t<meta name=\"twitter:label2\" content=\"Est. tempo de leitura\" \/>\n\t<meta name=\"twitter:data2\" content=\"1 minuto\" \/>\n<script type=\"application\/ld+json\" class=\"yoast-schema-graph\">{\"@context\":\"https:\/\/schema.org\",\"@graph\":[{\"@type\":\"Article\",\"@id\":\"https:\/\/www.carmelitaniscalzi.com\/pt-br\/2018\/09\/16\/encontro-de-estudantes-carmelitas-em-fatima-22-24-de-agosto\/#article\",\"isPartOf\":{\"@id\":\"https:\/\/www.carmelitaniscalzi.com\/pt-br\/2018\/09\/16\/encontro-de-estudantes-carmelitas-em-fatima-22-24-de-agosto\/\"},\"author\":{\"name\":\"ocd web master\",\"@id\":\"https:\/\/www.carmelitaniscalzi.com\/#\/schema\/person\/6d1c0d9bea7b6625c437246a5d6da409\"},\"headline\":\"Encontro de estudantes carmelitas em F\u00e1tima (22-24 de agosto)\",\"datePublished\":\"2018-09-16T10:12:44+00:00\",\"mainEntityOfPage\":{\"@id\":\"https:\/\/www.carmelitaniscalzi.com\/pt-br\/2018\/09\/16\/encontro-de-estudantes-carmelitas-em-fatima-22-24-de-agosto\/\"},\"wordCount\":198,\"publisher\":{\"@id\":\"https:\/\/www.carmelitaniscalzi.com\/#organization\"},\"image\":{\"@id\":\"https:\/\/www.carmelitaniscalzi.com\/pt-br\/2018\/09\/16\/encontro-de-estudantes-carmelitas-em-fatima-22-24-de-agosto\/#primaryimage\"},\"thumbnailUrl\":\"https:\/\/www.carmelitaniscalzi.com\/wp-content\/uploads\/2018\/09\/000.jpeg\",\"articleSection\":[\"Not\u00edcias Frades\",\"Not\u00edcias\"],\"inLanguage\":\"pt-BR\"},{\"@type\":\"WebPage\",\"@id\":\"https:\/\/www.carmelitaniscalzi.com\/pt-br\/2018\/09\/16\/encontro-de-estudantes-carmelitas-em-fatima-22-24-de-agosto\/\",\"url\":\"https:\/\/www.carmelitaniscalzi.com\/pt-br\/2018\/09\/16\/encontro-de-estudantes-carmelitas-em-fatima-22-24-de-agosto\/\",\"name\":\"Encontro de estudantes carmelitas em F\u00e1tima (22-24 de agosto) - CARMELITAS DESCAL\u00c7OS\",\"isPartOf\":{\"@id\":\"https:\/\/www.carmelitaniscalzi.com\/#website\"},\"primaryImageOfPage\":{\"@id\":\"https:\/\/www.carmelitaniscalzi.com\/pt-br\/2018\/09\/16\/encontro-de-estudantes-carmelitas-em-fatima-22-24-de-agosto\/#primaryimage\"},\"image\":{\"@id\":\"https:\/\/www.carmelitaniscalzi.com\/pt-br\/2018\/09\/16\/encontro-de-estudantes-carmelitas-em-fatima-22-24-de-agosto\/#primaryimage\"},\"thumbnailUrl\":\"https:\/\/www.carmelitaniscalzi.com\/wp-content\/uploads\/2018\/09\/000.jpeg\",\"datePublished\":\"2018-09-16T10:12:44+00:00\",\"breadcrumb\":{\"@id\":\"https:\/\/www.carmelitaniscalzi.com\/pt-br\/2018\/09\/16\/encontro-de-estudantes-carmelitas-em-fatima-22-24-de-agosto\/#breadcrumb\"},\"inLanguage\":\"pt-BR\",\"potentialAction\":[{\"@type\":\"ReadAction\",\"target\":[\"https:\/\/www.carmelitaniscalzi.com\/pt-br\/2018\/09\/16\/encontro-de-estudantes-carmelitas-em-fatima-22-24-de-agosto\/\"]}]},{\"@type\":\"ImageObject\",\"inLanguage\":\"pt-BR\",\"@id\":\"https:\/\/www.carmelitaniscalzi.com\/pt-br\/2018\/09\/16\/encontro-de-estudantes-carmelitas-em-fatima-22-24-de-agosto\/#primaryimage\",\"url\":\"https:\/\/www.carmelitaniscalzi.com\/wp-content\/uploads\/2018\/09\/000.jpeg\",\"contentUrl\":\"https:\/\/www.carmelitaniscalzi.com\/wp-content\/uploads\/2018\/09\/000.jpeg\",\"width\":1440,\"height\":1080},{\"@type\":\"BreadcrumbList\",\"@id\":\"https:\/\/www.carmelitaniscalzi.com\/pt-br\/2018\/09\/16\/encontro-de-estudantes-carmelitas-em-fatima-22-24-de-agosto\/#breadcrumb\",\"itemListElement\":[{\"@type\":\"ListItem\",\"position\":1,\"name\":\"Home\",\"item\":\"https:\/\/www.carmelitaniscalzi.com\/pt-br\/\"},{\"@type\":\"ListItem\",\"position\":2,\"name\":\"Encontro de estudantes carmelitas em F\u00e1tima (22-24 de agosto)\"}]},{\"@type\":\"WebSite\",\"@id\":\"https:\/\/www.carmelitaniscalzi.com\/#website\",\"url\":\"https:\/\/www.carmelitaniscalzi.com\/\",\"name\":\"CARMELITANI SCALZI - Curia Generale del Carmelo Teresiano\",\"description\":\"C\u00faria General\u00edcia do Carmelo Teresiano\",\"publisher\":{\"@id\":\"https:\/\/www.carmelitaniscalzi.com\/#organization\"},\"alternateName\":\"CARMELITANI SCALZI\",\"potentialAction\":[{\"@type\":\"SearchAction\",\"target\":{\"@type\":\"EntryPoint\",\"urlTemplate\":\"https:\/\/www.carmelitaniscalzi.com\/?s={search_term_string}\"},\"query-input\":{\"@type\":\"PropertyValueSpecification\",\"valueRequired\":true,\"valueName\":\"search_term_string\"}}],\"inLanguage\":\"pt-BR\"},{\"@type\":\"Organization\",\"@id\":\"https:\/\/www.carmelitaniscalzi.com\/#organization\",\"name\":\"CARMELITANI SCALZI - Curia Generale del Carmelo Teresiano\",\"url\":\"https:\/\/www.carmelitaniscalzi.com\/\",\"logo\":{\"@type\":\"ImageObject\",\"inLanguage\":\"pt-BR\",\"@id\":\"https:\/\/www.carmelitaniscalzi.com\/#\/schema\/logo\/image\/\",\"url\":\"https:\/\/www.carmelitaniscalzi.com\/wp-content\/uploads\/2025\/11\/login-logo.png\",\"contentUrl\":\"https:\/\/www.carmelitaniscalzi.com\/wp-content\/uploads\/2025\/11\/login-logo.png\",\"width\":256,\"height\":256,\"caption\":\"CARMELITANI SCALZI - Curia Generale del Carmelo Teresiano\"},\"image\":{\"@id\":\"https:\/\/www.carmelitaniscalzi.com\/#\/schema\/logo\/image\/\"},\"sameAs\":[\"https:\/\/www.facebook.com\/Curia-Generalizia-Carmelitani-Scalzi-658766940887784\/\",\"https:\/\/x.com\/ocdcuria\",\"https:\/\/www.youtube.com\/channel\/UC2J5ZL0ycOY0qBSTCLX_NGQ\/videos\",\"https:\/\/www.instagram.com\/ocdinform\/\"]},{\"@type\":\"Person\",\"@id\":\"https:\/\/www.carmelitaniscalzi.com\/#\/schema\/person\/6d1c0d9bea7b6625c437246a5d6da409\",\"name\":\"ocd web master\",\"image\":{\"@type\":\"ImageObject\",\"inLanguage\":\"pt-BR\",\"@id\":\"https:\/\/www.carmelitaniscalzi.com\/#\/schema\/person\/image\/\",\"url\":\"https:\/\/secure.gravatar.com\/avatar\/41fbc5f82bad909fbaf2984c43fa50d8519ac5853e25b454d022b6868f80d0e7?s=96&d=mm&r=g\",\"contentUrl\":\"https:\/\/secure.gravatar.com\/avatar\/41fbc5f82bad909fbaf2984c43fa50d8519ac5853e25b454d022b6868f80d0e7?s=96&d=mm&r=g\",\"caption\":\"ocd web master\"},\"url\":\"https:\/\/www.carmelitaniscalzi.com\/pt-br\/author\/ocdwebmaster\/\"}]}<\/script>\n<!-- \/ Yoast SEO plugin. -->","yoast_head_json":{"title":"Encontro de estudantes carmelitas em F\u00e1tima (22-24 de agosto) - CARMELITAS DESCAL\u00c7OS","robots":{"index":"index","follow":"follow","max-snippet":"max-snippet:-1","max-image-preview":"max-image-preview:large","max-video-preview":"max-video-preview:-1"},"canonical":"https:\/\/www.carmelitaniscalzi.com\/pt-br\/2018\/09\/16\/encontro-de-estudantes-carmelitas-em-fatima-22-24-de-agosto\/","og_locale":"pt_BR","og_type":"article","og_title":"Encontro de estudantes carmelitas em F\u00e1tima (22-24 de agosto) - CARMELITAS DESCAL\u00c7OS","og_description":"Como vem se tornando tradi\u00e7\u00e3o, a cada tr\u00eas anos aconteceu o encontro europeu de estudantes carmelitas descal\u00e7os em algum pa\u00eds do Velho Continente. Neste ano o lugar escolhido foi F\u00e1tima, em Portugal, onde refletiu-se durante quatro dias sobre a espiritualidade mariana do Carmelo. Um total de 92 religiosos \u2013 entre provinciais, mestres e estudantes \u2013 [&hellip;]","og_url":"https:\/\/www.carmelitaniscalzi.com\/pt-br\/2018\/09\/16\/encontro-de-estudantes-carmelitas-em-fatima-22-24-de-agosto\/","og_site_name":"CARMELITAS DESCAL\u00c7OS","article_publisher":"https:\/\/www.facebook.com\/Curia-Generalizia-Carmelitani-Scalzi-658766940887784\/","article_published_time":"2018-09-16T10:12:44+00:00","og_image":[{"width":1440,"height":1080,"url":"https:\/\/www.carmelitaniscalzi.com\/wp-content\/uploads\/2018\/09\/000.jpeg","type":"image\/jpeg"}],"author":"ocd web master","twitter_card":"summary_large_image","twitter_creator":"@ocdcuria","twitter_site":"@ocdcuria","twitter_misc":{"Escrito por":"ocd web master","Est. tempo de leitura":"1 minuto"},"schema":{"@context":"https:\/\/schema.org","@graph":[{"@type":"Article","@id":"https:\/\/www.carmelitaniscalzi.com\/pt-br\/2018\/09\/16\/encontro-de-estudantes-carmelitas-em-fatima-22-24-de-agosto\/#article","isPartOf":{"@id":"https:\/\/www.carmelitaniscalzi.com\/pt-br\/2018\/09\/16\/encontro-de-estudantes-carmelitas-em-fatima-22-24-de-agosto\/"},"author":{"name":"ocd web master","@id":"https:\/\/www.carmelitaniscalzi.com\/#\/schema\/person\/6d1c0d9bea7b6625c437246a5d6da409"},"headline":"Encontro de estudantes carmelitas em F\u00e1tima (22-24 de agosto)","datePublished":"2018-09-16T10:12:44+00:00","mainEntityOfPage":{"@id":"https:\/\/www.carmelitaniscalzi.com\/pt-br\/2018\/09\/16\/encontro-de-estudantes-carmelitas-em-fatima-22-24-de-agosto\/"},"wordCount":198,"publisher":{"@id":"https:\/\/www.carmelitaniscalzi.com\/#organization"},"image":{"@id":"https:\/\/www.carmelitaniscalzi.com\/pt-br\/2018\/09\/16\/encontro-de-estudantes-carmelitas-em-fatima-22-24-de-agosto\/#primaryimage"},"thumbnailUrl":"https:\/\/www.carmelitaniscalzi.com\/wp-content\/uploads\/2018\/09\/000.jpeg","articleSection":["Not\u00edcias Frades","Not\u00edcias"],"inLanguage":"pt-BR"},{"@type":"WebPage","@id":"https:\/\/www.carmelitaniscalzi.com\/pt-br\/2018\/09\/16\/encontro-de-estudantes-carmelitas-em-fatima-22-24-de-agosto\/","url":"https:\/\/www.carmelitaniscalzi.com\/pt-br\/2018\/09\/16\/encontro-de-estudantes-carmelitas-em-fatima-22-24-de-agosto\/","name":"Encontro de estudantes carmelitas em F\u00e1tima (22-24 de agosto) - CARMELITAS DESCAL\u00c7OS","isPartOf":{"@id":"https:\/\/www.carmelitaniscalzi.com\/#website"},"primaryImageOfPage":{"@id":"https:\/\/www.carmelitaniscalzi.com\/pt-br\/2018\/09\/16\/encontro-de-estudantes-carmelitas-em-fatima-22-24-de-agosto\/#primaryimage"},"image":{"@id":"https:\/\/www.carmelitaniscalzi.com\/pt-br\/2018\/09\/16\/encontro-de-estudantes-carmelitas-em-fatima-22-24-de-agosto\/#primaryimage"},"thumbnailUrl":"https:\/\/www.carmelitaniscalzi.com\/wp-content\/uploads\/2018\/09\/000.jpeg","datePublished":"2018-09-16T10:12:44+00:00","breadcrumb":{"@id":"https:\/\/www.carmelitaniscalzi.com\/pt-br\/2018\/09\/16\/encontro-de-estudantes-carmelitas-em-fatima-22-24-de-agosto\/#breadcrumb"},"inLanguage":"pt-BR","potentialAction":[{"@type":"ReadAction","target":["https:\/\/www.carmelitaniscalzi.com\/pt-br\/2018\/09\/16\/encontro-de-estudantes-carmelitas-em-fatima-22-24-de-agosto\/"]}]},{"@type":"ImageObject","inLanguage":"pt-BR","@id":"https:\/\/www.carmelitaniscalzi.com\/pt-br\/2018\/09\/16\/encontro-de-estudantes-carmelitas-em-fatima-22-24-de-agosto\/#primaryimage","url":"https:\/\/www.carmelitaniscalzi.com\/wp-content\/uploads\/2018\/09\/000.jpeg","contentUrl":"https:\/\/www.carmelitaniscalzi.com\/wp-content\/uploads\/2018\/09\/000.jpeg","width":1440,"height":1080},{"@type":"BreadcrumbList","@id":"https:\/\/www.carmelitaniscalzi.com\/pt-br\/2018\/09\/16\/encontro-de-estudantes-carmelitas-em-fatima-22-24-de-agosto\/#breadcrumb","itemListElement":[{"@type":"ListItem","position":1,"name":"Home","item":"https:\/\/www.carmelitaniscalzi.com\/pt-br\/"},{"@type":"ListItem","position":2,"name":"Encontro de estudantes carmelitas em F\u00e1tima (22-24 de agosto)"}]},{"@type":"WebSite","@id":"https:\/\/www.carmelitaniscalzi.com\/#website","url":"https:\/\/www.carmelitaniscalzi.com\/","name":"CARMELITANI SCALZI - Curia Generale del Carmelo Teresiano","description":"C\u00faria General\u00edcia do Carmelo Teresiano","publisher":{"@id":"https:\/\/www.carmelitaniscalzi.com\/#organization"},"alternateName":"CARMELITANI SCALZI","potentialAction":[{"@type":"SearchAction","target":{"@type":"EntryPoint","urlTemplate":"https:\/\/www.carmelitaniscalzi.com\/?s={search_term_string}"},"query-input":{"@type":"PropertyValueSpecification","valueRequired":true,"valueName":"search_term_string"}}],"inLanguage":"pt-BR"},{"@type":"Organization","@id":"https:\/\/www.carmelitaniscalzi.com\/#organization","name":"CARMELITANI SCALZI - Curia Generale del Carmelo Teresiano","url":"https:\/\/www.carmelitaniscalzi.com\/","logo":{"@type":"ImageObject","inLanguage":"pt-BR","@id":"https:\/\/www.carmelitaniscalzi.com\/#\/schema\/logo\/image\/","url":"https:\/\/www.carmelitaniscalzi.com\/wp-content\/uploads\/2025\/11\/login-logo.png","contentUrl":"https:\/\/www.carmelitaniscalzi.com\/wp-content\/uploads\/2025\/11\/login-logo.png","width":256,"height":256,"caption":"CARMELITANI SCALZI - Curia Generale del Carmelo Teresiano"},"image":{"@id":"https:\/\/www.carmelitaniscalzi.com\/#\/schema\/logo\/image\/"},"sameAs":["https:\/\/www.facebook.com\/Curia-Generalizia-Carmelitani-Scalzi-658766940887784\/","https:\/\/x.com\/ocdcuria","https:\/\/www.youtube.com\/channel\/UC2J5ZL0ycOY0qBSTCLX_NGQ\/videos","https:\/\/www.instagram.com\/ocdinform\/"]},{"@type":"Person","@id":"https:\/\/www.carmelitaniscalzi.com\/#\/schema\/person\/6d1c0d9bea7b6625c437246a5d6da409","name":"ocd web master","image":{"@type":"ImageObject","inLanguage":"pt-BR","@id":"https:\/\/www.carmelitaniscalzi.com\/#\/schema\/person\/image\/","url":"https:\/\/secure.gravatar.com\/avatar\/41fbc5f82bad909fbaf2984c43fa50d8519ac5853e25b454d022b6868f80d0e7?s=96&d=mm&r=g","contentUrl":"https:\/\/secure.gravatar.com\/avatar\/41fbc5f82bad909fbaf2984c43fa50d8519ac5853e25b454d022b6868f80d0e7?s=96&d=mm&r=g","caption":"ocd web master"},"url":"https:\/\/www.carmelitaniscalzi.com\/pt-br\/author\/ocdwebmaster\/"}]}},"_links":{"self":[{"href":"https:\/\/www.carmelitaniscalzi.com\/pt-br\/wp-json\/wp\/v2\/posts\/21837","targetHints":{"allow":["GET"]}}],"collection":[{"href":"https:\/\/www.carmelitaniscalzi.com\/pt-br\/wp-json\/wp\/v2\/posts"}],"about":[{"href":"https:\/\/www.carmelitaniscalzi.com\/pt-br\/wp-json\/wp\/v2\/types\/post"}],"author":[{"embeddable":true,"href":"https:\/\/www.carmelitaniscalzi.com\/pt-br\/wp-json\/wp\/v2\/users\/7"}],"replies":[{"embeddable":true,"href":"https:\/\/www.carmelitaniscalzi.com\/pt-br\/wp-json\/wp\/v2\/comments?post=21837"}],"version-history":[{"count":0,"href":"https:\/\/www.carmelitaniscalzi.com\/pt-br\/wp-json\/wp\/v2\/posts\/21837\/revisions"}],"wp:featuredmedia":[{"embeddable":true,"href":"https:\/\/www.carmelitaniscalzi.com\/pt-br\/wp-json\/wp\/v2\/media\/21829"}],"wp:attachment":[{"href":"https:\/\/www.carmelitaniscalzi.com\/pt-br\/wp-json\/wp\/v2\/media?parent=21837"}],"wp:term":[{"taxonomy":"category","embeddable":true,"href":"https:\/\/www.carmelitaniscalzi.com\/pt-br\/wp-json\/wp\/v2\/categories?post=21837"},{"taxonomy":"post_tag","embeddable":true,"href":"https:\/\/www.carmelitaniscalzi.com\/pt-br\/wp-json\/wp\/v2\/tags?post=21837"}],"curies":[{"name":"wp","href":"https:\/\/api.w.org\/{rel}","templated":true}]}}