{"id":21715,"date":"2018-09-01T00:36:07","date_gmt":"2018-08-31T22:36:07","guid":{"rendered":"https:\/\/www.carmelitaniscalzi.com\/pt-br\/?p=21715"},"modified":"2018-08-31T11:38:17","modified_gmt":"2018-08-31T09:38:17","slug":"inundacoes-em-kerala-india","status":"publish","type":"post","link":"https:\/\/www.carmelitaniscalzi.com\/pt-br\/2018\/09\/01\/inundacoes-em-kerala-india\/","title":{"rendered":"Inunda\u00e7\u00f5es em Kerala (\u00cdndia)"},"content":{"rendered":"<p>As cont\u00ednuas chuvas que ca\u00edram durante semanas no estado de Kerala (\u00cdndia) provocaram danos enormes durante aquelas que foram consideradas as piores inunda\u00e7\u00f5es em mais de cem anos naquele territ\u00f3rio. Como consequ\u00eancia, a terra deslizou nas zonas montanhosas, produzindo perigosas enxurradas; as represas est\u00e3o cheias, obrigando as autoridades a abrir suas comportas para evitar males piores. Centenas de milhares de pessoas que vivem nas proximidades dos rios sofreram as consequ\u00eancias das inunda\u00e7\u00f5es: em pouco tempo, suas casas estavam sepultadas debaixo d\u2019\u00e1gua, enquanto a chuva constante tornava muito dif\u00edcil a evacua\u00e7\u00e3o dos prejudicados. Os mortos podem ser contados \u00e0s centenas, enquanto milhares de pessoas perderam suas casas, colheitas, neg\u00f3cios, bens&#8230; \u00c9 dif\u00edcil avaliar as perdas, tanto humanas como materiais, mas ser\u00e3o certamente enormes diante das primeiras informa\u00e7\u00f5es recebidas.<\/p>\n<p>Como isso afetou nossos frades, irm\u00e3os e irm\u00e3s em Kerala? No momento, as \u00fanicas not\u00edcias que obtivemos foram estas:<\/p>\n<p>Muitas de nossas casas em Kerala est\u00e3o \u00e0s margens dos rios, especialmente o Periyar, um dos que transbordaram nesses dias. Eram, portanto, muito vulner\u00e1veis \u00e0 inunda\u00e7\u00e3o.<\/p>\n<p>O noviciado <em>Monte Carmelo<\/em>, da Prov\u00edncia de Malabar, em Kalady, ficou inundado, obrigando a comunidade a refugiar-se com algumas fam\u00edlias em um pavimento superior. Resistiram durante tr\u00eas dias sem eletricidade e com pouca alimenta\u00e7\u00e3o. Gra\u00e7as a Deus, encontram-se em seguran\u00e7a e as \u00e1guas come\u00e7am a baixar, ainda que toda a regi\u00e3o esteja devastada.<\/p>\n<p>O col\u00e9gio de filosofia e o centro de espiritualidade da Prov\u00edncia de Manjummel (Atmadarshan) foram sepultados pelas \u00e1guas. Os estudantes foram evacuados e ambas as propriedades sofreram danos enormes.<\/p>\n<p>A mesma coisa aconteceu em Jvothirbhavan, Kalamasserv (Manjummel). Felizmente, n\u00e3o h\u00e1 preju\u00edzos pessoais, mas a propriedade est\u00e1 devastada.<\/p>\n<p>O noviciado <em>S\u00e3o Jos\u00e9<\/em>, em Annamanda \u2013 da Prov\u00edncia de Manjummel \u2013 foi totalmente sepultado pelas \u00e1guas. Os novi\u00e7os puderam ser evacuados a tempo, junto com a comunidade.<\/p>\n<p>O convento de Verapoly (Manjummel) tamb\u00e9m est\u00e1 debaixo d\u2019\u00e1gua.<\/p>\n<p>A casa de estudos teol\u00f3gicos da Prov\u00edncia de Kerala-Sul, em Avroor, foi invadida pelas \u00e1guas at\u00e9 o primeiro pavimento. A comunidade e os estudantes ficaram retidos por v\u00e1rios dias, mas felizmente se encontram bem.<\/p>\n<p>As monjas do Carmelo de Malayattoor tamb\u00e9m foram afetadas pelas inunda\u00e7\u00f5es.<\/p>\n<p>At\u00e9 o momento n\u00e3o temos not\u00edcias de danos pessoais entre nossos frades. Algumas de nossas casas converteram-se em centros de acolhida para as fam\u00edlias mais atingidas. Gra\u00e7as a Deus, as \u00e1guas est\u00e3o baixando e isso est\u00e1 permitindo uma comunica\u00e7\u00e3o mais fluida, raz\u00e3o pela qual esperamos dar mais not\u00edcias em breve. Infelizmente, mesmo sabendo que a inunda\u00e7\u00e3o castigou fortemente regi\u00f5es como Thiruvalla, Ranni ou Alapuzha \u2013 nas quais temos comunidades \u2013, n\u00e3o podemos dar muitos detalhes sobre a situa\u00e7\u00e3o nesses lugares, j\u00e1 que \u00e9 dif\u00edcil fazer contato por causa dos problemas de falta de luz e cobertura para os telefones celulares.<\/p>\n<p>Uma vez que as \u00e1guas tenham baixado totalmente, poder-se-\u00e3o avaliar as perdas e o preju\u00edzo real nas propriedades e edif\u00edcios da Ordem na regi\u00e3o, que ser\u00e1, sem d\u00favida, muito grande. Quando chegar o momento, informaremos os meios para ajudar nossos irm\u00e3os e irm\u00e3s, assim como aos demais prejudicados.<\/p>\n<div class=\"wpmf-gallerys wpmf-gallerys-life \" ><div id=\"gallery-1\" class=\"gallery gallery_life wpmf_gallery_default gallery_default  gallery-columns-3 gallery-size-medium gallery-link-file wpmf-has-border-radius-0 wpmf-gutterwidth-5 no_ratio\"><figure class=\"wpmf-gallery-item\" data-index=\"0\"><div class=\"wpmf-gallery-icon\"><div class=\"square_thumbnail\"><div class=\"img_centered\"><a class=\" not_video noLightbox\" data-lightbox=\"1\" data-href=\"https:\/\/www.carmelitaniscalzi.com\/wp-content\/uploads\/2018\/08\/fishermen-1.jpg\" title=\"fishermen 1\" target=\"_self\" data-index=\"0\"><img decoding=\"async\" class=\"wpmf_img\" alt=\"fishermen 1\" src=\"https:\/\/www.carmelitaniscalzi.com\/wp-content\/uploads\/2018\/08\/fishermen-1-300x150.jpg\" data-type=\"wpmfgalleryimg\" data-lazy-src=\"https:\/\/www.carmelitaniscalzi.com\/wp-content\/uploads\/2018\/08\/fishermen-1-300x150.jpg\"><\/a><\/div><\/div><\/div><\/figure><figure class=\"wpmf-gallery-item\" data-index=\"1\"><div class=\"wpmf-gallery-icon\"><div class=\"square_thumbnail\"><div class=\"img_centered\"><a class=\" not_video noLightbox\" data-lightbox=\"1\" data-href=\"https:\/\/www.carmelitaniscalzi.com\/wp-content\/uploads\/2018\/08\/fishermen-1024x604.jpg\" title=\"fishermen\" target=\"_self\" data-index=\"1\"><img decoding=\"async\" class=\"wpmf_img\" alt=\"fishermen\" src=\"https:\/\/www.carmelitaniscalzi.com\/wp-content\/uploads\/2018\/08\/fishermen-300x177.jpg\" data-type=\"wpmfgalleryimg\" data-lazy-src=\"https:\/\/www.carmelitaniscalzi.com\/wp-content\/uploads\/2018\/08\/fishermen-300x177.jpg\"><\/a><\/div><\/div><\/div><\/figure><figure class=\"wpmf-gallery-item\" data-index=\"2\"><div class=\"wpmf-gallery-icon\"><div class=\"square_thumbnail\"><div class=\"img_centered\"><a class=\" not_video noLightbox\" data-lightbox=\"1\" data-href=\"https:\/\/www.carmelitaniscalzi.com\/wp-content\/uploads\/2018\/08\/kerala-flood-0.jpg\" title=\"kerala flood 0\" target=\"_self\" data-index=\"2\"><img decoding=\"async\" class=\"wpmf_img\" alt=\"kerala flood 0\" src=\"https:\/\/www.carmelitaniscalzi.com\/wp-content\/uploads\/2018\/08\/kerala-flood-0-300x190.jpg\" data-type=\"wpmfgalleryimg\" data-lazy-src=\"https:\/\/www.carmelitaniscalzi.com\/wp-content\/uploads\/2018\/08\/kerala-flood-0-300x190.jpg\"><\/a><\/div><\/div><\/div><\/figure><figure class=\"wpmf-gallery-item\" data-index=\"3\"><div class=\"wpmf-gallery-icon\"><div class=\"square_thumbnail\"><div class=\"img_centered\"><a class=\" not_video noLightbox\" data-lightbox=\"1\" data-href=\"https:\/\/www.carmelitaniscalzi.com\/wp-content\/uploads\/2018\/08\/kerala-flood-1.jpg\" title=\"kerala flood 1\" target=\"_self\" data-index=\"3\"><img decoding=\"async\" class=\"wpmf_img\" alt=\"kerala flood 1\" src=\"https:\/\/www.carmelitaniscalzi.com\/wp-content\/uploads\/2018\/08\/kerala-flood-1-300x169.jpg\" data-type=\"wpmfgalleryimg\" data-lazy-src=\"https:\/\/www.carmelitaniscalzi.com\/wp-content\/uploads\/2018\/08\/kerala-flood-1-300x169.jpg\"><\/a><\/div><\/div><\/div><\/figure><figure class=\"wpmf-gallery-item\" data-index=\"4\"><div class=\"wpmf-gallery-icon\"><div class=\"square_thumbnail\"><div class=\"img_centered\"><a class=\" not_video noLightbox\" data-lightbox=\"1\" data-href=\"https:\/\/www.carmelitaniscalzi.com\/wp-content\/uploads\/2018\/08\/kerala-flood-2-1024x576.jpg\" title=\"kerala flood 2\" target=\"_self\" data-index=\"4\"><img decoding=\"async\" class=\"wpmf_img\" alt=\"kerala flood 2\" src=\"https:\/\/www.carmelitaniscalzi.com\/wp-content\/uploads\/2018\/08\/kerala-flood-2-300x169.jpg\" data-type=\"wpmfgalleryimg\" data-lazy-src=\"https:\/\/www.carmelitaniscalzi.com\/wp-content\/uploads\/2018\/08\/kerala-flood-2-300x169.jpg\"><\/a><\/div><\/div><\/div><\/figure><figure class=\"wpmf-gallery-item\" data-index=\"5\"><div class=\"wpmf-gallery-icon\"><div class=\"square_thumbnail\"><div class=\"img_centered\"><a class=\" not_video noLightbox\" data-lightbox=\"1\" data-href=\"https:\/\/www.carmelitaniscalzi.com\/wp-content\/uploads\/2018\/08\/kerala-flood-3.jpg\" title=\"kerala flood 3\" target=\"_self\" data-index=\"5\"><img decoding=\"async\" class=\"wpmf_img\" alt=\"kerala flood 3\" src=\"https:\/\/www.carmelitaniscalzi.com\/wp-content\/uploads\/2018\/08\/kerala-flood-3-300x200.jpg\" data-type=\"wpmfgalleryimg\" data-lazy-src=\"https:\/\/www.carmelitaniscalzi.com\/wp-content\/uploads\/2018\/08\/kerala-flood-3-300x200.jpg\"><\/a><\/div><\/div><\/div><\/figure><figure class=\"wpmf-gallery-item\" data-index=\"6\"><div class=\"wpmf-gallery-icon\"><div class=\"square_thumbnail\"><div class=\"img_centered\"><a class=\" not_video noLightbox\" data-lightbox=\"1\" data-href=\"https:\/\/www.carmelitaniscalzi.com\/wp-content\/uploads\/2018\/08\/kerala-flood-4.jpg\" title=\"kerala flood 4\" target=\"_self\" data-index=\"6\"><img decoding=\"async\" class=\"wpmf_img\" alt=\"kerala flood 4\" src=\"https:\/\/www.carmelitaniscalzi.com\/wp-content\/uploads\/2018\/08\/kerala-flood-4-300x191.jpg\" data-type=\"wpmfgalleryimg\" data-lazy-src=\"https:\/\/www.carmelitaniscalzi.com\/wp-content\/uploads\/2018\/08\/kerala-flood-4-300x191.jpg\"><\/a><\/div><\/div><\/div><\/figure><figure class=\"wpmf-gallery-item\" data-index=\"7\"><div class=\"wpmf-gallery-icon\"><div class=\"square_thumbnail\"><div class=\"img_centered\"><a class=\" not_video noLightbox\" data-lightbox=\"1\" data-href=\"https:\/\/www.carmelitaniscalzi.com\/wp-content\/uploads\/2018\/08\/kerala-flood-5.jpg\" title=\"kerala flood 5\" target=\"_self\" data-index=\"7\"><img decoding=\"async\" class=\"wpmf_img\" alt=\"kerala flood 5\" src=\"https:\/\/www.carmelitaniscalzi.com\/wp-content\/uploads\/2018\/08\/kerala-flood-5-300x169.jpg\" data-type=\"wpmfgalleryimg\" data-lazy-src=\"https:\/\/www.carmelitaniscalzi.com\/wp-content\/uploads\/2018\/08\/kerala-flood-5-300x169.jpg\"><\/a><\/div><\/div><\/div><\/figure><figure class=\"wpmf-gallery-item\" data-index=\"8\"><div class=\"wpmf-gallery-icon\"><div class=\"square_thumbnail\"><div class=\"img_centered\"><a class=\" not_video noLightbox\" data-lightbox=\"1\" data-href=\"https:\/\/www.carmelitaniscalzi.com\/wp-content\/uploads\/2018\/08\/kerala-map.jpg\" title=\"kerala map\" target=\"_self\" data-index=\"8\"><img decoding=\"async\" class=\"wpmf_img\" alt=\"kerala map\" src=\"https:\/\/www.carmelitaniscalzi.com\/wp-content\/uploads\/2018\/08\/kerala-map-250x300.jpg\" data-type=\"wpmfgalleryimg\" data-lazy-src=\"https:\/\/www.carmelitaniscalzi.com\/wp-content\/uploads\/2018\/08\/kerala-map-250x300.jpg\"><\/a><\/div><\/div><\/div><\/figure><\/div><\/div>\n","protected":false},"excerpt":{"rendered":"<p>As cont\u00ednuas chuvas que ca\u00edram durante semanas no estado de Kerala (\u00cdndia) provocaram danos enormes durante aquelas que foram consideradas as piores inunda\u00e7\u00f5es em mais de cem anos naquele territ\u00f3rio. Como consequ\u00eancia, a terra deslizou nas zonas montanhosas, produzindo perigosas enxurradas; as represas est\u00e3o cheias, obrigando as autoridades a abrir suas comportas para evitar males [&hellip;]<\/p>\n","protected":false},"author":7,"featured_media":21701,"comment_status":"closed","ping_status":"closed","sticky":false,"template":"","format":"standard","meta":{"_acf_changed":false,"footnotes":""},"categories":[235,373],"tags":[],"class_list":["post-21715","post","type-post","status-publish","format-standard","has-post-thumbnail","hentry","category-noticias-frades","category-noticias"],"acf":[],"yoast_head":"<!-- This site is optimized with the Yoast SEO plugin v26.3 - https:\/\/yoast.com\/wordpress\/plugins\/seo\/ -->\n<title>Inunda\u00e7\u00f5es em Kerala (\u00cdndia) - CARMELITAS DESCAL\u00c7OS<\/title>\n<meta name=\"robots\" content=\"index, follow, max-snippet:-1, max-image-preview:large, max-video-preview:-1\" \/>\n<link rel=\"canonical\" href=\"https:\/\/www.carmelitaniscalzi.com\/pt-br\/2018\/09\/01\/inundacoes-em-kerala-india\/\" \/>\n<meta property=\"og:locale\" content=\"pt_BR\" \/>\n<meta property=\"og:type\" content=\"article\" \/>\n<meta property=\"og:title\" content=\"Inunda\u00e7\u00f5es em Kerala (\u00cdndia) - CARMELITAS DESCAL\u00c7OS\" \/>\n<meta property=\"og:description\" content=\"As cont\u00ednuas chuvas que ca\u00edram durante semanas no estado de Kerala (\u00cdndia) provocaram danos enormes durante aquelas que foram consideradas as piores inunda\u00e7\u00f5es em mais de cem anos naquele territ\u00f3rio. Como consequ\u00eancia, a terra deslizou nas zonas montanhosas, produzindo perigosas enxurradas; as represas est\u00e3o cheias, obrigando as autoridades a abrir suas comportas para evitar males [&hellip;]\" \/>\n<meta property=\"og:url\" content=\"https:\/\/www.carmelitaniscalzi.com\/pt-br\/2018\/09\/01\/inundacoes-em-kerala-india\/\" \/>\n<meta property=\"og:site_name\" content=\"CARMELITAS DESCAL\u00c7OS\" \/>\n<meta property=\"article:publisher\" content=\"https:\/\/www.facebook.com\/Curia-Generalizia-Carmelitani-Scalzi-658766940887784\/\" \/>\n<meta property=\"article:published_time\" content=\"2018-08-31T22:36:07+00:00\" \/>\n<meta property=\"og:image\" content=\"https:\/\/www.carmelitaniscalzi.com\/wp-content\/uploads\/2018\/08\/kerala-flood.jpg\" \/>\n\t<meta property=\"og:image:width\" content=\"1280\" \/>\n\t<meta property=\"og:image:height\" content=\"720\" \/>\n\t<meta property=\"og:image:type\" content=\"image\/jpeg\" \/>\n<meta name=\"author\" content=\"ocd web master\" \/>\n<meta name=\"twitter:card\" content=\"summary_large_image\" \/>\n<meta name=\"twitter:creator\" content=\"@ocdcuria\" \/>\n<meta name=\"twitter:site\" content=\"@ocdcuria\" \/>\n<meta name=\"twitter:label1\" content=\"Escrito por\" \/>\n\t<meta name=\"twitter:data1\" content=\"ocd web master\" \/>\n\t<meta name=\"twitter:label2\" content=\"Est. tempo de leitura\" \/>\n\t<meta name=\"twitter:data2\" content=\"3 minutos\" \/>\n<script type=\"application\/ld+json\" class=\"yoast-schema-graph\">{\"@context\":\"https:\/\/schema.org\",\"@graph\":[{\"@type\":\"Article\",\"@id\":\"https:\/\/www.carmelitaniscalzi.com\/pt-br\/2018\/09\/01\/inundacoes-em-kerala-india\/#article\",\"isPartOf\":{\"@id\":\"https:\/\/www.carmelitaniscalzi.com\/pt-br\/2018\/09\/01\/inundacoes-em-kerala-india\/\"},\"author\":{\"name\":\"ocd web master\",\"@id\":\"https:\/\/www.carmelitaniscalzi.com\/#\/schema\/person\/6d1c0d9bea7b6625c437246a5d6da409\"},\"headline\":\"Inunda\u00e7\u00f5es em Kerala (\u00cdndia)\",\"datePublished\":\"2018-08-31T22:36:07+00:00\",\"mainEntityOfPage\":{\"@id\":\"https:\/\/www.carmelitaniscalzi.com\/pt-br\/2018\/09\/01\/inundacoes-em-kerala-india\/\"},\"wordCount\":572,\"publisher\":{\"@id\":\"https:\/\/www.carmelitaniscalzi.com\/#organization\"},\"image\":{\"@id\":\"https:\/\/www.carmelitaniscalzi.com\/pt-br\/2018\/09\/01\/inundacoes-em-kerala-india\/#primaryimage\"},\"thumbnailUrl\":\"https:\/\/www.carmelitaniscalzi.com\/wp-content\/uploads\/2018\/08\/kerala-flood.jpg\",\"articleSection\":[\"Not\u00edcias Frades\",\"Not\u00edcias\"],\"inLanguage\":\"pt-BR\"},{\"@type\":\"WebPage\",\"@id\":\"https:\/\/www.carmelitaniscalzi.com\/pt-br\/2018\/09\/01\/inundacoes-em-kerala-india\/\",\"url\":\"https:\/\/www.carmelitaniscalzi.com\/pt-br\/2018\/09\/01\/inundacoes-em-kerala-india\/\",\"name\":\"Inunda\u00e7\u00f5es em Kerala (\u00cdndia) - CARMELITAS DESCAL\u00c7OS\",\"isPartOf\":{\"@id\":\"https:\/\/www.carmelitaniscalzi.com\/#website\"},\"primaryImageOfPage\":{\"@id\":\"https:\/\/www.carmelitaniscalzi.com\/pt-br\/2018\/09\/01\/inundacoes-em-kerala-india\/#primaryimage\"},\"image\":{\"@id\":\"https:\/\/www.carmelitaniscalzi.com\/pt-br\/2018\/09\/01\/inundacoes-em-kerala-india\/#primaryimage\"},\"thumbnailUrl\":\"https:\/\/www.carmelitaniscalzi.com\/wp-content\/uploads\/2018\/08\/kerala-flood.jpg\",\"datePublished\":\"2018-08-31T22:36:07+00:00\",\"breadcrumb\":{\"@id\":\"https:\/\/www.carmelitaniscalzi.com\/pt-br\/2018\/09\/01\/inundacoes-em-kerala-india\/#breadcrumb\"},\"inLanguage\":\"pt-BR\",\"potentialAction\":[{\"@type\":\"ReadAction\",\"target\":[\"https:\/\/www.carmelitaniscalzi.com\/pt-br\/2018\/09\/01\/inundacoes-em-kerala-india\/\"]}]},{\"@type\":\"ImageObject\",\"inLanguage\":\"pt-BR\",\"@id\":\"https:\/\/www.carmelitaniscalzi.com\/pt-br\/2018\/09\/01\/inundacoes-em-kerala-india\/#primaryimage\",\"url\":\"https:\/\/www.carmelitaniscalzi.com\/wp-content\/uploads\/2018\/08\/kerala-flood.jpg\",\"contentUrl\":\"https:\/\/www.carmelitaniscalzi.com\/wp-content\/uploads\/2018\/08\/kerala-flood.jpg\",\"width\":1280,\"height\":720},{\"@type\":\"BreadcrumbList\",\"@id\":\"https:\/\/www.carmelitaniscalzi.com\/pt-br\/2018\/09\/01\/inundacoes-em-kerala-india\/#breadcrumb\",\"itemListElement\":[{\"@type\":\"ListItem\",\"position\":1,\"name\":\"Home\",\"item\":\"https:\/\/www.carmelitaniscalzi.com\/pt-br\/\"},{\"@type\":\"ListItem\",\"position\":2,\"name\":\"Inunda\u00e7\u00f5es em Kerala (\u00cdndia)\"}]},{\"@type\":\"WebSite\",\"@id\":\"https:\/\/www.carmelitaniscalzi.com\/#website\",\"url\":\"https:\/\/www.carmelitaniscalzi.com\/\",\"name\":\"CARMELITANI SCALZI - Curia Generale del Carmelo Teresiano\",\"description\":\"C\u00faria General\u00edcia do Carmelo Teresiano\",\"publisher\":{\"@id\":\"https:\/\/www.carmelitaniscalzi.com\/#organization\"},\"alternateName\":\"CARMELITANI SCALZI\",\"potentialAction\":[{\"@type\":\"SearchAction\",\"target\":{\"@type\":\"EntryPoint\",\"urlTemplate\":\"https:\/\/www.carmelitaniscalzi.com\/?s={search_term_string}\"},\"query-input\":{\"@type\":\"PropertyValueSpecification\",\"valueRequired\":true,\"valueName\":\"search_term_string\"}}],\"inLanguage\":\"pt-BR\"},{\"@type\":\"Organization\",\"@id\":\"https:\/\/www.carmelitaniscalzi.com\/#organization\",\"name\":\"CARMELITANI SCALZI - Curia Generale del Carmelo Teresiano\",\"url\":\"https:\/\/www.carmelitaniscalzi.com\/\",\"logo\":{\"@type\":\"ImageObject\",\"inLanguage\":\"pt-BR\",\"@id\":\"https:\/\/www.carmelitaniscalzi.com\/#\/schema\/logo\/image\/\",\"url\":\"https:\/\/www.carmelitaniscalzi.com\/wp-content\/uploads\/2025\/11\/login-logo.png\",\"contentUrl\":\"https:\/\/www.carmelitaniscalzi.com\/wp-content\/uploads\/2025\/11\/login-logo.png\",\"width\":256,\"height\":256,\"caption\":\"CARMELITANI SCALZI - Curia Generale del Carmelo Teresiano\"},\"image\":{\"@id\":\"https:\/\/www.carmelitaniscalzi.com\/#\/schema\/logo\/image\/\"},\"sameAs\":[\"https:\/\/www.facebook.com\/Curia-Generalizia-Carmelitani-Scalzi-658766940887784\/\",\"https:\/\/x.com\/ocdcuria\",\"https:\/\/www.youtube.com\/channel\/UC2J5ZL0ycOY0qBSTCLX_NGQ\/videos\",\"https:\/\/www.instagram.com\/ocdinform\/\"]},{\"@type\":\"Person\",\"@id\":\"https:\/\/www.carmelitaniscalzi.com\/#\/schema\/person\/6d1c0d9bea7b6625c437246a5d6da409\",\"name\":\"ocd web master\",\"image\":{\"@type\":\"ImageObject\",\"inLanguage\":\"pt-BR\",\"@id\":\"https:\/\/www.carmelitaniscalzi.com\/#\/schema\/person\/image\/\",\"url\":\"https:\/\/secure.gravatar.com\/avatar\/41fbc5f82bad909fbaf2984c43fa50d8519ac5853e25b454d022b6868f80d0e7?s=96&d=mm&r=g\",\"contentUrl\":\"https:\/\/secure.gravatar.com\/avatar\/41fbc5f82bad909fbaf2984c43fa50d8519ac5853e25b454d022b6868f80d0e7?s=96&d=mm&r=g\",\"caption\":\"ocd web master\"},\"url\":\"https:\/\/www.carmelitaniscalzi.com\/pt-br\/author\/ocdwebmaster\/\"}]}<\/script>\n<!-- \/ Yoast SEO plugin. -->","yoast_head_json":{"title":"Inunda\u00e7\u00f5es em Kerala (\u00cdndia) - CARMELITAS DESCAL\u00c7OS","robots":{"index":"index","follow":"follow","max-snippet":"max-snippet:-1","max-image-preview":"max-image-preview:large","max-video-preview":"max-video-preview:-1"},"canonical":"https:\/\/www.carmelitaniscalzi.com\/pt-br\/2018\/09\/01\/inundacoes-em-kerala-india\/","og_locale":"pt_BR","og_type":"article","og_title":"Inunda\u00e7\u00f5es em Kerala (\u00cdndia) - CARMELITAS DESCAL\u00c7OS","og_description":"As cont\u00ednuas chuvas que ca\u00edram durante semanas no estado de Kerala (\u00cdndia) provocaram danos enormes durante aquelas que foram consideradas as piores inunda\u00e7\u00f5es em mais de cem anos naquele territ\u00f3rio. Como consequ\u00eancia, a terra deslizou nas zonas montanhosas, produzindo perigosas enxurradas; as represas est\u00e3o cheias, obrigando as autoridades a abrir suas comportas para evitar males [&hellip;]","og_url":"https:\/\/www.carmelitaniscalzi.com\/pt-br\/2018\/09\/01\/inundacoes-em-kerala-india\/","og_site_name":"CARMELITAS DESCAL\u00c7OS","article_publisher":"https:\/\/www.facebook.com\/Curia-Generalizia-Carmelitani-Scalzi-658766940887784\/","article_published_time":"2018-08-31T22:36:07+00:00","og_image":[{"width":1280,"height":720,"url":"https:\/\/www.carmelitaniscalzi.com\/wp-content\/uploads\/2018\/08\/kerala-flood.jpg","type":"image\/jpeg"}],"author":"ocd web master","twitter_card":"summary_large_image","twitter_creator":"@ocdcuria","twitter_site":"@ocdcuria","twitter_misc":{"Escrito por":"ocd web master","Est. tempo de leitura":"3 minutos"},"schema":{"@context":"https:\/\/schema.org","@graph":[{"@type":"Article","@id":"https:\/\/www.carmelitaniscalzi.com\/pt-br\/2018\/09\/01\/inundacoes-em-kerala-india\/#article","isPartOf":{"@id":"https:\/\/www.carmelitaniscalzi.com\/pt-br\/2018\/09\/01\/inundacoes-em-kerala-india\/"},"author":{"name":"ocd web master","@id":"https:\/\/www.carmelitaniscalzi.com\/#\/schema\/person\/6d1c0d9bea7b6625c437246a5d6da409"},"headline":"Inunda\u00e7\u00f5es em Kerala (\u00cdndia)","datePublished":"2018-08-31T22:36:07+00:00","mainEntityOfPage":{"@id":"https:\/\/www.carmelitaniscalzi.com\/pt-br\/2018\/09\/01\/inundacoes-em-kerala-india\/"},"wordCount":572,"publisher":{"@id":"https:\/\/www.carmelitaniscalzi.com\/#organization"},"image":{"@id":"https:\/\/www.carmelitaniscalzi.com\/pt-br\/2018\/09\/01\/inundacoes-em-kerala-india\/#primaryimage"},"thumbnailUrl":"https:\/\/www.carmelitaniscalzi.com\/wp-content\/uploads\/2018\/08\/kerala-flood.jpg","articleSection":["Not\u00edcias Frades","Not\u00edcias"],"inLanguage":"pt-BR"},{"@type":"WebPage","@id":"https:\/\/www.carmelitaniscalzi.com\/pt-br\/2018\/09\/01\/inundacoes-em-kerala-india\/","url":"https:\/\/www.carmelitaniscalzi.com\/pt-br\/2018\/09\/01\/inundacoes-em-kerala-india\/","name":"Inunda\u00e7\u00f5es em Kerala (\u00cdndia) - CARMELITAS DESCAL\u00c7OS","isPartOf":{"@id":"https:\/\/www.carmelitaniscalzi.com\/#website"},"primaryImageOfPage":{"@id":"https:\/\/www.carmelitaniscalzi.com\/pt-br\/2018\/09\/01\/inundacoes-em-kerala-india\/#primaryimage"},"image":{"@id":"https:\/\/www.carmelitaniscalzi.com\/pt-br\/2018\/09\/01\/inundacoes-em-kerala-india\/#primaryimage"},"thumbnailUrl":"https:\/\/www.carmelitaniscalzi.com\/wp-content\/uploads\/2018\/08\/kerala-flood.jpg","datePublished":"2018-08-31T22:36:07+00:00","breadcrumb":{"@id":"https:\/\/www.carmelitaniscalzi.com\/pt-br\/2018\/09\/01\/inundacoes-em-kerala-india\/#breadcrumb"},"inLanguage":"pt-BR","potentialAction":[{"@type":"ReadAction","target":["https:\/\/www.carmelitaniscalzi.com\/pt-br\/2018\/09\/01\/inundacoes-em-kerala-india\/"]}]},{"@type":"ImageObject","inLanguage":"pt-BR","@id":"https:\/\/www.carmelitaniscalzi.com\/pt-br\/2018\/09\/01\/inundacoes-em-kerala-india\/#primaryimage","url":"https:\/\/www.carmelitaniscalzi.com\/wp-content\/uploads\/2018\/08\/kerala-flood.jpg","contentUrl":"https:\/\/www.carmelitaniscalzi.com\/wp-content\/uploads\/2018\/08\/kerala-flood.jpg","width":1280,"height":720},{"@type":"BreadcrumbList","@id":"https:\/\/www.carmelitaniscalzi.com\/pt-br\/2018\/09\/01\/inundacoes-em-kerala-india\/#breadcrumb","itemListElement":[{"@type":"ListItem","position":1,"name":"Home","item":"https:\/\/www.carmelitaniscalzi.com\/pt-br\/"},{"@type":"ListItem","position":2,"name":"Inunda\u00e7\u00f5es em Kerala (\u00cdndia)"}]},{"@type":"WebSite","@id":"https:\/\/www.carmelitaniscalzi.com\/#website","url":"https:\/\/www.carmelitaniscalzi.com\/","name":"CARMELITANI SCALZI - Curia Generale del Carmelo Teresiano","description":"C\u00faria General\u00edcia do Carmelo Teresiano","publisher":{"@id":"https:\/\/www.carmelitaniscalzi.com\/#organization"},"alternateName":"CARMELITANI SCALZI","potentialAction":[{"@type":"SearchAction","target":{"@type":"EntryPoint","urlTemplate":"https:\/\/www.carmelitaniscalzi.com\/?s={search_term_string}"},"query-input":{"@type":"PropertyValueSpecification","valueRequired":true,"valueName":"search_term_string"}}],"inLanguage":"pt-BR"},{"@type":"Organization","@id":"https:\/\/www.carmelitaniscalzi.com\/#organization","name":"CARMELITANI SCALZI - Curia Generale del Carmelo Teresiano","url":"https:\/\/www.carmelitaniscalzi.com\/","logo":{"@type":"ImageObject","inLanguage":"pt-BR","@id":"https:\/\/www.carmelitaniscalzi.com\/#\/schema\/logo\/image\/","url":"https:\/\/www.carmelitaniscalzi.com\/wp-content\/uploads\/2025\/11\/login-logo.png","contentUrl":"https:\/\/www.carmelitaniscalzi.com\/wp-content\/uploads\/2025\/11\/login-logo.png","width":256,"height":256,"caption":"CARMELITANI SCALZI - Curia Generale del Carmelo Teresiano"},"image":{"@id":"https:\/\/www.carmelitaniscalzi.com\/#\/schema\/logo\/image\/"},"sameAs":["https:\/\/www.facebook.com\/Curia-Generalizia-Carmelitani-Scalzi-658766940887784\/","https:\/\/x.com\/ocdcuria","https:\/\/www.youtube.com\/channel\/UC2J5ZL0ycOY0qBSTCLX_NGQ\/videos","https:\/\/www.instagram.com\/ocdinform\/"]},{"@type":"Person","@id":"https:\/\/www.carmelitaniscalzi.com\/#\/schema\/person\/6d1c0d9bea7b6625c437246a5d6da409","name":"ocd web master","image":{"@type":"ImageObject","inLanguage":"pt-BR","@id":"https:\/\/www.carmelitaniscalzi.com\/#\/schema\/person\/image\/","url":"https:\/\/secure.gravatar.com\/avatar\/41fbc5f82bad909fbaf2984c43fa50d8519ac5853e25b454d022b6868f80d0e7?s=96&d=mm&r=g","contentUrl":"https:\/\/secure.gravatar.com\/avatar\/41fbc5f82bad909fbaf2984c43fa50d8519ac5853e25b454d022b6868f80d0e7?s=96&d=mm&r=g","caption":"ocd web master"},"url":"https:\/\/www.carmelitaniscalzi.com\/pt-br\/author\/ocdwebmaster\/"}]}},"_links":{"self":[{"href":"https:\/\/www.carmelitaniscalzi.com\/pt-br\/wp-json\/wp\/v2\/posts\/21715","targetHints":{"allow":["GET"]}}],"collection":[{"href":"https:\/\/www.carmelitaniscalzi.com\/pt-br\/wp-json\/wp\/v2\/posts"}],"about":[{"href":"https:\/\/www.carmelitaniscalzi.com\/pt-br\/wp-json\/wp\/v2\/types\/post"}],"author":[{"embeddable":true,"href":"https:\/\/www.carmelitaniscalzi.com\/pt-br\/wp-json\/wp\/v2\/users\/7"}],"replies":[{"embeddable":true,"href":"https:\/\/www.carmelitaniscalzi.com\/pt-br\/wp-json\/wp\/v2\/comments?post=21715"}],"version-history":[{"count":0,"href":"https:\/\/www.carmelitaniscalzi.com\/pt-br\/wp-json\/wp\/v2\/posts\/21715\/revisions"}],"wp:featuredmedia":[{"embeddable":true,"href":"https:\/\/www.carmelitaniscalzi.com\/pt-br\/wp-json\/wp\/v2\/media\/21701"}],"wp:attachment":[{"href":"https:\/\/www.carmelitaniscalzi.com\/pt-br\/wp-json\/wp\/v2\/media?parent=21715"}],"wp:term":[{"taxonomy":"category","embeddable":true,"href":"https:\/\/www.carmelitaniscalzi.com\/pt-br\/wp-json\/wp\/v2\/categories?post=21715"},{"taxonomy":"post_tag","embeddable":true,"href":"https:\/\/www.carmelitaniscalzi.com\/pt-br\/wp-json\/wp\/v2\/tags?post=21715"}],"curies":[{"name":"wp","href":"https:\/\/api.w.org\/{rel}","templated":true}]}}