{"id":21440,"date":"2018-07-30T13:48:04","date_gmt":"2018-07-30T11:48:04","guid":{"rendered":"https:\/\/www.carmelitaniscalzi.com\/pt-br\/?p=21440"},"modified":"2018-07-30T13:48:04","modified_gmt":"2018-07-30T11:48:04","slug":"encontro-dos-novicos-carmelitas-descalcos-italia","status":"publish","type":"post","link":"https:\/\/www.carmelitaniscalzi.com\/pt-br\/2018\/07\/30\/encontro-dos-novicos-carmelitas-descalcos-italia\/","title":{"rendered":"Encontro dos novi\u00e7os carmelitas descal\u00e7os da It\u00e1lia"},"content":{"rendered":"<p>Entre 11 e 15 de junho aconteceu no <em>Teresianum<\/em> um encontro de novi\u00e7os e mestres das Prov\u00edncias italianas. Dele participaram os Padres Marco Cabula (Lig\u00faria), Leonardo Cuccurullo (N\u00e1poles), Gianni Bracchi (Veneza) e Attilio Vigan\u00f2 (Lombardia), acompanhados dos novi\u00e7os Giuseppe Ginefra, Andrea Palmentura, Michele Piperis, Franceso Cotta, Francesco de March, Francesco Alloisio, Alessandro Futia e Arthur Randriamampionona.<\/p>\n<p>Durante o encontro, mestres e novi\u00e7os puderam compartilhar fraternalmente a experi\u00eancia que vivem nas diferentes casas de noviciado e viver dois momentos mais formativos: um sobre temas carmelitanos (a Regra, o profeta Elias e a tradi\u00e7\u00e3o do Carmelo) e outro com conte\u00fados de tipo religioso-cultural, tanto em n\u00edvel te\u00f3rico como pr\u00e1tico, visitando alguns lugares de Roma vinculados \u00e0 hist\u00f3ria da Igreja primitiva ou ao Carmelo teresiano. Para essa segunda parte, contaram com a ajuda do professor Gianfrancesco Solferino.<\/p>\n<p>Os jovens novi\u00e7os puderam compartilhar tamb\u00e9m entre si e com seus mestres as suas esperan\u00e7as e preocupa\u00e7\u00f5es a respeito do Carmelo teresiano do futuro.<\/p>\n<p><img loading=\"lazy\" decoding=\"async\" class=\"alignnone size-medium wp-image-21430\" src=\"https:\/\/www.carmelitaniscalzi.com\/wp-content\/uploads\/2018\/07\/06-1-300x225.jpg\" alt=\"\" width=\"300\" height=\"225\" srcset=\"https:\/\/www.carmelitaniscalzi.com\/wp-content\/uploads\/2018\/07\/06-1-300x225.jpg 300w, https:\/\/www.carmelitaniscalzi.com\/wp-content\/uploads\/2018\/07\/06-1-768x576.jpg 768w, https:\/\/www.carmelitaniscalzi.com\/wp-content\/uploads\/2018\/07\/06-1-1024x768.jpg 1024w, https:\/\/www.carmelitaniscalzi.com\/wp-content\/uploads\/2018\/07\/06-1-73x55.jpg 73w, https:\/\/www.carmelitaniscalzi.com\/wp-content\/uploads\/2018\/07\/06-1-800x600.jpg 800w, https:\/\/www.carmelitaniscalzi.com\/wp-content\/uploads\/2018\/07\/06-1-580x435.jpg 580w, https:\/\/www.carmelitaniscalzi.com\/wp-content\/uploads\/2018\/07\/06-1.jpg 1440w\" sizes=\"auto, (max-width: 300px) 100vw, 300px\" \/> <img loading=\"lazy\" decoding=\"async\" class=\"alignnone size-medium wp-image-21429\" src=\"https:\/\/www.carmelitaniscalzi.com\/wp-content\/uploads\/2018\/07\/05-1-300x225.jpg\" alt=\"\" width=\"300\" height=\"225\" srcset=\"https:\/\/www.carmelitaniscalzi.com\/wp-content\/uploads\/2018\/07\/05-1-300x225.jpg 300w, https:\/\/www.carmelitaniscalzi.com\/wp-content\/uploads\/2018\/07\/05-1-768x576.jpg 768w, https:\/\/www.carmelitaniscalzi.com\/wp-content\/uploads\/2018\/07\/05-1-1024x768.jpg 1024w, https:\/\/www.carmelitaniscalzi.com\/wp-content\/uploads\/2018\/07\/05-1-73x55.jpg 73w, https:\/\/www.carmelitaniscalzi.com\/wp-content\/uploads\/2018\/07\/05-1-800x600.jpg 800w, https:\/\/www.carmelitaniscalzi.com\/wp-content\/uploads\/2018\/07\/05-1-580x435.jpg 580w, https:\/\/www.carmelitaniscalzi.com\/wp-content\/uploads\/2018\/07\/05-1.jpg 1440w\" sizes=\"auto, (max-width: 300px) 100vw, 300px\" \/> <img loading=\"lazy\" decoding=\"async\" class=\"alignnone size-medium wp-image-21428\" src=\"https:\/\/www.carmelitaniscalzi.com\/wp-content\/uploads\/2018\/07\/02-2-300x169.jpg\" alt=\"\" width=\"300\" height=\"169\" srcset=\"https:\/\/www.carmelitaniscalzi.com\/wp-content\/uploads\/2018\/07\/02-2-300x169.jpg 300w, https:\/\/www.carmelitaniscalzi.com\/wp-content\/uploads\/2018\/07\/02-2-768x432.jpg 768w, https:\/\/www.carmelitaniscalzi.com\/wp-content\/uploads\/2018\/07\/02-2-1024x576.jpg 1024w, https:\/\/www.carmelitaniscalzi.com\/wp-content\/uploads\/2018\/07\/02-2-98x55.jpg 98w, https:\/\/www.carmelitaniscalzi.com\/wp-content\/uploads\/2018\/07\/02-2-1600x900.jpg 1600w, https:\/\/www.carmelitaniscalzi.com\/wp-content\/uploads\/2018\/07\/02-2-800x450.jpg 800w, https:\/\/www.carmelitaniscalzi.com\/wp-content\/uploads\/2018\/07\/02-2-270x152.jpg 270w, https:\/\/www.carmelitaniscalzi.com\/wp-content\/uploads\/2018\/07\/02-2-580x326.jpg 580w, https:\/\/www.carmelitaniscalzi.com\/wp-content\/uploads\/2018\/07\/02-2.jpg 1920w\" sizes=\"auto, (max-width: 300px) 100vw, 300px\" \/> <img loading=\"lazy\" decoding=\"async\" class=\"alignnone size-medium wp-image-21426\" src=\"https:\/\/www.carmelitaniscalzi.com\/wp-content\/uploads\/2018\/07\/00-3-300x169.jpg\" alt=\"\" width=\"300\" height=\"169\" srcset=\"https:\/\/www.carmelitaniscalzi.com\/wp-content\/uploads\/2018\/07\/00-3-300x169.jpg 300w, https:\/\/www.carmelitaniscalzi.com\/wp-content\/uploads\/2018\/07\/00-3-768x432.jpg 768w, https:\/\/www.carmelitaniscalzi.com\/wp-content\/uploads\/2018\/07\/00-3-1024x576.jpg 1024w, https:\/\/www.carmelitaniscalzi.com\/wp-content\/uploads\/2018\/07\/00-3-98x55.jpg 98w, https:\/\/www.carmelitaniscalzi.com\/wp-content\/uploads\/2018\/07\/00-3-1600x900.jpg 1600w, https:\/\/www.carmelitaniscalzi.com\/wp-content\/uploads\/2018\/07\/00-3-800x450.jpg 800w, https:\/\/www.carmelitaniscalzi.com\/wp-content\/uploads\/2018\/07\/00-3-270x152.jpg 270w, https:\/\/www.carmelitaniscalzi.com\/wp-content\/uploads\/2018\/07\/00-3-580x326.jpg 580w, https:\/\/www.carmelitaniscalzi.com\/wp-content\/uploads\/2018\/07\/00-3.jpg 1920w\" sizes=\"auto, (max-width: 300px) 100vw, 300px\" \/><\/p>\n","protected":false},"excerpt":{"rendered":"<p>Entre 11 e 15 de junho aconteceu no Teresianum um encontro de novi\u00e7os e mestres das Prov\u00edncias italianas. Dele participaram os Padres Marco Cabula (Lig\u00faria), Leonardo Cuccurullo (N\u00e1poles), Gianni Bracchi (Veneza) e Attilio Vigan\u00f2 (Lombardia), acompanhados dos novi\u00e7os Giuseppe Ginefra, Andrea Palmentura, Michele Piperis, Franceso Cotta, Francesco de March, Francesco Alloisio, Alessandro Futia e Arthur [&hellip;]<\/p>\n","protected":false},"author":7,"featured_media":21427,"comment_status":"closed","ping_status":"closed","sticky":false,"template":"","format":"standard","meta":{"_acf_changed":false,"footnotes":""},"categories":[235,373],"tags":[],"class_list":["post-21440","post","type-post","status-publish","format-standard","has-post-thumbnail","hentry","category-noticias-frades","category-noticias"],"acf":[],"yoast_head":"<!-- This site is optimized with the Yoast SEO plugin v26.3 - https:\/\/yoast.com\/wordpress\/plugins\/seo\/ -->\n<title>Encontro dos novi\u00e7os carmelitas descal\u00e7os da It\u00e1lia - CARMELITAS DESCAL\u00c7OS<\/title>\n<meta name=\"robots\" content=\"index, follow, max-snippet:-1, max-image-preview:large, max-video-preview:-1\" \/>\n<link rel=\"canonical\" href=\"https:\/\/www.carmelitaniscalzi.com\/pt-br\/2018\/07\/30\/encontro-dos-novicos-carmelitas-descalcos-italia\/\" \/>\n<meta property=\"og:locale\" content=\"pt_BR\" \/>\n<meta property=\"og:type\" content=\"article\" \/>\n<meta property=\"og:title\" content=\"Encontro dos novi\u00e7os carmelitas descal\u00e7os da It\u00e1lia - CARMELITAS DESCAL\u00c7OS\" \/>\n<meta property=\"og:description\" content=\"Entre 11 e 15 de junho aconteceu no Teresianum um encontro de novi\u00e7os e mestres das Prov\u00edncias italianas. Dele participaram os Padres Marco Cabula (Lig\u00faria), Leonardo Cuccurullo (N\u00e1poles), Gianni Bracchi (Veneza) e Attilio Vigan\u00f2 (Lombardia), acompanhados dos novi\u00e7os Giuseppe Ginefra, Andrea Palmentura, Michele Piperis, Franceso Cotta, Francesco de March, Francesco Alloisio, Alessandro Futia e Arthur [&hellip;]\" \/>\n<meta property=\"og:url\" content=\"https:\/\/www.carmelitaniscalzi.com\/pt-br\/2018\/07\/30\/encontro-dos-novicos-carmelitas-descalcos-italia\/\" \/>\n<meta property=\"og:site_name\" content=\"CARMELITAS DESCAL\u00c7OS\" \/>\n<meta property=\"article:publisher\" content=\"https:\/\/www.facebook.com\/Curia-Generalizia-Carmelitani-Scalzi-658766940887784\/\" \/>\n<meta property=\"article:published_time\" content=\"2018-07-30T11:48:04+00:00\" \/>\n<meta property=\"og:image\" content=\"https:\/\/www.carmelitaniscalzi.com\/wp-content\/uploads\/2018\/07\/01-3.jpg\" \/>\n\t<meta property=\"og:image:width\" content=\"1440\" \/>\n\t<meta property=\"og:image:height\" content=\"1080\" \/>\n\t<meta property=\"og:image:type\" content=\"image\/jpeg\" \/>\n<meta name=\"author\" content=\"ocd web master\" \/>\n<meta name=\"twitter:card\" content=\"summary_large_image\" \/>\n<meta name=\"twitter:creator\" content=\"@ocdcuria\" \/>\n<meta name=\"twitter:site\" content=\"@ocdcuria\" \/>\n<meta name=\"twitter:label1\" content=\"Escrito por\" \/>\n\t<meta name=\"twitter:data1\" content=\"ocd web master\" \/>\n\t<meta name=\"twitter:label2\" content=\"Est. tempo de leitura\" \/>\n\t<meta name=\"twitter:data2\" content=\"1 minuto\" \/>\n<script type=\"application\/ld+json\" class=\"yoast-schema-graph\">{\"@context\":\"https:\/\/schema.org\",\"@graph\":[{\"@type\":\"Article\",\"@id\":\"https:\/\/www.carmelitaniscalzi.com\/pt-br\/2018\/07\/30\/encontro-dos-novicos-carmelitas-descalcos-italia\/#article\",\"isPartOf\":{\"@id\":\"https:\/\/www.carmelitaniscalzi.com\/pt-br\/2018\/07\/30\/encontro-dos-novicos-carmelitas-descalcos-italia\/\"},\"author\":{\"name\":\"ocd web master\",\"@id\":\"https:\/\/www.carmelitaniscalzi.com\/#\/schema\/person\/6d1c0d9bea7b6625c437246a5d6da409\"},\"headline\":\"Encontro dos novi\u00e7os carmelitas descal\u00e7os da It\u00e1lia\",\"datePublished\":\"2018-07-30T11:48:04+00:00\",\"mainEntityOfPage\":{\"@id\":\"https:\/\/www.carmelitaniscalzi.com\/pt-br\/2018\/07\/30\/encontro-dos-novicos-carmelitas-descalcos-italia\/\"},\"wordCount\":182,\"publisher\":{\"@id\":\"https:\/\/www.carmelitaniscalzi.com\/#organization\"},\"image\":{\"@id\":\"https:\/\/www.carmelitaniscalzi.com\/pt-br\/2018\/07\/30\/encontro-dos-novicos-carmelitas-descalcos-italia\/#primaryimage\"},\"thumbnailUrl\":\"https:\/\/www.carmelitaniscalzi.com\/wp-content\/uploads\/2018\/07\/01-3.jpg\",\"articleSection\":[\"Not\u00edcias Frades\",\"Not\u00edcias\"],\"inLanguage\":\"pt-BR\"},{\"@type\":\"WebPage\",\"@id\":\"https:\/\/www.carmelitaniscalzi.com\/pt-br\/2018\/07\/30\/encontro-dos-novicos-carmelitas-descalcos-italia\/\",\"url\":\"https:\/\/www.carmelitaniscalzi.com\/pt-br\/2018\/07\/30\/encontro-dos-novicos-carmelitas-descalcos-italia\/\",\"name\":\"Encontro dos novi\u00e7os carmelitas descal\u00e7os da It\u00e1lia - CARMELITAS DESCAL\u00c7OS\",\"isPartOf\":{\"@id\":\"https:\/\/www.carmelitaniscalzi.com\/#website\"},\"primaryImageOfPage\":{\"@id\":\"https:\/\/www.carmelitaniscalzi.com\/pt-br\/2018\/07\/30\/encontro-dos-novicos-carmelitas-descalcos-italia\/#primaryimage\"},\"image\":{\"@id\":\"https:\/\/www.carmelitaniscalzi.com\/pt-br\/2018\/07\/30\/encontro-dos-novicos-carmelitas-descalcos-italia\/#primaryimage\"},\"thumbnailUrl\":\"https:\/\/www.carmelitaniscalzi.com\/wp-content\/uploads\/2018\/07\/01-3.jpg\",\"datePublished\":\"2018-07-30T11:48:04+00:00\",\"breadcrumb\":{\"@id\":\"https:\/\/www.carmelitaniscalzi.com\/pt-br\/2018\/07\/30\/encontro-dos-novicos-carmelitas-descalcos-italia\/#breadcrumb\"},\"inLanguage\":\"pt-BR\",\"potentialAction\":[{\"@type\":\"ReadAction\",\"target\":[\"https:\/\/www.carmelitaniscalzi.com\/pt-br\/2018\/07\/30\/encontro-dos-novicos-carmelitas-descalcos-italia\/\"]}]},{\"@type\":\"ImageObject\",\"inLanguage\":\"pt-BR\",\"@id\":\"https:\/\/www.carmelitaniscalzi.com\/pt-br\/2018\/07\/30\/encontro-dos-novicos-carmelitas-descalcos-italia\/#primaryimage\",\"url\":\"https:\/\/www.carmelitaniscalzi.com\/wp-content\/uploads\/2018\/07\/01-3.jpg\",\"contentUrl\":\"https:\/\/www.carmelitaniscalzi.com\/wp-content\/uploads\/2018\/07\/01-3.jpg\",\"width\":1440,\"height\":1080},{\"@type\":\"BreadcrumbList\",\"@id\":\"https:\/\/www.carmelitaniscalzi.com\/pt-br\/2018\/07\/30\/encontro-dos-novicos-carmelitas-descalcos-italia\/#breadcrumb\",\"itemListElement\":[{\"@type\":\"ListItem\",\"position\":1,\"name\":\"Home\",\"item\":\"https:\/\/www.carmelitaniscalzi.com\/pt-br\/\"},{\"@type\":\"ListItem\",\"position\":2,\"name\":\"Encontro dos novi\u00e7os carmelitas descal\u00e7os da It\u00e1lia\"}]},{\"@type\":\"WebSite\",\"@id\":\"https:\/\/www.carmelitaniscalzi.com\/#website\",\"url\":\"https:\/\/www.carmelitaniscalzi.com\/\",\"name\":\"CARMELITANI SCALZI - Curia Generale del Carmelo Teresiano\",\"description\":\"C\u00faria General\u00edcia do Carmelo Teresiano\",\"publisher\":{\"@id\":\"https:\/\/www.carmelitaniscalzi.com\/#organization\"},\"alternateName\":\"CARMELITANI SCALZI\",\"potentialAction\":[{\"@type\":\"SearchAction\",\"target\":{\"@type\":\"EntryPoint\",\"urlTemplate\":\"https:\/\/www.carmelitaniscalzi.com\/?s={search_term_string}\"},\"query-input\":{\"@type\":\"PropertyValueSpecification\",\"valueRequired\":true,\"valueName\":\"search_term_string\"}}],\"inLanguage\":\"pt-BR\"},{\"@type\":\"Organization\",\"@id\":\"https:\/\/www.carmelitaniscalzi.com\/#organization\",\"name\":\"CARMELITANI SCALZI - Curia Generale del Carmelo Teresiano\",\"url\":\"https:\/\/www.carmelitaniscalzi.com\/\",\"logo\":{\"@type\":\"ImageObject\",\"inLanguage\":\"pt-BR\",\"@id\":\"https:\/\/www.carmelitaniscalzi.com\/#\/schema\/logo\/image\/\",\"url\":\"https:\/\/www.carmelitaniscalzi.com\/wp-content\/uploads\/2025\/11\/login-logo.png\",\"contentUrl\":\"https:\/\/www.carmelitaniscalzi.com\/wp-content\/uploads\/2025\/11\/login-logo.png\",\"width\":256,\"height\":256,\"caption\":\"CARMELITANI SCALZI - Curia Generale del Carmelo Teresiano\"},\"image\":{\"@id\":\"https:\/\/www.carmelitaniscalzi.com\/#\/schema\/logo\/image\/\"},\"sameAs\":[\"https:\/\/www.facebook.com\/Curia-Generalizia-Carmelitani-Scalzi-658766940887784\/\",\"https:\/\/x.com\/ocdcuria\",\"https:\/\/www.youtube.com\/channel\/UC2J5ZL0ycOY0qBSTCLX_NGQ\/videos\",\"https:\/\/www.instagram.com\/ocdinform\/\"]},{\"@type\":\"Person\",\"@id\":\"https:\/\/www.carmelitaniscalzi.com\/#\/schema\/person\/6d1c0d9bea7b6625c437246a5d6da409\",\"name\":\"ocd web master\",\"image\":{\"@type\":\"ImageObject\",\"inLanguage\":\"pt-BR\",\"@id\":\"https:\/\/www.carmelitaniscalzi.com\/#\/schema\/person\/image\/\",\"url\":\"https:\/\/secure.gravatar.com\/avatar\/41fbc5f82bad909fbaf2984c43fa50d8519ac5853e25b454d022b6868f80d0e7?s=96&d=mm&r=g\",\"contentUrl\":\"https:\/\/secure.gravatar.com\/avatar\/41fbc5f82bad909fbaf2984c43fa50d8519ac5853e25b454d022b6868f80d0e7?s=96&d=mm&r=g\",\"caption\":\"ocd web master\"},\"url\":\"https:\/\/www.carmelitaniscalzi.com\/pt-br\/author\/ocdwebmaster\/\"}]}<\/script>\n<!-- \/ Yoast SEO plugin. -->","yoast_head_json":{"title":"Encontro dos novi\u00e7os carmelitas descal\u00e7os da It\u00e1lia - CARMELITAS DESCAL\u00c7OS","robots":{"index":"index","follow":"follow","max-snippet":"max-snippet:-1","max-image-preview":"max-image-preview:large","max-video-preview":"max-video-preview:-1"},"canonical":"https:\/\/www.carmelitaniscalzi.com\/pt-br\/2018\/07\/30\/encontro-dos-novicos-carmelitas-descalcos-italia\/","og_locale":"pt_BR","og_type":"article","og_title":"Encontro dos novi\u00e7os carmelitas descal\u00e7os da It\u00e1lia - CARMELITAS DESCAL\u00c7OS","og_description":"Entre 11 e 15 de junho aconteceu no Teresianum um encontro de novi\u00e7os e mestres das Prov\u00edncias italianas. Dele participaram os Padres Marco Cabula (Lig\u00faria), Leonardo Cuccurullo (N\u00e1poles), Gianni Bracchi (Veneza) e Attilio Vigan\u00f2 (Lombardia), acompanhados dos novi\u00e7os Giuseppe Ginefra, Andrea Palmentura, Michele Piperis, Franceso Cotta, Francesco de March, Francesco Alloisio, Alessandro Futia e Arthur [&hellip;]","og_url":"https:\/\/www.carmelitaniscalzi.com\/pt-br\/2018\/07\/30\/encontro-dos-novicos-carmelitas-descalcos-italia\/","og_site_name":"CARMELITAS DESCAL\u00c7OS","article_publisher":"https:\/\/www.facebook.com\/Curia-Generalizia-Carmelitani-Scalzi-658766940887784\/","article_published_time":"2018-07-30T11:48:04+00:00","og_image":[{"width":1440,"height":1080,"url":"https:\/\/www.carmelitaniscalzi.com\/wp-content\/uploads\/2018\/07\/01-3.jpg","type":"image\/jpeg"}],"author":"ocd web master","twitter_card":"summary_large_image","twitter_creator":"@ocdcuria","twitter_site":"@ocdcuria","twitter_misc":{"Escrito por":"ocd web master","Est. tempo de leitura":"1 minuto"},"schema":{"@context":"https:\/\/schema.org","@graph":[{"@type":"Article","@id":"https:\/\/www.carmelitaniscalzi.com\/pt-br\/2018\/07\/30\/encontro-dos-novicos-carmelitas-descalcos-italia\/#article","isPartOf":{"@id":"https:\/\/www.carmelitaniscalzi.com\/pt-br\/2018\/07\/30\/encontro-dos-novicos-carmelitas-descalcos-italia\/"},"author":{"name":"ocd web master","@id":"https:\/\/www.carmelitaniscalzi.com\/#\/schema\/person\/6d1c0d9bea7b6625c437246a5d6da409"},"headline":"Encontro dos novi\u00e7os carmelitas descal\u00e7os da It\u00e1lia","datePublished":"2018-07-30T11:48:04+00:00","mainEntityOfPage":{"@id":"https:\/\/www.carmelitaniscalzi.com\/pt-br\/2018\/07\/30\/encontro-dos-novicos-carmelitas-descalcos-italia\/"},"wordCount":182,"publisher":{"@id":"https:\/\/www.carmelitaniscalzi.com\/#organization"},"image":{"@id":"https:\/\/www.carmelitaniscalzi.com\/pt-br\/2018\/07\/30\/encontro-dos-novicos-carmelitas-descalcos-italia\/#primaryimage"},"thumbnailUrl":"https:\/\/www.carmelitaniscalzi.com\/wp-content\/uploads\/2018\/07\/01-3.jpg","articleSection":["Not\u00edcias Frades","Not\u00edcias"],"inLanguage":"pt-BR"},{"@type":"WebPage","@id":"https:\/\/www.carmelitaniscalzi.com\/pt-br\/2018\/07\/30\/encontro-dos-novicos-carmelitas-descalcos-italia\/","url":"https:\/\/www.carmelitaniscalzi.com\/pt-br\/2018\/07\/30\/encontro-dos-novicos-carmelitas-descalcos-italia\/","name":"Encontro dos novi\u00e7os carmelitas descal\u00e7os da It\u00e1lia - CARMELITAS DESCAL\u00c7OS","isPartOf":{"@id":"https:\/\/www.carmelitaniscalzi.com\/#website"},"primaryImageOfPage":{"@id":"https:\/\/www.carmelitaniscalzi.com\/pt-br\/2018\/07\/30\/encontro-dos-novicos-carmelitas-descalcos-italia\/#primaryimage"},"image":{"@id":"https:\/\/www.carmelitaniscalzi.com\/pt-br\/2018\/07\/30\/encontro-dos-novicos-carmelitas-descalcos-italia\/#primaryimage"},"thumbnailUrl":"https:\/\/www.carmelitaniscalzi.com\/wp-content\/uploads\/2018\/07\/01-3.jpg","datePublished":"2018-07-30T11:48:04+00:00","breadcrumb":{"@id":"https:\/\/www.carmelitaniscalzi.com\/pt-br\/2018\/07\/30\/encontro-dos-novicos-carmelitas-descalcos-italia\/#breadcrumb"},"inLanguage":"pt-BR","potentialAction":[{"@type":"ReadAction","target":["https:\/\/www.carmelitaniscalzi.com\/pt-br\/2018\/07\/30\/encontro-dos-novicos-carmelitas-descalcos-italia\/"]}]},{"@type":"ImageObject","inLanguage":"pt-BR","@id":"https:\/\/www.carmelitaniscalzi.com\/pt-br\/2018\/07\/30\/encontro-dos-novicos-carmelitas-descalcos-italia\/#primaryimage","url":"https:\/\/www.carmelitaniscalzi.com\/wp-content\/uploads\/2018\/07\/01-3.jpg","contentUrl":"https:\/\/www.carmelitaniscalzi.com\/wp-content\/uploads\/2018\/07\/01-3.jpg","width":1440,"height":1080},{"@type":"BreadcrumbList","@id":"https:\/\/www.carmelitaniscalzi.com\/pt-br\/2018\/07\/30\/encontro-dos-novicos-carmelitas-descalcos-italia\/#breadcrumb","itemListElement":[{"@type":"ListItem","position":1,"name":"Home","item":"https:\/\/www.carmelitaniscalzi.com\/pt-br\/"},{"@type":"ListItem","position":2,"name":"Encontro dos novi\u00e7os carmelitas descal\u00e7os da It\u00e1lia"}]},{"@type":"WebSite","@id":"https:\/\/www.carmelitaniscalzi.com\/#website","url":"https:\/\/www.carmelitaniscalzi.com\/","name":"CARMELITANI SCALZI - Curia Generale del Carmelo Teresiano","description":"C\u00faria General\u00edcia do Carmelo Teresiano","publisher":{"@id":"https:\/\/www.carmelitaniscalzi.com\/#organization"},"alternateName":"CARMELITANI SCALZI","potentialAction":[{"@type":"SearchAction","target":{"@type":"EntryPoint","urlTemplate":"https:\/\/www.carmelitaniscalzi.com\/?s={search_term_string}"},"query-input":{"@type":"PropertyValueSpecification","valueRequired":true,"valueName":"search_term_string"}}],"inLanguage":"pt-BR"},{"@type":"Organization","@id":"https:\/\/www.carmelitaniscalzi.com\/#organization","name":"CARMELITANI SCALZI - Curia Generale del Carmelo Teresiano","url":"https:\/\/www.carmelitaniscalzi.com\/","logo":{"@type":"ImageObject","inLanguage":"pt-BR","@id":"https:\/\/www.carmelitaniscalzi.com\/#\/schema\/logo\/image\/","url":"https:\/\/www.carmelitaniscalzi.com\/wp-content\/uploads\/2025\/11\/login-logo.png","contentUrl":"https:\/\/www.carmelitaniscalzi.com\/wp-content\/uploads\/2025\/11\/login-logo.png","width":256,"height":256,"caption":"CARMELITANI SCALZI - Curia Generale del Carmelo Teresiano"},"image":{"@id":"https:\/\/www.carmelitaniscalzi.com\/#\/schema\/logo\/image\/"},"sameAs":["https:\/\/www.facebook.com\/Curia-Generalizia-Carmelitani-Scalzi-658766940887784\/","https:\/\/x.com\/ocdcuria","https:\/\/www.youtube.com\/channel\/UC2J5ZL0ycOY0qBSTCLX_NGQ\/videos","https:\/\/www.instagram.com\/ocdinform\/"]},{"@type":"Person","@id":"https:\/\/www.carmelitaniscalzi.com\/#\/schema\/person\/6d1c0d9bea7b6625c437246a5d6da409","name":"ocd web master","image":{"@type":"ImageObject","inLanguage":"pt-BR","@id":"https:\/\/www.carmelitaniscalzi.com\/#\/schema\/person\/image\/","url":"https:\/\/secure.gravatar.com\/avatar\/41fbc5f82bad909fbaf2984c43fa50d8519ac5853e25b454d022b6868f80d0e7?s=96&d=mm&r=g","contentUrl":"https:\/\/secure.gravatar.com\/avatar\/41fbc5f82bad909fbaf2984c43fa50d8519ac5853e25b454d022b6868f80d0e7?s=96&d=mm&r=g","caption":"ocd web master"},"url":"https:\/\/www.carmelitaniscalzi.com\/pt-br\/author\/ocdwebmaster\/"}]}},"_links":{"self":[{"href":"https:\/\/www.carmelitaniscalzi.com\/pt-br\/wp-json\/wp\/v2\/posts\/21440","targetHints":{"allow":["GET"]}}],"collection":[{"href":"https:\/\/www.carmelitaniscalzi.com\/pt-br\/wp-json\/wp\/v2\/posts"}],"about":[{"href":"https:\/\/www.carmelitaniscalzi.com\/pt-br\/wp-json\/wp\/v2\/types\/post"}],"author":[{"embeddable":true,"href":"https:\/\/www.carmelitaniscalzi.com\/pt-br\/wp-json\/wp\/v2\/users\/7"}],"replies":[{"embeddable":true,"href":"https:\/\/www.carmelitaniscalzi.com\/pt-br\/wp-json\/wp\/v2\/comments?post=21440"}],"version-history":[{"count":0,"href":"https:\/\/www.carmelitaniscalzi.com\/pt-br\/wp-json\/wp\/v2\/posts\/21440\/revisions"}],"wp:featuredmedia":[{"embeddable":true,"href":"https:\/\/www.carmelitaniscalzi.com\/pt-br\/wp-json\/wp\/v2\/media\/21427"}],"wp:attachment":[{"href":"https:\/\/www.carmelitaniscalzi.com\/pt-br\/wp-json\/wp\/v2\/media?parent=21440"}],"wp:term":[{"taxonomy":"category","embeddable":true,"href":"https:\/\/www.carmelitaniscalzi.com\/pt-br\/wp-json\/wp\/v2\/categories?post=21440"},{"taxonomy":"post_tag","embeddable":true,"href":"https:\/\/www.carmelitaniscalzi.com\/pt-br\/wp-json\/wp\/v2\/tags?post=21440"}],"curies":[{"name":"wp","href":"https:\/\/api.w.org\/{rel}","templated":true}]}}