{"id":21162,"date":"2018-07-02T10:56:05","date_gmt":"2018-07-02T08:56:05","guid":{"rendered":"https:\/\/www.carmelitaniscalzi.com\/pt-br\/?p=21162"},"modified":"2018-07-02T10:56:05","modified_gmt":"2018-07-02T08:56:05","slug":"setenta-anos-fundacao-do-santo-deserto-de-roquebrune-franca","status":"publish","type":"post","link":"https:\/\/www.carmelitaniscalzi.com\/pt-br\/2018\/07\/02\/setenta-anos-fundacao-do-santo-deserto-de-roquebrune-franca\/","title":{"rendered":"Setenta anos da funda\u00e7\u00e3o do Santo Deserto de Roquebrune (Fran\u00e7a)"},"content":{"rendered":"<p>Os irm\u00e3os da prov\u00edncia de Avignon-Aquitain celebraram esta segunda-feira de Pentecostes (21 de Maio de 2018) o 70\u00ba anivers\u00e1rio da funda\u00e7\u00e3o do seu Santo Deserto. O projecto foi discutido em Cap\u00edtulo Geral de 1947 e o Beato Pe. Eug\u00e9nio Maria do Menino Jesus, capitular, foi o encarregado de levar a cabo esta funda\u00e7\u00e3o, que se realizou tamb\u00e9m numa segunda-feira de Pentecostes, naquela ocasi\u00e3o (ano 1948), um 17 de Maio. Esta data \u00e9 a da peregrina\u00e7\u00e3o anual em honra de Nossa Senhora da Miseric\u00f3rdia venerada desde o s\u00e9culo XVII no Santu\u00e1rio do novo Deserto.<\/p>\n<p>Durante aproximadamente 50 anos, o Santo Deserto de Roquebrune (departamento de Var, em Proven\u00e7a), foi atendido pelas quatro prov\u00edncias franco-belgas: Avignon-Aquitain, Paris, Flandes e Brabante.<\/p>\n<p>Desde 1996, a casa passou a depender exclusivamente da prov\u00edncia de Avignon-Aquitain. O s\u00edtio consta de sete ermitas constru\u00eddas pelos monges camaldulenses por volta de 1925 e uma grande constru\u00e7\u00e3o de estilo proven\u00e7al (originalmente um basti\u00e3o) de princ\u00edpios do s\u00e9culo XIX. Inclui tamb\u00e9m um antigo Santu\u00e1rio mariano reconstru\u00eddo no s\u00e9culo XVII. A propriedade de mais de 60 hectares (duas colinas) encontra-se na solid\u00e3o do Maci\u00e7o de Maures. Oferece uma bela vista do Mediterr\u00e2nio e da ba\u00eda de Saint Raphael.<\/p>\n<p>Na segunda-feira de Pentecostes, os eremitas organizaram uma reuni\u00e3o para comemorar o acontecimento que coincidiu com a celebra\u00e7\u00e3o da primeira festa lit\u00fargica de Maria M\u00e3e da Igreja, agora celebrada precisamente no dia seguinte ao Pentecostes. Um acontecimento bonito e providencial, altamente simb\u00f3lico e dado \u00e0 espiritualidade do Carmelo. O Padre Henri do Menino Jesus, Provincial de Avignon-Aquitain presidiu \u00e0 cerim\u00f3nia neste ano em que celebrava as suas bodas de prata da profiss\u00e3o religiosa.<\/p>\n<p><img loading=\"lazy\" decoding=\"async\" class=\"alignnone size-medium wp-image-21151\" src=\"https:\/\/www.carmelitaniscalzi.com\/wp-content\/uploads\/2018\/07\/04-300x223.jpg\" alt=\"\" width=\"300\" height=\"223\" srcset=\"https:\/\/www.carmelitaniscalzi.com\/wp-content\/uploads\/2018\/07\/04-300x223.jpg 300w, https:\/\/www.carmelitaniscalzi.com\/wp-content\/uploads\/2018\/07\/04-74x55.jpg 74w, https:\/\/www.carmelitaniscalzi.com\/wp-content\/uploads\/2018\/07\/04-580x431.jpg 580w, https:\/\/www.carmelitaniscalzi.com\/wp-content\/uploads\/2018\/07\/04.jpg 599w\" sizes=\"auto, (max-width: 300px) 100vw, 300px\" \/> <img loading=\"lazy\" decoding=\"async\" class=\"alignnone size-medium wp-image-21150\" src=\"https:\/\/www.carmelitaniscalzi.com\/wp-content\/uploads\/2018\/07\/03-300x179.png\" alt=\"\" width=\"300\" height=\"179\" srcset=\"https:\/\/www.carmelitaniscalzi.com\/wp-content\/uploads\/2018\/07\/03-300x179.png 300w, https:\/\/www.carmelitaniscalzi.com\/wp-content\/uploads\/2018\/07\/03-768x458.png 768w, https:\/\/www.carmelitaniscalzi.com\/wp-content\/uploads\/2018\/07\/03-1024x611.png 1024w, https:\/\/www.carmelitaniscalzi.com\/wp-content\/uploads\/2018\/07\/03-92x55.png 92w, https:\/\/www.carmelitaniscalzi.com\/wp-content\/uploads\/2018\/07\/03-800x477.png 800w, https:\/\/www.carmelitaniscalzi.com\/wp-content\/uploads\/2018\/07\/03-580x346.png 580w, https:\/\/www.carmelitaniscalzi.com\/wp-content\/uploads\/2018\/07\/03.png 1028w\" sizes=\"auto, (max-width: 300px) 100vw, 300px\" \/> <img loading=\"lazy\" decoding=\"async\" class=\"alignnone size-medium wp-image-21149\" src=\"https:\/\/www.carmelitaniscalzi.com\/wp-content\/uploads\/2018\/07\/01-300x169.jpg\" alt=\"\" width=\"300\" height=\"169\" srcset=\"https:\/\/www.carmelitaniscalzi.com\/wp-content\/uploads\/2018\/07\/01-300x169.jpg 300w, https:\/\/www.carmelitaniscalzi.com\/wp-content\/uploads\/2018\/07\/01-98x55.jpg 98w, https:\/\/www.carmelitaniscalzi.com\/wp-content\/uploads\/2018\/07\/01-270x152.jpg 270w, https:\/\/www.carmelitaniscalzi.com\/wp-content\/uploads\/2018\/07\/01-580x326.jpg 580w, https:\/\/www.carmelitaniscalzi.com\/wp-content\/uploads\/2018\/07\/01.jpg 640w\" sizes=\"auto, (max-width: 300px) 100vw, 300px\" \/><\/p>\n","protected":false},"excerpt":{"rendered":"<p>Os irm\u00e3os da prov\u00edncia de Avignon-Aquitain celebraram esta segunda-feira de Pentecostes (21 de Maio de 2018) o 70\u00ba anivers\u00e1rio da funda\u00e7\u00e3o do seu Santo Deserto. O projecto foi discutido em Cap\u00edtulo Geral de 1947 e o Beato Pe. Eug\u00e9nio Maria do Menino Jesus, capitular, foi o encarregado de levar a cabo esta funda\u00e7\u00e3o, que se [&hellip;]<\/p>\n","protected":false},"author":7,"featured_media":21148,"comment_status":"closed","ping_status":"closed","sticky":false,"template":"","format":"standard","meta":{"_acf_changed":false,"footnotes":""},"categories":[235,373],"tags":[],"class_list":["post-21162","post","type-post","status-publish","format-standard","has-post-thumbnail","hentry","category-noticias-frades","category-noticias"],"acf":[],"yoast_head":"<!-- This site is optimized with the Yoast SEO plugin v26.3 - https:\/\/yoast.com\/wordpress\/plugins\/seo\/ -->\n<title>Setenta anos da funda\u00e7\u00e3o do Santo Deserto de Roquebrune (Fran\u00e7a) - CARMELITAS DESCAL\u00c7OS<\/title>\n<meta name=\"robots\" content=\"index, follow, max-snippet:-1, max-image-preview:large, max-video-preview:-1\" \/>\n<link rel=\"canonical\" href=\"https:\/\/www.carmelitaniscalzi.com\/pt-br\/2018\/07\/02\/setenta-anos-fundacao-do-santo-deserto-de-roquebrune-franca\/\" \/>\n<meta property=\"og:locale\" content=\"pt_BR\" \/>\n<meta property=\"og:type\" content=\"article\" \/>\n<meta property=\"og:title\" content=\"Setenta anos da funda\u00e7\u00e3o do Santo Deserto de Roquebrune (Fran\u00e7a) - CARMELITAS DESCAL\u00c7OS\" \/>\n<meta property=\"og:description\" content=\"Os irm\u00e3os da prov\u00edncia de Avignon-Aquitain celebraram esta segunda-feira de Pentecostes (21 de Maio de 2018) o 70\u00ba anivers\u00e1rio da funda\u00e7\u00e3o do seu Santo Deserto. O projecto foi discutido em Cap\u00edtulo Geral de 1947 e o Beato Pe. Eug\u00e9nio Maria do Menino Jesus, capitular, foi o encarregado de levar a cabo esta funda\u00e7\u00e3o, que se [&hellip;]\" \/>\n<meta property=\"og:url\" content=\"https:\/\/www.carmelitaniscalzi.com\/pt-br\/2018\/07\/02\/setenta-anos-fundacao-do-santo-deserto-de-roquebrune-franca\/\" \/>\n<meta property=\"og:site_name\" content=\"CARMELITAS DESCAL\u00c7OS\" \/>\n<meta property=\"article:publisher\" content=\"https:\/\/www.facebook.com\/Curia-Generalizia-Carmelitani-Scalzi-658766940887784\/\" \/>\n<meta property=\"article:published_time\" content=\"2018-07-02T08:56:05+00:00\" \/>\n<meta property=\"og:image\" content=\"https:\/\/www.carmelitaniscalzi.com\/wp-content\/uploads\/2018\/07\/00.jpg\" \/>\n\t<meta property=\"og:image:width\" content=\"600\" \/>\n\t<meta property=\"og:image:height\" content=\"419\" \/>\n\t<meta property=\"og:image:type\" content=\"image\/jpeg\" \/>\n<meta name=\"author\" content=\"ocd web master\" \/>\n<meta name=\"twitter:card\" content=\"summary_large_image\" \/>\n<meta name=\"twitter:creator\" content=\"@ocdcuria\" \/>\n<meta name=\"twitter:site\" content=\"@ocdcuria\" \/>\n<meta name=\"twitter:label1\" content=\"Escrito por\" \/>\n\t<meta name=\"twitter:data1\" content=\"ocd web master\" \/>\n\t<meta name=\"twitter:label2\" content=\"Est. tempo de leitura\" \/>\n\t<meta name=\"twitter:data2\" content=\"1 minuto\" \/>\n<script type=\"application\/ld+json\" class=\"yoast-schema-graph\">{\"@context\":\"https:\/\/schema.org\",\"@graph\":[{\"@type\":\"Article\",\"@id\":\"https:\/\/www.carmelitaniscalzi.com\/pt-br\/2018\/07\/02\/setenta-anos-fundacao-do-santo-deserto-de-roquebrune-franca\/#article\",\"isPartOf\":{\"@id\":\"https:\/\/www.carmelitaniscalzi.com\/pt-br\/2018\/07\/02\/setenta-anos-fundacao-do-santo-deserto-de-roquebrune-franca\/\"},\"author\":{\"name\":\"ocd web master\",\"@id\":\"https:\/\/www.carmelitaniscalzi.com\/#\/schema\/person\/6d1c0d9bea7b6625c437246a5d6da409\"},\"headline\":\"Setenta anos da funda\u00e7\u00e3o do Santo Deserto de Roquebrune (Fran\u00e7a)\",\"datePublished\":\"2018-07-02T08:56:05+00:00\",\"mainEntityOfPage\":{\"@id\":\"https:\/\/www.carmelitaniscalzi.com\/pt-br\/2018\/07\/02\/setenta-anos-fundacao-do-santo-deserto-de-roquebrune-franca\/\"},\"wordCount\":307,\"publisher\":{\"@id\":\"https:\/\/www.carmelitaniscalzi.com\/#organization\"},\"image\":{\"@id\":\"https:\/\/www.carmelitaniscalzi.com\/pt-br\/2018\/07\/02\/setenta-anos-fundacao-do-santo-deserto-de-roquebrune-franca\/#primaryimage\"},\"thumbnailUrl\":\"https:\/\/www.carmelitaniscalzi.com\/wp-content\/uploads\/2018\/07\/00.jpg\",\"articleSection\":[\"Not\u00edcias Frades\",\"Not\u00edcias\"],\"inLanguage\":\"pt-BR\"},{\"@type\":\"WebPage\",\"@id\":\"https:\/\/www.carmelitaniscalzi.com\/pt-br\/2018\/07\/02\/setenta-anos-fundacao-do-santo-deserto-de-roquebrune-franca\/\",\"url\":\"https:\/\/www.carmelitaniscalzi.com\/pt-br\/2018\/07\/02\/setenta-anos-fundacao-do-santo-deserto-de-roquebrune-franca\/\",\"name\":\"Setenta anos da funda\u00e7\u00e3o do Santo Deserto de Roquebrune (Fran\u00e7a) - CARMELITAS DESCAL\u00c7OS\",\"isPartOf\":{\"@id\":\"https:\/\/www.carmelitaniscalzi.com\/#website\"},\"primaryImageOfPage\":{\"@id\":\"https:\/\/www.carmelitaniscalzi.com\/pt-br\/2018\/07\/02\/setenta-anos-fundacao-do-santo-deserto-de-roquebrune-franca\/#primaryimage\"},\"image\":{\"@id\":\"https:\/\/www.carmelitaniscalzi.com\/pt-br\/2018\/07\/02\/setenta-anos-fundacao-do-santo-deserto-de-roquebrune-franca\/#primaryimage\"},\"thumbnailUrl\":\"https:\/\/www.carmelitaniscalzi.com\/wp-content\/uploads\/2018\/07\/00.jpg\",\"datePublished\":\"2018-07-02T08:56:05+00:00\",\"breadcrumb\":{\"@id\":\"https:\/\/www.carmelitaniscalzi.com\/pt-br\/2018\/07\/02\/setenta-anos-fundacao-do-santo-deserto-de-roquebrune-franca\/#breadcrumb\"},\"inLanguage\":\"pt-BR\",\"potentialAction\":[{\"@type\":\"ReadAction\",\"target\":[\"https:\/\/www.carmelitaniscalzi.com\/pt-br\/2018\/07\/02\/setenta-anos-fundacao-do-santo-deserto-de-roquebrune-franca\/\"]}]},{\"@type\":\"ImageObject\",\"inLanguage\":\"pt-BR\",\"@id\":\"https:\/\/www.carmelitaniscalzi.com\/pt-br\/2018\/07\/02\/setenta-anos-fundacao-do-santo-deserto-de-roquebrune-franca\/#primaryimage\",\"url\":\"https:\/\/www.carmelitaniscalzi.com\/wp-content\/uploads\/2018\/07\/00.jpg\",\"contentUrl\":\"https:\/\/www.carmelitaniscalzi.com\/wp-content\/uploads\/2018\/07\/00.jpg\",\"width\":600,\"height\":419},{\"@type\":\"BreadcrumbList\",\"@id\":\"https:\/\/www.carmelitaniscalzi.com\/pt-br\/2018\/07\/02\/setenta-anos-fundacao-do-santo-deserto-de-roquebrune-franca\/#breadcrumb\",\"itemListElement\":[{\"@type\":\"ListItem\",\"position\":1,\"name\":\"Home\",\"item\":\"https:\/\/www.carmelitaniscalzi.com\/pt-br\/\"},{\"@type\":\"ListItem\",\"position\":2,\"name\":\"Setenta anos da funda\u00e7\u00e3o do Santo Deserto de Roquebrune (Fran\u00e7a)\"}]},{\"@type\":\"WebSite\",\"@id\":\"https:\/\/www.carmelitaniscalzi.com\/#website\",\"url\":\"https:\/\/www.carmelitaniscalzi.com\/\",\"name\":\"CARMELITANI SCALZI - Curia Generale del Carmelo Teresiano\",\"description\":\"C\u00faria General\u00edcia do Carmelo Teresiano\",\"publisher\":{\"@id\":\"https:\/\/www.carmelitaniscalzi.com\/#organization\"},\"alternateName\":\"CARMELITANI SCALZI\",\"potentialAction\":[{\"@type\":\"SearchAction\",\"target\":{\"@type\":\"EntryPoint\",\"urlTemplate\":\"https:\/\/www.carmelitaniscalzi.com\/?s={search_term_string}\"},\"query-input\":{\"@type\":\"PropertyValueSpecification\",\"valueRequired\":true,\"valueName\":\"search_term_string\"}}],\"inLanguage\":\"pt-BR\"},{\"@type\":\"Organization\",\"@id\":\"https:\/\/www.carmelitaniscalzi.com\/#organization\",\"name\":\"CARMELITANI SCALZI - Curia Generale del Carmelo Teresiano\",\"url\":\"https:\/\/www.carmelitaniscalzi.com\/\",\"logo\":{\"@type\":\"ImageObject\",\"inLanguage\":\"pt-BR\",\"@id\":\"https:\/\/www.carmelitaniscalzi.com\/#\/schema\/logo\/image\/\",\"url\":\"https:\/\/www.carmelitaniscalzi.com\/wp-content\/uploads\/2025\/11\/login-logo.png\",\"contentUrl\":\"https:\/\/www.carmelitaniscalzi.com\/wp-content\/uploads\/2025\/11\/login-logo.png\",\"width\":256,\"height\":256,\"caption\":\"CARMELITANI SCALZI - Curia Generale del Carmelo Teresiano\"},\"image\":{\"@id\":\"https:\/\/www.carmelitaniscalzi.com\/#\/schema\/logo\/image\/\"},\"sameAs\":[\"https:\/\/www.facebook.com\/Curia-Generalizia-Carmelitani-Scalzi-658766940887784\/\",\"https:\/\/x.com\/ocdcuria\",\"https:\/\/www.youtube.com\/channel\/UC2J5ZL0ycOY0qBSTCLX_NGQ\/videos\",\"https:\/\/www.instagram.com\/ocdinform\/\"]},{\"@type\":\"Person\",\"@id\":\"https:\/\/www.carmelitaniscalzi.com\/#\/schema\/person\/6d1c0d9bea7b6625c437246a5d6da409\",\"name\":\"ocd web master\",\"image\":{\"@type\":\"ImageObject\",\"inLanguage\":\"pt-BR\",\"@id\":\"https:\/\/www.carmelitaniscalzi.com\/#\/schema\/person\/image\/\",\"url\":\"https:\/\/secure.gravatar.com\/avatar\/41fbc5f82bad909fbaf2984c43fa50d8519ac5853e25b454d022b6868f80d0e7?s=96&d=mm&r=g\",\"contentUrl\":\"https:\/\/secure.gravatar.com\/avatar\/41fbc5f82bad909fbaf2984c43fa50d8519ac5853e25b454d022b6868f80d0e7?s=96&d=mm&r=g\",\"caption\":\"ocd web master\"},\"url\":\"https:\/\/www.carmelitaniscalzi.com\/pt-br\/author\/ocdwebmaster\/\"}]}<\/script>\n<!-- \/ Yoast SEO plugin. -->","yoast_head_json":{"title":"Setenta anos da funda\u00e7\u00e3o do Santo Deserto de Roquebrune (Fran\u00e7a) - CARMELITAS DESCAL\u00c7OS","robots":{"index":"index","follow":"follow","max-snippet":"max-snippet:-1","max-image-preview":"max-image-preview:large","max-video-preview":"max-video-preview:-1"},"canonical":"https:\/\/www.carmelitaniscalzi.com\/pt-br\/2018\/07\/02\/setenta-anos-fundacao-do-santo-deserto-de-roquebrune-franca\/","og_locale":"pt_BR","og_type":"article","og_title":"Setenta anos da funda\u00e7\u00e3o do Santo Deserto de Roquebrune (Fran\u00e7a) - CARMELITAS DESCAL\u00c7OS","og_description":"Os irm\u00e3os da prov\u00edncia de Avignon-Aquitain celebraram esta segunda-feira de Pentecostes (21 de Maio de 2018) o 70\u00ba anivers\u00e1rio da funda\u00e7\u00e3o do seu Santo Deserto. O projecto foi discutido em Cap\u00edtulo Geral de 1947 e o Beato Pe. Eug\u00e9nio Maria do Menino Jesus, capitular, foi o encarregado de levar a cabo esta funda\u00e7\u00e3o, que se [&hellip;]","og_url":"https:\/\/www.carmelitaniscalzi.com\/pt-br\/2018\/07\/02\/setenta-anos-fundacao-do-santo-deserto-de-roquebrune-franca\/","og_site_name":"CARMELITAS DESCAL\u00c7OS","article_publisher":"https:\/\/www.facebook.com\/Curia-Generalizia-Carmelitani-Scalzi-658766940887784\/","article_published_time":"2018-07-02T08:56:05+00:00","og_image":[{"width":600,"height":419,"url":"https:\/\/www.carmelitaniscalzi.com\/wp-content\/uploads\/2018\/07\/00.jpg","type":"image\/jpeg"}],"author":"ocd web master","twitter_card":"summary_large_image","twitter_creator":"@ocdcuria","twitter_site":"@ocdcuria","twitter_misc":{"Escrito por":"ocd web master","Est. tempo de leitura":"1 minuto"},"schema":{"@context":"https:\/\/schema.org","@graph":[{"@type":"Article","@id":"https:\/\/www.carmelitaniscalzi.com\/pt-br\/2018\/07\/02\/setenta-anos-fundacao-do-santo-deserto-de-roquebrune-franca\/#article","isPartOf":{"@id":"https:\/\/www.carmelitaniscalzi.com\/pt-br\/2018\/07\/02\/setenta-anos-fundacao-do-santo-deserto-de-roquebrune-franca\/"},"author":{"name":"ocd web master","@id":"https:\/\/www.carmelitaniscalzi.com\/#\/schema\/person\/6d1c0d9bea7b6625c437246a5d6da409"},"headline":"Setenta anos da funda\u00e7\u00e3o do Santo Deserto de Roquebrune (Fran\u00e7a)","datePublished":"2018-07-02T08:56:05+00:00","mainEntityOfPage":{"@id":"https:\/\/www.carmelitaniscalzi.com\/pt-br\/2018\/07\/02\/setenta-anos-fundacao-do-santo-deserto-de-roquebrune-franca\/"},"wordCount":307,"publisher":{"@id":"https:\/\/www.carmelitaniscalzi.com\/#organization"},"image":{"@id":"https:\/\/www.carmelitaniscalzi.com\/pt-br\/2018\/07\/02\/setenta-anos-fundacao-do-santo-deserto-de-roquebrune-franca\/#primaryimage"},"thumbnailUrl":"https:\/\/www.carmelitaniscalzi.com\/wp-content\/uploads\/2018\/07\/00.jpg","articleSection":["Not\u00edcias Frades","Not\u00edcias"],"inLanguage":"pt-BR"},{"@type":"WebPage","@id":"https:\/\/www.carmelitaniscalzi.com\/pt-br\/2018\/07\/02\/setenta-anos-fundacao-do-santo-deserto-de-roquebrune-franca\/","url":"https:\/\/www.carmelitaniscalzi.com\/pt-br\/2018\/07\/02\/setenta-anos-fundacao-do-santo-deserto-de-roquebrune-franca\/","name":"Setenta anos da funda\u00e7\u00e3o do Santo Deserto de Roquebrune (Fran\u00e7a) - CARMELITAS DESCAL\u00c7OS","isPartOf":{"@id":"https:\/\/www.carmelitaniscalzi.com\/#website"},"primaryImageOfPage":{"@id":"https:\/\/www.carmelitaniscalzi.com\/pt-br\/2018\/07\/02\/setenta-anos-fundacao-do-santo-deserto-de-roquebrune-franca\/#primaryimage"},"image":{"@id":"https:\/\/www.carmelitaniscalzi.com\/pt-br\/2018\/07\/02\/setenta-anos-fundacao-do-santo-deserto-de-roquebrune-franca\/#primaryimage"},"thumbnailUrl":"https:\/\/www.carmelitaniscalzi.com\/wp-content\/uploads\/2018\/07\/00.jpg","datePublished":"2018-07-02T08:56:05+00:00","breadcrumb":{"@id":"https:\/\/www.carmelitaniscalzi.com\/pt-br\/2018\/07\/02\/setenta-anos-fundacao-do-santo-deserto-de-roquebrune-franca\/#breadcrumb"},"inLanguage":"pt-BR","potentialAction":[{"@type":"ReadAction","target":["https:\/\/www.carmelitaniscalzi.com\/pt-br\/2018\/07\/02\/setenta-anos-fundacao-do-santo-deserto-de-roquebrune-franca\/"]}]},{"@type":"ImageObject","inLanguage":"pt-BR","@id":"https:\/\/www.carmelitaniscalzi.com\/pt-br\/2018\/07\/02\/setenta-anos-fundacao-do-santo-deserto-de-roquebrune-franca\/#primaryimage","url":"https:\/\/www.carmelitaniscalzi.com\/wp-content\/uploads\/2018\/07\/00.jpg","contentUrl":"https:\/\/www.carmelitaniscalzi.com\/wp-content\/uploads\/2018\/07\/00.jpg","width":600,"height":419},{"@type":"BreadcrumbList","@id":"https:\/\/www.carmelitaniscalzi.com\/pt-br\/2018\/07\/02\/setenta-anos-fundacao-do-santo-deserto-de-roquebrune-franca\/#breadcrumb","itemListElement":[{"@type":"ListItem","position":1,"name":"Home","item":"https:\/\/www.carmelitaniscalzi.com\/pt-br\/"},{"@type":"ListItem","position":2,"name":"Setenta anos da funda\u00e7\u00e3o do Santo Deserto de Roquebrune (Fran\u00e7a)"}]},{"@type":"WebSite","@id":"https:\/\/www.carmelitaniscalzi.com\/#website","url":"https:\/\/www.carmelitaniscalzi.com\/","name":"CARMELITANI SCALZI - Curia Generale del Carmelo Teresiano","description":"C\u00faria General\u00edcia do Carmelo Teresiano","publisher":{"@id":"https:\/\/www.carmelitaniscalzi.com\/#organization"},"alternateName":"CARMELITANI SCALZI","potentialAction":[{"@type":"SearchAction","target":{"@type":"EntryPoint","urlTemplate":"https:\/\/www.carmelitaniscalzi.com\/?s={search_term_string}"},"query-input":{"@type":"PropertyValueSpecification","valueRequired":true,"valueName":"search_term_string"}}],"inLanguage":"pt-BR"},{"@type":"Organization","@id":"https:\/\/www.carmelitaniscalzi.com\/#organization","name":"CARMELITANI SCALZI - Curia Generale del Carmelo Teresiano","url":"https:\/\/www.carmelitaniscalzi.com\/","logo":{"@type":"ImageObject","inLanguage":"pt-BR","@id":"https:\/\/www.carmelitaniscalzi.com\/#\/schema\/logo\/image\/","url":"https:\/\/www.carmelitaniscalzi.com\/wp-content\/uploads\/2025\/11\/login-logo.png","contentUrl":"https:\/\/www.carmelitaniscalzi.com\/wp-content\/uploads\/2025\/11\/login-logo.png","width":256,"height":256,"caption":"CARMELITANI SCALZI - Curia Generale del Carmelo Teresiano"},"image":{"@id":"https:\/\/www.carmelitaniscalzi.com\/#\/schema\/logo\/image\/"},"sameAs":["https:\/\/www.facebook.com\/Curia-Generalizia-Carmelitani-Scalzi-658766940887784\/","https:\/\/x.com\/ocdcuria","https:\/\/www.youtube.com\/channel\/UC2J5ZL0ycOY0qBSTCLX_NGQ\/videos","https:\/\/www.instagram.com\/ocdinform\/"]},{"@type":"Person","@id":"https:\/\/www.carmelitaniscalzi.com\/#\/schema\/person\/6d1c0d9bea7b6625c437246a5d6da409","name":"ocd web master","image":{"@type":"ImageObject","inLanguage":"pt-BR","@id":"https:\/\/www.carmelitaniscalzi.com\/#\/schema\/person\/image\/","url":"https:\/\/secure.gravatar.com\/avatar\/41fbc5f82bad909fbaf2984c43fa50d8519ac5853e25b454d022b6868f80d0e7?s=96&d=mm&r=g","contentUrl":"https:\/\/secure.gravatar.com\/avatar\/41fbc5f82bad909fbaf2984c43fa50d8519ac5853e25b454d022b6868f80d0e7?s=96&d=mm&r=g","caption":"ocd web master"},"url":"https:\/\/www.carmelitaniscalzi.com\/pt-br\/author\/ocdwebmaster\/"}]}},"_links":{"self":[{"href":"https:\/\/www.carmelitaniscalzi.com\/pt-br\/wp-json\/wp\/v2\/posts\/21162","targetHints":{"allow":["GET"]}}],"collection":[{"href":"https:\/\/www.carmelitaniscalzi.com\/pt-br\/wp-json\/wp\/v2\/posts"}],"about":[{"href":"https:\/\/www.carmelitaniscalzi.com\/pt-br\/wp-json\/wp\/v2\/types\/post"}],"author":[{"embeddable":true,"href":"https:\/\/www.carmelitaniscalzi.com\/pt-br\/wp-json\/wp\/v2\/users\/7"}],"replies":[{"embeddable":true,"href":"https:\/\/www.carmelitaniscalzi.com\/pt-br\/wp-json\/wp\/v2\/comments?post=21162"}],"version-history":[{"count":0,"href":"https:\/\/www.carmelitaniscalzi.com\/pt-br\/wp-json\/wp\/v2\/posts\/21162\/revisions"}],"wp:featuredmedia":[{"embeddable":true,"href":"https:\/\/www.carmelitaniscalzi.com\/pt-br\/wp-json\/wp\/v2\/media\/21148"}],"wp:attachment":[{"href":"https:\/\/www.carmelitaniscalzi.com\/pt-br\/wp-json\/wp\/v2\/media?parent=21162"}],"wp:term":[{"taxonomy":"category","embeddable":true,"href":"https:\/\/www.carmelitaniscalzi.com\/pt-br\/wp-json\/wp\/v2\/categories?post=21162"},{"taxonomy":"post_tag","embeddable":true,"href":"https:\/\/www.carmelitaniscalzi.com\/pt-br\/wp-json\/wp\/v2\/tags?post=21162"}],"curies":[{"name":"wp","href":"https:\/\/api.w.org\/{rel}","templated":true}]}}