{"id":20956,"date":"2018-06-12T10:04:09","date_gmt":"2018-06-12T08:04:09","guid":{"rendered":"https:\/\/www.carmelitaniscalzi.com\/pt-br\/?p=20956"},"modified":"2018-06-12T10:04:09","modified_gmt":"2018-06-12T08:04:09","slug":"situacao-do-carmelo-na-venezuela","status":"publish","type":"post","link":"https:\/\/www.carmelitaniscalzi.com\/pt-br\/2018\/06\/12\/situacao-do-carmelo-na-venezuela\/","title":{"rendered":"Situa\u00e7\u00e3o do Carmelo na Venezuela"},"content":{"rendered":"<p>Com o significativo t\u00edtulo de \u201cVenezuela, um pa\u00eds para chorar\u201d, recebemos h\u00e1 alguns dias uma carta do Delegado Geral da Ordem dos Carmelitas Descal\u00e7os naquele pa\u00eds \u2013 Frei Daniel Rodr\u00edguez, ocd \u2013, na qual nos dava informa\u00e7\u00f5es sobre a situa\u00e7\u00e3o de emerg\u00eancia que est\u00e1 vivendo a Venezuela e como os carmelitas est\u00e3o tentando ajudar os mais afetados pela crise.<\/p>\n<p>Na carta, Frei Daniel ressaltava o fundamento moral e espiritual da \u201cnoite\u201d pol\u00edtico-social na qual o pa\u00eds se encontra mergulhado. De acordo com nosso irm\u00e3o, a situa\u00e7\u00e3o pode ser qualificada como de \u201canarquia voraz\u201d, na qual o crime e a delinqu\u00eancia avan\u00e7am em meio a uma sociedade cada vez mais empobrecida, sem que se veja sa\u00edda para uma situa\u00e7\u00e3o na qual falta um sustento digno a tantos, enquanto escasseiam alimentos e medicamentos, bem como outros meios para poder viver uma vida digna.<\/p>\n<p>Diante desse panorama desolador, nossos irm\u00e3os e irm\u00e3s tratam de desdobrar-se para ajudar os demais, mesmo que tamb\u00e9m tenham que suportar algumas pen\u00farias: falta o combust\u00edvel m\u00ednimo, necess\u00e1rio at\u00e9 para cozinhar; os cortes de luz s\u00e3o cont\u00ednuos e prolongados, raz\u00e3o pela qual nossas Irm\u00e3s de Maracaibo, por exemplo, n\u00e3o podem utilizar ventiladores el\u00e9tricos para aliviar temperaturas de 42\u00b0 a 50\u00b0.<\/p>\n<p>Da C\u00faria Geral, assim como da fam\u00edlia carmelitano-teresiana de pa\u00edses como Col\u00f4mbia, Brasil, Panam\u00e1, Rep\u00fablica Dominicana, Peru, Chile, Espanha, Argentina e do CITeS (\u00c1vila), nossos irm\u00e3os venezuelanos t\u00eam recebido ajudas dos mais diversos tipos, as quais permitiram distribuir alimentos e medicamentos aos mais desfavorecidos. O Carmelo Secular mant\u00e9m aberto um refeit\u00f3rio em M\u00e9rida, no bairro pobre de <em>El Salado<\/em>, mas s\u00f3 pode oferecer um prato de comida semanal.<\/p>\n<p>A carta, da qual fizemos aqui um brev\u00edssimo resumo, pode ser lida integralmente em espanhol na se\u00e7\u00e3o de not\u00edcias desse idioma.<\/p>\n<p><img loading=\"lazy\" decoding=\"async\" class=\"alignnone size-medium wp-image-20946\" src=\"https:\/\/www.carmelitaniscalzi.com\/wp-content\/uploads\/2018\/06\/07-1-225x300.jpg\" alt=\"\" width=\"225\" height=\"300\" srcset=\"https:\/\/www.carmelitaniscalzi.com\/wp-content\/uploads\/2018\/06\/07-1-225x300.jpg 225w, https:\/\/www.carmelitaniscalzi.com\/wp-content\/uploads\/2018\/06\/07-1-768x1024.jpg 768w, https:\/\/www.carmelitaniscalzi.com\/wp-content\/uploads\/2018\/06\/07-1-41x55.jpg 41w, https:\/\/www.carmelitaniscalzi.com\/wp-content\/uploads\/2018\/06\/07-1-800x1067.jpg 800w, https:\/\/www.carmelitaniscalzi.com\/wp-content\/uploads\/2018\/06\/07-1-580x773.jpg 580w, https:\/\/www.carmelitaniscalzi.com\/wp-content\/uploads\/2018\/06\/07-1.jpg 960w\" sizes=\"auto, (max-width: 225px) 100vw, 225px\" \/> <img loading=\"lazy\" decoding=\"async\" class=\"alignnone size-medium wp-image-20945\" src=\"https:\/\/www.carmelitaniscalzi.com\/wp-content\/uploads\/2018\/06\/05-300x102.png\" alt=\"\" width=\"300\" height=\"102\" srcset=\"https:\/\/www.carmelitaniscalzi.com\/wp-content\/uploads\/2018\/06\/05-300x102.png 300w, https:\/\/www.carmelitaniscalzi.com\/wp-content\/uploads\/2018\/06\/05-162x55.png 162w, https:\/\/www.carmelitaniscalzi.com\/wp-content\/uploads\/2018\/06\/05-580x197.png 580w, https:\/\/www.carmelitaniscalzi.com\/wp-content\/uploads\/2018\/06\/05.png 763w\" sizes=\"auto, (max-width: 300px) 100vw, 300px\" \/> <img loading=\"lazy\" decoding=\"async\" class=\"alignnone size-medium wp-image-20944\" src=\"https:\/\/www.carmelitaniscalzi.com\/wp-content\/uploads\/2018\/06\/04-1-300x225.jpg\" alt=\"\" width=\"300\" height=\"225\" srcset=\"https:\/\/www.carmelitaniscalzi.com\/wp-content\/uploads\/2018\/06\/04-1-300x225.jpg 300w, https:\/\/www.carmelitaniscalzi.com\/wp-content\/uploads\/2018\/06\/04-1-768x576.jpg 768w, https:\/\/www.carmelitaniscalzi.com\/wp-content\/uploads\/2018\/06\/04-1-1024x768.jpg 1024w, https:\/\/www.carmelitaniscalzi.com\/wp-content\/uploads\/2018\/06\/04-1-73x55.jpg 73w, https:\/\/www.carmelitaniscalzi.com\/wp-content\/uploads\/2018\/06\/04-1-800x600.jpg 800w, https:\/\/www.carmelitaniscalzi.com\/wp-content\/uploads\/2018\/06\/04-1-580x435.jpg 580w, https:\/\/www.carmelitaniscalzi.com\/wp-content\/uploads\/2018\/06\/04-1.jpg 1094w\" sizes=\"auto, (max-width: 300px) 100vw, 300px\" \/> <img loading=\"lazy\" decoding=\"async\" class=\"alignnone size-medium wp-image-20943\" src=\"https:\/\/www.carmelitaniscalzi.com\/wp-content\/uploads\/2018\/06\/03-1-300x225.jpg\" alt=\"\" width=\"300\" height=\"225\" srcset=\"https:\/\/www.carmelitaniscalzi.com\/wp-content\/uploads\/2018\/06\/03-1-300x225.jpg 300w, https:\/\/www.carmelitaniscalzi.com\/wp-content\/uploads\/2018\/06\/03-1-768x576.jpg 768w, https:\/\/www.carmelitaniscalzi.com\/wp-content\/uploads\/2018\/06\/03-1-1024x768.jpg 1024w, https:\/\/www.carmelitaniscalzi.com\/wp-content\/uploads\/2018\/06\/03-1-73x55.jpg 73w, https:\/\/www.carmelitaniscalzi.com\/wp-content\/uploads\/2018\/06\/03-1-800x600.jpg 800w, https:\/\/www.carmelitaniscalzi.com\/wp-content\/uploads\/2018\/06\/03-1-580x435.jpg 580w, https:\/\/www.carmelitaniscalzi.com\/wp-content\/uploads\/2018\/06\/03-1.jpg 1080w\" sizes=\"auto, (max-width: 300px) 100vw, 300px\" \/> <img loading=\"lazy\" decoding=\"async\" class=\"alignnone size-medium wp-image-20942\" src=\"https:\/\/www.carmelitaniscalzi.com\/wp-content\/uploads\/2018\/06\/01-300x300.png\" alt=\"\" width=\"300\" height=\"300\" srcset=\"https:\/\/www.carmelitaniscalzi.com\/wp-content\/uploads\/2018\/06\/01-300x300.png 300w, https:\/\/www.carmelitaniscalzi.com\/wp-content\/uploads\/2018\/06\/01-150x150.png 150w, https:\/\/www.carmelitaniscalzi.com\/wp-content\/uploads\/2018\/06\/01-55x55.png 55w, https:\/\/www.carmelitaniscalzi.com\/wp-content\/uploads\/2018\/06\/01-580x578.png 580w, https:\/\/www.carmelitaniscalzi.com\/wp-content\/uploads\/2018\/06\/01.png 658w\" sizes=\"auto, (max-width: 300px) 100vw, 300px\" \/><\/p>\n","protected":false},"excerpt":{"rendered":"<p>Com o significativo t\u00edtulo de \u201cVenezuela, um pa\u00eds para chorar\u201d, recebemos h\u00e1 alguns dias uma carta do Delegado Geral da Ordem dos Carmelitas Descal\u00e7os naquele pa\u00eds \u2013 Frei Daniel Rodr\u00edguez, ocd \u2013, na qual nos dava informa\u00e7\u00f5es sobre a situa\u00e7\u00e3o de emerg\u00eancia que est\u00e1 vivendo a Venezuela e como os carmelitas est\u00e3o tentando ajudar os [&hellip;]<\/p>\n","protected":false},"author":7,"featured_media":20941,"comment_status":"closed","ping_status":"closed","sticky":false,"template":"","format":"standard","meta":{"_acf_changed":false,"footnotes":""},"categories":[235,373],"tags":[],"class_list":["post-20956","post","type-post","status-publish","format-standard","has-post-thumbnail","hentry","category-noticias-frades","category-noticias"],"acf":[],"yoast_head":"<!-- This site is optimized with the Yoast SEO plugin v26.3 - https:\/\/yoast.com\/wordpress\/plugins\/seo\/ -->\n<title>Situa\u00e7\u00e3o do Carmelo na Venezuela - CARMELITAS DESCAL\u00c7OS<\/title>\n<meta name=\"robots\" content=\"index, follow, max-snippet:-1, max-image-preview:large, max-video-preview:-1\" \/>\n<link rel=\"canonical\" href=\"https:\/\/www.carmelitaniscalzi.com\/pt-br\/2018\/06\/12\/situacao-do-carmelo-na-venezuela\/\" \/>\n<meta property=\"og:locale\" content=\"pt_BR\" \/>\n<meta property=\"og:type\" content=\"article\" \/>\n<meta property=\"og:title\" content=\"Situa\u00e7\u00e3o do Carmelo na Venezuela - CARMELITAS DESCAL\u00c7OS\" \/>\n<meta property=\"og:description\" content=\"Com o significativo t\u00edtulo de \u201cVenezuela, um pa\u00eds para chorar\u201d, recebemos h\u00e1 alguns dias uma carta do Delegado Geral da Ordem dos Carmelitas Descal\u00e7os naquele pa\u00eds \u2013 Frei Daniel Rodr\u00edguez, ocd \u2013, na qual nos dava informa\u00e7\u00f5es sobre a situa\u00e7\u00e3o de emerg\u00eancia que est\u00e1 vivendo a Venezuela e como os carmelitas est\u00e3o tentando ajudar os [&hellip;]\" \/>\n<meta property=\"og:url\" content=\"https:\/\/www.carmelitaniscalzi.com\/pt-br\/2018\/06\/12\/situacao-do-carmelo-na-venezuela\/\" \/>\n<meta property=\"og:site_name\" content=\"CARMELITAS DESCAL\u00c7OS\" \/>\n<meta property=\"article:publisher\" content=\"https:\/\/www.facebook.com\/Curia-Generalizia-Carmelitani-Scalzi-658766940887784\/\" \/>\n<meta property=\"article:published_time\" content=\"2018-06-12T08:04:09+00:00\" \/>\n<meta property=\"og:image\" content=\"https:\/\/www.carmelitaniscalzi.com\/wp-content\/uploads\/2018\/06\/00-1.jpg\" \/>\n\t<meta property=\"og:image:width\" content=\"810\" \/>\n\t<meta property=\"og:image:height\" content=\"1080\" \/>\n\t<meta property=\"og:image:type\" content=\"image\/jpeg\" \/>\n<meta name=\"author\" content=\"ocd web master\" \/>\n<meta name=\"twitter:card\" content=\"summary_large_image\" \/>\n<meta name=\"twitter:creator\" content=\"@ocdcuria\" \/>\n<meta name=\"twitter:site\" content=\"@ocdcuria\" \/>\n<meta name=\"twitter:label1\" content=\"Escrito por\" \/>\n\t<meta name=\"twitter:data1\" content=\"ocd web master\" \/>\n\t<meta name=\"twitter:label2\" content=\"Est. tempo de leitura\" \/>\n\t<meta name=\"twitter:data2\" content=\"2 minutos\" \/>\n<script type=\"application\/ld+json\" class=\"yoast-schema-graph\">{\"@context\":\"https:\/\/schema.org\",\"@graph\":[{\"@type\":\"Article\",\"@id\":\"https:\/\/www.carmelitaniscalzi.com\/pt-br\/2018\/06\/12\/situacao-do-carmelo-na-venezuela\/#article\",\"isPartOf\":{\"@id\":\"https:\/\/www.carmelitaniscalzi.com\/pt-br\/2018\/06\/12\/situacao-do-carmelo-na-venezuela\/\"},\"author\":{\"name\":\"ocd web master\",\"@id\":\"https:\/\/www.carmelitaniscalzi.com\/#\/schema\/person\/6d1c0d9bea7b6625c437246a5d6da409\"},\"headline\":\"Situa\u00e7\u00e3o do Carmelo na Venezuela\",\"datePublished\":\"2018-06-12T08:04:09+00:00\",\"mainEntityOfPage\":{\"@id\":\"https:\/\/www.carmelitaniscalzi.com\/pt-br\/2018\/06\/12\/situacao-do-carmelo-na-venezuela\/\"},\"wordCount\":335,\"publisher\":{\"@id\":\"https:\/\/www.carmelitaniscalzi.com\/#organization\"},\"image\":{\"@id\":\"https:\/\/www.carmelitaniscalzi.com\/pt-br\/2018\/06\/12\/situacao-do-carmelo-na-venezuela\/#primaryimage\"},\"thumbnailUrl\":\"https:\/\/www.carmelitaniscalzi.com\/wp-content\/uploads\/2018\/06\/00-1.jpg\",\"articleSection\":[\"Not\u00edcias Frades\",\"Not\u00edcias\"],\"inLanguage\":\"pt-BR\"},{\"@type\":\"WebPage\",\"@id\":\"https:\/\/www.carmelitaniscalzi.com\/pt-br\/2018\/06\/12\/situacao-do-carmelo-na-venezuela\/\",\"url\":\"https:\/\/www.carmelitaniscalzi.com\/pt-br\/2018\/06\/12\/situacao-do-carmelo-na-venezuela\/\",\"name\":\"Situa\u00e7\u00e3o do Carmelo na Venezuela - CARMELITAS DESCAL\u00c7OS\",\"isPartOf\":{\"@id\":\"https:\/\/www.carmelitaniscalzi.com\/#website\"},\"primaryImageOfPage\":{\"@id\":\"https:\/\/www.carmelitaniscalzi.com\/pt-br\/2018\/06\/12\/situacao-do-carmelo-na-venezuela\/#primaryimage\"},\"image\":{\"@id\":\"https:\/\/www.carmelitaniscalzi.com\/pt-br\/2018\/06\/12\/situacao-do-carmelo-na-venezuela\/#primaryimage\"},\"thumbnailUrl\":\"https:\/\/www.carmelitaniscalzi.com\/wp-content\/uploads\/2018\/06\/00-1.jpg\",\"datePublished\":\"2018-06-12T08:04:09+00:00\",\"breadcrumb\":{\"@id\":\"https:\/\/www.carmelitaniscalzi.com\/pt-br\/2018\/06\/12\/situacao-do-carmelo-na-venezuela\/#breadcrumb\"},\"inLanguage\":\"pt-BR\",\"potentialAction\":[{\"@type\":\"ReadAction\",\"target\":[\"https:\/\/www.carmelitaniscalzi.com\/pt-br\/2018\/06\/12\/situacao-do-carmelo-na-venezuela\/\"]}]},{\"@type\":\"ImageObject\",\"inLanguage\":\"pt-BR\",\"@id\":\"https:\/\/www.carmelitaniscalzi.com\/pt-br\/2018\/06\/12\/situacao-do-carmelo-na-venezuela\/#primaryimage\",\"url\":\"https:\/\/www.carmelitaniscalzi.com\/wp-content\/uploads\/2018\/06\/00-1.jpg\",\"contentUrl\":\"https:\/\/www.carmelitaniscalzi.com\/wp-content\/uploads\/2018\/06\/00-1.jpg\",\"width\":810,\"height\":1080},{\"@type\":\"BreadcrumbList\",\"@id\":\"https:\/\/www.carmelitaniscalzi.com\/pt-br\/2018\/06\/12\/situacao-do-carmelo-na-venezuela\/#breadcrumb\",\"itemListElement\":[{\"@type\":\"ListItem\",\"position\":1,\"name\":\"Home\",\"item\":\"https:\/\/www.carmelitaniscalzi.com\/pt-br\/\"},{\"@type\":\"ListItem\",\"position\":2,\"name\":\"Situa\u00e7\u00e3o do Carmelo na Venezuela\"}]},{\"@type\":\"WebSite\",\"@id\":\"https:\/\/www.carmelitaniscalzi.com\/#website\",\"url\":\"https:\/\/www.carmelitaniscalzi.com\/\",\"name\":\"CARMELITANI SCALZI - Curia Generale del Carmelo Teresiano\",\"description\":\"C\u00faria General\u00edcia do Carmelo Teresiano\",\"publisher\":{\"@id\":\"https:\/\/www.carmelitaniscalzi.com\/#organization\"},\"alternateName\":\"CARMELITANI SCALZI\",\"potentialAction\":[{\"@type\":\"SearchAction\",\"target\":{\"@type\":\"EntryPoint\",\"urlTemplate\":\"https:\/\/www.carmelitaniscalzi.com\/?s={search_term_string}\"},\"query-input\":{\"@type\":\"PropertyValueSpecification\",\"valueRequired\":true,\"valueName\":\"search_term_string\"}}],\"inLanguage\":\"pt-BR\"},{\"@type\":\"Organization\",\"@id\":\"https:\/\/www.carmelitaniscalzi.com\/#organization\",\"name\":\"CARMELITANI SCALZI - Curia Generale del Carmelo Teresiano\",\"url\":\"https:\/\/www.carmelitaniscalzi.com\/\",\"logo\":{\"@type\":\"ImageObject\",\"inLanguage\":\"pt-BR\",\"@id\":\"https:\/\/www.carmelitaniscalzi.com\/#\/schema\/logo\/image\/\",\"url\":\"https:\/\/www.carmelitaniscalzi.com\/wp-content\/uploads\/2025\/11\/login-logo.png\",\"contentUrl\":\"https:\/\/www.carmelitaniscalzi.com\/wp-content\/uploads\/2025\/11\/login-logo.png\",\"width\":256,\"height\":256,\"caption\":\"CARMELITANI SCALZI - Curia Generale del Carmelo Teresiano\"},\"image\":{\"@id\":\"https:\/\/www.carmelitaniscalzi.com\/#\/schema\/logo\/image\/\"},\"sameAs\":[\"https:\/\/www.facebook.com\/Curia-Generalizia-Carmelitani-Scalzi-658766940887784\/\",\"https:\/\/x.com\/ocdcuria\",\"https:\/\/www.youtube.com\/channel\/UC2J5ZL0ycOY0qBSTCLX_NGQ\/videos\",\"https:\/\/www.instagram.com\/ocdinform\/\"]},{\"@type\":\"Person\",\"@id\":\"https:\/\/www.carmelitaniscalzi.com\/#\/schema\/person\/6d1c0d9bea7b6625c437246a5d6da409\",\"name\":\"ocd web master\",\"image\":{\"@type\":\"ImageObject\",\"inLanguage\":\"pt-BR\",\"@id\":\"https:\/\/www.carmelitaniscalzi.com\/#\/schema\/person\/image\/\",\"url\":\"https:\/\/secure.gravatar.com\/avatar\/41fbc5f82bad909fbaf2984c43fa50d8519ac5853e25b454d022b6868f80d0e7?s=96&d=mm&r=g\",\"contentUrl\":\"https:\/\/secure.gravatar.com\/avatar\/41fbc5f82bad909fbaf2984c43fa50d8519ac5853e25b454d022b6868f80d0e7?s=96&d=mm&r=g\",\"caption\":\"ocd web master\"},\"url\":\"https:\/\/www.carmelitaniscalzi.com\/pt-br\/author\/ocdwebmaster\/\"}]}<\/script>\n<!-- \/ Yoast SEO plugin. -->","yoast_head_json":{"title":"Situa\u00e7\u00e3o do Carmelo na Venezuela - CARMELITAS DESCAL\u00c7OS","robots":{"index":"index","follow":"follow","max-snippet":"max-snippet:-1","max-image-preview":"max-image-preview:large","max-video-preview":"max-video-preview:-1"},"canonical":"https:\/\/www.carmelitaniscalzi.com\/pt-br\/2018\/06\/12\/situacao-do-carmelo-na-venezuela\/","og_locale":"pt_BR","og_type":"article","og_title":"Situa\u00e7\u00e3o do Carmelo na Venezuela - CARMELITAS DESCAL\u00c7OS","og_description":"Com o significativo t\u00edtulo de \u201cVenezuela, um pa\u00eds para chorar\u201d, recebemos h\u00e1 alguns dias uma carta do Delegado Geral da Ordem dos Carmelitas Descal\u00e7os naquele pa\u00eds \u2013 Frei Daniel Rodr\u00edguez, ocd \u2013, na qual nos dava informa\u00e7\u00f5es sobre a situa\u00e7\u00e3o de emerg\u00eancia que est\u00e1 vivendo a Venezuela e como os carmelitas est\u00e3o tentando ajudar os [&hellip;]","og_url":"https:\/\/www.carmelitaniscalzi.com\/pt-br\/2018\/06\/12\/situacao-do-carmelo-na-venezuela\/","og_site_name":"CARMELITAS DESCAL\u00c7OS","article_publisher":"https:\/\/www.facebook.com\/Curia-Generalizia-Carmelitani-Scalzi-658766940887784\/","article_published_time":"2018-06-12T08:04:09+00:00","og_image":[{"width":810,"height":1080,"url":"https:\/\/www.carmelitaniscalzi.com\/wp-content\/uploads\/2018\/06\/00-1.jpg","type":"image\/jpeg"}],"author":"ocd web master","twitter_card":"summary_large_image","twitter_creator":"@ocdcuria","twitter_site":"@ocdcuria","twitter_misc":{"Escrito por":"ocd web master","Est. tempo de leitura":"2 minutos"},"schema":{"@context":"https:\/\/schema.org","@graph":[{"@type":"Article","@id":"https:\/\/www.carmelitaniscalzi.com\/pt-br\/2018\/06\/12\/situacao-do-carmelo-na-venezuela\/#article","isPartOf":{"@id":"https:\/\/www.carmelitaniscalzi.com\/pt-br\/2018\/06\/12\/situacao-do-carmelo-na-venezuela\/"},"author":{"name":"ocd web master","@id":"https:\/\/www.carmelitaniscalzi.com\/#\/schema\/person\/6d1c0d9bea7b6625c437246a5d6da409"},"headline":"Situa\u00e7\u00e3o do Carmelo na Venezuela","datePublished":"2018-06-12T08:04:09+00:00","mainEntityOfPage":{"@id":"https:\/\/www.carmelitaniscalzi.com\/pt-br\/2018\/06\/12\/situacao-do-carmelo-na-venezuela\/"},"wordCount":335,"publisher":{"@id":"https:\/\/www.carmelitaniscalzi.com\/#organization"},"image":{"@id":"https:\/\/www.carmelitaniscalzi.com\/pt-br\/2018\/06\/12\/situacao-do-carmelo-na-venezuela\/#primaryimage"},"thumbnailUrl":"https:\/\/www.carmelitaniscalzi.com\/wp-content\/uploads\/2018\/06\/00-1.jpg","articleSection":["Not\u00edcias Frades","Not\u00edcias"],"inLanguage":"pt-BR"},{"@type":"WebPage","@id":"https:\/\/www.carmelitaniscalzi.com\/pt-br\/2018\/06\/12\/situacao-do-carmelo-na-venezuela\/","url":"https:\/\/www.carmelitaniscalzi.com\/pt-br\/2018\/06\/12\/situacao-do-carmelo-na-venezuela\/","name":"Situa\u00e7\u00e3o do Carmelo na Venezuela - CARMELITAS DESCAL\u00c7OS","isPartOf":{"@id":"https:\/\/www.carmelitaniscalzi.com\/#website"},"primaryImageOfPage":{"@id":"https:\/\/www.carmelitaniscalzi.com\/pt-br\/2018\/06\/12\/situacao-do-carmelo-na-venezuela\/#primaryimage"},"image":{"@id":"https:\/\/www.carmelitaniscalzi.com\/pt-br\/2018\/06\/12\/situacao-do-carmelo-na-venezuela\/#primaryimage"},"thumbnailUrl":"https:\/\/www.carmelitaniscalzi.com\/wp-content\/uploads\/2018\/06\/00-1.jpg","datePublished":"2018-06-12T08:04:09+00:00","breadcrumb":{"@id":"https:\/\/www.carmelitaniscalzi.com\/pt-br\/2018\/06\/12\/situacao-do-carmelo-na-venezuela\/#breadcrumb"},"inLanguage":"pt-BR","potentialAction":[{"@type":"ReadAction","target":["https:\/\/www.carmelitaniscalzi.com\/pt-br\/2018\/06\/12\/situacao-do-carmelo-na-venezuela\/"]}]},{"@type":"ImageObject","inLanguage":"pt-BR","@id":"https:\/\/www.carmelitaniscalzi.com\/pt-br\/2018\/06\/12\/situacao-do-carmelo-na-venezuela\/#primaryimage","url":"https:\/\/www.carmelitaniscalzi.com\/wp-content\/uploads\/2018\/06\/00-1.jpg","contentUrl":"https:\/\/www.carmelitaniscalzi.com\/wp-content\/uploads\/2018\/06\/00-1.jpg","width":810,"height":1080},{"@type":"BreadcrumbList","@id":"https:\/\/www.carmelitaniscalzi.com\/pt-br\/2018\/06\/12\/situacao-do-carmelo-na-venezuela\/#breadcrumb","itemListElement":[{"@type":"ListItem","position":1,"name":"Home","item":"https:\/\/www.carmelitaniscalzi.com\/pt-br\/"},{"@type":"ListItem","position":2,"name":"Situa\u00e7\u00e3o do Carmelo na Venezuela"}]},{"@type":"WebSite","@id":"https:\/\/www.carmelitaniscalzi.com\/#website","url":"https:\/\/www.carmelitaniscalzi.com\/","name":"CARMELITANI SCALZI - Curia Generale del Carmelo Teresiano","description":"C\u00faria General\u00edcia do Carmelo Teresiano","publisher":{"@id":"https:\/\/www.carmelitaniscalzi.com\/#organization"},"alternateName":"CARMELITANI SCALZI","potentialAction":[{"@type":"SearchAction","target":{"@type":"EntryPoint","urlTemplate":"https:\/\/www.carmelitaniscalzi.com\/?s={search_term_string}"},"query-input":{"@type":"PropertyValueSpecification","valueRequired":true,"valueName":"search_term_string"}}],"inLanguage":"pt-BR"},{"@type":"Organization","@id":"https:\/\/www.carmelitaniscalzi.com\/#organization","name":"CARMELITANI SCALZI - Curia Generale del Carmelo Teresiano","url":"https:\/\/www.carmelitaniscalzi.com\/","logo":{"@type":"ImageObject","inLanguage":"pt-BR","@id":"https:\/\/www.carmelitaniscalzi.com\/#\/schema\/logo\/image\/","url":"https:\/\/www.carmelitaniscalzi.com\/wp-content\/uploads\/2025\/11\/login-logo.png","contentUrl":"https:\/\/www.carmelitaniscalzi.com\/wp-content\/uploads\/2025\/11\/login-logo.png","width":256,"height":256,"caption":"CARMELITANI SCALZI - Curia Generale del Carmelo Teresiano"},"image":{"@id":"https:\/\/www.carmelitaniscalzi.com\/#\/schema\/logo\/image\/"},"sameAs":["https:\/\/www.facebook.com\/Curia-Generalizia-Carmelitani-Scalzi-658766940887784\/","https:\/\/x.com\/ocdcuria","https:\/\/www.youtube.com\/channel\/UC2J5ZL0ycOY0qBSTCLX_NGQ\/videos","https:\/\/www.instagram.com\/ocdinform\/"]},{"@type":"Person","@id":"https:\/\/www.carmelitaniscalzi.com\/#\/schema\/person\/6d1c0d9bea7b6625c437246a5d6da409","name":"ocd web master","image":{"@type":"ImageObject","inLanguage":"pt-BR","@id":"https:\/\/www.carmelitaniscalzi.com\/#\/schema\/person\/image\/","url":"https:\/\/secure.gravatar.com\/avatar\/41fbc5f82bad909fbaf2984c43fa50d8519ac5853e25b454d022b6868f80d0e7?s=96&d=mm&r=g","contentUrl":"https:\/\/secure.gravatar.com\/avatar\/41fbc5f82bad909fbaf2984c43fa50d8519ac5853e25b454d022b6868f80d0e7?s=96&d=mm&r=g","caption":"ocd web master"},"url":"https:\/\/www.carmelitaniscalzi.com\/pt-br\/author\/ocdwebmaster\/"}]}},"_links":{"self":[{"href":"https:\/\/www.carmelitaniscalzi.com\/pt-br\/wp-json\/wp\/v2\/posts\/20956","targetHints":{"allow":["GET"]}}],"collection":[{"href":"https:\/\/www.carmelitaniscalzi.com\/pt-br\/wp-json\/wp\/v2\/posts"}],"about":[{"href":"https:\/\/www.carmelitaniscalzi.com\/pt-br\/wp-json\/wp\/v2\/types\/post"}],"author":[{"embeddable":true,"href":"https:\/\/www.carmelitaniscalzi.com\/pt-br\/wp-json\/wp\/v2\/users\/7"}],"replies":[{"embeddable":true,"href":"https:\/\/www.carmelitaniscalzi.com\/pt-br\/wp-json\/wp\/v2\/comments?post=20956"}],"version-history":[{"count":0,"href":"https:\/\/www.carmelitaniscalzi.com\/pt-br\/wp-json\/wp\/v2\/posts\/20956\/revisions"}],"wp:featuredmedia":[{"embeddable":true,"href":"https:\/\/www.carmelitaniscalzi.com\/pt-br\/wp-json\/wp\/v2\/media\/20941"}],"wp:attachment":[{"href":"https:\/\/www.carmelitaniscalzi.com\/pt-br\/wp-json\/wp\/v2\/media?parent=20956"}],"wp:term":[{"taxonomy":"category","embeddable":true,"href":"https:\/\/www.carmelitaniscalzi.com\/pt-br\/wp-json\/wp\/v2\/categories?post=20956"},{"taxonomy":"post_tag","embeddable":true,"href":"https:\/\/www.carmelitaniscalzi.com\/pt-br\/wp-json\/wp\/v2\/tags?post=20956"}],"curies":[{"name":"wp","href":"https:\/\/api.w.org\/{rel}","templated":true}]}}