{"id":20777,"date":"2018-05-16T16:23:08","date_gmt":"2018-05-16T14:23:08","guid":{"rendered":"https:\/\/www.carmelitaniscalzi.com\/pt-br\/?p=20777"},"modified":"2018-05-16T16:23:08","modified_gmt":"2018-05-16T14:23:08","slug":"seminario-de-formacao-para-ocds-de-sicilia","status":"publish","type":"post","link":"https:\/\/www.carmelitaniscalzi.com\/pt-br\/2018\/05\/16\/seminario-de-formacao-para-ocds-de-sicilia\/","title":{"rendered":"Semin\u00e1rio de forma\u00e7\u00e3o para a OCDS de Sic\u00edlia"},"content":{"rendered":"<p>\u201cEntre os dias 27 e 29 de Abril teve lugar na casa de espiritualidade \u201cMonte Carmelo\u201d dos carmelitas Descal\u00e7os de Sic\u00edlia, um semin\u00e1rio de forma\u00e7\u00e3o destinado aos membros da Ordem Secular.<\/p>\n<p>Neste encontro houve representantes das 15 comunidades deste Comissariado. O tema central foi: \u00abFormar-se: conhecer a riqueza da voca\u00e7\u00e3o \u00e0 OCDS para a viver com plenitude crescente\u00bb e o conte\u00fado da forma\u00e7\u00e3o procurava ajudar os participantes a tomar consci\u00eancia da necessidade de cuidar a pr\u00f3pria forma\u00e7\u00e3o em todas as etapas de perten\u00e7a ao Carmelo Secular. As confer\u00eancias suscitaram muito interesse entre os participantes.<\/p>\n<p>O semin\u00e1rio concluiu no Domingo 29 \u00e0 tarde com um animado di\u00e1logo entre os presentes, do qual surgiram algumas ideias fundamentais para refor\u00e7ar e continuar no caminho formativo das comunidades, entre as quais ressaltamos a necessidade de que cada um assuma a responsabilidade de dar testemunho do carisma teresiano pessoalmente, atrav\u00e9s de uma vida de ora\u00e7\u00e3o aut\u00eantica, unida \u00e0 participa\u00e7\u00e3o efectiva e \u00e0 perten\u00e7a activa \u00e0 Ordem.<\/p>\n<p>Agradecemos ao Conselho Provincial da OCDS na Sic\u00edlia a iniciativa deste semin\u00e1rio e aos frades o acolhimento no centro de espiritualidade\u201d.<\/p>\n<p>Fr. Alzinir Debastiani, ocd, Delegado General para la OCDS.<\/p>\n<p><img loading=\"lazy\" decoding=\"async\" class=\"alignnone size-medium wp-image-20768\" src=\"https:\/\/www.carmelitaniscalzi.com\/wp-content\/uploads\/2018\/05\/image4-e1526479468742-224x300.jpg\" alt=\"\" width=\"224\" height=\"300\" srcset=\"https:\/\/www.carmelitaniscalzi.com\/wp-content\/uploads\/2018\/05\/image4-e1526479468742-224x300.jpg 224w, https:\/\/www.carmelitaniscalzi.com\/wp-content\/uploads\/2018\/05\/image4-e1526479468742-768x1028.jpg 768w, https:\/\/www.carmelitaniscalzi.com\/wp-content\/uploads\/2018\/05\/image4-e1526479468742-765x1024.jpg 765w, https:\/\/www.carmelitaniscalzi.com\/wp-content\/uploads\/2018\/05\/image4-e1526479468742-41x55.jpg 41w, https:\/\/www.carmelitaniscalzi.com\/wp-content\/uploads\/2018\/05\/image4-e1526479468742-800x1071.jpg 800w, https:\/\/www.carmelitaniscalzi.com\/wp-content\/uploads\/2018\/05\/image4-e1526479468742-580x777.jpg 580w, https:\/\/www.carmelitaniscalzi.com\/wp-content\/uploads\/2018\/05\/image4-e1526479468742.jpg 968w\" sizes=\"auto, (max-width: 224px) 100vw, 224px\" \/> <img loading=\"lazy\" decoding=\"async\" class=\"alignnone size-medium wp-image-20767\" src=\"https:\/\/www.carmelitaniscalzi.com\/wp-content\/uploads\/2018\/05\/image2-300x224.jpg\" alt=\"\" width=\"300\" height=\"224\" srcset=\"https:\/\/www.carmelitaniscalzi.com\/wp-content\/uploads\/2018\/05\/image2-300x224.jpg 300w, https:\/\/www.carmelitaniscalzi.com\/wp-content\/uploads\/2018\/05\/image2-768x574.jpg 768w, https:\/\/www.carmelitaniscalzi.com\/wp-content\/uploads\/2018\/05\/image2-1024x765.jpg 1024w, https:\/\/www.carmelitaniscalzi.com\/wp-content\/uploads\/2018\/05\/image2-74x55.jpg 74w, https:\/\/www.carmelitaniscalzi.com\/wp-content\/uploads\/2018\/05\/image2-800x598.jpg 800w, https:\/\/www.carmelitaniscalzi.com\/wp-content\/uploads\/2018\/05\/image2-580x433.jpg 580w, https:\/\/www.carmelitaniscalzi.com\/wp-content\/uploads\/2018\/05\/image2.jpg 1296w\" sizes=\"auto, (max-width: 300px) 100vw, 300px\" \/> <img loading=\"lazy\" decoding=\"async\" class=\"alignnone size-medium wp-image-20766\" src=\"https:\/\/www.carmelitaniscalzi.com\/wp-content\/uploads\/2018\/05\/image1-300x224.jpg\" alt=\"\" width=\"300\" height=\"224\" srcset=\"https:\/\/www.carmelitaniscalzi.com\/wp-content\/uploads\/2018\/05\/image1-300x224.jpg 300w, https:\/\/www.carmelitaniscalzi.com\/wp-content\/uploads\/2018\/05\/image1-768x574.jpg 768w, https:\/\/www.carmelitaniscalzi.com\/wp-content\/uploads\/2018\/05\/image1-1024x765.jpg 1024w, https:\/\/www.carmelitaniscalzi.com\/wp-content\/uploads\/2018\/05\/image1-74x55.jpg 74w, https:\/\/www.carmelitaniscalzi.com\/wp-content\/uploads\/2018\/05\/image1-800x598.jpg 800w, https:\/\/www.carmelitaniscalzi.com\/wp-content\/uploads\/2018\/05\/image1-580x433.jpg 580w, https:\/\/www.carmelitaniscalzi.com\/wp-content\/uploads\/2018\/05\/image1.jpg 1296w\" sizes=\"auto, (max-width: 300px) 100vw, 300px\" \/><\/p>\n","protected":false},"excerpt":{"rendered":"<p>\u201cEntre os dias 27 e 29 de Abril teve lugar na casa de espiritualidade \u201cMonte Carmelo\u201d dos carmelitas Descal\u00e7os de Sic\u00edlia, um semin\u00e1rio de forma\u00e7\u00e3o destinado aos membros da Ordem Secular. Neste encontro houve representantes das 15 comunidades deste Comissariado. O tema central foi: \u00abFormar-se: conhecer a riqueza da voca\u00e7\u00e3o \u00e0 OCDS para a viver [&hellip;]<\/p>\n","protected":false},"author":7,"featured_media":20769,"comment_status":"closed","ping_status":"closed","sticky":false,"template":"","format":"standard","meta":{"_acf_changed":false,"footnotes":""},"categories":[264,373],"tags":[],"class_list":["post-20777","post","type-post","status-publish","format-standard","has-post-thumbnail","hentry","category-noticias-ocds-pt-br","category-noticias"],"acf":[],"yoast_head":"<!-- This site is optimized with the Yoast SEO plugin v26.3 - https:\/\/yoast.com\/wordpress\/plugins\/seo\/ -->\n<title>Semin\u00e1rio de forma\u00e7\u00e3o para a OCDS de Sic\u00edlia - CARMELITAS DESCAL\u00c7OS<\/title>\n<meta name=\"robots\" content=\"index, follow, max-snippet:-1, max-image-preview:large, max-video-preview:-1\" \/>\n<link rel=\"canonical\" href=\"https:\/\/www.carmelitaniscalzi.com\/pt-br\/2018\/05\/16\/seminario-de-formacao-para-ocds-de-sicilia\/\" \/>\n<meta property=\"og:locale\" content=\"pt_BR\" \/>\n<meta property=\"og:type\" content=\"article\" \/>\n<meta property=\"og:title\" content=\"Semin\u00e1rio de forma\u00e7\u00e3o para a OCDS de Sic\u00edlia - CARMELITAS DESCAL\u00c7OS\" \/>\n<meta property=\"og:description\" content=\"\u201cEntre os dias 27 e 29 de Abril teve lugar na casa de espiritualidade \u201cMonte Carmelo\u201d dos carmelitas Descal\u00e7os de Sic\u00edlia, um semin\u00e1rio de forma\u00e7\u00e3o destinado aos membros da Ordem Secular. Neste encontro houve representantes das 15 comunidades deste Comissariado. O tema central foi: \u00abFormar-se: conhecer a riqueza da voca\u00e7\u00e3o \u00e0 OCDS para a viver [&hellip;]\" \/>\n<meta property=\"og:url\" content=\"https:\/\/www.carmelitaniscalzi.com\/pt-br\/2018\/05\/16\/seminario-de-formacao-para-ocds-de-sicilia\/\" \/>\n<meta property=\"og:site_name\" content=\"CARMELITAS DESCAL\u00c7OS\" \/>\n<meta property=\"article:publisher\" content=\"https:\/\/www.facebook.com\/Curia-Generalizia-Carmelitani-Scalzi-658766940887784\/\" \/>\n<meta property=\"article:published_time\" content=\"2018-05-16T14:23:08+00:00\" \/>\n<meta property=\"og:image\" content=\"https:\/\/www.carmelitaniscalzi.com\/wp-content\/uploads\/2018\/05\/01-1.jpg\" \/>\n\t<meta property=\"og:image:width\" content=\"1296\" \/>\n\t<meta property=\"og:image:height\" content=\"968\" \/>\n\t<meta property=\"og:image:type\" content=\"image\/jpeg\" \/>\n<meta name=\"author\" content=\"ocd web master\" \/>\n<meta name=\"twitter:card\" content=\"summary_large_image\" \/>\n<meta name=\"twitter:creator\" content=\"@ocdcuria\" \/>\n<meta name=\"twitter:site\" content=\"@ocdcuria\" \/>\n<meta name=\"twitter:label1\" content=\"Escrito por\" \/>\n\t<meta name=\"twitter:data1\" content=\"ocd web master\" \/>\n\t<meta name=\"twitter:label2\" content=\"Est. tempo de leitura\" \/>\n\t<meta name=\"twitter:data2\" content=\"1 minuto\" \/>\n<script type=\"application\/ld+json\" class=\"yoast-schema-graph\">{\"@context\":\"https:\/\/schema.org\",\"@graph\":[{\"@type\":\"Article\",\"@id\":\"https:\/\/www.carmelitaniscalzi.com\/pt-br\/2018\/05\/16\/seminario-de-formacao-para-ocds-de-sicilia\/#article\",\"isPartOf\":{\"@id\":\"https:\/\/www.carmelitaniscalzi.com\/pt-br\/2018\/05\/16\/seminario-de-formacao-para-ocds-de-sicilia\/\"},\"author\":{\"name\":\"ocd web master\",\"@id\":\"https:\/\/www.carmelitaniscalzi.com\/#\/schema\/person\/6d1c0d9bea7b6625c437246a5d6da409\"},\"headline\":\"Semin\u00e1rio de forma\u00e7\u00e3o para a OCDS de Sic\u00edlia\",\"datePublished\":\"2018-05-16T14:23:08+00:00\",\"mainEntityOfPage\":{\"@id\":\"https:\/\/www.carmelitaniscalzi.com\/pt-br\/2018\/05\/16\/seminario-de-formacao-para-ocds-de-sicilia\/\"},\"wordCount\":215,\"publisher\":{\"@id\":\"https:\/\/www.carmelitaniscalzi.com\/#organization\"},\"image\":{\"@id\":\"https:\/\/www.carmelitaniscalzi.com\/pt-br\/2018\/05\/16\/seminario-de-formacao-para-ocds-de-sicilia\/#primaryimage\"},\"thumbnailUrl\":\"https:\/\/www.carmelitaniscalzi.com\/wp-content\/uploads\/2018\/05\/01-1.jpg\",\"articleSection\":[\"Not\u00edcias OCDS\",\"Not\u00edcias\"],\"inLanguage\":\"pt-BR\"},{\"@type\":\"WebPage\",\"@id\":\"https:\/\/www.carmelitaniscalzi.com\/pt-br\/2018\/05\/16\/seminario-de-formacao-para-ocds-de-sicilia\/\",\"url\":\"https:\/\/www.carmelitaniscalzi.com\/pt-br\/2018\/05\/16\/seminario-de-formacao-para-ocds-de-sicilia\/\",\"name\":\"Semin\u00e1rio de forma\u00e7\u00e3o para a OCDS de Sic\u00edlia - CARMELITAS DESCAL\u00c7OS\",\"isPartOf\":{\"@id\":\"https:\/\/www.carmelitaniscalzi.com\/#website\"},\"primaryImageOfPage\":{\"@id\":\"https:\/\/www.carmelitaniscalzi.com\/pt-br\/2018\/05\/16\/seminario-de-formacao-para-ocds-de-sicilia\/#primaryimage\"},\"image\":{\"@id\":\"https:\/\/www.carmelitaniscalzi.com\/pt-br\/2018\/05\/16\/seminario-de-formacao-para-ocds-de-sicilia\/#primaryimage\"},\"thumbnailUrl\":\"https:\/\/www.carmelitaniscalzi.com\/wp-content\/uploads\/2018\/05\/01-1.jpg\",\"datePublished\":\"2018-05-16T14:23:08+00:00\",\"breadcrumb\":{\"@id\":\"https:\/\/www.carmelitaniscalzi.com\/pt-br\/2018\/05\/16\/seminario-de-formacao-para-ocds-de-sicilia\/#breadcrumb\"},\"inLanguage\":\"pt-BR\",\"potentialAction\":[{\"@type\":\"ReadAction\",\"target\":[\"https:\/\/www.carmelitaniscalzi.com\/pt-br\/2018\/05\/16\/seminario-de-formacao-para-ocds-de-sicilia\/\"]}]},{\"@type\":\"ImageObject\",\"inLanguage\":\"pt-BR\",\"@id\":\"https:\/\/www.carmelitaniscalzi.com\/pt-br\/2018\/05\/16\/seminario-de-formacao-para-ocds-de-sicilia\/#primaryimage\",\"url\":\"https:\/\/www.carmelitaniscalzi.com\/wp-content\/uploads\/2018\/05\/01-1.jpg\",\"contentUrl\":\"https:\/\/www.carmelitaniscalzi.com\/wp-content\/uploads\/2018\/05\/01-1.jpg\",\"width\":1296,\"height\":968},{\"@type\":\"BreadcrumbList\",\"@id\":\"https:\/\/www.carmelitaniscalzi.com\/pt-br\/2018\/05\/16\/seminario-de-formacao-para-ocds-de-sicilia\/#breadcrumb\",\"itemListElement\":[{\"@type\":\"ListItem\",\"position\":1,\"name\":\"Home\",\"item\":\"https:\/\/www.carmelitaniscalzi.com\/pt-br\/\"},{\"@type\":\"ListItem\",\"position\":2,\"name\":\"Semin\u00e1rio de forma\u00e7\u00e3o para a OCDS de Sic\u00edlia\"}]},{\"@type\":\"WebSite\",\"@id\":\"https:\/\/www.carmelitaniscalzi.com\/#website\",\"url\":\"https:\/\/www.carmelitaniscalzi.com\/\",\"name\":\"CARMELITANI SCALZI - Curia Generale del Carmelo Teresiano\",\"description\":\"C\u00faria General\u00edcia do Carmelo Teresiano\",\"publisher\":{\"@id\":\"https:\/\/www.carmelitaniscalzi.com\/#organization\"},\"alternateName\":\"CARMELITANI SCALZI\",\"potentialAction\":[{\"@type\":\"SearchAction\",\"target\":{\"@type\":\"EntryPoint\",\"urlTemplate\":\"https:\/\/www.carmelitaniscalzi.com\/?s={search_term_string}\"},\"query-input\":{\"@type\":\"PropertyValueSpecification\",\"valueRequired\":true,\"valueName\":\"search_term_string\"}}],\"inLanguage\":\"pt-BR\"},{\"@type\":\"Organization\",\"@id\":\"https:\/\/www.carmelitaniscalzi.com\/#organization\",\"name\":\"CARMELITANI SCALZI - Curia Generale del Carmelo Teresiano\",\"url\":\"https:\/\/www.carmelitaniscalzi.com\/\",\"logo\":{\"@type\":\"ImageObject\",\"inLanguage\":\"pt-BR\",\"@id\":\"https:\/\/www.carmelitaniscalzi.com\/#\/schema\/logo\/image\/\",\"url\":\"https:\/\/www.carmelitaniscalzi.com\/wp-content\/uploads\/2025\/11\/login-logo.png\",\"contentUrl\":\"https:\/\/www.carmelitaniscalzi.com\/wp-content\/uploads\/2025\/11\/login-logo.png\",\"width\":256,\"height\":256,\"caption\":\"CARMELITANI SCALZI - Curia Generale del Carmelo Teresiano\"},\"image\":{\"@id\":\"https:\/\/www.carmelitaniscalzi.com\/#\/schema\/logo\/image\/\"},\"sameAs\":[\"https:\/\/www.facebook.com\/Curia-Generalizia-Carmelitani-Scalzi-658766940887784\/\",\"https:\/\/x.com\/ocdcuria\",\"https:\/\/www.youtube.com\/channel\/UC2J5ZL0ycOY0qBSTCLX_NGQ\/videos\",\"https:\/\/www.instagram.com\/ocdinform\/\"]},{\"@type\":\"Person\",\"@id\":\"https:\/\/www.carmelitaniscalzi.com\/#\/schema\/person\/6d1c0d9bea7b6625c437246a5d6da409\",\"name\":\"ocd web master\",\"image\":{\"@type\":\"ImageObject\",\"inLanguage\":\"pt-BR\",\"@id\":\"https:\/\/www.carmelitaniscalzi.com\/#\/schema\/person\/image\/\",\"url\":\"https:\/\/secure.gravatar.com\/avatar\/41fbc5f82bad909fbaf2984c43fa50d8519ac5853e25b454d022b6868f80d0e7?s=96&d=mm&r=g\",\"contentUrl\":\"https:\/\/secure.gravatar.com\/avatar\/41fbc5f82bad909fbaf2984c43fa50d8519ac5853e25b454d022b6868f80d0e7?s=96&d=mm&r=g\",\"caption\":\"ocd web master\"},\"url\":\"https:\/\/www.carmelitaniscalzi.com\/pt-br\/author\/ocdwebmaster\/\"}]}<\/script>\n<!-- \/ Yoast SEO plugin. -->","yoast_head_json":{"title":"Semin\u00e1rio de forma\u00e7\u00e3o para a OCDS de Sic\u00edlia - CARMELITAS DESCAL\u00c7OS","robots":{"index":"index","follow":"follow","max-snippet":"max-snippet:-1","max-image-preview":"max-image-preview:large","max-video-preview":"max-video-preview:-1"},"canonical":"https:\/\/www.carmelitaniscalzi.com\/pt-br\/2018\/05\/16\/seminario-de-formacao-para-ocds-de-sicilia\/","og_locale":"pt_BR","og_type":"article","og_title":"Semin\u00e1rio de forma\u00e7\u00e3o para a OCDS de Sic\u00edlia - CARMELITAS DESCAL\u00c7OS","og_description":"\u201cEntre os dias 27 e 29 de Abril teve lugar na casa de espiritualidade \u201cMonte Carmelo\u201d dos carmelitas Descal\u00e7os de Sic\u00edlia, um semin\u00e1rio de forma\u00e7\u00e3o destinado aos membros da Ordem Secular. Neste encontro houve representantes das 15 comunidades deste Comissariado. O tema central foi: \u00abFormar-se: conhecer a riqueza da voca\u00e7\u00e3o \u00e0 OCDS para a viver [&hellip;]","og_url":"https:\/\/www.carmelitaniscalzi.com\/pt-br\/2018\/05\/16\/seminario-de-formacao-para-ocds-de-sicilia\/","og_site_name":"CARMELITAS DESCAL\u00c7OS","article_publisher":"https:\/\/www.facebook.com\/Curia-Generalizia-Carmelitani-Scalzi-658766940887784\/","article_published_time":"2018-05-16T14:23:08+00:00","og_image":[{"width":1296,"height":968,"url":"https:\/\/www.carmelitaniscalzi.com\/wp-content\/uploads\/2018\/05\/01-1.jpg","type":"image\/jpeg"}],"author":"ocd web master","twitter_card":"summary_large_image","twitter_creator":"@ocdcuria","twitter_site":"@ocdcuria","twitter_misc":{"Escrito por":"ocd web master","Est. tempo de leitura":"1 minuto"},"schema":{"@context":"https:\/\/schema.org","@graph":[{"@type":"Article","@id":"https:\/\/www.carmelitaniscalzi.com\/pt-br\/2018\/05\/16\/seminario-de-formacao-para-ocds-de-sicilia\/#article","isPartOf":{"@id":"https:\/\/www.carmelitaniscalzi.com\/pt-br\/2018\/05\/16\/seminario-de-formacao-para-ocds-de-sicilia\/"},"author":{"name":"ocd web master","@id":"https:\/\/www.carmelitaniscalzi.com\/#\/schema\/person\/6d1c0d9bea7b6625c437246a5d6da409"},"headline":"Semin\u00e1rio de forma\u00e7\u00e3o para a OCDS de Sic\u00edlia","datePublished":"2018-05-16T14:23:08+00:00","mainEntityOfPage":{"@id":"https:\/\/www.carmelitaniscalzi.com\/pt-br\/2018\/05\/16\/seminario-de-formacao-para-ocds-de-sicilia\/"},"wordCount":215,"publisher":{"@id":"https:\/\/www.carmelitaniscalzi.com\/#organization"},"image":{"@id":"https:\/\/www.carmelitaniscalzi.com\/pt-br\/2018\/05\/16\/seminario-de-formacao-para-ocds-de-sicilia\/#primaryimage"},"thumbnailUrl":"https:\/\/www.carmelitaniscalzi.com\/wp-content\/uploads\/2018\/05\/01-1.jpg","articleSection":["Not\u00edcias OCDS","Not\u00edcias"],"inLanguage":"pt-BR"},{"@type":"WebPage","@id":"https:\/\/www.carmelitaniscalzi.com\/pt-br\/2018\/05\/16\/seminario-de-formacao-para-ocds-de-sicilia\/","url":"https:\/\/www.carmelitaniscalzi.com\/pt-br\/2018\/05\/16\/seminario-de-formacao-para-ocds-de-sicilia\/","name":"Semin\u00e1rio de forma\u00e7\u00e3o para a OCDS de Sic\u00edlia - CARMELITAS DESCAL\u00c7OS","isPartOf":{"@id":"https:\/\/www.carmelitaniscalzi.com\/#website"},"primaryImageOfPage":{"@id":"https:\/\/www.carmelitaniscalzi.com\/pt-br\/2018\/05\/16\/seminario-de-formacao-para-ocds-de-sicilia\/#primaryimage"},"image":{"@id":"https:\/\/www.carmelitaniscalzi.com\/pt-br\/2018\/05\/16\/seminario-de-formacao-para-ocds-de-sicilia\/#primaryimage"},"thumbnailUrl":"https:\/\/www.carmelitaniscalzi.com\/wp-content\/uploads\/2018\/05\/01-1.jpg","datePublished":"2018-05-16T14:23:08+00:00","breadcrumb":{"@id":"https:\/\/www.carmelitaniscalzi.com\/pt-br\/2018\/05\/16\/seminario-de-formacao-para-ocds-de-sicilia\/#breadcrumb"},"inLanguage":"pt-BR","potentialAction":[{"@type":"ReadAction","target":["https:\/\/www.carmelitaniscalzi.com\/pt-br\/2018\/05\/16\/seminario-de-formacao-para-ocds-de-sicilia\/"]}]},{"@type":"ImageObject","inLanguage":"pt-BR","@id":"https:\/\/www.carmelitaniscalzi.com\/pt-br\/2018\/05\/16\/seminario-de-formacao-para-ocds-de-sicilia\/#primaryimage","url":"https:\/\/www.carmelitaniscalzi.com\/wp-content\/uploads\/2018\/05\/01-1.jpg","contentUrl":"https:\/\/www.carmelitaniscalzi.com\/wp-content\/uploads\/2018\/05\/01-1.jpg","width":1296,"height":968},{"@type":"BreadcrumbList","@id":"https:\/\/www.carmelitaniscalzi.com\/pt-br\/2018\/05\/16\/seminario-de-formacao-para-ocds-de-sicilia\/#breadcrumb","itemListElement":[{"@type":"ListItem","position":1,"name":"Home","item":"https:\/\/www.carmelitaniscalzi.com\/pt-br\/"},{"@type":"ListItem","position":2,"name":"Semin\u00e1rio de forma\u00e7\u00e3o para a OCDS de Sic\u00edlia"}]},{"@type":"WebSite","@id":"https:\/\/www.carmelitaniscalzi.com\/#website","url":"https:\/\/www.carmelitaniscalzi.com\/","name":"CARMELITANI SCALZI - Curia Generale del Carmelo Teresiano","description":"C\u00faria General\u00edcia do Carmelo Teresiano","publisher":{"@id":"https:\/\/www.carmelitaniscalzi.com\/#organization"},"alternateName":"CARMELITANI SCALZI","potentialAction":[{"@type":"SearchAction","target":{"@type":"EntryPoint","urlTemplate":"https:\/\/www.carmelitaniscalzi.com\/?s={search_term_string}"},"query-input":{"@type":"PropertyValueSpecification","valueRequired":true,"valueName":"search_term_string"}}],"inLanguage":"pt-BR"},{"@type":"Organization","@id":"https:\/\/www.carmelitaniscalzi.com\/#organization","name":"CARMELITANI SCALZI - Curia Generale del Carmelo Teresiano","url":"https:\/\/www.carmelitaniscalzi.com\/","logo":{"@type":"ImageObject","inLanguage":"pt-BR","@id":"https:\/\/www.carmelitaniscalzi.com\/#\/schema\/logo\/image\/","url":"https:\/\/www.carmelitaniscalzi.com\/wp-content\/uploads\/2025\/11\/login-logo.png","contentUrl":"https:\/\/www.carmelitaniscalzi.com\/wp-content\/uploads\/2025\/11\/login-logo.png","width":256,"height":256,"caption":"CARMELITANI SCALZI - Curia Generale del Carmelo Teresiano"},"image":{"@id":"https:\/\/www.carmelitaniscalzi.com\/#\/schema\/logo\/image\/"},"sameAs":["https:\/\/www.facebook.com\/Curia-Generalizia-Carmelitani-Scalzi-658766940887784\/","https:\/\/x.com\/ocdcuria","https:\/\/www.youtube.com\/channel\/UC2J5ZL0ycOY0qBSTCLX_NGQ\/videos","https:\/\/www.instagram.com\/ocdinform\/"]},{"@type":"Person","@id":"https:\/\/www.carmelitaniscalzi.com\/#\/schema\/person\/6d1c0d9bea7b6625c437246a5d6da409","name":"ocd web master","image":{"@type":"ImageObject","inLanguage":"pt-BR","@id":"https:\/\/www.carmelitaniscalzi.com\/#\/schema\/person\/image\/","url":"https:\/\/secure.gravatar.com\/avatar\/41fbc5f82bad909fbaf2984c43fa50d8519ac5853e25b454d022b6868f80d0e7?s=96&d=mm&r=g","contentUrl":"https:\/\/secure.gravatar.com\/avatar\/41fbc5f82bad909fbaf2984c43fa50d8519ac5853e25b454d022b6868f80d0e7?s=96&d=mm&r=g","caption":"ocd web master"},"url":"https:\/\/www.carmelitaniscalzi.com\/pt-br\/author\/ocdwebmaster\/"}]}},"_links":{"self":[{"href":"https:\/\/www.carmelitaniscalzi.com\/pt-br\/wp-json\/wp\/v2\/posts\/20777","targetHints":{"allow":["GET"]}}],"collection":[{"href":"https:\/\/www.carmelitaniscalzi.com\/pt-br\/wp-json\/wp\/v2\/posts"}],"about":[{"href":"https:\/\/www.carmelitaniscalzi.com\/pt-br\/wp-json\/wp\/v2\/types\/post"}],"author":[{"embeddable":true,"href":"https:\/\/www.carmelitaniscalzi.com\/pt-br\/wp-json\/wp\/v2\/users\/7"}],"replies":[{"embeddable":true,"href":"https:\/\/www.carmelitaniscalzi.com\/pt-br\/wp-json\/wp\/v2\/comments?post=20777"}],"version-history":[{"count":0,"href":"https:\/\/www.carmelitaniscalzi.com\/pt-br\/wp-json\/wp\/v2\/posts\/20777\/revisions"}],"wp:featuredmedia":[{"embeddable":true,"href":"https:\/\/www.carmelitaniscalzi.com\/pt-br\/wp-json\/wp\/v2\/media\/20769"}],"wp:attachment":[{"href":"https:\/\/www.carmelitaniscalzi.com\/pt-br\/wp-json\/wp\/v2\/media?parent=20777"}],"wp:term":[{"taxonomy":"category","embeddable":true,"href":"https:\/\/www.carmelitaniscalzi.com\/pt-br\/wp-json\/wp\/v2\/categories?post=20777"},{"taxonomy":"post_tag","embeddable":true,"href":"https:\/\/www.carmelitaniscalzi.com\/pt-br\/wp-json\/wp\/v2\/tags?post=20777"}],"curies":[{"name":"wp","href":"https:\/\/api.w.org\/{rel}","templated":true}]}}