{"id":20661,"date":"2018-05-03T15:48:40","date_gmt":"2018-05-03T13:48:40","guid":{"rendered":"https:\/\/www.carmelitaniscalzi.com\/pt-br\/?p=20661"},"modified":"2018-05-03T15:48:40","modified_gmt":"2018-05-03T13:48:40","slug":"450-anos-fundacao-de-malagon-terceira-fundacao-de-santa-teresa","status":"publish","type":"post","link":"https:\/\/www.carmelitaniscalzi.com\/pt-br\/2018\/05\/03\/450-anos-fundacao-de-malagon-terceira-fundacao-de-santa-teresa\/","title":{"rendered":"450 anos da funda\u00e7\u00e3o de Malag\u00f3n  (terceira funda\u00e7\u00e3o de Santa Teresa)"},"content":{"rendered":"<p>\u201cNo dia de Ramos [11 de abril], ano de 1568, passando a prociss\u00e3o do lugar por n\u00f3s, com os v\u00e9us diante do rosto e capas brancas, fomos \u00e0 igreja do lugar, onde houve prega\u00e7\u00e3o, e dali levou-se o Sant\u00edssimo Sacramento ao nosso mosteiro. Causou muita devo\u00e7\u00e3o a todos\u201d.<\/p>\n<p>Assim narra Santa Teresa no cap\u00edtulo 9, par\u00e1grafo 5, do <em>Livro das Funda\u00e7\u00f5es<\/em>, a funda\u00e7\u00e3o do mosteiro de Malag\u00f3n, terceiro da Reforma. No dia 11 de abril cumpriram-se, portanto, 450 anos de tal acontecimento, celebrado tamb\u00e9m com devo\u00e7\u00e3o e entusiasmo pelos habitantes e institui\u00e7\u00f5es dessa cidade da Prov\u00edncia de Ciudad Real, na Espanha.<\/p>\n<p>Numerosos atos religiosos e culturais vinham acontecendo em Malag\u00f3n j\u00e1 h\u00e1 alguns meses por causa desse anivers\u00e1rio: \u00e0 inaugura\u00e7\u00e3o de um museu teresiano \u2013 em cujo projeto colaborou em primeira linha o Padre Ricardo Plaza, carmelita descal\u00e7o do convento de Toledo \u2013, seguiu-se a apresenta\u00e7\u00e3o de um v\u00eddeo sobre as funda\u00e7\u00f5es teresianas.<\/p>\n<p>J\u00e1 em datas pr\u00f3ximas ao 450\u00ba anivers\u00e1rio \u2013 concretamente entre 9 e 14 de abril \u2013, multiplicaram-se os eventos de todo tipo. Destaque para a apresenta\u00e7\u00e3o do livro-mem\u00f3ria do V\u00ba centen\u00e1rio teresiano em Malag\u00f3n, a inaugura\u00e7\u00e3o da \u201cporta do encontro\u201d no mosteiro \u2013 na qual est\u00e3o representados em autorrelevo a Virgem do Carmo, S\u00e3o Jos\u00e9, S\u00e3o Jo\u00e3o da Cruz e Santa Teresa de Jesus \u2013 ou a declara\u00e7\u00e3o de Teresa como prefeita honor\u00e1ria da localidade.<\/p>\n<p>Uma prociss\u00e3o com a imagem de Santa Teresa escritora, conservada na clausura, e a missa de a\u00e7\u00e3o de gra\u00e7as, que lotou a pra\u00e7a do convento e na qual Dom Gerardo Melgar, bispo de Ciudad Real, agradeceu em nome de todo o povo pelos 450 anos de presen\u00e7a orante das carmelitas descal\u00e7as, conclu\u00edram as celebra\u00e7\u00f5es.<\/p>\n<div class=\"wpmf-gallerys wpmf-gallerys-life \" ><div id=\"gallery-1\" class=\"gallery gallery_life wpmf_gallery_default gallery_default  gallery-columns-5 gallery-size-thumbnail gallery-link-file wpmf-has-border-radius-0 wpmf-gutterwidth-5 no_ratio\"><figure class=\"wpmf-gallery-item\" data-index=\"0\"><div class=\"wpmf-gallery-icon\"><div class=\"square_thumbnail\"><div class=\"img_centered\"><a class=\" not_video noLightbox\" data-lightbox=\"1\" data-href=\"https:\/\/www.carmelitaniscalzi.com\/wp-content\/uploads\/2018\/05\/01-768x1024.jpeg\" title=\"01\" target=\"_self\" data-index=\"0\"><img decoding=\"async\" class=\"wpmf_img\" alt=\"01\" src=\"https:\/\/www.carmelitaniscalzi.com\/wp-content\/uploads\/2018\/05\/01-150x150.jpeg\" data-type=\"wpmfgalleryimg\" data-lazy-src=\"https:\/\/www.carmelitaniscalzi.com\/wp-content\/uploads\/2018\/05\/01-150x150.jpeg\"><\/a><\/div><\/div><\/div><\/figure><figure class=\"wpmf-gallery-item\" data-index=\"1\"><div class=\"wpmf-gallery-icon\"><div class=\"square_thumbnail\"><div class=\"img_centered\"><a class=\" not_video noLightbox\" data-lightbox=\"1\" data-href=\"https:\/\/www.carmelitaniscalzi.com\/wp-content\/uploads\/2018\/05\/015-768x1024.jpeg\" title=\"015\" target=\"_self\" data-index=\"1\"><img decoding=\"async\" class=\"wpmf_img\" alt=\"015\" src=\"https:\/\/www.carmelitaniscalzi.com\/wp-content\/uploads\/2018\/05\/015-150x150.jpeg\" data-type=\"wpmfgalleryimg\" data-lazy-src=\"https:\/\/www.carmelitaniscalzi.com\/wp-content\/uploads\/2018\/05\/015-150x150.jpeg\"><\/a><\/div><\/div><\/div><\/figure><figure class=\"wpmf-gallery-item\" data-index=\"2\"><div class=\"wpmf-gallery-icon\"><div class=\"square_thumbnail\"><div class=\"img_centered\"><a class=\" not_video noLightbox\" data-lightbox=\"1\" data-href=\"https:\/\/www.carmelitaniscalzi.com\/wp-content\/uploads\/2018\/05\/014-769x1024.jpeg\" title=\"014\" target=\"_self\" data-index=\"2\"><img decoding=\"async\" class=\"wpmf_img\" alt=\"014\" src=\"https:\/\/www.carmelitaniscalzi.com\/wp-content\/uploads\/2018\/05\/014-150x150.jpeg\" data-type=\"wpmfgalleryimg\" data-lazy-src=\"https:\/\/www.carmelitaniscalzi.com\/wp-content\/uploads\/2018\/05\/014-150x150.jpeg\"><\/a><\/div><\/div><\/div><\/figure><figure class=\"wpmf-gallery-item\" data-index=\"3\"><div class=\"wpmf-gallery-icon\"><div class=\"square_thumbnail\"><div class=\"img_centered\"><a class=\" not_video noLightbox\" data-lightbox=\"1\" data-href=\"https:\/\/www.carmelitaniscalzi.com\/wp-content\/uploads\/2018\/05\/013-768x1024.jpeg\" title=\"013\" target=\"_self\" data-index=\"3\"><img decoding=\"async\" class=\"wpmf_img\" alt=\"013\" src=\"https:\/\/www.carmelitaniscalzi.com\/wp-content\/uploads\/2018\/05\/013-150x150.jpeg\" data-type=\"wpmfgalleryimg\" data-lazy-src=\"https:\/\/www.carmelitaniscalzi.com\/wp-content\/uploads\/2018\/05\/013-150x150.jpeg\"><\/a><\/div><\/div><\/div><\/figure><figure class=\"wpmf-gallery-item\" data-index=\"4\"><div class=\"wpmf-gallery-icon\"><div class=\"square_thumbnail\"><div class=\"img_centered\"><a class=\" not_video noLightbox\" data-lightbox=\"1\" data-href=\"https:\/\/www.carmelitaniscalzi.com\/wp-content\/uploads\/2018\/05\/012-768x1024.jpeg\" title=\"012\" target=\"_self\" data-index=\"4\"><img decoding=\"async\" class=\"wpmf_img\" alt=\"012\" src=\"https:\/\/www.carmelitaniscalzi.com\/wp-content\/uploads\/2018\/05\/012-150x150.jpeg\" data-type=\"wpmfgalleryimg\" data-lazy-src=\"https:\/\/www.carmelitaniscalzi.com\/wp-content\/uploads\/2018\/05\/012-150x150.jpeg\"><\/a><\/div><\/div><\/div><\/figure><figure class=\"wpmf-gallery-item\" data-index=\"5\"><div class=\"wpmf-gallery-icon\"><div class=\"square_thumbnail\"><div class=\"img_centered\"><a class=\" not_video noLightbox\" data-lightbox=\"1\" data-href=\"https:\/\/www.carmelitaniscalzi.com\/wp-content\/uploads\/2018\/05\/011-768x1024.jpeg\" title=\"011\" target=\"_self\" data-index=\"5\"><img decoding=\"async\" class=\"wpmf_img\" alt=\"011\" src=\"https:\/\/www.carmelitaniscalzi.com\/wp-content\/uploads\/2018\/05\/011-150x150.jpeg\" data-type=\"wpmfgalleryimg\" data-lazy-src=\"https:\/\/www.carmelitaniscalzi.com\/wp-content\/uploads\/2018\/05\/011-150x150.jpeg\"><\/a><\/div><\/div><\/div><\/figure><figure class=\"wpmf-gallery-item\" data-index=\"6\"><div class=\"wpmf-gallery-icon\"><div class=\"square_thumbnail\"><div class=\"img_centered\"><a class=\" not_video noLightbox\" data-lightbox=\"1\" data-href=\"https:\/\/www.carmelitaniscalzi.com\/wp-content\/uploads\/2018\/05\/010-768x1024.jpeg\" title=\"010\" target=\"_self\" data-index=\"6\"><img decoding=\"async\" class=\"wpmf_img\" alt=\"010\" src=\"https:\/\/www.carmelitaniscalzi.com\/wp-content\/uploads\/2018\/05\/010-150x150.jpeg\" data-type=\"wpmfgalleryimg\" data-lazy-src=\"https:\/\/www.carmelitaniscalzi.com\/wp-content\/uploads\/2018\/05\/010-150x150.jpeg\"><\/a><\/div><\/div><\/div><\/figure><figure class=\"wpmf-gallery-item\" data-index=\"7\"><div class=\"wpmf-gallery-icon\"><div class=\"square_thumbnail\"><div class=\"img_centered\"><a class=\" not_video noLightbox\" data-lightbox=\"1\" data-href=\"https:\/\/www.carmelitaniscalzi.com\/wp-content\/uploads\/2018\/05\/09-768x1024.jpeg\" title=\"09\" target=\"_self\" data-index=\"7\"><img decoding=\"async\" class=\"wpmf_img\" alt=\"09\" src=\"https:\/\/www.carmelitaniscalzi.com\/wp-content\/uploads\/2018\/05\/09-150x150.jpeg\" data-type=\"wpmfgalleryimg\" data-lazy-src=\"https:\/\/www.carmelitaniscalzi.com\/wp-content\/uploads\/2018\/05\/09-150x150.jpeg\"><\/a><\/div><\/div><\/div><\/figure><figure class=\"wpmf-gallery-item\" data-index=\"8\"><div class=\"wpmf-gallery-icon\"><div class=\"square_thumbnail\"><div class=\"img_centered\"><a class=\" not_video noLightbox\" data-lightbox=\"1\" data-href=\"https:\/\/www.carmelitaniscalzi.com\/wp-content\/uploads\/2018\/05\/08-768x1024.jpeg\" title=\"08\" target=\"_self\" data-index=\"8\"><img decoding=\"async\" class=\"wpmf_img\" alt=\"08\" src=\"https:\/\/www.carmelitaniscalzi.com\/wp-content\/uploads\/2018\/05\/08-150x150.jpeg\" data-type=\"wpmfgalleryimg\" data-lazy-src=\"https:\/\/www.carmelitaniscalzi.com\/wp-content\/uploads\/2018\/05\/08-150x150.jpeg\"><\/a><\/div><\/div><\/div><\/figure><figure class=\"wpmf-gallery-item\" data-index=\"9\"><div class=\"wpmf-gallery-icon\"><div class=\"square_thumbnail\"><div class=\"img_centered\"><a class=\" not_video noLightbox\" data-lightbox=\"1\" data-href=\"https:\/\/www.carmelitaniscalzi.com\/wp-content\/uploads\/2018\/05\/07-578x1024.jpeg\" title=\"07\" target=\"_self\" data-index=\"9\"><img decoding=\"async\" class=\"wpmf_img\" alt=\"07\" src=\"https:\/\/www.carmelitaniscalzi.com\/wp-content\/uploads\/2018\/05\/07-150x150.jpeg\" data-type=\"wpmfgalleryimg\" data-lazy-src=\"https:\/\/www.carmelitaniscalzi.com\/wp-content\/uploads\/2018\/05\/07-150x150.jpeg\"><\/a><\/div><\/div><\/div><\/figure><figure class=\"wpmf-gallery-item\" data-index=\"10\"><div class=\"wpmf-gallery-icon\"><div class=\"square_thumbnail\"><div class=\"img_centered\"><a class=\" not_video noLightbox\" data-lightbox=\"1\" data-href=\"https:\/\/www.carmelitaniscalzi.com\/wp-content\/uploads\/2018\/05\/06-768x1024.jpeg\" title=\"06\" target=\"_self\" data-index=\"10\"><img decoding=\"async\" class=\"wpmf_img\" alt=\"06\" src=\"https:\/\/www.carmelitaniscalzi.com\/wp-content\/uploads\/2018\/05\/06-150x150.jpeg\" data-type=\"wpmfgalleryimg\" data-lazy-src=\"https:\/\/www.carmelitaniscalzi.com\/wp-content\/uploads\/2018\/05\/06-150x150.jpeg\"><\/a><\/div><\/div><\/div><\/figure><figure class=\"wpmf-gallery-item\" data-index=\"11\"><div class=\"wpmf-gallery-icon\"><div class=\"square_thumbnail\"><div class=\"img_centered\"><a class=\" not_video noLightbox\" data-lightbox=\"1\" data-href=\"https:\/\/www.carmelitaniscalzi.com\/wp-content\/uploads\/2018\/05\/03-768x1024.jpeg\" title=\"03\" target=\"_self\" data-index=\"11\"><img decoding=\"async\" class=\"wpmf_img\" alt=\"03\" src=\"https:\/\/www.carmelitaniscalzi.com\/wp-content\/uploads\/2018\/05\/03-150x150.jpeg\" data-type=\"wpmfgalleryimg\" data-lazy-src=\"https:\/\/www.carmelitaniscalzi.com\/wp-content\/uploads\/2018\/05\/03-150x150.jpeg\"><\/a><\/div><\/div><\/div><\/figure><figure class=\"wpmf-gallery-item\" data-index=\"12\"><div class=\"wpmf-gallery-icon\"><div class=\"square_thumbnail\"><div class=\"img_centered\"><a class=\" not_video noLightbox\" data-lightbox=\"1\" data-href=\"https:\/\/www.carmelitaniscalzi.com\/wp-content\/uploads\/2018\/05\/016-768x1024.jpeg\" title=\"016\" target=\"_self\" data-index=\"12\"><img decoding=\"async\" class=\"wpmf_img\" alt=\"016\" src=\"https:\/\/www.carmelitaniscalzi.com\/wp-content\/uploads\/2018\/05\/016-150x150.jpeg\" data-type=\"wpmfgalleryimg\" data-lazy-src=\"https:\/\/www.carmelitaniscalzi.com\/wp-content\/uploads\/2018\/05\/016-150x150.jpeg\"><\/a><\/div><\/div><\/div><\/figure><\/div><\/div>\n","protected":false},"excerpt":{"rendered":"<p>\u201cNo dia de Ramos [11 de abril], ano de 1568, passando a prociss\u00e3o do lugar por n\u00f3s, com os v\u00e9us diante do rosto e capas brancas, fomos \u00e0 igreja do lugar, onde houve prega\u00e7\u00e3o, e dali levou-se o Sant\u00edssimo Sacramento ao nosso mosteiro. Causou muita devo\u00e7\u00e3o a todos\u201d. Assim narra Santa Teresa no cap\u00edtulo 9, [&hellip;]<\/p>\n","protected":false},"author":7,"featured_media":20640,"comment_status":"closed","ping_status":"closed","sticky":false,"template":"","format":"standard","meta":{"_acf_changed":false,"footnotes":""},"categories":[235,237,373],"tags":[],"class_list":["post-20661","post","type-post","status-publish","format-standard","has-post-thumbnail","hentry","category-noticias-frades","category-noticias-monjas-pt-br","category-noticias"],"acf":[],"yoast_head":"<!-- This site is optimized with the Yoast SEO plugin v26.3 - https:\/\/yoast.com\/wordpress\/plugins\/seo\/ -->\n<title>450 anos da funda\u00e7\u00e3o de Malag\u00f3n (terceira funda\u00e7\u00e3o de Santa Teresa) - CARMELITAS DESCAL\u00c7OS<\/title>\n<meta name=\"robots\" content=\"index, follow, max-snippet:-1, max-image-preview:large, max-video-preview:-1\" \/>\n<link rel=\"canonical\" href=\"https:\/\/www.carmelitaniscalzi.com\/pt-br\/2018\/05\/03\/450-anos-fundacao-de-malagon-terceira-fundacao-de-santa-teresa\/\" \/>\n<meta property=\"og:locale\" content=\"pt_BR\" \/>\n<meta property=\"og:type\" content=\"article\" \/>\n<meta property=\"og:title\" content=\"450 anos da funda\u00e7\u00e3o de Malag\u00f3n (terceira funda\u00e7\u00e3o de Santa Teresa) - CARMELITAS DESCAL\u00c7OS\" \/>\n<meta property=\"og:description\" content=\"\u201cNo dia de Ramos [11 de abril], ano de 1568, passando a prociss\u00e3o do lugar por n\u00f3s, com os v\u00e9us diante do rosto e capas brancas, fomos \u00e0 igreja do lugar, onde houve prega\u00e7\u00e3o, e dali levou-se o Sant\u00edssimo Sacramento ao nosso mosteiro. Causou muita devo\u00e7\u00e3o a todos\u201d. Assim narra Santa Teresa no cap\u00edtulo 9, [&hellip;]\" \/>\n<meta property=\"og:url\" content=\"https:\/\/www.carmelitaniscalzi.com\/pt-br\/2018\/05\/03\/450-anos-fundacao-de-malagon-terceira-fundacao-de-santa-teresa\/\" \/>\n<meta property=\"og:site_name\" content=\"CARMELITAS DESCAL\u00c7OS\" \/>\n<meta property=\"article:publisher\" content=\"https:\/\/www.facebook.com\/Curia-Generalizia-Carmelitani-Scalzi-658766940887784\/\" \/>\n<meta property=\"article:published_time\" content=\"2018-05-03T13:48:40+00:00\" \/>\n<meta property=\"og:image\" content=\"https:\/\/www.carmelitaniscalzi.com\/wp-content\/uploads\/2018\/05\/0.jpeg\" \/>\n\t<meta property=\"og:image:width\" content=\"1600\" \/>\n\t<meta property=\"og:image:height\" content=\"1200\" \/>\n\t<meta property=\"og:image:type\" content=\"image\/jpeg\" \/>\n<meta name=\"author\" content=\"ocd web master\" \/>\n<meta name=\"twitter:card\" content=\"summary_large_image\" \/>\n<meta name=\"twitter:creator\" content=\"@ocdcuria\" \/>\n<meta name=\"twitter:site\" content=\"@ocdcuria\" \/>\n<meta name=\"twitter:label1\" content=\"Escrito por\" \/>\n\t<meta name=\"twitter:data1\" content=\"ocd web master\" \/>\n\t<meta name=\"twitter:label2\" content=\"Est. tempo de leitura\" \/>\n\t<meta name=\"twitter:data2\" content=\"2 minutos\" \/>\n<script type=\"application\/ld+json\" class=\"yoast-schema-graph\">{\"@context\":\"https:\/\/schema.org\",\"@graph\":[{\"@type\":\"Article\",\"@id\":\"https:\/\/www.carmelitaniscalzi.com\/pt-br\/2018\/05\/03\/450-anos-fundacao-de-malagon-terceira-fundacao-de-santa-teresa\/#article\",\"isPartOf\":{\"@id\":\"https:\/\/www.carmelitaniscalzi.com\/pt-br\/2018\/05\/03\/450-anos-fundacao-de-malagon-terceira-fundacao-de-santa-teresa\/\"},\"author\":{\"name\":\"ocd web master\",\"@id\":\"https:\/\/www.carmelitaniscalzi.com\/#\/schema\/person\/6d1c0d9bea7b6625c437246a5d6da409\"},\"headline\":\"450 anos da funda\u00e7\u00e3o de Malag\u00f3n (terceira funda\u00e7\u00e3o de Santa Teresa)\",\"datePublished\":\"2018-05-03T13:48:40+00:00\",\"mainEntityOfPage\":{\"@id\":\"https:\/\/www.carmelitaniscalzi.com\/pt-br\/2018\/05\/03\/450-anos-fundacao-de-malagon-terceira-fundacao-de-santa-teresa\/\"},\"wordCount\":328,\"publisher\":{\"@id\":\"https:\/\/www.carmelitaniscalzi.com\/#organization\"},\"image\":{\"@id\":\"https:\/\/www.carmelitaniscalzi.com\/pt-br\/2018\/05\/03\/450-anos-fundacao-de-malagon-terceira-fundacao-de-santa-teresa\/#primaryimage\"},\"thumbnailUrl\":\"https:\/\/www.carmelitaniscalzi.com\/wp-content\/uploads\/2018\/05\/0.jpeg\",\"articleSection\":[\"Not\u00edcias Frades\",\"Not\u00edcias Monjas\",\"Not\u00edcias\"],\"inLanguage\":\"pt-BR\"},{\"@type\":\"WebPage\",\"@id\":\"https:\/\/www.carmelitaniscalzi.com\/pt-br\/2018\/05\/03\/450-anos-fundacao-de-malagon-terceira-fundacao-de-santa-teresa\/\",\"url\":\"https:\/\/www.carmelitaniscalzi.com\/pt-br\/2018\/05\/03\/450-anos-fundacao-de-malagon-terceira-fundacao-de-santa-teresa\/\",\"name\":\"450 anos da funda\u00e7\u00e3o de Malag\u00f3n (terceira funda\u00e7\u00e3o de Santa Teresa) - CARMELITAS DESCAL\u00c7OS\",\"isPartOf\":{\"@id\":\"https:\/\/www.carmelitaniscalzi.com\/#website\"},\"primaryImageOfPage\":{\"@id\":\"https:\/\/www.carmelitaniscalzi.com\/pt-br\/2018\/05\/03\/450-anos-fundacao-de-malagon-terceira-fundacao-de-santa-teresa\/#primaryimage\"},\"image\":{\"@id\":\"https:\/\/www.carmelitaniscalzi.com\/pt-br\/2018\/05\/03\/450-anos-fundacao-de-malagon-terceira-fundacao-de-santa-teresa\/#primaryimage\"},\"thumbnailUrl\":\"https:\/\/www.carmelitaniscalzi.com\/wp-content\/uploads\/2018\/05\/0.jpeg\",\"datePublished\":\"2018-05-03T13:48:40+00:00\",\"breadcrumb\":{\"@id\":\"https:\/\/www.carmelitaniscalzi.com\/pt-br\/2018\/05\/03\/450-anos-fundacao-de-malagon-terceira-fundacao-de-santa-teresa\/#breadcrumb\"},\"inLanguage\":\"pt-BR\",\"potentialAction\":[{\"@type\":\"ReadAction\",\"target\":[\"https:\/\/www.carmelitaniscalzi.com\/pt-br\/2018\/05\/03\/450-anos-fundacao-de-malagon-terceira-fundacao-de-santa-teresa\/\"]}]},{\"@type\":\"ImageObject\",\"inLanguage\":\"pt-BR\",\"@id\":\"https:\/\/www.carmelitaniscalzi.com\/pt-br\/2018\/05\/03\/450-anos-fundacao-de-malagon-terceira-fundacao-de-santa-teresa\/#primaryimage\",\"url\":\"https:\/\/www.carmelitaniscalzi.com\/wp-content\/uploads\/2018\/05\/0.jpeg\",\"contentUrl\":\"https:\/\/www.carmelitaniscalzi.com\/wp-content\/uploads\/2018\/05\/0.jpeg\",\"width\":1600,\"height\":1200},{\"@type\":\"BreadcrumbList\",\"@id\":\"https:\/\/www.carmelitaniscalzi.com\/pt-br\/2018\/05\/03\/450-anos-fundacao-de-malagon-terceira-fundacao-de-santa-teresa\/#breadcrumb\",\"itemListElement\":[{\"@type\":\"ListItem\",\"position\":1,\"name\":\"Home\",\"item\":\"https:\/\/www.carmelitaniscalzi.com\/pt-br\/\"},{\"@type\":\"ListItem\",\"position\":2,\"name\":\"450 anos da funda\u00e7\u00e3o de Malag\u00f3n (terceira funda\u00e7\u00e3o de Santa Teresa)\"}]},{\"@type\":\"WebSite\",\"@id\":\"https:\/\/www.carmelitaniscalzi.com\/#website\",\"url\":\"https:\/\/www.carmelitaniscalzi.com\/\",\"name\":\"CARMELITANI SCALZI - Curia Generale del Carmelo Teresiano\",\"description\":\"C\u00faria General\u00edcia do Carmelo Teresiano\",\"publisher\":{\"@id\":\"https:\/\/www.carmelitaniscalzi.com\/#organization\"},\"alternateName\":\"CARMELITANI SCALZI\",\"potentialAction\":[{\"@type\":\"SearchAction\",\"target\":{\"@type\":\"EntryPoint\",\"urlTemplate\":\"https:\/\/www.carmelitaniscalzi.com\/?s={search_term_string}\"},\"query-input\":{\"@type\":\"PropertyValueSpecification\",\"valueRequired\":true,\"valueName\":\"search_term_string\"}}],\"inLanguage\":\"pt-BR\"},{\"@type\":\"Organization\",\"@id\":\"https:\/\/www.carmelitaniscalzi.com\/#organization\",\"name\":\"CARMELITANI SCALZI - Curia Generale del Carmelo Teresiano\",\"url\":\"https:\/\/www.carmelitaniscalzi.com\/\",\"logo\":{\"@type\":\"ImageObject\",\"inLanguage\":\"pt-BR\",\"@id\":\"https:\/\/www.carmelitaniscalzi.com\/#\/schema\/logo\/image\/\",\"url\":\"https:\/\/www.carmelitaniscalzi.com\/wp-content\/uploads\/2025\/11\/login-logo.png\",\"contentUrl\":\"https:\/\/www.carmelitaniscalzi.com\/wp-content\/uploads\/2025\/11\/login-logo.png\",\"width\":256,\"height\":256,\"caption\":\"CARMELITANI SCALZI - Curia Generale del Carmelo Teresiano\"},\"image\":{\"@id\":\"https:\/\/www.carmelitaniscalzi.com\/#\/schema\/logo\/image\/\"},\"sameAs\":[\"https:\/\/www.facebook.com\/Curia-Generalizia-Carmelitani-Scalzi-658766940887784\/\",\"https:\/\/x.com\/ocdcuria\",\"https:\/\/www.youtube.com\/channel\/UC2J5ZL0ycOY0qBSTCLX_NGQ\/videos\",\"https:\/\/www.instagram.com\/ocdinform\/\"]},{\"@type\":\"Person\",\"@id\":\"https:\/\/www.carmelitaniscalzi.com\/#\/schema\/person\/6d1c0d9bea7b6625c437246a5d6da409\",\"name\":\"ocd web master\",\"image\":{\"@type\":\"ImageObject\",\"inLanguage\":\"pt-BR\",\"@id\":\"https:\/\/www.carmelitaniscalzi.com\/#\/schema\/person\/image\/\",\"url\":\"https:\/\/secure.gravatar.com\/avatar\/41fbc5f82bad909fbaf2984c43fa50d8519ac5853e25b454d022b6868f80d0e7?s=96&d=mm&r=g\",\"contentUrl\":\"https:\/\/secure.gravatar.com\/avatar\/41fbc5f82bad909fbaf2984c43fa50d8519ac5853e25b454d022b6868f80d0e7?s=96&d=mm&r=g\",\"caption\":\"ocd web master\"},\"url\":\"https:\/\/www.carmelitaniscalzi.com\/pt-br\/author\/ocdwebmaster\/\"}]}<\/script>\n<!-- \/ Yoast SEO plugin. -->","yoast_head_json":{"title":"450 anos da funda\u00e7\u00e3o de Malag\u00f3n (terceira funda\u00e7\u00e3o de Santa Teresa) - CARMELITAS DESCAL\u00c7OS","robots":{"index":"index","follow":"follow","max-snippet":"max-snippet:-1","max-image-preview":"max-image-preview:large","max-video-preview":"max-video-preview:-1"},"canonical":"https:\/\/www.carmelitaniscalzi.com\/pt-br\/2018\/05\/03\/450-anos-fundacao-de-malagon-terceira-fundacao-de-santa-teresa\/","og_locale":"pt_BR","og_type":"article","og_title":"450 anos da funda\u00e7\u00e3o de Malag\u00f3n (terceira funda\u00e7\u00e3o de Santa Teresa) - CARMELITAS DESCAL\u00c7OS","og_description":"\u201cNo dia de Ramos [11 de abril], ano de 1568, passando a prociss\u00e3o do lugar por n\u00f3s, com os v\u00e9us diante do rosto e capas brancas, fomos \u00e0 igreja do lugar, onde houve prega\u00e7\u00e3o, e dali levou-se o Sant\u00edssimo Sacramento ao nosso mosteiro. Causou muita devo\u00e7\u00e3o a todos\u201d. Assim narra Santa Teresa no cap\u00edtulo 9, [&hellip;]","og_url":"https:\/\/www.carmelitaniscalzi.com\/pt-br\/2018\/05\/03\/450-anos-fundacao-de-malagon-terceira-fundacao-de-santa-teresa\/","og_site_name":"CARMELITAS DESCAL\u00c7OS","article_publisher":"https:\/\/www.facebook.com\/Curia-Generalizia-Carmelitani-Scalzi-658766940887784\/","article_published_time":"2018-05-03T13:48:40+00:00","og_image":[{"width":1600,"height":1200,"url":"https:\/\/www.carmelitaniscalzi.com\/wp-content\/uploads\/2018\/05\/0.jpeg","type":"image\/jpeg"}],"author":"ocd web master","twitter_card":"summary_large_image","twitter_creator":"@ocdcuria","twitter_site":"@ocdcuria","twitter_misc":{"Escrito por":"ocd web master","Est. tempo de leitura":"2 minutos"},"schema":{"@context":"https:\/\/schema.org","@graph":[{"@type":"Article","@id":"https:\/\/www.carmelitaniscalzi.com\/pt-br\/2018\/05\/03\/450-anos-fundacao-de-malagon-terceira-fundacao-de-santa-teresa\/#article","isPartOf":{"@id":"https:\/\/www.carmelitaniscalzi.com\/pt-br\/2018\/05\/03\/450-anos-fundacao-de-malagon-terceira-fundacao-de-santa-teresa\/"},"author":{"name":"ocd web master","@id":"https:\/\/www.carmelitaniscalzi.com\/#\/schema\/person\/6d1c0d9bea7b6625c437246a5d6da409"},"headline":"450 anos da funda\u00e7\u00e3o de Malag\u00f3n (terceira funda\u00e7\u00e3o de Santa Teresa)","datePublished":"2018-05-03T13:48:40+00:00","mainEntityOfPage":{"@id":"https:\/\/www.carmelitaniscalzi.com\/pt-br\/2018\/05\/03\/450-anos-fundacao-de-malagon-terceira-fundacao-de-santa-teresa\/"},"wordCount":328,"publisher":{"@id":"https:\/\/www.carmelitaniscalzi.com\/#organization"},"image":{"@id":"https:\/\/www.carmelitaniscalzi.com\/pt-br\/2018\/05\/03\/450-anos-fundacao-de-malagon-terceira-fundacao-de-santa-teresa\/#primaryimage"},"thumbnailUrl":"https:\/\/www.carmelitaniscalzi.com\/wp-content\/uploads\/2018\/05\/0.jpeg","articleSection":["Not\u00edcias Frades","Not\u00edcias Monjas","Not\u00edcias"],"inLanguage":"pt-BR"},{"@type":"WebPage","@id":"https:\/\/www.carmelitaniscalzi.com\/pt-br\/2018\/05\/03\/450-anos-fundacao-de-malagon-terceira-fundacao-de-santa-teresa\/","url":"https:\/\/www.carmelitaniscalzi.com\/pt-br\/2018\/05\/03\/450-anos-fundacao-de-malagon-terceira-fundacao-de-santa-teresa\/","name":"450 anos da funda\u00e7\u00e3o de Malag\u00f3n (terceira funda\u00e7\u00e3o de Santa Teresa) - CARMELITAS DESCAL\u00c7OS","isPartOf":{"@id":"https:\/\/www.carmelitaniscalzi.com\/#website"},"primaryImageOfPage":{"@id":"https:\/\/www.carmelitaniscalzi.com\/pt-br\/2018\/05\/03\/450-anos-fundacao-de-malagon-terceira-fundacao-de-santa-teresa\/#primaryimage"},"image":{"@id":"https:\/\/www.carmelitaniscalzi.com\/pt-br\/2018\/05\/03\/450-anos-fundacao-de-malagon-terceira-fundacao-de-santa-teresa\/#primaryimage"},"thumbnailUrl":"https:\/\/www.carmelitaniscalzi.com\/wp-content\/uploads\/2018\/05\/0.jpeg","datePublished":"2018-05-03T13:48:40+00:00","breadcrumb":{"@id":"https:\/\/www.carmelitaniscalzi.com\/pt-br\/2018\/05\/03\/450-anos-fundacao-de-malagon-terceira-fundacao-de-santa-teresa\/#breadcrumb"},"inLanguage":"pt-BR","potentialAction":[{"@type":"ReadAction","target":["https:\/\/www.carmelitaniscalzi.com\/pt-br\/2018\/05\/03\/450-anos-fundacao-de-malagon-terceira-fundacao-de-santa-teresa\/"]}]},{"@type":"ImageObject","inLanguage":"pt-BR","@id":"https:\/\/www.carmelitaniscalzi.com\/pt-br\/2018\/05\/03\/450-anos-fundacao-de-malagon-terceira-fundacao-de-santa-teresa\/#primaryimage","url":"https:\/\/www.carmelitaniscalzi.com\/wp-content\/uploads\/2018\/05\/0.jpeg","contentUrl":"https:\/\/www.carmelitaniscalzi.com\/wp-content\/uploads\/2018\/05\/0.jpeg","width":1600,"height":1200},{"@type":"BreadcrumbList","@id":"https:\/\/www.carmelitaniscalzi.com\/pt-br\/2018\/05\/03\/450-anos-fundacao-de-malagon-terceira-fundacao-de-santa-teresa\/#breadcrumb","itemListElement":[{"@type":"ListItem","position":1,"name":"Home","item":"https:\/\/www.carmelitaniscalzi.com\/pt-br\/"},{"@type":"ListItem","position":2,"name":"450 anos da funda\u00e7\u00e3o de Malag\u00f3n (terceira funda\u00e7\u00e3o de Santa Teresa)"}]},{"@type":"WebSite","@id":"https:\/\/www.carmelitaniscalzi.com\/#website","url":"https:\/\/www.carmelitaniscalzi.com\/","name":"CARMELITANI SCALZI - Curia Generale del Carmelo Teresiano","description":"C\u00faria General\u00edcia do Carmelo Teresiano","publisher":{"@id":"https:\/\/www.carmelitaniscalzi.com\/#organization"},"alternateName":"CARMELITANI SCALZI","potentialAction":[{"@type":"SearchAction","target":{"@type":"EntryPoint","urlTemplate":"https:\/\/www.carmelitaniscalzi.com\/?s={search_term_string}"},"query-input":{"@type":"PropertyValueSpecification","valueRequired":true,"valueName":"search_term_string"}}],"inLanguage":"pt-BR"},{"@type":"Organization","@id":"https:\/\/www.carmelitaniscalzi.com\/#organization","name":"CARMELITANI SCALZI - Curia Generale del Carmelo Teresiano","url":"https:\/\/www.carmelitaniscalzi.com\/","logo":{"@type":"ImageObject","inLanguage":"pt-BR","@id":"https:\/\/www.carmelitaniscalzi.com\/#\/schema\/logo\/image\/","url":"https:\/\/www.carmelitaniscalzi.com\/wp-content\/uploads\/2025\/11\/login-logo.png","contentUrl":"https:\/\/www.carmelitaniscalzi.com\/wp-content\/uploads\/2025\/11\/login-logo.png","width":256,"height":256,"caption":"CARMELITANI SCALZI - Curia Generale del Carmelo Teresiano"},"image":{"@id":"https:\/\/www.carmelitaniscalzi.com\/#\/schema\/logo\/image\/"},"sameAs":["https:\/\/www.facebook.com\/Curia-Generalizia-Carmelitani-Scalzi-658766940887784\/","https:\/\/x.com\/ocdcuria","https:\/\/www.youtube.com\/channel\/UC2J5ZL0ycOY0qBSTCLX_NGQ\/videos","https:\/\/www.instagram.com\/ocdinform\/"]},{"@type":"Person","@id":"https:\/\/www.carmelitaniscalzi.com\/#\/schema\/person\/6d1c0d9bea7b6625c437246a5d6da409","name":"ocd web master","image":{"@type":"ImageObject","inLanguage":"pt-BR","@id":"https:\/\/www.carmelitaniscalzi.com\/#\/schema\/person\/image\/","url":"https:\/\/secure.gravatar.com\/avatar\/41fbc5f82bad909fbaf2984c43fa50d8519ac5853e25b454d022b6868f80d0e7?s=96&d=mm&r=g","contentUrl":"https:\/\/secure.gravatar.com\/avatar\/41fbc5f82bad909fbaf2984c43fa50d8519ac5853e25b454d022b6868f80d0e7?s=96&d=mm&r=g","caption":"ocd web master"},"url":"https:\/\/www.carmelitaniscalzi.com\/pt-br\/author\/ocdwebmaster\/"}]}},"_links":{"self":[{"href":"https:\/\/www.carmelitaniscalzi.com\/pt-br\/wp-json\/wp\/v2\/posts\/20661","targetHints":{"allow":["GET"]}}],"collection":[{"href":"https:\/\/www.carmelitaniscalzi.com\/pt-br\/wp-json\/wp\/v2\/posts"}],"about":[{"href":"https:\/\/www.carmelitaniscalzi.com\/pt-br\/wp-json\/wp\/v2\/types\/post"}],"author":[{"embeddable":true,"href":"https:\/\/www.carmelitaniscalzi.com\/pt-br\/wp-json\/wp\/v2\/users\/7"}],"replies":[{"embeddable":true,"href":"https:\/\/www.carmelitaniscalzi.com\/pt-br\/wp-json\/wp\/v2\/comments?post=20661"}],"version-history":[{"count":0,"href":"https:\/\/www.carmelitaniscalzi.com\/pt-br\/wp-json\/wp\/v2\/posts\/20661\/revisions"}],"wp:featuredmedia":[{"embeddable":true,"href":"https:\/\/www.carmelitaniscalzi.com\/pt-br\/wp-json\/wp\/v2\/media\/20640"}],"wp:attachment":[{"href":"https:\/\/www.carmelitaniscalzi.com\/pt-br\/wp-json\/wp\/v2\/media?parent=20661"}],"wp:term":[{"taxonomy":"category","embeddable":true,"href":"https:\/\/www.carmelitaniscalzi.com\/pt-br\/wp-json\/wp\/v2\/categories?post=20661"},{"taxonomy":"post_tag","embeddable":true,"href":"https:\/\/www.carmelitaniscalzi.com\/pt-br\/wp-json\/wp\/v2\/tags?post=20661"}],"curies":[{"name":"wp","href":"https:\/\/api.w.org\/{rel}","templated":true}]}}