{"id":205715,"date":"2023-01-10T02:00:31","date_gmt":"2023-01-10T01:00:31","guid":{"rendered":"https:\/\/www.carmelitaniscalzi.com\/?p=205715"},"modified":"2023-01-16T02:52:58","modified_gmt":"2023-01-16T01:52:58","slug":"italia-ocds-da-provincia-de-veneza-encontra-se-com-o-padre-geral","status":"publish","type":"post","link":"https:\/\/www.carmelitaniscalzi.com\/pt-br\/2023\/01\/10\/italia-ocds-da-provincia-de-veneza-encontra-se-com-o-padre-geral\/","title":{"rendered":"It\u00e1lia: OCDS da Prov\u00edncia de Veneza encontra-se com o Padre Geral"},"content":{"rendered":"<p>A 3 de Dezembro, no Convento dos Padres Carmelitas de Verona, as Comunidades OCDS da Prov\u00edncia de Veneza passaram uma tarde de alegria e fraternidade com o P. Miguel M\u00e1rquez Calle, Geral, o P. Roberto Maria Pirastu, Definidor Geral, o P. Fabio Silvestri, Provincial de Veneza, e o P. Aldo Formentin, Delegado Provincial para a OCDS.<\/p>\n<p>A Presidente Provincial exp\u00f4s a situa\u00e7\u00e3o da Prov\u00edncia, destacando as preocupa\u00e7\u00f5es, mas tamb\u00e9m os sinais de confian\u00e7a no futuro. Depois o Presidente da Coordena\u00e7\u00e3o Interprovincial comunicou aos presentes o projeto do Congresso Nacional do OCDS, de 12 a 15 de Julho de 2023. Finalmente, o Respons\u00e1vel Nacional pela Forma\u00e7\u00e3o explicou como o grupo de Formadores Provinciais est\u00e1 a seguir a forma\u00e7\u00e3o inicial nas Prov\u00edncias e como o novo programa de forma\u00e7\u00e3o nacional est\u00e1 a ser utilizado.<\/p>\n<p>O P. Miguel contou-nos algumas anedotas pessoais sobre as li\u00e7\u00f5es que recebeu dos seus pais, os seus primeiros momentos de medo depois de ter sido eleito General, e em seguida a sua confian\u00e7a em Deus. Numa interven\u00e7\u00e3o fundamental e incisiva, prop\u00f4s palavras-chave, desafios a enfrentar a fim de moldar a nossa vida segundo o estilo carmelita.<\/p>\n<p>O encontro terminou com um momento festivo e de fraternidade e uma fotografia de grupo em mem\u00f3ria desta bela experi\u00eancia.<\/p>\n","protected":false},"excerpt":{"rendered":"<p>A 3 de Dezembro, no Convento dos Padres Carmelitas de Verona, as Comunidades OCDS da Prov\u00edncia de Veneza passaram uma tarde de alegria e fraternidade com o P. Miguel M\u00e1rquez Calle, Geral, o P. Roberto Maria Pirastu, Definidor Geral, o P. Fabio Silvestri, Provincial de Veneza, e o P. Aldo Formentin, Delegado Provincial para a [&hellip;]<\/p>\n","protected":false},"author":7,"featured_media":205671,"comment_status":"closed","ping_status":"open","sticky":false,"template":"","format":"standard","meta":{"_acf_changed":false,"footnotes":""},"categories":[239,264,373],"tags":[],"class_list":["post-205715","post","type-post","status-publish","format-standard","has-post-thumbnail","hentry","category-noticias-preposito-geral","category-noticias-ocds-pt-br","category-noticias"],"acf":[],"yoast_head":"<!-- This site is optimized with the Yoast SEO plugin v26.3 - https:\/\/yoast.com\/wordpress\/plugins\/seo\/ -->\n<title>It\u00e1lia: OCDS da Prov\u00edncia de Veneza encontra-se com o Padre Geral - CARMELITAS DESCAL\u00c7OS<\/title>\n<meta name=\"robots\" content=\"index, follow, max-snippet:-1, max-image-preview:large, max-video-preview:-1\" \/>\n<link rel=\"canonical\" href=\"https:\/\/www.carmelitaniscalzi.com\/pt-br\/2023\/01\/10\/italia-ocds-da-provincia-de-veneza-encontra-se-com-o-padre-geral\/\" \/>\n<meta property=\"og:locale\" content=\"pt_BR\" \/>\n<meta property=\"og:type\" content=\"article\" \/>\n<meta property=\"og:title\" content=\"It\u00e1lia: OCDS da Prov\u00edncia de Veneza encontra-se com o Padre Geral - CARMELITAS DESCAL\u00c7OS\" \/>\n<meta property=\"og:description\" content=\"A 3 de Dezembro, no Convento dos Padres Carmelitas de Verona, as Comunidades OCDS da Prov\u00edncia de Veneza passaram uma tarde de alegria e fraternidade com o P. Miguel M\u00e1rquez Calle, Geral, o P. Roberto Maria Pirastu, Definidor Geral, o P. Fabio Silvestri, Provincial de Veneza, e o P. Aldo Formentin, Delegado Provincial para a [&hellip;]\" \/>\n<meta property=\"og:url\" content=\"https:\/\/www.carmelitaniscalzi.com\/pt-br\/2023\/01\/10\/italia-ocds-da-provincia-de-veneza-encontra-se-com-o-padre-geral\/\" \/>\n<meta property=\"og:site_name\" content=\"CARMELITAS DESCAL\u00c7OS\" \/>\n<meta property=\"article:publisher\" content=\"https:\/\/www.facebook.com\/Curia-Generalizia-Carmelitani-Scalzi-658766940887784\/\" \/>\n<meta property=\"article:published_time\" content=\"2023-01-10T01:00:31+00:00\" \/>\n<meta property=\"article:modified_time\" content=\"2023-01-16T01:52:58+00:00\" \/>\n<meta property=\"og:image\" content=\"https:\/\/www.carmelitaniscalzi.com\/wp-content\/uploads\/2023\/01\/Cover_italia_12.2022.jpg\" \/>\n\t<meta property=\"og:image:width\" content=\"1200\" \/>\n\t<meta property=\"og:image:height\" content=\"800\" \/>\n\t<meta property=\"og:image:type\" content=\"image\/jpeg\" \/>\n<meta name=\"author\" content=\"ocd web master\" \/>\n<meta name=\"twitter:card\" content=\"summary_large_image\" \/>\n<meta name=\"twitter:creator\" content=\"@ocdcuria\" \/>\n<meta name=\"twitter:site\" content=\"@ocdcuria\" \/>\n<meta name=\"twitter:label1\" content=\"Escrito por\" \/>\n\t<meta name=\"twitter:data1\" content=\"ocd web master\" \/>\n\t<meta name=\"twitter:label2\" content=\"Est. tempo de leitura\" \/>\n\t<meta name=\"twitter:data2\" content=\"1 minuto\" \/>\n<script type=\"application\/ld+json\" class=\"yoast-schema-graph\">{\"@context\":\"https:\/\/schema.org\",\"@graph\":[{\"@type\":\"Article\",\"@id\":\"https:\/\/www.carmelitaniscalzi.com\/pt-br\/2023\/01\/10\/italia-ocds-da-provincia-de-veneza-encontra-se-com-o-padre-geral\/#article\",\"isPartOf\":{\"@id\":\"https:\/\/www.carmelitaniscalzi.com\/pt-br\/2023\/01\/10\/italia-ocds-da-provincia-de-veneza-encontra-se-com-o-padre-geral\/\"},\"author\":{\"name\":\"ocd web master\",\"@id\":\"https:\/\/www.carmelitaniscalzi.com\/#\/schema\/person\/6d1c0d9bea7b6625c437246a5d6da409\"},\"headline\":\"It\u00e1lia: OCDS da Prov\u00edncia de Veneza encontra-se com o Padre Geral\",\"datePublished\":\"2023-01-10T01:00:31+00:00\",\"dateModified\":\"2023-01-16T01:52:58+00:00\",\"mainEntityOfPage\":{\"@id\":\"https:\/\/www.carmelitaniscalzi.com\/pt-br\/2023\/01\/10\/italia-ocds-da-provincia-de-veneza-encontra-se-com-o-padre-geral\/\"},\"wordCount\":237,\"publisher\":{\"@id\":\"https:\/\/www.carmelitaniscalzi.com\/#organization\"},\"image\":{\"@id\":\"https:\/\/www.carmelitaniscalzi.com\/pt-br\/2023\/01\/10\/italia-ocds-da-provincia-de-veneza-encontra-se-com-o-padre-geral\/#primaryimage\"},\"thumbnailUrl\":\"https:\/\/www.carmelitaniscalzi.com\/wp-content\/uploads\/2023\/01\/Cover_italia_12.2022.jpg\",\"articleSection\":[\"Not\u00edcias Prep\u00f3sito Geral\",\"Not\u00edcias OCDS\",\"Not\u00edcias\"],\"inLanguage\":\"pt-BR\"},{\"@type\":\"WebPage\",\"@id\":\"https:\/\/www.carmelitaniscalzi.com\/pt-br\/2023\/01\/10\/italia-ocds-da-provincia-de-veneza-encontra-se-com-o-padre-geral\/\",\"url\":\"https:\/\/www.carmelitaniscalzi.com\/pt-br\/2023\/01\/10\/italia-ocds-da-provincia-de-veneza-encontra-se-com-o-padre-geral\/\",\"name\":\"It\u00e1lia: OCDS da Prov\u00edncia de Veneza encontra-se com o Padre Geral - CARMELITAS DESCAL\u00c7OS\",\"isPartOf\":{\"@id\":\"https:\/\/www.carmelitaniscalzi.com\/#website\"},\"primaryImageOfPage\":{\"@id\":\"https:\/\/www.carmelitaniscalzi.com\/pt-br\/2023\/01\/10\/italia-ocds-da-provincia-de-veneza-encontra-se-com-o-padre-geral\/#primaryimage\"},\"image\":{\"@id\":\"https:\/\/www.carmelitaniscalzi.com\/pt-br\/2023\/01\/10\/italia-ocds-da-provincia-de-veneza-encontra-se-com-o-padre-geral\/#primaryimage\"},\"thumbnailUrl\":\"https:\/\/www.carmelitaniscalzi.com\/wp-content\/uploads\/2023\/01\/Cover_italia_12.2022.jpg\",\"datePublished\":\"2023-01-10T01:00:31+00:00\",\"dateModified\":\"2023-01-16T01:52:58+00:00\",\"breadcrumb\":{\"@id\":\"https:\/\/www.carmelitaniscalzi.com\/pt-br\/2023\/01\/10\/italia-ocds-da-provincia-de-veneza-encontra-se-com-o-padre-geral\/#breadcrumb\"},\"inLanguage\":\"pt-BR\",\"potentialAction\":[{\"@type\":\"ReadAction\",\"target\":[\"https:\/\/www.carmelitaniscalzi.com\/pt-br\/2023\/01\/10\/italia-ocds-da-provincia-de-veneza-encontra-se-com-o-padre-geral\/\"]}]},{\"@type\":\"ImageObject\",\"inLanguage\":\"pt-BR\",\"@id\":\"https:\/\/www.carmelitaniscalzi.com\/pt-br\/2023\/01\/10\/italia-ocds-da-provincia-de-veneza-encontra-se-com-o-padre-geral\/#primaryimage\",\"url\":\"https:\/\/www.carmelitaniscalzi.com\/wp-content\/uploads\/2023\/01\/Cover_italia_12.2022.jpg\",\"contentUrl\":\"https:\/\/www.carmelitaniscalzi.com\/wp-content\/uploads\/2023\/01\/Cover_italia_12.2022.jpg\",\"width\":1200,\"height\":800},{\"@type\":\"BreadcrumbList\",\"@id\":\"https:\/\/www.carmelitaniscalzi.com\/pt-br\/2023\/01\/10\/italia-ocds-da-provincia-de-veneza-encontra-se-com-o-padre-geral\/#breadcrumb\",\"itemListElement\":[{\"@type\":\"ListItem\",\"position\":1,\"name\":\"Home\",\"item\":\"https:\/\/www.carmelitaniscalzi.com\/pt-br\/\"},{\"@type\":\"ListItem\",\"position\":2,\"name\":\"It\u00e1lia: OCDS da Prov\u00edncia de Veneza encontra-se com o Padre Geral\"}]},{\"@type\":\"WebSite\",\"@id\":\"https:\/\/www.carmelitaniscalzi.com\/#website\",\"url\":\"https:\/\/www.carmelitaniscalzi.com\/\",\"name\":\"CARMELITANI SCALZI - Curia Generale del Carmelo Teresiano\",\"description\":\"C\u00faria General\u00edcia do Carmelo Teresiano\",\"publisher\":{\"@id\":\"https:\/\/www.carmelitaniscalzi.com\/#organization\"},\"alternateName\":\"CARMELITANI SCALZI\",\"potentialAction\":[{\"@type\":\"SearchAction\",\"target\":{\"@type\":\"EntryPoint\",\"urlTemplate\":\"https:\/\/www.carmelitaniscalzi.com\/?s={search_term_string}\"},\"query-input\":{\"@type\":\"PropertyValueSpecification\",\"valueRequired\":true,\"valueName\":\"search_term_string\"}}],\"inLanguage\":\"pt-BR\"},{\"@type\":\"Organization\",\"@id\":\"https:\/\/www.carmelitaniscalzi.com\/#organization\",\"name\":\"CARMELITANI SCALZI - Curia Generale del Carmelo Teresiano\",\"url\":\"https:\/\/www.carmelitaniscalzi.com\/\",\"logo\":{\"@type\":\"ImageObject\",\"inLanguage\":\"pt-BR\",\"@id\":\"https:\/\/www.carmelitaniscalzi.com\/#\/schema\/logo\/image\/\",\"url\":\"https:\/\/www.carmelitaniscalzi.com\/wp-content\/uploads\/2025\/11\/login-logo.png\",\"contentUrl\":\"https:\/\/www.carmelitaniscalzi.com\/wp-content\/uploads\/2025\/11\/login-logo.png\",\"width\":256,\"height\":256,\"caption\":\"CARMELITANI SCALZI - Curia Generale del Carmelo Teresiano\"},\"image\":{\"@id\":\"https:\/\/www.carmelitaniscalzi.com\/#\/schema\/logo\/image\/\"},\"sameAs\":[\"https:\/\/www.facebook.com\/Curia-Generalizia-Carmelitani-Scalzi-658766940887784\/\",\"https:\/\/x.com\/ocdcuria\",\"https:\/\/www.youtube.com\/channel\/UC2J5ZL0ycOY0qBSTCLX_NGQ\/videos\",\"https:\/\/www.instagram.com\/ocdinform\/\"]},{\"@type\":\"Person\",\"@id\":\"https:\/\/www.carmelitaniscalzi.com\/#\/schema\/person\/6d1c0d9bea7b6625c437246a5d6da409\",\"name\":\"ocd web master\",\"image\":{\"@type\":\"ImageObject\",\"inLanguage\":\"pt-BR\",\"@id\":\"https:\/\/www.carmelitaniscalzi.com\/#\/schema\/person\/image\/\",\"url\":\"https:\/\/secure.gravatar.com\/avatar\/41fbc5f82bad909fbaf2984c43fa50d8519ac5853e25b454d022b6868f80d0e7?s=96&d=mm&r=g\",\"contentUrl\":\"https:\/\/secure.gravatar.com\/avatar\/41fbc5f82bad909fbaf2984c43fa50d8519ac5853e25b454d022b6868f80d0e7?s=96&d=mm&r=g\",\"caption\":\"ocd web master\"},\"url\":\"https:\/\/www.carmelitaniscalzi.com\/pt-br\/author\/ocdwebmaster\/\"}]}<\/script>\n<!-- \/ Yoast SEO plugin. -->","yoast_head_json":{"title":"It\u00e1lia: OCDS da Prov\u00edncia de Veneza encontra-se com o Padre Geral - CARMELITAS DESCAL\u00c7OS","robots":{"index":"index","follow":"follow","max-snippet":"max-snippet:-1","max-image-preview":"max-image-preview:large","max-video-preview":"max-video-preview:-1"},"canonical":"https:\/\/www.carmelitaniscalzi.com\/pt-br\/2023\/01\/10\/italia-ocds-da-provincia-de-veneza-encontra-se-com-o-padre-geral\/","og_locale":"pt_BR","og_type":"article","og_title":"It\u00e1lia: OCDS da Prov\u00edncia de Veneza encontra-se com o Padre Geral - CARMELITAS DESCAL\u00c7OS","og_description":"A 3 de Dezembro, no Convento dos Padres Carmelitas de Verona, as Comunidades OCDS da Prov\u00edncia de Veneza passaram uma tarde de alegria e fraternidade com o P. Miguel M\u00e1rquez Calle, Geral, o P. Roberto Maria Pirastu, Definidor Geral, o P. Fabio Silvestri, Provincial de Veneza, e o P. Aldo Formentin, Delegado Provincial para a [&hellip;]","og_url":"https:\/\/www.carmelitaniscalzi.com\/pt-br\/2023\/01\/10\/italia-ocds-da-provincia-de-veneza-encontra-se-com-o-padre-geral\/","og_site_name":"CARMELITAS DESCAL\u00c7OS","article_publisher":"https:\/\/www.facebook.com\/Curia-Generalizia-Carmelitani-Scalzi-658766940887784\/","article_published_time":"2023-01-10T01:00:31+00:00","article_modified_time":"2023-01-16T01:52:58+00:00","og_image":[{"width":1200,"height":800,"url":"https:\/\/www.carmelitaniscalzi.com\/wp-content\/uploads\/2023\/01\/Cover_italia_12.2022.jpg","type":"image\/jpeg"}],"author":"ocd web master","twitter_card":"summary_large_image","twitter_creator":"@ocdcuria","twitter_site":"@ocdcuria","twitter_misc":{"Escrito por":"ocd web master","Est. tempo de leitura":"1 minuto"},"schema":{"@context":"https:\/\/schema.org","@graph":[{"@type":"Article","@id":"https:\/\/www.carmelitaniscalzi.com\/pt-br\/2023\/01\/10\/italia-ocds-da-provincia-de-veneza-encontra-se-com-o-padre-geral\/#article","isPartOf":{"@id":"https:\/\/www.carmelitaniscalzi.com\/pt-br\/2023\/01\/10\/italia-ocds-da-provincia-de-veneza-encontra-se-com-o-padre-geral\/"},"author":{"name":"ocd web master","@id":"https:\/\/www.carmelitaniscalzi.com\/#\/schema\/person\/6d1c0d9bea7b6625c437246a5d6da409"},"headline":"It\u00e1lia: OCDS da Prov\u00edncia de Veneza encontra-se com o Padre Geral","datePublished":"2023-01-10T01:00:31+00:00","dateModified":"2023-01-16T01:52:58+00:00","mainEntityOfPage":{"@id":"https:\/\/www.carmelitaniscalzi.com\/pt-br\/2023\/01\/10\/italia-ocds-da-provincia-de-veneza-encontra-se-com-o-padre-geral\/"},"wordCount":237,"publisher":{"@id":"https:\/\/www.carmelitaniscalzi.com\/#organization"},"image":{"@id":"https:\/\/www.carmelitaniscalzi.com\/pt-br\/2023\/01\/10\/italia-ocds-da-provincia-de-veneza-encontra-se-com-o-padre-geral\/#primaryimage"},"thumbnailUrl":"https:\/\/www.carmelitaniscalzi.com\/wp-content\/uploads\/2023\/01\/Cover_italia_12.2022.jpg","articleSection":["Not\u00edcias Prep\u00f3sito Geral","Not\u00edcias OCDS","Not\u00edcias"],"inLanguage":"pt-BR"},{"@type":"WebPage","@id":"https:\/\/www.carmelitaniscalzi.com\/pt-br\/2023\/01\/10\/italia-ocds-da-provincia-de-veneza-encontra-se-com-o-padre-geral\/","url":"https:\/\/www.carmelitaniscalzi.com\/pt-br\/2023\/01\/10\/italia-ocds-da-provincia-de-veneza-encontra-se-com-o-padre-geral\/","name":"It\u00e1lia: OCDS da Prov\u00edncia de Veneza encontra-se com o Padre Geral - CARMELITAS DESCAL\u00c7OS","isPartOf":{"@id":"https:\/\/www.carmelitaniscalzi.com\/#website"},"primaryImageOfPage":{"@id":"https:\/\/www.carmelitaniscalzi.com\/pt-br\/2023\/01\/10\/italia-ocds-da-provincia-de-veneza-encontra-se-com-o-padre-geral\/#primaryimage"},"image":{"@id":"https:\/\/www.carmelitaniscalzi.com\/pt-br\/2023\/01\/10\/italia-ocds-da-provincia-de-veneza-encontra-se-com-o-padre-geral\/#primaryimage"},"thumbnailUrl":"https:\/\/www.carmelitaniscalzi.com\/wp-content\/uploads\/2023\/01\/Cover_italia_12.2022.jpg","datePublished":"2023-01-10T01:00:31+00:00","dateModified":"2023-01-16T01:52:58+00:00","breadcrumb":{"@id":"https:\/\/www.carmelitaniscalzi.com\/pt-br\/2023\/01\/10\/italia-ocds-da-provincia-de-veneza-encontra-se-com-o-padre-geral\/#breadcrumb"},"inLanguage":"pt-BR","potentialAction":[{"@type":"ReadAction","target":["https:\/\/www.carmelitaniscalzi.com\/pt-br\/2023\/01\/10\/italia-ocds-da-provincia-de-veneza-encontra-se-com-o-padre-geral\/"]}]},{"@type":"ImageObject","inLanguage":"pt-BR","@id":"https:\/\/www.carmelitaniscalzi.com\/pt-br\/2023\/01\/10\/italia-ocds-da-provincia-de-veneza-encontra-se-com-o-padre-geral\/#primaryimage","url":"https:\/\/www.carmelitaniscalzi.com\/wp-content\/uploads\/2023\/01\/Cover_italia_12.2022.jpg","contentUrl":"https:\/\/www.carmelitaniscalzi.com\/wp-content\/uploads\/2023\/01\/Cover_italia_12.2022.jpg","width":1200,"height":800},{"@type":"BreadcrumbList","@id":"https:\/\/www.carmelitaniscalzi.com\/pt-br\/2023\/01\/10\/italia-ocds-da-provincia-de-veneza-encontra-se-com-o-padre-geral\/#breadcrumb","itemListElement":[{"@type":"ListItem","position":1,"name":"Home","item":"https:\/\/www.carmelitaniscalzi.com\/pt-br\/"},{"@type":"ListItem","position":2,"name":"It\u00e1lia: OCDS da Prov\u00edncia de Veneza encontra-se com o Padre Geral"}]},{"@type":"WebSite","@id":"https:\/\/www.carmelitaniscalzi.com\/#website","url":"https:\/\/www.carmelitaniscalzi.com\/","name":"CARMELITANI SCALZI - Curia Generale del Carmelo Teresiano","description":"C\u00faria General\u00edcia do Carmelo Teresiano","publisher":{"@id":"https:\/\/www.carmelitaniscalzi.com\/#organization"},"alternateName":"CARMELITANI SCALZI","potentialAction":[{"@type":"SearchAction","target":{"@type":"EntryPoint","urlTemplate":"https:\/\/www.carmelitaniscalzi.com\/?s={search_term_string}"},"query-input":{"@type":"PropertyValueSpecification","valueRequired":true,"valueName":"search_term_string"}}],"inLanguage":"pt-BR"},{"@type":"Organization","@id":"https:\/\/www.carmelitaniscalzi.com\/#organization","name":"CARMELITANI SCALZI - Curia Generale del Carmelo Teresiano","url":"https:\/\/www.carmelitaniscalzi.com\/","logo":{"@type":"ImageObject","inLanguage":"pt-BR","@id":"https:\/\/www.carmelitaniscalzi.com\/#\/schema\/logo\/image\/","url":"https:\/\/www.carmelitaniscalzi.com\/wp-content\/uploads\/2025\/11\/login-logo.png","contentUrl":"https:\/\/www.carmelitaniscalzi.com\/wp-content\/uploads\/2025\/11\/login-logo.png","width":256,"height":256,"caption":"CARMELITANI SCALZI - Curia Generale del Carmelo Teresiano"},"image":{"@id":"https:\/\/www.carmelitaniscalzi.com\/#\/schema\/logo\/image\/"},"sameAs":["https:\/\/www.facebook.com\/Curia-Generalizia-Carmelitani-Scalzi-658766940887784\/","https:\/\/x.com\/ocdcuria","https:\/\/www.youtube.com\/channel\/UC2J5ZL0ycOY0qBSTCLX_NGQ\/videos","https:\/\/www.instagram.com\/ocdinform\/"]},{"@type":"Person","@id":"https:\/\/www.carmelitaniscalzi.com\/#\/schema\/person\/6d1c0d9bea7b6625c437246a5d6da409","name":"ocd web master","image":{"@type":"ImageObject","inLanguage":"pt-BR","@id":"https:\/\/www.carmelitaniscalzi.com\/#\/schema\/person\/image\/","url":"https:\/\/secure.gravatar.com\/avatar\/41fbc5f82bad909fbaf2984c43fa50d8519ac5853e25b454d022b6868f80d0e7?s=96&d=mm&r=g","contentUrl":"https:\/\/secure.gravatar.com\/avatar\/41fbc5f82bad909fbaf2984c43fa50d8519ac5853e25b454d022b6868f80d0e7?s=96&d=mm&r=g","caption":"ocd web master"},"url":"https:\/\/www.carmelitaniscalzi.com\/pt-br\/author\/ocdwebmaster\/"}]}},"_links":{"self":[{"href":"https:\/\/www.carmelitaniscalzi.com\/pt-br\/wp-json\/wp\/v2\/posts\/205715","targetHints":{"allow":["GET"]}}],"collection":[{"href":"https:\/\/www.carmelitaniscalzi.com\/pt-br\/wp-json\/wp\/v2\/posts"}],"about":[{"href":"https:\/\/www.carmelitaniscalzi.com\/pt-br\/wp-json\/wp\/v2\/types\/post"}],"author":[{"embeddable":true,"href":"https:\/\/www.carmelitaniscalzi.com\/pt-br\/wp-json\/wp\/v2\/users\/7"}],"replies":[{"embeddable":true,"href":"https:\/\/www.carmelitaniscalzi.com\/pt-br\/wp-json\/wp\/v2\/comments?post=205715"}],"version-history":[{"count":1,"href":"https:\/\/www.carmelitaniscalzi.com\/pt-br\/wp-json\/wp\/v2\/posts\/205715\/revisions"}],"predecessor-version":[{"id":205716,"href":"https:\/\/www.carmelitaniscalzi.com\/pt-br\/wp-json\/wp\/v2\/posts\/205715\/revisions\/205716"}],"wp:featuredmedia":[{"embeddable":true,"href":"https:\/\/www.carmelitaniscalzi.com\/pt-br\/wp-json\/wp\/v2\/media\/205671"}],"wp:attachment":[{"href":"https:\/\/www.carmelitaniscalzi.com\/pt-br\/wp-json\/wp\/v2\/media?parent=205715"}],"wp:term":[{"taxonomy":"category","embeddable":true,"href":"https:\/\/www.carmelitaniscalzi.com\/pt-br\/wp-json\/wp\/v2\/categories?post=205715"},{"taxonomy":"post_tag","embeddable":true,"href":"https:\/\/www.carmelitaniscalzi.com\/pt-br\/wp-json\/wp\/v2\/tags?post=205715"}],"curies":[{"name":"wp","href":"https:\/\/api.w.org\/{rel}","templated":true}]}}