{"id":20463,"date":"2018-04-17T11:37:47","date_gmt":"2018-04-17T09:37:47","guid":{"rendered":"https:\/\/www.carmelitaniscalzi.com\/pt-br\/?p=20463"},"modified":"2018-04-17T11:37:47","modified_gmt":"2018-04-17T09:37:47","slug":"provincia-de-veneza-visita-provincia-croacia","status":"publish","type":"post","link":"https:\/\/www.carmelitaniscalzi.com\/pt-br\/2018\/04\/17\/provincia-de-veneza-visita-provincia-croacia\/","title":{"rendered":"A Prov\u00edncia de Veneza visita a Prov\u00edncia da Cro\u00e1cia"},"content":{"rendered":"<p>Entre os dias 3 e 6 de abril, 34 frades da Prov\u00edncia de Veneza \u2013 entre padres e estudantes \u2013 realizaram uma visita aos irm\u00e3os da Prov\u00edncia Croata. A visita nasceu do desejo de redescobrir os la\u00e7os hist\u00f3ricos existentes entre as duas Prov\u00edncias. Dos anos 50 aos anos 60 do s\u00e9culo passado, alguns estudantes e te\u00f3logos croatas realizaram seus estudos fundamentais e fizeram os primeiros anos de forma\u00e7\u00e3o teol\u00f3gica na Prov\u00edncia de Veneza. As rela\u00e7\u00f5es entre ambas ampliaram-se nos tempos em que a Cro\u00e1cia declarou-se independente, em 1991. De Verona e Trieste partiram para os conventos croatas numerosas ajudas para os milh\u00f5es de desabrigados que pediam assist\u00eancia aos religiosos. Durante o mesmo per\u00edodo, v\u00e1rios padres croatas que tiveram de terminar seus estudos teol\u00f3gicos em Roma viveram no convento de Santa Teresa.<\/p>\n<p>Na Casa de Espiritualidade das Irm\u00e3s de S\u00e3o Vicente de Paulo de Luznica, a 20 km de Zagreb, aconteceu o primeiro dia de conviv\u00eancia, no qual os Padres Rodolfo Girardello (Veneza), Jakov\u00a0 Mamic e Sreko Rimac (croatas; o segundo \u00e9 o atual provincial) ofereceram um testemunho em primeira pessoa dos la\u00e7os hist\u00f3ricos entre ambas as Prov\u00edncias. Houve tempo tamb\u00e9m para trocar experi\u00eancias formativas (Padre Petar [Graz] e Padre Gianni [Trento]) e discorrer sobre o carisma carmelitano e a urg\u00eancia de sua transmiss\u00e3o aos leigos (Padre Antonio Sicari).<\/p>\n<p>No segundo dia, os frades foram a Zagreb, onde puderam venerar as rel\u00edquias do Beato Alojzije Stepinac na catedral, e visitar a parte hist\u00f3rica da cidade. \u00c0 tarde, depois de comer em Remete, os religiosos venezianos e croatas deslocaram-se ao santu\u00e1rio nacional de Marija Bistrica para celebrar a missa presidida por nosso irm\u00e3o Monsenhor Zdenko Krizic, ocd, com quem tamb\u00e9m tiveram oportunidade de saudar as monjas carmelitas descal\u00e7as. Foi, na opini\u00e3o de todos os participantes, uma rica experi\u00eancia de conhecimento rec\u00edproco.<\/p>\n<p><img loading=\"lazy\" decoding=\"async\" class=\"alignnone size-medium wp-image-20455\" src=\"https:\/\/www.carmelitaniscalzi.com\/wp-content\/uploads\/2018\/04\/01-300x200.jpg\" alt=\"\" width=\"300\" height=\"200\" srcset=\"https:\/\/www.carmelitaniscalzi.com\/wp-content\/uploads\/2018\/04\/01-300x200.jpg 300w, https:\/\/www.carmelitaniscalzi.com\/wp-content\/uploads\/2018\/04\/01-768x511.jpg 768w, https:\/\/www.carmelitaniscalzi.com\/wp-content\/uploads\/2018\/04\/01-1024x681.jpg 1024w, https:\/\/www.carmelitaniscalzi.com\/wp-content\/uploads\/2018\/04\/01-83x55.jpg 83w, https:\/\/www.carmelitaniscalzi.com\/wp-content\/uploads\/2018\/04\/01-1600x1065.jpg 1600w, https:\/\/www.carmelitaniscalzi.com\/wp-content\/uploads\/2018\/04\/01-800x532.jpg 800w, https:\/\/www.carmelitaniscalzi.com\/wp-content\/uploads\/2018\/04\/01-580x386.jpg 580w, https:\/\/www.carmelitaniscalzi.com\/wp-content\/uploads\/2018\/04\/01.jpg 1623w\" sizes=\"auto, (max-width: 300px) 100vw, 300px\" \/><\/p>\n","protected":false},"excerpt":{"rendered":"<p>Entre os dias 3 e 6 de abril, 34 frades da Prov\u00edncia de Veneza \u2013 entre padres e estudantes \u2013 realizaram uma visita aos irm\u00e3os da Prov\u00edncia Croata. A visita nasceu do desejo de redescobrir os la\u00e7os hist\u00f3ricos existentes entre as duas Prov\u00edncias. Dos anos 50 aos anos 60 do s\u00e9culo passado, alguns estudantes e [&hellip;]<\/p>\n","protected":false},"author":7,"featured_media":20454,"comment_status":"closed","ping_status":"closed","sticky":false,"template":"","format":"standard","meta":{"_acf_changed":false,"footnotes":""},"categories":[235,373],"tags":[],"class_list":["post-20463","post","type-post","status-publish","format-standard","has-post-thumbnail","hentry","category-noticias-frades","category-noticias"],"acf":[],"yoast_head":"<!-- This site is optimized with the Yoast SEO plugin v26.3 - https:\/\/yoast.com\/wordpress\/plugins\/seo\/ -->\n<title>A Prov\u00edncia de Veneza visita a Prov\u00edncia da Cro\u00e1cia - CARMELITAS DESCAL\u00c7OS<\/title>\n<meta name=\"robots\" content=\"index, follow, max-snippet:-1, max-image-preview:large, max-video-preview:-1\" \/>\n<link rel=\"canonical\" href=\"https:\/\/www.carmelitaniscalzi.com\/pt-br\/2018\/04\/17\/provincia-de-veneza-visita-provincia-croacia\/\" \/>\n<meta property=\"og:locale\" content=\"pt_BR\" \/>\n<meta property=\"og:type\" content=\"article\" \/>\n<meta property=\"og:title\" content=\"A Prov\u00edncia de Veneza visita a Prov\u00edncia da Cro\u00e1cia - CARMELITAS DESCAL\u00c7OS\" \/>\n<meta property=\"og:description\" content=\"Entre os dias 3 e 6 de abril, 34 frades da Prov\u00edncia de Veneza \u2013 entre padres e estudantes \u2013 realizaram uma visita aos irm\u00e3os da Prov\u00edncia Croata. A visita nasceu do desejo de redescobrir os la\u00e7os hist\u00f3ricos existentes entre as duas Prov\u00edncias. Dos anos 50 aos anos 60 do s\u00e9culo passado, alguns estudantes e [&hellip;]\" \/>\n<meta property=\"og:url\" content=\"https:\/\/www.carmelitaniscalzi.com\/pt-br\/2018\/04\/17\/provincia-de-veneza-visita-provincia-croacia\/\" \/>\n<meta property=\"og:site_name\" content=\"CARMELITAS DESCAL\u00c7OS\" \/>\n<meta property=\"article:publisher\" content=\"https:\/\/www.facebook.com\/Curia-Generalizia-Carmelitani-Scalzi-658766940887784\/\" \/>\n<meta property=\"article:published_time\" content=\"2018-04-17T09:37:47+00:00\" \/>\n<meta property=\"og:image\" content=\"https:\/\/www.carmelitaniscalzi.com\/wp-content\/uploads\/2018\/04\/00.jpg\" \/>\n\t<meta property=\"og:image:width\" content=\"1623\" \/>\n\t<meta property=\"og:image:height\" content=\"1080\" \/>\n\t<meta property=\"og:image:type\" content=\"image\/jpeg\" \/>\n<meta name=\"author\" content=\"ocd web master\" \/>\n<meta name=\"twitter:card\" content=\"summary_large_image\" \/>\n<meta name=\"twitter:creator\" content=\"@ocdcuria\" \/>\n<meta name=\"twitter:site\" content=\"@ocdcuria\" \/>\n<meta name=\"twitter:label1\" content=\"Escrito por\" \/>\n\t<meta name=\"twitter:data1\" content=\"ocd web master\" \/>\n\t<meta name=\"twitter:label2\" content=\"Est. tempo de leitura\" \/>\n\t<meta name=\"twitter:data2\" content=\"2 minutos\" \/>\n<script type=\"application\/ld+json\" class=\"yoast-schema-graph\">{\"@context\":\"https:\/\/schema.org\",\"@graph\":[{\"@type\":\"Article\",\"@id\":\"https:\/\/www.carmelitaniscalzi.com\/pt-br\/2018\/04\/17\/provincia-de-veneza-visita-provincia-croacia\/#article\",\"isPartOf\":{\"@id\":\"https:\/\/www.carmelitaniscalzi.com\/pt-br\/2018\/04\/17\/provincia-de-veneza-visita-provincia-croacia\/\"},\"author\":{\"name\":\"ocd web master\",\"@id\":\"https:\/\/www.carmelitaniscalzi.com\/#\/schema\/person\/6d1c0d9bea7b6625c437246a5d6da409\"},\"headline\":\"A Prov\u00edncia de Veneza visita a Prov\u00edncia da Cro\u00e1cia\",\"datePublished\":\"2018-04-17T09:37:47+00:00\",\"mainEntityOfPage\":{\"@id\":\"https:\/\/www.carmelitaniscalzi.com\/pt-br\/2018\/04\/17\/provincia-de-veneza-visita-provincia-croacia\/\"},\"wordCount\":337,\"publisher\":{\"@id\":\"https:\/\/www.carmelitaniscalzi.com\/#organization\"},\"image\":{\"@id\":\"https:\/\/www.carmelitaniscalzi.com\/pt-br\/2018\/04\/17\/provincia-de-veneza-visita-provincia-croacia\/#primaryimage\"},\"thumbnailUrl\":\"https:\/\/www.carmelitaniscalzi.com\/wp-content\/uploads\/2018\/04\/00.jpg\",\"articleSection\":[\"Not\u00edcias Frades\",\"Not\u00edcias\"],\"inLanguage\":\"pt-BR\"},{\"@type\":\"WebPage\",\"@id\":\"https:\/\/www.carmelitaniscalzi.com\/pt-br\/2018\/04\/17\/provincia-de-veneza-visita-provincia-croacia\/\",\"url\":\"https:\/\/www.carmelitaniscalzi.com\/pt-br\/2018\/04\/17\/provincia-de-veneza-visita-provincia-croacia\/\",\"name\":\"A Prov\u00edncia de Veneza visita a Prov\u00edncia da Cro\u00e1cia - CARMELITAS DESCAL\u00c7OS\",\"isPartOf\":{\"@id\":\"https:\/\/www.carmelitaniscalzi.com\/#website\"},\"primaryImageOfPage\":{\"@id\":\"https:\/\/www.carmelitaniscalzi.com\/pt-br\/2018\/04\/17\/provincia-de-veneza-visita-provincia-croacia\/#primaryimage\"},\"image\":{\"@id\":\"https:\/\/www.carmelitaniscalzi.com\/pt-br\/2018\/04\/17\/provincia-de-veneza-visita-provincia-croacia\/#primaryimage\"},\"thumbnailUrl\":\"https:\/\/www.carmelitaniscalzi.com\/wp-content\/uploads\/2018\/04\/00.jpg\",\"datePublished\":\"2018-04-17T09:37:47+00:00\",\"breadcrumb\":{\"@id\":\"https:\/\/www.carmelitaniscalzi.com\/pt-br\/2018\/04\/17\/provincia-de-veneza-visita-provincia-croacia\/#breadcrumb\"},\"inLanguage\":\"pt-BR\",\"potentialAction\":[{\"@type\":\"ReadAction\",\"target\":[\"https:\/\/www.carmelitaniscalzi.com\/pt-br\/2018\/04\/17\/provincia-de-veneza-visita-provincia-croacia\/\"]}]},{\"@type\":\"ImageObject\",\"inLanguage\":\"pt-BR\",\"@id\":\"https:\/\/www.carmelitaniscalzi.com\/pt-br\/2018\/04\/17\/provincia-de-veneza-visita-provincia-croacia\/#primaryimage\",\"url\":\"https:\/\/www.carmelitaniscalzi.com\/wp-content\/uploads\/2018\/04\/00.jpg\",\"contentUrl\":\"https:\/\/www.carmelitaniscalzi.com\/wp-content\/uploads\/2018\/04\/00.jpg\",\"width\":1623,\"height\":1080},{\"@type\":\"BreadcrumbList\",\"@id\":\"https:\/\/www.carmelitaniscalzi.com\/pt-br\/2018\/04\/17\/provincia-de-veneza-visita-provincia-croacia\/#breadcrumb\",\"itemListElement\":[{\"@type\":\"ListItem\",\"position\":1,\"name\":\"Home\",\"item\":\"https:\/\/www.carmelitaniscalzi.com\/pt-br\/\"},{\"@type\":\"ListItem\",\"position\":2,\"name\":\"A Prov\u00edncia de Veneza visita a Prov\u00edncia da Cro\u00e1cia\"}]},{\"@type\":\"WebSite\",\"@id\":\"https:\/\/www.carmelitaniscalzi.com\/#website\",\"url\":\"https:\/\/www.carmelitaniscalzi.com\/\",\"name\":\"CARMELITANI SCALZI - Curia Generale del Carmelo Teresiano\",\"description\":\"C\u00faria General\u00edcia do Carmelo Teresiano\",\"publisher\":{\"@id\":\"https:\/\/www.carmelitaniscalzi.com\/#organization\"},\"alternateName\":\"CARMELITANI SCALZI\",\"potentialAction\":[{\"@type\":\"SearchAction\",\"target\":{\"@type\":\"EntryPoint\",\"urlTemplate\":\"https:\/\/www.carmelitaniscalzi.com\/?s={search_term_string}\"},\"query-input\":{\"@type\":\"PropertyValueSpecification\",\"valueRequired\":true,\"valueName\":\"search_term_string\"}}],\"inLanguage\":\"pt-BR\"},{\"@type\":\"Organization\",\"@id\":\"https:\/\/www.carmelitaniscalzi.com\/#organization\",\"name\":\"CARMELITANI SCALZI - Curia Generale del Carmelo Teresiano\",\"url\":\"https:\/\/www.carmelitaniscalzi.com\/\",\"logo\":{\"@type\":\"ImageObject\",\"inLanguage\":\"pt-BR\",\"@id\":\"https:\/\/www.carmelitaniscalzi.com\/#\/schema\/logo\/image\/\",\"url\":\"https:\/\/www.carmelitaniscalzi.com\/wp-content\/uploads\/2025\/11\/login-logo.png\",\"contentUrl\":\"https:\/\/www.carmelitaniscalzi.com\/wp-content\/uploads\/2025\/11\/login-logo.png\",\"width\":256,\"height\":256,\"caption\":\"CARMELITANI SCALZI - Curia Generale del Carmelo Teresiano\"},\"image\":{\"@id\":\"https:\/\/www.carmelitaniscalzi.com\/#\/schema\/logo\/image\/\"},\"sameAs\":[\"https:\/\/www.facebook.com\/Curia-Generalizia-Carmelitani-Scalzi-658766940887784\/\",\"https:\/\/x.com\/ocdcuria\",\"https:\/\/www.youtube.com\/channel\/UC2J5ZL0ycOY0qBSTCLX_NGQ\/videos\",\"https:\/\/www.instagram.com\/ocdinform\/\"]},{\"@type\":\"Person\",\"@id\":\"https:\/\/www.carmelitaniscalzi.com\/#\/schema\/person\/6d1c0d9bea7b6625c437246a5d6da409\",\"name\":\"ocd web master\",\"image\":{\"@type\":\"ImageObject\",\"inLanguage\":\"pt-BR\",\"@id\":\"https:\/\/www.carmelitaniscalzi.com\/#\/schema\/person\/image\/\",\"url\":\"https:\/\/secure.gravatar.com\/avatar\/41fbc5f82bad909fbaf2984c43fa50d8519ac5853e25b454d022b6868f80d0e7?s=96&d=mm&r=g\",\"contentUrl\":\"https:\/\/secure.gravatar.com\/avatar\/41fbc5f82bad909fbaf2984c43fa50d8519ac5853e25b454d022b6868f80d0e7?s=96&d=mm&r=g\",\"caption\":\"ocd web master\"},\"url\":\"https:\/\/www.carmelitaniscalzi.com\/pt-br\/author\/ocdwebmaster\/\"}]}<\/script>\n<!-- \/ Yoast SEO plugin. -->","yoast_head_json":{"title":"A Prov\u00edncia de Veneza visita a Prov\u00edncia da Cro\u00e1cia - CARMELITAS DESCAL\u00c7OS","robots":{"index":"index","follow":"follow","max-snippet":"max-snippet:-1","max-image-preview":"max-image-preview:large","max-video-preview":"max-video-preview:-1"},"canonical":"https:\/\/www.carmelitaniscalzi.com\/pt-br\/2018\/04\/17\/provincia-de-veneza-visita-provincia-croacia\/","og_locale":"pt_BR","og_type":"article","og_title":"A Prov\u00edncia de Veneza visita a Prov\u00edncia da Cro\u00e1cia - CARMELITAS DESCAL\u00c7OS","og_description":"Entre os dias 3 e 6 de abril, 34 frades da Prov\u00edncia de Veneza \u2013 entre padres e estudantes \u2013 realizaram uma visita aos irm\u00e3os da Prov\u00edncia Croata. A visita nasceu do desejo de redescobrir os la\u00e7os hist\u00f3ricos existentes entre as duas Prov\u00edncias. Dos anos 50 aos anos 60 do s\u00e9culo passado, alguns estudantes e [&hellip;]","og_url":"https:\/\/www.carmelitaniscalzi.com\/pt-br\/2018\/04\/17\/provincia-de-veneza-visita-provincia-croacia\/","og_site_name":"CARMELITAS DESCAL\u00c7OS","article_publisher":"https:\/\/www.facebook.com\/Curia-Generalizia-Carmelitani-Scalzi-658766940887784\/","article_published_time":"2018-04-17T09:37:47+00:00","og_image":[{"width":1623,"height":1080,"url":"https:\/\/www.carmelitaniscalzi.com\/wp-content\/uploads\/2018\/04\/00.jpg","type":"image\/jpeg"}],"author":"ocd web master","twitter_card":"summary_large_image","twitter_creator":"@ocdcuria","twitter_site":"@ocdcuria","twitter_misc":{"Escrito por":"ocd web master","Est. tempo de leitura":"2 minutos"},"schema":{"@context":"https:\/\/schema.org","@graph":[{"@type":"Article","@id":"https:\/\/www.carmelitaniscalzi.com\/pt-br\/2018\/04\/17\/provincia-de-veneza-visita-provincia-croacia\/#article","isPartOf":{"@id":"https:\/\/www.carmelitaniscalzi.com\/pt-br\/2018\/04\/17\/provincia-de-veneza-visita-provincia-croacia\/"},"author":{"name":"ocd web master","@id":"https:\/\/www.carmelitaniscalzi.com\/#\/schema\/person\/6d1c0d9bea7b6625c437246a5d6da409"},"headline":"A Prov\u00edncia de Veneza visita a Prov\u00edncia da Cro\u00e1cia","datePublished":"2018-04-17T09:37:47+00:00","mainEntityOfPage":{"@id":"https:\/\/www.carmelitaniscalzi.com\/pt-br\/2018\/04\/17\/provincia-de-veneza-visita-provincia-croacia\/"},"wordCount":337,"publisher":{"@id":"https:\/\/www.carmelitaniscalzi.com\/#organization"},"image":{"@id":"https:\/\/www.carmelitaniscalzi.com\/pt-br\/2018\/04\/17\/provincia-de-veneza-visita-provincia-croacia\/#primaryimage"},"thumbnailUrl":"https:\/\/www.carmelitaniscalzi.com\/wp-content\/uploads\/2018\/04\/00.jpg","articleSection":["Not\u00edcias Frades","Not\u00edcias"],"inLanguage":"pt-BR"},{"@type":"WebPage","@id":"https:\/\/www.carmelitaniscalzi.com\/pt-br\/2018\/04\/17\/provincia-de-veneza-visita-provincia-croacia\/","url":"https:\/\/www.carmelitaniscalzi.com\/pt-br\/2018\/04\/17\/provincia-de-veneza-visita-provincia-croacia\/","name":"A Prov\u00edncia de Veneza visita a Prov\u00edncia da Cro\u00e1cia - CARMELITAS DESCAL\u00c7OS","isPartOf":{"@id":"https:\/\/www.carmelitaniscalzi.com\/#website"},"primaryImageOfPage":{"@id":"https:\/\/www.carmelitaniscalzi.com\/pt-br\/2018\/04\/17\/provincia-de-veneza-visita-provincia-croacia\/#primaryimage"},"image":{"@id":"https:\/\/www.carmelitaniscalzi.com\/pt-br\/2018\/04\/17\/provincia-de-veneza-visita-provincia-croacia\/#primaryimage"},"thumbnailUrl":"https:\/\/www.carmelitaniscalzi.com\/wp-content\/uploads\/2018\/04\/00.jpg","datePublished":"2018-04-17T09:37:47+00:00","breadcrumb":{"@id":"https:\/\/www.carmelitaniscalzi.com\/pt-br\/2018\/04\/17\/provincia-de-veneza-visita-provincia-croacia\/#breadcrumb"},"inLanguage":"pt-BR","potentialAction":[{"@type":"ReadAction","target":["https:\/\/www.carmelitaniscalzi.com\/pt-br\/2018\/04\/17\/provincia-de-veneza-visita-provincia-croacia\/"]}]},{"@type":"ImageObject","inLanguage":"pt-BR","@id":"https:\/\/www.carmelitaniscalzi.com\/pt-br\/2018\/04\/17\/provincia-de-veneza-visita-provincia-croacia\/#primaryimage","url":"https:\/\/www.carmelitaniscalzi.com\/wp-content\/uploads\/2018\/04\/00.jpg","contentUrl":"https:\/\/www.carmelitaniscalzi.com\/wp-content\/uploads\/2018\/04\/00.jpg","width":1623,"height":1080},{"@type":"BreadcrumbList","@id":"https:\/\/www.carmelitaniscalzi.com\/pt-br\/2018\/04\/17\/provincia-de-veneza-visita-provincia-croacia\/#breadcrumb","itemListElement":[{"@type":"ListItem","position":1,"name":"Home","item":"https:\/\/www.carmelitaniscalzi.com\/pt-br\/"},{"@type":"ListItem","position":2,"name":"A Prov\u00edncia de Veneza visita a Prov\u00edncia da Cro\u00e1cia"}]},{"@type":"WebSite","@id":"https:\/\/www.carmelitaniscalzi.com\/#website","url":"https:\/\/www.carmelitaniscalzi.com\/","name":"CARMELITANI SCALZI - Curia Generale del Carmelo Teresiano","description":"C\u00faria General\u00edcia do Carmelo Teresiano","publisher":{"@id":"https:\/\/www.carmelitaniscalzi.com\/#organization"},"alternateName":"CARMELITANI SCALZI","potentialAction":[{"@type":"SearchAction","target":{"@type":"EntryPoint","urlTemplate":"https:\/\/www.carmelitaniscalzi.com\/?s={search_term_string}"},"query-input":{"@type":"PropertyValueSpecification","valueRequired":true,"valueName":"search_term_string"}}],"inLanguage":"pt-BR"},{"@type":"Organization","@id":"https:\/\/www.carmelitaniscalzi.com\/#organization","name":"CARMELITANI SCALZI - Curia Generale del Carmelo Teresiano","url":"https:\/\/www.carmelitaniscalzi.com\/","logo":{"@type":"ImageObject","inLanguage":"pt-BR","@id":"https:\/\/www.carmelitaniscalzi.com\/#\/schema\/logo\/image\/","url":"https:\/\/www.carmelitaniscalzi.com\/wp-content\/uploads\/2025\/11\/login-logo.png","contentUrl":"https:\/\/www.carmelitaniscalzi.com\/wp-content\/uploads\/2025\/11\/login-logo.png","width":256,"height":256,"caption":"CARMELITANI SCALZI - Curia Generale del Carmelo Teresiano"},"image":{"@id":"https:\/\/www.carmelitaniscalzi.com\/#\/schema\/logo\/image\/"},"sameAs":["https:\/\/www.facebook.com\/Curia-Generalizia-Carmelitani-Scalzi-658766940887784\/","https:\/\/x.com\/ocdcuria","https:\/\/www.youtube.com\/channel\/UC2J5ZL0ycOY0qBSTCLX_NGQ\/videos","https:\/\/www.instagram.com\/ocdinform\/"]},{"@type":"Person","@id":"https:\/\/www.carmelitaniscalzi.com\/#\/schema\/person\/6d1c0d9bea7b6625c437246a5d6da409","name":"ocd web master","image":{"@type":"ImageObject","inLanguage":"pt-BR","@id":"https:\/\/www.carmelitaniscalzi.com\/#\/schema\/person\/image\/","url":"https:\/\/secure.gravatar.com\/avatar\/41fbc5f82bad909fbaf2984c43fa50d8519ac5853e25b454d022b6868f80d0e7?s=96&d=mm&r=g","contentUrl":"https:\/\/secure.gravatar.com\/avatar\/41fbc5f82bad909fbaf2984c43fa50d8519ac5853e25b454d022b6868f80d0e7?s=96&d=mm&r=g","caption":"ocd web master"},"url":"https:\/\/www.carmelitaniscalzi.com\/pt-br\/author\/ocdwebmaster\/"}]}},"_links":{"self":[{"href":"https:\/\/www.carmelitaniscalzi.com\/pt-br\/wp-json\/wp\/v2\/posts\/20463","targetHints":{"allow":["GET"]}}],"collection":[{"href":"https:\/\/www.carmelitaniscalzi.com\/pt-br\/wp-json\/wp\/v2\/posts"}],"about":[{"href":"https:\/\/www.carmelitaniscalzi.com\/pt-br\/wp-json\/wp\/v2\/types\/post"}],"author":[{"embeddable":true,"href":"https:\/\/www.carmelitaniscalzi.com\/pt-br\/wp-json\/wp\/v2\/users\/7"}],"replies":[{"embeddable":true,"href":"https:\/\/www.carmelitaniscalzi.com\/pt-br\/wp-json\/wp\/v2\/comments?post=20463"}],"version-history":[{"count":0,"href":"https:\/\/www.carmelitaniscalzi.com\/pt-br\/wp-json\/wp\/v2\/posts\/20463\/revisions"}],"wp:featuredmedia":[{"embeddable":true,"href":"https:\/\/www.carmelitaniscalzi.com\/pt-br\/wp-json\/wp\/v2\/media\/20454"}],"wp:attachment":[{"href":"https:\/\/www.carmelitaniscalzi.com\/pt-br\/wp-json\/wp\/v2\/media?parent=20463"}],"wp:term":[{"taxonomy":"category","embeddable":true,"href":"https:\/\/www.carmelitaniscalzi.com\/pt-br\/wp-json\/wp\/v2\/categories?post=20463"},{"taxonomy":"post_tag","embeddable":true,"href":"https:\/\/www.carmelitaniscalzi.com\/pt-br\/wp-json\/wp\/v2\/tags?post=20463"}],"curies":[{"name":"wp","href":"https:\/\/api.w.org\/{rel}","templated":true}]}}