{"id":20068,"date":"2018-03-19T13:35:51","date_gmt":"2018-03-19T12:35:51","guid":{"rendered":"https:\/\/www.carmelitaniscalzi.com\/pt-br\/?p=20068"},"modified":"2018-03-19T13:35:51","modified_gmt":"2018-03-19T12:35:51","slug":"reuniao-provincial-ocds-em-bari-maddaloni","status":"publish","type":"post","link":"https:\/\/www.carmelitaniscalzi.com\/pt-br\/2018\/03\/19\/reuniao-provincial-ocds-em-bari-maddaloni\/","title":{"rendered":"Reuni\u00e3o Provincial OCDS em Bari e Maddaloni"},"content":{"rendered":"<p>As comunidades OCDS da Prov\u00edncia de N\u00e1poles reuniram-se nos dias 27 e 28 de janeiro em Bari e 3 e 4 de fevereiro em Maddaloni para celebrar dois encontros provinciais OCDS sobre as Constitui\u00e7\u00f5es, com o t\u00edtulo: \u201cChamada divina, projecto de vida, fidelidade perseverante ao carisma\u201d. Orientou ambos os encontros o P. Alzinir Debastiani, Delegado Geral para a OCDS, que escutou as interven\u00e7\u00f5es dos seculares convidando depois o Conselho Provincial a ter em conta todas as observa\u00e7\u00f5es realizadas na reda\u00e7\u00e3o do pr\u00f3ximo Estatuto Provincial. As actas do encontro ser\u00e3o publicadas num volume preparado pela presidente provincial, Rossana Sabatiello.<\/p>\n<p>O P. Alzinir afronto nas suas interven\u00e7\u00f5es alguns temas relativos \u00e0s Constitui\u00e7\u00f5es OCDS, o seu significado jur\u00eddico e seu car\u00e1cter de fonte carism\u00e1tica inspirada em santa Teresa para a vida laical. Sublinhou tamb\u00e9m o rol decisivo da comunidade para uma correcta viv\u00eancia da chamada divina \u00e0 vida do Carmelo teresiano secular.<\/p>\n<p>Nos dois encontros, al\u00e9m do P. Alzinir, participaram o P. Provincial de N\u00e1poles, Luigi Borriello, o P. Andrea l\u2019Aflitto e alguns assistentes das comunidades.<\/p>\n<p><img loading=\"lazy\" decoding=\"async\" class=\"alignnone size-full wp-image-20054\" src=\"https:\/\/www.carmelitaniscalzi.com\/wp-content\/uploads\/2018\/03\/02-2.jpg\" alt=\"\" width=\"1080\" height=\"1080\" srcset=\"https:\/\/www.carmelitaniscalzi.com\/wp-content\/uploads\/2018\/03\/02-2.jpg 1080w, https:\/\/www.carmelitaniscalzi.com\/wp-content\/uploads\/2018\/03\/02-2-150x150.jpg 150w, https:\/\/www.carmelitaniscalzi.com\/wp-content\/uploads\/2018\/03\/02-2-300x300.jpg 300w, https:\/\/www.carmelitaniscalzi.com\/wp-content\/uploads\/2018\/03\/02-2-768x768.jpg 768w, https:\/\/www.carmelitaniscalzi.com\/wp-content\/uploads\/2018\/03\/02-2-1024x1024.jpg 1024w, https:\/\/www.carmelitaniscalzi.com\/wp-content\/uploads\/2018\/03\/02-2-55x55.jpg 55w, https:\/\/www.carmelitaniscalzi.com\/wp-content\/uploads\/2018\/03\/02-2-800x800.jpg 800w, https:\/\/www.carmelitaniscalzi.com\/wp-content\/uploads\/2018\/03\/02-2-580x580.jpg 580w\" sizes=\"auto, (max-width: 1080px) 100vw, 1080px\" \/> <img loading=\"lazy\" decoding=\"async\" class=\"alignnone size-full wp-image-20060\" src=\"https:\/\/www.carmelitaniscalzi.com\/wp-content\/uploads\/2018\/03\/01b.jpg\" alt=\"\" width=\"1440\" height=\"1080\" srcset=\"https:\/\/www.carmelitaniscalzi.com\/wp-content\/uploads\/2018\/03\/01b.jpg 1440w, https:\/\/www.carmelitaniscalzi.com\/wp-content\/uploads\/2018\/03\/01b-300x225.jpg 300w, https:\/\/www.carmelitaniscalzi.com\/wp-content\/uploads\/2018\/03\/01b-768x576.jpg 768w, https:\/\/www.carmelitaniscalzi.com\/wp-content\/uploads\/2018\/03\/01b-1024x768.jpg 1024w, https:\/\/www.carmelitaniscalzi.com\/wp-content\/uploads\/2018\/03\/01b-73x55.jpg 73w, https:\/\/www.carmelitaniscalzi.com\/wp-content\/uploads\/2018\/03\/01b-800x600.jpg 800w, https:\/\/www.carmelitaniscalzi.com\/wp-content\/uploads\/2018\/03\/01b-580x435.jpg 580w\" sizes=\"auto, (max-width: 1440px) 100vw, 1440px\" \/> <img loading=\"lazy\" decoding=\"async\" class=\"alignnone size-full wp-image-20059\" src=\"https:\/\/www.carmelitaniscalzi.com\/wp-content\/uploads\/2018\/03\/01-1.jpg\" alt=\"\" width=\"1080\" height=\"1440\" srcset=\"https:\/\/www.carmelitaniscalzi.com\/wp-content\/uploads\/2018\/03\/01-1.jpg 1080w, https:\/\/www.carmelitaniscalzi.com\/wp-content\/uploads\/2018\/03\/01-1-225x300.jpg 225w, https:\/\/www.carmelitaniscalzi.com\/wp-content\/uploads\/2018\/03\/01-1-768x1024.jpg 768w, https:\/\/www.carmelitaniscalzi.com\/wp-content\/uploads\/2018\/03\/01-1-41x55.jpg 41w, https:\/\/www.carmelitaniscalzi.com\/wp-content\/uploads\/2018\/03\/01-1-800x1067.jpg 800w, https:\/\/www.carmelitaniscalzi.com\/wp-content\/uploads\/2018\/03\/01-1-580x773.jpg 580w\" sizes=\"auto, (max-width: 1080px) 100vw, 1080px\" \/> <img loading=\"lazy\" decoding=\"async\" class=\"alignnone size-full wp-image-20058\" src=\"https:\/\/www.carmelitaniscalzi.com\/wp-content\/uploads\/2018\/03\/00a.jpg\" alt=\"\" width=\"780\" height=\"780\" srcset=\"https:\/\/www.carmelitaniscalzi.com\/wp-content\/uploads\/2018\/03\/00a.jpg 780w, https:\/\/www.carmelitaniscalzi.com\/wp-content\/uploads\/2018\/03\/00a-150x150.jpg 150w, https:\/\/www.carmelitaniscalzi.com\/wp-content\/uploads\/2018\/03\/00a-300x300.jpg 300w, https:\/\/www.carmelitaniscalzi.com\/wp-content\/uploads\/2018\/03\/00a-768x768.jpg 768w, https:\/\/www.carmelitaniscalzi.com\/wp-content\/uploads\/2018\/03\/00a-55x55.jpg 55w, https:\/\/www.carmelitaniscalzi.com\/wp-content\/uploads\/2018\/03\/00a-580x580.jpg 580w\" sizes=\"auto, (max-width: 780px) 100vw, 780px\" \/> <img loading=\"lazy\" decoding=\"async\" class=\"alignnone size-full wp-image-20056\" src=\"https:\/\/www.carmelitaniscalzi.com\/wp-content\/uploads\/2018\/03\/03a.jpg\" alt=\"\" width=\"1440\" height=\"1080\" srcset=\"https:\/\/www.carmelitaniscalzi.com\/wp-content\/uploads\/2018\/03\/03a.jpg 1440w, https:\/\/www.carmelitaniscalzi.com\/wp-content\/uploads\/2018\/03\/03a-300x225.jpg 300w, https:\/\/www.carmelitaniscalzi.com\/wp-content\/uploads\/2018\/03\/03a-768x576.jpg 768w, https:\/\/www.carmelitaniscalzi.com\/wp-content\/uploads\/2018\/03\/03a-1024x768.jpg 1024w, https:\/\/www.carmelitaniscalzi.com\/wp-content\/uploads\/2018\/03\/03a-73x55.jpg 73w, https:\/\/www.carmelitaniscalzi.com\/wp-content\/uploads\/2018\/03\/03a-800x600.jpg 800w, https:\/\/www.carmelitaniscalzi.com\/wp-content\/uploads\/2018\/03\/03a-580x435.jpg 580w\" sizes=\"auto, (max-width: 1440px) 100vw, 1440px\" \/> <img loading=\"lazy\" decoding=\"async\" class=\"alignnone size-full wp-image-20055\" src=\"https:\/\/www.carmelitaniscalzi.com\/wp-content\/uploads\/2018\/03\/03-2.jpg\" alt=\"\" width=\"1080\" height=\"1440\" srcset=\"https:\/\/www.carmelitaniscalzi.com\/wp-content\/uploads\/2018\/03\/03-2.jpg 1080w, https:\/\/www.carmelitaniscalzi.com\/wp-content\/uploads\/2018\/03\/03-2-225x300.jpg 225w, https:\/\/www.carmelitaniscalzi.com\/wp-content\/uploads\/2018\/03\/03-2-768x1024.jpg 768w, https:\/\/www.carmelitaniscalzi.com\/wp-content\/uploads\/2018\/03\/03-2-41x55.jpg 41w, https:\/\/www.carmelitaniscalzi.com\/wp-content\/uploads\/2018\/03\/03-2-800x1067.jpg 800w, https:\/\/www.carmelitaniscalzi.com\/wp-content\/uploads\/2018\/03\/03-2-580x773.jpg 580w\" sizes=\"auto, (max-width: 1080px) 100vw, 1080px\" \/><\/p>\n","protected":false},"excerpt":{"rendered":"<p>As comunidades OCDS da Prov\u00edncia de N\u00e1poles reuniram-se nos dias 27 e 28 de janeiro em Bari e 3 e 4 de fevereiro em Maddaloni para celebrar dois encontros provinciais OCDS sobre as Constitui\u00e7\u00f5es, com o t\u00edtulo: \u201cChamada divina, projecto de vida, fidelidade perseverante ao carisma\u201d. Orientou ambos os encontros o P. Alzinir Debastiani, Delegado [&hellip;]<\/p>\n","protected":false},"author":7,"featured_media":20057,"comment_status":"closed","ping_status":"closed","sticky":false,"template":"","format":"standard","meta":{"_acf_changed":false,"footnotes":""},"categories":[264,373],"tags":[],"class_list":["post-20068","post","type-post","status-publish","format-standard","has-post-thumbnail","hentry","category-noticias-ocds-pt-br","category-noticias"],"acf":[],"yoast_head":"<!-- This site is optimized with the Yoast SEO plugin v26.3 - https:\/\/yoast.com\/wordpress\/plugins\/seo\/ -->\n<title>Reuni\u00e3o Provincial OCDS em Bari e Maddaloni - CARMELITAS DESCAL\u00c7OS<\/title>\n<meta name=\"robots\" content=\"index, follow, max-snippet:-1, max-image-preview:large, max-video-preview:-1\" \/>\n<link rel=\"canonical\" href=\"https:\/\/www.carmelitaniscalzi.com\/pt-br\/2018\/03\/19\/reuniao-provincial-ocds-em-bari-maddaloni\/\" \/>\n<meta property=\"og:locale\" content=\"pt_BR\" \/>\n<meta property=\"og:type\" content=\"article\" \/>\n<meta property=\"og:title\" content=\"Reuni\u00e3o Provincial OCDS em Bari e Maddaloni - CARMELITAS DESCAL\u00c7OS\" \/>\n<meta property=\"og:description\" content=\"As comunidades OCDS da Prov\u00edncia de N\u00e1poles reuniram-se nos dias 27 e 28 de janeiro em Bari e 3 e 4 de fevereiro em Maddaloni para celebrar dois encontros provinciais OCDS sobre as Constitui\u00e7\u00f5es, com o t\u00edtulo: \u201cChamada divina, projecto de vida, fidelidade perseverante ao carisma\u201d. Orientou ambos os encontros o P. Alzinir Debastiani, Delegado [&hellip;]\" \/>\n<meta property=\"og:url\" content=\"https:\/\/www.carmelitaniscalzi.com\/pt-br\/2018\/03\/19\/reuniao-provincial-ocds-em-bari-maddaloni\/\" \/>\n<meta property=\"og:site_name\" content=\"CARMELITAS DESCAL\u00c7OS\" \/>\n<meta property=\"article:publisher\" content=\"https:\/\/www.facebook.com\/Curia-Generalizia-Carmelitani-Scalzi-658766940887784\/\" \/>\n<meta property=\"article:published_time\" content=\"2018-03-19T12:35:51+00:00\" \/>\n<meta property=\"og:image\" content=\"https:\/\/www.carmelitaniscalzi.com\/wp-content\/uploads\/2018\/03\/00-2.jpg\" \/>\n\t<meta property=\"og:image:width\" content=\"1328\" \/>\n\t<meta property=\"og:image:height\" content=\"747\" \/>\n\t<meta property=\"og:image:type\" content=\"image\/jpeg\" \/>\n<meta name=\"author\" content=\"ocd web master\" \/>\n<meta name=\"twitter:card\" content=\"summary_large_image\" \/>\n<meta name=\"twitter:creator\" content=\"@ocdcuria\" \/>\n<meta name=\"twitter:site\" content=\"@ocdcuria\" \/>\n<meta name=\"twitter:label1\" content=\"Escrito por\" \/>\n\t<meta name=\"twitter:data1\" content=\"ocd web master\" \/>\n\t<meta name=\"twitter:label2\" content=\"Est. tempo de leitura\" \/>\n\t<meta name=\"twitter:data2\" content=\"1 minuto\" \/>\n<script type=\"application\/ld+json\" class=\"yoast-schema-graph\">{\"@context\":\"https:\/\/schema.org\",\"@graph\":[{\"@type\":\"Article\",\"@id\":\"https:\/\/www.carmelitaniscalzi.com\/pt-br\/2018\/03\/19\/reuniao-provincial-ocds-em-bari-maddaloni\/#article\",\"isPartOf\":{\"@id\":\"https:\/\/www.carmelitaniscalzi.com\/pt-br\/2018\/03\/19\/reuniao-provincial-ocds-em-bari-maddaloni\/\"},\"author\":{\"name\":\"ocd web master\",\"@id\":\"https:\/\/www.carmelitaniscalzi.com\/#\/schema\/person\/6d1c0d9bea7b6625c437246a5d6da409\"},\"headline\":\"Reuni\u00e3o Provincial OCDS em Bari e Maddaloni\",\"datePublished\":\"2018-03-19T12:35:51+00:00\",\"mainEntityOfPage\":{\"@id\":\"https:\/\/www.carmelitaniscalzi.com\/pt-br\/2018\/03\/19\/reuniao-provincial-ocds-em-bari-maddaloni\/\"},\"wordCount\":195,\"publisher\":{\"@id\":\"https:\/\/www.carmelitaniscalzi.com\/#organization\"},\"image\":{\"@id\":\"https:\/\/www.carmelitaniscalzi.com\/pt-br\/2018\/03\/19\/reuniao-provincial-ocds-em-bari-maddaloni\/#primaryimage\"},\"thumbnailUrl\":\"https:\/\/www.carmelitaniscalzi.com\/wp-content\/uploads\/2018\/03\/00-2.jpg\",\"articleSection\":[\"Not\u00edcias OCDS\",\"Not\u00edcias\"],\"inLanguage\":\"pt-BR\"},{\"@type\":\"WebPage\",\"@id\":\"https:\/\/www.carmelitaniscalzi.com\/pt-br\/2018\/03\/19\/reuniao-provincial-ocds-em-bari-maddaloni\/\",\"url\":\"https:\/\/www.carmelitaniscalzi.com\/pt-br\/2018\/03\/19\/reuniao-provincial-ocds-em-bari-maddaloni\/\",\"name\":\"Reuni\u00e3o Provincial OCDS em Bari e Maddaloni - CARMELITAS DESCAL\u00c7OS\",\"isPartOf\":{\"@id\":\"https:\/\/www.carmelitaniscalzi.com\/#website\"},\"primaryImageOfPage\":{\"@id\":\"https:\/\/www.carmelitaniscalzi.com\/pt-br\/2018\/03\/19\/reuniao-provincial-ocds-em-bari-maddaloni\/#primaryimage\"},\"image\":{\"@id\":\"https:\/\/www.carmelitaniscalzi.com\/pt-br\/2018\/03\/19\/reuniao-provincial-ocds-em-bari-maddaloni\/#primaryimage\"},\"thumbnailUrl\":\"https:\/\/www.carmelitaniscalzi.com\/wp-content\/uploads\/2018\/03\/00-2.jpg\",\"datePublished\":\"2018-03-19T12:35:51+00:00\",\"breadcrumb\":{\"@id\":\"https:\/\/www.carmelitaniscalzi.com\/pt-br\/2018\/03\/19\/reuniao-provincial-ocds-em-bari-maddaloni\/#breadcrumb\"},\"inLanguage\":\"pt-BR\",\"potentialAction\":[{\"@type\":\"ReadAction\",\"target\":[\"https:\/\/www.carmelitaniscalzi.com\/pt-br\/2018\/03\/19\/reuniao-provincial-ocds-em-bari-maddaloni\/\"]}]},{\"@type\":\"ImageObject\",\"inLanguage\":\"pt-BR\",\"@id\":\"https:\/\/www.carmelitaniscalzi.com\/pt-br\/2018\/03\/19\/reuniao-provincial-ocds-em-bari-maddaloni\/#primaryimage\",\"url\":\"https:\/\/www.carmelitaniscalzi.com\/wp-content\/uploads\/2018\/03\/00-2.jpg\",\"contentUrl\":\"https:\/\/www.carmelitaniscalzi.com\/wp-content\/uploads\/2018\/03\/00-2.jpg\",\"width\":1328,\"height\":747},{\"@type\":\"BreadcrumbList\",\"@id\":\"https:\/\/www.carmelitaniscalzi.com\/pt-br\/2018\/03\/19\/reuniao-provincial-ocds-em-bari-maddaloni\/#breadcrumb\",\"itemListElement\":[{\"@type\":\"ListItem\",\"position\":1,\"name\":\"Home\",\"item\":\"https:\/\/www.carmelitaniscalzi.com\/pt-br\/\"},{\"@type\":\"ListItem\",\"position\":2,\"name\":\"Reuni\u00e3o Provincial OCDS em Bari e Maddaloni\"}]},{\"@type\":\"WebSite\",\"@id\":\"https:\/\/www.carmelitaniscalzi.com\/#website\",\"url\":\"https:\/\/www.carmelitaniscalzi.com\/\",\"name\":\"CARMELITANI SCALZI - Curia Generale del Carmelo Teresiano\",\"description\":\"C\u00faria General\u00edcia do Carmelo Teresiano\",\"publisher\":{\"@id\":\"https:\/\/www.carmelitaniscalzi.com\/#organization\"},\"alternateName\":\"CARMELITANI SCALZI\",\"potentialAction\":[{\"@type\":\"SearchAction\",\"target\":{\"@type\":\"EntryPoint\",\"urlTemplate\":\"https:\/\/www.carmelitaniscalzi.com\/?s={search_term_string}\"},\"query-input\":{\"@type\":\"PropertyValueSpecification\",\"valueRequired\":true,\"valueName\":\"search_term_string\"}}],\"inLanguage\":\"pt-BR\"},{\"@type\":\"Organization\",\"@id\":\"https:\/\/www.carmelitaniscalzi.com\/#organization\",\"name\":\"CARMELITANI SCALZI - Curia Generale del Carmelo Teresiano\",\"url\":\"https:\/\/www.carmelitaniscalzi.com\/\",\"logo\":{\"@type\":\"ImageObject\",\"inLanguage\":\"pt-BR\",\"@id\":\"https:\/\/www.carmelitaniscalzi.com\/#\/schema\/logo\/image\/\",\"url\":\"https:\/\/www.carmelitaniscalzi.com\/wp-content\/uploads\/2025\/11\/login-logo.png\",\"contentUrl\":\"https:\/\/www.carmelitaniscalzi.com\/wp-content\/uploads\/2025\/11\/login-logo.png\",\"width\":256,\"height\":256,\"caption\":\"CARMELITANI SCALZI - Curia Generale del Carmelo Teresiano\"},\"image\":{\"@id\":\"https:\/\/www.carmelitaniscalzi.com\/#\/schema\/logo\/image\/\"},\"sameAs\":[\"https:\/\/www.facebook.com\/Curia-Generalizia-Carmelitani-Scalzi-658766940887784\/\",\"https:\/\/x.com\/ocdcuria\",\"https:\/\/www.youtube.com\/channel\/UC2J5ZL0ycOY0qBSTCLX_NGQ\/videos\",\"https:\/\/www.instagram.com\/ocdinform\/\"]},{\"@type\":\"Person\",\"@id\":\"https:\/\/www.carmelitaniscalzi.com\/#\/schema\/person\/6d1c0d9bea7b6625c437246a5d6da409\",\"name\":\"ocd web master\",\"image\":{\"@type\":\"ImageObject\",\"inLanguage\":\"pt-BR\",\"@id\":\"https:\/\/www.carmelitaniscalzi.com\/#\/schema\/person\/image\/\",\"url\":\"https:\/\/secure.gravatar.com\/avatar\/41fbc5f82bad909fbaf2984c43fa50d8519ac5853e25b454d022b6868f80d0e7?s=96&d=mm&r=g\",\"contentUrl\":\"https:\/\/secure.gravatar.com\/avatar\/41fbc5f82bad909fbaf2984c43fa50d8519ac5853e25b454d022b6868f80d0e7?s=96&d=mm&r=g\",\"caption\":\"ocd web master\"},\"url\":\"https:\/\/www.carmelitaniscalzi.com\/pt-br\/author\/ocdwebmaster\/\"}]}<\/script>\n<!-- \/ Yoast SEO plugin. -->","yoast_head_json":{"title":"Reuni\u00e3o Provincial OCDS em Bari e Maddaloni - CARMELITAS DESCAL\u00c7OS","robots":{"index":"index","follow":"follow","max-snippet":"max-snippet:-1","max-image-preview":"max-image-preview:large","max-video-preview":"max-video-preview:-1"},"canonical":"https:\/\/www.carmelitaniscalzi.com\/pt-br\/2018\/03\/19\/reuniao-provincial-ocds-em-bari-maddaloni\/","og_locale":"pt_BR","og_type":"article","og_title":"Reuni\u00e3o Provincial OCDS em Bari e Maddaloni - CARMELITAS DESCAL\u00c7OS","og_description":"As comunidades OCDS da Prov\u00edncia de N\u00e1poles reuniram-se nos dias 27 e 28 de janeiro em Bari e 3 e 4 de fevereiro em Maddaloni para celebrar dois encontros provinciais OCDS sobre as Constitui\u00e7\u00f5es, com o t\u00edtulo: \u201cChamada divina, projecto de vida, fidelidade perseverante ao carisma\u201d. Orientou ambos os encontros o P. Alzinir Debastiani, Delegado [&hellip;]","og_url":"https:\/\/www.carmelitaniscalzi.com\/pt-br\/2018\/03\/19\/reuniao-provincial-ocds-em-bari-maddaloni\/","og_site_name":"CARMELITAS DESCAL\u00c7OS","article_publisher":"https:\/\/www.facebook.com\/Curia-Generalizia-Carmelitani-Scalzi-658766940887784\/","article_published_time":"2018-03-19T12:35:51+00:00","og_image":[{"width":1328,"height":747,"url":"https:\/\/www.carmelitaniscalzi.com\/wp-content\/uploads\/2018\/03\/00-2.jpg","type":"image\/jpeg"}],"author":"ocd web master","twitter_card":"summary_large_image","twitter_creator":"@ocdcuria","twitter_site":"@ocdcuria","twitter_misc":{"Escrito por":"ocd web master","Est. tempo de leitura":"1 minuto"},"schema":{"@context":"https:\/\/schema.org","@graph":[{"@type":"Article","@id":"https:\/\/www.carmelitaniscalzi.com\/pt-br\/2018\/03\/19\/reuniao-provincial-ocds-em-bari-maddaloni\/#article","isPartOf":{"@id":"https:\/\/www.carmelitaniscalzi.com\/pt-br\/2018\/03\/19\/reuniao-provincial-ocds-em-bari-maddaloni\/"},"author":{"name":"ocd web master","@id":"https:\/\/www.carmelitaniscalzi.com\/#\/schema\/person\/6d1c0d9bea7b6625c437246a5d6da409"},"headline":"Reuni\u00e3o Provincial OCDS em Bari e Maddaloni","datePublished":"2018-03-19T12:35:51+00:00","mainEntityOfPage":{"@id":"https:\/\/www.carmelitaniscalzi.com\/pt-br\/2018\/03\/19\/reuniao-provincial-ocds-em-bari-maddaloni\/"},"wordCount":195,"publisher":{"@id":"https:\/\/www.carmelitaniscalzi.com\/#organization"},"image":{"@id":"https:\/\/www.carmelitaniscalzi.com\/pt-br\/2018\/03\/19\/reuniao-provincial-ocds-em-bari-maddaloni\/#primaryimage"},"thumbnailUrl":"https:\/\/www.carmelitaniscalzi.com\/wp-content\/uploads\/2018\/03\/00-2.jpg","articleSection":["Not\u00edcias OCDS","Not\u00edcias"],"inLanguage":"pt-BR"},{"@type":"WebPage","@id":"https:\/\/www.carmelitaniscalzi.com\/pt-br\/2018\/03\/19\/reuniao-provincial-ocds-em-bari-maddaloni\/","url":"https:\/\/www.carmelitaniscalzi.com\/pt-br\/2018\/03\/19\/reuniao-provincial-ocds-em-bari-maddaloni\/","name":"Reuni\u00e3o Provincial OCDS em Bari e Maddaloni - CARMELITAS DESCAL\u00c7OS","isPartOf":{"@id":"https:\/\/www.carmelitaniscalzi.com\/#website"},"primaryImageOfPage":{"@id":"https:\/\/www.carmelitaniscalzi.com\/pt-br\/2018\/03\/19\/reuniao-provincial-ocds-em-bari-maddaloni\/#primaryimage"},"image":{"@id":"https:\/\/www.carmelitaniscalzi.com\/pt-br\/2018\/03\/19\/reuniao-provincial-ocds-em-bari-maddaloni\/#primaryimage"},"thumbnailUrl":"https:\/\/www.carmelitaniscalzi.com\/wp-content\/uploads\/2018\/03\/00-2.jpg","datePublished":"2018-03-19T12:35:51+00:00","breadcrumb":{"@id":"https:\/\/www.carmelitaniscalzi.com\/pt-br\/2018\/03\/19\/reuniao-provincial-ocds-em-bari-maddaloni\/#breadcrumb"},"inLanguage":"pt-BR","potentialAction":[{"@type":"ReadAction","target":["https:\/\/www.carmelitaniscalzi.com\/pt-br\/2018\/03\/19\/reuniao-provincial-ocds-em-bari-maddaloni\/"]}]},{"@type":"ImageObject","inLanguage":"pt-BR","@id":"https:\/\/www.carmelitaniscalzi.com\/pt-br\/2018\/03\/19\/reuniao-provincial-ocds-em-bari-maddaloni\/#primaryimage","url":"https:\/\/www.carmelitaniscalzi.com\/wp-content\/uploads\/2018\/03\/00-2.jpg","contentUrl":"https:\/\/www.carmelitaniscalzi.com\/wp-content\/uploads\/2018\/03\/00-2.jpg","width":1328,"height":747},{"@type":"BreadcrumbList","@id":"https:\/\/www.carmelitaniscalzi.com\/pt-br\/2018\/03\/19\/reuniao-provincial-ocds-em-bari-maddaloni\/#breadcrumb","itemListElement":[{"@type":"ListItem","position":1,"name":"Home","item":"https:\/\/www.carmelitaniscalzi.com\/pt-br\/"},{"@type":"ListItem","position":2,"name":"Reuni\u00e3o Provincial OCDS em Bari e Maddaloni"}]},{"@type":"WebSite","@id":"https:\/\/www.carmelitaniscalzi.com\/#website","url":"https:\/\/www.carmelitaniscalzi.com\/","name":"CARMELITANI SCALZI - Curia Generale del Carmelo Teresiano","description":"C\u00faria General\u00edcia do Carmelo Teresiano","publisher":{"@id":"https:\/\/www.carmelitaniscalzi.com\/#organization"},"alternateName":"CARMELITANI SCALZI","potentialAction":[{"@type":"SearchAction","target":{"@type":"EntryPoint","urlTemplate":"https:\/\/www.carmelitaniscalzi.com\/?s={search_term_string}"},"query-input":{"@type":"PropertyValueSpecification","valueRequired":true,"valueName":"search_term_string"}}],"inLanguage":"pt-BR"},{"@type":"Organization","@id":"https:\/\/www.carmelitaniscalzi.com\/#organization","name":"CARMELITANI SCALZI - Curia Generale del Carmelo Teresiano","url":"https:\/\/www.carmelitaniscalzi.com\/","logo":{"@type":"ImageObject","inLanguage":"pt-BR","@id":"https:\/\/www.carmelitaniscalzi.com\/#\/schema\/logo\/image\/","url":"https:\/\/www.carmelitaniscalzi.com\/wp-content\/uploads\/2025\/11\/login-logo.png","contentUrl":"https:\/\/www.carmelitaniscalzi.com\/wp-content\/uploads\/2025\/11\/login-logo.png","width":256,"height":256,"caption":"CARMELITANI SCALZI - Curia Generale del Carmelo Teresiano"},"image":{"@id":"https:\/\/www.carmelitaniscalzi.com\/#\/schema\/logo\/image\/"},"sameAs":["https:\/\/www.facebook.com\/Curia-Generalizia-Carmelitani-Scalzi-658766940887784\/","https:\/\/x.com\/ocdcuria","https:\/\/www.youtube.com\/channel\/UC2J5ZL0ycOY0qBSTCLX_NGQ\/videos","https:\/\/www.instagram.com\/ocdinform\/"]},{"@type":"Person","@id":"https:\/\/www.carmelitaniscalzi.com\/#\/schema\/person\/6d1c0d9bea7b6625c437246a5d6da409","name":"ocd web master","image":{"@type":"ImageObject","inLanguage":"pt-BR","@id":"https:\/\/www.carmelitaniscalzi.com\/#\/schema\/person\/image\/","url":"https:\/\/secure.gravatar.com\/avatar\/41fbc5f82bad909fbaf2984c43fa50d8519ac5853e25b454d022b6868f80d0e7?s=96&d=mm&r=g","contentUrl":"https:\/\/secure.gravatar.com\/avatar\/41fbc5f82bad909fbaf2984c43fa50d8519ac5853e25b454d022b6868f80d0e7?s=96&d=mm&r=g","caption":"ocd web master"},"url":"https:\/\/www.carmelitaniscalzi.com\/pt-br\/author\/ocdwebmaster\/"}]}},"_links":{"self":[{"href":"https:\/\/www.carmelitaniscalzi.com\/pt-br\/wp-json\/wp\/v2\/posts\/20068","targetHints":{"allow":["GET"]}}],"collection":[{"href":"https:\/\/www.carmelitaniscalzi.com\/pt-br\/wp-json\/wp\/v2\/posts"}],"about":[{"href":"https:\/\/www.carmelitaniscalzi.com\/pt-br\/wp-json\/wp\/v2\/types\/post"}],"author":[{"embeddable":true,"href":"https:\/\/www.carmelitaniscalzi.com\/pt-br\/wp-json\/wp\/v2\/users\/7"}],"replies":[{"embeddable":true,"href":"https:\/\/www.carmelitaniscalzi.com\/pt-br\/wp-json\/wp\/v2\/comments?post=20068"}],"version-history":[{"count":0,"href":"https:\/\/www.carmelitaniscalzi.com\/pt-br\/wp-json\/wp\/v2\/posts\/20068\/revisions"}],"wp:featuredmedia":[{"embeddable":true,"href":"https:\/\/www.carmelitaniscalzi.com\/pt-br\/wp-json\/wp\/v2\/media\/20057"}],"wp:attachment":[{"href":"https:\/\/www.carmelitaniscalzi.com\/pt-br\/wp-json\/wp\/v2\/media?parent=20068"}],"wp:term":[{"taxonomy":"category","embeddable":true,"href":"https:\/\/www.carmelitaniscalzi.com\/pt-br\/wp-json\/wp\/v2\/categories?post=20068"},{"taxonomy":"post_tag","embeddable":true,"href":"https:\/\/www.carmelitaniscalzi.com\/pt-br\/wp-json\/wp\/v2\/tags?post=20068"}],"curies":[{"name":"wp","href":"https:\/\/api.w.org\/{rel}","templated":true}]}}