{"id":19865,"date":"2018-03-05T09:54:16","date_gmt":"2018-03-05T08:54:16","guid":{"rendered":"https:\/\/www.carmelitaniscalzi.com\/pt-br\/?p=19865"},"modified":"2018-03-05T09:54:16","modified_gmt":"2018-03-05T08:54:16","slug":"reuniao-de-carmelitas-descalcos-na-india","status":"publish","type":"post","link":"https:\/\/www.carmelitaniscalzi.com\/pt-br\/2018\/03\/05\/reuniao-de-carmelitas-descalcos-na-india\/","title":{"rendered":"Reuni\u00e3o de Carmelitas Descal\u00e7os na \u00cdndia"},"content":{"rendered":"<p>No \u00faltimo dia 2 de fevereiro, Padre Saverio Cannistr\u00e0, Geral de nossa Ordem, acompanhado do Padre Johannes Gorantla, definidor encarregado para a \u00c1sia meridional, reuniu-se com a Assembleia Geral da IPCI, constitu\u00edda por sete provinciais e um de seus conselheiros, tr\u00eas vig\u00e1rios regionais e dois delegados provinciais, todos eles da \u00cdndia. O objetivo principal era reunir-se com o Padre Geral para compartilhar com ele as preocupa\u00e7\u00f5es do Carmelo indiano, uma vez terminada sua visita \u00e0 prov\u00edncia de Andhra Pradesh. A reuni\u00e3o permitiu a troca de algumas informa\u00e7\u00f5es do interesse de todos, bem como para dar os primeiros passos em prepara\u00e7\u00e3o ao Definit\u00f3rio Extraordin\u00e1rio, que acontecer\u00e1 na \u00cdndia.<\/p>\n<p><img loading=\"lazy\" decoding=\"async\" class=\"alignnone size-full wp-image-19855\" src=\"https:\/\/www.carmelitaniscalzi.com\/wp-content\/uploads\/2018\/03\/02.jpg\" alt=\"\" width=\"640\" height=\"480\" srcset=\"https:\/\/www.carmelitaniscalzi.com\/wp-content\/uploads\/2018\/03\/02.jpg 640w, https:\/\/www.carmelitaniscalzi.com\/wp-content\/uploads\/2018\/03\/02-300x225.jpg 300w, https:\/\/www.carmelitaniscalzi.com\/wp-content\/uploads\/2018\/03\/02-73x55.jpg 73w, https:\/\/www.carmelitaniscalzi.com\/wp-content\/uploads\/2018\/03\/02-580x435.jpg 580w\" sizes=\"auto, (max-width: 640px) 100vw, 640px\" \/><\/p>\n","protected":false},"excerpt":{"rendered":"<p>No \u00faltimo dia 2 de fevereiro, Padre Saverio Cannistr\u00e0, Geral de nossa Ordem, acompanhado do Padre Johannes Gorantla, definidor encarregado para a \u00c1sia meridional, reuniu-se com a Assembleia Geral da IPCI, constitu\u00edda por sete provinciais e um de seus conselheiros, tr\u00eas vig\u00e1rios regionais e dois delegados provinciais, todos eles da \u00cdndia. O objetivo principal era [&hellip;]<\/p>\n","protected":false},"author":7,"featured_media":19854,"comment_status":"closed","ping_status":"closed","sticky":false,"template":"","format":"standard","meta":{"_acf_changed":false,"footnotes":""},"categories":[235,373],"tags":[],"class_list":["post-19865","post","type-post","status-publish","format-standard","has-post-thumbnail","hentry","category-noticias-frades","category-noticias"],"acf":[],"yoast_head":"<!-- This site is optimized with the Yoast SEO plugin v26.3 - https:\/\/yoast.com\/wordpress\/plugins\/seo\/ -->\n<title>Reuni\u00e3o de Carmelitas Descal\u00e7os na \u00cdndia - CARMELITAS DESCAL\u00c7OS<\/title>\n<meta name=\"robots\" content=\"index, follow, max-snippet:-1, max-image-preview:large, max-video-preview:-1\" \/>\n<link rel=\"canonical\" href=\"https:\/\/www.carmelitaniscalzi.com\/pt-br\/2018\/03\/05\/reuniao-de-carmelitas-descalcos-na-india\/\" \/>\n<meta property=\"og:locale\" content=\"pt_BR\" \/>\n<meta property=\"og:type\" content=\"article\" \/>\n<meta property=\"og:title\" content=\"Reuni\u00e3o de Carmelitas Descal\u00e7os na \u00cdndia - CARMELITAS DESCAL\u00c7OS\" \/>\n<meta property=\"og:description\" content=\"No \u00faltimo dia 2 de fevereiro, Padre Saverio Cannistr\u00e0, Geral de nossa Ordem, acompanhado do Padre Johannes Gorantla, definidor encarregado para a \u00c1sia meridional, reuniu-se com a Assembleia Geral da IPCI, constitu\u00edda por sete provinciais e um de seus conselheiros, tr\u00eas vig\u00e1rios regionais e dois delegados provinciais, todos eles da \u00cdndia. O objetivo principal era [&hellip;]\" \/>\n<meta property=\"og:url\" content=\"https:\/\/www.carmelitaniscalzi.com\/pt-br\/2018\/03\/05\/reuniao-de-carmelitas-descalcos-na-india\/\" \/>\n<meta property=\"og:site_name\" content=\"CARMELITAS DESCAL\u00c7OS\" \/>\n<meta property=\"article:publisher\" content=\"https:\/\/www.facebook.com\/Curia-Generalizia-Carmelitani-Scalzi-658766940887784\/\" \/>\n<meta property=\"article:published_time\" content=\"2018-03-05T08:54:16+00:00\" \/>\n<meta property=\"og:image\" content=\"https:\/\/www.carmelitaniscalzi.com\/wp-content\/uploads\/2018\/03\/00.jpg\" \/>\n\t<meta property=\"og:image:width\" content=\"640\" \/>\n\t<meta property=\"og:image:height\" content=\"316\" \/>\n\t<meta property=\"og:image:type\" content=\"image\/jpeg\" \/>\n<meta name=\"author\" content=\"ocd web master\" \/>\n<meta name=\"twitter:card\" content=\"summary_large_image\" \/>\n<meta name=\"twitter:creator\" content=\"@ocdcuria\" \/>\n<meta name=\"twitter:site\" content=\"@ocdcuria\" \/>\n<meta name=\"twitter:label1\" content=\"Escrito por\" \/>\n\t<meta name=\"twitter:data1\" content=\"ocd web master\" \/>\n\t<meta name=\"twitter:label2\" content=\"Est. tempo de leitura\" \/>\n\t<meta name=\"twitter:data2\" content=\"1 minuto\" \/>\n<script type=\"application\/ld+json\" class=\"yoast-schema-graph\">{\"@context\":\"https:\/\/schema.org\",\"@graph\":[{\"@type\":\"Article\",\"@id\":\"https:\/\/www.carmelitaniscalzi.com\/pt-br\/2018\/03\/05\/reuniao-de-carmelitas-descalcos-na-india\/#article\",\"isPartOf\":{\"@id\":\"https:\/\/www.carmelitaniscalzi.com\/pt-br\/2018\/03\/05\/reuniao-de-carmelitas-descalcos-na-india\/\"},\"author\":{\"name\":\"ocd web master\",\"@id\":\"https:\/\/www.carmelitaniscalzi.com\/#\/schema\/person\/6d1c0d9bea7b6625c437246a5d6da409\"},\"headline\":\"Reuni\u00e3o de Carmelitas Descal\u00e7os na \u00cdndia\",\"datePublished\":\"2018-03-05T08:54:16+00:00\",\"mainEntityOfPage\":{\"@id\":\"https:\/\/www.carmelitaniscalzi.com\/pt-br\/2018\/03\/05\/reuniao-de-carmelitas-descalcos-na-india\/\"},\"wordCount\":123,\"publisher\":{\"@id\":\"https:\/\/www.carmelitaniscalzi.com\/#organization\"},\"image\":{\"@id\":\"https:\/\/www.carmelitaniscalzi.com\/pt-br\/2018\/03\/05\/reuniao-de-carmelitas-descalcos-na-india\/#primaryimage\"},\"thumbnailUrl\":\"https:\/\/www.carmelitaniscalzi.com\/wp-content\/uploads\/2018\/03\/00.jpg\",\"articleSection\":[\"Not\u00edcias Frades\",\"Not\u00edcias\"],\"inLanguage\":\"pt-BR\"},{\"@type\":\"WebPage\",\"@id\":\"https:\/\/www.carmelitaniscalzi.com\/pt-br\/2018\/03\/05\/reuniao-de-carmelitas-descalcos-na-india\/\",\"url\":\"https:\/\/www.carmelitaniscalzi.com\/pt-br\/2018\/03\/05\/reuniao-de-carmelitas-descalcos-na-india\/\",\"name\":\"Reuni\u00e3o de Carmelitas Descal\u00e7os na \u00cdndia - CARMELITAS DESCAL\u00c7OS\",\"isPartOf\":{\"@id\":\"https:\/\/www.carmelitaniscalzi.com\/#website\"},\"primaryImageOfPage\":{\"@id\":\"https:\/\/www.carmelitaniscalzi.com\/pt-br\/2018\/03\/05\/reuniao-de-carmelitas-descalcos-na-india\/#primaryimage\"},\"image\":{\"@id\":\"https:\/\/www.carmelitaniscalzi.com\/pt-br\/2018\/03\/05\/reuniao-de-carmelitas-descalcos-na-india\/#primaryimage\"},\"thumbnailUrl\":\"https:\/\/www.carmelitaniscalzi.com\/wp-content\/uploads\/2018\/03\/00.jpg\",\"datePublished\":\"2018-03-05T08:54:16+00:00\",\"breadcrumb\":{\"@id\":\"https:\/\/www.carmelitaniscalzi.com\/pt-br\/2018\/03\/05\/reuniao-de-carmelitas-descalcos-na-india\/#breadcrumb\"},\"inLanguage\":\"pt-BR\",\"potentialAction\":[{\"@type\":\"ReadAction\",\"target\":[\"https:\/\/www.carmelitaniscalzi.com\/pt-br\/2018\/03\/05\/reuniao-de-carmelitas-descalcos-na-india\/\"]}]},{\"@type\":\"ImageObject\",\"inLanguage\":\"pt-BR\",\"@id\":\"https:\/\/www.carmelitaniscalzi.com\/pt-br\/2018\/03\/05\/reuniao-de-carmelitas-descalcos-na-india\/#primaryimage\",\"url\":\"https:\/\/www.carmelitaniscalzi.com\/wp-content\/uploads\/2018\/03\/00.jpg\",\"contentUrl\":\"https:\/\/www.carmelitaniscalzi.com\/wp-content\/uploads\/2018\/03\/00.jpg\",\"width\":640,\"height\":316},{\"@type\":\"BreadcrumbList\",\"@id\":\"https:\/\/www.carmelitaniscalzi.com\/pt-br\/2018\/03\/05\/reuniao-de-carmelitas-descalcos-na-india\/#breadcrumb\",\"itemListElement\":[{\"@type\":\"ListItem\",\"position\":1,\"name\":\"Home\",\"item\":\"https:\/\/www.carmelitaniscalzi.com\/pt-br\/\"},{\"@type\":\"ListItem\",\"position\":2,\"name\":\"Reuni\u00e3o de Carmelitas Descal\u00e7os na \u00cdndia\"}]},{\"@type\":\"WebSite\",\"@id\":\"https:\/\/www.carmelitaniscalzi.com\/#website\",\"url\":\"https:\/\/www.carmelitaniscalzi.com\/\",\"name\":\"CARMELITANI SCALZI - Curia Generale del Carmelo Teresiano\",\"description\":\"C\u00faria General\u00edcia do Carmelo Teresiano\",\"publisher\":{\"@id\":\"https:\/\/www.carmelitaniscalzi.com\/#organization\"},\"alternateName\":\"CARMELITANI SCALZI\",\"potentialAction\":[{\"@type\":\"SearchAction\",\"target\":{\"@type\":\"EntryPoint\",\"urlTemplate\":\"https:\/\/www.carmelitaniscalzi.com\/?s={search_term_string}\"},\"query-input\":{\"@type\":\"PropertyValueSpecification\",\"valueRequired\":true,\"valueName\":\"search_term_string\"}}],\"inLanguage\":\"pt-BR\"},{\"@type\":\"Organization\",\"@id\":\"https:\/\/www.carmelitaniscalzi.com\/#organization\",\"name\":\"CARMELITANI SCALZI - Curia Generale del Carmelo Teresiano\",\"url\":\"https:\/\/www.carmelitaniscalzi.com\/\",\"logo\":{\"@type\":\"ImageObject\",\"inLanguage\":\"pt-BR\",\"@id\":\"https:\/\/www.carmelitaniscalzi.com\/#\/schema\/logo\/image\/\",\"url\":\"https:\/\/www.carmelitaniscalzi.com\/wp-content\/uploads\/2025\/11\/login-logo.png\",\"contentUrl\":\"https:\/\/www.carmelitaniscalzi.com\/wp-content\/uploads\/2025\/11\/login-logo.png\",\"width\":256,\"height\":256,\"caption\":\"CARMELITANI SCALZI - Curia Generale del Carmelo Teresiano\"},\"image\":{\"@id\":\"https:\/\/www.carmelitaniscalzi.com\/#\/schema\/logo\/image\/\"},\"sameAs\":[\"https:\/\/www.facebook.com\/Curia-Generalizia-Carmelitani-Scalzi-658766940887784\/\",\"https:\/\/x.com\/ocdcuria\",\"https:\/\/www.youtube.com\/channel\/UC2J5ZL0ycOY0qBSTCLX_NGQ\/videos\",\"https:\/\/www.instagram.com\/ocdinform\/\"]},{\"@type\":\"Person\",\"@id\":\"https:\/\/www.carmelitaniscalzi.com\/#\/schema\/person\/6d1c0d9bea7b6625c437246a5d6da409\",\"name\":\"ocd web master\",\"image\":{\"@type\":\"ImageObject\",\"inLanguage\":\"pt-BR\",\"@id\":\"https:\/\/www.carmelitaniscalzi.com\/#\/schema\/person\/image\/\",\"url\":\"https:\/\/secure.gravatar.com\/avatar\/41fbc5f82bad909fbaf2984c43fa50d8519ac5853e25b454d022b6868f80d0e7?s=96&d=mm&r=g\",\"contentUrl\":\"https:\/\/secure.gravatar.com\/avatar\/41fbc5f82bad909fbaf2984c43fa50d8519ac5853e25b454d022b6868f80d0e7?s=96&d=mm&r=g\",\"caption\":\"ocd web master\"},\"url\":\"https:\/\/www.carmelitaniscalzi.com\/pt-br\/author\/ocdwebmaster\/\"}]}<\/script>\n<!-- \/ Yoast SEO plugin. -->","yoast_head_json":{"title":"Reuni\u00e3o de Carmelitas Descal\u00e7os na \u00cdndia - CARMELITAS DESCAL\u00c7OS","robots":{"index":"index","follow":"follow","max-snippet":"max-snippet:-1","max-image-preview":"max-image-preview:large","max-video-preview":"max-video-preview:-1"},"canonical":"https:\/\/www.carmelitaniscalzi.com\/pt-br\/2018\/03\/05\/reuniao-de-carmelitas-descalcos-na-india\/","og_locale":"pt_BR","og_type":"article","og_title":"Reuni\u00e3o de Carmelitas Descal\u00e7os na \u00cdndia - CARMELITAS DESCAL\u00c7OS","og_description":"No \u00faltimo dia 2 de fevereiro, Padre Saverio Cannistr\u00e0, Geral de nossa Ordem, acompanhado do Padre Johannes Gorantla, definidor encarregado para a \u00c1sia meridional, reuniu-se com a Assembleia Geral da IPCI, constitu\u00edda por sete provinciais e um de seus conselheiros, tr\u00eas vig\u00e1rios regionais e dois delegados provinciais, todos eles da \u00cdndia. O objetivo principal era [&hellip;]","og_url":"https:\/\/www.carmelitaniscalzi.com\/pt-br\/2018\/03\/05\/reuniao-de-carmelitas-descalcos-na-india\/","og_site_name":"CARMELITAS DESCAL\u00c7OS","article_publisher":"https:\/\/www.facebook.com\/Curia-Generalizia-Carmelitani-Scalzi-658766940887784\/","article_published_time":"2018-03-05T08:54:16+00:00","og_image":[{"width":640,"height":316,"url":"https:\/\/www.carmelitaniscalzi.com\/wp-content\/uploads\/2018\/03\/00.jpg","type":"image\/jpeg"}],"author":"ocd web master","twitter_card":"summary_large_image","twitter_creator":"@ocdcuria","twitter_site":"@ocdcuria","twitter_misc":{"Escrito por":"ocd web master","Est. tempo de leitura":"1 minuto"},"schema":{"@context":"https:\/\/schema.org","@graph":[{"@type":"Article","@id":"https:\/\/www.carmelitaniscalzi.com\/pt-br\/2018\/03\/05\/reuniao-de-carmelitas-descalcos-na-india\/#article","isPartOf":{"@id":"https:\/\/www.carmelitaniscalzi.com\/pt-br\/2018\/03\/05\/reuniao-de-carmelitas-descalcos-na-india\/"},"author":{"name":"ocd web master","@id":"https:\/\/www.carmelitaniscalzi.com\/#\/schema\/person\/6d1c0d9bea7b6625c437246a5d6da409"},"headline":"Reuni\u00e3o de Carmelitas Descal\u00e7os na \u00cdndia","datePublished":"2018-03-05T08:54:16+00:00","mainEntityOfPage":{"@id":"https:\/\/www.carmelitaniscalzi.com\/pt-br\/2018\/03\/05\/reuniao-de-carmelitas-descalcos-na-india\/"},"wordCount":123,"publisher":{"@id":"https:\/\/www.carmelitaniscalzi.com\/#organization"},"image":{"@id":"https:\/\/www.carmelitaniscalzi.com\/pt-br\/2018\/03\/05\/reuniao-de-carmelitas-descalcos-na-india\/#primaryimage"},"thumbnailUrl":"https:\/\/www.carmelitaniscalzi.com\/wp-content\/uploads\/2018\/03\/00.jpg","articleSection":["Not\u00edcias Frades","Not\u00edcias"],"inLanguage":"pt-BR"},{"@type":"WebPage","@id":"https:\/\/www.carmelitaniscalzi.com\/pt-br\/2018\/03\/05\/reuniao-de-carmelitas-descalcos-na-india\/","url":"https:\/\/www.carmelitaniscalzi.com\/pt-br\/2018\/03\/05\/reuniao-de-carmelitas-descalcos-na-india\/","name":"Reuni\u00e3o de Carmelitas Descal\u00e7os na \u00cdndia - CARMELITAS DESCAL\u00c7OS","isPartOf":{"@id":"https:\/\/www.carmelitaniscalzi.com\/#website"},"primaryImageOfPage":{"@id":"https:\/\/www.carmelitaniscalzi.com\/pt-br\/2018\/03\/05\/reuniao-de-carmelitas-descalcos-na-india\/#primaryimage"},"image":{"@id":"https:\/\/www.carmelitaniscalzi.com\/pt-br\/2018\/03\/05\/reuniao-de-carmelitas-descalcos-na-india\/#primaryimage"},"thumbnailUrl":"https:\/\/www.carmelitaniscalzi.com\/wp-content\/uploads\/2018\/03\/00.jpg","datePublished":"2018-03-05T08:54:16+00:00","breadcrumb":{"@id":"https:\/\/www.carmelitaniscalzi.com\/pt-br\/2018\/03\/05\/reuniao-de-carmelitas-descalcos-na-india\/#breadcrumb"},"inLanguage":"pt-BR","potentialAction":[{"@type":"ReadAction","target":["https:\/\/www.carmelitaniscalzi.com\/pt-br\/2018\/03\/05\/reuniao-de-carmelitas-descalcos-na-india\/"]}]},{"@type":"ImageObject","inLanguage":"pt-BR","@id":"https:\/\/www.carmelitaniscalzi.com\/pt-br\/2018\/03\/05\/reuniao-de-carmelitas-descalcos-na-india\/#primaryimage","url":"https:\/\/www.carmelitaniscalzi.com\/wp-content\/uploads\/2018\/03\/00.jpg","contentUrl":"https:\/\/www.carmelitaniscalzi.com\/wp-content\/uploads\/2018\/03\/00.jpg","width":640,"height":316},{"@type":"BreadcrumbList","@id":"https:\/\/www.carmelitaniscalzi.com\/pt-br\/2018\/03\/05\/reuniao-de-carmelitas-descalcos-na-india\/#breadcrumb","itemListElement":[{"@type":"ListItem","position":1,"name":"Home","item":"https:\/\/www.carmelitaniscalzi.com\/pt-br\/"},{"@type":"ListItem","position":2,"name":"Reuni\u00e3o de Carmelitas Descal\u00e7os na \u00cdndia"}]},{"@type":"WebSite","@id":"https:\/\/www.carmelitaniscalzi.com\/#website","url":"https:\/\/www.carmelitaniscalzi.com\/","name":"CARMELITANI SCALZI - Curia Generale del Carmelo Teresiano","description":"C\u00faria General\u00edcia do Carmelo Teresiano","publisher":{"@id":"https:\/\/www.carmelitaniscalzi.com\/#organization"},"alternateName":"CARMELITANI SCALZI","potentialAction":[{"@type":"SearchAction","target":{"@type":"EntryPoint","urlTemplate":"https:\/\/www.carmelitaniscalzi.com\/?s={search_term_string}"},"query-input":{"@type":"PropertyValueSpecification","valueRequired":true,"valueName":"search_term_string"}}],"inLanguage":"pt-BR"},{"@type":"Organization","@id":"https:\/\/www.carmelitaniscalzi.com\/#organization","name":"CARMELITANI SCALZI - Curia Generale del Carmelo Teresiano","url":"https:\/\/www.carmelitaniscalzi.com\/","logo":{"@type":"ImageObject","inLanguage":"pt-BR","@id":"https:\/\/www.carmelitaniscalzi.com\/#\/schema\/logo\/image\/","url":"https:\/\/www.carmelitaniscalzi.com\/wp-content\/uploads\/2025\/11\/login-logo.png","contentUrl":"https:\/\/www.carmelitaniscalzi.com\/wp-content\/uploads\/2025\/11\/login-logo.png","width":256,"height":256,"caption":"CARMELITANI SCALZI - Curia Generale del Carmelo Teresiano"},"image":{"@id":"https:\/\/www.carmelitaniscalzi.com\/#\/schema\/logo\/image\/"},"sameAs":["https:\/\/www.facebook.com\/Curia-Generalizia-Carmelitani-Scalzi-658766940887784\/","https:\/\/x.com\/ocdcuria","https:\/\/www.youtube.com\/channel\/UC2J5ZL0ycOY0qBSTCLX_NGQ\/videos","https:\/\/www.instagram.com\/ocdinform\/"]},{"@type":"Person","@id":"https:\/\/www.carmelitaniscalzi.com\/#\/schema\/person\/6d1c0d9bea7b6625c437246a5d6da409","name":"ocd web master","image":{"@type":"ImageObject","inLanguage":"pt-BR","@id":"https:\/\/www.carmelitaniscalzi.com\/#\/schema\/person\/image\/","url":"https:\/\/secure.gravatar.com\/avatar\/41fbc5f82bad909fbaf2984c43fa50d8519ac5853e25b454d022b6868f80d0e7?s=96&d=mm&r=g","contentUrl":"https:\/\/secure.gravatar.com\/avatar\/41fbc5f82bad909fbaf2984c43fa50d8519ac5853e25b454d022b6868f80d0e7?s=96&d=mm&r=g","caption":"ocd web master"},"url":"https:\/\/www.carmelitaniscalzi.com\/pt-br\/author\/ocdwebmaster\/"}]}},"_links":{"self":[{"href":"https:\/\/www.carmelitaniscalzi.com\/pt-br\/wp-json\/wp\/v2\/posts\/19865","targetHints":{"allow":["GET"]}}],"collection":[{"href":"https:\/\/www.carmelitaniscalzi.com\/pt-br\/wp-json\/wp\/v2\/posts"}],"about":[{"href":"https:\/\/www.carmelitaniscalzi.com\/pt-br\/wp-json\/wp\/v2\/types\/post"}],"author":[{"embeddable":true,"href":"https:\/\/www.carmelitaniscalzi.com\/pt-br\/wp-json\/wp\/v2\/users\/7"}],"replies":[{"embeddable":true,"href":"https:\/\/www.carmelitaniscalzi.com\/pt-br\/wp-json\/wp\/v2\/comments?post=19865"}],"version-history":[{"count":0,"href":"https:\/\/www.carmelitaniscalzi.com\/pt-br\/wp-json\/wp\/v2\/posts\/19865\/revisions"}],"wp:featuredmedia":[{"embeddable":true,"href":"https:\/\/www.carmelitaniscalzi.com\/pt-br\/wp-json\/wp\/v2\/media\/19854"}],"wp:attachment":[{"href":"https:\/\/www.carmelitaniscalzi.com\/pt-br\/wp-json\/wp\/v2\/media?parent=19865"}],"wp:term":[{"taxonomy":"category","embeddable":true,"href":"https:\/\/www.carmelitaniscalzi.com\/pt-br\/wp-json\/wp\/v2\/categories?post=19865"},{"taxonomy":"post_tag","embeddable":true,"href":"https:\/\/www.carmelitaniscalzi.com\/pt-br\/wp-json\/wp\/v2\/tags?post=19865"}],"curies":[{"name":"wp","href":"https:\/\/api.w.org\/{rel}","templated":true}]}}