{"id":19766,"date":"2018-02-23T17:01:50","date_gmt":"2018-02-23T16:01:50","guid":{"rendered":"https:\/\/www.carmelitaniscalzi.com\/pt-br\/?p=19766"},"modified":"2018-02-23T17:01:50","modified_gmt":"2018-02-23T16:01:50","slug":"sao-joao-cruz-no-egito","status":"publish","type":"post","link":"https:\/\/www.carmelitaniscalzi.com\/pt-br\/2018\/02\/23\/sao-joao-cruz-no-egito\/","title":{"rendered":"S\u00e3o Jo\u00e3o da Cruz no Egito"},"content":{"rendered":"<p>Na \u00faltima semana do m\u00eas de janeiro, Padre Eduardo Sanz de Miguel, carmelita descal\u00e7o da Prov\u00edncia Ib\u00e9rica (Espanha), proferiu diversas confer\u00eancias sobre S\u00e3o Jo\u00e3o da Cruz no Santu\u00e1rio de Santa Teresa do Menino Jesus em Hdayek Shubra (Cairo\/Egito).<\/p>\n<p>As manh\u00e3s eram dedicadas a um curso completo aos carmelitas descal\u00e7os do Egito, aos quais uniam-se as Irm\u00e3s Carmelitas de Santa Teresa de Floren\u00e7a e as Carmelitas de S\u00e3o Jos\u00e9. Na parte da tarde, Padre Eduardo teve a oportunidade de encontrar diversos grupos de religiosos e religiosas, fam\u00edlias, al\u00e9m de um encontro com sacerdotes.<\/p>\n<p>As confer\u00eancias foram muito concorridas e consistiram em uma oportunidade \u00fanica de transmitir o carisma teresiano e a doutrina sanjuanista a muitos crist\u00e3os do Egito.<\/p>\n<p><img loading=\"lazy\" decoding=\"async\" class=\"alignnone size-full wp-image-19756\" src=\"https:\/\/www.carmelitaniscalzi.com\/wp-content\/uploads\/2018\/02\/04.jpeg\" alt=\"\" width=\"1152\" height=\"864\" srcset=\"https:\/\/www.carmelitaniscalzi.com\/wp-content\/uploads\/2018\/02\/04.jpeg 1152w, https:\/\/www.carmelitaniscalzi.com\/wp-content\/uploads\/2018\/02\/04-300x225.jpeg 300w, https:\/\/www.carmelitaniscalzi.com\/wp-content\/uploads\/2018\/02\/04-768x576.jpeg 768w, https:\/\/www.carmelitaniscalzi.com\/wp-content\/uploads\/2018\/02\/04-1024x768.jpeg 1024w, https:\/\/www.carmelitaniscalzi.com\/wp-content\/uploads\/2018\/02\/04-73x55.jpeg 73w, https:\/\/www.carmelitaniscalzi.com\/wp-content\/uploads\/2018\/02\/04-800x600.jpeg 800w, https:\/\/www.carmelitaniscalzi.com\/wp-content\/uploads\/2018\/02\/04-580x435.jpeg 580w\" sizes=\"auto, (max-width: 1152px) 100vw, 1152px\" \/> <img loading=\"lazy\" decoding=\"async\" class=\"alignnone size-full wp-image-19755\" src=\"https:\/\/www.carmelitaniscalzi.com\/wp-content\/uploads\/2018\/02\/03.jpeg\" alt=\"\" width=\"1152\" height=\"864\" srcset=\"https:\/\/www.carmelitaniscalzi.com\/wp-content\/uploads\/2018\/02\/03.jpeg 1152w, https:\/\/www.carmelitaniscalzi.com\/wp-content\/uploads\/2018\/02\/03-300x225.jpeg 300w, https:\/\/www.carmelitaniscalzi.com\/wp-content\/uploads\/2018\/02\/03-768x576.jpeg 768w, https:\/\/www.carmelitaniscalzi.com\/wp-content\/uploads\/2018\/02\/03-1024x768.jpeg 1024w, https:\/\/www.carmelitaniscalzi.com\/wp-content\/uploads\/2018\/02\/03-73x55.jpeg 73w, https:\/\/www.carmelitaniscalzi.com\/wp-content\/uploads\/2018\/02\/03-800x600.jpeg 800w, https:\/\/www.carmelitaniscalzi.com\/wp-content\/uploads\/2018\/02\/03-580x435.jpeg 580w\" sizes=\"auto, (max-width: 1152px) 100vw, 1152px\" \/> <img loading=\"lazy\" decoding=\"async\" class=\"alignnone size-full wp-image-19754\" src=\"https:\/\/www.carmelitaniscalzi.com\/wp-content\/uploads\/2018\/02\/02.jpeg\" alt=\"\" width=\"1280\" height=\"960\" srcset=\"https:\/\/www.carmelitaniscalzi.com\/wp-content\/uploads\/2018\/02\/02.jpeg 1280w, https:\/\/www.carmelitaniscalzi.com\/wp-content\/uploads\/2018\/02\/02-300x225.jpeg 300w, https:\/\/www.carmelitaniscalzi.com\/wp-content\/uploads\/2018\/02\/02-768x576.jpeg 768w, https:\/\/www.carmelitaniscalzi.com\/wp-content\/uploads\/2018\/02\/02-1024x768.jpeg 1024w, https:\/\/www.carmelitaniscalzi.com\/wp-content\/uploads\/2018\/02\/02-73x55.jpeg 73w, https:\/\/www.carmelitaniscalzi.com\/wp-content\/uploads\/2018\/02\/02-800x600.jpeg 800w, https:\/\/www.carmelitaniscalzi.com\/wp-content\/uploads\/2018\/02\/02-580x435.jpeg 580w\" sizes=\"auto, (max-width: 1280px) 100vw, 1280px\" \/> <img loading=\"lazy\" decoding=\"async\" class=\"alignnone size-full wp-image-19753\" src=\"https:\/\/www.carmelitaniscalzi.com\/wp-content\/uploads\/2018\/02\/01.jpeg\" alt=\"\" width=\"1152\" height=\"864\" srcset=\"https:\/\/www.carmelitaniscalzi.com\/wp-content\/uploads\/2018\/02\/01.jpeg 1152w, https:\/\/www.carmelitaniscalzi.com\/wp-content\/uploads\/2018\/02\/01-300x225.jpeg 300w, https:\/\/www.carmelitaniscalzi.com\/wp-content\/uploads\/2018\/02\/01-768x576.jpeg 768w, https:\/\/www.carmelitaniscalzi.com\/wp-content\/uploads\/2018\/02\/01-1024x768.jpeg 1024w, https:\/\/www.carmelitaniscalzi.com\/wp-content\/uploads\/2018\/02\/01-73x55.jpeg 73w, https:\/\/www.carmelitaniscalzi.com\/wp-content\/uploads\/2018\/02\/01-800x600.jpeg 800w, https:\/\/www.carmelitaniscalzi.com\/wp-content\/uploads\/2018\/02\/01-580x435.jpeg 580w\" sizes=\"auto, (max-width: 1152px) 100vw, 1152px\" \/><\/p>\n","protected":false},"excerpt":{"rendered":"<p>Na \u00faltima semana do m\u00eas de janeiro, Padre Eduardo Sanz de Miguel, carmelita descal\u00e7o da Prov\u00edncia Ib\u00e9rica (Espanha), proferiu diversas confer\u00eancias sobre S\u00e3o Jo\u00e3o da Cruz no Santu\u00e1rio de Santa Teresa do Menino Jesus em Hdayek Shubra (Cairo\/Egito). As manh\u00e3s eram dedicadas a um curso completo aos carmelitas descal\u00e7os do Egito, aos quais uniam-se as [&hellip;]<\/p>\n","protected":false},"author":7,"featured_media":19752,"comment_status":"closed","ping_status":"closed","sticky":false,"template":"","format":"standard","meta":{"_acf_changed":false,"footnotes":""},"categories":[235,373],"tags":[],"class_list":["post-19766","post","type-post","status-publish","format-standard","has-post-thumbnail","hentry","category-noticias-frades","category-noticias"],"acf":[],"yoast_head":"<!-- This site is optimized with the Yoast SEO plugin v26.3 - https:\/\/yoast.com\/wordpress\/plugins\/seo\/ -->\n<title>S\u00e3o Jo\u00e3o da Cruz no Egito - CARMELITAS DESCAL\u00c7OS<\/title>\n<meta name=\"robots\" content=\"index, follow, max-snippet:-1, max-image-preview:large, max-video-preview:-1\" \/>\n<link rel=\"canonical\" href=\"https:\/\/www.carmelitaniscalzi.com\/pt-br\/2018\/02\/23\/sao-joao-cruz-no-egito\/\" \/>\n<meta property=\"og:locale\" content=\"pt_BR\" \/>\n<meta property=\"og:type\" content=\"article\" \/>\n<meta property=\"og:title\" content=\"S\u00e3o Jo\u00e3o da Cruz no Egito - CARMELITAS DESCAL\u00c7OS\" \/>\n<meta property=\"og:description\" content=\"Na \u00faltima semana do m\u00eas de janeiro, Padre Eduardo Sanz de Miguel, carmelita descal\u00e7o da Prov\u00edncia Ib\u00e9rica (Espanha), proferiu diversas confer\u00eancias sobre S\u00e3o Jo\u00e3o da Cruz no Santu\u00e1rio de Santa Teresa do Menino Jesus em Hdayek Shubra (Cairo\/Egito). As manh\u00e3s eram dedicadas a um curso completo aos carmelitas descal\u00e7os do Egito, aos quais uniam-se as [&hellip;]\" \/>\n<meta property=\"og:url\" content=\"https:\/\/www.carmelitaniscalzi.com\/pt-br\/2018\/02\/23\/sao-joao-cruz-no-egito\/\" \/>\n<meta property=\"og:site_name\" content=\"CARMELITAS DESCAL\u00c7OS\" \/>\n<meta property=\"article:publisher\" content=\"https:\/\/www.facebook.com\/Curia-Generalizia-Carmelitani-Scalzi-658766940887784\/\" \/>\n<meta property=\"article:published_time\" content=\"2018-02-23T16:01:50+00:00\" \/>\n<meta property=\"og:image\" content=\"https:\/\/www.carmelitaniscalzi.com\/wp-content\/uploads\/2018\/02\/00.jpeg\" \/>\n\t<meta property=\"og:image:width\" content=\"1152\" \/>\n\t<meta property=\"og:image:height\" content=\"864\" \/>\n\t<meta property=\"og:image:type\" content=\"image\/jpeg\" \/>\n<meta name=\"author\" content=\"ocd web master\" \/>\n<meta name=\"twitter:card\" content=\"summary_large_image\" \/>\n<meta name=\"twitter:creator\" content=\"@ocdcuria\" \/>\n<meta name=\"twitter:site\" content=\"@ocdcuria\" \/>\n<meta name=\"twitter:label1\" content=\"Escrito por\" \/>\n\t<meta name=\"twitter:data1\" content=\"ocd web master\" \/>\n\t<meta name=\"twitter:label2\" content=\"Est. tempo de leitura\" \/>\n\t<meta name=\"twitter:data2\" content=\"1 minuto\" \/>\n<script type=\"application\/ld+json\" class=\"yoast-schema-graph\">{\"@context\":\"https:\/\/schema.org\",\"@graph\":[{\"@type\":\"Article\",\"@id\":\"https:\/\/www.carmelitaniscalzi.com\/pt-br\/2018\/02\/23\/sao-joao-cruz-no-egito\/#article\",\"isPartOf\":{\"@id\":\"https:\/\/www.carmelitaniscalzi.com\/pt-br\/2018\/02\/23\/sao-joao-cruz-no-egito\/\"},\"author\":{\"name\":\"ocd web master\",\"@id\":\"https:\/\/www.carmelitaniscalzi.com\/#\/schema\/person\/6d1c0d9bea7b6625c437246a5d6da409\"},\"headline\":\"S\u00e3o Jo\u00e3o da Cruz no Egito\",\"datePublished\":\"2018-02-23T16:01:50+00:00\",\"mainEntityOfPage\":{\"@id\":\"https:\/\/www.carmelitaniscalzi.com\/pt-br\/2018\/02\/23\/sao-joao-cruz-no-egito\/\"},\"wordCount\":143,\"publisher\":{\"@id\":\"https:\/\/www.carmelitaniscalzi.com\/#organization\"},\"image\":{\"@id\":\"https:\/\/www.carmelitaniscalzi.com\/pt-br\/2018\/02\/23\/sao-joao-cruz-no-egito\/#primaryimage\"},\"thumbnailUrl\":\"https:\/\/www.carmelitaniscalzi.com\/wp-content\/uploads\/2018\/02\/00.jpeg\",\"articleSection\":[\"Not\u00edcias Frades\",\"Not\u00edcias\"],\"inLanguage\":\"pt-BR\"},{\"@type\":\"WebPage\",\"@id\":\"https:\/\/www.carmelitaniscalzi.com\/pt-br\/2018\/02\/23\/sao-joao-cruz-no-egito\/\",\"url\":\"https:\/\/www.carmelitaniscalzi.com\/pt-br\/2018\/02\/23\/sao-joao-cruz-no-egito\/\",\"name\":\"S\u00e3o Jo\u00e3o da Cruz no Egito - CARMELITAS DESCAL\u00c7OS\",\"isPartOf\":{\"@id\":\"https:\/\/www.carmelitaniscalzi.com\/#website\"},\"primaryImageOfPage\":{\"@id\":\"https:\/\/www.carmelitaniscalzi.com\/pt-br\/2018\/02\/23\/sao-joao-cruz-no-egito\/#primaryimage\"},\"image\":{\"@id\":\"https:\/\/www.carmelitaniscalzi.com\/pt-br\/2018\/02\/23\/sao-joao-cruz-no-egito\/#primaryimage\"},\"thumbnailUrl\":\"https:\/\/www.carmelitaniscalzi.com\/wp-content\/uploads\/2018\/02\/00.jpeg\",\"datePublished\":\"2018-02-23T16:01:50+00:00\",\"breadcrumb\":{\"@id\":\"https:\/\/www.carmelitaniscalzi.com\/pt-br\/2018\/02\/23\/sao-joao-cruz-no-egito\/#breadcrumb\"},\"inLanguage\":\"pt-BR\",\"potentialAction\":[{\"@type\":\"ReadAction\",\"target\":[\"https:\/\/www.carmelitaniscalzi.com\/pt-br\/2018\/02\/23\/sao-joao-cruz-no-egito\/\"]}]},{\"@type\":\"ImageObject\",\"inLanguage\":\"pt-BR\",\"@id\":\"https:\/\/www.carmelitaniscalzi.com\/pt-br\/2018\/02\/23\/sao-joao-cruz-no-egito\/#primaryimage\",\"url\":\"https:\/\/www.carmelitaniscalzi.com\/wp-content\/uploads\/2018\/02\/00.jpeg\",\"contentUrl\":\"https:\/\/www.carmelitaniscalzi.com\/wp-content\/uploads\/2018\/02\/00.jpeg\",\"width\":1152,\"height\":864},{\"@type\":\"BreadcrumbList\",\"@id\":\"https:\/\/www.carmelitaniscalzi.com\/pt-br\/2018\/02\/23\/sao-joao-cruz-no-egito\/#breadcrumb\",\"itemListElement\":[{\"@type\":\"ListItem\",\"position\":1,\"name\":\"Home\",\"item\":\"https:\/\/www.carmelitaniscalzi.com\/pt-br\/\"},{\"@type\":\"ListItem\",\"position\":2,\"name\":\"S\u00e3o Jo\u00e3o da Cruz no Egito\"}]},{\"@type\":\"WebSite\",\"@id\":\"https:\/\/www.carmelitaniscalzi.com\/#website\",\"url\":\"https:\/\/www.carmelitaniscalzi.com\/\",\"name\":\"CARMELITANI SCALZI - Curia Generale del Carmelo Teresiano\",\"description\":\"C\u00faria General\u00edcia do Carmelo Teresiano\",\"publisher\":{\"@id\":\"https:\/\/www.carmelitaniscalzi.com\/#organization\"},\"alternateName\":\"CARMELITANI SCALZI\",\"potentialAction\":[{\"@type\":\"SearchAction\",\"target\":{\"@type\":\"EntryPoint\",\"urlTemplate\":\"https:\/\/www.carmelitaniscalzi.com\/?s={search_term_string}\"},\"query-input\":{\"@type\":\"PropertyValueSpecification\",\"valueRequired\":true,\"valueName\":\"search_term_string\"}}],\"inLanguage\":\"pt-BR\"},{\"@type\":\"Organization\",\"@id\":\"https:\/\/www.carmelitaniscalzi.com\/#organization\",\"name\":\"CARMELITANI SCALZI - Curia Generale del Carmelo Teresiano\",\"url\":\"https:\/\/www.carmelitaniscalzi.com\/\",\"logo\":{\"@type\":\"ImageObject\",\"inLanguage\":\"pt-BR\",\"@id\":\"https:\/\/www.carmelitaniscalzi.com\/#\/schema\/logo\/image\/\",\"url\":\"https:\/\/www.carmelitaniscalzi.com\/wp-content\/uploads\/2025\/11\/login-logo.png\",\"contentUrl\":\"https:\/\/www.carmelitaniscalzi.com\/wp-content\/uploads\/2025\/11\/login-logo.png\",\"width\":256,\"height\":256,\"caption\":\"CARMELITANI SCALZI - Curia Generale del Carmelo Teresiano\"},\"image\":{\"@id\":\"https:\/\/www.carmelitaniscalzi.com\/#\/schema\/logo\/image\/\"},\"sameAs\":[\"https:\/\/www.facebook.com\/Curia-Generalizia-Carmelitani-Scalzi-658766940887784\/\",\"https:\/\/x.com\/ocdcuria\",\"https:\/\/www.youtube.com\/channel\/UC2J5ZL0ycOY0qBSTCLX_NGQ\/videos\",\"https:\/\/www.instagram.com\/ocdinform\/\"]},{\"@type\":\"Person\",\"@id\":\"https:\/\/www.carmelitaniscalzi.com\/#\/schema\/person\/6d1c0d9bea7b6625c437246a5d6da409\",\"name\":\"ocd web master\",\"image\":{\"@type\":\"ImageObject\",\"inLanguage\":\"pt-BR\",\"@id\":\"https:\/\/www.carmelitaniscalzi.com\/#\/schema\/person\/image\/\",\"url\":\"https:\/\/secure.gravatar.com\/avatar\/41fbc5f82bad909fbaf2984c43fa50d8519ac5853e25b454d022b6868f80d0e7?s=96&d=mm&r=g\",\"contentUrl\":\"https:\/\/secure.gravatar.com\/avatar\/41fbc5f82bad909fbaf2984c43fa50d8519ac5853e25b454d022b6868f80d0e7?s=96&d=mm&r=g\",\"caption\":\"ocd web master\"},\"url\":\"https:\/\/www.carmelitaniscalzi.com\/pt-br\/author\/ocdwebmaster\/\"}]}<\/script>\n<!-- \/ Yoast SEO plugin. -->","yoast_head_json":{"title":"S\u00e3o Jo\u00e3o da Cruz no Egito - CARMELITAS DESCAL\u00c7OS","robots":{"index":"index","follow":"follow","max-snippet":"max-snippet:-1","max-image-preview":"max-image-preview:large","max-video-preview":"max-video-preview:-1"},"canonical":"https:\/\/www.carmelitaniscalzi.com\/pt-br\/2018\/02\/23\/sao-joao-cruz-no-egito\/","og_locale":"pt_BR","og_type":"article","og_title":"S\u00e3o Jo\u00e3o da Cruz no Egito - CARMELITAS DESCAL\u00c7OS","og_description":"Na \u00faltima semana do m\u00eas de janeiro, Padre Eduardo Sanz de Miguel, carmelita descal\u00e7o da Prov\u00edncia Ib\u00e9rica (Espanha), proferiu diversas confer\u00eancias sobre S\u00e3o Jo\u00e3o da Cruz no Santu\u00e1rio de Santa Teresa do Menino Jesus em Hdayek Shubra (Cairo\/Egito). As manh\u00e3s eram dedicadas a um curso completo aos carmelitas descal\u00e7os do Egito, aos quais uniam-se as [&hellip;]","og_url":"https:\/\/www.carmelitaniscalzi.com\/pt-br\/2018\/02\/23\/sao-joao-cruz-no-egito\/","og_site_name":"CARMELITAS DESCAL\u00c7OS","article_publisher":"https:\/\/www.facebook.com\/Curia-Generalizia-Carmelitani-Scalzi-658766940887784\/","article_published_time":"2018-02-23T16:01:50+00:00","og_image":[{"width":1152,"height":864,"url":"https:\/\/www.carmelitaniscalzi.com\/wp-content\/uploads\/2018\/02\/00.jpeg","type":"image\/jpeg"}],"author":"ocd web master","twitter_card":"summary_large_image","twitter_creator":"@ocdcuria","twitter_site":"@ocdcuria","twitter_misc":{"Escrito por":"ocd web master","Est. tempo de leitura":"1 minuto"},"schema":{"@context":"https:\/\/schema.org","@graph":[{"@type":"Article","@id":"https:\/\/www.carmelitaniscalzi.com\/pt-br\/2018\/02\/23\/sao-joao-cruz-no-egito\/#article","isPartOf":{"@id":"https:\/\/www.carmelitaniscalzi.com\/pt-br\/2018\/02\/23\/sao-joao-cruz-no-egito\/"},"author":{"name":"ocd web master","@id":"https:\/\/www.carmelitaniscalzi.com\/#\/schema\/person\/6d1c0d9bea7b6625c437246a5d6da409"},"headline":"S\u00e3o Jo\u00e3o da Cruz no Egito","datePublished":"2018-02-23T16:01:50+00:00","mainEntityOfPage":{"@id":"https:\/\/www.carmelitaniscalzi.com\/pt-br\/2018\/02\/23\/sao-joao-cruz-no-egito\/"},"wordCount":143,"publisher":{"@id":"https:\/\/www.carmelitaniscalzi.com\/#organization"},"image":{"@id":"https:\/\/www.carmelitaniscalzi.com\/pt-br\/2018\/02\/23\/sao-joao-cruz-no-egito\/#primaryimage"},"thumbnailUrl":"https:\/\/www.carmelitaniscalzi.com\/wp-content\/uploads\/2018\/02\/00.jpeg","articleSection":["Not\u00edcias Frades","Not\u00edcias"],"inLanguage":"pt-BR"},{"@type":"WebPage","@id":"https:\/\/www.carmelitaniscalzi.com\/pt-br\/2018\/02\/23\/sao-joao-cruz-no-egito\/","url":"https:\/\/www.carmelitaniscalzi.com\/pt-br\/2018\/02\/23\/sao-joao-cruz-no-egito\/","name":"S\u00e3o Jo\u00e3o da Cruz no Egito - CARMELITAS DESCAL\u00c7OS","isPartOf":{"@id":"https:\/\/www.carmelitaniscalzi.com\/#website"},"primaryImageOfPage":{"@id":"https:\/\/www.carmelitaniscalzi.com\/pt-br\/2018\/02\/23\/sao-joao-cruz-no-egito\/#primaryimage"},"image":{"@id":"https:\/\/www.carmelitaniscalzi.com\/pt-br\/2018\/02\/23\/sao-joao-cruz-no-egito\/#primaryimage"},"thumbnailUrl":"https:\/\/www.carmelitaniscalzi.com\/wp-content\/uploads\/2018\/02\/00.jpeg","datePublished":"2018-02-23T16:01:50+00:00","breadcrumb":{"@id":"https:\/\/www.carmelitaniscalzi.com\/pt-br\/2018\/02\/23\/sao-joao-cruz-no-egito\/#breadcrumb"},"inLanguage":"pt-BR","potentialAction":[{"@type":"ReadAction","target":["https:\/\/www.carmelitaniscalzi.com\/pt-br\/2018\/02\/23\/sao-joao-cruz-no-egito\/"]}]},{"@type":"ImageObject","inLanguage":"pt-BR","@id":"https:\/\/www.carmelitaniscalzi.com\/pt-br\/2018\/02\/23\/sao-joao-cruz-no-egito\/#primaryimage","url":"https:\/\/www.carmelitaniscalzi.com\/wp-content\/uploads\/2018\/02\/00.jpeg","contentUrl":"https:\/\/www.carmelitaniscalzi.com\/wp-content\/uploads\/2018\/02\/00.jpeg","width":1152,"height":864},{"@type":"BreadcrumbList","@id":"https:\/\/www.carmelitaniscalzi.com\/pt-br\/2018\/02\/23\/sao-joao-cruz-no-egito\/#breadcrumb","itemListElement":[{"@type":"ListItem","position":1,"name":"Home","item":"https:\/\/www.carmelitaniscalzi.com\/pt-br\/"},{"@type":"ListItem","position":2,"name":"S\u00e3o Jo\u00e3o da Cruz no Egito"}]},{"@type":"WebSite","@id":"https:\/\/www.carmelitaniscalzi.com\/#website","url":"https:\/\/www.carmelitaniscalzi.com\/","name":"CARMELITANI SCALZI - Curia Generale del Carmelo Teresiano","description":"C\u00faria General\u00edcia do Carmelo Teresiano","publisher":{"@id":"https:\/\/www.carmelitaniscalzi.com\/#organization"},"alternateName":"CARMELITANI SCALZI","potentialAction":[{"@type":"SearchAction","target":{"@type":"EntryPoint","urlTemplate":"https:\/\/www.carmelitaniscalzi.com\/?s={search_term_string}"},"query-input":{"@type":"PropertyValueSpecification","valueRequired":true,"valueName":"search_term_string"}}],"inLanguage":"pt-BR"},{"@type":"Organization","@id":"https:\/\/www.carmelitaniscalzi.com\/#organization","name":"CARMELITANI SCALZI - Curia Generale del Carmelo Teresiano","url":"https:\/\/www.carmelitaniscalzi.com\/","logo":{"@type":"ImageObject","inLanguage":"pt-BR","@id":"https:\/\/www.carmelitaniscalzi.com\/#\/schema\/logo\/image\/","url":"https:\/\/www.carmelitaniscalzi.com\/wp-content\/uploads\/2025\/11\/login-logo.png","contentUrl":"https:\/\/www.carmelitaniscalzi.com\/wp-content\/uploads\/2025\/11\/login-logo.png","width":256,"height":256,"caption":"CARMELITANI SCALZI - Curia Generale del Carmelo Teresiano"},"image":{"@id":"https:\/\/www.carmelitaniscalzi.com\/#\/schema\/logo\/image\/"},"sameAs":["https:\/\/www.facebook.com\/Curia-Generalizia-Carmelitani-Scalzi-658766940887784\/","https:\/\/x.com\/ocdcuria","https:\/\/www.youtube.com\/channel\/UC2J5ZL0ycOY0qBSTCLX_NGQ\/videos","https:\/\/www.instagram.com\/ocdinform\/"]},{"@type":"Person","@id":"https:\/\/www.carmelitaniscalzi.com\/#\/schema\/person\/6d1c0d9bea7b6625c437246a5d6da409","name":"ocd web master","image":{"@type":"ImageObject","inLanguage":"pt-BR","@id":"https:\/\/www.carmelitaniscalzi.com\/#\/schema\/person\/image\/","url":"https:\/\/secure.gravatar.com\/avatar\/41fbc5f82bad909fbaf2984c43fa50d8519ac5853e25b454d022b6868f80d0e7?s=96&d=mm&r=g","contentUrl":"https:\/\/secure.gravatar.com\/avatar\/41fbc5f82bad909fbaf2984c43fa50d8519ac5853e25b454d022b6868f80d0e7?s=96&d=mm&r=g","caption":"ocd web master"},"url":"https:\/\/www.carmelitaniscalzi.com\/pt-br\/author\/ocdwebmaster\/"}]}},"_links":{"self":[{"href":"https:\/\/www.carmelitaniscalzi.com\/pt-br\/wp-json\/wp\/v2\/posts\/19766","targetHints":{"allow":["GET"]}}],"collection":[{"href":"https:\/\/www.carmelitaniscalzi.com\/pt-br\/wp-json\/wp\/v2\/posts"}],"about":[{"href":"https:\/\/www.carmelitaniscalzi.com\/pt-br\/wp-json\/wp\/v2\/types\/post"}],"author":[{"embeddable":true,"href":"https:\/\/www.carmelitaniscalzi.com\/pt-br\/wp-json\/wp\/v2\/users\/7"}],"replies":[{"embeddable":true,"href":"https:\/\/www.carmelitaniscalzi.com\/pt-br\/wp-json\/wp\/v2\/comments?post=19766"}],"version-history":[{"count":0,"href":"https:\/\/www.carmelitaniscalzi.com\/pt-br\/wp-json\/wp\/v2\/posts\/19766\/revisions"}],"wp:featuredmedia":[{"embeddable":true,"href":"https:\/\/www.carmelitaniscalzi.com\/pt-br\/wp-json\/wp\/v2\/media\/19752"}],"wp:attachment":[{"href":"https:\/\/www.carmelitaniscalzi.com\/pt-br\/wp-json\/wp\/v2\/media?parent=19766"}],"wp:term":[{"taxonomy":"category","embeddable":true,"href":"https:\/\/www.carmelitaniscalzi.com\/pt-br\/wp-json\/wp\/v2\/categories?post=19766"},{"taxonomy":"post_tag","embeddable":true,"href":"https:\/\/www.carmelitaniscalzi.com\/pt-br\/wp-json\/wp\/v2\/tags?post=19766"}],"curies":[{"name":"wp","href":"https:\/\/api.w.org\/{rel}","templated":true}]}}