{"id":19716,"date":"2018-02-13T11:08:39","date_gmt":"2018-02-13T10:08:39","guid":{"rendered":"https:\/\/www.carmelitaniscalzi.com\/pt-br\/?p=19716"},"modified":"2018-02-13T11:08:39","modified_gmt":"2018-02-13T10:08:39","slug":"padre-silvano-giordano-consultor-congregacao-dos-santos","status":"publish","type":"post","link":"https:\/\/www.carmelitaniscalzi.com\/pt-br\/2018\/02\/13\/padre-silvano-giordano-consultor-congregacao-dos-santos\/","title":{"rendered":"Padre Silvano Giordano, consultor da Congrega\u00e7\u00e3o dos Santos"},"content":{"rendered":"<p>No \u00faltimo dia 13 de janeiro, o Santo Padre Francisco nomeava Padre Silvano Giordano, carmelita descal\u00e7o, consultor da Congrega\u00e7\u00e3o para as Causas dos Santos.<\/p>\n<p>Padre Silvano, da Prov\u00edncia de G\u00eanova, \u00e9 doutor em Hist\u00f3ria Eclesi\u00e1stica (Universidade Gregoriana \u2013 1992) e professor no <em>Teresianum<\/em> de Roma, onde exerce tamb\u00e9m o cargo de vice-decano. Al\u00e9m disso, \u00e9 professor convidado de Hist\u00f3ria Moderna na Faculdade de Hist\u00f3ria e Bens Culturais da Igreja da Pontif\u00edcia Universidade Gregoriana de Roma.<\/p>\n<p>No mesmo dia, tamb\u00e9m foi nomeada consultora da mesma Congrega\u00e7\u00e3o a professora Tiziana Maria de Blasio, que tamb\u00e9m d\u00e1 aulas em nossa Faculdade.<\/p>\n<p><img loading=\"lazy\" decoding=\"async\" class=\"alignnone size-full wp-image-19705\" src=\"https:\/\/www.carmelitaniscalzi.com\/wp-content\/uploads\/2018\/02\/00-1.png\" alt=\"\" width=\"939\" height=\"388\" srcset=\"https:\/\/www.carmelitaniscalzi.com\/wp-content\/uploads\/2018\/02\/00-1.png 939w, https:\/\/www.carmelitaniscalzi.com\/wp-content\/uploads\/2018\/02\/00-1-300x124.png 300w, https:\/\/www.carmelitaniscalzi.com\/wp-content\/uploads\/2018\/02\/00-1-768x317.png 768w, https:\/\/www.carmelitaniscalzi.com\/wp-content\/uploads\/2018\/02\/00-1-133x55.png 133w, https:\/\/www.carmelitaniscalzi.com\/wp-content\/uploads\/2018\/02\/00-1-800x331.png 800w, https:\/\/www.carmelitaniscalzi.com\/wp-content\/uploads\/2018\/02\/00-1-580x240.png 580w\" sizes=\"auto, (max-width: 939px) 100vw, 939px\" \/><\/p>\n","protected":false},"excerpt":{"rendered":"<p>No \u00faltimo dia 13 de janeiro, o Santo Padre Francisco nomeava Padre Silvano Giordano, carmelita descal\u00e7o, consultor da Congrega\u00e7\u00e3o para as Causas dos Santos. Padre Silvano, da Prov\u00edncia de G\u00eanova, \u00e9 doutor em Hist\u00f3ria Eclesi\u00e1stica (Universidade Gregoriana \u2013 1992) e professor no Teresianum de Roma, onde exerce tamb\u00e9m o cargo de vice-decano. Al\u00e9m disso, \u00e9 [&hellip;]<\/p>\n","protected":false},"author":7,"featured_media":19706,"comment_status":"closed","ping_status":"closed","sticky":false,"template":"","format":"standard","meta":{"_acf_changed":false,"footnotes":""},"categories":[235,373],"tags":[],"class_list":["post-19716","post","type-post","status-publish","format-standard","has-post-thumbnail","hentry","category-noticias-frades","category-noticias"],"acf":[],"yoast_head":"<!-- This site is optimized with the Yoast SEO plugin v26.3 - https:\/\/yoast.com\/wordpress\/plugins\/seo\/ -->\n<title>Padre Silvano Giordano, consultor da Congrega\u00e7\u00e3o dos Santos - CARMELITAS DESCAL\u00c7OS<\/title>\n<meta name=\"robots\" content=\"index, follow, max-snippet:-1, max-image-preview:large, max-video-preview:-1\" \/>\n<link rel=\"canonical\" href=\"https:\/\/www.carmelitaniscalzi.com\/pt-br\/2018\/02\/13\/padre-silvano-giordano-consultor-congregacao-dos-santos\/\" \/>\n<meta property=\"og:locale\" content=\"pt_BR\" \/>\n<meta property=\"og:type\" content=\"article\" \/>\n<meta property=\"og:title\" content=\"Padre Silvano Giordano, consultor da Congrega\u00e7\u00e3o dos Santos - CARMELITAS DESCAL\u00c7OS\" \/>\n<meta property=\"og:description\" content=\"No \u00faltimo dia 13 de janeiro, o Santo Padre Francisco nomeava Padre Silvano Giordano, carmelita descal\u00e7o, consultor da Congrega\u00e7\u00e3o para as Causas dos Santos. Padre Silvano, da Prov\u00edncia de G\u00eanova, \u00e9 doutor em Hist\u00f3ria Eclesi\u00e1stica (Universidade Gregoriana \u2013 1992) e professor no Teresianum de Roma, onde exerce tamb\u00e9m o cargo de vice-decano. Al\u00e9m disso, \u00e9 [&hellip;]\" \/>\n<meta property=\"og:url\" content=\"https:\/\/www.carmelitaniscalzi.com\/pt-br\/2018\/02\/13\/padre-silvano-giordano-consultor-congregacao-dos-santos\/\" \/>\n<meta property=\"og:site_name\" content=\"CARMELITAS DESCAL\u00c7OS\" \/>\n<meta property=\"article:publisher\" content=\"https:\/\/www.facebook.com\/Curia-Generalizia-Carmelitani-Scalzi-658766940887784\/\" \/>\n<meta property=\"article:published_time\" content=\"2018-02-13T10:08:39+00:00\" \/>\n<meta property=\"og:image\" content=\"https:\/\/www.carmelitaniscalzi.com\/wp-content\/uploads\/2018\/02\/003.jpeg\" \/>\n\t<meta property=\"og:image:width\" content=\"1024\" \/>\n\t<meta property=\"og:image:height\" content=\"1024\" \/>\n\t<meta property=\"og:image:type\" content=\"image\/jpeg\" \/>\n<meta name=\"author\" content=\"ocd web master\" \/>\n<meta name=\"twitter:card\" content=\"summary_large_image\" \/>\n<meta name=\"twitter:creator\" content=\"@ocdcuria\" \/>\n<meta name=\"twitter:site\" content=\"@ocdcuria\" \/>\n<meta name=\"twitter:label1\" content=\"Escrito por\" \/>\n\t<meta name=\"twitter:data1\" content=\"ocd web master\" \/>\n\t<meta name=\"twitter:label2\" content=\"Est. tempo de leitura\" \/>\n\t<meta name=\"twitter:data2\" content=\"1 minuto\" \/>\n<script type=\"application\/ld+json\" class=\"yoast-schema-graph\">{\"@context\":\"https:\/\/schema.org\",\"@graph\":[{\"@type\":\"Article\",\"@id\":\"https:\/\/www.carmelitaniscalzi.com\/pt-br\/2018\/02\/13\/padre-silvano-giordano-consultor-congregacao-dos-santos\/#article\",\"isPartOf\":{\"@id\":\"https:\/\/www.carmelitaniscalzi.com\/pt-br\/2018\/02\/13\/padre-silvano-giordano-consultor-congregacao-dos-santos\/\"},\"author\":{\"name\":\"ocd web master\",\"@id\":\"https:\/\/www.carmelitaniscalzi.com\/#\/schema\/person\/6d1c0d9bea7b6625c437246a5d6da409\"},\"headline\":\"Padre Silvano Giordano, consultor da Congrega\u00e7\u00e3o dos Santos\",\"datePublished\":\"2018-02-13T10:08:39+00:00\",\"mainEntityOfPage\":{\"@id\":\"https:\/\/www.carmelitaniscalzi.com\/pt-br\/2018\/02\/13\/padre-silvano-giordano-consultor-congregacao-dos-santos\/\"},\"wordCount\":116,\"publisher\":{\"@id\":\"https:\/\/www.carmelitaniscalzi.com\/#organization\"},\"image\":{\"@id\":\"https:\/\/www.carmelitaniscalzi.com\/pt-br\/2018\/02\/13\/padre-silvano-giordano-consultor-congregacao-dos-santos\/#primaryimage\"},\"thumbnailUrl\":\"https:\/\/www.carmelitaniscalzi.com\/wp-content\/uploads\/2018\/02\/003.jpeg\",\"articleSection\":[\"Not\u00edcias Frades\",\"Not\u00edcias\"],\"inLanguage\":\"pt-BR\"},{\"@type\":\"WebPage\",\"@id\":\"https:\/\/www.carmelitaniscalzi.com\/pt-br\/2018\/02\/13\/padre-silvano-giordano-consultor-congregacao-dos-santos\/\",\"url\":\"https:\/\/www.carmelitaniscalzi.com\/pt-br\/2018\/02\/13\/padre-silvano-giordano-consultor-congregacao-dos-santos\/\",\"name\":\"Padre Silvano Giordano, consultor da Congrega\u00e7\u00e3o dos Santos - CARMELITAS DESCAL\u00c7OS\",\"isPartOf\":{\"@id\":\"https:\/\/www.carmelitaniscalzi.com\/#website\"},\"primaryImageOfPage\":{\"@id\":\"https:\/\/www.carmelitaniscalzi.com\/pt-br\/2018\/02\/13\/padre-silvano-giordano-consultor-congregacao-dos-santos\/#primaryimage\"},\"image\":{\"@id\":\"https:\/\/www.carmelitaniscalzi.com\/pt-br\/2018\/02\/13\/padre-silvano-giordano-consultor-congregacao-dos-santos\/#primaryimage\"},\"thumbnailUrl\":\"https:\/\/www.carmelitaniscalzi.com\/wp-content\/uploads\/2018\/02\/003.jpeg\",\"datePublished\":\"2018-02-13T10:08:39+00:00\",\"breadcrumb\":{\"@id\":\"https:\/\/www.carmelitaniscalzi.com\/pt-br\/2018\/02\/13\/padre-silvano-giordano-consultor-congregacao-dos-santos\/#breadcrumb\"},\"inLanguage\":\"pt-BR\",\"potentialAction\":[{\"@type\":\"ReadAction\",\"target\":[\"https:\/\/www.carmelitaniscalzi.com\/pt-br\/2018\/02\/13\/padre-silvano-giordano-consultor-congregacao-dos-santos\/\"]}]},{\"@type\":\"ImageObject\",\"inLanguage\":\"pt-BR\",\"@id\":\"https:\/\/www.carmelitaniscalzi.com\/pt-br\/2018\/02\/13\/padre-silvano-giordano-consultor-congregacao-dos-santos\/#primaryimage\",\"url\":\"https:\/\/www.carmelitaniscalzi.com\/wp-content\/uploads\/2018\/02\/003.jpeg\",\"contentUrl\":\"https:\/\/www.carmelitaniscalzi.com\/wp-content\/uploads\/2018\/02\/003.jpeg\",\"width\":1024,\"height\":1024},{\"@type\":\"BreadcrumbList\",\"@id\":\"https:\/\/www.carmelitaniscalzi.com\/pt-br\/2018\/02\/13\/padre-silvano-giordano-consultor-congregacao-dos-santos\/#breadcrumb\",\"itemListElement\":[{\"@type\":\"ListItem\",\"position\":1,\"name\":\"Home\",\"item\":\"https:\/\/www.carmelitaniscalzi.com\/pt-br\/\"},{\"@type\":\"ListItem\",\"position\":2,\"name\":\"Padre Silvano Giordano, consultor da Congrega\u00e7\u00e3o dos Santos\"}]},{\"@type\":\"WebSite\",\"@id\":\"https:\/\/www.carmelitaniscalzi.com\/#website\",\"url\":\"https:\/\/www.carmelitaniscalzi.com\/\",\"name\":\"CARMELITANI SCALZI - Curia Generale del Carmelo Teresiano\",\"description\":\"C\u00faria General\u00edcia do Carmelo Teresiano\",\"publisher\":{\"@id\":\"https:\/\/www.carmelitaniscalzi.com\/#organization\"},\"alternateName\":\"CARMELITANI SCALZI\",\"potentialAction\":[{\"@type\":\"SearchAction\",\"target\":{\"@type\":\"EntryPoint\",\"urlTemplate\":\"https:\/\/www.carmelitaniscalzi.com\/?s={search_term_string}\"},\"query-input\":{\"@type\":\"PropertyValueSpecification\",\"valueRequired\":true,\"valueName\":\"search_term_string\"}}],\"inLanguage\":\"pt-BR\"},{\"@type\":\"Organization\",\"@id\":\"https:\/\/www.carmelitaniscalzi.com\/#organization\",\"name\":\"CARMELITANI SCALZI - Curia Generale del Carmelo Teresiano\",\"url\":\"https:\/\/www.carmelitaniscalzi.com\/\",\"logo\":{\"@type\":\"ImageObject\",\"inLanguage\":\"pt-BR\",\"@id\":\"https:\/\/www.carmelitaniscalzi.com\/#\/schema\/logo\/image\/\",\"url\":\"https:\/\/www.carmelitaniscalzi.com\/wp-content\/uploads\/2025\/11\/login-logo.png\",\"contentUrl\":\"https:\/\/www.carmelitaniscalzi.com\/wp-content\/uploads\/2025\/11\/login-logo.png\",\"width\":256,\"height\":256,\"caption\":\"CARMELITANI SCALZI - Curia Generale del Carmelo Teresiano\"},\"image\":{\"@id\":\"https:\/\/www.carmelitaniscalzi.com\/#\/schema\/logo\/image\/\"},\"sameAs\":[\"https:\/\/www.facebook.com\/Curia-Generalizia-Carmelitani-Scalzi-658766940887784\/\",\"https:\/\/x.com\/ocdcuria\",\"https:\/\/www.youtube.com\/channel\/UC2J5ZL0ycOY0qBSTCLX_NGQ\/videos\",\"https:\/\/www.instagram.com\/ocdinform\/\"]},{\"@type\":\"Person\",\"@id\":\"https:\/\/www.carmelitaniscalzi.com\/#\/schema\/person\/6d1c0d9bea7b6625c437246a5d6da409\",\"name\":\"ocd web master\",\"image\":{\"@type\":\"ImageObject\",\"inLanguage\":\"pt-BR\",\"@id\":\"https:\/\/www.carmelitaniscalzi.com\/#\/schema\/person\/image\/\",\"url\":\"https:\/\/secure.gravatar.com\/avatar\/41fbc5f82bad909fbaf2984c43fa50d8519ac5853e25b454d022b6868f80d0e7?s=96&d=mm&r=g\",\"contentUrl\":\"https:\/\/secure.gravatar.com\/avatar\/41fbc5f82bad909fbaf2984c43fa50d8519ac5853e25b454d022b6868f80d0e7?s=96&d=mm&r=g\",\"caption\":\"ocd web master\"},\"url\":\"https:\/\/www.carmelitaniscalzi.com\/pt-br\/author\/ocdwebmaster\/\"}]}<\/script>\n<!-- \/ Yoast SEO plugin. -->","yoast_head_json":{"title":"Padre Silvano Giordano, consultor da Congrega\u00e7\u00e3o dos Santos - CARMELITAS DESCAL\u00c7OS","robots":{"index":"index","follow":"follow","max-snippet":"max-snippet:-1","max-image-preview":"max-image-preview:large","max-video-preview":"max-video-preview:-1"},"canonical":"https:\/\/www.carmelitaniscalzi.com\/pt-br\/2018\/02\/13\/padre-silvano-giordano-consultor-congregacao-dos-santos\/","og_locale":"pt_BR","og_type":"article","og_title":"Padre Silvano Giordano, consultor da Congrega\u00e7\u00e3o dos Santos - CARMELITAS DESCAL\u00c7OS","og_description":"No \u00faltimo dia 13 de janeiro, o Santo Padre Francisco nomeava Padre Silvano Giordano, carmelita descal\u00e7o, consultor da Congrega\u00e7\u00e3o para as Causas dos Santos. Padre Silvano, da Prov\u00edncia de G\u00eanova, \u00e9 doutor em Hist\u00f3ria Eclesi\u00e1stica (Universidade Gregoriana \u2013 1992) e professor no Teresianum de Roma, onde exerce tamb\u00e9m o cargo de vice-decano. Al\u00e9m disso, \u00e9 [&hellip;]","og_url":"https:\/\/www.carmelitaniscalzi.com\/pt-br\/2018\/02\/13\/padre-silvano-giordano-consultor-congregacao-dos-santos\/","og_site_name":"CARMELITAS DESCAL\u00c7OS","article_publisher":"https:\/\/www.facebook.com\/Curia-Generalizia-Carmelitani-Scalzi-658766940887784\/","article_published_time":"2018-02-13T10:08:39+00:00","og_image":[{"width":1024,"height":1024,"url":"https:\/\/www.carmelitaniscalzi.com\/wp-content\/uploads\/2018\/02\/003.jpeg","type":"image\/jpeg"}],"author":"ocd web master","twitter_card":"summary_large_image","twitter_creator":"@ocdcuria","twitter_site":"@ocdcuria","twitter_misc":{"Escrito por":"ocd web master","Est. tempo de leitura":"1 minuto"},"schema":{"@context":"https:\/\/schema.org","@graph":[{"@type":"Article","@id":"https:\/\/www.carmelitaniscalzi.com\/pt-br\/2018\/02\/13\/padre-silvano-giordano-consultor-congregacao-dos-santos\/#article","isPartOf":{"@id":"https:\/\/www.carmelitaniscalzi.com\/pt-br\/2018\/02\/13\/padre-silvano-giordano-consultor-congregacao-dos-santos\/"},"author":{"name":"ocd web master","@id":"https:\/\/www.carmelitaniscalzi.com\/#\/schema\/person\/6d1c0d9bea7b6625c437246a5d6da409"},"headline":"Padre Silvano Giordano, consultor da Congrega\u00e7\u00e3o dos Santos","datePublished":"2018-02-13T10:08:39+00:00","mainEntityOfPage":{"@id":"https:\/\/www.carmelitaniscalzi.com\/pt-br\/2018\/02\/13\/padre-silvano-giordano-consultor-congregacao-dos-santos\/"},"wordCount":116,"publisher":{"@id":"https:\/\/www.carmelitaniscalzi.com\/#organization"},"image":{"@id":"https:\/\/www.carmelitaniscalzi.com\/pt-br\/2018\/02\/13\/padre-silvano-giordano-consultor-congregacao-dos-santos\/#primaryimage"},"thumbnailUrl":"https:\/\/www.carmelitaniscalzi.com\/wp-content\/uploads\/2018\/02\/003.jpeg","articleSection":["Not\u00edcias Frades","Not\u00edcias"],"inLanguage":"pt-BR"},{"@type":"WebPage","@id":"https:\/\/www.carmelitaniscalzi.com\/pt-br\/2018\/02\/13\/padre-silvano-giordano-consultor-congregacao-dos-santos\/","url":"https:\/\/www.carmelitaniscalzi.com\/pt-br\/2018\/02\/13\/padre-silvano-giordano-consultor-congregacao-dos-santos\/","name":"Padre Silvano Giordano, consultor da Congrega\u00e7\u00e3o dos Santos - CARMELITAS DESCAL\u00c7OS","isPartOf":{"@id":"https:\/\/www.carmelitaniscalzi.com\/#website"},"primaryImageOfPage":{"@id":"https:\/\/www.carmelitaniscalzi.com\/pt-br\/2018\/02\/13\/padre-silvano-giordano-consultor-congregacao-dos-santos\/#primaryimage"},"image":{"@id":"https:\/\/www.carmelitaniscalzi.com\/pt-br\/2018\/02\/13\/padre-silvano-giordano-consultor-congregacao-dos-santos\/#primaryimage"},"thumbnailUrl":"https:\/\/www.carmelitaniscalzi.com\/wp-content\/uploads\/2018\/02\/003.jpeg","datePublished":"2018-02-13T10:08:39+00:00","breadcrumb":{"@id":"https:\/\/www.carmelitaniscalzi.com\/pt-br\/2018\/02\/13\/padre-silvano-giordano-consultor-congregacao-dos-santos\/#breadcrumb"},"inLanguage":"pt-BR","potentialAction":[{"@type":"ReadAction","target":["https:\/\/www.carmelitaniscalzi.com\/pt-br\/2018\/02\/13\/padre-silvano-giordano-consultor-congregacao-dos-santos\/"]}]},{"@type":"ImageObject","inLanguage":"pt-BR","@id":"https:\/\/www.carmelitaniscalzi.com\/pt-br\/2018\/02\/13\/padre-silvano-giordano-consultor-congregacao-dos-santos\/#primaryimage","url":"https:\/\/www.carmelitaniscalzi.com\/wp-content\/uploads\/2018\/02\/003.jpeg","contentUrl":"https:\/\/www.carmelitaniscalzi.com\/wp-content\/uploads\/2018\/02\/003.jpeg","width":1024,"height":1024},{"@type":"BreadcrumbList","@id":"https:\/\/www.carmelitaniscalzi.com\/pt-br\/2018\/02\/13\/padre-silvano-giordano-consultor-congregacao-dos-santos\/#breadcrumb","itemListElement":[{"@type":"ListItem","position":1,"name":"Home","item":"https:\/\/www.carmelitaniscalzi.com\/pt-br\/"},{"@type":"ListItem","position":2,"name":"Padre Silvano Giordano, consultor da Congrega\u00e7\u00e3o dos Santos"}]},{"@type":"WebSite","@id":"https:\/\/www.carmelitaniscalzi.com\/#website","url":"https:\/\/www.carmelitaniscalzi.com\/","name":"CARMELITANI SCALZI - Curia Generale del Carmelo Teresiano","description":"C\u00faria General\u00edcia do Carmelo Teresiano","publisher":{"@id":"https:\/\/www.carmelitaniscalzi.com\/#organization"},"alternateName":"CARMELITANI SCALZI","potentialAction":[{"@type":"SearchAction","target":{"@type":"EntryPoint","urlTemplate":"https:\/\/www.carmelitaniscalzi.com\/?s={search_term_string}"},"query-input":{"@type":"PropertyValueSpecification","valueRequired":true,"valueName":"search_term_string"}}],"inLanguage":"pt-BR"},{"@type":"Organization","@id":"https:\/\/www.carmelitaniscalzi.com\/#organization","name":"CARMELITANI SCALZI - Curia Generale del Carmelo Teresiano","url":"https:\/\/www.carmelitaniscalzi.com\/","logo":{"@type":"ImageObject","inLanguage":"pt-BR","@id":"https:\/\/www.carmelitaniscalzi.com\/#\/schema\/logo\/image\/","url":"https:\/\/www.carmelitaniscalzi.com\/wp-content\/uploads\/2025\/11\/login-logo.png","contentUrl":"https:\/\/www.carmelitaniscalzi.com\/wp-content\/uploads\/2025\/11\/login-logo.png","width":256,"height":256,"caption":"CARMELITANI SCALZI - Curia Generale del Carmelo Teresiano"},"image":{"@id":"https:\/\/www.carmelitaniscalzi.com\/#\/schema\/logo\/image\/"},"sameAs":["https:\/\/www.facebook.com\/Curia-Generalizia-Carmelitani-Scalzi-658766940887784\/","https:\/\/x.com\/ocdcuria","https:\/\/www.youtube.com\/channel\/UC2J5ZL0ycOY0qBSTCLX_NGQ\/videos","https:\/\/www.instagram.com\/ocdinform\/"]},{"@type":"Person","@id":"https:\/\/www.carmelitaniscalzi.com\/#\/schema\/person\/6d1c0d9bea7b6625c437246a5d6da409","name":"ocd web master","image":{"@type":"ImageObject","inLanguage":"pt-BR","@id":"https:\/\/www.carmelitaniscalzi.com\/#\/schema\/person\/image\/","url":"https:\/\/secure.gravatar.com\/avatar\/41fbc5f82bad909fbaf2984c43fa50d8519ac5853e25b454d022b6868f80d0e7?s=96&d=mm&r=g","contentUrl":"https:\/\/secure.gravatar.com\/avatar\/41fbc5f82bad909fbaf2984c43fa50d8519ac5853e25b454d022b6868f80d0e7?s=96&d=mm&r=g","caption":"ocd web master"},"url":"https:\/\/www.carmelitaniscalzi.com\/pt-br\/author\/ocdwebmaster\/"}]}},"_links":{"self":[{"href":"https:\/\/www.carmelitaniscalzi.com\/pt-br\/wp-json\/wp\/v2\/posts\/19716","targetHints":{"allow":["GET"]}}],"collection":[{"href":"https:\/\/www.carmelitaniscalzi.com\/pt-br\/wp-json\/wp\/v2\/posts"}],"about":[{"href":"https:\/\/www.carmelitaniscalzi.com\/pt-br\/wp-json\/wp\/v2\/types\/post"}],"author":[{"embeddable":true,"href":"https:\/\/www.carmelitaniscalzi.com\/pt-br\/wp-json\/wp\/v2\/users\/7"}],"replies":[{"embeddable":true,"href":"https:\/\/www.carmelitaniscalzi.com\/pt-br\/wp-json\/wp\/v2\/comments?post=19716"}],"version-history":[{"count":0,"href":"https:\/\/www.carmelitaniscalzi.com\/pt-br\/wp-json\/wp\/v2\/posts\/19716\/revisions"}],"wp:featuredmedia":[{"embeddable":true,"href":"https:\/\/www.carmelitaniscalzi.com\/pt-br\/wp-json\/wp\/v2\/media\/19706"}],"wp:attachment":[{"href":"https:\/\/www.carmelitaniscalzi.com\/pt-br\/wp-json\/wp\/v2\/media?parent=19716"}],"wp:term":[{"taxonomy":"category","embeddable":true,"href":"https:\/\/www.carmelitaniscalzi.com\/pt-br\/wp-json\/wp\/v2\/categories?post=19716"},{"taxonomy":"post_tag","embeddable":true,"href":"https:\/\/www.carmelitaniscalzi.com\/pt-br\/wp-json\/wp\/v2\/tags?post=19716"}],"curies":[{"name":"wp","href":"https:\/\/api.w.org\/{rel}","templated":true}]}}