{"id":17820,"date":"2017-09-30T18:01:40","date_gmt":"2017-09-30T16:01:40","guid":{"rendered":"https:\/\/www.carmelitaniscalzi.com\/pt-br\/?p=17820"},"modified":"2017-09-30T18:01:40","modified_gmt":"2017-09-30T16:01:40","slug":"visita-do-patriarca-ecumenico-bartolomeu-as-monjas-de-bolonha","status":"publish","type":"post","link":"https:\/\/www.carmelitaniscalzi.com\/pt-br\/2017\/09\/30\/visita-do-patriarca-ecumenico-bartolomeu-as-monjas-de-bolonha\/","title":{"rendered":"Visita do Patriarca Ecum\u00eanico Bartolomeu I \u00e0s monjas de Bolonha"},"content":{"rendered":"<p>Nossas irm\u00e3s carmelitas descal\u00e7as de Bolonha (It\u00e1lia) falam-nos dessa hist\u00f3rica visita:<\/p>\n<p>\u201cDurante sua recente estadia em Bolonha, no contexto das celebra\u00e7\u00f5es conclusivas do Congresso Eucar\u00edstico, o Patriarca Bartolomeu I, acolhendo benevolamente nosso convite, visitou nosso mosteiro.<\/p>\n<p>O Patriarca entrou na igreja, acolhido de modo festivo pelo som dos sinos; depois do canto e de uma sauda\u00e7\u00e3o, abrimos as portas da clausura para que entrasse no mosteiro com seu s\u00e9quito. Saudou todas as Irm\u00e3s com muita afabilidade. Para a ocasi\u00e3o, estavam presentes ainda representantes das Irm\u00e3s Clarissas de Bolonha e das Carmelitas de Ravena, com uma monja ortodoxa.<\/p>\n<p>Mais tarde passamos ao coro, onde o Patriarca venerou as rel\u00edquias, rezando a ave-maria e o pai-nosso em latim. Em seguida, na sala de recrea\u00e7\u00e3o, falou-nos do quanto deve ser estimada a vida mon\u00e1stica na Igreja. Depois de trocar alguns presentes, prosseguimos o di\u00e1logo de modo simples e sereno, cheio de familiaridade, enquanto se servia um caf\u00e9. No livro de visitas, o Patriarca deixou uma b\u00ean\u00e7\u00e3o em grego. A alegria por esse pequeno gesto de comunh\u00e3o foi grande para todos n\u00f3s\u201d.<\/p>\n<p><img loading=\"lazy\" decoding=\"async\" class=\"alignnone size-thumbnail wp-image-17811\" src=\"https:\/\/www.carmelitaniscalzi.com\/wp-content\/uploads\/2017\/09\/08-150x150.jpg\" alt=\"\" width=\"150\" height=\"150\" \/> <img loading=\"lazy\" decoding=\"async\" class=\"alignnone size-thumbnail wp-image-17810\" src=\"https:\/\/www.carmelitaniscalzi.com\/wp-content\/uploads\/2017\/09\/07-150x150.jpg\" alt=\"\" width=\"150\" height=\"150\" \/> <img loading=\"lazy\" decoding=\"async\" class=\"alignnone size-thumbnail wp-image-17809\" src=\"https:\/\/www.carmelitaniscalzi.com\/wp-content\/uploads\/2017\/09\/06-150x150.jpg\" alt=\"\" width=\"150\" height=\"150\" \/> <img loading=\"lazy\" decoding=\"async\" class=\"alignnone size-thumbnail wp-image-17808\" src=\"https:\/\/www.carmelitaniscalzi.com\/wp-content\/uploads\/2017\/09\/05-1-150x150.jpg\" alt=\"\" width=\"150\" height=\"150\" \/> <img loading=\"lazy\" decoding=\"async\" class=\"alignnone size-thumbnail wp-image-17807\" src=\"https:\/\/www.carmelitaniscalzi.com\/wp-content\/uploads\/2017\/09\/04-1-150x150.jpg\" alt=\"\" width=\"150\" height=\"150\" \/> <img loading=\"lazy\" decoding=\"async\" class=\"alignnone size-thumbnail wp-image-17806\" src=\"https:\/\/www.carmelitaniscalzi.com\/wp-content\/uploads\/2017\/09\/03-1-150x150.jpg\" alt=\"\" width=\"150\" height=\"150\" \/> <img loading=\"lazy\" decoding=\"async\" class=\"alignnone size-thumbnail wp-image-17805\" src=\"https:\/\/www.carmelitaniscalzi.com\/wp-content\/uploads\/2017\/09\/02-1-150x150.jpg\" alt=\"\" width=\"150\" height=\"150\" \/> <img loading=\"lazy\" decoding=\"async\" class=\"alignnone size-thumbnail wp-image-17804\" src=\"https:\/\/www.carmelitaniscalzi.com\/wp-content\/uploads\/2017\/09\/01-1-150x150.jpg\" alt=\"\" width=\"150\" height=\"150\" \/><\/p>\n","protected":false},"excerpt":{"rendered":"<p>Nossas irm\u00e3s carmelitas descal\u00e7as de Bolonha (It\u00e1lia) falam-nos dessa hist\u00f3rica visita: \u201cDurante sua recente estadia em Bolonha, no contexto das celebra\u00e7\u00f5es conclusivas do Congresso Eucar\u00edstico, o Patriarca Bartolomeu I, acolhendo benevolamente nosso convite, visitou nosso mosteiro. O Patriarca entrou na igreja, acolhido de modo festivo pelo som dos sinos; depois do canto e de uma [&hellip;]<\/p>\n","protected":false},"author":7,"featured_media":17812,"comment_status":"closed","ping_status":"closed","sticky":false,"template":"","format":"standard","meta":{"_acf_changed":false,"footnotes":""},"categories":[237,373],"tags":[],"class_list":["post-17820","post","type-post","status-publish","format-standard","has-post-thumbnail","hentry","category-noticias-monjas-pt-br","category-noticias"],"acf":[],"yoast_head":"<!-- This site is optimized with the Yoast SEO plugin v26.3 - https:\/\/yoast.com\/wordpress\/plugins\/seo\/ -->\n<title>Visita do Patriarca Ecum\u00eanico Bartolomeu I \u00e0s monjas de Bolonha - CARMELITAS DESCAL\u00c7OS<\/title>\n<meta name=\"robots\" content=\"index, follow, max-snippet:-1, max-image-preview:large, max-video-preview:-1\" \/>\n<link rel=\"canonical\" href=\"https:\/\/www.carmelitaniscalzi.com\/pt-br\/2017\/09\/30\/visita-do-patriarca-ecumenico-bartolomeu-as-monjas-de-bolonha\/\" \/>\n<meta property=\"og:locale\" content=\"pt_BR\" \/>\n<meta property=\"og:type\" content=\"article\" \/>\n<meta property=\"og:title\" content=\"Visita do Patriarca Ecum\u00eanico Bartolomeu I \u00e0s monjas de Bolonha - CARMELITAS DESCAL\u00c7OS\" \/>\n<meta property=\"og:description\" content=\"Nossas irm\u00e3s carmelitas descal\u00e7as de Bolonha (It\u00e1lia) falam-nos dessa hist\u00f3rica visita: \u201cDurante sua recente estadia em Bolonha, no contexto das celebra\u00e7\u00f5es conclusivas do Congresso Eucar\u00edstico, o Patriarca Bartolomeu I, acolhendo benevolamente nosso convite, visitou nosso mosteiro. O Patriarca entrou na igreja, acolhido de modo festivo pelo som dos sinos; depois do canto e de uma [&hellip;]\" \/>\n<meta property=\"og:url\" content=\"https:\/\/www.carmelitaniscalzi.com\/pt-br\/2017\/09\/30\/visita-do-patriarca-ecumenico-bartolomeu-as-monjas-de-bolonha\/\" \/>\n<meta property=\"og:site_name\" content=\"CARMELITAS DESCAL\u00c7OS\" \/>\n<meta property=\"article:publisher\" content=\"https:\/\/www.facebook.com\/Curia-Generalizia-Carmelitani-Scalzi-658766940887784\/\" \/>\n<meta property=\"article:published_time\" content=\"2017-09-30T16:01:40+00:00\" \/>\n<meta property=\"og:image\" content=\"https:\/\/www.carmelitaniscalzi.com\/wp-content\/uploads\/2017\/09\/09.jpg\" \/>\n\t<meta property=\"og:image:width\" content=\"960\" \/>\n\t<meta property=\"og:image:height\" content=\"720\" \/>\n\t<meta property=\"og:image:type\" content=\"image\/jpeg\" \/>\n<meta name=\"author\" content=\"ocd web master\" \/>\n<meta name=\"twitter:card\" content=\"summary_large_image\" \/>\n<meta name=\"twitter:creator\" content=\"@ocdcuria\" \/>\n<meta name=\"twitter:site\" content=\"@ocdcuria\" \/>\n<meta name=\"twitter:label1\" content=\"Escrito por\" \/>\n\t<meta name=\"twitter:data1\" content=\"ocd web master\" \/>\n\t<meta name=\"twitter:label2\" content=\"Est. tempo de leitura\" \/>\n\t<meta name=\"twitter:data2\" content=\"1 minuto\" \/>\n<script type=\"application\/ld+json\" class=\"yoast-schema-graph\">{\"@context\":\"https:\/\/schema.org\",\"@graph\":[{\"@type\":\"Article\",\"@id\":\"https:\/\/www.carmelitaniscalzi.com\/pt-br\/2017\/09\/30\/visita-do-patriarca-ecumenico-bartolomeu-as-monjas-de-bolonha\/#article\",\"isPartOf\":{\"@id\":\"https:\/\/www.carmelitaniscalzi.com\/pt-br\/2017\/09\/30\/visita-do-patriarca-ecumenico-bartolomeu-as-monjas-de-bolonha\/\"},\"author\":{\"name\":\"ocd web master\",\"@id\":\"https:\/\/www.carmelitaniscalzi.com\/#\/schema\/person\/6d1c0d9bea7b6625c437246a5d6da409\"},\"headline\":\"Visita do Patriarca Ecum\u00eanico Bartolomeu I \u00e0s monjas de Bolonha\",\"datePublished\":\"2017-09-30T16:01:40+00:00\",\"mainEntityOfPage\":{\"@id\":\"https:\/\/www.carmelitaniscalzi.com\/pt-br\/2017\/09\/30\/visita-do-patriarca-ecumenico-bartolomeu-as-monjas-de-bolonha\/\"},\"wordCount\":208,\"publisher\":{\"@id\":\"https:\/\/www.carmelitaniscalzi.com\/#organization\"},\"image\":{\"@id\":\"https:\/\/www.carmelitaniscalzi.com\/pt-br\/2017\/09\/30\/visita-do-patriarca-ecumenico-bartolomeu-as-monjas-de-bolonha\/#primaryimage\"},\"thumbnailUrl\":\"https:\/\/www.carmelitaniscalzi.com\/wp-content\/uploads\/2017\/09\/09.jpg\",\"articleSection\":[\"Not\u00edcias Monjas\",\"Not\u00edcias\"],\"inLanguage\":\"pt-BR\"},{\"@type\":\"WebPage\",\"@id\":\"https:\/\/www.carmelitaniscalzi.com\/pt-br\/2017\/09\/30\/visita-do-patriarca-ecumenico-bartolomeu-as-monjas-de-bolonha\/\",\"url\":\"https:\/\/www.carmelitaniscalzi.com\/pt-br\/2017\/09\/30\/visita-do-patriarca-ecumenico-bartolomeu-as-monjas-de-bolonha\/\",\"name\":\"Visita do Patriarca Ecum\u00eanico Bartolomeu I \u00e0s monjas de Bolonha - CARMELITAS DESCAL\u00c7OS\",\"isPartOf\":{\"@id\":\"https:\/\/www.carmelitaniscalzi.com\/#website\"},\"primaryImageOfPage\":{\"@id\":\"https:\/\/www.carmelitaniscalzi.com\/pt-br\/2017\/09\/30\/visita-do-patriarca-ecumenico-bartolomeu-as-monjas-de-bolonha\/#primaryimage\"},\"image\":{\"@id\":\"https:\/\/www.carmelitaniscalzi.com\/pt-br\/2017\/09\/30\/visita-do-patriarca-ecumenico-bartolomeu-as-monjas-de-bolonha\/#primaryimage\"},\"thumbnailUrl\":\"https:\/\/www.carmelitaniscalzi.com\/wp-content\/uploads\/2017\/09\/09.jpg\",\"datePublished\":\"2017-09-30T16:01:40+00:00\",\"breadcrumb\":{\"@id\":\"https:\/\/www.carmelitaniscalzi.com\/pt-br\/2017\/09\/30\/visita-do-patriarca-ecumenico-bartolomeu-as-monjas-de-bolonha\/#breadcrumb\"},\"inLanguage\":\"pt-BR\",\"potentialAction\":[{\"@type\":\"ReadAction\",\"target\":[\"https:\/\/www.carmelitaniscalzi.com\/pt-br\/2017\/09\/30\/visita-do-patriarca-ecumenico-bartolomeu-as-monjas-de-bolonha\/\"]}]},{\"@type\":\"ImageObject\",\"inLanguage\":\"pt-BR\",\"@id\":\"https:\/\/www.carmelitaniscalzi.com\/pt-br\/2017\/09\/30\/visita-do-patriarca-ecumenico-bartolomeu-as-monjas-de-bolonha\/#primaryimage\",\"url\":\"https:\/\/www.carmelitaniscalzi.com\/wp-content\/uploads\/2017\/09\/09.jpg\",\"contentUrl\":\"https:\/\/www.carmelitaniscalzi.com\/wp-content\/uploads\/2017\/09\/09.jpg\",\"width\":960,\"height\":720},{\"@type\":\"BreadcrumbList\",\"@id\":\"https:\/\/www.carmelitaniscalzi.com\/pt-br\/2017\/09\/30\/visita-do-patriarca-ecumenico-bartolomeu-as-monjas-de-bolonha\/#breadcrumb\",\"itemListElement\":[{\"@type\":\"ListItem\",\"position\":1,\"name\":\"Home\",\"item\":\"https:\/\/www.carmelitaniscalzi.com\/pt-br\/\"},{\"@type\":\"ListItem\",\"position\":2,\"name\":\"Visita do Patriarca Ecum\u00eanico Bartolomeu I \u00e0s monjas de Bolonha\"}]},{\"@type\":\"WebSite\",\"@id\":\"https:\/\/www.carmelitaniscalzi.com\/#website\",\"url\":\"https:\/\/www.carmelitaniscalzi.com\/\",\"name\":\"CARMELITANI SCALZI - Curia Generale del Carmelo Teresiano\",\"description\":\"C\u00faria General\u00edcia do Carmelo Teresiano\",\"publisher\":{\"@id\":\"https:\/\/www.carmelitaniscalzi.com\/#organization\"},\"alternateName\":\"CARMELITANI SCALZI\",\"potentialAction\":[{\"@type\":\"SearchAction\",\"target\":{\"@type\":\"EntryPoint\",\"urlTemplate\":\"https:\/\/www.carmelitaniscalzi.com\/?s={search_term_string}\"},\"query-input\":{\"@type\":\"PropertyValueSpecification\",\"valueRequired\":true,\"valueName\":\"search_term_string\"}}],\"inLanguage\":\"pt-BR\"},{\"@type\":\"Organization\",\"@id\":\"https:\/\/www.carmelitaniscalzi.com\/#organization\",\"name\":\"CARMELITANI SCALZI - Curia Generale del Carmelo Teresiano\",\"url\":\"https:\/\/www.carmelitaniscalzi.com\/\",\"logo\":{\"@type\":\"ImageObject\",\"inLanguage\":\"pt-BR\",\"@id\":\"https:\/\/www.carmelitaniscalzi.com\/#\/schema\/logo\/image\/\",\"url\":\"https:\/\/www.carmelitaniscalzi.com\/wp-content\/uploads\/2025\/11\/login-logo.png\",\"contentUrl\":\"https:\/\/www.carmelitaniscalzi.com\/wp-content\/uploads\/2025\/11\/login-logo.png\",\"width\":256,\"height\":256,\"caption\":\"CARMELITANI SCALZI - Curia Generale del Carmelo Teresiano\"},\"image\":{\"@id\":\"https:\/\/www.carmelitaniscalzi.com\/#\/schema\/logo\/image\/\"},\"sameAs\":[\"https:\/\/www.facebook.com\/Curia-Generalizia-Carmelitani-Scalzi-658766940887784\/\",\"https:\/\/x.com\/ocdcuria\",\"https:\/\/www.youtube.com\/channel\/UC2J5ZL0ycOY0qBSTCLX_NGQ\/videos\",\"https:\/\/www.instagram.com\/ocdinform\/\"]},{\"@type\":\"Person\",\"@id\":\"https:\/\/www.carmelitaniscalzi.com\/#\/schema\/person\/6d1c0d9bea7b6625c437246a5d6da409\",\"name\":\"ocd web master\",\"image\":{\"@type\":\"ImageObject\",\"inLanguage\":\"pt-BR\",\"@id\":\"https:\/\/www.carmelitaniscalzi.com\/#\/schema\/person\/image\/\",\"url\":\"https:\/\/secure.gravatar.com\/avatar\/41fbc5f82bad909fbaf2984c43fa50d8519ac5853e25b454d022b6868f80d0e7?s=96&d=mm&r=g\",\"contentUrl\":\"https:\/\/secure.gravatar.com\/avatar\/41fbc5f82bad909fbaf2984c43fa50d8519ac5853e25b454d022b6868f80d0e7?s=96&d=mm&r=g\",\"caption\":\"ocd web master\"},\"url\":\"https:\/\/www.carmelitaniscalzi.com\/pt-br\/author\/ocdwebmaster\/\"}]}<\/script>\n<!-- \/ Yoast SEO plugin. -->","yoast_head_json":{"title":"Visita do Patriarca Ecum\u00eanico Bartolomeu I \u00e0s monjas de Bolonha - CARMELITAS DESCAL\u00c7OS","robots":{"index":"index","follow":"follow","max-snippet":"max-snippet:-1","max-image-preview":"max-image-preview:large","max-video-preview":"max-video-preview:-1"},"canonical":"https:\/\/www.carmelitaniscalzi.com\/pt-br\/2017\/09\/30\/visita-do-patriarca-ecumenico-bartolomeu-as-monjas-de-bolonha\/","og_locale":"pt_BR","og_type":"article","og_title":"Visita do Patriarca Ecum\u00eanico Bartolomeu I \u00e0s monjas de Bolonha - CARMELITAS DESCAL\u00c7OS","og_description":"Nossas irm\u00e3s carmelitas descal\u00e7as de Bolonha (It\u00e1lia) falam-nos dessa hist\u00f3rica visita: \u201cDurante sua recente estadia em Bolonha, no contexto das celebra\u00e7\u00f5es conclusivas do Congresso Eucar\u00edstico, o Patriarca Bartolomeu I, acolhendo benevolamente nosso convite, visitou nosso mosteiro. O Patriarca entrou na igreja, acolhido de modo festivo pelo som dos sinos; depois do canto e de uma [&hellip;]","og_url":"https:\/\/www.carmelitaniscalzi.com\/pt-br\/2017\/09\/30\/visita-do-patriarca-ecumenico-bartolomeu-as-monjas-de-bolonha\/","og_site_name":"CARMELITAS DESCAL\u00c7OS","article_publisher":"https:\/\/www.facebook.com\/Curia-Generalizia-Carmelitani-Scalzi-658766940887784\/","article_published_time":"2017-09-30T16:01:40+00:00","og_image":[{"width":960,"height":720,"url":"https:\/\/www.carmelitaniscalzi.com\/wp-content\/uploads\/2017\/09\/09.jpg","type":"image\/jpeg"}],"author":"ocd web master","twitter_card":"summary_large_image","twitter_creator":"@ocdcuria","twitter_site":"@ocdcuria","twitter_misc":{"Escrito por":"ocd web master","Est. tempo de leitura":"1 minuto"},"schema":{"@context":"https:\/\/schema.org","@graph":[{"@type":"Article","@id":"https:\/\/www.carmelitaniscalzi.com\/pt-br\/2017\/09\/30\/visita-do-patriarca-ecumenico-bartolomeu-as-monjas-de-bolonha\/#article","isPartOf":{"@id":"https:\/\/www.carmelitaniscalzi.com\/pt-br\/2017\/09\/30\/visita-do-patriarca-ecumenico-bartolomeu-as-monjas-de-bolonha\/"},"author":{"name":"ocd web master","@id":"https:\/\/www.carmelitaniscalzi.com\/#\/schema\/person\/6d1c0d9bea7b6625c437246a5d6da409"},"headline":"Visita do Patriarca Ecum\u00eanico Bartolomeu I \u00e0s monjas de Bolonha","datePublished":"2017-09-30T16:01:40+00:00","mainEntityOfPage":{"@id":"https:\/\/www.carmelitaniscalzi.com\/pt-br\/2017\/09\/30\/visita-do-patriarca-ecumenico-bartolomeu-as-monjas-de-bolonha\/"},"wordCount":208,"publisher":{"@id":"https:\/\/www.carmelitaniscalzi.com\/#organization"},"image":{"@id":"https:\/\/www.carmelitaniscalzi.com\/pt-br\/2017\/09\/30\/visita-do-patriarca-ecumenico-bartolomeu-as-monjas-de-bolonha\/#primaryimage"},"thumbnailUrl":"https:\/\/www.carmelitaniscalzi.com\/wp-content\/uploads\/2017\/09\/09.jpg","articleSection":["Not\u00edcias Monjas","Not\u00edcias"],"inLanguage":"pt-BR"},{"@type":"WebPage","@id":"https:\/\/www.carmelitaniscalzi.com\/pt-br\/2017\/09\/30\/visita-do-patriarca-ecumenico-bartolomeu-as-monjas-de-bolonha\/","url":"https:\/\/www.carmelitaniscalzi.com\/pt-br\/2017\/09\/30\/visita-do-patriarca-ecumenico-bartolomeu-as-monjas-de-bolonha\/","name":"Visita do Patriarca Ecum\u00eanico Bartolomeu I \u00e0s monjas de Bolonha - CARMELITAS DESCAL\u00c7OS","isPartOf":{"@id":"https:\/\/www.carmelitaniscalzi.com\/#website"},"primaryImageOfPage":{"@id":"https:\/\/www.carmelitaniscalzi.com\/pt-br\/2017\/09\/30\/visita-do-patriarca-ecumenico-bartolomeu-as-monjas-de-bolonha\/#primaryimage"},"image":{"@id":"https:\/\/www.carmelitaniscalzi.com\/pt-br\/2017\/09\/30\/visita-do-patriarca-ecumenico-bartolomeu-as-monjas-de-bolonha\/#primaryimage"},"thumbnailUrl":"https:\/\/www.carmelitaniscalzi.com\/wp-content\/uploads\/2017\/09\/09.jpg","datePublished":"2017-09-30T16:01:40+00:00","breadcrumb":{"@id":"https:\/\/www.carmelitaniscalzi.com\/pt-br\/2017\/09\/30\/visita-do-patriarca-ecumenico-bartolomeu-as-monjas-de-bolonha\/#breadcrumb"},"inLanguage":"pt-BR","potentialAction":[{"@type":"ReadAction","target":["https:\/\/www.carmelitaniscalzi.com\/pt-br\/2017\/09\/30\/visita-do-patriarca-ecumenico-bartolomeu-as-monjas-de-bolonha\/"]}]},{"@type":"ImageObject","inLanguage":"pt-BR","@id":"https:\/\/www.carmelitaniscalzi.com\/pt-br\/2017\/09\/30\/visita-do-patriarca-ecumenico-bartolomeu-as-monjas-de-bolonha\/#primaryimage","url":"https:\/\/www.carmelitaniscalzi.com\/wp-content\/uploads\/2017\/09\/09.jpg","contentUrl":"https:\/\/www.carmelitaniscalzi.com\/wp-content\/uploads\/2017\/09\/09.jpg","width":960,"height":720},{"@type":"BreadcrumbList","@id":"https:\/\/www.carmelitaniscalzi.com\/pt-br\/2017\/09\/30\/visita-do-patriarca-ecumenico-bartolomeu-as-monjas-de-bolonha\/#breadcrumb","itemListElement":[{"@type":"ListItem","position":1,"name":"Home","item":"https:\/\/www.carmelitaniscalzi.com\/pt-br\/"},{"@type":"ListItem","position":2,"name":"Visita do Patriarca Ecum\u00eanico Bartolomeu I \u00e0s monjas de Bolonha"}]},{"@type":"WebSite","@id":"https:\/\/www.carmelitaniscalzi.com\/#website","url":"https:\/\/www.carmelitaniscalzi.com\/","name":"CARMELITANI SCALZI - Curia Generale del Carmelo Teresiano","description":"C\u00faria General\u00edcia do Carmelo Teresiano","publisher":{"@id":"https:\/\/www.carmelitaniscalzi.com\/#organization"},"alternateName":"CARMELITANI SCALZI","potentialAction":[{"@type":"SearchAction","target":{"@type":"EntryPoint","urlTemplate":"https:\/\/www.carmelitaniscalzi.com\/?s={search_term_string}"},"query-input":{"@type":"PropertyValueSpecification","valueRequired":true,"valueName":"search_term_string"}}],"inLanguage":"pt-BR"},{"@type":"Organization","@id":"https:\/\/www.carmelitaniscalzi.com\/#organization","name":"CARMELITANI SCALZI - Curia Generale del Carmelo Teresiano","url":"https:\/\/www.carmelitaniscalzi.com\/","logo":{"@type":"ImageObject","inLanguage":"pt-BR","@id":"https:\/\/www.carmelitaniscalzi.com\/#\/schema\/logo\/image\/","url":"https:\/\/www.carmelitaniscalzi.com\/wp-content\/uploads\/2025\/11\/login-logo.png","contentUrl":"https:\/\/www.carmelitaniscalzi.com\/wp-content\/uploads\/2025\/11\/login-logo.png","width":256,"height":256,"caption":"CARMELITANI SCALZI - Curia Generale del Carmelo Teresiano"},"image":{"@id":"https:\/\/www.carmelitaniscalzi.com\/#\/schema\/logo\/image\/"},"sameAs":["https:\/\/www.facebook.com\/Curia-Generalizia-Carmelitani-Scalzi-658766940887784\/","https:\/\/x.com\/ocdcuria","https:\/\/www.youtube.com\/channel\/UC2J5ZL0ycOY0qBSTCLX_NGQ\/videos","https:\/\/www.instagram.com\/ocdinform\/"]},{"@type":"Person","@id":"https:\/\/www.carmelitaniscalzi.com\/#\/schema\/person\/6d1c0d9bea7b6625c437246a5d6da409","name":"ocd web master","image":{"@type":"ImageObject","inLanguage":"pt-BR","@id":"https:\/\/www.carmelitaniscalzi.com\/#\/schema\/person\/image\/","url":"https:\/\/secure.gravatar.com\/avatar\/41fbc5f82bad909fbaf2984c43fa50d8519ac5853e25b454d022b6868f80d0e7?s=96&d=mm&r=g","contentUrl":"https:\/\/secure.gravatar.com\/avatar\/41fbc5f82bad909fbaf2984c43fa50d8519ac5853e25b454d022b6868f80d0e7?s=96&d=mm&r=g","caption":"ocd web master"},"url":"https:\/\/www.carmelitaniscalzi.com\/pt-br\/author\/ocdwebmaster\/"}]}},"_links":{"self":[{"href":"https:\/\/www.carmelitaniscalzi.com\/pt-br\/wp-json\/wp\/v2\/posts\/17820","targetHints":{"allow":["GET"]}}],"collection":[{"href":"https:\/\/www.carmelitaniscalzi.com\/pt-br\/wp-json\/wp\/v2\/posts"}],"about":[{"href":"https:\/\/www.carmelitaniscalzi.com\/pt-br\/wp-json\/wp\/v2\/types\/post"}],"author":[{"embeddable":true,"href":"https:\/\/www.carmelitaniscalzi.com\/pt-br\/wp-json\/wp\/v2\/users\/7"}],"replies":[{"embeddable":true,"href":"https:\/\/www.carmelitaniscalzi.com\/pt-br\/wp-json\/wp\/v2\/comments?post=17820"}],"version-history":[{"count":0,"href":"https:\/\/www.carmelitaniscalzi.com\/pt-br\/wp-json\/wp\/v2\/posts\/17820\/revisions"}],"wp:featuredmedia":[{"embeddable":true,"href":"https:\/\/www.carmelitaniscalzi.com\/pt-br\/wp-json\/wp\/v2\/media\/17812"}],"wp:attachment":[{"href":"https:\/\/www.carmelitaniscalzi.com\/pt-br\/wp-json\/wp\/v2\/media?parent=17820"}],"wp:term":[{"taxonomy":"category","embeddable":true,"href":"https:\/\/www.carmelitaniscalzi.com\/pt-br\/wp-json\/wp\/v2\/categories?post=17820"},{"taxonomy":"post_tag","embeddable":true,"href":"https:\/\/www.carmelitaniscalzi.com\/pt-br\/wp-json\/wp\/v2\/tags?post=17820"}],"curies":[{"name":"wp","href":"https:\/\/api.w.org\/{rel}","templated":true}]}}