{"id":170123,"date":"2022-09-07T17:29:28","date_gmt":"2022-09-07T15:29:28","guid":{"rendered":"https:\/\/www.carmelitaniscalzi.com\/?p=170123"},"modified":"2022-09-21T17:29:55","modified_gmt":"2022-09-21T15:29:55","slug":"avila-a-santa-se-concede-o-titulo-de-basilica-menor-a-igreja-de-la-santa-a-casa-natal-de-santa-teresa-de-jesus","status":"publish","type":"post","link":"https:\/\/www.carmelitaniscalzi.com\/pt-br\/2022\/09\/07\/avila-a-santa-se-concede-o-titulo-de-basilica-menor-a-igreja-de-la-santa-a-casa-natal-de-santa-teresa-de-jesus\/","title":{"rendered":"\u00c1vila: a Santa S\u00e9 concede o t\u00edtulo de Bas\u00edlica Menor \u00e0 igreja de La Santa, a casa natal de Santa Teresa de Jesus."},"content":{"rendered":"<p>A pedido formal feito ao Vaticano pelo Bispo de \u00c1vila, Dom Gil Tamayo, apoiado pela Ordem dos Carmelitas, o N\u00fancio de Sua Santidade em Espanha enviou a Dom Gil Tamayo a 13 de Julho o decreto que confere o t\u00edtulo de Bas\u00edlica Menor \u201c\u00e0 igreja do convento de Santa Teresa de Jesus, constru\u00edda no local de nascimento da Santa de \u00c1vila\u201d. O pr\u00f3prio N\u00fancio Apost\u00f3lico na sua carta descreve este lugar como \u201cimportante para a diocese de \u00c1vila e para a Igreja universal\u201d.<\/p>\n<p>No s\u00e1bado 27 de Agosto \u00e0s 20 horas, Dom Gil Tamayo presidiu \u00e0 celebra\u00e7\u00e3o religiosa em que a igreja de La Santa se tornou uma Bas\u00edlica Menor. Este \u00e9 um momento \u00fanico para a Ordem do Carmelo Descal\u00e7o, para a Diocese de \u00c1vila, para todos aqueles que amam Santa Teresa de Jesus, e um verdadeiro presente neste ano jubilar em que celebramos o 4\u00ba centen\u00e1rio da sua canoniza\u00e7\u00e3o.<\/p>\n<p>&nbsp;<\/p>\n<div class=\"wpmf-gallerys wpmf-gallerys-life \" ><div id=\"gallery-1\"\n data-gutter-width=\"5\"\n  data-wpmfcolumns=\"4\" class=\"wpmf-gallery gallery-link-file gallery_life gallery-masonry gallery-columns-4 gallery-size-thumbnail wpmf-gallery-bottomspace-default wpmf-gallery-clear wpmf-has-border-radius-0 wpmf-gutterwidth-5\"><div class=\"wpmf-gallery-item\n     wpmf-gallery-item-position-0 wpmf-gallery-item-attachment-170047\" data-index=\"0\"><div class=\"wpmf-gallery-icon\"><a class=\" not_video noLightbox\" data-lightbox=\"1\" data-href=\"https:\/\/www.carmelitaniscalzi.com\/wp-content\/uploads\/2022\/09\/A\u0301vila-6-1024x683.jpg\" title=\"A\u0301vila 6\" target=\"_self\" data-index=\"0\"><img decoding=\"async\" class=\"wpmf_img\" alt=\"A\u0301vila 6\" src=\"https:\/\/www.carmelitaniscalzi.com\/wp-content\/uploads\/2022\/09\/A\u0301vila-6-150x150.jpg\" data-type=\"wpmfgalleryimg\" data-lazy-src=\"https:\/\/www.carmelitaniscalzi.com\/wp-content\/uploads\/2022\/09\/A\u0301vila-6-150x150.jpg\"><\/a><\/div><\/div><div class=\"wpmf-gallery-item\n     wpmf-gallery-item-position-1 wpmf-gallery-item-attachment-170041\" data-index=\"1\"><div class=\"wpmf-gallery-icon\"><a class=\" not_video noLightbox\" data-lightbox=\"1\" data-href=\"https:\/\/www.carmelitaniscalzi.com\/wp-content\/uploads\/2022\/09\/A\u0301vila-5-1024x683.jpg\" title=\"A\u0301vila 5\" target=\"_self\" data-index=\"1\"><img decoding=\"async\" class=\"wpmf_img\" alt=\"A\u0301vila 5\" src=\"https:\/\/www.carmelitaniscalzi.com\/wp-content\/uploads\/2022\/09\/A\u0301vila-5-150x150.jpg\" data-type=\"wpmfgalleryimg\" data-lazy-src=\"https:\/\/www.carmelitaniscalzi.com\/wp-content\/uploads\/2022\/09\/A\u0301vila-5-150x150.jpg\"><\/a><\/div><\/div><div class=\"wpmf-gallery-item\n     wpmf-gallery-item-position-2 wpmf-gallery-item-attachment-170035\" data-index=\"2\"><div class=\"wpmf-gallery-icon\"><a class=\" not_video noLightbox\" data-lightbox=\"1\" data-href=\"https:\/\/www.carmelitaniscalzi.com\/wp-content\/uploads\/2022\/09\/A\u0301vila-4-1024x614.jpg\" title=\"A\u0301vila 4\" target=\"_self\" data-index=\"2\"><img decoding=\"async\" class=\"wpmf_img\" alt=\"A\u0301vila 4\" src=\"https:\/\/www.carmelitaniscalzi.com\/wp-content\/uploads\/2022\/09\/A\u0301vila-4-150x150.jpg\" data-type=\"wpmfgalleryimg\" data-lazy-src=\"https:\/\/www.carmelitaniscalzi.com\/wp-content\/uploads\/2022\/09\/A\u0301vila-4-150x150.jpg\"><\/a><\/div><\/div><div class=\"wpmf-gallery-item\n     wpmf-gallery-item-position-3 wpmf-gallery-item-attachment-170029\" data-index=\"3\"><div class=\"wpmf-gallery-icon\"><a class=\" not_video noLightbox\" data-lightbox=\"1\" data-href=\"https:\/\/www.carmelitaniscalzi.com\/wp-content\/uploads\/2022\/09\/A\u0301vila-3-1024x683.jpg\" title=\"A\u0301vila 3\" target=\"_self\" data-index=\"3\"><img decoding=\"async\" class=\"wpmf_img\" alt=\"A\u0301vila 3\" src=\"https:\/\/www.carmelitaniscalzi.com\/wp-content\/uploads\/2022\/09\/A\u0301vila-3-150x150.jpg\" data-type=\"wpmfgalleryimg\" data-lazy-src=\"https:\/\/www.carmelitaniscalzi.com\/wp-content\/uploads\/2022\/09\/A\u0301vila-3-150x150.jpg\"><\/a><\/div><\/div><div class=\"wpmf-gallery-item\n     wpmf-gallery-item-position-4 wpmf-gallery-item-attachment-170023\" data-index=\"4\"><div class=\"wpmf-gallery-icon\"><a class=\" not_video noLightbox\" data-lightbox=\"1\" data-href=\"https:\/\/www.carmelitaniscalzi.com\/wp-content\/uploads\/2022\/09\/A\u0301vila-2-835x1024.jpg\" title=\"A\u0301vila 2\" target=\"_self\" data-index=\"4\"><img decoding=\"async\" class=\"wpmf_img\" alt=\"A\u0301vila 2\" src=\"https:\/\/www.carmelitaniscalzi.com\/wp-content\/uploads\/2022\/09\/A\u0301vila-2-150x150.jpg\" data-type=\"wpmfgalleryimg\" data-lazy-src=\"https:\/\/www.carmelitaniscalzi.com\/wp-content\/uploads\/2022\/09\/A\u0301vila-2-150x150.jpg\"><\/a><\/div><\/div><div class=\"wpmf-gallery-item\n     wpmf-gallery-item-position-5 wpmf-gallery-item-attachment-170017\" data-index=\"5\"><div class=\"wpmf-gallery-icon\"><a class=\" not_video noLightbox\" data-lightbox=\"1\" data-href=\"https:\/\/www.carmelitaniscalzi.com\/wp-content\/uploads\/2022\/09\/A\u0301vila-1-1024x461.jpg\" title=\"A\u0301vila 1\" target=\"_self\" data-index=\"5\"><img decoding=\"async\" class=\"wpmf_img\" alt=\"A\u0301vila 1\" src=\"https:\/\/www.carmelitaniscalzi.com\/wp-content\/uploads\/2022\/09\/A\u0301vila-1-150x150.jpg\" data-type=\"wpmfgalleryimg\" data-lazy-src=\"https:\/\/www.carmelitaniscalzi.com\/wp-content\/uploads\/2022\/09\/A\u0301vila-1-150x150.jpg\"><\/a><\/div><\/div><\/div><\/div>\n\n","protected":false},"excerpt":{"rendered":"<p>A pedido formal feito ao Vaticano pelo Bispo de \u00c1vila, Dom Gil Tamayo, apoiado pela Ordem dos Carmelitas, o N\u00fancio de Sua Santidade em Espanha enviou a Dom Gil Tamayo a 13 de Julho o decreto que confere o t\u00edtulo de Bas\u00edlica Menor \u201c\u00e0 igreja do convento de Santa Teresa de Jesus, constru\u00edda no local [&hellip;]<\/p>\n","protected":false},"author":7,"featured_media":170053,"comment_status":"closed","ping_status":"open","sticky":false,"template":"","format":"standard","meta":{"_acf_changed":false,"footnotes":""},"categories":[235,237,239,373],"tags":[],"class_list":["post-170123","post","type-post","status-publish","format-standard","has-post-thumbnail","hentry","category-noticias-frades","category-noticias-monjas-pt-br","category-noticias-preposito-geral","category-noticias"],"acf":[],"yoast_head":"<!-- This site is optimized with the Yoast SEO plugin v26.3 - https:\/\/yoast.com\/wordpress\/plugins\/seo\/ -->\n<title>\u00c1vila: a Santa S\u00e9 concede o t\u00edtulo de Bas\u00edlica Menor \u00e0 igreja de La Santa, a casa natal de Santa Teresa de Jesus. - CARMELITAS DESCAL\u00c7OS<\/title>\n<meta name=\"robots\" content=\"index, follow, max-snippet:-1, max-image-preview:large, max-video-preview:-1\" \/>\n<link rel=\"canonical\" href=\"https:\/\/www.carmelitaniscalzi.com\/pt-br\/2022\/09\/07\/avila-a-santa-se-concede-o-titulo-de-basilica-menor-a-igreja-de-la-santa-a-casa-natal-de-santa-teresa-de-jesus\/\" \/>\n<meta property=\"og:locale\" content=\"pt_BR\" \/>\n<meta property=\"og:type\" content=\"article\" \/>\n<meta property=\"og:title\" content=\"\u00c1vila: a Santa S\u00e9 concede o t\u00edtulo de Bas\u00edlica Menor \u00e0 igreja de La Santa, a casa natal de Santa Teresa de Jesus. - CARMELITAS DESCAL\u00c7OS\" \/>\n<meta property=\"og:description\" content=\"A pedido formal feito ao Vaticano pelo Bispo de \u00c1vila, Dom Gil Tamayo, apoiado pela Ordem dos Carmelitas, o N\u00fancio de Sua Santidade em Espanha enviou a Dom Gil Tamayo a 13 de Julho o decreto que confere o t\u00edtulo de Bas\u00edlica Menor \u201c\u00e0 igreja do convento de Santa Teresa de Jesus, constru\u00edda no local [&hellip;]\" \/>\n<meta property=\"og:url\" content=\"https:\/\/www.carmelitaniscalzi.com\/pt-br\/2022\/09\/07\/avila-a-santa-se-concede-o-titulo-de-basilica-menor-a-igreja-de-la-santa-a-casa-natal-de-santa-teresa-de-jesus\/\" \/>\n<meta property=\"og:site_name\" content=\"CARMELITAS DESCAL\u00c7OS\" \/>\n<meta property=\"article:publisher\" content=\"https:\/\/www.facebook.com\/Curia-Generalizia-Carmelitani-Scalzi-658766940887784\/\" \/>\n<meta property=\"article:published_time\" content=\"2022-09-07T15:29:28+00:00\" \/>\n<meta property=\"article:modified_time\" content=\"2022-09-21T15:29:55+00:00\" \/>\n<meta property=\"og:image\" content=\"https:\/\/www.carmelitaniscalzi.com\/wp-content\/uploads\/2022\/09\/Cover_Avila_08_2022.jpg\" \/>\n\t<meta property=\"og:image:width\" content=\"1200\" \/>\n\t<meta property=\"og:image:height\" content=\"800\" \/>\n\t<meta property=\"og:image:type\" content=\"image\/jpeg\" \/>\n<meta name=\"author\" content=\"ocd web master\" \/>\n<meta name=\"twitter:card\" content=\"summary_large_image\" \/>\n<meta name=\"twitter:creator\" content=\"@ocdcuria\" \/>\n<meta name=\"twitter:site\" content=\"@ocdcuria\" \/>\n<meta name=\"twitter:label1\" content=\"Escrito por\" \/>\n\t<meta name=\"twitter:data1\" content=\"ocd web master\" \/>\n\t<meta name=\"twitter:label2\" content=\"Est. tempo de leitura\" \/>\n\t<meta name=\"twitter:data2\" content=\"1 minuto\" \/>\n<script type=\"application\/ld+json\" class=\"yoast-schema-graph\">{\"@context\":\"https:\/\/schema.org\",\"@graph\":[{\"@type\":\"Article\",\"@id\":\"https:\/\/www.carmelitaniscalzi.com\/pt-br\/2022\/09\/07\/avila-a-santa-se-concede-o-titulo-de-basilica-menor-a-igreja-de-la-santa-a-casa-natal-de-santa-teresa-de-jesus\/#article\",\"isPartOf\":{\"@id\":\"https:\/\/www.carmelitaniscalzi.com\/pt-br\/2022\/09\/07\/avila-a-santa-se-concede-o-titulo-de-basilica-menor-a-igreja-de-la-santa-a-casa-natal-de-santa-teresa-de-jesus\/\"},\"author\":{\"name\":\"ocd web master\",\"@id\":\"https:\/\/www.carmelitaniscalzi.com\/#\/schema\/person\/6d1c0d9bea7b6625c437246a5d6da409\"},\"headline\":\"\u00c1vila: a Santa S\u00e9 concede o t\u00edtulo de Bas\u00edlica Menor \u00e0 igreja de La Santa, a casa natal de Santa Teresa de Jesus.\",\"datePublished\":\"2022-09-07T15:29:28+00:00\",\"dateModified\":\"2022-09-21T15:29:55+00:00\",\"mainEntityOfPage\":{\"@id\":\"https:\/\/www.carmelitaniscalzi.com\/pt-br\/2022\/09\/07\/avila-a-santa-se-concede-o-titulo-de-basilica-menor-a-igreja-de-la-santa-a-casa-natal-de-santa-teresa-de-jesus\/\"},\"wordCount\":192,\"publisher\":{\"@id\":\"https:\/\/www.carmelitaniscalzi.com\/#organization\"},\"image\":{\"@id\":\"https:\/\/www.carmelitaniscalzi.com\/pt-br\/2022\/09\/07\/avila-a-santa-se-concede-o-titulo-de-basilica-menor-a-igreja-de-la-santa-a-casa-natal-de-santa-teresa-de-jesus\/#primaryimage\"},\"thumbnailUrl\":\"https:\/\/www.carmelitaniscalzi.com\/wp-content\/uploads\/2022\/09\/Cover_Avila_08_2022.jpg\",\"articleSection\":[\"Not\u00edcias Frades\",\"Not\u00edcias Monjas\",\"Not\u00edcias Prep\u00f3sito Geral\",\"Not\u00edcias\"],\"inLanguage\":\"pt-BR\"},{\"@type\":\"WebPage\",\"@id\":\"https:\/\/www.carmelitaniscalzi.com\/pt-br\/2022\/09\/07\/avila-a-santa-se-concede-o-titulo-de-basilica-menor-a-igreja-de-la-santa-a-casa-natal-de-santa-teresa-de-jesus\/\",\"url\":\"https:\/\/www.carmelitaniscalzi.com\/pt-br\/2022\/09\/07\/avila-a-santa-se-concede-o-titulo-de-basilica-menor-a-igreja-de-la-santa-a-casa-natal-de-santa-teresa-de-jesus\/\",\"name\":\"\u00c1vila: a Santa S\u00e9 concede o t\u00edtulo de Bas\u00edlica Menor \u00e0 igreja de La Santa, a casa natal de Santa Teresa de Jesus. - CARMELITAS DESCAL\u00c7OS\",\"isPartOf\":{\"@id\":\"https:\/\/www.carmelitaniscalzi.com\/#website\"},\"primaryImageOfPage\":{\"@id\":\"https:\/\/www.carmelitaniscalzi.com\/pt-br\/2022\/09\/07\/avila-a-santa-se-concede-o-titulo-de-basilica-menor-a-igreja-de-la-santa-a-casa-natal-de-santa-teresa-de-jesus\/#primaryimage\"},\"image\":{\"@id\":\"https:\/\/www.carmelitaniscalzi.com\/pt-br\/2022\/09\/07\/avila-a-santa-se-concede-o-titulo-de-basilica-menor-a-igreja-de-la-santa-a-casa-natal-de-santa-teresa-de-jesus\/#primaryimage\"},\"thumbnailUrl\":\"https:\/\/www.carmelitaniscalzi.com\/wp-content\/uploads\/2022\/09\/Cover_Avila_08_2022.jpg\",\"datePublished\":\"2022-09-07T15:29:28+00:00\",\"dateModified\":\"2022-09-21T15:29:55+00:00\",\"breadcrumb\":{\"@id\":\"https:\/\/www.carmelitaniscalzi.com\/pt-br\/2022\/09\/07\/avila-a-santa-se-concede-o-titulo-de-basilica-menor-a-igreja-de-la-santa-a-casa-natal-de-santa-teresa-de-jesus\/#breadcrumb\"},\"inLanguage\":\"pt-BR\",\"potentialAction\":[{\"@type\":\"ReadAction\",\"target\":[\"https:\/\/www.carmelitaniscalzi.com\/pt-br\/2022\/09\/07\/avila-a-santa-se-concede-o-titulo-de-basilica-menor-a-igreja-de-la-santa-a-casa-natal-de-santa-teresa-de-jesus\/\"]}]},{\"@type\":\"ImageObject\",\"inLanguage\":\"pt-BR\",\"@id\":\"https:\/\/www.carmelitaniscalzi.com\/pt-br\/2022\/09\/07\/avila-a-santa-se-concede-o-titulo-de-basilica-menor-a-igreja-de-la-santa-a-casa-natal-de-santa-teresa-de-jesus\/#primaryimage\",\"url\":\"https:\/\/www.carmelitaniscalzi.com\/wp-content\/uploads\/2022\/09\/Cover_Avila_08_2022.jpg\",\"contentUrl\":\"https:\/\/www.carmelitaniscalzi.com\/wp-content\/uploads\/2022\/09\/Cover_Avila_08_2022.jpg\",\"width\":1200,\"height\":800},{\"@type\":\"BreadcrumbList\",\"@id\":\"https:\/\/www.carmelitaniscalzi.com\/pt-br\/2022\/09\/07\/avila-a-santa-se-concede-o-titulo-de-basilica-menor-a-igreja-de-la-santa-a-casa-natal-de-santa-teresa-de-jesus\/#breadcrumb\",\"itemListElement\":[{\"@type\":\"ListItem\",\"position\":1,\"name\":\"Home\",\"item\":\"https:\/\/www.carmelitaniscalzi.com\/pt-br\/\"},{\"@type\":\"ListItem\",\"position\":2,\"name\":\"\u00c1vila: a Santa S\u00e9 concede o t\u00edtulo de Bas\u00edlica Menor \u00e0 igreja de La Santa, a casa natal de Santa Teresa de Jesus.\"}]},{\"@type\":\"WebSite\",\"@id\":\"https:\/\/www.carmelitaniscalzi.com\/#website\",\"url\":\"https:\/\/www.carmelitaniscalzi.com\/\",\"name\":\"CARMELITANI SCALZI - Curia Generale del Carmelo Teresiano\",\"description\":\"C\u00faria General\u00edcia do Carmelo Teresiano\",\"publisher\":{\"@id\":\"https:\/\/www.carmelitaniscalzi.com\/#organization\"},\"alternateName\":\"CARMELITANI SCALZI\",\"potentialAction\":[{\"@type\":\"SearchAction\",\"target\":{\"@type\":\"EntryPoint\",\"urlTemplate\":\"https:\/\/www.carmelitaniscalzi.com\/?s={search_term_string}\"},\"query-input\":{\"@type\":\"PropertyValueSpecification\",\"valueRequired\":true,\"valueName\":\"search_term_string\"}}],\"inLanguage\":\"pt-BR\"},{\"@type\":\"Organization\",\"@id\":\"https:\/\/www.carmelitaniscalzi.com\/#organization\",\"name\":\"CARMELITANI SCALZI - Curia Generale del Carmelo Teresiano\",\"url\":\"https:\/\/www.carmelitaniscalzi.com\/\",\"logo\":{\"@type\":\"ImageObject\",\"inLanguage\":\"pt-BR\",\"@id\":\"https:\/\/www.carmelitaniscalzi.com\/#\/schema\/logo\/image\/\",\"url\":\"https:\/\/www.carmelitaniscalzi.com\/wp-content\/uploads\/2025\/11\/login-logo.png\",\"contentUrl\":\"https:\/\/www.carmelitaniscalzi.com\/wp-content\/uploads\/2025\/11\/login-logo.png\",\"width\":256,\"height\":256,\"caption\":\"CARMELITANI SCALZI - Curia Generale del Carmelo Teresiano\"},\"image\":{\"@id\":\"https:\/\/www.carmelitaniscalzi.com\/#\/schema\/logo\/image\/\"},\"sameAs\":[\"https:\/\/www.facebook.com\/Curia-Generalizia-Carmelitani-Scalzi-658766940887784\/\",\"https:\/\/x.com\/ocdcuria\",\"https:\/\/www.youtube.com\/channel\/UC2J5ZL0ycOY0qBSTCLX_NGQ\/videos\",\"https:\/\/www.instagram.com\/ocdinform\/\"]},{\"@type\":\"Person\",\"@id\":\"https:\/\/www.carmelitaniscalzi.com\/#\/schema\/person\/6d1c0d9bea7b6625c437246a5d6da409\",\"name\":\"ocd web master\",\"image\":{\"@type\":\"ImageObject\",\"inLanguage\":\"pt-BR\",\"@id\":\"https:\/\/www.carmelitaniscalzi.com\/#\/schema\/person\/image\/\",\"url\":\"https:\/\/secure.gravatar.com\/avatar\/41fbc5f82bad909fbaf2984c43fa50d8519ac5853e25b454d022b6868f80d0e7?s=96&d=mm&r=g\",\"contentUrl\":\"https:\/\/secure.gravatar.com\/avatar\/41fbc5f82bad909fbaf2984c43fa50d8519ac5853e25b454d022b6868f80d0e7?s=96&d=mm&r=g\",\"caption\":\"ocd web master\"},\"url\":\"https:\/\/www.carmelitaniscalzi.com\/pt-br\/author\/ocdwebmaster\/\"}]}<\/script>\n<!-- \/ Yoast SEO plugin. -->","yoast_head_json":{"title":"\u00c1vila: a Santa S\u00e9 concede o t\u00edtulo de Bas\u00edlica Menor \u00e0 igreja de La Santa, a casa natal de Santa Teresa de Jesus. - CARMELITAS DESCAL\u00c7OS","robots":{"index":"index","follow":"follow","max-snippet":"max-snippet:-1","max-image-preview":"max-image-preview:large","max-video-preview":"max-video-preview:-1"},"canonical":"https:\/\/www.carmelitaniscalzi.com\/pt-br\/2022\/09\/07\/avila-a-santa-se-concede-o-titulo-de-basilica-menor-a-igreja-de-la-santa-a-casa-natal-de-santa-teresa-de-jesus\/","og_locale":"pt_BR","og_type":"article","og_title":"\u00c1vila: a Santa S\u00e9 concede o t\u00edtulo de Bas\u00edlica Menor \u00e0 igreja de La Santa, a casa natal de Santa Teresa de Jesus. - CARMELITAS DESCAL\u00c7OS","og_description":"A pedido formal feito ao Vaticano pelo Bispo de \u00c1vila, Dom Gil Tamayo, apoiado pela Ordem dos Carmelitas, o N\u00fancio de Sua Santidade em Espanha enviou a Dom Gil Tamayo a 13 de Julho o decreto que confere o t\u00edtulo de Bas\u00edlica Menor \u201c\u00e0 igreja do convento de Santa Teresa de Jesus, constru\u00edda no local [&hellip;]","og_url":"https:\/\/www.carmelitaniscalzi.com\/pt-br\/2022\/09\/07\/avila-a-santa-se-concede-o-titulo-de-basilica-menor-a-igreja-de-la-santa-a-casa-natal-de-santa-teresa-de-jesus\/","og_site_name":"CARMELITAS DESCAL\u00c7OS","article_publisher":"https:\/\/www.facebook.com\/Curia-Generalizia-Carmelitani-Scalzi-658766940887784\/","article_published_time":"2022-09-07T15:29:28+00:00","article_modified_time":"2022-09-21T15:29:55+00:00","og_image":[{"width":1200,"height":800,"url":"https:\/\/www.carmelitaniscalzi.com\/wp-content\/uploads\/2022\/09\/Cover_Avila_08_2022.jpg","type":"image\/jpeg"}],"author":"ocd web master","twitter_card":"summary_large_image","twitter_creator":"@ocdcuria","twitter_site":"@ocdcuria","twitter_misc":{"Escrito por":"ocd web master","Est. tempo de leitura":"1 minuto"},"schema":{"@context":"https:\/\/schema.org","@graph":[{"@type":"Article","@id":"https:\/\/www.carmelitaniscalzi.com\/pt-br\/2022\/09\/07\/avila-a-santa-se-concede-o-titulo-de-basilica-menor-a-igreja-de-la-santa-a-casa-natal-de-santa-teresa-de-jesus\/#article","isPartOf":{"@id":"https:\/\/www.carmelitaniscalzi.com\/pt-br\/2022\/09\/07\/avila-a-santa-se-concede-o-titulo-de-basilica-menor-a-igreja-de-la-santa-a-casa-natal-de-santa-teresa-de-jesus\/"},"author":{"name":"ocd web master","@id":"https:\/\/www.carmelitaniscalzi.com\/#\/schema\/person\/6d1c0d9bea7b6625c437246a5d6da409"},"headline":"\u00c1vila: a Santa S\u00e9 concede o t\u00edtulo de Bas\u00edlica Menor \u00e0 igreja de La Santa, a casa natal de Santa Teresa de Jesus.","datePublished":"2022-09-07T15:29:28+00:00","dateModified":"2022-09-21T15:29:55+00:00","mainEntityOfPage":{"@id":"https:\/\/www.carmelitaniscalzi.com\/pt-br\/2022\/09\/07\/avila-a-santa-se-concede-o-titulo-de-basilica-menor-a-igreja-de-la-santa-a-casa-natal-de-santa-teresa-de-jesus\/"},"wordCount":192,"publisher":{"@id":"https:\/\/www.carmelitaniscalzi.com\/#organization"},"image":{"@id":"https:\/\/www.carmelitaniscalzi.com\/pt-br\/2022\/09\/07\/avila-a-santa-se-concede-o-titulo-de-basilica-menor-a-igreja-de-la-santa-a-casa-natal-de-santa-teresa-de-jesus\/#primaryimage"},"thumbnailUrl":"https:\/\/www.carmelitaniscalzi.com\/wp-content\/uploads\/2022\/09\/Cover_Avila_08_2022.jpg","articleSection":["Not\u00edcias Frades","Not\u00edcias Monjas","Not\u00edcias Prep\u00f3sito Geral","Not\u00edcias"],"inLanguage":"pt-BR"},{"@type":"WebPage","@id":"https:\/\/www.carmelitaniscalzi.com\/pt-br\/2022\/09\/07\/avila-a-santa-se-concede-o-titulo-de-basilica-menor-a-igreja-de-la-santa-a-casa-natal-de-santa-teresa-de-jesus\/","url":"https:\/\/www.carmelitaniscalzi.com\/pt-br\/2022\/09\/07\/avila-a-santa-se-concede-o-titulo-de-basilica-menor-a-igreja-de-la-santa-a-casa-natal-de-santa-teresa-de-jesus\/","name":"\u00c1vila: a Santa S\u00e9 concede o t\u00edtulo de Bas\u00edlica Menor \u00e0 igreja de La Santa, a casa natal de Santa Teresa de Jesus. - CARMELITAS DESCAL\u00c7OS","isPartOf":{"@id":"https:\/\/www.carmelitaniscalzi.com\/#website"},"primaryImageOfPage":{"@id":"https:\/\/www.carmelitaniscalzi.com\/pt-br\/2022\/09\/07\/avila-a-santa-se-concede-o-titulo-de-basilica-menor-a-igreja-de-la-santa-a-casa-natal-de-santa-teresa-de-jesus\/#primaryimage"},"image":{"@id":"https:\/\/www.carmelitaniscalzi.com\/pt-br\/2022\/09\/07\/avila-a-santa-se-concede-o-titulo-de-basilica-menor-a-igreja-de-la-santa-a-casa-natal-de-santa-teresa-de-jesus\/#primaryimage"},"thumbnailUrl":"https:\/\/www.carmelitaniscalzi.com\/wp-content\/uploads\/2022\/09\/Cover_Avila_08_2022.jpg","datePublished":"2022-09-07T15:29:28+00:00","dateModified":"2022-09-21T15:29:55+00:00","breadcrumb":{"@id":"https:\/\/www.carmelitaniscalzi.com\/pt-br\/2022\/09\/07\/avila-a-santa-se-concede-o-titulo-de-basilica-menor-a-igreja-de-la-santa-a-casa-natal-de-santa-teresa-de-jesus\/#breadcrumb"},"inLanguage":"pt-BR","potentialAction":[{"@type":"ReadAction","target":["https:\/\/www.carmelitaniscalzi.com\/pt-br\/2022\/09\/07\/avila-a-santa-se-concede-o-titulo-de-basilica-menor-a-igreja-de-la-santa-a-casa-natal-de-santa-teresa-de-jesus\/"]}]},{"@type":"ImageObject","inLanguage":"pt-BR","@id":"https:\/\/www.carmelitaniscalzi.com\/pt-br\/2022\/09\/07\/avila-a-santa-se-concede-o-titulo-de-basilica-menor-a-igreja-de-la-santa-a-casa-natal-de-santa-teresa-de-jesus\/#primaryimage","url":"https:\/\/www.carmelitaniscalzi.com\/wp-content\/uploads\/2022\/09\/Cover_Avila_08_2022.jpg","contentUrl":"https:\/\/www.carmelitaniscalzi.com\/wp-content\/uploads\/2022\/09\/Cover_Avila_08_2022.jpg","width":1200,"height":800},{"@type":"BreadcrumbList","@id":"https:\/\/www.carmelitaniscalzi.com\/pt-br\/2022\/09\/07\/avila-a-santa-se-concede-o-titulo-de-basilica-menor-a-igreja-de-la-santa-a-casa-natal-de-santa-teresa-de-jesus\/#breadcrumb","itemListElement":[{"@type":"ListItem","position":1,"name":"Home","item":"https:\/\/www.carmelitaniscalzi.com\/pt-br\/"},{"@type":"ListItem","position":2,"name":"\u00c1vila: a Santa S\u00e9 concede o t\u00edtulo de Bas\u00edlica Menor \u00e0 igreja de La Santa, a casa natal de Santa Teresa de Jesus."}]},{"@type":"WebSite","@id":"https:\/\/www.carmelitaniscalzi.com\/#website","url":"https:\/\/www.carmelitaniscalzi.com\/","name":"CARMELITANI SCALZI - Curia Generale del Carmelo Teresiano","description":"C\u00faria General\u00edcia do Carmelo Teresiano","publisher":{"@id":"https:\/\/www.carmelitaniscalzi.com\/#organization"},"alternateName":"CARMELITANI SCALZI","potentialAction":[{"@type":"SearchAction","target":{"@type":"EntryPoint","urlTemplate":"https:\/\/www.carmelitaniscalzi.com\/?s={search_term_string}"},"query-input":{"@type":"PropertyValueSpecification","valueRequired":true,"valueName":"search_term_string"}}],"inLanguage":"pt-BR"},{"@type":"Organization","@id":"https:\/\/www.carmelitaniscalzi.com\/#organization","name":"CARMELITANI SCALZI - Curia Generale del Carmelo Teresiano","url":"https:\/\/www.carmelitaniscalzi.com\/","logo":{"@type":"ImageObject","inLanguage":"pt-BR","@id":"https:\/\/www.carmelitaniscalzi.com\/#\/schema\/logo\/image\/","url":"https:\/\/www.carmelitaniscalzi.com\/wp-content\/uploads\/2025\/11\/login-logo.png","contentUrl":"https:\/\/www.carmelitaniscalzi.com\/wp-content\/uploads\/2025\/11\/login-logo.png","width":256,"height":256,"caption":"CARMELITANI SCALZI - Curia Generale del Carmelo Teresiano"},"image":{"@id":"https:\/\/www.carmelitaniscalzi.com\/#\/schema\/logo\/image\/"},"sameAs":["https:\/\/www.facebook.com\/Curia-Generalizia-Carmelitani-Scalzi-658766940887784\/","https:\/\/x.com\/ocdcuria","https:\/\/www.youtube.com\/channel\/UC2J5ZL0ycOY0qBSTCLX_NGQ\/videos","https:\/\/www.instagram.com\/ocdinform\/"]},{"@type":"Person","@id":"https:\/\/www.carmelitaniscalzi.com\/#\/schema\/person\/6d1c0d9bea7b6625c437246a5d6da409","name":"ocd web master","image":{"@type":"ImageObject","inLanguage":"pt-BR","@id":"https:\/\/www.carmelitaniscalzi.com\/#\/schema\/person\/image\/","url":"https:\/\/secure.gravatar.com\/avatar\/41fbc5f82bad909fbaf2984c43fa50d8519ac5853e25b454d022b6868f80d0e7?s=96&d=mm&r=g","contentUrl":"https:\/\/secure.gravatar.com\/avatar\/41fbc5f82bad909fbaf2984c43fa50d8519ac5853e25b454d022b6868f80d0e7?s=96&d=mm&r=g","caption":"ocd web master"},"url":"https:\/\/www.carmelitaniscalzi.com\/pt-br\/author\/ocdwebmaster\/"}]}},"_links":{"self":[{"href":"https:\/\/www.carmelitaniscalzi.com\/pt-br\/wp-json\/wp\/v2\/posts\/170123","targetHints":{"allow":["GET"]}}],"collection":[{"href":"https:\/\/www.carmelitaniscalzi.com\/pt-br\/wp-json\/wp\/v2\/posts"}],"about":[{"href":"https:\/\/www.carmelitaniscalzi.com\/pt-br\/wp-json\/wp\/v2\/types\/post"}],"author":[{"embeddable":true,"href":"https:\/\/www.carmelitaniscalzi.com\/pt-br\/wp-json\/wp\/v2\/users\/7"}],"replies":[{"embeddable":true,"href":"https:\/\/www.carmelitaniscalzi.com\/pt-br\/wp-json\/wp\/v2\/comments?post=170123"}],"version-history":[{"count":1,"href":"https:\/\/www.carmelitaniscalzi.com\/pt-br\/wp-json\/wp\/v2\/posts\/170123\/revisions"}],"predecessor-version":[{"id":170124,"href":"https:\/\/www.carmelitaniscalzi.com\/pt-br\/wp-json\/wp\/v2\/posts\/170123\/revisions\/170124"}],"wp:featuredmedia":[{"embeddable":true,"href":"https:\/\/www.carmelitaniscalzi.com\/pt-br\/wp-json\/wp\/v2\/media\/170053"}],"wp:attachment":[{"href":"https:\/\/www.carmelitaniscalzi.com\/pt-br\/wp-json\/wp\/v2\/media?parent=170123"}],"wp:term":[{"taxonomy":"category","embeddable":true,"href":"https:\/\/www.carmelitaniscalzi.com\/pt-br\/wp-json\/wp\/v2\/categories?post=170123"},{"taxonomy":"post_tag","embeddable":true,"href":"https:\/\/www.carmelitaniscalzi.com\/pt-br\/wp-json\/wp\/v2\/tags?post=170123"}],"curies":[{"name":"wp","href":"https:\/\/api.w.org\/{rel}","templated":true}]}}