{"id":144506,"date":"2022-05-17T00:30:32","date_gmt":"2022-05-16T22:30:32","guid":{"rendered":"https:\/\/www.carmelitaniscalzi.com\/?p=144506"},"modified":"2022-05-14T22:41:30","modified_gmt":"2022-05-14T20:41:30","slug":"17-de-abril-de-2022-domingo-da-ressurreicao","status":"publish","type":"post","link":"https:\/\/www.carmelitaniscalzi.com\/pt-br\/2022\/05\/17\/17-de-abril-de-2022-domingo-da-ressurreicao\/","title":{"rendered":"17 de abril de 2022 \u2013 Domingo da Ressurrei\u00e7\u00e3o"},"content":{"rendered":"<p>Em toda a minha vida, nunca esquecerei este domingo da Ressurrei\u00e7\u00e3o. Nunca.<\/p>\n<p>Amanhece a Vida. Ainda mais em um dia como hoje, dia de P\u00e1scoa. Mas essa vida nasceu para n\u00f3s no supl\u00edcio da Cruz e se fez luz no sepulcro vazio.<\/p>\n<p>\u00c0s 08:00h, come\u00e7a a celebra\u00e7\u00e3o da Eucaristia em nossa par\u00f3quia da Exalta\u00e7\u00e3o da Santa Cruz, de Kiev, com uma prociss\u00e3o com o Sant\u00edssimo ao redor da par\u00f3quia. Faz muito frio, mas a pequena igreja est\u00e1 cheia. A prociss\u00e3o \u00e9 toda uma met\u00e1fora da pr\u00f3pria vida. Em meio \u00e0 morte, cantamos a alegria e a confian\u00e7a em sua Ressurrei\u00e7\u00e3o. Na celebra\u00e7\u00e3o h\u00e1 v\u00e1rios soldados e policiais de uniforme, que vivem intensamente o momento.<\/p>\n<p>O Padre Benedict preside e o sacerdote Maciej prega. A organiza\u00e7\u00e3o deste \u2013 PRO SPE \u2013 viaja quase todas as semanas \u00e0 Ucr\u00e2nia para ajuda humanit\u00e1ria. Suas palavras e presen\u00e7a s\u00e3o tamb\u00e9m um dom de comunh\u00e3o eclesial nestes dias.<\/p>\n<p>Ao finalizar a missa, agradecimento muito emocionado das pessoas. Presenteiam-me com um su\u00e9ter que diz \u201cViva a Ucr\u00e2nia\u201d e algumas flores amarelas. Dois leigos da par\u00f3quia me agradecem a valentia de vir como o pastor no meio das ovelhas em perigo e agradecem pela vida dos carmelitas que ficaram para acompanhar e cuidar das pessoas. Dizem-nos que tamb\u00e9m eles necessitam do cuidado e apoio de todos para continuar sustentando e animando os demais. Cantam para mim uma can\u00e7\u00e3o emocionante, que diz: \u201cBendito o que vem em nome do Senhor\u201d. Agrade\u00e7o vivamente seu precioso e simples discurso e expresso o orgulho por meus irm\u00e3os, por sua entrega e por estarem aqui. Nomeio cada um e agrade\u00e7o por suas vidas. Bendigo a vida de todos os presentes. Nunca esquecerei este domingo da Ressurrei\u00e7\u00e3o. Ao terminar, entrego-lhes um presente: uma rel\u00edquia de Santa Teresinha e de seus pais, Z\u00e9lia e Lu\u00eds. E tamb\u00e9m de M\u00edriam de Bel\u00e9m, invocando a b\u00ean\u00e7\u00e3o para todos eles, para suas fam\u00edlias e as fam\u00edlias que sofreram alguma perda importante nestes dias, para que Teresinha ilumine a noite de nossos dias e para que M\u00edriam nos fa\u00e7a viver o Deus da vida na humildade e no nada do sepulcro vazio, na plenitude da miseric\u00f3rdia. Celebram o presente com muita alegria.<\/p>\n<p>Depois da missa, sou aben\u00e7oado com seus abra\u00e7os e seu sorriso. Todos expressam a sauda\u00e7\u00e3o da P\u00e1scoa em ucraniano.<\/p>\n<p>Tomamos o caf\u00e9 da manh\u00e3, que aqui \u00e9 como um almo\u00e7o. De fato, faremos a pr\u00f3xima refei\u00e7\u00e3o por volta das 18:00h.<\/p>\n<p>E tomamos a estrada \u2013 Benedict, Jozef, Maciej, Bogdan (amigo volunt\u00e1rio) e eu \u2013 rumo a lugares muito significativos e chocantes.<\/p>\n<p>Em primeiro lugar, visitamos o semin\u00e1rio maior de Kiev (Worzel), que est\u00e1 em um bosque, no campo, a alguns quil\u00f4metros da cidade. Somos recebidos pelo reitor \u2013 Padre Ruslan, jovem, magro, com batina e agasalho de frio \u2013 e alguns volunt\u00e1rios e pessoas que trabalham com ele na ajuda humanit\u00e1ria \u00e0s fam\u00edlias. O semin\u00e1rio foi saqueado pelos russos, que levaram tudo o que quiseram. No p\u00e1tio do semin\u00e1rio caiu uma bomba de fragmenta\u00e7\u00e3o, cujos efeitos nos horrorizaram. Alguns fragmentos dos estilha\u00e7os entraram pelas janelas e impactaram a Virgem de F\u00e1tima, arrancando-lhe a cabe\u00e7a. Comprovamos o buraco do proj\u00e9til no p\u00e1tio e o seu poder de destrui\u00e7\u00e3o.<\/p>\n<p>Padre Ruslan e outros volunt\u00e1rios nos acompanham durante todo o dia ao lugar seguinte, que \u00e9 o acampamento dos russos, os respons\u00e1veis pelos massacres de Bucha, no bosque. Com cuidado, adentramos em meio \u00e0s \u00e1rvores. Encontramos tudo tal como o deixaram h\u00e1 quinze dias: os esconderijos escavados no solo, as instala\u00e7\u00f5es provis\u00f3rias. Absolutamente tudo nos deixa perplexos e com a alma atravessada por perguntas sem resposta: como o ser humano pode chegar a tanta atrocidade em pleno 2022? N\u00e3o \u00e9 um filme, n\u00e3o \u00e9 uma reportagem em preto e branco do ano de 1942, n\u00e3o \u00e9 uma biografia que fala de Auschwitz. Os russos se foram daqui h\u00e1 quinze dias e, s\u00f3 de pens\u00e1-lo, fico arrepiado. As frutas est\u00e3o nas caixas, a cafeteira, as meias estendidas, as garrafas de vodca vazias, as botas no ch\u00e3o, as caixas russas que cont\u00eam a comida, pastilhas de vitaminas etc. etc. Pisamos esse ch\u00e3o com cuidado, com medo de que tenham deixado alguma mina terestre, mas queremos ver e ser testemunhas para poder contar ao mundo o que vimos. Uma hist\u00f3ria real, n\u00e3o de fic\u00e7\u00e3o cient\u00edfica. A alma encolhida, indignada, perfurada dos p\u00e9s \u00e0 cabe\u00e7a como uma bomba de fragmenta\u00e7\u00e3o. Meu Deus, como \u00e9 poss\u00edvel? Daqui iam aos povoados vizinhos e cometiam atrocidades. Daqui recebiam de seus superiores o encargo de fazer livremente o que quisessem. Falo com Josef, pensando em voz alta: eles tamb\u00e9m devem ter m\u00e3e, irm\u00e3s, av\u00f3s e filhos. Ent\u00e3o, como se pode ferir a vida a tal ponto?&#8230; Ficamos em sil\u00eancio e oramos. Fazemos o caminho do horror pelas ruas de Borodzianka, Bucha e Irpin. N\u00e3o posso descrever com palavras aquilo que vimos. Voc\u00eas v\u00e3o ver algumas fotos. E lhes pe\u00e7o que n\u00e3o deixem de olhar, porque esse filme \u00e9 real e as v\u00edtimas merecem que olhemos, que despertemos e que nossa vida se torne consciente. Tanques destro\u00e7ados, casas queimadas, edif\u00edcios em ru\u00ednas, hospitais esvaziados, um espet\u00e1culo sinistro, demon\u00edaco&#8230; pontes destru\u00eddas, carros revirados. E a sensa\u00e7\u00e3o de estar sendo testemunhas privilegiadas e at\u00f4nitas de que os Hitler e os Stalin, os Mussolini e os Pinochet, os Gadafi n\u00e3o desapareceram do cen\u00e1rio humano, mesmo que nos custe acreditar. Tamb\u00e9m uma massa imensa enfurecida aclamava a Hitler e o saudava como o salvador. Por favor, n\u00e3o suportarei que ningu\u00e9m justifique esse horror com bondades ideol\u00f3gicas de qualquer natureza que sejam.<\/p>\n<p>No centro de Bucha, onde depositaram os cad\u00e1veres de 98 pessoas abatidas a tiros, oramos atordoados no lugar da fossa comum. E da\u00ed mesmo enviamos a toda a Ordem a nossa mensagem de felicita\u00e7\u00e3o pela P\u00e1scoa. Neste sepulcro vazio e real, Jozef, Benedict, tamb\u00e9m Marek \u2013 que ficou na par\u00f3quia \u2013 e eu expressamos a comunh\u00e3o de todo o Carmelo ucraniano com a Ordem.<\/p>\n<p>Junto a uma porta, no ch\u00e3o onde esteve o cad\u00e1ver de um anci\u00e3o, colocaram algumas flores amarelas. Rezamos a Maria e oramos por todos. Cristo venceu a morte. Cristo ressuscitou. N\u00e3o est\u00e3o aqui, j\u00e1 est\u00e3o na casa da vida. Desfrutam da paz de Deus no lar sem fim.<\/p>\n<p>Abra\u00e7o Ruslan, o jovem reitor que t\u00e3o amavelmente nos acompanhou e que esteve em contato com todos os protagonistas e com as fam\u00edlias das v\u00edtimas, e prometemos rezar uns pelos outros. Digo-lhe que o Carmelo orar\u00e1 pelos 25 seminaristas de Kiev e por ele. Um abra\u00e7o muito emocionado.<\/p>\n<p>Tomamos o caminho para a par\u00f3quia de um sacerdote dehoniano, Tadeusz, que permaneceu aqui nos tempos mais dif\u00edceis, em Irpin, uma das cidades massacradas. Mostra-nos sua capela, dedicada a Santa Teresinha. Entregamos-lhe uma lareira para aquecer a par\u00f3quia, que traz\u00edamos conosco o dia todo no furg\u00e3o de Maciej.<\/p>\n<p>Voltamos \u00e0 casa para um programa da r\u00e1dio argentina. E visitamos Ver\u00f4nica e Alexandre, membros do Carmelo Secular de Kiev. Recebem-nos com muito carinho em sua humilde casa, tamb\u00e9m atingida por uma bomba de fragmenta\u00e7\u00e3o. Ver\u00f4nica nos fala com entusiasmo do Carmelo Secular e nos entrega alguns presentes e um livro publicado em ucraniano com textos dos santos do Carmelo, uma das poucas coisas publicadas sobre nossos santos. Eles nos contagiam com seu entusiasmo. Oramos por todo o Carmelo Secular em Kiev e na Ucr\u00e2nia.<\/p>\n<p>Retornamos \u00e0 par\u00f3quia. \u00c9 muito tarde. O toque de recolher \u00e9 \u00e0s 22:00h. Abra\u00e7o muito emocionado de ambas as partes.<\/p>\n<p>Sinto-me muito feliz por v\u00ea-los confortados. Sinto-me muito contente por ter chegado a Kiev e ter me deixado tocar por seu testemunho e sua presen\u00e7a paterna e fraterna com as pessoas simples. S\u00e3o um sacramento vivo da proximidade de Deus para com cada ser humano. Deus os aben\u00e7oe, meus irm\u00e3os. Sinto-me orgulhoso. E me despe\u00e7o desejando-lhes, em polon\u00eas, \u00e2nimo e coragem.<\/p>\n<p>Sa\u00edmos de Kiev com dificuldade. O GPS n\u00e3o sabe de barricadas e ruas interditadas. Conseguimos sair da cidade depois de um tempo. Temos pouca gasolina, s\u00f3 para uns 40 quil\u00f4metros. E nos restam uns 150. Jozef reza ao Esp\u00edrito Santo e diz que isso nunca lhe falha. Passamos por muitos postos de gasolina fechados. J\u00e1 \u00e9 muito tarde. Imagino-me dormindo no carro. Mas, ao passar por um posto de gasolina, vemos uma luz e conseguimos, n\u00e3o 20, mas 30. E o senhor que vende desabafa com Jozef, contando seus sentimentos. Ao final, faz com as m\u00e3os um gesto de ora\u00e7\u00e3o.<\/p>\n<p>Antes de chegar, muitas inspe\u00e7\u00f5es militares. Pedem-nos a documenta\u00e7\u00e3o. Rezamos V\u00e9speras e Completas. Oramos por todas as pessoas que encontramos, suplicamos a Deus a paz e o fim de tanto mal. Nosso caminho nos leva, quase quatro horas depois de sair, a\u00a0 Gwozdawa, uma casa tranquila no campo, na qual os frades celebram diariamente com o povo, uns cem habitantes.<\/p>\n<p>Maksymiliam, o superior, nos recebe. J\u00e1 est\u00e1 muito tarde. J\u00e1 passou das 23:00h. E o dia foi cansativo, impressionante, atordoante.<\/p>\n<p>Cristo Ressuscitado, cura a terra da Ucr\u00e2nia, cura suas feridas. Cura nosso mundo.<\/p>\n<p>&nbsp;<\/p>\n<div class=\"wpmf-gallerys wpmf-gallerys-life \" ><div id=\"gallery-1\"\n data-gutter-width=\"5\"\n  data-wpmfcolumns=\"6\" class=\"wpmf-gallery gallery-link-file gallery_life gallery-masonry gallery-columns-6 gallery-size-thumbnail wpmf-gallery-bottomspace-default wpmf-gallery-clear wpmf-has-border-radius-0 wpmf-gutterwidth-5\"><div class=\"wpmf-gallery-item\n     wpmf-gallery-item-position-0 wpmf-gallery-item-attachment-144273\" data-index=\"0\"><div class=\"wpmf-gallery-icon\"><a class=\" not_video noLightbox\" data-lightbox=\"1\" data-href=\"https:\/\/www.carmelitaniscalzi.com\/wp-content\/uploads\/2022\/05\/17-aprile-1.jpg\" title=\"17 aprile 1\" target=\"_self\" data-index=\"0\"><img decoding=\"async\" class=\"wpmf_img\" alt=\"17 aprile 1\" src=\"https:\/\/www.carmelitaniscalzi.com\/wp-content\/uploads\/2022\/05\/17-aprile-1-150x150.jpg\" data-type=\"wpmfgalleryimg\" data-lazy-src=\"https:\/\/www.carmelitaniscalzi.com\/wp-content\/uploads\/2022\/05\/17-aprile-1-150x150.jpg\"><\/a><\/div><\/div><div class=\"wpmf-gallery-item\n     wpmf-gallery-item-position-1 wpmf-gallery-item-attachment-144279\" data-index=\"1\"><div class=\"wpmf-gallery-icon\"><a class=\" not_video noLightbox\" data-lightbox=\"1\" data-href=\"https:\/\/www.carmelitaniscalzi.com\/wp-content\/uploads\/2022\/05\/17-aprile-2-768x1024.jpg\" title=\"17 aprile 2\" target=\"_self\" data-index=\"1\"><img decoding=\"async\" class=\"wpmf_img\" alt=\"17 aprile 2\" src=\"https:\/\/www.carmelitaniscalzi.com\/wp-content\/uploads\/2022\/05\/17-aprile-2-150x150.jpg\" data-type=\"wpmfgalleryimg\" data-lazy-src=\"https:\/\/www.carmelitaniscalzi.com\/wp-content\/uploads\/2022\/05\/17-aprile-2-150x150.jpg\"><\/a><\/div><\/div><div class=\"wpmf-gallery-item\n     wpmf-gallery-item-position-2 wpmf-gallery-item-attachment-144285\" data-index=\"2\"><div class=\"wpmf-gallery-icon\"><a class=\" not_video noLightbox\" data-lightbox=\"1\" data-href=\"https:\/\/www.carmelitaniscalzi.com\/wp-content\/uploads\/2022\/05\/17-aprile-2b-1024x768.jpg\" title=\"17 aprile 2b\" target=\"_self\" data-index=\"2\"><img decoding=\"async\" class=\"wpmf_img\" alt=\"17 aprile 2b\" src=\"https:\/\/www.carmelitaniscalzi.com\/wp-content\/uploads\/2022\/05\/17-aprile-2b-150x150.jpg\" data-type=\"wpmfgalleryimg\" data-lazy-src=\"https:\/\/www.carmelitaniscalzi.com\/wp-content\/uploads\/2022\/05\/17-aprile-2b-150x150.jpg\"><\/a><\/div><\/div><div class=\"wpmf-gallery-item\n     wpmf-gallery-item-position-3 wpmf-gallery-item-attachment-144291\" data-index=\"3\"><div class=\"wpmf-gallery-icon\"><a class=\" not_video noLightbox\" data-lightbox=\"1\" data-href=\"https:\/\/www.carmelitaniscalzi.com\/wp-content\/uploads\/2022\/05\/17-aprile-3.jpg\" title=\"17 aprile 3\" target=\"_self\" data-index=\"3\"><img decoding=\"async\" class=\"wpmf_img\" alt=\"17 aprile 3\" src=\"https:\/\/www.carmelitaniscalzi.com\/wp-content\/uploads\/2022\/05\/17-aprile-3-150x150.jpg\" data-type=\"wpmfgalleryimg\" data-lazy-src=\"https:\/\/www.carmelitaniscalzi.com\/wp-content\/uploads\/2022\/05\/17-aprile-3-150x150.jpg\"><\/a><\/div><\/div><div class=\"wpmf-gallery-item\n     wpmf-gallery-item-position-4 wpmf-gallery-item-attachment-144297\" data-index=\"4\"><div class=\"wpmf-gallery-icon\"><a class=\" not_video noLightbox\" data-lightbox=\"1\" data-href=\"https:\/\/www.carmelitaniscalzi.com\/wp-content\/uploads\/2022\/05\/17-aprile-4.jpg\" title=\"17 aprile 4\" target=\"_self\" data-index=\"4\"><img decoding=\"async\" class=\"wpmf_img\" alt=\"17 aprile 4\" src=\"https:\/\/www.carmelitaniscalzi.com\/wp-content\/uploads\/2022\/05\/17-aprile-4-150x150.jpg\" data-type=\"wpmfgalleryimg\" data-lazy-src=\"https:\/\/www.carmelitaniscalzi.com\/wp-content\/uploads\/2022\/05\/17-aprile-4-150x150.jpg\"><\/a><\/div><\/div><div class=\"wpmf-gallery-item\n     wpmf-gallery-item-position-5 wpmf-gallery-item-attachment-144303\" data-index=\"5\"><div class=\"wpmf-gallery-icon\"><a class=\" not_video noLightbox\" data-lightbox=\"1\" data-href=\"https:\/\/www.carmelitaniscalzi.com\/wp-content\/uploads\/2022\/05\/17-aprile-6.jpg\" title=\"17 aprile 6\" target=\"_self\" data-index=\"5\"><img decoding=\"async\" class=\"wpmf_img\" alt=\"17 aprile 6\" src=\"https:\/\/www.carmelitaniscalzi.com\/wp-content\/uploads\/2022\/05\/17-aprile-6-150x150.jpg\" data-type=\"wpmfgalleryimg\" data-lazy-src=\"https:\/\/www.carmelitaniscalzi.com\/wp-content\/uploads\/2022\/05\/17-aprile-6-150x150.jpg\"><\/a><\/div><\/div><div class=\"wpmf-gallery-item\n     wpmf-gallery-item-position-6 wpmf-gallery-item-attachment-144309\" data-index=\"6\"><div class=\"wpmf-gallery-icon\"><a class=\" not_video noLightbox\" data-lightbox=\"1\" data-href=\"https:\/\/www.carmelitaniscalzi.com\/wp-content\/uploads\/2022\/05\/17-aprile-7.jpg\" title=\"17 aprile 7\" target=\"_self\" data-index=\"6\"><img decoding=\"async\" class=\"wpmf_img\" alt=\"17 aprile 7\" src=\"https:\/\/www.carmelitaniscalzi.com\/wp-content\/uploads\/2022\/05\/17-aprile-7-150x150.jpg\" data-type=\"wpmfgalleryimg\" data-lazy-src=\"https:\/\/www.carmelitaniscalzi.com\/wp-content\/uploads\/2022\/05\/17-aprile-7-150x150.jpg\"><\/a><\/div><\/div><div class=\"wpmf-gallery-item\n     wpmf-gallery-item-position-7 wpmf-gallery-item-attachment-144315\" data-index=\"7\"><div class=\"wpmf-gallery-icon\"><a class=\" not_video noLightbox\" data-lightbox=\"1\" data-href=\"https:\/\/www.carmelitaniscalzi.com\/wp-content\/uploads\/2022\/05\/17-aprile-9.jpg\" title=\"17 aprile 9\" target=\"_self\" data-index=\"7\"><img decoding=\"async\" class=\"wpmf_img\" alt=\"17 aprile 9\" src=\"https:\/\/www.carmelitaniscalzi.com\/wp-content\/uploads\/2022\/05\/17-aprile-9-150x150.jpg\" data-type=\"wpmfgalleryimg\" data-lazy-src=\"https:\/\/www.carmelitaniscalzi.com\/wp-content\/uploads\/2022\/05\/17-aprile-9-150x150.jpg\"><\/a><\/div><\/div><div class=\"wpmf-gallery-item\n     wpmf-gallery-item-position-8 wpmf-gallery-item-attachment-144321\" data-index=\"8\"><div class=\"wpmf-gallery-icon\"><a class=\" not_video noLightbox\" data-lightbox=\"1\" data-href=\"https:\/\/www.carmelitaniscalzi.com\/wp-content\/uploads\/2022\/05\/17-aprile-10.jpg\" title=\"17 aprile 10\" target=\"_self\" data-index=\"8\"><img decoding=\"async\" class=\"wpmf_img\" alt=\"17 aprile 10\" src=\"https:\/\/www.carmelitaniscalzi.com\/wp-content\/uploads\/2022\/05\/17-aprile-10-150x150.jpg\" data-type=\"wpmfgalleryimg\" data-lazy-src=\"https:\/\/www.carmelitaniscalzi.com\/wp-content\/uploads\/2022\/05\/17-aprile-10-150x150.jpg\"><\/a><\/div><\/div><div class=\"wpmf-gallery-item\n     wpmf-gallery-item-position-9 wpmf-gallery-item-attachment-144327\" data-index=\"9\"><div class=\"wpmf-gallery-icon\"><a class=\" not_video noLightbox\" data-lightbox=\"1\" data-href=\"https:\/\/www.carmelitaniscalzi.com\/wp-content\/uploads\/2022\/05\/17-aprile-11.jpg\" title=\"17 aprile 11\" target=\"_self\" data-index=\"9\"><img decoding=\"async\" class=\"wpmf_img\" alt=\"17 aprile 11\" src=\"https:\/\/www.carmelitaniscalzi.com\/wp-content\/uploads\/2022\/05\/17-aprile-11-150x150.jpg\" data-type=\"wpmfgalleryimg\" data-lazy-src=\"https:\/\/www.carmelitaniscalzi.com\/wp-content\/uploads\/2022\/05\/17-aprile-11-150x150.jpg\"><\/a><\/div><\/div><div class=\"wpmf-gallery-item\n     wpmf-gallery-item-position-10 wpmf-gallery-item-attachment-144333\" data-index=\"10\"><div class=\"wpmf-gallery-icon\"><a class=\" not_video noLightbox\" data-lightbox=\"1\" data-href=\"https:\/\/www.carmelitaniscalzi.com\/wp-content\/uploads\/2022\/05\/17-aprile-12.jpg\" title=\"17 aprile 12\" target=\"_self\" data-index=\"10\"><img decoding=\"async\" class=\"wpmf_img\" alt=\"17 aprile 12\" src=\"https:\/\/www.carmelitaniscalzi.com\/wp-content\/uploads\/2022\/05\/17-aprile-12-150x150.jpg\" data-type=\"wpmfgalleryimg\" data-lazy-src=\"https:\/\/www.carmelitaniscalzi.com\/wp-content\/uploads\/2022\/05\/17-aprile-12-150x150.jpg\"><\/a><\/div><\/div><div class=\"wpmf-gallery-item\n     wpmf-gallery-item-position-11 wpmf-gallery-item-attachment-144339\" data-index=\"11\"><div class=\"wpmf-gallery-icon\"><a class=\" not_video noLightbox\" data-lightbox=\"1\" data-href=\"https:\/\/www.carmelitaniscalzi.com\/wp-content\/uploads\/2022\/05\/17-aprile-13.jpg\" title=\"17 aprile 13\" target=\"_self\" data-index=\"11\"><img decoding=\"async\" class=\"wpmf_img\" alt=\"17 aprile 13\" src=\"https:\/\/www.carmelitaniscalzi.com\/wp-content\/uploads\/2022\/05\/17-aprile-13-150x150.jpg\" data-type=\"wpmfgalleryimg\" data-lazy-src=\"https:\/\/www.carmelitaniscalzi.com\/wp-content\/uploads\/2022\/05\/17-aprile-13-150x150.jpg\"><\/a><\/div><\/div><div class=\"wpmf-gallery-item\n     wpmf-gallery-item-position-12 wpmf-gallery-item-attachment-144345\" data-index=\"12\"><div class=\"wpmf-gallery-icon\"><a class=\" not_video noLightbox\" data-lightbox=\"1\" data-href=\"https:\/\/www.carmelitaniscalzi.com\/wp-content\/uploads\/2022\/05\/17-aprile-15.jpg\" title=\"17 aprile 15\" target=\"_self\" data-index=\"12\"><img decoding=\"async\" class=\"wpmf_img\" alt=\"17 aprile 15\" src=\"https:\/\/www.carmelitaniscalzi.com\/wp-content\/uploads\/2022\/05\/17-aprile-15-150x150.jpg\" data-type=\"wpmfgalleryimg\" data-lazy-src=\"https:\/\/www.carmelitaniscalzi.com\/wp-content\/uploads\/2022\/05\/17-aprile-15-150x150.jpg\"><\/a><\/div><\/div><div class=\"wpmf-gallery-item\n     wpmf-gallery-item-position-13 wpmf-gallery-item-attachment-144351\" data-index=\"13\"><div class=\"wpmf-gallery-icon\"><a class=\" not_video noLightbox\" data-lightbox=\"1\" data-href=\"https:\/\/www.carmelitaniscalzi.com\/wp-content\/uploads\/2022\/05\/17-aprile-17.jpg\" title=\"17 aprile 17\" target=\"_self\" data-index=\"13\"><img decoding=\"async\" class=\"wpmf_img\" alt=\"17 aprile 17\" src=\"https:\/\/www.carmelitaniscalzi.com\/wp-content\/uploads\/2022\/05\/17-aprile-17-150x150.jpg\" data-type=\"wpmfgalleryimg\" data-lazy-src=\"https:\/\/www.carmelitaniscalzi.com\/wp-content\/uploads\/2022\/05\/17-aprile-17-150x150.jpg\"><\/a><\/div><\/div><div class=\"wpmf-gallery-item\n     wpmf-gallery-item-position-14 wpmf-gallery-item-attachment-144357\" data-index=\"14\"><div class=\"wpmf-gallery-icon\"><a class=\" not_video noLightbox\" data-lightbox=\"1\" data-href=\"https:\/\/www.carmelitaniscalzi.com\/wp-content\/uploads\/2022\/05\/17-aprile-19.jpg\" title=\"17 aprile 19\" target=\"_self\" data-index=\"14\"><img decoding=\"async\" class=\"wpmf_img\" alt=\"17 aprile 19\" src=\"https:\/\/www.carmelitaniscalzi.com\/wp-content\/uploads\/2022\/05\/17-aprile-19-150x150.jpg\" data-type=\"wpmfgalleryimg\" data-lazy-src=\"https:\/\/www.carmelitaniscalzi.com\/wp-content\/uploads\/2022\/05\/17-aprile-19-150x150.jpg\"><\/a><\/div><\/div><div class=\"wpmf-gallery-item\n     wpmf-gallery-item-position-15 wpmf-gallery-item-attachment-144363\" data-index=\"15\"><div class=\"wpmf-gallery-icon\"><a class=\" not_video noLightbox\" data-lightbox=\"1\" data-href=\"https:\/\/www.carmelitaniscalzi.com\/wp-content\/uploads\/2022\/05\/17-aprile-20.jpg\" title=\"17 aprile 20\" target=\"_self\" data-index=\"15\"><img decoding=\"async\" class=\"wpmf_img\" alt=\"17 aprile 20\" src=\"https:\/\/www.carmelitaniscalzi.com\/wp-content\/uploads\/2022\/05\/17-aprile-20-150x150.jpg\" data-type=\"wpmfgalleryimg\" data-lazy-src=\"https:\/\/www.carmelitaniscalzi.com\/wp-content\/uploads\/2022\/05\/17-aprile-20-150x150.jpg\"><\/a><\/div><\/div><div class=\"wpmf-gallery-item\n     wpmf-gallery-item-position-16 wpmf-gallery-item-attachment-144369\" data-index=\"16\"><div class=\"wpmf-gallery-icon\"><a class=\" not_video noLightbox\" data-lightbox=\"1\" data-href=\"https:\/\/www.carmelitaniscalzi.com\/wp-content\/uploads\/2022\/05\/17-aprile-21-1024x768.jpg\" title=\"17 aprile 21\" target=\"_self\" data-index=\"16\"><img decoding=\"async\" class=\"wpmf_img\" alt=\"17 aprile 21\" src=\"https:\/\/www.carmelitaniscalzi.com\/wp-content\/uploads\/2022\/05\/17-aprile-21-150x150.jpg\" data-type=\"wpmfgalleryimg\" data-lazy-src=\"https:\/\/www.carmelitaniscalzi.com\/wp-content\/uploads\/2022\/05\/17-aprile-21-150x150.jpg\"><\/a><\/div><\/div><\/div><\/div>\n\n","protected":false},"excerpt":{"rendered":"<p>Em toda a minha vida, nunca esquecerei este domingo da Ressurrei\u00e7\u00e3o. Nunca. Amanhece a Vida. Ainda mais em um dia como hoje, dia de P\u00e1scoa. Mas essa vida nasceu para n\u00f3s no supl\u00edcio da Cruz e se fez luz no sepulcro vazio. \u00c0s 08:00h, come\u00e7a a celebra\u00e7\u00e3o da Eucaristia em nossa par\u00f3quia da Exalta\u00e7\u00e3o da [&hellip;]<\/p>\n","protected":false},"author":7,"featured_media":144375,"comment_status":"closed","ping_status":"open","sticky":false,"template":"","format":"standard","meta":{"_acf_changed":false,"footnotes":""},"categories":[235,239,264,373],"tags":[],"class_list":["post-144506","post","type-post","status-publish","format-standard","has-post-thumbnail","hentry","category-noticias-frades","category-noticias-preposito-geral","category-noticias-ocds-pt-br","category-noticias"],"acf":[],"yoast_head":"<!-- This site is optimized with the Yoast SEO plugin v26.3 - https:\/\/yoast.com\/wordpress\/plugins\/seo\/ -->\n<title>17 de abril de 2022 \u2013 Domingo da Ressurrei\u00e7\u00e3o - CARMELITAS DESCAL\u00c7OS<\/title>\n<meta name=\"robots\" content=\"index, follow, max-snippet:-1, max-image-preview:large, max-video-preview:-1\" \/>\n<link rel=\"canonical\" href=\"https:\/\/www.carmelitaniscalzi.com\/pt-br\/2022\/05\/17\/17-de-abril-de-2022-domingo-da-ressurreicao\/\" \/>\n<meta property=\"og:locale\" content=\"pt_BR\" \/>\n<meta property=\"og:type\" content=\"article\" \/>\n<meta property=\"og:title\" content=\"17 de abril de 2022 \u2013 Domingo da Ressurrei\u00e7\u00e3o - CARMELITAS DESCAL\u00c7OS\" \/>\n<meta property=\"og:description\" content=\"Em toda a minha vida, nunca esquecerei este domingo da Ressurrei\u00e7\u00e3o. Nunca. Amanhece a Vida. Ainda mais em um dia como hoje, dia de P\u00e1scoa. Mas essa vida nasceu para n\u00f3s no supl\u00edcio da Cruz e se fez luz no sepulcro vazio. \u00c0s 08:00h, come\u00e7a a celebra\u00e7\u00e3o da Eucaristia em nossa par\u00f3quia da Exalta\u00e7\u00e3o da [&hellip;]\" \/>\n<meta property=\"og:url\" content=\"https:\/\/www.carmelitaniscalzi.com\/pt-br\/2022\/05\/17\/17-de-abril-de-2022-domingo-da-ressurreicao\/\" \/>\n<meta property=\"og:site_name\" content=\"CARMELITAS DESCAL\u00c7OS\" \/>\n<meta property=\"article:publisher\" content=\"https:\/\/www.facebook.com\/Curia-Generalizia-Carmelitani-Scalzi-658766940887784\/\" \/>\n<meta property=\"article:published_time\" content=\"2022-05-16T22:30:32+00:00\" \/>\n<meta property=\"og:image\" content=\"https:\/\/www.carmelitaniscalzi.com\/wp-content\/uploads\/2022\/05\/cover_ucraina_17.jpg\" \/>\n\t<meta property=\"og:image:width\" content=\"1200\" \/>\n\t<meta property=\"og:image:height\" content=\"800\" \/>\n\t<meta property=\"og:image:type\" content=\"image\/jpeg\" \/>\n<meta name=\"author\" content=\"ocd web master\" \/>\n<meta name=\"twitter:card\" content=\"summary_large_image\" \/>\n<meta name=\"twitter:creator\" content=\"@ocdcuria\" \/>\n<meta name=\"twitter:site\" content=\"@ocdcuria\" \/>\n<meta name=\"twitter:label1\" content=\"Escrito por\" \/>\n\t<meta name=\"twitter:data1\" content=\"ocd web master\" \/>\n\t<meta name=\"twitter:label2\" content=\"Est. tempo de leitura\" \/>\n\t<meta name=\"twitter:data2\" content=\"8 minutos\" \/>\n<script type=\"application\/ld+json\" class=\"yoast-schema-graph\">{\"@context\":\"https:\/\/schema.org\",\"@graph\":[{\"@type\":\"Article\",\"@id\":\"https:\/\/www.carmelitaniscalzi.com\/pt-br\/2022\/05\/17\/17-de-abril-de-2022-domingo-da-ressurreicao\/#article\",\"isPartOf\":{\"@id\":\"https:\/\/www.carmelitaniscalzi.com\/pt-br\/2022\/05\/17\/17-de-abril-de-2022-domingo-da-ressurreicao\/\"},\"author\":{\"name\":\"ocd web master\",\"@id\":\"https:\/\/www.carmelitaniscalzi.com\/#\/schema\/person\/6d1c0d9bea7b6625c437246a5d6da409\"},\"headline\":\"17 de abril de 2022 \u2013 Domingo da Ressurrei\u00e7\u00e3o\",\"datePublished\":\"2022-05-16T22:30:32+00:00\",\"mainEntityOfPage\":{\"@id\":\"https:\/\/www.carmelitaniscalzi.com\/pt-br\/2022\/05\/17\/17-de-abril-de-2022-domingo-da-ressurreicao\/\"},\"wordCount\":1636,\"publisher\":{\"@id\":\"https:\/\/www.carmelitaniscalzi.com\/#organization\"},\"image\":{\"@id\":\"https:\/\/www.carmelitaniscalzi.com\/pt-br\/2022\/05\/17\/17-de-abril-de-2022-domingo-da-ressurreicao\/#primaryimage\"},\"thumbnailUrl\":\"https:\/\/www.carmelitaniscalzi.com\/wp-content\/uploads\/2022\/05\/cover_ucraina_17.jpg\",\"articleSection\":[\"Not\u00edcias Frades\",\"Not\u00edcias Prep\u00f3sito Geral\",\"Not\u00edcias OCDS\",\"Not\u00edcias\"],\"inLanguage\":\"pt-BR\"},{\"@type\":\"WebPage\",\"@id\":\"https:\/\/www.carmelitaniscalzi.com\/pt-br\/2022\/05\/17\/17-de-abril-de-2022-domingo-da-ressurreicao\/\",\"url\":\"https:\/\/www.carmelitaniscalzi.com\/pt-br\/2022\/05\/17\/17-de-abril-de-2022-domingo-da-ressurreicao\/\",\"name\":\"17 de abril de 2022 \u2013 Domingo da Ressurrei\u00e7\u00e3o - CARMELITAS DESCAL\u00c7OS\",\"isPartOf\":{\"@id\":\"https:\/\/www.carmelitaniscalzi.com\/#website\"},\"primaryImageOfPage\":{\"@id\":\"https:\/\/www.carmelitaniscalzi.com\/pt-br\/2022\/05\/17\/17-de-abril-de-2022-domingo-da-ressurreicao\/#primaryimage\"},\"image\":{\"@id\":\"https:\/\/www.carmelitaniscalzi.com\/pt-br\/2022\/05\/17\/17-de-abril-de-2022-domingo-da-ressurreicao\/#primaryimage\"},\"thumbnailUrl\":\"https:\/\/www.carmelitaniscalzi.com\/wp-content\/uploads\/2022\/05\/cover_ucraina_17.jpg\",\"datePublished\":\"2022-05-16T22:30:32+00:00\",\"breadcrumb\":{\"@id\":\"https:\/\/www.carmelitaniscalzi.com\/pt-br\/2022\/05\/17\/17-de-abril-de-2022-domingo-da-ressurreicao\/#breadcrumb\"},\"inLanguage\":\"pt-BR\",\"potentialAction\":[{\"@type\":\"ReadAction\",\"target\":[\"https:\/\/www.carmelitaniscalzi.com\/pt-br\/2022\/05\/17\/17-de-abril-de-2022-domingo-da-ressurreicao\/\"]}]},{\"@type\":\"ImageObject\",\"inLanguage\":\"pt-BR\",\"@id\":\"https:\/\/www.carmelitaniscalzi.com\/pt-br\/2022\/05\/17\/17-de-abril-de-2022-domingo-da-ressurreicao\/#primaryimage\",\"url\":\"https:\/\/www.carmelitaniscalzi.com\/wp-content\/uploads\/2022\/05\/cover_ucraina_17.jpg\",\"contentUrl\":\"https:\/\/www.carmelitaniscalzi.com\/wp-content\/uploads\/2022\/05\/cover_ucraina_17.jpg\",\"width\":1200,\"height\":800},{\"@type\":\"BreadcrumbList\",\"@id\":\"https:\/\/www.carmelitaniscalzi.com\/pt-br\/2022\/05\/17\/17-de-abril-de-2022-domingo-da-ressurreicao\/#breadcrumb\",\"itemListElement\":[{\"@type\":\"ListItem\",\"position\":1,\"name\":\"Home\",\"item\":\"https:\/\/www.carmelitaniscalzi.com\/pt-br\/\"},{\"@type\":\"ListItem\",\"position\":2,\"name\":\"17 de abril de 2022 \u2013 Domingo da Ressurrei\u00e7\u00e3o\"}]},{\"@type\":\"WebSite\",\"@id\":\"https:\/\/www.carmelitaniscalzi.com\/#website\",\"url\":\"https:\/\/www.carmelitaniscalzi.com\/\",\"name\":\"CARMELITANI SCALZI - Curia Generale del Carmelo Teresiano\",\"description\":\"C\u00faria General\u00edcia do Carmelo Teresiano\",\"publisher\":{\"@id\":\"https:\/\/www.carmelitaniscalzi.com\/#organization\"},\"alternateName\":\"CARMELITANI SCALZI\",\"potentialAction\":[{\"@type\":\"SearchAction\",\"target\":{\"@type\":\"EntryPoint\",\"urlTemplate\":\"https:\/\/www.carmelitaniscalzi.com\/?s={search_term_string}\"},\"query-input\":{\"@type\":\"PropertyValueSpecification\",\"valueRequired\":true,\"valueName\":\"search_term_string\"}}],\"inLanguage\":\"pt-BR\"},{\"@type\":\"Organization\",\"@id\":\"https:\/\/www.carmelitaniscalzi.com\/#organization\",\"name\":\"CARMELITANI SCALZI - Curia Generale del Carmelo Teresiano\",\"url\":\"https:\/\/www.carmelitaniscalzi.com\/\",\"logo\":{\"@type\":\"ImageObject\",\"inLanguage\":\"pt-BR\",\"@id\":\"https:\/\/www.carmelitaniscalzi.com\/#\/schema\/logo\/image\/\",\"url\":\"https:\/\/www.carmelitaniscalzi.com\/wp-content\/uploads\/2025\/11\/login-logo.png\",\"contentUrl\":\"https:\/\/www.carmelitaniscalzi.com\/wp-content\/uploads\/2025\/11\/login-logo.png\",\"width\":256,\"height\":256,\"caption\":\"CARMELITANI SCALZI - Curia Generale del Carmelo Teresiano\"},\"image\":{\"@id\":\"https:\/\/www.carmelitaniscalzi.com\/#\/schema\/logo\/image\/\"},\"sameAs\":[\"https:\/\/www.facebook.com\/Curia-Generalizia-Carmelitani-Scalzi-658766940887784\/\",\"https:\/\/x.com\/ocdcuria\",\"https:\/\/www.youtube.com\/channel\/UC2J5ZL0ycOY0qBSTCLX_NGQ\/videos\",\"https:\/\/www.instagram.com\/ocdinform\/\"]},{\"@type\":\"Person\",\"@id\":\"https:\/\/www.carmelitaniscalzi.com\/#\/schema\/person\/6d1c0d9bea7b6625c437246a5d6da409\",\"name\":\"ocd web master\",\"image\":{\"@type\":\"ImageObject\",\"inLanguage\":\"pt-BR\",\"@id\":\"https:\/\/www.carmelitaniscalzi.com\/#\/schema\/person\/image\/\",\"url\":\"https:\/\/secure.gravatar.com\/avatar\/41fbc5f82bad909fbaf2984c43fa50d8519ac5853e25b454d022b6868f80d0e7?s=96&d=mm&r=g\",\"contentUrl\":\"https:\/\/secure.gravatar.com\/avatar\/41fbc5f82bad909fbaf2984c43fa50d8519ac5853e25b454d022b6868f80d0e7?s=96&d=mm&r=g\",\"caption\":\"ocd web master\"},\"url\":\"https:\/\/www.carmelitaniscalzi.com\/pt-br\/author\/ocdwebmaster\/\"}]}<\/script>\n<!-- \/ Yoast SEO plugin. -->","yoast_head_json":{"title":"17 de abril de 2022 \u2013 Domingo da Ressurrei\u00e7\u00e3o - CARMELITAS DESCAL\u00c7OS","robots":{"index":"index","follow":"follow","max-snippet":"max-snippet:-1","max-image-preview":"max-image-preview:large","max-video-preview":"max-video-preview:-1"},"canonical":"https:\/\/www.carmelitaniscalzi.com\/pt-br\/2022\/05\/17\/17-de-abril-de-2022-domingo-da-ressurreicao\/","og_locale":"pt_BR","og_type":"article","og_title":"17 de abril de 2022 \u2013 Domingo da Ressurrei\u00e7\u00e3o - CARMELITAS DESCAL\u00c7OS","og_description":"Em toda a minha vida, nunca esquecerei este domingo da Ressurrei\u00e7\u00e3o. Nunca. Amanhece a Vida. Ainda mais em um dia como hoje, dia de P\u00e1scoa. Mas essa vida nasceu para n\u00f3s no supl\u00edcio da Cruz e se fez luz no sepulcro vazio. \u00c0s 08:00h, come\u00e7a a celebra\u00e7\u00e3o da Eucaristia em nossa par\u00f3quia da Exalta\u00e7\u00e3o da [&hellip;]","og_url":"https:\/\/www.carmelitaniscalzi.com\/pt-br\/2022\/05\/17\/17-de-abril-de-2022-domingo-da-ressurreicao\/","og_site_name":"CARMELITAS DESCAL\u00c7OS","article_publisher":"https:\/\/www.facebook.com\/Curia-Generalizia-Carmelitani-Scalzi-658766940887784\/","article_published_time":"2022-05-16T22:30:32+00:00","og_image":[{"width":1200,"height":800,"url":"https:\/\/www.carmelitaniscalzi.com\/wp-content\/uploads\/2022\/05\/cover_ucraina_17.jpg","type":"image\/jpeg"}],"author":"ocd web master","twitter_card":"summary_large_image","twitter_creator":"@ocdcuria","twitter_site":"@ocdcuria","twitter_misc":{"Escrito por":"ocd web master","Est. tempo de leitura":"8 minutos"},"schema":{"@context":"https:\/\/schema.org","@graph":[{"@type":"Article","@id":"https:\/\/www.carmelitaniscalzi.com\/pt-br\/2022\/05\/17\/17-de-abril-de-2022-domingo-da-ressurreicao\/#article","isPartOf":{"@id":"https:\/\/www.carmelitaniscalzi.com\/pt-br\/2022\/05\/17\/17-de-abril-de-2022-domingo-da-ressurreicao\/"},"author":{"name":"ocd web master","@id":"https:\/\/www.carmelitaniscalzi.com\/#\/schema\/person\/6d1c0d9bea7b6625c437246a5d6da409"},"headline":"17 de abril de 2022 \u2013 Domingo da Ressurrei\u00e7\u00e3o","datePublished":"2022-05-16T22:30:32+00:00","mainEntityOfPage":{"@id":"https:\/\/www.carmelitaniscalzi.com\/pt-br\/2022\/05\/17\/17-de-abril-de-2022-domingo-da-ressurreicao\/"},"wordCount":1636,"publisher":{"@id":"https:\/\/www.carmelitaniscalzi.com\/#organization"},"image":{"@id":"https:\/\/www.carmelitaniscalzi.com\/pt-br\/2022\/05\/17\/17-de-abril-de-2022-domingo-da-ressurreicao\/#primaryimage"},"thumbnailUrl":"https:\/\/www.carmelitaniscalzi.com\/wp-content\/uploads\/2022\/05\/cover_ucraina_17.jpg","articleSection":["Not\u00edcias Frades","Not\u00edcias Prep\u00f3sito Geral","Not\u00edcias OCDS","Not\u00edcias"],"inLanguage":"pt-BR"},{"@type":"WebPage","@id":"https:\/\/www.carmelitaniscalzi.com\/pt-br\/2022\/05\/17\/17-de-abril-de-2022-domingo-da-ressurreicao\/","url":"https:\/\/www.carmelitaniscalzi.com\/pt-br\/2022\/05\/17\/17-de-abril-de-2022-domingo-da-ressurreicao\/","name":"17 de abril de 2022 \u2013 Domingo da Ressurrei\u00e7\u00e3o - CARMELITAS DESCAL\u00c7OS","isPartOf":{"@id":"https:\/\/www.carmelitaniscalzi.com\/#website"},"primaryImageOfPage":{"@id":"https:\/\/www.carmelitaniscalzi.com\/pt-br\/2022\/05\/17\/17-de-abril-de-2022-domingo-da-ressurreicao\/#primaryimage"},"image":{"@id":"https:\/\/www.carmelitaniscalzi.com\/pt-br\/2022\/05\/17\/17-de-abril-de-2022-domingo-da-ressurreicao\/#primaryimage"},"thumbnailUrl":"https:\/\/www.carmelitaniscalzi.com\/wp-content\/uploads\/2022\/05\/cover_ucraina_17.jpg","datePublished":"2022-05-16T22:30:32+00:00","breadcrumb":{"@id":"https:\/\/www.carmelitaniscalzi.com\/pt-br\/2022\/05\/17\/17-de-abril-de-2022-domingo-da-ressurreicao\/#breadcrumb"},"inLanguage":"pt-BR","potentialAction":[{"@type":"ReadAction","target":["https:\/\/www.carmelitaniscalzi.com\/pt-br\/2022\/05\/17\/17-de-abril-de-2022-domingo-da-ressurreicao\/"]}]},{"@type":"ImageObject","inLanguage":"pt-BR","@id":"https:\/\/www.carmelitaniscalzi.com\/pt-br\/2022\/05\/17\/17-de-abril-de-2022-domingo-da-ressurreicao\/#primaryimage","url":"https:\/\/www.carmelitaniscalzi.com\/wp-content\/uploads\/2022\/05\/cover_ucraina_17.jpg","contentUrl":"https:\/\/www.carmelitaniscalzi.com\/wp-content\/uploads\/2022\/05\/cover_ucraina_17.jpg","width":1200,"height":800},{"@type":"BreadcrumbList","@id":"https:\/\/www.carmelitaniscalzi.com\/pt-br\/2022\/05\/17\/17-de-abril-de-2022-domingo-da-ressurreicao\/#breadcrumb","itemListElement":[{"@type":"ListItem","position":1,"name":"Home","item":"https:\/\/www.carmelitaniscalzi.com\/pt-br\/"},{"@type":"ListItem","position":2,"name":"17 de abril de 2022 \u2013 Domingo da Ressurrei\u00e7\u00e3o"}]},{"@type":"WebSite","@id":"https:\/\/www.carmelitaniscalzi.com\/#website","url":"https:\/\/www.carmelitaniscalzi.com\/","name":"CARMELITANI SCALZI - Curia Generale del Carmelo Teresiano","description":"C\u00faria General\u00edcia do Carmelo Teresiano","publisher":{"@id":"https:\/\/www.carmelitaniscalzi.com\/#organization"},"alternateName":"CARMELITANI SCALZI","potentialAction":[{"@type":"SearchAction","target":{"@type":"EntryPoint","urlTemplate":"https:\/\/www.carmelitaniscalzi.com\/?s={search_term_string}"},"query-input":{"@type":"PropertyValueSpecification","valueRequired":true,"valueName":"search_term_string"}}],"inLanguage":"pt-BR"},{"@type":"Organization","@id":"https:\/\/www.carmelitaniscalzi.com\/#organization","name":"CARMELITANI SCALZI - Curia Generale del Carmelo Teresiano","url":"https:\/\/www.carmelitaniscalzi.com\/","logo":{"@type":"ImageObject","inLanguage":"pt-BR","@id":"https:\/\/www.carmelitaniscalzi.com\/#\/schema\/logo\/image\/","url":"https:\/\/www.carmelitaniscalzi.com\/wp-content\/uploads\/2025\/11\/login-logo.png","contentUrl":"https:\/\/www.carmelitaniscalzi.com\/wp-content\/uploads\/2025\/11\/login-logo.png","width":256,"height":256,"caption":"CARMELITANI SCALZI - Curia Generale del Carmelo Teresiano"},"image":{"@id":"https:\/\/www.carmelitaniscalzi.com\/#\/schema\/logo\/image\/"},"sameAs":["https:\/\/www.facebook.com\/Curia-Generalizia-Carmelitani-Scalzi-658766940887784\/","https:\/\/x.com\/ocdcuria","https:\/\/www.youtube.com\/channel\/UC2J5ZL0ycOY0qBSTCLX_NGQ\/videos","https:\/\/www.instagram.com\/ocdinform\/"]},{"@type":"Person","@id":"https:\/\/www.carmelitaniscalzi.com\/#\/schema\/person\/6d1c0d9bea7b6625c437246a5d6da409","name":"ocd web master","image":{"@type":"ImageObject","inLanguage":"pt-BR","@id":"https:\/\/www.carmelitaniscalzi.com\/#\/schema\/person\/image\/","url":"https:\/\/secure.gravatar.com\/avatar\/41fbc5f82bad909fbaf2984c43fa50d8519ac5853e25b454d022b6868f80d0e7?s=96&d=mm&r=g","contentUrl":"https:\/\/secure.gravatar.com\/avatar\/41fbc5f82bad909fbaf2984c43fa50d8519ac5853e25b454d022b6868f80d0e7?s=96&d=mm&r=g","caption":"ocd web master"},"url":"https:\/\/www.carmelitaniscalzi.com\/pt-br\/author\/ocdwebmaster\/"}]}},"_links":{"self":[{"href":"https:\/\/www.carmelitaniscalzi.com\/pt-br\/wp-json\/wp\/v2\/posts\/144506","targetHints":{"allow":["GET"]}}],"collection":[{"href":"https:\/\/www.carmelitaniscalzi.com\/pt-br\/wp-json\/wp\/v2\/posts"}],"about":[{"href":"https:\/\/www.carmelitaniscalzi.com\/pt-br\/wp-json\/wp\/v2\/types\/post"}],"author":[{"embeddable":true,"href":"https:\/\/www.carmelitaniscalzi.com\/pt-br\/wp-json\/wp\/v2\/users\/7"}],"replies":[{"embeddable":true,"href":"https:\/\/www.carmelitaniscalzi.com\/pt-br\/wp-json\/wp\/v2\/comments?post=144506"}],"version-history":[{"count":1,"href":"https:\/\/www.carmelitaniscalzi.com\/pt-br\/wp-json\/wp\/v2\/posts\/144506\/revisions"}],"predecessor-version":[{"id":144507,"href":"https:\/\/www.carmelitaniscalzi.com\/pt-br\/wp-json\/wp\/v2\/posts\/144506\/revisions\/144507"}],"wp:featuredmedia":[{"embeddable":true,"href":"https:\/\/www.carmelitaniscalzi.com\/pt-br\/wp-json\/wp\/v2\/media\/144375"}],"wp:attachment":[{"href":"https:\/\/www.carmelitaniscalzi.com\/pt-br\/wp-json\/wp\/v2\/media?parent=144506"}],"wp:term":[{"taxonomy":"category","embeddable":true,"href":"https:\/\/www.carmelitaniscalzi.com\/pt-br\/wp-json\/wp\/v2\/categories?post=144506"},{"taxonomy":"post_tag","embeddable":true,"href":"https:\/\/www.carmelitaniscalzi.com\/pt-br\/wp-json\/wp\/v2\/tags?post=144506"}],"curies":[{"name":"wp","href":"https:\/\/api.w.org\/{rel}","templated":true}]}}