{"id":14299,"date":"2017-05-14T21:42:56","date_gmt":"2017-05-14T19:42:56","guid":{"rendered":"https:\/\/www.carmelitaniscalzi.com\/pt-br\/?p=14299"},"modified":"2017-05-14T22:22:15","modified_gmt":"2017-05-14T20:22:15","slug":"pascoa-de-monsenhor-amancio-escapa-ocd","status":"publish","type":"post","link":"https:\/\/www.carmelitaniscalzi.com\/pt-br\/2017\/05\/14\/pascoa-de-monsenhor-amancio-escapa-ocd\/","title":{"rendered":"P\u00e1scoa de Monsenhor Am\u00e2ncio Escapa, ocd"},"content":{"rendered":"<p>No pasado 5 de maio faleceu em Santo Domingo, Rep\u00fablica Dominicana, Monsenhor Am\u00e2ncio Escapa Apar\u00edcio, bispo auxiliar em\u00e9rito da Arquidiocese de Santo Domingo, com o t\u00edtulo de Cene.<\/p>\n<p>Monsenhor Am\u00e2ncio tinha nascido em Cistierna, Le\u00f3n, Espanha, a 30 de mar\u00e7o de 1938 e fez a sua profiss\u00e3o como carmelita descal\u00e7o em Seg\u00f3via, na antiga Prov\u00edncia de Castela, a 2 de agosto de 1954, junto com o seu irm\u00e3o g\u00e9meo, Jos\u00e9 Maria, falecido tamb\u00e9m h\u00e1 alguns anos. Tomaram os nomes religiosos de Am\u00e2ncio de Maria e Amando de Jesus, respectivamente.<\/p>\n<p>Foi ordenado sacerdote\u00a0a 22 de abril de 1962.\u00a0A 31 de maio de 1996 foi\u00a0nomeado bispo titular de Cene e auxiliar do Arcebispo de Santo\u00a0Domingo\u00a0e Vig\u00e1rio Geral da Arquidiocese, sendo consagrado a 6 de julho de 1996.<\/p>\n<p>Nunca se desvinculou da Ordem apesar da sua nomea\u00e7\u00e3o episcopal e fixou a sua resid\u00eancia, de acordo com os superiores, na comunidade de S\u00e3o Judas Tadeu da capital.<\/p>\n<p>Ordenou di\u00e1conos e sacerdotes a numerosos Carmelitas do Comissariado do Caribe e, nas suas visitas a Espanha participava ativamente em celebra\u00e7\u00f5es solenes nas nossas igrejas, como a festa do Carmo e outras.<\/p>\n<p>Desde 1965 residia em Santo\u00a0Domingo\u00a0(Rep\u00fablica Dominicana) na comunidade do \u00a0Col\u00e9gio S\u00e3o Judas Tadeu. Ali foi Superior e p\u00e1roco v\u00e1rias vezes e teve tamb\u00e9m muitos encargos pastorais na arquidiocese at\u00e9 que foi nomeado Vig\u00e1rio Geral a 17 de dezembro de 1982. Not\u00e1vel foi a sua assist\u00eancia como conselheiro durante anos aos \u201cCursos de Cristandade\u201d.<\/p>\n<p>Faleceu aos 79 anos, em consequ\u00eancia de um grave cancro de pulm\u00e3o.<\/p>\n<p>Pelo seu eterno descanso celebraram-se missas na Catedral, na sede do movimento \u201cCursos de Cristandade\u201d e na par\u00f3quia de S\u00e3o Judas Tadeu, dos Carmelitas Descal\u00e7os. Foi sepultado no cemit\u00e9rio \u201cPorta do C\u00e9u\u201d, da capital dominicana, junto ao seu irm\u00e3o.<\/p>\n<p>Que descanse em paz e demos gra\u00e7as a Deus pelo intenso e frut\u00edfero minist\u00e9rio de Monsenhor Am\u00e2ncio.<\/p>\n<p><a href=\"https:\/\/www.carmelitaniscalzi.com\/wp-content\/uploads\/2017\/05\/02-2.jpg\"><img loading=\"lazy\" decoding=\"async\" class=\"alignnone size-medium wp-image-14290\" src=\"https:\/\/www.carmelitaniscalzi.com\/wp-content\/uploads\/2017\/05\/02-2-300x225.jpg\" alt=\"\" width=\"300\" height=\"225\" srcset=\"https:\/\/www.carmelitaniscalzi.com\/wp-content\/uploads\/2017\/05\/02-2-300x225.jpg 300w, https:\/\/www.carmelitaniscalzi.com\/wp-content\/uploads\/2017\/05\/02-2-768x576.jpg 768w, https:\/\/www.carmelitaniscalzi.com\/wp-content\/uploads\/2017\/05\/02-2-73x55.jpg 73w, https:\/\/www.carmelitaniscalzi.com\/wp-content\/uploads\/2017\/05\/02-2-800x600.jpg 800w, https:\/\/www.carmelitaniscalzi.com\/wp-content\/uploads\/2017\/05\/02-2-580x435.jpg 580w, https:\/\/www.carmelitaniscalzi.com\/wp-content\/uploads\/2017\/05\/02-2.jpg 960w\" sizes=\"auto, (max-width: 300px) 100vw, 300px\" \/><\/a> <a href=\"https:\/\/www.carmelitaniscalzi.com\/wp-content\/uploads\/2017\/05\/01-1.jpg\"><img loading=\"lazy\" decoding=\"async\" class=\"alignnone size-medium wp-image-14289\" src=\"https:\/\/www.carmelitaniscalzi.com\/wp-content\/uploads\/2017\/05\/01-1-300x225.jpg\" alt=\"\" width=\"300\" height=\"225\" srcset=\"https:\/\/www.carmelitaniscalzi.com\/wp-content\/uploads\/2017\/05\/01-1-300x225.jpg 300w, https:\/\/www.carmelitaniscalzi.com\/wp-content\/uploads\/2017\/05\/01-1-768x576.jpg 768w, https:\/\/www.carmelitaniscalzi.com\/wp-content\/uploads\/2017\/05\/01-1-73x55.jpg 73w, https:\/\/www.carmelitaniscalzi.com\/wp-content\/uploads\/2017\/05\/01-1-800x600.jpg 800w, https:\/\/www.carmelitaniscalzi.com\/wp-content\/uploads\/2017\/05\/01-1-580x435.jpg 580w, https:\/\/www.carmelitaniscalzi.com\/wp-content\/uploads\/2017\/05\/01-1.jpg 960w\" sizes=\"auto, (max-width: 300px) 100vw, 300px\" \/><\/a><\/p>\n","protected":false},"excerpt":{"rendered":"<p>No pasado 5 de maio faleceu em Santo Domingo, Rep\u00fablica Dominicana, Monsenhor Am\u00e2ncio Escapa Apar\u00edcio, bispo auxiliar em\u00e9rito da Arquidiocese de Santo Domingo, com o t\u00edtulo de Cene. Monsenhor Am\u00e2ncio tinha nascido em Cistierna, Le\u00f3n, Espanha, a 30 de mar\u00e7o de 1938 e fez a sua profiss\u00e3o como carmelita descal\u00e7o em Seg\u00f3via, na antiga Prov\u00edncia [&hellip;]<\/p>\n","protected":false},"author":7,"featured_media":14325,"comment_status":"closed","ping_status":"closed","sticky":false,"template":"","format":"standard","meta":{"_acf_changed":false,"footnotes":""},"categories":[373,235],"tags":[],"class_list":["post-14299","post","type-post","status-publish","format-standard","has-post-thumbnail","hentry","category-noticias","category-noticias-frades"],"acf":[],"yoast_head":"<!-- This site is optimized with the Yoast SEO plugin v26.3 - https:\/\/yoast.com\/wordpress\/plugins\/seo\/ -->\n<title>P\u00e1scoa de Monsenhor Am\u00e2ncio Escapa, ocd - CARMELITAS DESCAL\u00c7OS<\/title>\n<meta name=\"robots\" content=\"index, follow, max-snippet:-1, max-image-preview:large, max-video-preview:-1\" \/>\n<link rel=\"canonical\" href=\"https:\/\/www.carmelitaniscalzi.com\/pt-br\/2017\/05\/14\/pascoa-de-monsenhor-amancio-escapa-ocd\/\" \/>\n<meta property=\"og:locale\" content=\"pt_BR\" \/>\n<meta property=\"og:type\" content=\"article\" \/>\n<meta property=\"og:title\" content=\"P\u00e1scoa de Monsenhor Am\u00e2ncio Escapa, ocd - CARMELITAS DESCAL\u00c7OS\" \/>\n<meta property=\"og:description\" content=\"No pasado 5 de maio faleceu em Santo Domingo, Rep\u00fablica Dominicana, Monsenhor Am\u00e2ncio Escapa Apar\u00edcio, bispo auxiliar em\u00e9rito da Arquidiocese de Santo Domingo, com o t\u00edtulo de Cene. Monsenhor Am\u00e2ncio tinha nascido em Cistierna, Le\u00f3n, Espanha, a 30 de mar\u00e7o de 1938 e fez a sua profiss\u00e3o como carmelita descal\u00e7o em Seg\u00f3via, na antiga Prov\u00edncia [&hellip;]\" \/>\n<meta property=\"og:url\" content=\"https:\/\/www.carmelitaniscalzi.com\/pt-br\/2017\/05\/14\/pascoa-de-monsenhor-amancio-escapa-ocd\/\" \/>\n<meta property=\"og:site_name\" content=\"CARMELITAS DESCAL\u00c7OS\" \/>\n<meta property=\"article:publisher\" content=\"https:\/\/www.facebook.com\/Curia-Generalizia-Carmelitani-Scalzi-658766940887784\/\" \/>\n<meta property=\"article:published_time\" content=\"2017-05-14T19:42:56+00:00\" \/>\n<meta property=\"article:modified_time\" content=\"2017-05-14T20:22:15+00:00\" \/>\n<meta property=\"og:image\" content=\"https:\/\/www.carmelitaniscalzi.com\/wp-content\/uploads\/2017\/05\/Amancio.jpg\" \/>\n\t<meta property=\"og:image:width\" content=\"300\" \/>\n\t<meta property=\"og:image:height\" content=\"216\" \/>\n\t<meta property=\"og:image:type\" content=\"image\/jpeg\" \/>\n<meta name=\"author\" content=\"ocd web master\" \/>\n<meta name=\"twitter:card\" content=\"summary_large_image\" \/>\n<meta name=\"twitter:creator\" content=\"@ocdcuria\" \/>\n<meta name=\"twitter:site\" content=\"@ocdcuria\" \/>\n<meta name=\"twitter:label1\" content=\"Escrito por\" \/>\n\t<meta name=\"twitter:data1\" content=\"ocd web master\" \/>\n\t<meta name=\"twitter:label2\" content=\"Est. tempo de leitura\" \/>\n\t<meta name=\"twitter:data2\" content=\"2 minutos\" \/>\n<script type=\"application\/ld+json\" class=\"yoast-schema-graph\">{\"@context\":\"https:\/\/schema.org\",\"@graph\":[{\"@type\":\"Article\",\"@id\":\"https:\/\/www.carmelitaniscalzi.com\/pt-br\/2017\/05\/14\/pascoa-de-monsenhor-amancio-escapa-ocd\/#article\",\"isPartOf\":{\"@id\":\"https:\/\/www.carmelitaniscalzi.com\/pt-br\/2017\/05\/14\/pascoa-de-monsenhor-amancio-escapa-ocd\/\"},\"author\":{\"name\":\"ocd web master\",\"@id\":\"https:\/\/www.carmelitaniscalzi.com\/#\/schema\/person\/6d1c0d9bea7b6625c437246a5d6da409\"},\"headline\":\"P\u00e1scoa de Monsenhor Am\u00e2ncio Escapa, ocd\",\"datePublished\":\"2017-05-14T19:42:56+00:00\",\"dateModified\":\"2017-05-14T20:22:15+00:00\",\"mainEntityOfPage\":{\"@id\":\"https:\/\/www.carmelitaniscalzi.com\/pt-br\/2017\/05\/14\/pascoa-de-monsenhor-amancio-escapa-ocd\/\"},\"wordCount\":349,\"publisher\":{\"@id\":\"https:\/\/www.carmelitaniscalzi.com\/#organization\"},\"image\":{\"@id\":\"https:\/\/www.carmelitaniscalzi.com\/pt-br\/2017\/05\/14\/pascoa-de-monsenhor-amancio-escapa-ocd\/#primaryimage\"},\"thumbnailUrl\":\"https:\/\/www.carmelitaniscalzi.com\/wp-content\/uploads\/2017\/05\/Amancio.jpg\",\"articleSection\":[\"Not\u00edcias\",\"Not\u00edcias Frades\"],\"inLanguage\":\"pt-BR\"},{\"@type\":\"WebPage\",\"@id\":\"https:\/\/www.carmelitaniscalzi.com\/pt-br\/2017\/05\/14\/pascoa-de-monsenhor-amancio-escapa-ocd\/\",\"url\":\"https:\/\/www.carmelitaniscalzi.com\/pt-br\/2017\/05\/14\/pascoa-de-monsenhor-amancio-escapa-ocd\/\",\"name\":\"P\u00e1scoa de Monsenhor Am\u00e2ncio Escapa, ocd - CARMELITAS DESCAL\u00c7OS\",\"isPartOf\":{\"@id\":\"https:\/\/www.carmelitaniscalzi.com\/#website\"},\"primaryImageOfPage\":{\"@id\":\"https:\/\/www.carmelitaniscalzi.com\/pt-br\/2017\/05\/14\/pascoa-de-monsenhor-amancio-escapa-ocd\/#primaryimage\"},\"image\":{\"@id\":\"https:\/\/www.carmelitaniscalzi.com\/pt-br\/2017\/05\/14\/pascoa-de-monsenhor-amancio-escapa-ocd\/#primaryimage\"},\"thumbnailUrl\":\"https:\/\/www.carmelitaniscalzi.com\/wp-content\/uploads\/2017\/05\/Amancio.jpg\",\"datePublished\":\"2017-05-14T19:42:56+00:00\",\"dateModified\":\"2017-05-14T20:22:15+00:00\",\"breadcrumb\":{\"@id\":\"https:\/\/www.carmelitaniscalzi.com\/pt-br\/2017\/05\/14\/pascoa-de-monsenhor-amancio-escapa-ocd\/#breadcrumb\"},\"inLanguage\":\"pt-BR\",\"potentialAction\":[{\"@type\":\"ReadAction\",\"target\":[\"https:\/\/www.carmelitaniscalzi.com\/pt-br\/2017\/05\/14\/pascoa-de-monsenhor-amancio-escapa-ocd\/\"]}]},{\"@type\":\"ImageObject\",\"inLanguage\":\"pt-BR\",\"@id\":\"https:\/\/www.carmelitaniscalzi.com\/pt-br\/2017\/05\/14\/pascoa-de-monsenhor-amancio-escapa-ocd\/#primaryimage\",\"url\":\"https:\/\/www.carmelitaniscalzi.com\/wp-content\/uploads\/2017\/05\/Amancio.jpg\",\"contentUrl\":\"https:\/\/www.carmelitaniscalzi.com\/wp-content\/uploads\/2017\/05\/Amancio.jpg\",\"width\":300,\"height\":216},{\"@type\":\"BreadcrumbList\",\"@id\":\"https:\/\/www.carmelitaniscalzi.com\/pt-br\/2017\/05\/14\/pascoa-de-monsenhor-amancio-escapa-ocd\/#breadcrumb\",\"itemListElement\":[{\"@type\":\"ListItem\",\"position\":1,\"name\":\"Home\",\"item\":\"https:\/\/www.carmelitaniscalzi.com\/pt-br\/\"},{\"@type\":\"ListItem\",\"position\":2,\"name\":\"P\u00e1scoa de Monsenhor Am\u00e2ncio Escapa, ocd\"}]},{\"@type\":\"WebSite\",\"@id\":\"https:\/\/www.carmelitaniscalzi.com\/#website\",\"url\":\"https:\/\/www.carmelitaniscalzi.com\/\",\"name\":\"CARMELITANI SCALZI - Curia Generale del Carmelo Teresiano\",\"description\":\"C\u00faria General\u00edcia do Carmelo Teresiano\",\"publisher\":{\"@id\":\"https:\/\/www.carmelitaniscalzi.com\/#organization\"},\"alternateName\":\"CARMELITANI SCALZI\",\"potentialAction\":[{\"@type\":\"SearchAction\",\"target\":{\"@type\":\"EntryPoint\",\"urlTemplate\":\"https:\/\/www.carmelitaniscalzi.com\/?s={search_term_string}\"},\"query-input\":{\"@type\":\"PropertyValueSpecification\",\"valueRequired\":true,\"valueName\":\"search_term_string\"}}],\"inLanguage\":\"pt-BR\"},{\"@type\":\"Organization\",\"@id\":\"https:\/\/www.carmelitaniscalzi.com\/#organization\",\"name\":\"CARMELITANI SCALZI - Curia Generale del Carmelo Teresiano\",\"url\":\"https:\/\/www.carmelitaniscalzi.com\/\",\"logo\":{\"@type\":\"ImageObject\",\"inLanguage\":\"pt-BR\",\"@id\":\"https:\/\/www.carmelitaniscalzi.com\/#\/schema\/logo\/image\/\",\"url\":\"https:\/\/www.carmelitaniscalzi.com\/wp-content\/uploads\/2025\/11\/login-logo.png\",\"contentUrl\":\"https:\/\/www.carmelitaniscalzi.com\/wp-content\/uploads\/2025\/11\/login-logo.png\",\"width\":256,\"height\":256,\"caption\":\"CARMELITANI SCALZI - Curia Generale del Carmelo Teresiano\"},\"image\":{\"@id\":\"https:\/\/www.carmelitaniscalzi.com\/#\/schema\/logo\/image\/\"},\"sameAs\":[\"https:\/\/www.facebook.com\/Curia-Generalizia-Carmelitani-Scalzi-658766940887784\/\",\"https:\/\/x.com\/ocdcuria\",\"https:\/\/www.youtube.com\/channel\/UC2J5ZL0ycOY0qBSTCLX_NGQ\/videos\",\"https:\/\/www.instagram.com\/ocdinform\/\"]},{\"@type\":\"Person\",\"@id\":\"https:\/\/www.carmelitaniscalzi.com\/#\/schema\/person\/6d1c0d9bea7b6625c437246a5d6da409\",\"name\":\"ocd web master\",\"image\":{\"@type\":\"ImageObject\",\"inLanguage\":\"pt-BR\",\"@id\":\"https:\/\/www.carmelitaniscalzi.com\/#\/schema\/person\/image\/\",\"url\":\"https:\/\/secure.gravatar.com\/avatar\/41fbc5f82bad909fbaf2984c43fa50d8519ac5853e25b454d022b6868f80d0e7?s=96&d=mm&r=g\",\"contentUrl\":\"https:\/\/secure.gravatar.com\/avatar\/41fbc5f82bad909fbaf2984c43fa50d8519ac5853e25b454d022b6868f80d0e7?s=96&d=mm&r=g\",\"caption\":\"ocd web master\"},\"url\":\"https:\/\/www.carmelitaniscalzi.com\/pt-br\/author\/ocdwebmaster\/\"}]}<\/script>\n<!-- \/ Yoast SEO plugin. -->","yoast_head_json":{"title":"P\u00e1scoa de Monsenhor Am\u00e2ncio Escapa, ocd - CARMELITAS DESCAL\u00c7OS","robots":{"index":"index","follow":"follow","max-snippet":"max-snippet:-1","max-image-preview":"max-image-preview:large","max-video-preview":"max-video-preview:-1"},"canonical":"https:\/\/www.carmelitaniscalzi.com\/pt-br\/2017\/05\/14\/pascoa-de-monsenhor-amancio-escapa-ocd\/","og_locale":"pt_BR","og_type":"article","og_title":"P\u00e1scoa de Monsenhor Am\u00e2ncio Escapa, ocd - CARMELITAS DESCAL\u00c7OS","og_description":"No pasado 5 de maio faleceu em Santo Domingo, Rep\u00fablica Dominicana, Monsenhor Am\u00e2ncio Escapa Apar\u00edcio, bispo auxiliar em\u00e9rito da Arquidiocese de Santo Domingo, com o t\u00edtulo de Cene. Monsenhor Am\u00e2ncio tinha nascido em Cistierna, Le\u00f3n, Espanha, a 30 de mar\u00e7o de 1938 e fez a sua profiss\u00e3o como carmelita descal\u00e7o em Seg\u00f3via, na antiga Prov\u00edncia [&hellip;]","og_url":"https:\/\/www.carmelitaniscalzi.com\/pt-br\/2017\/05\/14\/pascoa-de-monsenhor-amancio-escapa-ocd\/","og_site_name":"CARMELITAS DESCAL\u00c7OS","article_publisher":"https:\/\/www.facebook.com\/Curia-Generalizia-Carmelitani-Scalzi-658766940887784\/","article_published_time":"2017-05-14T19:42:56+00:00","article_modified_time":"2017-05-14T20:22:15+00:00","og_image":[{"width":300,"height":216,"url":"https:\/\/www.carmelitaniscalzi.com\/wp-content\/uploads\/2017\/05\/Amancio.jpg","type":"image\/jpeg"}],"author":"ocd web master","twitter_card":"summary_large_image","twitter_creator":"@ocdcuria","twitter_site":"@ocdcuria","twitter_misc":{"Escrito por":"ocd web master","Est. tempo de leitura":"2 minutos"},"schema":{"@context":"https:\/\/schema.org","@graph":[{"@type":"Article","@id":"https:\/\/www.carmelitaniscalzi.com\/pt-br\/2017\/05\/14\/pascoa-de-monsenhor-amancio-escapa-ocd\/#article","isPartOf":{"@id":"https:\/\/www.carmelitaniscalzi.com\/pt-br\/2017\/05\/14\/pascoa-de-monsenhor-amancio-escapa-ocd\/"},"author":{"name":"ocd web master","@id":"https:\/\/www.carmelitaniscalzi.com\/#\/schema\/person\/6d1c0d9bea7b6625c437246a5d6da409"},"headline":"P\u00e1scoa de Monsenhor Am\u00e2ncio Escapa, ocd","datePublished":"2017-05-14T19:42:56+00:00","dateModified":"2017-05-14T20:22:15+00:00","mainEntityOfPage":{"@id":"https:\/\/www.carmelitaniscalzi.com\/pt-br\/2017\/05\/14\/pascoa-de-monsenhor-amancio-escapa-ocd\/"},"wordCount":349,"publisher":{"@id":"https:\/\/www.carmelitaniscalzi.com\/#organization"},"image":{"@id":"https:\/\/www.carmelitaniscalzi.com\/pt-br\/2017\/05\/14\/pascoa-de-monsenhor-amancio-escapa-ocd\/#primaryimage"},"thumbnailUrl":"https:\/\/www.carmelitaniscalzi.com\/wp-content\/uploads\/2017\/05\/Amancio.jpg","articleSection":["Not\u00edcias","Not\u00edcias Frades"],"inLanguage":"pt-BR"},{"@type":"WebPage","@id":"https:\/\/www.carmelitaniscalzi.com\/pt-br\/2017\/05\/14\/pascoa-de-monsenhor-amancio-escapa-ocd\/","url":"https:\/\/www.carmelitaniscalzi.com\/pt-br\/2017\/05\/14\/pascoa-de-monsenhor-amancio-escapa-ocd\/","name":"P\u00e1scoa de Monsenhor Am\u00e2ncio Escapa, ocd - CARMELITAS DESCAL\u00c7OS","isPartOf":{"@id":"https:\/\/www.carmelitaniscalzi.com\/#website"},"primaryImageOfPage":{"@id":"https:\/\/www.carmelitaniscalzi.com\/pt-br\/2017\/05\/14\/pascoa-de-monsenhor-amancio-escapa-ocd\/#primaryimage"},"image":{"@id":"https:\/\/www.carmelitaniscalzi.com\/pt-br\/2017\/05\/14\/pascoa-de-monsenhor-amancio-escapa-ocd\/#primaryimage"},"thumbnailUrl":"https:\/\/www.carmelitaniscalzi.com\/wp-content\/uploads\/2017\/05\/Amancio.jpg","datePublished":"2017-05-14T19:42:56+00:00","dateModified":"2017-05-14T20:22:15+00:00","breadcrumb":{"@id":"https:\/\/www.carmelitaniscalzi.com\/pt-br\/2017\/05\/14\/pascoa-de-monsenhor-amancio-escapa-ocd\/#breadcrumb"},"inLanguage":"pt-BR","potentialAction":[{"@type":"ReadAction","target":["https:\/\/www.carmelitaniscalzi.com\/pt-br\/2017\/05\/14\/pascoa-de-monsenhor-amancio-escapa-ocd\/"]}]},{"@type":"ImageObject","inLanguage":"pt-BR","@id":"https:\/\/www.carmelitaniscalzi.com\/pt-br\/2017\/05\/14\/pascoa-de-monsenhor-amancio-escapa-ocd\/#primaryimage","url":"https:\/\/www.carmelitaniscalzi.com\/wp-content\/uploads\/2017\/05\/Amancio.jpg","contentUrl":"https:\/\/www.carmelitaniscalzi.com\/wp-content\/uploads\/2017\/05\/Amancio.jpg","width":300,"height":216},{"@type":"BreadcrumbList","@id":"https:\/\/www.carmelitaniscalzi.com\/pt-br\/2017\/05\/14\/pascoa-de-monsenhor-amancio-escapa-ocd\/#breadcrumb","itemListElement":[{"@type":"ListItem","position":1,"name":"Home","item":"https:\/\/www.carmelitaniscalzi.com\/pt-br\/"},{"@type":"ListItem","position":2,"name":"P\u00e1scoa de Monsenhor Am\u00e2ncio Escapa, ocd"}]},{"@type":"WebSite","@id":"https:\/\/www.carmelitaniscalzi.com\/#website","url":"https:\/\/www.carmelitaniscalzi.com\/","name":"CARMELITANI SCALZI - Curia Generale del Carmelo Teresiano","description":"C\u00faria General\u00edcia do Carmelo Teresiano","publisher":{"@id":"https:\/\/www.carmelitaniscalzi.com\/#organization"},"alternateName":"CARMELITANI SCALZI","potentialAction":[{"@type":"SearchAction","target":{"@type":"EntryPoint","urlTemplate":"https:\/\/www.carmelitaniscalzi.com\/?s={search_term_string}"},"query-input":{"@type":"PropertyValueSpecification","valueRequired":true,"valueName":"search_term_string"}}],"inLanguage":"pt-BR"},{"@type":"Organization","@id":"https:\/\/www.carmelitaniscalzi.com\/#organization","name":"CARMELITANI SCALZI - Curia Generale del Carmelo Teresiano","url":"https:\/\/www.carmelitaniscalzi.com\/","logo":{"@type":"ImageObject","inLanguage":"pt-BR","@id":"https:\/\/www.carmelitaniscalzi.com\/#\/schema\/logo\/image\/","url":"https:\/\/www.carmelitaniscalzi.com\/wp-content\/uploads\/2025\/11\/login-logo.png","contentUrl":"https:\/\/www.carmelitaniscalzi.com\/wp-content\/uploads\/2025\/11\/login-logo.png","width":256,"height":256,"caption":"CARMELITANI SCALZI - Curia Generale del Carmelo Teresiano"},"image":{"@id":"https:\/\/www.carmelitaniscalzi.com\/#\/schema\/logo\/image\/"},"sameAs":["https:\/\/www.facebook.com\/Curia-Generalizia-Carmelitani-Scalzi-658766940887784\/","https:\/\/x.com\/ocdcuria","https:\/\/www.youtube.com\/channel\/UC2J5ZL0ycOY0qBSTCLX_NGQ\/videos","https:\/\/www.instagram.com\/ocdinform\/"]},{"@type":"Person","@id":"https:\/\/www.carmelitaniscalzi.com\/#\/schema\/person\/6d1c0d9bea7b6625c437246a5d6da409","name":"ocd web master","image":{"@type":"ImageObject","inLanguage":"pt-BR","@id":"https:\/\/www.carmelitaniscalzi.com\/#\/schema\/person\/image\/","url":"https:\/\/secure.gravatar.com\/avatar\/41fbc5f82bad909fbaf2984c43fa50d8519ac5853e25b454d022b6868f80d0e7?s=96&d=mm&r=g","contentUrl":"https:\/\/secure.gravatar.com\/avatar\/41fbc5f82bad909fbaf2984c43fa50d8519ac5853e25b454d022b6868f80d0e7?s=96&d=mm&r=g","caption":"ocd web master"},"url":"https:\/\/www.carmelitaniscalzi.com\/pt-br\/author\/ocdwebmaster\/"}]}},"_links":{"self":[{"href":"https:\/\/www.carmelitaniscalzi.com\/pt-br\/wp-json\/wp\/v2\/posts\/14299","targetHints":{"allow":["GET"]}}],"collection":[{"href":"https:\/\/www.carmelitaniscalzi.com\/pt-br\/wp-json\/wp\/v2\/posts"}],"about":[{"href":"https:\/\/www.carmelitaniscalzi.com\/pt-br\/wp-json\/wp\/v2\/types\/post"}],"author":[{"embeddable":true,"href":"https:\/\/www.carmelitaniscalzi.com\/pt-br\/wp-json\/wp\/v2\/users\/7"}],"replies":[{"embeddable":true,"href":"https:\/\/www.carmelitaniscalzi.com\/pt-br\/wp-json\/wp\/v2\/comments?post=14299"}],"version-history":[{"count":0,"href":"https:\/\/www.carmelitaniscalzi.com\/pt-br\/wp-json\/wp\/v2\/posts\/14299\/revisions"}],"wp:featuredmedia":[{"embeddable":true,"href":"https:\/\/www.carmelitaniscalzi.com\/pt-br\/wp-json\/wp\/v2\/media\/14325"}],"wp:attachment":[{"href":"https:\/\/www.carmelitaniscalzi.com\/pt-br\/wp-json\/wp\/v2\/media?parent=14299"}],"wp:term":[{"taxonomy":"category","embeddable":true,"href":"https:\/\/www.carmelitaniscalzi.com\/pt-br\/wp-json\/wp\/v2\/categories?post=14299"},{"taxonomy":"post_tag","embeddable":true,"href":"https:\/\/www.carmelitaniscalzi.com\/pt-br\/wp-json\/wp\/v2\/tags?post=14299"}],"curies":[{"name":"wp","href":"https:\/\/api.w.org\/{rel}","templated":true}]}}