{"id":13836,"date":"2017-04-10T07:59:00","date_gmt":"2017-04-10T05:59:00","guid":{"rendered":"https:\/\/www.carmelitaniscalzi.com\/pt-br\/?p=13836"},"modified":"2017-04-09T19:05:11","modified_gmt":"2017-04-09T17:05:11","slug":"25-anos-de-presenca-na-missao-de-odisha","status":"publish","type":"post","link":"https:\/\/www.carmelitaniscalzi.com\/pt-br\/2017\/04\/10\/25-anos-de-presenca-na-missao-de-odisha\/","title":{"rendered":"25 anos de presen\u00e7a na miss\u00e3o de Odisha"},"content":{"rendered":"<p>Ao cumprir-se 25 anos da chegada dos primeiros mission\u00e1rios procedentes da Prov\u00edncia de Manjummel a Odisha, no Nordeste da \u00cdndia, o Vicariato de Santa Teresa do Menino Jesus, al\u00ed estabelecido, programou uma s\u00e9rie de actividades que come\u00e7aram com um conjunto de celebra\u00e7\u00f5es em cada comunidade no dia da festa da Padroeira do\u00a0 Vicariato, santa Teresinha, no dia 1 de outubro de 2016.<\/p>\n<p>O lema da celebra\u00e7\u00e3o \u00e9 o seguinte: \u201cSempre, em Ti, renovados\u201d e com ele se quer expressar o chamamento \u00e0 \u00a0renova\u00e7\u00e3o individual e colectiva no Vicariato aos valores radicais do carisma do Carmelo teresiano. Os nossos irm\u00e3os carmelitas em Odisha querem dar gra\u00e7as nesta transcendental ocasi\u00e3o afian\u00e7ados nas suas raizes e, ao mersmo tempo, desejosos de seguir dando muito fruto, confiados n ajuda de Deus para construir com esperan\u00e7a um futuro por Ele aben\u00e7oado.<\/p>\n<p>Entre as numerosas actividades programadas para este ano, destacamos os retiros espirituais, as sess\u00f5es de estudo sobre as nossas Constitui\u00e7\u00f5es e as celebra\u00e7\u00f5es \u00a0particulares de anivers\u00e1rios dos diversos religiosos.<\/p>\n<p>Os festejos programados com motivo de t\u00e3o gozoso anivers\u00e1rio, se concluir\u00e3o com uma celebra\u00e7\u00e3o no dia 1 de outubro de 2017.<\/p>\n<p><a href=\"https:\/\/www.carmelitaniscalzi.com\/wp-content\/uploads\/2017\/04\/0.jpg\"><img loading=\"lazy\" decoding=\"async\" class=\"alignnone size-full wp-image-13825\" src=\"https:\/\/www.carmelitaniscalzi.com\/wp-content\/uploads\/2017\/04\/0.jpg\" alt=\"\" width=\"255\" height=\"220\" srcset=\"https:\/\/www.carmelitaniscalzi.com\/wp-content\/uploads\/2017\/04\/0.jpg 255w, https:\/\/www.carmelitaniscalzi.com\/wp-content\/uploads\/2017\/04\/0-64x55.jpg 64w\" sizes=\"auto, (max-width: 255px) 100vw, 255px\" \/><\/a> <a href=\"https:\/\/www.carmelitaniscalzi.com\/wp-content\/uploads\/2017\/04\/6.jpg\"><img loading=\"lazy\" decoding=\"async\" class=\"alignnone size-medium wp-image-13824\" src=\"https:\/\/www.carmelitaniscalzi.com\/wp-content\/uploads\/2017\/04\/6-300x225.jpg\" alt=\"\" width=\"300\" height=\"225\" srcset=\"https:\/\/www.carmelitaniscalzi.com\/wp-content\/uploads\/2017\/04\/6-300x225.jpg 300w, https:\/\/www.carmelitaniscalzi.com\/wp-content\/uploads\/2017\/04\/6-768x576.jpg 768w, https:\/\/www.carmelitaniscalzi.com\/wp-content\/uploads\/2017\/04\/6-1024x768.jpg 1024w, https:\/\/www.carmelitaniscalzi.com\/wp-content\/uploads\/2017\/04\/6-73x55.jpg 73w, https:\/\/www.carmelitaniscalzi.com\/wp-content\/uploads\/2017\/04\/6-1600x1200.jpg 1600w, https:\/\/www.carmelitaniscalzi.com\/wp-content\/uploads\/2017\/04\/6-800x600.jpg 800w, https:\/\/www.carmelitaniscalzi.com\/wp-content\/uploads\/2017\/04\/6-580x435.jpg 580w, https:\/\/www.carmelitaniscalzi.com\/wp-content\/uploads\/2017\/04\/6.jpg 1632w\" sizes=\"auto, (max-width: 300px) 100vw, 300px\" \/><\/a> <a href=\"https:\/\/www.carmelitaniscalzi.com\/wp-content\/uploads\/2017\/04\/5.jpg\"><img loading=\"lazy\" decoding=\"async\" class=\"alignnone size-medium wp-image-13823\" src=\"https:\/\/www.carmelitaniscalzi.com\/wp-content\/uploads\/2017\/04\/5-300x225.jpg\" alt=\"\" width=\"300\" height=\"225\" srcset=\"https:\/\/www.carmelitaniscalzi.com\/wp-content\/uploads\/2017\/04\/5-300x225.jpg 300w, https:\/\/www.carmelitaniscalzi.com\/wp-content\/uploads\/2017\/04\/5-768x576.jpg 768w, https:\/\/www.carmelitaniscalzi.com\/wp-content\/uploads\/2017\/04\/5-1024x768.jpg 1024w, https:\/\/www.carmelitaniscalzi.com\/wp-content\/uploads\/2017\/04\/5-73x55.jpg 73w, https:\/\/www.carmelitaniscalzi.com\/wp-content\/uploads\/2017\/04\/5-1600x1200.jpg 1600w, https:\/\/www.carmelitaniscalzi.com\/wp-content\/uploads\/2017\/04\/5-800x600.jpg 800w, https:\/\/www.carmelitaniscalzi.com\/wp-content\/uploads\/2017\/04\/5-580x435.jpg 580w, https:\/\/www.carmelitaniscalzi.com\/wp-content\/uploads\/2017\/04\/5.jpg 1632w\" sizes=\"auto, (max-width: 300px) 100vw, 300px\" \/><\/a> <a href=\"https:\/\/www.carmelitaniscalzi.com\/wp-content\/uploads\/2017\/04\/4.jpg\"><img loading=\"lazy\" decoding=\"async\" class=\"alignnone size-medium wp-image-13822\" src=\"https:\/\/www.carmelitaniscalzi.com\/wp-content\/uploads\/2017\/04\/4-300x225.jpg\" alt=\"\" width=\"300\" height=\"225\" srcset=\"https:\/\/www.carmelitaniscalzi.com\/wp-content\/uploads\/2017\/04\/4-300x225.jpg 300w, https:\/\/www.carmelitaniscalzi.com\/wp-content\/uploads\/2017\/04\/4-768x576.jpg 768w, https:\/\/www.carmelitaniscalzi.com\/wp-content\/uploads\/2017\/04\/4-1024x768.jpg 1024w, https:\/\/www.carmelitaniscalzi.com\/wp-content\/uploads\/2017\/04\/4-73x55.jpg 73w, https:\/\/www.carmelitaniscalzi.com\/wp-content\/uploads\/2017\/04\/4-1600x1200.jpg 1600w, https:\/\/www.carmelitaniscalzi.com\/wp-content\/uploads\/2017\/04\/4-800x600.jpg 800w, https:\/\/www.carmelitaniscalzi.com\/wp-content\/uploads\/2017\/04\/4-580x435.jpg 580w, https:\/\/www.carmelitaniscalzi.com\/wp-content\/uploads\/2017\/04\/4.jpg 1632w\" sizes=\"auto, (max-width: 300px) 100vw, 300px\" \/><\/a> <a href=\"https:\/\/www.carmelitaniscalzi.com\/wp-content\/uploads\/2017\/04\/3.jpg\"><img loading=\"lazy\" decoding=\"async\" class=\"alignnone size-medium wp-image-13821\" src=\"https:\/\/www.carmelitaniscalzi.com\/wp-content\/uploads\/2017\/04\/3-300x225.jpg\" alt=\"\" width=\"300\" height=\"225\" srcset=\"https:\/\/www.carmelitaniscalzi.com\/wp-content\/uploads\/2017\/04\/3-300x225.jpg 300w, https:\/\/www.carmelitaniscalzi.com\/wp-content\/uploads\/2017\/04\/3-768x576.jpg 768w, https:\/\/www.carmelitaniscalzi.com\/wp-content\/uploads\/2017\/04\/3-1024x768.jpg 1024w, https:\/\/www.carmelitaniscalzi.com\/wp-content\/uploads\/2017\/04\/3-73x55.jpg 73w, https:\/\/www.carmelitaniscalzi.com\/wp-content\/uploads\/2017\/04\/3-1600x1200.jpg 1600w, https:\/\/www.carmelitaniscalzi.com\/wp-content\/uploads\/2017\/04\/3-800x600.jpg 800w, https:\/\/www.carmelitaniscalzi.com\/wp-content\/uploads\/2017\/04\/3-580x435.jpg 580w, https:\/\/www.carmelitaniscalzi.com\/wp-content\/uploads\/2017\/04\/3.jpg 1632w\" sizes=\"auto, (max-width: 300px) 100vw, 300px\" \/><\/a> <a href=\"https:\/\/www.carmelitaniscalzi.com\/wp-content\/uploads\/2017\/04\/2.jpg\"><img loading=\"lazy\" decoding=\"async\" class=\"alignnone size-medium wp-image-13820\" src=\"https:\/\/www.carmelitaniscalzi.com\/wp-content\/uploads\/2017\/04\/2-300x225.jpg\" alt=\"\" width=\"300\" height=\"225\" srcset=\"https:\/\/www.carmelitaniscalzi.com\/wp-content\/uploads\/2017\/04\/2-300x225.jpg 300w, https:\/\/www.carmelitaniscalzi.com\/wp-content\/uploads\/2017\/04\/2-768x576.jpg 768w, https:\/\/www.carmelitaniscalzi.com\/wp-content\/uploads\/2017\/04\/2-73x55.jpg 73w, https:\/\/www.carmelitaniscalzi.com\/wp-content\/uploads\/2017\/04\/2-800x600.jpg 800w, https:\/\/www.carmelitaniscalzi.com\/wp-content\/uploads\/2017\/04\/2-580x435.jpg 580w, https:\/\/www.carmelitaniscalzi.com\/wp-content\/uploads\/2017\/04\/2.jpg 980w\" sizes=\"auto, (max-width: 300px) 100vw, 300px\" \/><\/a><\/p>\n","protected":false},"excerpt":{"rendered":"<p>Ao cumprir-se 25 anos da chegada dos primeiros mission\u00e1rios procedentes da Prov\u00edncia de Manjummel a Odisha, no Nordeste da \u00cdndia, o Vicariato de Santa Teresa do Menino Jesus, al\u00ed estabelecido, programou uma s\u00e9rie de actividades que come\u00e7aram com um conjunto de celebra\u00e7\u00f5es em cada comunidade no dia da festa da Padroeira do\u00a0 Vicariato, santa Teresinha, [&hellip;]<\/p>\n","protected":false},"author":7,"featured_media":13826,"comment_status":"closed","ping_status":"closed","sticky":false,"template":"","format":"standard","meta":{"_acf_changed":false,"footnotes":""},"categories":[236,373],"tags":[],"class_list":["post-13836","post","type-post","status-publish","format-standard","has-post-thumbnail","hentry","category-noticias-missoes","category-noticias"],"acf":[],"yoast_head":"<!-- This site is optimized with the Yoast SEO plugin v26.3 - https:\/\/yoast.com\/wordpress\/plugins\/seo\/ -->\n<title>25 anos de presen\u00e7a na miss\u00e3o de Odisha - CARMELITAS DESCAL\u00c7OS<\/title>\n<meta name=\"robots\" content=\"index, follow, max-snippet:-1, max-image-preview:large, max-video-preview:-1\" \/>\n<link rel=\"canonical\" href=\"https:\/\/www.carmelitaniscalzi.com\/pt-br\/2017\/04\/10\/25-anos-de-presenca-na-missao-de-odisha\/\" \/>\n<meta property=\"og:locale\" content=\"pt_BR\" \/>\n<meta property=\"og:type\" content=\"article\" \/>\n<meta property=\"og:title\" content=\"25 anos de presen\u00e7a na miss\u00e3o de Odisha - CARMELITAS DESCAL\u00c7OS\" \/>\n<meta property=\"og:description\" content=\"Ao cumprir-se 25 anos da chegada dos primeiros mission\u00e1rios procedentes da Prov\u00edncia de Manjummel a Odisha, no Nordeste da \u00cdndia, o Vicariato de Santa Teresa do Menino Jesus, al\u00ed estabelecido, programou uma s\u00e9rie de actividades que come\u00e7aram com um conjunto de celebra\u00e7\u00f5es em cada comunidade no dia da festa da Padroeira do\u00a0 Vicariato, santa Teresinha, [&hellip;]\" \/>\n<meta property=\"og:url\" content=\"https:\/\/www.carmelitaniscalzi.com\/pt-br\/2017\/04\/10\/25-anos-de-presenca-na-missao-de-odisha\/\" \/>\n<meta property=\"og:site_name\" content=\"CARMELITAS DESCAL\u00c7OS\" \/>\n<meta property=\"article:publisher\" content=\"https:\/\/www.facebook.com\/Curia-Generalizia-Carmelitani-Scalzi-658766940887784\/\" \/>\n<meta property=\"article:published_time\" content=\"2017-04-10T05:59:00+00:00\" \/>\n<meta property=\"og:image\" content=\"https:\/\/www.carmelitaniscalzi.com\/wp-content\/uploads\/2017\/04\/1.jpg\" \/>\n\t<meta property=\"og:image:width\" content=\"1632\" \/>\n\t<meta property=\"og:image:height\" content=\"1224\" \/>\n\t<meta property=\"og:image:type\" content=\"image\/jpeg\" \/>\n<meta name=\"author\" content=\"ocd web master\" \/>\n<meta name=\"twitter:card\" content=\"summary_large_image\" \/>\n<meta name=\"twitter:creator\" content=\"@ocdcuria\" \/>\n<meta name=\"twitter:site\" content=\"@ocdcuria\" \/>\n<meta name=\"twitter:label1\" content=\"Escrito por\" \/>\n\t<meta name=\"twitter:data1\" content=\"ocd web master\" \/>\n\t<meta name=\"twitter:label2\" content=\"Est. tempo de leitura\" \/>\n\t<meta name=\"twitter:data2\" content=\"1 minuto\" \/>\n<script type=\"application\/ld+json\" class=\"yoast-schema-graph\">{\"@context\":\"https:\/\/schema.org\",\"@graph\":[{\"@type\":\"Article\",\"@id\":\"https:\/\/www.carmelitaniscalzi.com\/pt-br\/2017\/04\/10\/25-anos-de-presenca-na-missao-de-odisha\/#article\",\"isPartOf\":{\"@id\":\"https:\/\/www.carmelitaniscalzi.com\/pt-br\/2017\/04\/10\/25-anos-de-presenca-na-missao-de-odisha\/\"},\"author\":{\"name\":\"ocd web master\",\"@id\":\"https:\/\/www.carmelitaniscalzi.com\/#\/schema\/person\/6d1c0d9bea7b6625c437246a5d6da409\"},\"headline\":\"25 anos de presen\u00e7a na miss\u00e3o de Odisha\",\"datePublished\":\"2017-04-10T05:59:00+00:00\",\"mainEntityOfPage\":{\"@id\":\"https:\/\/www.carmelitaniscalzi.com\/pt-br\/2017\/04\/10\/25-anos-de-presenca-na-missao-de-odisha\/\"},\"wordCount\":209,\"publisher\":{\"@id\":\"https:\/\/www.carmelitaniscalzi.com\/#organization\"},\"image\":{\"@id\":\"https:\/\/www.carmelitaniscalzi.com\/pt-br\/2017\/04\/10\/25-anos-de-presenca-na-missao-de-odisha\/#primaryimage\"},\"thumbnailUrl\":\"https:\/\/www.carmelitaniscalzi.com\/wp-content\/uploads\/2017\/04\/1.jpg\",\"articleSection\":[\"Not\u00edcias Miss\u00f5es\",\"Not\u00edcias\"],\"inLanguage\":\"pt-BR\"},{\"@type\":\"WebPage\",\"@id\":\"https:\/\/www.carmelitaniscalzi.com\/pt-br\/2017\/04\/10\/25-anos-de-presenca-na-missao-de-odisha\/\",\"url\":\"https:\/\/www.carmelitaniscalzi.com\/pt-br\/2017\/04\/10\/25-anos-de-presenca-na-missao-de-odisha\/\",\"name\":\"25 anos de presen\u00e7a na miss\u00e3o de Odisha - CARMELITAS DESCAL\u00c7OS\",\"isPartOf\":{\"@id\":\"https:\/\/www.carmelitaniscalzi.com\/#website\"},\"primaryImageOfPage\":{\"@id\":\"https:\/\/www.carmelitaniscalzi.com\/pt-br\/2017\/04\/10\/25-anos-de-presenca-na-missao-de-odisha\/#primaryimage\"},\"image\":{\"@id\":\"https:\/\/www.carmelitaniscalzi.com\/pt-br\/2017\/04\/10\/25-anos-de-presenca-na-missao-de-odisha\/#primaryimage\"},\"thumbnailUrl\":\"https:\/\/www.carmelitaniscalzi.com\/wp-content\/uploads\/2017\/04\/1.jpg\",\"datePublished\":\"2017-04-10T05:59:00+00:00\",\"breadcrumb\":{\"@id\":\"https:\/\/www.carmelitaniscalzi.com\/pt-br\/2017\/04\/10\/25-anos-de-presenca-na-missao-de-odisha\/#breadcrumb\"},\"inLanguage\":\"pt-BR\",\"potentialAction\":[{\"@type\":\"ReadAction\",\"target\":[\"https:\/\/www.carmelitaniscalzi.com\/pt-br\/2017\/04\/10\/25-anos-de-presenca-na-missao-de-odisha\/\"]}]},{\"@type\":\"ImageObject\",\"inLanguage\":\"pt-BR\",\"@id\":\"https:\/\/www.carmelitaniscalzi.com\/pt-br\/2017\/04\/10\/25-anos-de-presenca-na-missao-de-odisha\/#primaryimage\",\"url\":\"https:\/\/www.carmelitaniscalzi.com\/wp-content\/uploads\/2017\/04\/1.jpg\",\"contentUrl\":\"https:\/\/www.carmelitaniscalzi.com\/wp-content\/uploads\/2017\/04\/1.jpg\",\"width\":1632,\"height\":1224},{\"@type\":\"BreadcrumbList\",\"@id\":\"https:\/\/www.carmelitaniscalzi.com\/pt-br\/2017\/04\/10\/25-anos-de-presenca-na-missao-de-odisha\/#breadcrumb\",\"itemListElement\":[{\"@type\":\"ListItem\",\"position\":1,\"name\":\"Home\",\"item\":\"https:\/\/www.carmelitaniscalzi.com\/pt-br\/\"},{\"@type\":\"ListItem\",\"position\":2,\"name\":\"25 anos de presen\u00e7a na miss\u00e3o de Odisha\"}]},{\"@type\":\"WebSite\",\"@id\":\"https:\/\/www.carmelitaniscalzi.com\/#website\",\"url\":\"https:\/\/www.carmelitaniscalzi.com\/\",\"name\":\"CARMELITANI SCALZI - Curia Generale del Carmelo Teresiano\",\"description\":\"C\u00faria General\u00edcia do Carmelo Teresiano\",\"publisher\":{\"@id\":\"https:\/\/www.carmelitaniscalzi.com\/#organization\"},\"alternateName\":\"CARMELITANI SCALZI\",\"potentialAction\":[{\"@type\":\"SearchAction\",\"target\":{\"@type\":\"EntryPoint\",\"urlTemplate\":\"https:\/\/www.carmelitaniscalzi.com\/?s={search_term_string}\"},\"query-input\":{\"@type\":\"PropertyValueSpecification\",\"valueRequired\":true,\"valueName\":\"search_term_string\"}}],\"inLanguage\":\"pt-BR\"},{\"@type\":\"Organization\",\"@id\":\"https:\/\/www.carmelitaniscalzi.com\/#organization\",\"name\":\"CARMELITANI SCALZI - Curia Generale del Carmelo Teresiano\",\"url\":\"https:\/\/www.carmelitaniscalzi.com\/\",\"logo\":{\"@type\":\"ImageObject\",\"inLanguage\":\"pt-BR\",\"@id\":\"https:\/\/www.carmelitaniscalzi.com\/#\/schema\/logo\/image\/\",\"url\":\"https:\/\/www.carmelitaniscalzi.com\/wp-content\/uploads\/2025\/11\/login-logo.png\",\"contentUrl\":\"https:\/\/www.carmelitaniscalzi.com\/wp-content\/uploads\/2025\/11\/login-logo.png\",\"width\":256,\"height\":256,\"caption\":\"CARMELITANI SCALZI - Curia Generale del Carmelo Teresiano\"},\"image\":{\"@id\":\"https:\/\/www.carmelitaniscalzi.com\/#\/schema\/logo\/image\/\"},\"sameAs\":[\"https:\/\/www.facebook.com\/Curia-Generalizia-Carmelitani-Scalzi-658766940887784\/\",\"https:\/\/x.com\/ocdcuria\",\"https:\/\/www.youtube.com\/channel\/UC2J5ZL0ycOY0qBSTCLX_NGQ\/videos\",\"https:\/\/www.instagram.com\/ocdinform\/\"]},{\"@type\":\"Person\",\"@id\":\"https:\/\/www.carmelitaniscalzi.com\/#\/schema\/person\/6d1c0d9bea7b6625c437246a5d6da409\",\"name\":\"ocd web master\",\"image\":{\"@type\":\"ImageObject\",\"inLanguage\":\"pt-BR\",\"@id\":\"https:\/\/www.carmelitaniscalzi.com\/#\/schema\/person\/image\/\",\"url\":\"https:\/\/secure.gravatar.com\/avatar\/41fbc5f82bad909fbaf2984c43fa50d8519ac5853e25b454d022b6868f80d0e7?s=96&d=mm&r=g\",\"contentUrl\":\"https:\/\/secure.gravatar.com\/avatar\/41fbc5f82bad909fbaf2984c43fa50d8519ac5853e25b454d022b6868f80d0e7?s=96&d=mm&r=g\",\"caption\":\"ocd web master\"},\"url\":\"https:\/\/www.carmelitaniscalzi.com\/pt-br\/author\/ocdwebmaster\/\"}]}<\/script>\n<!-- \/ Yoast SEO plugin. -->","yoast_head_json":{"title":"25 anos de presen\u00e7a na miss\u00e3o de Odisha - CARMELITAS DESCAL\u00c7OS","robots":{"index":"index","follow":"follow","max-snippet":"max-snippet:-1","max-image-preview":"max-image-preview:large","max-video-preview":"max-video-preview:-1"},"canonical":"https:\/\/www.carmelitaniscalzi.com\/pt-br\/2017\/04\/10\/25-anos-de-presenca-na-missao-de-odisha\/","og_locale":"pt_BR","og_type":"article","og_title":"25 anos de presen\u00e7a na miss\u00e3o de Odisha - CARMELITAS DESCAL\u00c7OS","og_description":"Ao cumprir-se 25 anos da chegada dos primeiros mission\u00e1rios procedentes da Prov\u00edncia de Manjummel a Odisha, no Nordeste da \u00cdndia, o Vicariato de Santa Teresa do Menino Jesus, al\u00ed estabelecido, programou uma s\u00e9rie de actividades que come\u00e7aram com um conjunto de celebra\u00e7\u00f5es em cada comunidade no dia da festa da Padroeira do\u00a0 Vicariato, santa Teresinha, [&hellip;]","og_url":"https:\/\/www.carmelitaniscalzi.com\/pt-br\/2017\/04\/10\/25-anos-de-presenca-na-missao-de-odisha\/","og_site_name":"CARMELITAS DESCAL\u00c7OS","article_publisher":"https:\/\/www.facebook.com\/Curia-Generalizia-Carmelitani-Scalzi-658766940887784\/","article_published_time":"2017-04-10T05:59:00+00:00","og_image":[{"width":1632,"height":1224,"url":"https:\/\/www.carmelitaniscalzi.com\/wp-content\/uploads\/2017\/04\/1.jpg","type":"image\/jpeg"}],"author":"ocd web master","twitter_card":"summary_large_image","twitter_creator":"@ocdcuria","twitter_site":"@ocdcuria","twitter_misc":{"Escrito por":"ocd web master","Est. tempo de leitura":"1 minuto"},"schema":{"@context":"https:\/\/schema.org","@graph":[{"@type":"Article","@id":"https:\/\/www.carmelitaniscalzi.com\/pt-br\/2017\/04\/10\/25-anos-de-presenca-na-missao-de-odisha\/#article","isPartOf":{"@id":"https:\/\/www.carmelitaniscalzi.com\/pt-br\/2017\/04\/10\/25-anos-de-presenca-na-missao-de-odisha\/"},"author":{"name":"ocd web master","@id":"https:\/\/www.carmelitaniscalzi.com\/#\/schema\/person\/6d1c0d9bea7b6625c437246a5d6da409"},"headline":"25 anos de presen\u00e7a na miss\u00e3o de Odisha","datePublished":"2017-04-10T05:59:00+00:00","mainEntityOfPage":{"@id":"https:\/\/www.carmelitaniscalzi.com\/pt-br\/2017\/04\/10\/25-anos-de-presenca-na-missao-de-odisha\/"},"wordCount":209,"publisher":{"@id":"https:\/\/www.carmelitaniscalzi.com\/#organization"},"image":{"@id":"https:\/\/www.carmelitaniscalzi.com\/pt-br\/2017\/04\/10\/25-anos-de-presenca-na-missao-de-odisha\/#primaryimage"},"thumbnailUrl":"https:\/\/www.carmelitaniscalzi.com\/wp-content\/uploads\/2017\/04\/1.jpg","articleSection":["Not\u00edcias Miss\u00f5es","Not\u00edcias"],"inLanguage":"pt-BR"},{"@type":"WebPage","@id":"https:\/\/www.carmelitaniscalzi.com\/pt-br\/2017\/04\/10\/25-anos-de-presenca-na-missao-de-odisha\/","url":"https:\/\/www.carmelitaniscalzi.com\/pt-br\/2017\/04\/10\/25-anos-de-presenca-na-missao-de-odisha\/","name":"25 anos de presen\u00e7a na miss\u00e3o de Odisha - CARMELITAS DESCAL\u00c7OS","isPartOf":{"@id":"https:\/\/www.carmelitaniscalzi.com\/#website"},"primaryImageOfPage":{"@id":"https:\/\/www.carmelitaniscalzi.com\/pt-br\/2017\/04\/10\/25-anos-de-presenca-na-missao-de-odisha\/#primaryimage"},"image":{"@id":"https:\/\/www.carmelitaniscalzi.com\/pt-br\/2017\/04\/10\/25-anos-de-presenca-na-missao-de-odisha\/#primaryimage"},"thumbnailUrl":"https:\/\/www.carmelitaniscalzi.com\/wp-content\/uploads\/2017\/04\/1.jpg","datePublished":"2017-04-10T05:59:00+00:00","breadcrumb":{"@id":"https:\/\/www.carmelitaniscalzi.com\/pt-br\/2017\/04\/10\/25-anos-de-presenca-na-missao-de-odisha\/#breadcrumb"},"inLanguage":"pt-BR","potentialAction":[{"@type":"ReadAction","target":["https:\/\/www.carmelitaniscalzi.com\/pt-br\/2017\/04\/10\/25-anos-de-presenca-na-missao-de-odisha\/"]}]},{"@type":"ImageObject","inLanguage":"pt-BR","@id":"https:\/\/www.carmelitaniscalzi.com\/pt-br\/2017\/04\/10\/25-anos-de-presenca-na-missao-de-odisha\/#primaryimage","url":"https:\/\/www.carmelitaniscalzi.com\/wp-content\/uploads\/2017\/04\/1.jpg","contentUrl":"https:\/\/www.carmelitaniscalzi.com\/wp-content\/uploads\/2017\/04\/1.jpg","width":1632,"height":1224},{"@type":"BreadcrumbList","@id":"https:\/\/www.carmelitaniscalzi.com\/pt-br\/2017\/04\/10\/25-anos-de-presenca-na-missao-de-odisha\/#breadcrumb","itemListElement":[{"@type":"ListItem","position":1,"name":"Home","item":"https:\/\/www.carmelitaniscalzi.com\/pt-br\/"},{"@type":"ListItem","position":2,"name":"25 anos de presen\u00e7a na miss\u00e3o de Odisha"}]},{"@type":"WebSite","@id":"https:\/\/www.carmelitaniscalzi.com\/#website","url":"https:\/\/www.carmelitaniscalzi.com\/","name":"CARMELITANI SCALZI - Curia Generale del Carmelo Teresiano","description":"C\u00faria General\u00edcia do Carmelo Teresiano","publisher":{"@id":"https:\/\/www.carmelitaniscalzi.com\/#organization"},"alternateName":"CARMELITANI SCALZI","potentialAction":[{"@type":"SearchAction","target":{"@type":"EntryPoint","urlTemplate":"https:\/\/www.carmelitaniscalzi.com\/?s={search_term_string}"},"query-input":{"@type":"PropertyValueSpecification","valueRequired":true,"valueName":"search_term_string"}}],"inLanguage":"pt-BR"},{"@type":"Organization","@id":"https:\/\/www.carmelitaniscalzi.com\/#organization","name":"CARMELITANI SCALZI - Curia Generale del Carmelo Teresiano","url":"https:\/\/www.carmelitaniscalzi.com\/","logo":{"@type":"ImageObject","inLanguage":"pt-BR","@id":"https:\/\/www.carmelitaniscalzi.com\/#\/schema\/logo\/image\/","url":"https:\/\/www.carmelitaniscalzi.com\/wp-content\/uploads\/2025\/11\/login-logo.png","contentUrl":"https:\/\/www.carmelitaniscalzi.com\/wp-content\/uploads\/2025\/11\/login-logo.png","width":256,"height":256,"caption":"CARMELITANI SCALZI - Curia Generale del Carmelo Teresiano"},"image":{"@id":"https:\/\/www.carmelitaniscalzi.com\/#\/schema\/logo\/image\/"},"sameAs":["https:\/\/www.facebook.com\/Curia-Generalizia-Carmelitani-Scalzi-658766940887784\/","https:\/\/x.com\/ocdcuria","https:\/\/www.youtube.com\/channel\/UC2J5ZL0ycOY0qBSTCLX_NGQ\/videos","https:\/\/www.instagram.com\/ocdinform\/"]},{"@type":"Person","@id":"https:\/\/www.carmelitaniscalzi.com\/#\/schema\/person\/6d1c0d9bea7b6625c437246a5d6da409","name":"ocd web master","image":{"@type":"ImageObject","inLanguage":"pt-BR","@id":"https:\/\/www.carmelitaniscalzi.com\/#\/schema\/person\/image\/","url":"https:\/\/secure.gravatar.com\/avatar\/41fbc5f82bad909fbaf2984c43fa50d8519ac5853e25b454d022b6868f80d0e7?s=96&d=mm&r=g","contentUrl":"https:\/\/secure.gravatar.com\/avatar\/41fbc5f82bad909fbaf2984c43fa50d8519ac5853e25b454d022b6868f80d0e7?s=96&d=mm&r=g","caption":"ocd web master"},"url":"https:\/\/www.carmelitaniscalzi.com\/pt-br\/author\/ocdwebmaster\/"}]}},"_links":{"self":[{"href":"https:\/\/www.carmelitaniscalzi.com\/pt-br\/wp-json\/wp\/v2\/posts\/13836","targetHints":{"allow":["GET"]}}],"collection":[{"href":"https:\/\/www.carmelitaniscalzi.com\/pt-br\/wp-json\/wp\/v2\/posts"}],"about":[{"href":"https:\/\/www.carmelitaniscalzi.com\/pt-br\/wp-json\/wp\/v2\/types\/post"}],"author":[{"embeddable":true,"href":"https:\/\/www.carmelitaniscalzi.com\/pt-br\/wp-json\/wp\/v2\/users\/7"}],"replies":[{"embeddable":true,"href":"https:\/\/www.carmelitaniscalzi.com\/pt-br\/wp-json\/wp\/v2\/comments?post=13836"}],"version-history":[{"count":0,"href":"https:\/\/www.carmelitaniscalzi.com\/pt-br\/wp-json\/wp\/v2\/posts\/13836\/revisions"}],"wp:featuredmedia":[{"embeddable":true,"href":"https:\/\/www.carmelitaniscalzi.com\/pt-br\/wp-json\/wp\/v2\/media\/13826"}],"wp:attachment":[{"href":"https:\/\/www.carmelitaniscalzi.com\/pt-br\/wp-json\/wp\/v2\/media?parent=13836"}],"wp:term":[{"taxonomy":"category","embeddable":true,"href":"https:\/\/www.carmelitaniscalzi.com\/pt-br\/wp-json\/wp\/v2\/categories?post=13836"},{"taxonomy":"post_tag","embeddable":true,"href":"https:\/\/www.carmelitaniscalzi.com\/pt-br\/wp-json\/wp\/v2\/tags?post=13836"}],"curies":[{"name":"wp","href":"https:\/\/api.w.org\/{rel}","templated":true}]}}