{"id":13599,"date":"2017-03-21T14:40:39","date_gmt":"2017-03-21T13:40:39","guid":{"rendered":"https:\/\/www.carmelitaniscalzi.com\/pt-br\/?p=13599"},"modified":"2017-03-21T14:40:39","modified_gmt":"2017-03-21T13:40:39","slug":"carmelitas-descalcas-em-tanger-marrocos","status":"publish","type":"post","link":"https:\/\/www.carmelitaniscalzi.com\/pt-br\/2017\/03\/21\/carmelitas-descalcas-em-tanger-marrocos\/","title":{"rendered":"Carmelitas Descal\u00e7as em T\u00e2nger (Marrocos)"},"content":{"rendered":"<p>Com a ajuda de Deus, a presen\u00e7a do Carmelo Teresiano no Marrocos, vis\u00edvel na comunidade de carmelitas descal\u00e7as de T\u00e2nger, continua sua caminhada nas terras do Isl\u00e3. Ao longo do ano de 2016, marcado pelo Jubileu da Miseric\u00f3rdia, acolheram diversas atividades promovidas por sua Arquidiocese, pois a comunidade constitui um ponto de refer\u00eancia para todos os crist\u00e3os que peregrinam em T\u00e2nger.<\/p>\n<p>V\u00e1rios religiosos carmelitas, a come\u00e7ar pelo provincial \u2013 Frei Miguel M\u00e1rquez, ocd, Ordin\u00e1rio da comunidade \u2013 acompanharam nossas irm\u00e3s, ministrando-lhes cursos de forma\u00e7\u00e3o ou retiros, e elas puderam tamb\u00e9m estar presentes em encontros federais ou promovidos pelo Centro da Ordem. Al\u00e9m de sua vincula\u00e7\u00e3o \u00e0 Federa\u00e7\u00e3o das Carmelitas Descal\u00e7as de Andaluzia, as monjas de T\u00e2nger cultivam sua rela\u00e7\u00e3o com as carmelitas da Terra Santa e, aproveitando sua presen\u00e7a em Roma, convocadas pelo Papa Francisco, as Irm\u00e3s Maria In\u00eas \u2013 coordenadora da Associa\u00e7\u00e3o da Terra Santa e priora do Carmelo de Jerusal\u00e9m \u2013 e Maria \u2013 priora do Carmelo de Haifa \u2013 puderam visitar a comunidade de T\u00e2nger em princ\u00edpios de fevereiro.<\/p>\n<p>Nossas Irm\u00e3s continuam com grande empenho sua forma\u00e7\u00e3o nas l\u00ednguas do pa\u00eds, j\u00e1 que o espanhol \u00e9 cada vez menos corrente entre os cidad\u00e3os de T\u00e2nger. Por isso, receberam diversas ajudas para melhorar seus conhecimentos de franc\u00eas e \u00e1rabe.<\/p>\n<p>Irm\u00e3 J\u00falia, da comunidade de Pescara, encerrou seu per\u00edodo de estadia em T\u00e2nger. A partir de 10 de outubro, Irm\u00e3 Anastasia \u2013 procedente do Carmelo de Osiny (Pol\u00f4nia) \u2013 faz parte da comunidade mon\u00e1stica marroquina. Tamb\u00e9m nesse ano a Irm\u00e3 Maria Ana, do Carmelo de Campinas (Brasil), incorporou-se \u00e0 comunidade. A presen\u00e7a da fam\u00edlia teresiana no Marrocos v\u00ea-se assim enriquecida gra\u00e7as \u00e0 generosidade dessas Irm\u00e3s e de suas comunidades.<\/p>\n<p>Por fim, recolhemos aqui as palavras de nossas Irm\u00e3s em T\u00e2nger: \u201cDamos gra\u00e7as por tudo que recebemos de nossos benfeitores, gra\u00e7as aos quais pudemos arcar com obras de reestrutura\u00e7\u00e3o, algumas muito urgentes, em casa. Gra\u00e7as a eles, tamb\u00e9m pudemos arrumar uma nova capelinha interna, que foi aben\u00e7oada no dia 22 de dezembro por nosso arcebispo e chamada por ele mesmo de <em>Tenda do encontro<\/em>.<\/p>\n<p>\u2018Crer que um Ser chamado Amor habita em n\u00f3s a todo instante do dia e da noite e que nos pede viver em sociedade com Ele, eis o que fez de minha vida um C\u00e9u antecipado\u2019 (Santa Elisabeth da Trindade).<\/p>\n<p>Que esse encontro perene com Jesus, que vive em n\u00f3s, nos ajude a ser sempre lugar de comunh\u00e3o e de encontro\u201d.<\/p>\n<p><a href=\"https:\/\/www.carmelitaniscalzi.com\/wp-content\/uploads\/2017\/03\/Tangeri-3.png\"><img loading=\"lazy\" decoding=\"async\" class=\"alignnone size-medium wp-image-13589\" src=\"https:\/\/www.carmelitaniscalzi.com\/wp-content\/uploads\/2017\/03\/Tangeri-3-251x300.png\" alt=\"\" width=\"251\" height=\"300\" srcset=\"https:\/\/www.carmelitaniscalzi.com\/wp-content\/uploads\/2017\/03\/Tangeri-3-251x300.png 251w, https:\/\/www.carmelitaniscalzi.com\/wp-content\/uploads\/2017\/03\/Tangeri-3-46x55.png 46w, https:\/\/www.carmelitaniscalzi.com\/wp-content\/uploads\/2017\/03\/Tangeri-3.png 271w\" sizes=\"auto, (max-width: 251px) 100vw, 251px\" \/><\/a> <a href=\"https:\/\/www.carmelitaniscalzi.com\/wp-content\/uploads\/2017\/03\/Tangeri-2.png\"><img loading=\"lazy\" decoding=\"async\" class=\"alignnone size-full wp-image-13588\" src=\"https:\/\/www.carmelitaniscalzi.com\/wp-content\/uploads\/2017\/03\/Tangeri-2.png\" alt=\"\" width=\"280\" height=\"211\" srcset=\"https:\/\/www.carmelitaniscalzi.com\/wp-content\/uploads\/2017\/03\/Tangeri-2.png 280w, https:\/\/www.carmelitaniscalzi.com\/wp-content\/uploads\/2017\/03\/Tangeri-2-73x55.png 73w\" sizes=\"auto, (max-width: 280px) 100vw, 280px\" \/><\/a><\/p>\n","protected":false},"excerpt":{"rendered":"<p>Com a ajuda de Deus, a presen\u00e7a do Carmelo Teresiano no Marrocos, vis\u00edvel na comunidade de carmelitas descal\u00e7as de T\u00e2nger, continua sua caminhada nas terras do Isl\u00e3. Ao longo do ano de 2016, marcado pelo Jubileu da Miseric\u00f3rdia, acolheram diversas atividades promovidas por sua Arquidiocese, pois a comunidade constitui um ponto de refer\u00eancia para todos [&hellip;]<\/p>\n","protected":false},"author":7,"featured_media":13587,"comment_status":"closed","ping_status":"closed","sticky":false,"template":"","format":"standard","meta":{"_acf_changed":false,"footnotes":""},"categories":[237,373],"tags":[],"class_list":["post-13599","post","type-post","status-publish","format-standard","has-post-thumbnail","hentry","category-noticias-monjas-pt-br","category-noticias"],"acf":[],"yoast_head":"<!-- This site is optimized with the Yoast SEO plugin v26.3 - https:\/\/yoast.com\/wordpress\/plugins\/seo\/ -->\n<title>Carmelitas Descal\u00e7as em T\u00e2nger (Marrocos) - CARMELITAS DESCAL\u00c7OS<\/title>\n<meta name=\"robots\" content=\"index, follow, max-snippet:-1, max-image-preview:large, max-video-preview:-1\" \/>\n<link rel=\"canonical\" href=\"https:\/\/www.carmelitaniscalzi.com\/pt-br\/2017\/03\/21\/carmelitas-descalcas-em-tanger-marrocos\/\" \/>\n<meta property=\"og:locale\" content=\"pt_BR\" \/>\n<meta property=\"og:type\" content=\"article\" \/>\n<meta property=\"og:title\" content=\"Carmelitas Descal\u00e7as em T\u00e2nger (Marrocos) - CARMELITAS DESCAL\u00c7OS\" \/>\n<meta property=\"og:description\" content=\"Com a ajuda de Deus, a presen\u00e7a do Carmelo Teresiano no Marrocos, vis\u00edvel na comunidade de carmelitas descal\u00e7as de T\u00e2nger, continua sua caminhada nas terras do Isl\u00e3. Ao longo do ano de 2016, marcado pelo Jubileu da Miseric\u00f3rdia, acolheram diversas atividades promovidas por sua Arquidiocese, pois a comunidade constitui um ponto de refer\u00eancia para todos [&hellip;]\" \/>\n<meta property=\"og:url\" content=\"https:\/\/www.carmelitaniscalzi.com\/pt-br\/2017\/03\/21\/carmelitas-descalcas-em-tanger-marrocos\/\" \/>\n<meta property=\"og:site_name\" content=\"CARMELITAS DESCAL\u00c7OS\" \/>\n<meta property=\"article:publisher\" content=\"https:\/\/www.facebook.com\/Curia-Generalizia-Carmelitani-Scalzi-658766940887784\/\" \/>\n<meta property=\"article:published_time\" content=\"2017-03-21T13:40:39+00:00\" \/>\n<meta property=\"og:image\" content=\"https:\/\/www.carmelitaniscalzi.com\/wp-content\/uploads\/2017\/03\/Tangeri-1.png\" \/>\n\t<meta property=\"og:image:width\" content=\"330\" \/>\n\t<meta property=\"og:image:height\" content=\"265\" \/>\n\t<meta property=\"og:image:type\" content=\"image\/png\" \/>\n<meta name=\"author\" content=\"ocd web master\" \/>\n<meta name=\"twitter:card\" content=\"summary_large_image\" \/>\n<meta name=\"twitter:creator\" content=\"@ocdcuria\" \/>\n<meta name=\"twitter:site\" content=\"@ocdcuria\" \/>\n<meta name=\"twitter:label1\" content=\"Escrito por\" \/>\n\t<meta name=\"twitter:data1\" content=\"ocd web master\" \/>\n\t<meta name=\"twitter:label2\" content=\"Est. tempo de leitura\" \/>\n\t<meta name=\"twitter:data2\" content=\"2 minutos\" \/>\n<script type=\"application\/ld+json\" class=\"yoast-schema-graph\">{\"@context\":\"https:\/\/schema.org\",\"@graph\":[{\"@type\":\"Article\",\"@id\":\"https:\/\/www.carmelitaniscalzi.com\/pt-br\/2017\/03\/21\/carmelitas-descalcas-em-tanger-marrocos\/#article\",\"isPartOf\":{\"@id\":\"https:\/\/www.carmelitaniscalzi.com\/pt-br\/2017\/03\/21\/carmelitas-descalcas-em-tanger-marrocos\/\"},\"author\":{\"name\":\"ocd web master\",\"@id\":\"https:\/\/www.carmelitaniscalzi.com\/#\/schema\/person\/6d1c0d9bea7b6625c437246a5d6da409\"},\"headline\":\"Carmelitas Descal\u00e7as em T\u00e2nger (Marrocos)\",\"datePublished\":\"2017-03-21T13:40:39+00:00\",\"mainEntityOfPage\":{\"@id\":\"https:\/\/www.carmelitaniscalzi.com\/pt-br\/2017\/03\/21\/carmelitas-descalcas-em-tanger-marrocos\/\"},\"wordCount\":455,\"publisher\":{\"@id\":\"https:\/\/www.carmelitaniscalzi.com\/#organization\"},\"image\":{\"@id\":\"https:\/\/www.carmelitaniscalzi.com\/pt-br\/2017\/03\/21\/carmelitas-descalcas-em-tanger-marrocos\/#primaryimage\"},\"thumbnailUrl\":\"https:\/\/www.carmelitaniscalzi.com\/wp-content\/uploads\/2017\/03\/Tangeri-1.png\",\"articleSection\":[\"Not\u00edcias Monjas\",\"Not\u00edcias\"],\"inLanguage\":\"pt-BR\"},{\"@type\":\"WebPage\",\"@id\":\"https:\/\/www.carmelitaniscalzi.com\/pt-br\/2017\/03\/21\/carmelitas-descalcas-em-tanger-marrocos\/\",\"url\":\"https:\/\/www.carmelitaniscalzi.com\/pt-br\/2017\/03\/21\/carmelitas-descalcas-em-tanger-marrocos\/\",\"name\":\"Carmelitas Descal\u00e7as em T\u00e2nger (Marrocos) - CARMELITAS DESCAL\u00c7OS\",\"isPartOf\":{\"@id\":\"https:\/\/www.carmelitaniscalzi.com\/#website\"},\"primaryImageOfPage\":{\"@id\":\"https:\/\/www.carmelitaniscalzi.com\/pt-br\/2017\/03\/21\/carmelitas-descalcas-em-tanger-marrocos\/#primaryimage\"},\"image\":{\"@id\":\"https:\/\/www.carmelitaniscalzi.com\/pt-br\/2017\/03\/21\/carmelitas-descalcas-em-tanger-marrocos\/#primaryimage\"},\"thumbnailUrl\":\"https:\/\/www.carmelitaniscalzi.com\/wp-content\/uploads\/2017\/03\/Tangeri-1.png\",\"datePublished\":\"2017-03-21T13:40:39+00:00\",\"breadcrumb\":{\"@id\":\"https:\/\/www.carmelitaniscalzi.com\/pt-br\/2017\/03\/21\/carmelitas-descalcas-em-tanger-marrocos\/#breadcrumb\"},\"inLanguage\":\"pt-BR\",\"potentialAction\":[{\"@type\":\"ReadAction\",\"target\":[\"https:\/\/www.carmelitaniscalzi.com\/pt-br\/2017\/03\/21\/carmelitas-descalcas-em-tanger-marrocos\/\"]}]},{\"@type\":\"ImageObject\",\"inLanguage\":\"pt-BR\",\"@id\":\"https:\/\/www.carmelitaniscalzi.com\/pt-br\/2017\/03\/21\/carmelitas-descalcas-em-tanger-marrocos\/#primaryimage\",\"url\":\"https:\/\/www.carmelitaniscalzi.com\/wp-content\/uploads\/2017\/03\/Tangeri-1.png\",\"contentUrl\":\"https:\/\/www.carmelitaniscalzi.com\/wp-content\/uploads\/2017\/03\/Tangeri-1.png\",\"width\":330,\"height\":265},{\"@type\":\"BreadcrumbList\",\"@id\":\"https:\/\/www.carmelitaniscalzi.com\/pt-br\/2017\/03\/21\/carmelitas-descalcas-em-tanger-marrocos\/#breadcrumb\",\"itemListElement\":[{\"@type\":\"ListItem\",\"position\":1,\"name\":\"Home\",\"item\":\"https:\/\/www.carmelitaniscalzi.com\/pt-br\/\"},{\"@type\":\"ListItem\",\"position\":2,\"name\":\"Carmelitas Descal\u00e7as em T\u00e2nger (Marrocos)\"}]},{\"@type\":\"WebSite\",\"@id\":\"https:\/\/www.carmelitaniscalzi.com\/#website\",\"url\":\"https:\/\/www.carmelitaniscalzi.com\/\",\"name\":\"CARMELITANI SCALZI - Curia Generale del Carmelo Teresiano\",\"description\":\"C\u00faria General\u00edcia do Carmelo Teresiano\",\"publisher\":{\"@id\":\"https:\/\/www.carmelitaniscalzi.com\/#organization\"},\"alternateName\":\"CARMELITANI SCALZI\",\"potentialAction\":[{\"@type\":\"SearchAction\",\"target\":{\"@type\":\"EntryPoint\",\"urlTemplate\":\"https:\/\/www.carmelitaniscalzi.com\/?s={search_term_string}\"},\"query-input\":{\"@type\":\"PropertyValueSpecification\",\"valueRequired\":true,\"valueName\":\"search_term_string\"}}],\"inLanguage\":\"pt-BR\"},{\"@type\":\"Organization\",\"@id\":\"https:\/\/www.carmelitaniscalzi.com\/#organization\",\"name\":\"CARMELITANI SCALZI - Curia Generale del Carmelo Teresiano\",\"url\":\"https:\/\/www.carmelitaniscalzi.com\/\",\"logo\":{\"@type\":\"ImageObject\",\"inLanguage\":\"pt-BR\",\"@id\":\"https:\/\/www.carmelitaniscalzi.com\/#\/schema\/logo\/image\/\",\"url\":\"https:\/\/www.carmelitaniscalzi.com\/wp-content\/uploads\/2025\/11\/login-logo.png\",\"contentUrl\":\"https:\/\/www.carmelitaniscalzi.com\/wp-content\/uploads\/2025\/11\/login-logo.png\",\"width\":256,\"height\":256,\"caption\":\"CARMELITANI SCALZI - Curia Generale del Carmelo Teresiano\"},\"image\":{\"@id\":\"https:\/\/www.carmelitaniscalzi.com\/#\/schema\/logo\/image\/\"},\"sameAs\":[\"https:\/\/www.facebook.com\/Curia-Generalizia-Carmelitani-Scalzi-658766940887784\/\",\"https:\/\/x.com\/ocdcuria\",\"https:\/\/www.youtube.com\/channel\/UC2J5ZL0ycOY0qBSTCLX_NGQ\/videos\",\"https:\/\/www.instagram.com\/ocdinform\/\"]},{\"@type\":\"Person\",\"@id\":\"https:\/\/www.carmelitaniscalzi.com\/#\/schema\/person\/6d1c0d9bea7b6625c437246a5d6da409\",\"name\":\"ocd web master\",\"image\":{\"@type\":\"ImageObject\",\"inLanguage\":\"pt-BR\",\"@id\":\"https:\/\/www.carmelitaniscalzi.com\/#\/schema\/person\/image\/\",\"url\":\"https:\/\/secure.gravatar.com\/avatar\/41fbc5f82bad909fbaf2984c43fa50d8519ac5853e25b454d022b6868f80d0e7?s=96&d=mm&r=g\",\"contentUrl\":\"https:\/\/secure.gravatar.com\/avatar\/41fbc5f82bad909fbaf2984c43fa50d8519ac5853e25b454d022b6868f80d0e7?s=96&d=mm&r=g\",\"caption\":\"ocd web master\"},\"url\":\"https:\/\/www.carmelitaniscalzi.com\/pt-br\/author\/ocdwebmaster\/\"}]}<\/script>\n<!-- \/ Yoast SEO plugin. -->","yoast_head_json":{"title":"Carmelitas Descal\u00e7as em T\u00e2nger (Marrocos) - CARMELITAS DESCAL\u00c7OS","robots":{"index":"index","follow":"follow","max-snippet":"max-snippet:-1","max-image-preview":"max-image-preview:large","max-video-preview":"max-video-preview:-1"},"canonical":"https:\/\/www.carmelitaniscalzi.com\/pt-br\/2017\/03\/21\/carmelitas-descalcas-em-tanger-marrocos\/","og_locale":"pt_BR","og_type":"article","og_title":"Carmelitas Descal\u00e7as em T\u00e2nger (Marrocos) - CARMELITAS DESCAL\u00c7OS","og_description":"Com a ajuda de Deus, a presen\u00e7a do Carmelo Teresiano no Marrocos, vis\u00edvel na comunidade de carmelitas descal\u00e7as de T\u00e2nger, continua sua caminhada nas terras do Isl\u00e3. Ao longo do ano de 2016, marcado pelo Jubileu da Miseric\u00f3rdia, acolheram diversas atividades promovidas por sua Arquidiocese, pois a comunidade constitui um ponto de refer\u00eancia para todos [&hellip;]","og_url":"https:\/\/www.carmelitaniscalzi.com\/pt-br\/2017\/03\/21\/carmelitas-descalcas-em-tanger-marrocos\/","og_site_name":"CARMELITAS DESCAL\u00c7OS","article_publisher":"https:\/\/www.facebook.com\/Curia-Generalizia-Carmelitani-Scalzi-658766940887784\/","article_published_time":"2017-03-21T13:40:39+00:00","og_image":[{"width":330,"height":265,"url":"https:\/\/www.carmelitaniscalzi.com\/wp-content\/uploads\/2017\/03\/Tangeri-1.png","type":"image\/png"}],"author":"ocd web master","twitter_card":"summary_large_image","twitter_creator":"@ocdcuria","twitter_site":"@ocdcuria","twitter_misc":{"Escrito por":"ocd web master","Est. tempo de leitura":"2 minutos"},"schema":{"@context":"https:\/\/schema.org","@graph":[{"@type":"Article","@id":"https:\/\/www.carmelitaniscalzi.com\/pt-br\/2017\/03\/21\/carmelitas-descalcas-em-tanger-marrocos\/#article","isPartOf":{"@id":"https:\/\/www.carmelitaniscalzi.com\/pt-br\/2017\/03\/21\/carmelitas-descalcas-em-tanger-marrocos\/"},"author":{"name":"ocd web master","@id":"https:\/\/www.carmelitaniscalzi.com\/#\/schema\/person\/6d1c0d9bea7b6625c437246a5d6da409"},"headline":"Carmelitas Descal\u00e7as em T\u00e2nger (Marrocos)","datePublished":"2017-03-21T13:40:39+00:00","mainEntityOfPage":{"@id":"https:\/\/www.carmelitaniscalzi.com\/pt-br\/2017\/03\/21\/carmelitas-descalcas-em-tanger-marrocos\/"},"wordCount":455,"publisher":{"@id":"https:\/\/www.carmelitaniscalzi.com\/#organization"},"image":{"@id":"https:\/\/www.carmelitaniscalzi.com\/pt-br\/2017\/03\/21\/carmelitas-descalcas-em-tanger-marrocos\/#primaryimage"},"thumbnailUrl":"https:\/\/www.carmelitaniscalzi.com\/wp-content\/uploads\/2017\/03\/Tangeri-1.png","articleSection":["Not\u00edcias Monjas","Not\u00edcias"],"inLanguage":"pt-BR"},{"@type":"WebPage","@id":"https:\/\/www.carmelitaniscalzi.com\/pt-br\/2017\/03\/21\/carmelitas-descalcas-em-tanger-marrocos\/","url":"https:\/\/www.carmelitaniscalzi.com\/pt-br\/2017\/03\/21\/carmelitas-descalcas-em-tanger-marrocos\/","name":"Carmelitas Descal\u00e7as em T\u00e2nger (Marrocos) - CARMELITAS DESCAL\u00c7OS","isPartOf":{"@id":"https:\/\/www.carmelitaniscalzi.com\/#website"},"primaryImageOfPage":{"@id":"https:\/\/www.carmelitaniscalzi.com\/pt-br\/2017\/03\/21\/carmelitas-descalcas-em-tanger-marrocos\/#primaryimage"},"image":{"@id":"https:\/\/www.carmelitaniscalzi.com\/pt-br\/2017\/03\/21\/carmelitas-descalcas-em-tanger-marrocos\/#primaryimage"},"thumbnailUrl":"https:\/\/www.carmelitaniscalzi.com\/wp-content\/uploads\/2017\/03\/Tangeri-1.png","datePublished":"2017-03-21T13:40:39+00:00","breadcrumb":{"@id":"https:\/\/www.carmelitaniscalzi.com\/pt-br\/2017\/03\/21\/carmelitas-descalcas-em-tanger-marrocos\/#breadcrumb"},"inLanguage":"pt-BR","potentialAction":[{"@type":"ReadAction","target":["https:\/\/www.carmelitaniscalzi.com\/pt-br\/2017\/03\/21\/carmelitas-descalcas-em-tanger-marrocos\/"]}]},{"@type":"ImageObject","inLanguage":"pt-BR","@id":"https:\/\/www.carmelitaniscalzi.com\/pt-br\/2017\/03\/21\/carmelitas-descalcas-em-tanger-marrocos\/#primaryimage","url":"https:\/\/www.carmelitaniscalzi.com\/wp-content\/uploads\/2017\/03\/Tangeri-1.png","contentUrl":"https:\/\/www.carmelitaniscalzi.com\/wp-content\/uploads\/2017\/03\/Tangeri-1.png","width":330,"height":265},{"@type":"BreadcrumbList","@id":"https:\/\/www.carmelitaniscalzi.com\/pt-br\/2017\/03\/21\/carmelitas-descalcas-em-tanger-marrocos\/#breadcrumb","itemListElement":[{"@type":"ListItem","position":1,"name":"Home","item":"https:\/\/www.carmelitaniscalzi.com\/pt-br\/"},{"@type":"ListItem","position":2,"name":"Carmelitas Descal\u00e7as em T\u00e2nger (Marrocos)"}]},{"@type":"WebSite","@id":"https:\/\/www.carmelitaniscalzi.com\/#website","url":"https:\/\/www.carmelitaniscalzi.com\/","name":"CARMELITANI SCALZI - Curia Generale del Carmelo Teresiano","description":"C\u00faria General\u00edcia do Carmelo Teresiano","publisher":{"@id":"https:\/\/www.carmelitaniscalzi.com\/#organization"},"alternateName":"CARMELITANI SCALZI","potentialAction":[{"@type":"SearchAction","target":{"@type":"EntryPoint","urlTemplate":"https:\/\/www.carmelitaniscalzi.com\/?s={search_term_string}"},"query-input":{"@type":"PropertyValueSpecification","valueRequired":true,"valueName":"search_term_string"}}],"inLanguage":"pt-BR"},{"@type":"Organization","@id":"https:\/\/www.carmelitaniscalzi.com\/#organization","name":"CARMELITANI SCALZI - Curia Generale del Carmelo Teresiano","url":"https:\/\/www.carmelitaniscalzi.com\/","logo":{"@type":"ImageObject","inLanguage":"pt-BR","@id":"https:\/\/www.carmelitaniscalzi.com\/#\/schema\/logo\/image\/","url":"https:\/\/www.carmelitaniscalzi.com\/wp-content\/uploads\/2025\/11\/login-logo.png","contentUrl":"https:\/\/www.carmelitaniscalzi.com\/wp-content\/uploads\/2025\/11\/login-logo.png","width":256,"height":256,"caption":"CARMELITANI SCALZI - Curia Generale del Carmelo Teresiano"},"image":{"@id":"https:\/\/www.carmelitaniscalzi.com\/#\/schema\/logo\/image\/"},"sameAs":["https:\/\/www.facebook.com\/Curia-Generalizia-Carmelitani-Scalzi-658766940887784\/","https:\/\/x.com\/ocdcuria","https:\/\/www.youtube.com\/channel\/UC2J5ZL0ycOY0qBSTCLX_NGQ\/videos","https:\/\/www.instagram.com\/ocdinform\/"]},{"@type":"Person","@id":"https:\/\/www.carmelitaniscalzi.com\/#\/schema\/person\/6d1c0d9bea7b6625c437246a5d6da409","name":"ocd web master","image":{"@type":"ImageObject","inLanguage":"pt-BR","@id":"https:\/\/www.carmelitaniscalzi.com\/#\/schema\/person\/image\/","url":"https:\/\/secure.gravatar.com\/avatar\/41fbc5f82bad909fbaf2984c43fa50d8519ac5853e25b454d022b6868f80d0e7?s=96&d=mm&r=g","contentUrl":"https:\/\/secure.gravatar.com\/avatar\/41fbc5f82bad909fbaf2984c43fa50d8519ac5853e25b454d022b6868f80d0e7?s=96&d=mm&r=g","caption":"ocd web master"},"url":"https:\/\/www.carmelitaniscalzi.com\/pt-br\/author\/ocdwebmaster\/"}]}},"_links":{"self":[{"href":"https:\/\/www.carmelitaniscalzi.com\/pt-br\/wp-json\/wp\/v2\/posts\/13599","targetHints":{"allow":["GET"]}}],"collection":[{"href":"https:\/\/www.carmelitaniscalzi.com\/pt-br\/wp-json\/wp\/v2\/posts"}],"about":[{"href":"https:\/\/www.carmelitaniscalzi.com\/pt-br\/wp-json\/wp\/v2\/types\/post"}],"author":[{"embeddable":true,"href":"https:\/\/www.carmelitaniscalzi.com\/pt-br\/wp-json\/wp\/v2\/users\/7"}],"replies":[{"embeddable":true,"href":"https:\/\/www.carmelitaniscalzi.com\/pt-br\/wp-json\/wp\/v2\/comments?post=13599"}],"version-history":[{"count":0,"href":"https:\/\/www.carmelitaniscalzi.com\/pt-br\/wp-json\/wp\/v2\/posts\/13599\/revisions"}],"wp:featuredmedia":[{"embeddable":true,"href":"https:\/\/www.carmelitaniscalzi.com\/pt-br\/wp-json\/wp\/v2\/media\/13587"}],"wp:attachment":[{"href":"https:\/\/www.carmelitaniscalzi.com\/pt-br\/wp-json\/wp\/v2\/media?parent=13599"}],"wp:term":[{"taxonomy":"category","embeddable":true,"href":"https:\/\/www.carmelitaniscalzi.com\/pt-br\/wp-json\/wp\/v2\/categories?post=13599"},{"taxonomy":"post_tag","embeddable":true,"href":"https:\/\/www.carmelitaniscalzi.com\/pt-br\/wp-json\/wp\/v2\/tags?post=13599"}],"curies":[{"name":"wp","href":"https:\/\/api.w.org\/{rel}","templated":true}]}}