{"id":13289,"date":"2017-02-14T09:11:41","date_gmt":"2017-02-14T08:11:41","guid":{"rendered":"https:\/\/www.carmelitaniscalzi.com\/pt-br\/?p=13289"},"modified":"2021-05-23T14:11:43","modified_gmt":"2021-05-23T12:11:43","slug":"causa-de-canonizacao-da-irma-lucia","status":"publish","type":"post","link":"https:\/\/www.carmelitaniscalzi.com\/pt-br\/2017\/02\/14\/causa-de-canonizacao-da-irma-lucia\/","title":{"rendered":"Causa de canoniza\u00e7\u00e3o da Irm\u00e3 L\u00facia"},"content":{"rendered":"<p>A Diocese de Coimbra e a Vice Postula\u00e7\u00e3o da Causa de Canoniza\u00e7\u00e3o da Irm\u00e3 L\u00facia de Jesus informam que a Sess\u00e3o de Clausura do Inqu\u00e9rito Diocesano do Processo de Beatifica\u00e7\u00e3o e Canoniza\u00e7\u00e3o da Serva de Deus L\u00facia de Jesus ter\u00e1 lugar no dia 13 de fevereiro de 2017.<\/p>\n<p>O referido Inqu\u00e9rito Diocesano re\u00fane todos os escritos Irm\u00e3 L\u00facia, os depoimentos das testemunhas ouvidas acerca da sua fama de santidade e das suas virtudes heroicas.<\/p>\n<p>Ap\u00f3s a Sess\u00e3o de Clausura, todo o material recolhido ser\u00e1 entregue na Congrega\u00e7\u00e3o das Causas dos Santos, em Roma, que dar\u00e1 o adequado seguimento, de acordo com as normas estabelecidas pela Igreja.<\/p>\n<p>A Sess\u00e3o de Clausura, aberta \u00e0 participa\u00e7\u00e3o dos fi\u00e9is, tem o seguinte programa:<\/p>\n<p>&nbsp;<\/p>\n<p>Carmelo de Santa Teresa de Coimbra<\/p>\n<p>17h00 &#8211; Sess\u00e3o de Clausura<\/p>\n<p>18h00 &#8211; Missa de a\u00e7\u00e3o de gra\u00e7as<\/p>\n<p>&nbsp;<\/p>\n<p>S\u00e9 Nova de Coimbra<\/p>\n<p>21h30 &#8211; Concerto <em>O Meu Caminho<\/em><\/p>\n<p>Coro Sinf\u00f3nico Lisboa Cantat<\/p>\n<p>Coro Infantil do Conservat\u00f3rio Regional de Coimbra<\/p>\n<p>Orquestra Cl\u00e1ssica do Centro<\/p>\n<p>&nbsp;<\/p>\n<p>&nbsp;<\/p>\n<p>Coimbra, 13 de janeiro de 2017<\/p>\n<p>Pedro Miranda<\/p>\n<p>Vig\u00e1rio Geral da Diocese de Coimbra<\/p>\n<p><a href=\"https:\/\/www.carmelitaniscalzi.com\/wp-content\/uploads\/2017\/02\/2.jpg\"><img loading=\"lazy\" decoding=\"async\" class=\"alignnone size-medium wp-image-13291\" src=\"https:\/\/www.carmelitaniscalzi.com\/wp-content\/uploads\/2017\/02\/2-300x300.jpg\" alt=\"2\" width=\"300\" height=\"300\" srcset=\"https:\/\/www.carmelitaniscalzi.com\/wp-content\/uploads\/2017\/02\/2-300x300.jpg 300w, https:\/\/www.carmelitaniscalzi.com\/wp-content\/uploads\/2017\/02\/2-150x150.jpg 150w, https:\/\/www.carmelitaniscalzi.com\/wp-content\/uploads\/2017\/02\/2-55x55.jpg 55w, https:\/\/www.carmelitaniscalzi.com\/wp-content\/uploads\/2017\/02\/2-800x800.jpg 800w, https:\/\/www.carmelitaniscalzi.com\/wp-content\/uploads\/2017\/02\/2-580x580.jpg 580w, https:\/\/www.carmelitaniscalzi.com\/wp-content\/uploads\/2017\/02\/2.jpg 900w\" sizes=\"auto, (max-width: 300px) 100vw, 300px\" \/><\/a><\/p>\n","protected":false},"excerpt":{"rendered":"<p>A Diocese de Coimbra e a Vice Postula\u00e7\u00e3o da Causa de Canoniza\u00e7\u00e3o da Irm\u00e3 L\u00facia de Jesus informam que a Sess\u00e3o de Clausura do Inqu\u00e9rito Diocesano do Processo de Beatifica\u00e7\u00e3o e Canoniza\u00e7\u00e3o da Serva de Deus L\u00facia de Jesus ter\u00e1 lugar no dia 13 de fevereiro de 2017. O referido Inqu\u00e9rito Diocesano re\u00fane todos os [&hellip;]<\/p>\n","protected":false},"author":7,"featured_media":13290,"comment_status":"open","ping_status":"open","sticky":false,"template":"","format":"standard","meta":{"_acf_changed":false,"footnotes":""},"categories":[269,373],"tags":[],"class_list":["post-13289","post","type-post","status-publish","format-standard","has-post-thumbnail","hentry","category-noticias-postulacao","category-noticias"],"acf":[],"yoast_head":"<!-- This site is optimized with the Yoast SEO plugin v26.3 - https:\/\/yoast.com\/wordpress\/plugins\/seo\/ -->\n<title>Causa de canoniza\u00e7\u00e3o da Irm\u00e3 L\u00facia - CARMELITAS DESCAL\u00c7OS<\/title>\n<meta name=\"robots\" content=\"index, follow, max-snippet:-1, max-image-preview:large, max-video-preview:-1\" \/>\n<link rel=\"canonical\" href=\"https:\/\/www.carmelitaniscalzi.com\/pt-br\/2017\/02\/14\/causa-de-canonizacao-da-irma-lucia\/\" \/>\n<meta property=\"og:locale\" content=\"pt_BR\" \/>\n<meta property=\"og:type\" content=\"article\" \/>\n<meta property=\"og:title\" content=\"Causa de canoniza\u00e7\u00e3o da Irm\u00e3 L\u00facia - CARMELITAS DESCAL\u00c7OS\" \/>\n<meta property=\"og:description\" content=\"A Diocese de Coimbra e a Vice Postula\u00e7\u00e3o da Causa de Canoniza\u00e7\u00e3o da Irm\u00e3 L\u00facia de Jesus informam que a Sess\u00e3o de Clausura do Inqu\u00e9rito Diocesano do Processo de Beatifica\u00e7\u00e3o e Canoniza\u00e7\u00e3o da Serva de Deus L\u00facia de Jesus ter\u00e1 lugar no dia 13 de fevereiro de 2017. O referido Inqu\u00e9rito Diocesano re\u00fane todos os [&hellip;]\" \/>\n<meta property=\"og:url\" content=\"https:\/\/www.carmelitaniscalzi.com\/pt-br\/2017\/02\/14\/causa-de-canonizacao-da-irma-lucia\/\" \/>\n<meta property=\"og:site_name\" content=\"CARMELITAS DESCAL\u00c7OS\" \/>\n<meta property=\"article:publisher\" content=\"https:\/\/www.facebook.com\/Curia-Generalizia-Carmelitani-Scalzi-658766940887784\/\" \/>\n<meta property=\"article:published_time\" content=\"2017-02-14T08:11:41+00:00\" \/>\n<meta property=\"article:modified_time\" content=\"2021-05-23T12:11:43+00:00\" \/>\n<meta property=\"og:image\" content=\"https:\/\/www.carmelitaniscalzi.com\/wp-content\/uploads\/2017\/02\/1.png\" \/>\n\t<meta property=\"og:image:width\" content=\"334\" \/>\n\t<meta property=\"og:image:height\" content=\"268\" \/>\n\t<meta property=\"og:image:type\" content=\"image\/png\" \/>\n<meta name=\"author\" content=\"ocd web master\" \/>\n<meta name=\"twitter:card\" content=\"summary_large_image\" \/>\n<meta name=\"twitter:creator\" content=\"@ocdcuria\" \/>\n<meta name=\"twitter:site\" content=\"@ocdcuria\" \/>\n<meta name=\"twitter:label1\" content=\"Escrito por\" \/>\n\t<meta name=\"twitter:data1\" content=\"ocd web master\" \/>\n\t<meta name=\"twitter:label2\" content=\"Est. tempo de leitura\" \/>\n\t<meta name=\"twitter:data2\" content=\"1 minuto\" \/>\n<script type=\"application\/ld+json\" class=\"yoast-schema-graph\">{\"@context\":\"https:\/\/schema.org\",\"@graph\":[{\"@type\":\"Article\",\"@id\":\"https:\/\/www.carmelitaniscalzi.com\/pt-br\/2017\/02\/14\/causa-de-canonizacao-da-irma-lucia\/#article\",\"isPartOf\":{\"@id\":\"https:\/\/www.carmelitaniscalzi.com\/pt-br\/2017\/02\/14\/causa-de-canonizacao-da-irma-lucia\/\"},\"author\":{\"name\":\"ocd web master\",\"@id\":\"https:\/\/www.carmelitaniscalzi.com\/#\/schema\/person\/6d1c0d9bea7b6625c437246a5d6da409\"},\"headline\":\"Causa de canoniza\u00e7\u00e3o da Irm\u00e3 L\u00facia\",\"datePublished\":\"2017-02-14T08:11:41+00:00\",\"dateModified\":\"2021-05-23T12:11:43+00:00\",\"mainEntityOfPage\":{\"@id\":\"https:\/\/www.carmelitaniscalzi.com\/pt-br\/2017\/02\/14\/causa-de-canonizacao-da-irma-lucia\/\"},\"wordCount\":207,\"commentCount\":0,\"publisher\":{\"@id\":\"https:\/\/www.carmelitaniscalzi.com\/#organization\"},\"image\":{\"@id\":\"https:\/\/www.carmelitaniscalzi.com\/pt-br\/2017\/02\/14\/causa-de-canonizacao-da-irma-lucia\/#primaryimage\"},\"thumbnailUrl\":\"https:\/\/www.carmelitaniscalzi.com\/wp-content\/uploads\/2017\/02\/1.png\",\"articleSection\":[\"Not\u00edcias Postula\u00e7\u00e3o\",\"Not\u00edcias\"],\"inLanguage\":\"pt-BR\"},{\"@type\":\"WebPage\",\"@id\":\"https:\/\/www.carmelitaniscalzi.com\/pt-br\/2017\/02\/14\/causa-de-canonizacao-da-irma-lucia\/\",\"url\":\"https:\/\/www.carmelitaniscalzi.com\/pt-br\/2017\/02\/14\/causa-de-canonizacao-da-irma-lucia\/\",\"name\":\"Causa de canoniza\u00e7\u00e3o da Irm\u00e3 L\u00facia - CARMELITAS DESCAL\u00c7OS\",\"isPartOf\":{\"@id\":\"https:\/\/www.carmelitaniscalzi.com\/#website\"},\"primaryImageOfPage\":{\"@id\":\"https:\/\/www.carmelitaniscalzi.com\/pt-br\/2017\/02\/14\/causa-de-canonizacao-da-irma-lucia\/#primaryimage\"},\"image\":{\"@id\":\"https:\/\/www.carmelitaniscalzi.com\/pt-br\/2017\/02\/14\/causa-de-canonizacao-da-irma-lucia\/#primaryimage\"},\"thumbnailUrl\":\"https:\/\/www.carmelitaniscalzi.com\/wp-content\/uploads\/2017\/02\/1.png\",\"datePublished\":\"2017-02-14T08:11:41+00:00\",\"dateModified\":\"2021-05-23T12:11:43+00:00\",\"breadcrumb\":{\"@id\":\"https:\/\/www.carmelitaniscalzi.com\/pt-br\/2017\/02\/14\/causa-de-canonizacao-da-irma-lucia\/#breadcrumb\"},\"inLanguage\":\"pt-BR\",\"potentialAction\":[{\"@type\":\"ReadAction\",\"target\":[\"https:\/\/www.carmelitaniscalzi.com\/pt-br\/2017\/02\/14\/causa-de-canonizacao-da-irma-lucia\/\"]}]},{\"@type\":\"ImageObject\",\"inLanguage\":\"pt-BR\",\"@id\":\"https:\/\/www.carmelitaniscalzi.com\/pt-br\/2017\/02\/14\/causa-de-canonizacao-da-irma-lucia\/#primaryimage\",\"url\":\"https:\/\/www.carmelitaniscalzi.com\/wp-content\/uploads\/2017\/02\/1.png\",\"contentUrl\":\"https:\/\/www.carmelitaniscalzi.com\/wp-content\/uploads\/2017\/02\/1.png\",\"width\":334,\"height\":268},{\"@type\":\"BreadcrumbList\",\"@id\":\"https:\/\/www.carmelitaniscalzi.com\/pt-br\/2017\/02\/14\/causa-de-canonizacao-da-irma-lucia\/#breadcrumb\",\"itemListElement\":[{\"@type\":\"ListItem\",\"position\":1,\"name\":\"Home\",\"item\":\"https:\/\/www.carmelitaniscalzi.com\/pt-br\/\"},{\"@type\":\"ListItem\",\"position\":2,\"name\":\"Causa de canoniza\u00e7\u00e3o da Irm\u00e3 L\u00facia\"}]},{\"@type\":\"WebSite\",\"@id\":\"https:\/\/www.carmelitaniscalzi.com\/#website\",\"url\":\"https:\/\/www.carmelitaniscalzi.com\/\",\"name\":\"CARMELITANI SCALZI - Curia Generale del Carmelo Teresiano\",\"description\":\"C\u00faria General\u00edcia do Carmelo Teresiano\",\"publisher\":{\"@id\":\"https:\/\/www.carmelitaniscalzi.com\/#organization\"},\"alternateName\":\"CARMELITANI SCALZI\",\"potentialAction\":[{\"@type\":\"SearchAction\",\"target\":{\"@type\":\"EntryPoint\",\"urlTemplate\":\"https:\/\/www.carmelitaniscalzi.com\/?s={search_term_string}\"},\"query-input\":{\"@type\":\"PropertyValueSpecification\",\"valueRequired\":true,\"valueName\":\"search_term_string\"}}],\"inLanguage\":\"pt-BR\"},{\"@type\":\"Organization\",\"@id\":\"https:\/\/www.carmelitaniscalzi.com\/#organization\",\"name\":\"CARMELITANI SCALZI - Curia Generale del Carmelo Teresiano\",\"url\":\"https:\/\/www.carmelitaniscalzi.com\/\",\"logo\":{\"@type\":\"ImageObject\",\"inLanguage\":\"pt-BR\",\"@id\":\"https:\/\/www.carmelitaniscalzi.com\/#\/schema\/logo\/image\/\",\"url\":\"https:\/\/www.carmelitaniscalzi.com\/wp-content\/uploads\/2025\/11\/login-logo.png\",\"contentUrl\":\"https:\/\/www.carmelitaniscalzi.com\/wp-content\/uploads\/2025\/11\/login-logo.png\",\"width\":256,\"height\":256,\"caption\":\"CARMELITANI SCALZI - Curia Generale del Carmelo Teresiano\"},\"image\":{\"@id\":\"https:\/\/www.carmelitaniscalzi.com\/#\/schema\/logo\/image\/\"},\"sameAs\":[\"https:\/\/www.facebook.com\/Curia-Generalizia-Carmelitani-Scalzi-658766940887784\/\",\"https:\/\/x.com\/ocdcuria\",\"https:\/\/www.youtube.com\/channel\/UC2J5ZL0ycOY0qBSTCLX_NGQ\/videos\",\"https:\/\/www.instagram.com\/ocdinform\/\"]},{\"@type\":\"Person\",\"@id\":\"https:\/\/www.carmelitaniscalzi.com\/#\/schema\/person\/6d1c0d9bea7b6625c437246a5d6da409\",\"name\":\"ocd web master\",\"image\":{\"@type\":\"ImageObject\",\"inLanguage\":\"pt-BR\",\"@id\":\"https:\/\/www.carmelitaniscalzi.com\/#\/schema\/person\/image\/\",\"url\":\"https:\/\/secure.gravatar.com\/avatar\/41fbc5f82bad909fbaf2984c43fa50d8519ac5853e25b454d022b6868f80d0e7?s=96&d=mm&r=g\",\"contentUrl\":\"https:\/\/secure.gravatar.com\/avatar\/41fbc5f82bad909fbaf2984c43fa50d8519ac5853e25b454d022b6868f80d0e7?s=96&d=mm&r=g\",\"caption\":\"ocd web master\"},\"url\":\"https:\/\/www.carmelitaniscalzi.com\/pt-br\/author\/ocdwebmaster\/\"}]}<\/script>\n<!-- \/ Yoast SEO plugin. -->","yoast_head_json":{"title":"Causa de canoniza\u00e7\u00e3o da Irm\u00e3 L\u00facia - CARMELITAS DESCAL\u00c7OS","robots":{"index":"index","follow":"follow","max-snippet":"max-snippet:-1","max-image-preview":"max-image-preview:large","max-video-preview":"max-video-preview:-1"},"canonical":"https:\/\/www.carmelitaniscalzi.com\/pt-br\/2017\/02\/14\/causa-de-canonizacao-da-irma-lucia\/","og_locale":"pt_BR","og_type":"article","og_title":"Causa de canoniza\u00e7\u00e3o da Irm\u00e3 L\u00facia - CARMELITAS DESCAL\u00c7OS","og_description":"A Diocese de Coimbra e a Vice Postula\u00e7\u00e3o da Causa de Canoniza\u00e7\u00e3o da Irm\u00e3 L\u00facia de Jesus informam que a Sess\u00e3o de Clausura do Inqu\u00e9rito Diocesano do Processo de Beatifica\u00e7\u00e3o e Canoniza\u00e7\u00e3o da Serva de Deus L\u00facia de Jesus ter\u00e1 lugar no dia 13 de fevereiro de 2017. O referido Inqu\u00e9rito Diocesano re\u00fane todos os [&hellip;]","og_url":"https:\/\/www.carmelitaniscalzi.com\/pt-br\/2017\/02\/14\/causa-de-canonizacao-da-irma-lucia\/","og_site_name":"CARMELITAS DESCAL\u00c7OS","article_publisher":"https:\/\/www.facebook.com\/Curia-Generalizia-Carmelitani-Scalzi-658766940887784\/","article_published_time":"2017-02-14T08:11:41+00:00","article_modified_time":"2021-05-23T12:11:43+00:00","og_image":[{"width":334,"height":268,"url":"https:\/\/www.carmelitaniscalzi.com\/wp-content\/uploads\/2017\/02\/1.png","type":"image\/png"}],"author":"ocd web master","twitter_card":"summary_large_image","twitter_creator":"@ocdcuria","twitter_site":"@ocdcuria","twitter_misc":{"Escrito por":"ocd web master","Est. tempo de leitura":"1 minuto"},"schema":{"@context":"https:\/\/schema.org","@graph":[{"@type":"Article","@id":"https:\/\/www.carmelitaniscalzi.com\/pt-br\/2017\/02\/14\/causa-de-canonizacao-da-irma-lucia\/#article","isPartOf":{"@id":"https:\/\/www.carmelitaniscalzi.com\/pt-br\/2017\/02\/14\/causa-de-canonizacao-da-irma-lucia\/"},"author":{"name":"ocd web master","@id":"https:\/\/www.carmelitaniscalzi.com\/#\/schema\/person\/6d1c0d9bea7b6625c437246a5d6da409"},"headline":"Causa de canoniza\u00e7\u00e3o da Irm\u00e3 L\u00facia","datePublished":"2017-02-14T08:11:41+00:00","dateModified":"2021-05-23T12:11:43+00:00","mainEntityOfPage":{"@id":"https:\/\/www.carmelitaniscalzi.com\/pt-br\/2017\/02\/14\/causa-de-canonizacao-da-irma-lucia\/"},"wordCount":207,"commentCount":0,"publisher":{"@id":"https:\/\/www.carmelitaniscalzi.com\/#organization"},"image":{"@id":"https:\/\/www.carmelitaniscalzi.com\/pt-br\/2017\/02\/14\/causa-de-canonizacao-da-irma-lucia\/#primaryimage"},"thumbnailUrl":"https:\/\/www.carmelitaniscalzi.com\/wp-content\/uploads\/2017\/02\/1.png","articleSection":["Not\u00edcias Postula\u00e7\u00e3o","Not\u00edcias"],"inLanguage":"pt-BR"},{"@type":"WebPage","@id":"https:\/\/www.carmelitaniscalzi.com\/pt-br\/2017\/02\/14\/causa-de-canonizacao-da-irma-lucia\/","url":"https:\/\/www.carmelitaniscalzi.com\/pt-br\/2017\/02\/14\/causa-de-canonizacao-da-irma-lucia\/","name":"Causa de canoniza\u00e7\u00e3o da Irm\u00e3 L\u00facia - CARMELITAS DESCAL\u00c7OS","isPartOf":{"@id":"https:\/\/www.carmelitaniscalzi.com\/#website"},"primaryImageOfPage":{"@id":"https:\/\/www.carmelitaniscalzi.com\/pt-br\/2017\/02\/14\/causa-de-canonizacao-da-irma-lucia\/#primaryimage"},"image":{"@id":"https:\/\/www.carmelitaniscalzi.com\/pt-br\/2017\/02\/14\/causa-de-canonizacao-da-irma-lucia\/#primaryimage"},"thumbnailUrl":"https:\/\/www.carmelitaniscalzi.com\/wp-content\/uploads\/2017\/02\/1.png","datePublished":"2017-02-14T08:11:41+00:00","dateModified":"2021-05-23T12:11:43+00:00","breadcrumb":{"@id":"https:\/\/www.carmelitaniscalzi.com\/pt-br\/2017\/02\/14\/causa-de-canonizacao-da-irma-lucia\/#breadcrumb"},"inLanguage":"pt-BR","potentialAction":[{"@type":"ReadAction","target":["https:\/\/www.carmelitaniscalzi.com\/pt-br\/2017\/02\/14\/causa-de-canonizacao-da-irma-lucia\/"]}]},{"@type":"ImageObject","inLanguage":"pt-BR","@id":"https:\/\/www.carmelitaniscalzi.com\/pt-br\/2017\/02\/14\/causa-de-canonizacao-da-irma-lucia\/#primaryimage","url":"https:\/\/www.carmelitaniscalzi.com\/wp-content\/uploads\/2017\/02\/1.png","contentUrl":"https:\/\/www.carmelitaniscalzi.com\/wp-content\/uploads\/2017\/02\/1.png","width":334,"height":268},{"@type":"BreadcrumbList","@id":"https:\/\/www.carmelitaniscalzi.com\/pt-br\/2017\/02\/14\/causa-de-canonizacao-da-irma-lucia\/#breadcrumb","itemListElement":[{"@type":"ListItem","position":1,"name":"Home","item":"https:\/\/www.carmelitaniscalzi.com\/pt-br\/"},{"@type":"ListItem","position":2,"name":"Causa de canoniza\u00e7\u00e3o da Irm\u00e3 L\u00facia"}]},{"@type":"WebSite","@id":"https:\/\/www.carmelitaniscalzi.com\/#website","url":"https:\/\/www.carmelitaniscalzi.com\/","name":"CARMELITANI SCALZI - Curia Generale del Carmelo Teresiano","description":"C\u00faria General\u00edcia do Carmelo Teresiano","publisher":{"@id":"https:\/\/www.carmelitaniscalzi.com\/#organization"},"alternateName":"CARMELITANI SCALZI","potentialAction":[{"@type":"SearchAction","target":{"@type":"EntryPoint","urlTemplate":"https:\/\/www.carmelitaniscalzi.com\/?s={search_term_string}"},"query-input":{"@type":"PropertyValueSpecification","valueRequired":true,"valueName":"search_term_string"}}],"inLanguage":"pt-BR"},{"@type":"Organization","@id":"https:\/\/www.carmelitaniscalzi.com\/#organization","name":"CARMELITANI SCALZI - Curia Generale del Carmelo Teresiano","url":"https:\/\/www.carmelitaniscalzi.com\/","logo":{"@type":"ImageObject","inLanguage":"pt-BR","@id":"https:\/\/www.carmelitaniscalzi.com\/#\/schema\/logo\/image\/","url":"https:\/\/www.carmelitaniscalzi.com\/wp-content\/uploads\/2025\/11\/login-logo.png","contentUrl":"https:\/\/www.carmelitaniscalzi.com\/wp-content\/uploads\/2025\/11\/login-logo.png","width":256,"height":256,"caption":"CARMELITANI SCALZI - Curia Generale del Carmelo Teresiano"},"image":{"@id":"https:\/\/www.carmelitaniscalzi.com\/#\/schema\/logo\/image\/"},"sameAs":["https:\/\/www.facebook.com\/Curia-Generalizia-Carmelitani-Scalzi-658766940887784\/","https:\/\/x.com\/ocdcuria","https:\/\/www.youtube.com\/channel\/UC2J5ZL0ycOY0qBSTCLX_NGQ\/videos","https:\/\/www.instagram.com\/ocdinform\/"]},{"@type":"Person","@id":"https:\/\/www.carmelitaniscalzi.com\/#\/schema\/person\/6d1c0d9bea7b6625c437246a5d6da409","name":"ocd web master","image":{"@type":"ImageObject","inLanguage":"pt-BR","@id":"https:\/\/www.carmelitaniscalzi.com\/#\/schema\/person\/image\/","url":"https:\/\/secure.gravatar.com\/avatar\/41fbc5f82bad909fbaf2984c43fa50d8519ac5853e25b454d022b6868f80d0e7?s=96&d=mm&r=g","contentUrl":"https:\/\/secure.gravatar.com\/avatar\/41fbc5f82bad909fbaf2984c43fa50d8519ac5853e25b454d022b6868f80d0e7?s=96&d=mm&r=g","caption":"ocd web master"},"url":"https:\/\/www.carmelitaniscalzi.com\/pt-br\/author\/ocdwebmaster\/"}]}},"_links":{"self":[{"href":"https:\/\/www.carmelitaniscalzi.com\/pt-br\/wp-json\/wp\/v2\/posts\/13289","targetHints":{"allow":["GET"]}}],"collection":[{"href":"https:\/\/www.carmelitaniscalzi.com\/pt-br\/wp-json\/wp\/v2\/posts"}],"about":[{"href":"https:\/\/www.carmelitaniscalzi.com\/pt-br\/wp-json\/wp\/v2\/types\/post"}],"author":[{"embeddable":true,"href":"https:\/\/www.carmelitaniscalzi.com\/pt-br\/wp-json\/wp\/v2\/users\/7"}],"replies":[{"embeddable":true,"href":"https:\/\/www.carmelitaniscalzi.com\/pt-br\/wp-json\/wp\/v2\/comments?post=13289"}],"version-history":[{"count":0,"href":"https:\/\/www.carmelitaniscalzi.com\/pt-br\/wp-json\/wp\/v2\/posts\/13289\/revisions"}],"wp:featuredmedia":[{"embeddable":true,"href":"https:\/\/www.carmelitaniscalzi.com\/pt-br\/wp-json\/wp\/v2\/media\/13290"}],"wp:attachment":[{"href":"https:\/\/www.carmelitaniscalzi.com\/pt-br\/wp-json\/wp\/v2\/media?parent=13289"}],"wp:term":[{"taxonomy":"category","embeddable":true,"href":"https:\/\/www.carmelitaniscalzi.com\/pt-br\/wp-json\/wp\/v2\/categories?post=13289"},{"taxonomy":"post_tag","embeddable":true,"href":"https:\/\/www.carmelitaniscalzi.com\/pt-br\/wp-json\/wp\/v2\/tags?post=13289"}],"curies":[{"name":"wp","href":"https:\/\/api.w.org\/{rel}","templated":true}]}}