{"id":12723,"date":"2016-12-12T23:02:28","date_gmt":"2016-12-12T22:02:28","guid":{"rendered":"https:\/\/www.carmelitaniscalzi.com\/pt-br\/?p=12723"},"modified":"2016-12-12T23:03:40","modified_gmt":"2016-12-12T22:03:40","slug":"encontro-ocd-ocarm-no-monte-carmelo","status":"publish","type":"post","link":"https:\/\/www.carmelitaniscalzi.com\/pt-br\/2016\/12\/12\/encontro-ocd-ocarm-no-monte-carmelo\/","title":{"rendered":"Encontr\u00f3 OCD \u2013 Ocarm no Monte Carmelo"},"content":{"rendered":"<p>De 27 de novembro a 02 de dezembro de 2016 aconteceu em <em>Stella Maris <\/em>(Haifa \u2013 Israel) um encontro de conviv\u00eancia e de reflex\u00e3o entre os superiores gerais dos Carmelitas \u2013 Padre Fernando Mill\u00e1n \u2013 e dos Carmelitas Descal\u00e7os \u2013 Padre Saverio Cannistr\u00e0 \u2013, junto com os definidores ou conselheiros gerais de ambas as Ordens religiosas. A iniciativa insere-se no contexto da pr\u00e1xis de di\u00e1logo e proximidade fraternidade que tem sido habitual nos \u00faltimos tempos.<\/p>\n<p>O tema central do encontro foi o estudo das rela\u00e7\u00f5es entre vida consagrada e Igreja particular, a prop\u00f3sito da nova vers\u00e3o do documento <em>Mutuae Relationes<\/em>, que est\u00e1 em fase avan\u00e7ada de elabora\u00e7\u00e3o nas Congrega\u00e7\u00f5es vaticanas correspondentes. A reflex\u00e3o foi dirigida pelo Padre Agostino Montan, da Congrega\u00e7\u00e3o de S\u00e3o Jos\u00e9 (Josefinos de Murialdo), professor da Pontif\u00edcia Universidade Lateranense e reconhecido especialista no tema. Com ele percorreram a hist\u00f3ria da quest\u00e3o, com uma aten\u00e7\u00e3o especial \u00e0 perspectiva adotada pelo Conc\u00edlio Vaticano II e sua evolu\u00e7\u00e3o posterior, com a redescoberta da Igreja particular e da eclesiologia de comunh\u00e3o. Analisaram-se a situa\u00e7\u00e3o atual e as perspectivas de futuro, valorizando, entre outros elementos, a \u00eanfase do recente documento <em>Iuvenescit Ecclesia <\/em>na coessencialidade dos dons hier\u00e1rquicos e dos dons carism\u00e1ticos.<\/p>\n<p>O rico di\u00e1logo desses dias levou em conta especialmente a experi\u00eancia de nossas fam\u00edlias carmelitanas em distintas \u00e1reas (par\u00f3quias, miss\u00f5es, leigos&#8230;). Falou-se ainda da vida contemplativa feminina e das novas orienta\u00e7\u00f5es da Constitui\u00e7\u00e3o Apost\u00f3lica <em>Vultum Dei Quarere <\/em>e suas implica\u00e7\u00f5es nos distintos n\u00edveis (mosteiros, federa\u00e7\u00f5es, frades e monjas, dioceses, Congrega\u00e7\u00f5es vaticanas etc.).<\/p>\n<p>Por outro lado, durante os dias do encontro os participantes tiveram oportunidade de entrar em contato com o passado e o presente da presen\u00e7a carmelitana na terra de Israel. Uma das visitas emblem\u00e1ticas foi ao Wadi-es-Siah, ber\u00e7o da vida carmelitana; ali puderam comprovar e comentar os passos que, pouco a pouco, est\u00e3o sendo dados para conservar e dignificar os restos do mosteiro primitivo e para facilitar a peregrina\u00e7\u00e3o a esse lugar t\u00e3o significativo de nossa hist\u00f3ria. Tamb\u00e9m acercaram-se ao atual convento carmelitano do Muhraqa, vinculado \u00e0 tradi\u00e7\u00e3o do profeta Elias e lugar de destino de numerosos peregrinos e visitantes. A estadia na Terra Santa foi completada com um dia de peregrina\u00e7\u00e3o a lugares de forte sabor evang\u00e9lico, como o monte Tabor, Nazar\u00e9, Cafarnaum e o lago da Galileia.<\/p>\n<p>A experi\u00eancia vivida serviu para refor\u00e7ar a rela\u00e7\u00e3o cordial e fraterna entre os governos gerais de nossas fam\u00edlias religiosas e para renovar o desejo de continuar vivendo e transmitindo o estilo de vida evang\u00e9lica que nasceu na terra da B\u00edblia e agora se estende pelo mundo inteiro, sob m\u00faltiplas formas e matizes. Todos nos sentimos chamados, no esp\u00edrito da Regra dada por Santo Alberto aos primeiros eremitas do Monte Carmelo, a \u201cviver em obs\u00e9quio de Jesus Cristo, servindo-o lealmente com cora\u00e7\u00e3o puro e boa consci\u00eancia\u201d, \u201cmeditando dia e noite a lei do Senhor\u201d.<\/p>\n<p><a href=\"https:\/\/www.carmelitaniscalzi.com\/wp-content\/uploads\/2016\/12\/09.jpg\"><img loading=\"lazy\" decoding=\"async\" class=\"alignnone size-medium wp-image-12709\" src=\"https:\/\/www.carmelitaniscalzi.com\/wp-content\/uploads\/2016\/12\/09-225x300.jpg\" alt=\"09\" width=\"225\" height=\"300\" srcset=\"https:\/\/www.carmelitaniscalzi.com\/wp-content\/uploads\/2016\/12\/09-225x300.jpg 225w, https:\/\/www.carmelitaniscalzi.com\/wp-content\/uploads\/2016\/12\/09-768x1024.jpg 768w, https:\/\/www.carmelitaniscalzi.com\/wp-content\/uploads\/2016\/12\/09-41x55.jpg 41w, https:\/\/www.carmelitaniscalzi.com\/wp-content\/uploads\/2016\/12\/09-800x1067.jpg 800w, https:\/\/www.carmelitaniscalzi.com\/wp-content\/uploads\/2016\/12\/09-580x773.jpg 580w, https:\/\/www.carmelitaniscalzi.com\/wp-content\/uploads\/2016\/12\/09.jpg 1200w\" sizes=\"auto, (max-width: 225px) 100vw, 225px\" \/><\/a> <a href=\"https:\/\/www.carmelitaniscalzi.com\/wp-content\/uploads\/2016\/12\/08.jpeg\"><img loading=\"lazy\" decoding=\"async\" class=\"alignnone size-medium wp-image-12708\" src=\"https:\/\/www.carmelitaniscalzi.com\/wp-content\/uploads\/2016\/12\/08-300x169.jpeg\" alt=\"08\" width=\"300\" height=\"169\" srcset=\"https:\/\/www.carmelitaniscalzi.com\/wp-content\/uploads\/2016\/12\/08-300x169.jpeg 300w, https:\/\/www.carmelitaniscalzi.com\/wp-content\/uploads\/2016\/12\/08-1024x576.jpeg 1024w, https:\/\/www.carmelitaniscalzi.com\/wp-content\/uploads\/2016\/12\/08-98x55.jpeg 98w, https:\/\/www.carmelitaniscalzi.com\/wp-content\/uploads\/2016\/12\/08-800x450.jpeg 800w, https:\/\/www.carmelitaniscalzi.com\/wp-content\/uploads\/2016\/12\/08-270x152.jpeg 270w, https:\/\/www.carmelitaniscalzi.com\/wp-content\/uploads\/2016\/12\/08-580x326.jpeg 580w, https:\/\/www.carmelitaniscalzi.com\/wp-content\/uploads\/2016\/12\/08.jpeg 1334w\" sizes=\"auto, (max-width: 300px) 100vw, 300px\" \/><\/a> <a href=\"https:\/\/www.carmelitaniscalzi.com\/wp-content\/uploads\/2016\/12\/07.jpeg\"><img loading=\"lazy\" decoding=\"async\" class=\"alignnone size-medium wp-image-12707\" src=\"https:\/\/www.carmelitaniscalzi.com\/wp-content\/uploads\/2016\/12\/07-300x169.jpeg\" alt=\"07\" width=\"300\" height=\"169\" srcset=\"https:\/\/www.carmelitaniscalzi.com\/wp-content\/uploads\/2016\/12\/07-300x169.jpeg 300w, https:\/\/www.carmelitaniscalzi.com\/wp-content\/uploads\/2016\/12\/07-1024x576.jpeg 1024w, https:\/\/www.carmelitaniscalzi.com\/wp-content\/uploads\/2016\/12\/07-98x55.jpeg 98w, https:\/\/www.carmelitaniscalzi.com\/wp-content\/uploads\/2016\/12\/07-800x450.jpeg 800w, https:\/\/www.carmelitaniscalzi.com\/wp-content\/uploads\/2016\/12\/07-270x152.jpeg 270w, https:\/\/www.carmelitaniscalzi.com\/wp-content\/uploads\/2016\/12\/07-580x326.jpeg 580w, https:\/\/www.carmelitaniscalzi.com\/wp-content\/uploads\/2016\/12\/07.jpeg 1334w\" sizes=\"auto, (max-width: 300px) 100vw, 300px\" \/><\/a> <a href=\"https:\/\/www.carmelitaniscalzi.com\/wp-content\/uploads\/2016\/12\/06.jpg\"><img loading=\"lazy\" decoding=\"async\" class=\"alignnone size-medium wp-image-12706\" src=\"https:\/\/www.carmelitaniscalzi.com\/wp-content\/uploads\/2016\/12\/06-300x225.jpg\" alt=\"06\" width=\"300\" height=\"225\" srcset=\"https:\/\/www.carmelitaniscalzi.com\/wp-content\/uploads\/2016\/12\/06-300x225.jpg 300w, https:\/\/www.carmelitaniscalzi.com\/wp-content\/uploads\/2016\/12\/06-73x55.jpg 73w, https:\/\/www.carmelitaniscalzi.com\/wp-content\/uploads\/2016\/12\/06-580x435.jpg 580w, https:\/\/www.carmelitaniscalzi.com\/wp-content\/uploads\/2016\/12\/06.jpg 640w\" sizes=\"auto, (max-width: 300px) 100vw, 300px\" \/><\/a> <a href=\"https:\/\/www.carmelitaniscalzi.com\/wp-content\/uploads\/2016\/12\/052.jpg\"><img loading=\"lazy\" decoding=\"async\" class=\"alignnone size-medium wp-image-12705\" src=\"https:\/\/www.carmelitaniscalzi.com\/wp-content\/uploads\/2016\/12\/052-225x300.jpg\" alt=\"05\" width=\"225\" height=\"300\" srcset=\"https:\/\/www.carmelitaniscalzi.com\/wp-content\/uploads\/2016\/12\/052-225x300.jpg 225w, https:\/\/www.carmelitaniscalzi.com\/wp-content\/uploads\/2016\/12\/052-41x55.jpg 41w, https:\/\/www.carmelitaniscalzi.com\/wp-content\/uploads\/2016\/12\/052.jpg 480w\" sizes=\"auto, (max-width: 225px) 100vw, 225px\" \/><\/a> <a href=\"https:\/\/www.carmelitaniscalzi.com\/wp-content\/uploads\/2016\/12\/041.jpeg\"><img loading=\"lazy\" decoding=\"async\" class=\"alignnone size-medium wp-image-12704\" src=\"https:\/\/www.carmelitaniscalzi.com\/wp-content\/uploads\/2016\/12\/041-300x120.jpeg\" alt=\"04\" width=\"300\" height=\"120\" srcset=\"https:\/\/www.carmelitaniscalzi.com\/wp-content\/uploads\/2016\/12\/041-300x120.jpeg 300w, https:\/\/www.carmelitaniscalzi.com\/wp-content\/uploads\/2016\/12\/041-1024x408.jpeg 1024w, https:\/\/www.carmelitaniscalzi.com\/wp-content\/uploads\/2016\/12\/041-138x55.jpeg 138w, https:\/\/www.carmelitaniscalzi.com\/wp-content\/uploads\/2016\/12\/041.jpeg 1600w, https:\/\/www.carmelitaniscalzi.com\/wp-content\/uploads\/2016\/12\/041-800x319.jpeg 800w, https:\/\/www.carmelitaniscalzi.com\/wp-content\/uploads\/2016\/12\/041-580x231.jpeg 580w\" sizes=\"auto, (max-width: 300px) 100vw, 300px\" \/><\/a> <a href=\"https:\/\/www.carmelitaniscalzi.com\/wp-content\/uploads\/2016\/12\/032.jpg\"><img loading=\"lazy\" decoding=\"async\" class=\"alignnone size-medium wp-image-12703\" src=\"https:\/\/www.carmelitaniscalzi.com\/wp-content\/uploads\/2016\/12\/032-300x238.jpg\" alt=\"03\" width=\"300\" height=\"238\" srcset=\"https:\/\/www.carmelitaniscalzi.com\/wp-content\/uploads\/2016\/12\/032-300x238.jpg 300w, https:\/\/www.carmelitaniscalzi.com\/wp-content\/uploads\/2016\/12\/032-1024x813.jpg 1024w, https:\/\/www.carmelitaniscalzi.com\/wp-content\/uploads\/2016\/12\/032-69x55.jpg 69w, https:\/\/www.carmelitaniscalzi.com\/wp-content\/uploads\/2016\/12\/032-800x635.jpg 800w, https:\/\/www.carmelitaniscalzi.com\/wp-content\/uploads\/2016\/12\/032-580x460.jpg 580w, https:\/\/www.carmelitaniscalzi.com\/wp-content\/uploads\/2016\/12\/032.jpg 1361w\" sizes=\"auto, (max-width: 300px) 100vw, 300px\" \/><\/a><\/p>\n","protected":false},"excerpt":{"rendered":"<p>De 27 de novembro a 02 de dezembro de 2016 aconteceu em Stella Maris (Haifa \u2013 Israel) um encontro de conviv\u00eancia e de reflex\u00e3o entre os superiores gerais dos Carmelitas \u2013 Padre Fernando Mill\u00e1n \u2013 e dos Carmelitas Descal\u00e7os \u2013 Padre Saverio Cannistr\u00e0 \u2013, junto com os definidores ou conselheiros gerais de ambas as Ordens [&hellip;]<\/p>\n","protected":false},"author":7,"featured_media":12702,"comment_status":"closed","ping_status":"closed","sticky":false,"template":"","format":"standard","meta":{"_acf_changed":false,"footnotes":""},"categories":[235,373],"tags":[],"class_list":["post-12723","post","type-post","status-publish","format-standard","has-post-thumbnail","hentry","category-noticias-frades","category-noticias"],"acf":[],"yoast_head":"<!-- This site is optimized with the Yoast SEO plugin v26.3 - https:\/\/yoast.com\/wordpress\/plugins\/seo\/ -->\n<title>Encontr\u00f3 OCD \u2013 Ocarm no Monte Carmelo - CARMELITAS DESCAL\u00c7OS<\/title>\n<meta name=\"robots\" content=\"index, follow, max-snippet:-1, max-image-preview:large, max-video-preview:-1\" \/>\n<link rel=\"canonical\" href=\"https:\/\/www.carmelitaniscalzi.com\/pt-br\/2016\/12\/12\/encontro-ocd-ocarm-no-monte-carmelo\/\" \/>\n<meta property=\"og:locale\" content=\"pt_BR\" \/>\n<meta property=\"og:type\" content=\"article\" \/>\n<meta property=\"og:title\" content=\"Encontr\u00f3 OCD \u2013 Ocarm no Monte Carmelo - CARMELITAS DESCAL\u00c7OS\" \/>\n<meta property=\"og:description\" content=\"De 27 de novembro a 02 de dezembro de 2016 aconteceu em Stella Maris (Haifa \u2013 Israel) um encontro de conviv\u00eancia e de reflex\u00e3o entre os superiores gerais dos Carmelitas \u2013 Padre Fernando Mill\u00e1n \u2013 e dos Carmelitas Descal\u00e7os \u2013 Padre Saverio Cannistr\u00e0 \u2013, junto com os definidores ou conselheiros gerais de ambas as Ordens [&hellip;]\" \/>\n<meta property=\"og:url\" content=\"https:\/\/www.carmelitaniscalzi.com\/pt-br\/2016\/12\/12\/encontro-ocd-ocarm-no-monte-carmelo\/\" \/>\n<meta property=\"og:site_name\" content=\"CARMELITAS DESCAL\u00c7OS\" \/>\n<meta property=\"article:publisher\" content=\"https:\/\/www.facebook.com\/Curia-Generalizia-Carmelitani-Scalzi-658766940887784\/\" \/>\n<meta property=\"article:published_time\" content=\"2016-12-12T22:02:28+00:00\" \/>\n<meta property=\"article:modified_time\" content=\"2016-12-12T22:03:40+00:00\" \/>\n<meta property=\"og:image\" content=\"https:\/\/www.carmelitaniscalzi.com\/wp-content\/uploads\/2016\/12\/023.jpg\" \/>\n\t<meta property=\"og:image:width\" content=\"1280\" \/>\n\t<meta property=\"og:image:height\" content=\"960\" \/>\n\t<meta property=\"og:image:type\" content=\"image\/jpeg\" \/>\n<meta name=\"author\" content=\"ocd web master\" \/>\n<meta name=\"twitter:card\" content=\"summary_large_image\" \/>\n<meta name=\"twitter:creator\" content=\"@ocdcuria\" \/>\n<meta name=\"twitter:site\" content=\"@ocdcuria\" \/>\n<meta name=\"twitter:label1\" content=\"Escrito por\" \/>\n\t<meta name=\"twitter:data1\" content=\"ocd web master\" \/>\n\t<meta name=\"twitter:label2\" content=\"Est. tempo de leitura\" \/>\n\t<meta name=\"twitter:data2\" content=\"3 minutos\" \/>\n<script type=\"application\/ld+json\" class=\"yoast-schema-graph\">{\"@context\":\"https:\/\/schema.org\",\"@graph\":[{\"@type\":\"Article\",\"@id\":\"https:\/\/www.carmelitaniscalzi.com\/pt-br\/2016\/12\/12\/encontro-ocd-ocarm-no-monte-carmelo\/#article\",\"isPartOf\":{\"@id\":\"https:\/\/www.carmelitaniscalzi.com\/pt-br\/2016\/12\/12\/encontro-ocd-ocarm-no-monte-carmelo\/\"},\"author\":{\"name\":\"ocd web master\",\"@id\":\"https:\/\/www.carmelitaniscalzi.com\/#\/schema\/person\/6d1c0d9bea7b6625c437246a5d6da409\"},\"headline\":\"Encontr\u00f3 OCD \u2013 Ocarm no Monte Carmelo\",\"datePublished\":\"2016-12-12T22:02:28+00:00\",\"dateModified\":\"2016-12-12T22:03:40+00:00\",\"mainEntityOfPage\":{\"@id\":\"https:\/\/www.carmelitaniscalzi.com\/pt-br\/2016\/12\/12\/encontro-ocd-ocarm-no-monte-carmelo\/\"},\"wordCount\":527,\"publisher\":{\"@id\":\"https:\/\/www.carmelitaniscalzi.com\/#organization\"},\"image\":{\"@id\":\"https:\/\/www.carmelitaniscalzi.com\/pt-br\/2016\/12\/12\/encontro-ocd-ocarm-no-monte-carmelo\/#primaryimage\"},\"thumbnailUrl\":\"https:\/\/www.carmelitaniscalzi.com\/wp-content\/uploads\/2016\/12\/023.jpg\",\"articleSection\":[\"Not\u00edcias Frades\",\"Not\u00edcias\"],\"inLanguage\":\"pt-BR\"},{\"@type\":\"WebPage\",\"@id\":\"https:\/\/www.carmelitaniscalzi.com\/pt-br\/2016\/12\/12\/encontro-ocd-ocarm-no-monte-carmelo\/\",\"url\":\"https:\/\/www.carmelitaniscalzi.com\/pt-br\/2016\/12\/12\/encontro-ocd-ocarm-no-monte-carmelo\/\",\"name\":\"Encontr\u00f3 OCD \u2013 Ocarm no Monte Carmelo - CARMELITAS DESCAL\u00c7OS\",\"isPartOf\":{\"@id\":\"https:\/\/www.carmelitaniscalzi.com\/#website\"},\"primaryImageOfPage\":{\"@id\":\"https:\/\/www.carmelitaniscalzi.com\/pt-br\/2016\/12\/12\/encontro-ocd-ocarm-no-monte-carmelo\/#primaryimage\"},\"image\":{\"@id\":\"https:\/\/www.carmelitaniscalzi.com\/pt-br\/2016\/12\/12\/encontro-ocd-ocarm-no-monte-carmelo\/#primaryimage\"},\"thumbnailUrl\":\"https:\/\/www.carmelitaniscalzi.com\/wp-content\/uploads\/2016\/12\/023.jpg\",\"datePublished\":\"2016-12-12T22:02:28+00:00\",\"dateModified\":\"2016-12-12T22:03:40+00:00\",\"breadcrumb\":{\"@id\":\"https:\/\/www.carmelitaniscalzi.com\/pt-br\/2016\/12\/12\/encontro-ocd-ocarm-no-monte-carmelo\/#breadcrumb\"},\"inLanguage\":\"pt-BR\",\"potentialAction\":[{\"@type\":\"ReadAction\",\"target\":[\"https:\/\/www.carmelitaniscalzi.com\/pt-br\/2016\/12\/12\/encontro-ocd-ocarm-no-monte-carmelo\/\"]}]},{\"@type\":\"ImageObject\",\"inLanguage\":\"pt-BR\",\"@id\":\"https:\/\/www.carmelitaniscalzi.com\/pt-br\/2016\/12\/12\/encontro-ocd-ocarm-no-monte-carmelo\/#primaryimage\",\"url\":\"https:\/\/www.carmelitaniscalzi.com\/wp-content\/uploads\/2016\/12\/023.jpg\",\"contentUrl\":\"https:\/\/www.carmelitaniscalzi.com\/wp-content\/uploads\/2016\/12\/023.jpg\",\"width\":1280,\"height\":960},{\"@type\":\"BreadcrumbList\",\"@id\":\"https:\/\/www.carmelitaniscalzi.com\/pt-br\/2016\/12\/12\/encontro-ocd-ocarm-no-monte-carmelo\/#breadcrumb\",\"itemListElement\":[{\"@type\":\"ListItem\",\"position\":1,\"name\":\"Home\",\"item\":\"https:\/\/www.carmelitaniscalzi.com\/pt-br\/\"},{\"@type\":\"ListItem\",\"position\":2,\"name\":\"Encontr\u00f3 OCD \u2013 Ocarm no Monte Carmelo\"}]},{\"@type\":\"WebSite\",\"@id\":\"https:\/\/www.carmelitaniscalzi.com\/#website\",\"url\":\"https:\/\/www.carmelitaniscalzi.com\/\",\"name\":\"CARMELITANI SCALZI - Curia Generale del Carmelo Teresiano\",\"description\":\"C\u00faria General\u00edcia do Carmelo Teresiano\",\"publisher\":{\"@id\":\"https:\/\/www.carmelitaniscalzi.com\/#organization\"},\"alternateName\":\"CARMELITANI SCALZI\",\"potentialAction\":[{\"@type\":\"SearchAction\",\"target\":{\"@type\":\"EntryPoint\",\"urlTemplate\":\"https:\/\/www.carmelitaniscalzi.com\/?s={search_term_string}\"},\"query-input\":{\"@type\":\"PropertyValueSpecification\",\"valueRequired\":true,\"valueName\":\"search_term_string\"}}],\"inLanguage\":\"pt-BR\"},{\"@type\":\"Organization\",\"@id\":\"https:\/\/www.carmelitaniscalzi.com\/#organization\",\"name\":\"CARMELITANI SCALZI - Curia Generale del Carmelo Teresiano\",\"url\":\"https:\/\/www.carmelitaniscalzi.com\/\",\"logo\":{\"@type\":\"ImageObject\",\"inLanguage\":\"pt-BR\",\"@id\":\"https:\/\/www.carmelitaniscalzi.com\/#\/schema\/logo\/image\/\",\"url\":\"https:\/\/www.carmelitaniscalzi.com\/wp-content\/uploads\/2025\/11\/login-logo.png\",\"contentUrl\":\"https:\/\/www.carmelitaniscalzi.com\/wp-content\/uploads\/2025\/11\/login-logo.png\",\"width\":256,\"height\":256,\"caption\":\"CARMELITANI SCALZI - Curia Generale del Carmelo Teresiano\"},\"image\":{\"@id\":\"https:\/\/www.carmelitaniscalzi.com\/#\/schema\/logo\/image\/\"},\"sameAs\":[\"https:\/\/www.facebook.com\/Curia-Generalizia-Carmelitani-Scalzi-658766940887784\/\",\"https:\/\/x.com\/ocdcuria\",\"https:\/\/www.youtube.com\/channel\/UC2J5ZL0ycOY0qBSTCLX_NGQ\/videos\",\"https:\/\/www.instagram.com\/ocdinform\/\"]},{\"@type\":\"Person\",\"@id\":\"https:\/\/www.carmelitaniscalzi.com\/#\/schema\/person\/6d1c0d9bea7b6625c437246a5d6da409\",\"name\":\"ocd web master\",\"image\":{\"@type\":\"ImageObject\",\"inLanguage\":\"pt-BR\",\"@id\":\"https:\/\/www.carmelitaniscalzi.com\/#\/schema\/person\/image\/\",\"url\":\"https:\/\/secure.gravatar.com\/avatar\/41fbc5f82bad909fbaf2984c43fa50d8519ac5853e25b454d022b6868f80d0e7?s=96&d=mm&r=g\",\"contentUrl\":\"https:\/\/secure.gravatar.com\/avatar\/41fbc5f82bad909fbaf2984c43fa50d8519ac5853e25b454d022b6868f80d0e7?s=96&d=mm&r=g\",\"caption\":\"ocd web master\"},\"url\":\"https:\/\/www.carmelitaniscalzi.com\/pt-br\/author\/ocdwebmaster\/\"}]}<\/script>\n<!-- \/ Yoast SEO plugin. -->","yoast_head_json":{"title":"Encontr\u00f3 OCD \u2013 Ocarm no Monte Carmelo - CARMELITAS DESCAL\u00c7OS","robots":{"index":"index","follow":"follow","max-snippet":"max-snippet:-1","max-image-preview":"max-image-preview:large","max-video-preview":"max-video-preview:-1"},"canonical":"https:\/\/www.carmelitaniscalzi.com\/pt-br\/2016\/12\/12\/encontro-ocd-ocarm-no-monte-carmelo\/","og_locale":"pt_BR","og_type":"article","og_title":"Encontr\u00f3 OCD \u2013 Ocarm no Monte Carmelo - CARMELITAS DESCAL\u00c7OS","og_description":"De 27 de novembro a 02 de dezembro de 2016 aconteceu em Stella Maris (Haifa \u2013 Israel) um encontro de conviv\u00eancia e de reflex\u00e3o entre os superiores gerais dos Carmelitas \u2013 Padre Fernando Mill\u00e1n \u2013 e dos Carmelitas Descal\u00e7os \u2013 Padre Saverio Cannistr\u00e0 \u2013, junto com os definidores ou conselheiros gerais de ambas as Ordens [&hellip;]","og_url":"https:\/\/www.carmelitaniscalzi.com\/pt-br\/2016\/12\/12\/encontro-ocd-ocarm-no-monte-carmelo\/","og_site_name":"CARMELITAS DESCAL\u00c7OS","article_publisher":"https:\/\/www.facebook.com\/Curia-Generalizia-Carmelitani-Scalzi-658766940887784\/","article_published_time":"2016-12-12T22:02:28+00:00","article_modified_time":"2016-12-12T22:03:40+00:00","og_image":[{"width":1280,"height":960,"url":"https:\/\/www.carmelitaniscalzi.com\/wp-content\/uploads\/2016\/12\/023.jpg","type":"image\/jpeg"}],"author":"ocd web master","twitter_card":"summary_large_image","twitter_creator":"@ocdcuria","twitter_site":"@ocdcuria","twitter_misc":{"Escrito por":"ocd web master","Est. tempo de leitura":"3 minutos"},"schema":{"@context":"https:\/\/schema.org","@graph":[{"@type":"Article","@id":"https:\/\/www.carmelitaniscalzi.com\/pt-br\/2016\/12\/12\/encontro-ocd-ocarm-no-monte-carmelo\/#article","isPartOf":{"@id":"https:\/\/www.carmelitaniscalzi.com\/pt-br\/2016\/12\/12\/encontro-ocd-ocarm-no-monte-carmelo\/"},"author":{"name":"ocd web master","@id":"https:\/\/www.carmelitaniscalzi.com\/#\/schema\/person\/6d1c0d9bea7b6625c437246a5d6da409"},"headline":"Encontr\u00f3 OCD \u2013 Ocarm no Monte Carmelo","datePublished":"2016-12-12T22:02:28+00:00","dateModified":"2016-12-12T22:03:40+00:00","mainEntityOfPage":{"@id":"https:\/\/www.carmelitaniscalzi.com\/pt-br\/2016\/12\/12\/encontro-ocd-ocarm-no-monte-carmelo\/"},"wordCount":527,"publisher":{"@id":"https:\/\/www.carmelitaniscalzi.com\/#organization"},"image":{"@id":"https:\/\/www.carmelitaniscalzi.com\/pt-br\/2016\/12\/12\/encontro-ocd-ocarm-no-monte-carmelo\/#primaryimage"},"thumbnailUrl":"https:\/\/www.carmelitaniscalzi.com\/wp-content\/uploads\/2016\/12\/023.jpg","articleSection":["Not\u00edcias Frades","Not\u00edcias"],"inLanguage":"pt-BR"},{"@type":"WebPage","@id":"https:\/\/www.carmelitaniscalzi.com\/pt-br\/2016\/12\/12\/encontro-ocd-ocarm-no-monte-carmelo\/","url":"https:\/\/www.carmelitaniscalzi.com\/pt-br\/2016\/12\/12\/encontro-ocd-ocarm-no-monte-carmelo\/","name":"Encontr\u00f3 OCD \u2013 Ocarm no Monte Carmelo - CARMELITAS DESCAL\u00c7OS","isPartOf":{"@id":"https:\/\/www.carmelitaniscalzi.com\/#website"},"primaryImageOfPage":{"@id":"https:\/\/www.carmelitaniscalzi.com\/pt-br\/2016\/12\/12\/encontro-ocd-ocarm-no-monte-carmelo\/#primaryimage"},"image":{"@id":"https:\/\/www.carmelitaniscalzi.com\/pt-br\/2016\/12\/12\/encontro-ocd-ocarm-no-monte-carmelo\/#primaryimage"},"thumbnailUrl":"https:\/\/www.carmelitaniscalzi.com\/wp-content\/uploads\/2016\/12\/023.jpg","datePublished":"2016-12-12T22:02:28+00:00","dateModified":"2016-12-12T22:03:40+00:00","breadcrumb":{"@id":"https:\/\/www.carmelitaniscalzi.com\/pt-br\/2016\/12\/12\/encontro-ocd-ocarm-no-monte-carmelo\/#breadcrumb"},"inLanguage":"pt-BR","potentialAction":[{"@type":"ReadAction","target":["https:\/\/www.carmelitaniscalzi.com\/pt-br\/2016\/12\/12\/encontro-ocd-ocarm-no-monte-carmelo\/"]}]},{"@type":"ImageObject","inLanguage":"pt-BR","@id":"https:\/\/www.carmelitaniscalzi.com\/pt-br\/2016\/12\/12\/encontro-ocd-ocarm-no-monte-carmelo\/#primaryimage","url":"https:\/\/www.carmelitaniscalzi.com\/wp-content\/uploads\/2016\/12\/023.jpg","contentUrl":"https:\/\/www.carmelitaniscalzi.com\/wp-content\/uploads\/2016\/12\/023.jpg","width":1280,"height":960},{"@type":"BreadcrumbList","@id":"https:\/\/www.carmelitaniscalzi.com\/pt-br\/2016\/12\/12\/encontro-ocd-ocarm-no-monte-carmelo\/#breadcrumb","itemListElement":[{"@type":"ListItem","position":1,"name":"Home","item":"https:\/\/www.carmelitaniscalzi.com\/pt-br\/"},{"@type":"ListItem","position":2,"name":"Encontr\u00f3 OCD \u2013 Ocarm no Monte Carmelo"}]},{"@type":"WebSite","@id":"https:\/\/www.carmelitaniscalzi.com\/#website","url":"https:\/\/www.carmelitaniscalzi.com\/","name":"CARMELITANI SCALZI - Curia Generale del Carmelo Teresiano","description":"C\u00faria General\u00edcia do Carmelo Teresiano","publisher":{"@id":"https:\/\/www.carmelitaniscalzi.com\/#organization"},"alternateName":"CARMELITANI SCALZI","potentialAction":[{"@type":"SearchAction","target":{"@type":"EntryPoint","urlTemplate":"https:\/\/www.carmelitaniscalzi.com\/?s={search_term_string}"},"query-input":{"@type":"PropertyValueSpecification","valueRequired":true,"valueName":"search_term_string"}}],"inLanguage":"pt-BR"},{"@type":"Organization","@id":"https:\/\/www.carmelitaniscalzi.com\/#organization","name":"CARMELITANI SCALZI - Curia Generale del Carmelo Teresiano","url":"https:\/\/www.carmelitaniscalzi.com\/","logo":{"@type":"ImageObject","inLanguage":"pt-BR","@id":"https:\/\/www.carmelitaniscalzi.com\/#\/schema\/logo\/image\/","url":"https:\/\/www.carmelitaniscalzi.com\/wp-content\/uploads\/2025\/11\/login-logo.png","contentUrl":"https:\/\/www.carmelitaniscalzi.com\/wp-content\/uploads\/2025\/11\/login-logo.png","width":256,"height":256,"caption":"CARMELITANI SCALZI - Curia Generale del Carmelo Teresiano"},"image":{"@id":"https:\/\/www.carmelitaniscalzi.com\/#\/schema\/logo\/image\/"},"sameAs":["https:\/\/www.facebook.com\/Curia-Generalizia-Carmelitani-Scalzi-658766940887784\/","https:\/\/x.com\/ocdcuria","https:\/\/www.youtube.com\/channel\/UC2J5ZL0ycOY0qBSTCLX_NGQ\/videos","https:\/\/www.instagram.com\/ocdinform\/"]},{"@type":"Person","@id":"https:\/\/www.carmelitaniscalzi.com\/#\/schema\/person\/6d1c0d9bea7b6625c437246a5d6da409","name":"ocd web master","image":{"@type":"ImageObject","inLanguage":"pt-BR","@id":"https:\/\/www.carmelitaniscalzi.com\/#\/schema\/person\/image\/","url":"https:\/\/secure.gravatar.com\/avatar\/41fbc5f82bad909fbaf2984c43fa50d8519ac5853e25b454d022b6868f80d0e7?s=96&d=mm&r=g","contentUrl":"https:\/\/secure.gravatar.com\/avatar\/41fbc5f82bad909fbaf2984c43fa50d8519ac5853e25b454d022b6868f80d0e7?s=96&d=mm&r=g","caption":"ocd web master"},"url":"https:\/\/www.carmelitaniscalzi.com\/pt-br\/author\/ocdwebmaster\/"}]}},"_links":{"self":[{"href":"https:\/\/www.carmelitaniscalzi.com\/pt-br\/wp-json\/wp\/v2\/posts\/12723","targetHints":{"allow":["GET"]}}],"collection":[{"href":"https:\/\/www.carmelitaniscalzi.com\/pt-br\/wp-json\/wp\/v2\/posts"}],"about":[{"href":"https:\/\/www.carmelitaniscalzi.com\/pt-br\/wp-json\/wp\/v2\/types\/post"}],"author":[{"embeddable":true,"href":"https:\/\/www.carmelitaniscalzi.com\/pt-br\/wp-json\/wp\/v2\/users\/7"}],"replies":[{"embeddable":true,"href":"https:\/\/www.carmelitaniscalzi.com\/pt-br\/wp-json\/wp\/v2\/comments?post=12723"}],"version-history":[{"count":0,"href":"https:\/\/www.carmelitaniscalzi.com\/pt-br\/wp-json\/wp\/v2\/posts\/12723\/revisions"}],"wp:featuredmedia":[{"embeddable":true,"href":"https:\/\/www.carmelitaniscalzi.com\/pt-br\/wp-json\/wp\/v2\/media\/12702"}],"wp:attachment":[{"href":"https:\/\/www.carmelitaniscalzi.com\/pt-br\/wp-json\/wp\/v2\/media?parent=12723"}],"wp:term":[{"taxonomy":"category","embeddable":true,"href":"https:\/\/www.carmelitaniscalzi.com\/pt-br\/wp-json\/wp\/v2\/categories?post=12723"},{"taxonomy":"post_tag","embeddable":true,"href":"https:\/\/www.carmelitaniscalzi.com\/pt-br\/wp-json\/wp\/v2\/tags?post=12723"}],"curies":[{"name":"wp","href":"https:\/\/api.w.org\/{rel}","templated":true}]}}