{"id":103594,"date":"2021-12-15T04:24:59","date_gmt":"2021-12-15T03:24:59","guid":{"rendered":"https:\/\/www.carmelitaniscalzi.com\/?p=103594"},"modified":"2021-12-17T04:26:46","modified_gmt":"2021-12-17T03:26:46","slug":"retiro-online-com-os-carmelitas-descalcos-inicio-24-de-novembro-2021","status":"publish","type":"post","link":"https:\/\/www.carmelitaniscalzi.com\/pt-br\/2021\/12\/15\/retiro-online-com-os-carmelitas-descalcos-inicio-24-de-novembro-2021\/","title":{"rendered":"RETIRO ONLINE Com os Carmelitas Descal\u00e7os Inicio: 24 de novembro 2021"},"content":{"rendered":"<p>Prepare-se para o Natal de Jesus com os Carmelitas Descal\u00e7os. Desde 2011 que os Carmelitas Descal\u00e7os t\u00eam vindo a oferecer retiros online para ajudar a preparar as duas grandes solenidades lit\u00fargicas do ano: Natal e P\u00e1scoa. Hoje mais de 81.000 pessoas seguem estes retiros em v\u00e1rias l\u00ednguas: Franc\u00eas, Ingl\u00eas, Espanhol, Portugu\u00eas, Italiano, Alem\u00e3o, Polaco, Romeno, Holand\u00eas, Checo e Indon\u00e9sio.<\/p>\n<p>Ap\u00f3s uma introdu\u00e7\u00e3o ao retiro a enviar na quarta-feira, dia 24 de novembro, receber\u00e1 um e-mail semanal todas as sextas-feiras. Poder\u00e1 fazer o download do conte\u00fado da semana em formato word ou PDF (PC ou vers\u00e3o mobile).<\/p>\n<p>&nbsp;<\/p>\n<p>As duas figuras que inspiram este retiro s\u00e3o Santa Teresinha do Menino Jesus (1873-1897) e Maria Montessori (1870-1952). S\u00e3o ambas doutoras. Uma conduz a Igreja \u00e0 inf\u00e2ncia espiritual e a outra conduz as crian\u00e7as para a Igreja. Mulheres, profetas, nutriram-se da fonte do mesmo Evangelho. Por meio das suas vozes, Deus levanta o misterioso v\u00e9u de seu rosto como uma crian\u00e7a.<\/p>\n<p>Cada medita\u00e7\u00e3o cont\u00e9m:<\/p>\n<p>\u25a0 uma medita\u00e7\u00e3o baseada no Evangelho e nos textos de Santa Teresa do Menino Jesus e Maria Montessori;<\/p>\n<p>\u25a0 um pequeno v\u00eddeo para melhor acolhermos o Evangelho;<\/p>\n<p>\u25a0 pistas concretas para o p\u00f4r em pr\u00e1tica;<\/p>\n<p>\u25a0 o calend\u00e1rio do Advento para a ora\u00e7\u00e3o di\u00e1ria.<\/p>\n<p>&nbsp;<\/p>\n<p>Se ainda o n\u00e3o fez, s\u00f3 resta inscrever-se gratuitamente (escolhendo a sua l\u00edngua) em: <a href=\"http:\/\/www.webretiro.karmel.at\/\">www.webretiro.karmel.at<\/a><\/p>\n<p>Bom retiro!<\/p>\n<p>&nbsp;<\/p>\n<div class=\"wpmf-gallerys wpmf-gallerys-life \" ><div id=\"gallery-1\"\n data-gutter-width=\"5\"\n  data-wpmfcolumns=\"5\" class=\"wpmf-gallery gallery-link-file gallery_life gallery-masonry gallery-columns-5 gallery-size-thumbnail wpmf-gallery-bottomspace-default wpmf-gallery-clear wpmf-has-border-radius-0 wpmf-gutterwidth-5\"><div class=\"wpmf-gallery-item\n     wpmf-gallery-item-position-0 wpmf-gallery-item-attachment-103550\" data-index=\"0\"><div class=\"wpmf-gallery-icon\"><a class=\" not_video noLightbox\" data-lightbox=\"1\" data-href=\"https:\/\/www.carmelitaniscalzi.com\/wp-content\/uploads\/2021\/12\/251593772_4472664196164687_198432313672408980_n.jpg\" title=\"251593772_4472664196164687_198432313672408980_n\" target=\"_self\" data-index=\"0\"><img decoding=\"async\" class=\"wpmf_img\" alt=\"251593772_4472664196164687_198432313672408980_n\" src=\"https:\/\/www.carmelitaniscalzi.com\/wp-content\/uploads\/2021\/12\/251593772_4472664196164687_198432313672408980_n-150x150.jpg\" data-type=\"wpmfgalleryimg\" data-lazy-src=\"https:\/\/www.carmelitaniscalzi.com\/wp-content\/uploads\/2021\/12\/251593772_4472664196164687_198432313672408980_n-150x150.jpg\"><\/a><\/div><\/div><div class=\"wpmf-gallery-item\n     wpmf-gallery-item-position-1 wpmf-gallery-item-attachment-103574\" data-index=\"1\"><div class=\"wpmf-gallery-icon\"><a class=\" not_video noLightbox\" data-lightbox=\"1\" data-href=\"https:\/\/www.carmelitaniscalzi.com\/wp-content\/uploads\/2021\/12\/mariamontessori-735x1024.jpg\" title=\"mariamontessori\" target=\"_self\" data-index=\"1\"><img decoding=\"async\" class=\"wpmf_img\" alt=\"mariamontessori\" src=\"https:\/\/www.carmelitaniscalzi.com\/wp-content\/uploads\/2021\/12\/mariamontessori-150x150.jpg\" data-type=\"wpmfgalleryimg\" data-lazy-src=\"https:\/\/www.carmelitaniscalzi.com\/wp-content\/uploads\/2021\/12\/mariamontessori-150x150.jpg\"><\/a><\/div><\/div><div class=\"wpmf-gallery-item\n     wpmf-gallery-item-position-2 wpmf-gallery-item-attachment-103568\" data-index=\"2\"><div class=\"wpmf-gallery-icon\"><a class=\" not_video noLightbox\" data-lightbox=\"1\" data-href=\"https:\/\/www.carmelitaniscalzi.com\/wp-content\/uploads\/2021\/12\/maria-montessori-rome-children-1913-1024x683.jpeg\" title=\"maria-montessori-rome-children-1913\" target=\"_self\" data-index=\"2\"><img decoding=\"async\" class=\"wpmf_img\" alt=\"maria-montessori-rome-children-1913\" src=\"https:\/\/www.carmelitaniscalzi.com\/wp-content\/uploads\/2021\/12\/maria-montessori-rome-children-1913-150x150.jpeg\" data-type=\"wpmfgalleryimg\" data-lazy-src=\"https:\/\/www.carmelitaniscalzi.com\/wp-content\/uploads\/2021\/12\/maria-montessori-rome-children-1913-150x150.jpeg\"><\/a><\/div><\/div><div class=\"wpmf-gallery-item\n     wpmf-gallery-item-position-3 wpmf-gallery-item-attachment-103562\" data-index=\"3\"><div class=\"wpmf-gallery-icon\"><a class=\" not_video noLightbox\" data-lightbox=\"1\" data-href=\"https:\/\/www.carmelitaniscalzi.com\/wp-content\/uploads\/2021\/12\/maria-montessori-1598957596.jpg\" title=\"maria-montessori-1598957596\" target=\"_self\" data-index=\"3\"><img decoding=\"async\" class=\"wpmf_img\" alt=\"maria-montessori-1598957596\" src=\"https:\/\/www.carmelitaniscalzi.com\/wp-content\/uploads\/2021\/12\/maria-montessori-1598957596-150x150.jpg\" data-type=\"wpmfgalleryimg\" data-lazy-src=\"https:\/\/www.carmelitaniscalzi.com\/wp-content\/uploads\/2021\/12\/maria-montessori-1598957596-150x150.jpg\"><\/a><\/div><\/div><div class=\"wpmf-gallery-item\n     wpmf-gallery-item-position-4 wpmf-gallery-item-attachment-103544\" data-index=\"4\"><div class=\"wpmf-gallery-icon\"><a class=\" not_video noLightbox\" data-lightbox=\"1\" data-href=\"https:\/\/www.carmelitaniscalzi.com\/wp-content\/uploads\/2021\/12\/09-Maria-Montessori-with-Children_0_0_0_0-742x1024.jpg\" title=\"09-Maria-Montessori-with-Children_0_0_0_0\" target=\"_self\" data-index=\"4\"><img decoding=\"async\" class=\"wpmf_img\" alt=\"09-Maria-Montessori-with-Children_0_0_0_0\" src=\"https:\/\/www.carmelitaniscalzi.com\/wp-content\/uploads\/2021\/12\/09-Maria-Montessori-with-Children_0_0_0_0-150x150.jpg\" data-type=\"wpmfgalleryimg\" data-lazy-src=\"https:\/\/www.carmelitaniscalzi.com\/wp-content\/uploads\/2021\/12\/09-Maria-Montessori-with-Children_0_0_0_0-150x150.jpg\"><\/a><\/div><\/div><\/div><\/div>\n\n","protected":false},"excerpt":{"rendered":"<p>Prepare-se para o Natal de Jesus com os Carmelitas Descal\u00e7os. Desde 2011 que os Carmelitas Descal\u00e7os t\u00eam vindo a oferecer retiros online para ajudar a preparar as duas grandes solenidades lit\u00fargicas do ano: Natal e P\u00e1scoa. Hoje mais de 81.000 pessoas seguem estes retiros em v\u00e1rias l\u00ednguas: Franc\u00eas, Ingl\u00eas, Espanhol, Portugu\u00eas, Italiano, Alem\u00e3o, Polaco, Romeno, [&hellip;]<\/p>\n","protected":false},"author":7,"featured_media":103556,"comment_status":"closed","ping_status":"open","sticky":false,"template":"","format":"standard","meta":{"_acf_changed":false,"footnotes":""},"categories":[234,235,237,264,373],"tags":[],"class_list":["post-103594","post","type-post","status-publish","format-standard","has-post-thumbnail","hentry","category-noticias-formacao","category-noticias-frades","category-noticias-monjas-pt-br","category-noticias-ocds-pt-br","category-noticias"],"acf":[],"yoast_head":"<!-- This site is optimized with the Yoast SEO plugin v26.3 - https:\/\/yoast.com\/wordpress\/plugins\/seo\/ -->\n<title>RETIRO ONLINE Com os Carmelitas Descal\u00e7os Inicio: 24 de novembro 2021 - CARMELITAS DESCAL\u00c7OS<\/title>\n<meta name=\"robots\" content=\"index, follow, max-snippet:-1, max-image-preview:large, max-video-preview:-1\" \/>\n<link rel=\"canonical\" href=\"https:\/\/www.carmelitaniscalzi.com\/pt-br\/2021\/12\/15\/retiro-online-com-os-carmelitas-descalcos-inicio-24-de-novembro-2021\/\" \/>\n<meta property=\"og:locale\" content=\"pt_BR\" \/>\n<meta property=\"og:type\" content=\"article\" \/>\n<meta property=\"og:title\" content=\"RETIRO ONLINE Com os Carmelitas Descal\u00e7os Inicio: 24 de novembro 2021 - CARMELITAS DESCAL\u00c7OS\" \/>\n<meta property=\"og:description\" content=\"Prepare-se para o Natal de Jesus com os Carmelitas Descal\u00e7os. Desde 2011 que os Carmelitas Descal\u00e7os t\u00eam vindo a oferecer retiros online para ajudar a preparar as duas grandes solenidades lit\u00fargicas do ano: Natal e P\u00e1scoa. Hoje mais de 81.000 pessoas seguem estes retiros em v\u00e1rias l\u00ednguas: Franc\u00eas, Ingl\u00eas, Espanhol, Portugu\u00eas, Italiano, Alem\u00e3o, Polaco, Romeno, [&hellip;]\" \/>\n<meta property=\"og:url\" content=\"https:\/\/www.carmelitaniscalzi.com\/pt-br\/2021\/12\/15\/retiro-online-com-os-carmelitas-descalcos-inicio-24-de-novembro-2021\/\" \/>\n<meta property=\"og:site_name\" content=\"CARMELITAS DESCAL\u00c7OS\" \/>\n<meta property=\"article:publisher\" content=\"https:\/\/www.facebook.com\/Curia-Generalizia-Carmelitani-Scalzi-658766940887784\/\" \/>\n<meta property=\"article:published_time\" content=\"2021-12-15T03:24:59+00:00\" \/>\n<meta property=\"article:modified_time\" content=\"2021-12-17T03:26:46+00:00\" \/>\n<meta property=\"og:image\" content=\"https:\/\/www.carmelitaniscalzi.com\/wp-content\/uploads\/2021\/12\/cover_advent_2021.jpg\" \/>\n\t<meta property=\"og:image:width\" content=\"1000\" \/>\n\t<meta property=\"og:image:height\" content=\"600\" \/>\n\t<meta property=\"og:image:type\" content=\"image\/jpeg\" \/>\n<meta name=\"author\" content=\"ocd web master\" \/>\n<meta name=\"twitter:card\" content=\"summary_large_image\" \/>\n<meta name=\"twitter:creator\" content=\"@ocdcuria\" \/>\n<meta name=\"twitter:site\" content=\"@ocdcuria\" \/>\n<meta name=\"twitter:label1\" content=\"Escrito por\" \/>\n\t<meta name=\"twitter:data1\" content=\"ocd web master\" \/>\n\t<meta name=\"twitter:label2\" content=\"Est. tempo de leitura\" \/>\n\t<meta name=\"twitter:data2\" content=\"1 minuto\" \/>\n<script type=\"application\/ld+json\" class=\"yoast-schema-graph\">{\"@context\":\"https:\/\/schema.org\",\"@graph\":[{\"@type\":\"Article\",\"@id\":\"https:\/\/www.carmelitaniscalzi.com\/pt-br\/2021\/12\/15\/retiro-online-com-os-carmelitas-descalcos-inicio-24-de-novembro-2021\/#article\",\"isPartOf\":{\"@id\":\"https:\/\/www.carmelitaniscalzi.com\/pt-br\/2021\/12\/15\/retiro-online-com-os-carmelitas-descalcos-inicio-24-de-novembro-2021\/\"},\"author\":{\"name\":\"ocd web master\",\"@id\":\"https:\/\/www.carmelitaniscalzi.com\/#\/schema\/person\/6d1c0d9bea7b6625c437246a5d6da409\"},\"headline\":\"RETIRO ONLINE Com os Carmelitas Descal\u00e7os Inicio: 24 de novembro 2021\",\"datePublished\":\"2021-12-15T03:24:59+00:00\",\"dateModified\":\"2021-12-17T03:26:46+00:00\",\"mainEntityOfPage\":{\"@id\":\"https:\/\/www.carmelitaniscalzi.com\/pt-br\/2021\/12\/15\/retiro-online-com-os-carmelitas-descalcos-inicio-24-de-novembro-2021\/\"},\"wordCount\":273,\"publisher\":{\"@id\":\"https:\/\/www.carmelitaniscalzi.com\/#organization\"},\"image\":{\"@id\":\"https:\/\/www.carmelitaniscalzi.com\/pt-br\/2021\/12\/15\/retiro-online-com-os-carmelitas-descalcos-inicio-24-de-novembro-2021\/#primaryimage\"},\"thumbnailUrl\":\"https:\/\/www.carmelitaniscalzi.com\/wp-content\/uploads\/2021\/12\/cover_advent_2021.jpg\",\"articleSection\":[\"Not\u00edcias Forma\u00e7\u00e3o\",\"Not\u00edcias Frades\",\"Not\u00edcias Monjas\",\"Not\u00edcias OCDS\",\"Not\u00edcias\"],\"inLanguage\":\"pt-BR\"},{\"@type\":\"WebPage\",\"@id\":\"https:\/\/www.carmelitaniscalzi.com\/pt-br\/2021\/12\/15\/retiro-online-com-os-carmelitas-descalcos-inicio-24-de-novembro-2021\/\",\"url\":\"https:\/\/www.carmelitaniscalzi.com\/pt-br\/2021\/12\/15\/retiro-online-com-os-carmelitas-descalcos-inicio-24-de-novembro-2021\/\",\"name\":\"RETIRO ONLINE Com os Carmelitas Descal\u00e7os Inicio: 24 de novembro 2021 - CARMELITAS DESCAL\u00c7OS\",\"isPartOf\":{\"@id\":\"https:\/\/www.carmelitaniscalzi.com\/#website\"},\"primaryImageOfPage\":{\"@id\":\"https:\/\/www.carmelitaniscalzi.com\/pt-br\/2021\/12\/15\/retiro-online-com-os-carmelitas-descalcos-inicio-24-de-novembro-2021\/#primaryimage\"},\"image\":{\"@id\":\"https:\/\/www.carmelitaniscalzi.com\/pt-br\/2021\/12\/15\/retiro-online-com-os-carmelitas-descalcos-inicio-24-de-novembro-2021\/#primaryimage\"},\"thumbnailUrl\":\"https:\/\/www.carmelitaniscalzi.com\/wp-content\/uploads\/2021\/12\/cover_advent_2021.jpg\",\"datePublished\":\"2021-12-15T03:24:59+00:00\",\"dateModified\":\"2021-12-17T03:26:46+00:00\",\"breadcrumb\":{\"@id\":\"https:\/\/www.carmelitaniscalzi.com\/pt-br\/2021\/12\/15\/retiro-online-com-os-carmelitas-descalcos-inicio-24-de-novembro-2021\/#breadcrumb\"},\"inLanguage\":\"pt-BR\",\"potentialAction\":[{\"@type\":\"ReadAction\",\"target\":[\"https:\/\/www.carmelitaniscalzi.com\/pt-br\/2021\/12\/15\/retiro-online-com-os-carmelitas-descalcos-inicio-24-de-novembro-2021\/\"]}]},{\"@type\":\"ImageObject\",\"inLanguage\":\"pt-BR\",\"@id\":\"https:\/\/www.carmelitaniscalzi.com\/pt-br\/2021\/12\/15\/retiro-online-com-os-carmelitas-descalcos-inicio-24-de-novembro-2021\/#primaryimage\",\"url\":\"https:\/\/www.carmelitaniscalzi.com\/wp-content\/uploads\/2021\/12\/cover_advent_2021.jpg\",\"contentUrl\":\"https:\/\/www.carmelitaniscalzi.com\/wp-content\/uploads\/2021\/12\/cover_advent_2021.jpg\",\"width\":1000,\"height\":600},{\"@type\":\"BreadcrumbList\",\"@id\":\"https:\/\/www.carmelitaniscalzi.com\/pt-br\/2021\/12\/15\/retiro-online-com-os-carmelitas-descalcos-inicio-24-de-novembro-2021\/#breadcrumb\",\"itemListElement\":[{\"@type\":\"ListItem\",\"position\":1,\"name\":\"Home\",\"item\":\"https:\/\/www.carmelitaniscalzi.com\/pt-br\/\"},{\"@type\":\"ListItem\",\"position\":2,\"name\":\"RETIRO ONLINE Com os Carmelitas Descal\u00e7os Inicio: 24 de novembro 2021\"}]},{\"@type\":\"WebSite\",\"@id\":\"https:\/\/www.carmelitaniscalzi.com\/#website\",\"url\":\"https:\/\/www.carmelitaniscalzi.com\/\",\"name\":\"CARMELITANI SCALZI - Curia Generale del Carmelo Teresiano\",\"description\":\"C\u00faria General\u00edcia do Carmelo Teresiano\",\"publisher\":{\"@id\":\"https:\/\/www.carmelitaniscalzi.com\/#organization\"},\"alternateName\":\"CARMELITANI SCALZI\",\"potentialAction\":[{\"@type\":\"SearchAction\",\"target\":{\"@type\":\"EntryPoint\",\"urlTemplate\":\"https:\/\/www.carmelitaniscalzi.com\/?s={search_term_string}\"},\"query-input\":{\"@type\":\"PropertyValueSpecification\",\"valueRequired\":true,\"valueName\":\"search_term_string\"}}],\"inLanguage\":\"pt-BR\"},{\"@type\":\"Organization\",\"@id\":\"https:\/\/www.carmelitaniscalzi.com\/#organization\",\"name\":\"CARMELITANI SCALZI - Curia Generale del Carmelo Teresiano\",\"url\":\"https:\/\/www.carmelitaniscalzi.com\/\",\"logo\":{\"@type\":\"ImageObject\",\"inLanguage\":\"pt-BR\",\"@id\":\"https:\/\/www.carmelitaniscalzi.com\/#\/schema\/logo\/image\/\",\"url\":\"https:\/\/www.carmelitaniscalzi.com\/wp-content\/uploads\/2025\/11\/login-logo.png\",\"contentUrl\":\"https:\/\/www.carmelitaniscalzi.com\/wp-content\/uploads\/2025\/11\/login-logo.png\",\"width\":256,\"height\":256,\"caption\":\"CARMELITANI SCALZI - Curia Generale del Carmelo Teresiano\"},\"image\":{\"@id\":\"https:\/\/www.carmelitaniscalzi.com\/#\/schema\/logo\/image\/\"},\"sameAs\":[\"https:\/\/www.facebook.com\/Curia-Generalizia-Carmelitani-Scalzi-658766940887784\/\",\"https:\/\/x.com\/ocdcuria\",\"https:\/\/www.youtube.com\/channel\/UC2J5ZL0ycOY0qBSTCLX_NGQ\/videos\",\"https:\/\/www.instagram.com\/ocdinform\/\"]},{\"@type\":\"Person\",\"@id\":\"https:\/\/www.carmelitaniscalzi.com\/#\/schema\/person\/6d1c0d9bea7b6625c437246a5d6da409\",\"name\":\"ocd web master\",\"image\":{\"@type\":\"ImageObject\",\"inLanguage\":\"pt-BR\",\"@id\":\"https:\/\/www.carmelitaniscalzi.com\/#\/schema\/person\/image\/\",\"url\":\"https:\/\/secure.gravatar.com\/avatar\/41fbc5f82bad909fbaf2984c43fa50d8519ac5853e25b454d022b6868f80d0e7?s=96&d=mm&r=g\",\"contentUrl\":\"https:\/\/secure.gravatar.com\/avatar\/41fbc5f82bad909fbaf2984c43fa50d8519ac5853e25b454d022b6868f80d0e7?s=96&d=mm&r=g\",\"caption\":\"ocd web master\"},\"url\":\"https:\/\/www.carmelitaniscalzi.com\/pt-br\/author\/ocdwebmaster\/\"}]}<\/script>\n<!-- \/ Yoast SEO plugin. -->","yoast_head_json":{"title":"RETIRO ONLINE Com os Carmelitas Descal\u00e7os Inicio: 24 de novembro 2021 - CARMELITAS DESCAL\u00c7OS","robots":{"index":"index","follow":"follow","max-snippet":"max-snippet:-1","max-image-preview":"max-image-preview:large","max-video-preview":"max-video-preview:-1"},"canonical":"https:\/\/www.carmelitaniscalzi.com\/pt-br\/2021\/12\/15\/retiro-online-com-os-carmelitas-descalcos-inicio-24-de-novembro-2021\/","og_locale":"pt_BR","og_type":"article","og_title":"RETIRO ONLINE Com os Carmelitas Descal\u00e7os Inicio: 24 de novembro 2021 - CARMELITAS DESCAL\u00c7OS","og_description":"Prepare-se para o Natal de Jesus com os Carmelitas Descal\u00e7os. Desde 2011 que os Carmelitas Descal\u00e7os t\u00eam vindo a oferecer retiros online para ajudar a preparar as duas grandes solenidades lit\u00fargicas do ano: Natal e P\u00e1scoa. Hoje mais de 81.000 pessoas seguem estes retiros em v\u00e1rias l\u00ednguas: Franc\u00eas, Ingl\u00eas, Espanhol, Portugu\u00eas, Italiano, Alem\u00e3o, Polaco, Romeno, [&hellip;]","og_url":"https:\/\/www.carmelitaniscalzi.com\/pt-br\/2021\/12\/15\/retiro-online-com-os-carmelitas-descalcos-inicio-24-de-novembro-2021\/","og_site_name":"CARMELITAS DESCAL\u00c7OS","article_publisher":"https:\/\/www.facebook.com\/Curia-Generalizia-Carmelitani-Scalzi-658766940887784\/","article_published_time":"2021-12-15T03:24:59+00:00","article_modified_time":"2021-12-17T03:26:46+00:00","og_image":[{"width":1000,"height":600,"url":"https:\/\/www.carmelitaniscalzi.com\/wp-content\/uploads\/2021\/12\/cover_advent_2021.jpg","type":"image\/jpeg"}],"author":"ocd web master","twitter_card":"summary_large_image","twitter_creator":"@ocdcuria","twitter_site":"@ocdcuria","twitter_misc":{"Escrito por":"ocd web master","Est. tempo de leitura":"1 minuto"},"schema":{"@context":"https:\/\/schema.org","@graph":[{"@type":"Article","@id":"https:\/\/www.carmelitaniscalzi.com\/pt-br\/2021\/12\/15\/retiro-online-com-os-carmelitas-descalcos-inicio-24-de-novembro-2021\/#article","isPartOf":{"@id":"https:\/\/www.carmelitaniscalzi.com\/pt-br\/2021\/12\/15\/retiro-online-com-os-carmelitas-descalcos-inicio-24-de-novembro-2021\/"},"author":{"name":"ocd web master","@id":"https:\/\/www.carmelitaniscalzi.com\/#\/schema\/person\/6d1c0d9bea7b6625c437246a5d6da409"},"headline":"RETIRO ONLINE Com os Carmelitas Descal\u00e7os Inicio: 24 de novembro 2021","datePublished":"2021-12-15T03:24:59+00:00","dateModified":"2021-12-17T03:26:46+00:00","mainEntityOfPage":{"@id":"https:\/\/www.carmelitaniscalzi.com\/pt-br\/2021\/12\/15\/retiro-online-com-os-carmelitas-descalcos-inicio-24-de-novembro-2021\/"},"wordCount":273,"publisher":{"@id":"https:\/\/www.carmelitaniscalzi.com\/#organization"},"image":{"@id":"https:\/\/www.carmelitaniscalzi.com\/pt-br\/2021\/12\/15\/retiro-online-com-os-carmelitas-descalcos-inicio-24-de-novembro-2021\/#primaryimage"},"thumbnailUrl":"https:\/\/www.carmelitaniscalzi.com\/wp-content\/uploads\/2021\/12\/cover_advent_2021.jpg","articleSection":["Not\u00edcias Forma\u00e7\u00e3o","Not\u00edcias Frades","Not\u00edcias Monjas","Not\u00edcias OCDS","Not\u00edcias"],"inLanguage":"pt-BR"},{"@type":"WebPage","@id":"https:\/\/www.carmelitaniscalzi.com\/pt-br\/2021\/12\/15\/retiro-online-com-os-carmelitas-descalcos-inicio-24-de-novembro-2021\/","url":"https:\/\/www.carmelitaniscalzi.com\/pt-br\/2021\/12\/15\/retiro-online-com-os-carmelitas-descalcos-inicio-24-de-novembro-2021\/","name":"RETIRO ONLINE Com os Carmelitas Descal\u00e7os Inicio: 24 de novembro 2021 - CARMELITAS DESCAL\u00c7OS","isPartOf":{"@id":"https:\/\/www.carmelitaniscalzi.com\/#website"},"primaryImageOfPage":{"@id":"https:\/\/www.carmelitaniscalzi.com\/pt-br\/2021\/12\/15\/retiro-online-com-os-carmelitas-descalcos-inicio-24-de-novembro-2021\/#primaryimage"},"image":{"@id":"https:\/\/www.carmelitaniscalzi.com\/pt-br\/2021\/12\/15\/retiro-online-com-os-carmelitas-descalcos-inicio-24-de-novembro-2021\/#primaryimage"},"thumbnailUrl":"https:\/\/www.carmelitaniscalzi.com\/wp-content\/uploads\/2021\/12\/cover_advent_2021.jpg","datePublished":"2021-12-15T03:24:59+00:00","dateModified":"2021-12-17T03:26:46+00:00","breadcrumb":{"@id":"https:\/\/www.carmelitaniscalzi.com\/pt-br\/2021\/12\/15\/retiro-online-com-os-carmelitas-descalcos-inicio-24-de-novembro-2021\/#breadcrumb"},"inLanguage":"pt-BR","potentialAction":[{"@type":"ReadAction","target":["https:\/\/www.carmelitaniscalzi.com\/pt-br\/2021\/12\/15\/retiro-online-com-os-carmelitas-descalcos-inicio-24-de-novembro-2021\/"]}]},{"@type":"ImageObject","inLanguage":"pt-BR","@id":"https:\/\/www.carmelitaniscalzi.com\/pt-br\/2021\/12\/15\/retiro-online-com-os-carmelitas-descalcos-inicio-24-de-novembro-2021\/#primaryimage","url":"https:\/\/www.carmelitaniscalzi.com\/wp-content\/uploads\/2021\/12\/cover_advent_2021.jpg","contentUrl":"https:\/\/www.carmelitaniscalzi.com\/wp-content\/uploads\/2021\/12\/cover_advent_2021.jpg","width":1000,"height":600},{"@type":"BreadcrumbList","@id":"https:\/\/www.carmelitaniscalzi.com\/pt-br\/2021\/12\/15\/retiro-online-com-os-carmelitas-descalcos-inicio-24-de-novembro-2021\/#breadcrumb","itemListElement":[{"@type":"ListItem","position":1,"name":"Home","item":"https:\/\/www.carmelitaniscalzi.com\/pt-br\/"},{"@type":"ListItem","position":2,"name":"RETIRO ONLINE Com os Carmelitas Descal\u00e7os Inicio: 24 de novembro 2021"}]},{"@type":"WebSite","@id":"https:\/\/www.carmelitaniscalzi.com\/#website","url":"https:\/\/www.carmelitaniscalzi.com\/","name":"CARMELITANI SCALZI - Curia Generale del Carmelo Teresiano","description":"C\u00faria General\u00edcia do Carmelo Teresiano","publisher":{"@id":"https:\/\/www.carmelitaniscalzi.com\/#organization"},"alternateName":"CARMELITANI SCALZI","potentialAction":[{"@type":"SearchAction","target":{"@type":"EntryPoint","urlTemplate":"https:\/\/www.carmelitaniscalzi.com\/?s={search_term_string}"},"query-input":{"@type":"PropertyValueSpecification","valueRequired":true,"valueName":"search_term_string"}}],"inLanguage":"pt-BR"},{"@type":"Organization","@id":"https:\/\/www.carmelitaniscalzi.com\/#organization","name":"CARMELITANI SCALZI - Curia Generale del Carmelo Teresiano","url":"https:\/\/www.carmelitaniscalzi.com\/","logo":{"@type":"ImageObject","inLanguage":"pt-BR","@id":"https:\/\/www.carmelitaniscalzi.com\/#\/schema\/logo\/image\/","url":"https:\/\/www.carmelitaniscalzi.com\/wp-content\/uploads\/2025\/11\/login-logo.png","contentUrl":"https:\/\/www.carmelitaniscalzi.com\/wp-content\/uploads\/2025\/11\/login-logo.png","width":256,"height":256,"caption":"CARMELITANI SCALZI - Curia Generale del Carmelo Teresiano"},"image":{"@id":"https:\/\/www.carmelitaniscalzi.com\/#\/schema\/logo\/image\/"},"sameAs":["https:\/\/www.facebook.com\/Curia-Generalizia-Carmelitani-Scalzi-658766940887784\/","https:\/\/x.com\/ocdcuria","https:\/\/www.youtube.com\/channel\/UC2J5ZL0ycOY0qBSTCLX_NGQ\/videos","https:\/\/www.instagram.com\/ocdinform\/"]},{"@type":"Person","@id":"https:\/\/www.carmelitaniscalzi.com\/#\/schema\/person\/6d1c0d9bea7b6625c437246a5d6da409","name":"ocd web master","image":{"@type":"ImageObject","inLanguage":"pt-BR","@id":"https:\/\/www.carmelitaniscalzi.com\/#\/schema\/person\/image\/","url":"https:\/\/secure.gravatar.com\/avatar\/41fbc5f82bad909fbaf2984c43fa50d8519ac5853e25b454d022b6868f80d0e7?s=96&d=mm&r=g","contentUrl":"https:\/\/secure.gravatar.com\/avatar\/41fbc5f82bad909fbaf2984c43fa50d8519ac5853e25b454d022b6868f80d0e7?s=96&d=mm&r=g","caption":"ocd web master"},"url":"https:\/\/www.carmelitaniscalzi.com\/pt-br\/author\/ocdwebmaster\/"}]}},"_links":{"self":[{"href":"https:\/\/www.carmelitaniscalzi.com\/pt-br\/wp-json\/wp\/v2\/posts\/103594","targetHints":{"allow":["GET"]}}],"collection":[{"href":"https:\/\/www.carmelitaniscalzi.com\/pt-br\/wp-json\/wp\/v2\/posts"}],"about":[{"href":"https:\/\/www.carmelitaniscalzi.com\/pt-br\/wp-json\/wp\/v2\/types\/post"}],"author":[{"embeddable":true,"href":"https:\/\/www.carmelitaniscalzi.com\/pt-br\/wp-json\/wp\/v2\/users\/7"}],"replies":[{"embeddable":true,"href":"https:\/\/www.carmelitaniscalzi.com\/pt-br\/wp-json\/wp\/v2\/comments?post=103594"}],"version-history":[{"count":1,"href":"https:\/\/www.carmelitaniscalzi.com\/pt-br\/wp-json\/wp\/v2\/posts\/103594\/revisions"}],"predecessor-version":[{"id":103595,"href":"https:\/\/www.carmelitaniscalzi.com\/pt-br\/wp-json\/wp\/v2\/posts\/103594\/revisions\/103595"}],"wp:featuredmedia":[{"embeddable":true,"href":"https:\/\/www.carmelitaniscalzi.com\/pt-br\/wp-json\/wp\/v2\/media\/103556"}],"wp:attachment":[{"href":"https:\/\/www.carmelitaniscalzi.com\/pt-br\/wp-json\/wp\/v2\/media?parent=103594"}],"wp:term":[{"taxonomy":"category","embeddable":true,"href":"https:\/\/www.carmelitaniscalzi.com\/pt-br\/wp-json\/wp\/v2\/categories?post=103594"},{"taxonomy":"post_tag","embeddable":true,"href":"https:\/\/www.carmelitaniscalzi.com\/pt-br\/wp-json\/wp\/v2\/tags?post=103594"}],"curies":[{"name":"wp","href":"https:\/\/api.w.org\/{rel}","templated":true}]}}