{"id":7472,"date":"2016-09-15T17:19:23","date_gmt":"2016-09-15T15:19:23","guid":{"rendered":"https:\/\/www.carmelitaniscalzi.com\/fr\/?p=7472"},"modified":"2016-09-15T17:19:23","modified_gmt":"2016-09-15T15:19:23","slug":"retraite-annuelle-au-centre-spirituel-mater-carmeli-a-butare-rwanda","status":"publish","type":"post","link":"https:\/\/www.carmelitaniscalzi.com\/fr\/2016\/09\/15\/retraite-annuelle-au-centre-spirituel-mater-carmeli-a-butare-rwanda\/","title":{"rendered":"Retraite annuelle au centre spirituel \u00ab Mater Carmeli \u00bb a Butare (Rwanda)"},"content":{"rendered":"<p>Du mercredi 3 au vendredi 12 ao\u00fbt 2016, le centre spirituel \u00ab Mater Carmel \u00bb situ\u00e9 \u00e0 Butare, au sud du Rwanda ; centre spirituel tenu par les P\u00e8res Carmes d\u00e9chaux de la d\u00e9l\u00e9gation provinciale carm\u00e9litaine du Rwanda-Burundi, a accueilli 35 personnes consacr\u00e9es pour une retraite annuelle anim\u00e9e par le P\u00e8re Christian Muta, carme d\u00e9chaux et membre de la D\u00e9l\u00e9gation g\u00e9n\u00e9rale \u00ab Saint Joseph \u00bb du Congo voisin. Le th\u00e8me abord\u00e9 pendant 10 jours invitait les participants \u00e0 \u00ab R\u00e9veiller le monde \u00bb car c\u2019est l\u2019un des \u00ab d\u00e9fis actuels de la vie consacr\u00e9e \u00bb. Pour soutenir les m\u00e9ditations de plus d\u2019une semaine, le pr\u00e9dicateur a commenc\u00e9 par rappeler aux uns et aux autres ce qu\u2019a \u00e9t\u00e9 l\u2019ann\u00e9e de la vie consacr\u00e9e, ses objectifs et ses attentes. C\u2019est ce tour d\u2019horizon qui a permis une relecture de l\u2019exhortation apostolique post-synodale \u00ab Vita Consecrata \u00bb donn\u00e9e \u00e0 Rome par le Pape Jean Paul II, il y a de cela 20 ans, mais dont le contenu reste toujours d\u2019actualit\u00e9. Cette relecture de l\u2019exhortation post-synodale a balis\u00e9 le chemin pour une m\u00e9ditation sur les trois v\u0153ux de religion ainsi que sur la vie communautaire. Une note particuli\u00e8re c\u2019est que cette retraite a r\u00e9uni dans une m\u00eame salle : les postulants et novices carmes, les fr\u00e8res carmes \u00e0 v\u0153ux temporaires \u00e9tudiants et philosophie et en th\u00e9ologie, sans oublier les s\u0153urs junioristes carm\u00e9lites missionnaires th\u00e9r\u00e9siennes. A eux, il nous faut joindre les religieux et religieuses \u00e0 v\u0153ux perp\u00e9tuels des autres congr\u00e9gations religieuses. Chacun d\u2019eux a pu recevoir de la nourriture spirituelle pouvant soutenir sa marche pour escalader \u00ab les rudes escaliers de la perfection \u00bb. Il n\u2019est pas inutile de souligner, avant de clore ces lignes, que ce centre spirituel est un projet qui a vu le jour avec la pr\u00e9sence des p\u00e8res carmes d\u00e9chaux de la province carm\u00e9litaine de Cracovie, venus au Rwanda en 1985 apr\u00e8s l\u2019expulsion de tous les religieux du Burundi voisin par le r\u00e9gime anticl\u00e9rical de l\u2019\u00e9poque. Actuellement, dans la m\u00eame enceinte, \u00e0 part le centre spirituel, y fonctionnent aussi les deux maisons de formation du postulat et du noviciat.<\/p>\n<p><a href=\"https:\/\/www.carmelitaniscalzi.com\/wp-content\/uploads\/2016\/09\/butare.jpg\"><img loading=\"lazy\" decoding=\"async\" class=\"alignnone wp-image-7466 size-full\" src=\"https:\/\/www.carmelitaniscalzi.com\/wp-content\/uploads\/2016\/09\/butare.jpg\" alt=\"butare\" width=\"1778\" height=\"831\" srcset=\"https:\/\/www.carmelitaniscalzi.com\/wp-content\/uploads\/2016\/09\/butare.jpg 1778w, https:\/\/www.carmelitaniscalzi.com\/wp-content\/uploads\/2016\/09\/butare-300x140.jpg 300w, https:\/\/www.carmelitaniscalzi.com\/wp-content\/uploads\/2016\/09\/butare-1024x479.jpg 1024w, https:\/\/www.carmelitaniscalzi.com\/wp-content\/uploads\/2016\/09\/butare-118x55.jpg 118w, https:\/\/www.carmelitaniscalzi.com\/wp-content\/uploads\/2016\/09\/butare-1600x748.jpg 1600w, https:\/\/www.carmelitaniscalzi.com\/wp-content\/uploads\/2016\/09\/butare-800x374.jpg 800w, https:\/\/www.carmelitaniscalzi.com\/wp-content\/uploads\/2016\/09\/butare-580x271.jpg 580w\" sizes=\"auto, (max-width: 1778px) 100vw, 1778px\" \/><\/a><\/p>\n","protected":false},"excerpt":{"rendered":"<p>Du mercredi 3 au vendredi 12 ao\u00fbt 2016, le centre spirituel \u00ab Mater Carmel \u00bb situ\u00e9 \u00e0 Butare, au sud du Rwanda ; centre spirituel tenu par les P\u00e8res Carmes d\u00e9chaux de la d\u00e9l\u00e9gation provinciale carm\u00e9litaine du Rwanda-Burundi, a accueilli 35 personnes consacr\u00e9es pour une retraite annuelle anim\u00e9e par le P\u00e8re Christian Muta, carme d\u00e9chaux [&hellip;]<\/p>\n","protected":false},"author":7,"featured_media":30765,"comment_status":"closed","ping_status":"closed","sticky":false,"template":"","format":"standard","meta":{"_acf_changed":false,"footnotes":""},"categories":[200,370],"tags":[],"class_list":["post-7472","post","type-post","status-publish","format-standard","has-post-thumbnail","hentry","category-nouvelles-formation","category-nouvelles"],"acf":[],"yoast_head":"<!-- This site is optimized with the Yoast SEO plugin v26.3 - https:\/\/yoast.com\/wordpress\/plugins\/seo\/ -->\n<title>Retraite annuelle au centre spirituel \u00ab Mater Carmeli \u00bb a Butare (Rwanda) - CARMES D\u00c9CHAUX<\/title>\n<meta name=\"robots\" content=\"index, follow, max-snippet:-1, max-image-preview:large, max-video-preview:-1\" \/>\n<link rel=\"canonical\" href=\"https:\/\/www.carmelitaniscalzi.com\/fr\/2016\/09\/15\/retraite-annuelle-au-centre-spirituel-mater-carmeli-a-butare-rwanda\/\" \/>\n<meta property=\"og:locale\" content=\"fr_FR\" \/>\n<meta property=\"og:type\" content=\"article\" \/>\n<meta property=\"og:title\" content=\"Retraite annuelle au centre spirituel \u00ab Mater Carmeli \u00bb a Butare (Rwanda) - CARMES D\u00c9CHAUX\" \/>\n<meta property=\"og:description\" content=\"Du mercredi 3 au vendredi 12 ao\u00fbt 2016, le centre spirituel \u00ab Mater Carmel \u00bb situ\u00e9 \u00e0 Butare, au sud du Rwanda ; centre spirituel tenu par les P\u00e8res Carmes d\u00e9chaux de la d\u00e9l\u00e9gation provinciale carm\u00e9litaine du Rwanda-Burundi, a accueilli 35 personnes consacr\u00e9es pour une retraite annuelle anim\u00e9e par le P\u00e8re Christian Muta, carme d\u00e9chaux [&hellip;]\" \/>\n<meta property=\"og:url\" content=\"https:\/\/www.carmelitaniscalzi.com\/fr\/2016\/09\/15\/retraite-annuelle-au-centre-spirituel-mater-carmeli-a-butare-rwanda\/\" \/>\n<meta property=\"og:site_name\" content=\"CARMES D\u00c9CHAUX\" \/>\n<meta property=\"article:publisher\" content=\"https:\/\/www.facebook.com\/Curia-Generalizia-Carmelitani-Scalzi-658766940887784\/\" \/>\n<meta property=\"article:published_time\" content=\"2016-09-15T15:19:23+00:00\" \/>\n<meta property=\"og:image\" content=\"https:\/\/www.carmelitaniscalzi.com\/wp-content\/uploads\/2016\/09\/20160812_071648-e1473951679408.jpg\" \/>\n\t<meta property=\"og:image:width\" content=\"2048\" \/>\n\t<meta property=\"og:image:height\" content=\"1152\" \/>\n\t<meta property=\"og:image:type\" content=\"image\/jpeg\" \/>\n<meta name=\"author\" content=\"ocd web master\" \/>\n<meta name=\"twitter:card\" content=\"summary_large_image\" \/>\n<meta name=\"twitter:creator\" content=\"@ocdcuria\" \/>\n<meta name=\"twitter:site\" content=\"@ocdcuria\" \/>\n<meta name=\"twitter:label1\" content=\"\u00c9crit par\" \/>\n\t<meta name=\"twitter:data1\" content=\"ocd web master\" \/>\n\t<meta name=\"twitter:label2\" content=\"Dur\u00e9e de lecture estim\u00e9e\" \/>\n\t<meta name=\"twitter:data2\" content=\"2 minutes\" \/>\n<script type=\"application\/ld+json\" class=\"yoast-schema-graph\">{\"@context\":\"https:\/\/schema.org\",\"@graph\":[{\"@type\":\"Article\",\"@id\":\"https:\/\/www.carmelitaniscalzi.com\/fr\/2016\/09\/15\/retraite-annuelle-au-centre-spirituel-mater-carmeli-a-butare-rwanda\/#article\",\"isPartOf\":{\"@id\":\"https:\/\/www.carmelitaniscalzi.com\/fr\/2016\/09\/15\/retraite-annuelle-au-centre-spirituel-mater-carmeli-a-butare-rwanda\/\"},\"author\":{\"name\":\"ocd web master\",\"@id\":\"https:\/\/www.carmelitaniscalzi.com\/#\/schema\/person\/6d1c0d9bea7b6625c437246a5d6da409\"},\"headline\":\"Retraite annuelle au centre spirituel \u00ab Mater Carmeli \u00bb a Butare (Rwanda)\",\"datePublished\":\"2016-09-15T15:19:23+00:00\",\"mainEntityOfPage\":{\"@id\":\"https:\/\/www.carmelitaniscalzi.com\/fr\/2016\/09\/15\/retraite-annuelle-au-centre-spirituel-mater-carmeli-a-butare-rwanda\/\"},\"wordCount\":393,\"publisher\":{\"@id\":\"https:\/\/www.carmelitaniscalzi.com\/#organization\"},\"image\":{\"@id\":\"https:\/\/www.carmelitaniscalzi.com\/fr\/2016\/09\/15\/retraite-annuelle-au-centre-spirituel-mater-carmeli-a-butare-rwanda\/#primaryimage\"},\"thumbnailUrl\":\"https:\/\/www.carmelitaniscalzi.com\/wp-content\/uploads\/2016\/09\/20160812_071648-e1473951679408.jpg\",\"articleSection\":[\"Nouvelles Formation\",\"Nouvelles\"],\"inLanguage\":\"fr-FR\"},{\"@type\":\"WebPage\",\"@id\":\"https:\/\/www.carmelitaniscalzi.com\/fr\/2016\/09\/15\/retraite-annuelle-au-centre-spirituel-mater-carmeli-a-butare-rwanda\/\",\"url\":\"https:\/\/www.carmelitaniscalzi.com\/fr\/2016\/09\/15\/retraite-annuelle-au-centre-spirituel-mater-carmeli-a-butare-rwanda\/\",\"name\":\"Retraite annuelle au centre spirituel \u00ab Mater Carmeli \u00bb a Butare (Rwanda) - CARMES D\u00c9CHAUX\",\"isPartOf\":{\"@id\":\"https:\/\/www.carmelitaniscalzi.com\/#website\"},\"primaryImageOfPage\":{\"@id\":\"https:\/\/www.carmelitaniscalzi.com\/fr\/2016\/09\/15\/retraite-annuelle-au-centre-spirituel-mater-carmeli-a-butare-rwanda\/#primaryimage\"},\"image\":{\"@id\":\"https:\/\/www.carmelitaniscalzi.com\/fr\/2016\/09\/15\/retraite-annuelle-au-centre-spirituel-mater-carmeli-a-butare-rwanda\/#primaryimage\"},\"thumbnailUrl\":\"https:\/\/www.carmelitaniscalzi.com\/wp-content\/uploads\/2016\/09\/20160812_071648-e1473951679408.jpg\",\"datePublished\":\"2016-09-15T15:19:23+00:00\",\"breadcrumb\":{\"@id\":\"https:\/\/www.carmelitaniscalzi.com\/fr\/2016\/09\/15\/retraite-annuelle-au-centre-spirituel-mater-carmeli-a-butare-rwanda\/#breadcrumb\"},\"inLanguage\":\"fr-FR\",\"potentialAction\":[{\"@type\":\"ReadAction\",\"target\":[\"https:\/\/www.carmelitaniscalzi.com\/fr\/2016\/09\/15\/retraite-annuelle-au-centre-spirituel-mater-carmeli-a-butare-rwanda\/\"]}]},{\"@type\":\"ImageObject\",\"inLanguage\":\"fr-FR\",\"@id\":\"https:\/\/www.carmelitaniscalzi.com\/fr\/2016\/09\/15\/retraite-annuelle-au-centre-spirituel-mater-carmeli-a-butare-rwanda\/#primaryimage\",\"url\":\"https:\/\/www.carmelitaniscalzi.com\/wp-content\/uploads\/2016\/09\/20160812_071648-e1473951679408.jpg\",\"contentUrl\":\"https:\/\/www.carmelitaniscalzi.com\/wp-content\/uploads\/2016\/09\/20160812_071648-e1473951679408.jpg\",\"width\":2048,\"height\":1152},{\"@type\":\"BreadcrumbList\",\"@id\":\"https:\/\/www.carmelitaniscalzi.com\/fr\/2016\/09\/15\/retraite-annuelle-au-centre-spirituel-mater-carmeli-a-butare-rwanda\/#breadcrumb\",\"itemListElement\":[{\"@type\":\"ListItem\",\"position\":1,\"name\":\"Home\",\"item\":\"https:\/\/www.carmelitaniscalzi.com\/fr\/\"},{\"@type\":\"ListItem\",\"position\":2,\"name\":\"Retraite annuelle au centre spirituel \u00ab Mater Carmeli \u00bb a Butare (Rwanda)\"}]},{\"@type\":\"WebSite\",\"@id\":\"https:\/\/www.carmelitaniscalzi.com\/#website\",\"url\":\"https:\/\/www.carmelitaniscalzi.com\/\",\"name\":\"CARMELITANI SCALZI - Curia Generale del Carmelo Teresiano\",\"description\":\"Curie G\u00e9n\u00e9ralice du Carmel D\u00e9chauss\u00e9\",\"publisher\":{\"@id\":\"https:\/\/www.carmelitaniscalzi.com\/#organization\"},\"alternateName\":\"CARMELITANI SCALZI\",\"potentialAction\":[{\"@type\":\"SearchAction\",\"target\":{\"@type\":\"EntryPoint\",\"urlTemplate\":\"https:\/\/www.carmelitaniscalzi.com\/?s={search_term_string}\"},\"query-input\":{\"@type\":\"PropertyValueSpecification\",\"valueRequired\":true,\"valueName\":\"search_term_string\"}}],\"inLanguage\":\"fr-FR\"},{\"@type\":\"Organization\",\"@id\":\"https:\/\/www.carmelitaniscalzi.com\/#organization\",\"name\":\"CARMELITANI SCALZI - Curia Generale del Carmelo Teresiano\",\"url\":\"https:\/\/www.carmelitaniscalzi.com\/\",\"logo\":{\"@type\":\"ImageObject\",\"inLanguage\":\"fr-FR\",\"@id\":\"https:\/\/www.carmelitaniscalzi.com\/#\/schema\/logo\/image\/\",\"url\":\"https:\/\/www.carmelitaniscalzi.com\/wp-content\/uploads\/2025\/11\/login-logo.png\",\"contentUrl\":\"https:\/\/www.carmelitaniscalzi.com\/wp-content\/uploads\/2025\/11\/login-logo.png\",\"width\":256,\"height\":256,\"caption\":\"CARMELITANI SCALZI - Curia Generale del Carmelo Teresiano\"},\"image\":{\"@id\":\"https:\/\/www.carmelitaniscalzi.com\/#\/schema\/logo\/image\/\"},\"sameAs\":[\"https:\/\/www.facebook.com\/Curia-Generalizia-Carmelitani-Scalzi-658766940887784\/\",\"https:\/\/x.com\/ocdcuria\",\"https:\/\/www.youtube.com\/channel\/UC2J5ZL0ycOY0qBSTCLX_NGQ\/videos\",\"https:\/\/www.instagram.com\/ocdinform\/\"]},{\"@type\":\"Person\",\"@id\":\"https:\/\/www.carmelitaniscalzi.com\/#\/schema\/person\/6d1c0d9bea7b6625c437246a5d6da409\",\"name\":\"ocd web master\",\"image\":{\"@type\":\"ImageObject\",\"inLanguage\":\"fr-FR\",\"@id\":\"https:\/\/www.carmelitaniscalzi.com\/#\/schema\/person\/image\/\",\"url\":\"https:\/\/secure.gravatar.com\/avatar\/41fbc5f82bad909fbaf2984c43fa50d8519ac5853e25b454d022b6868f80d0e7?s=96&d=mm&r=g\",\"contentUrl\":\"https:\/\/secure.gravatar.com\/avatar\/41fbc5f82bad909fbaf2984c43fa50d8519ac5853e25b454d022b6868f80d0e7?s=96&d=mm&r=g\",\"caption\":\"ocd web master\"},\"url\":\"https:\/\/www.carmelitaniscalzi.com\/fr\/author\/ocdwebmaster\/\"}]}<\/script>\n<!-- \/ Yoast SEO plugin. -->","yoast_head_json":{"title":"Retraite annuelle au centre spirituel \u00ab Mater Carmeli \u00bb a Butare (Rwanda) - CARMES D\u00c9CHAUX","robots":{"index":"index","follow":"follow","max-snippet":"max-snippet:-1","max-image-preview":"max-image-preview:large","max-video-preview":"max-video-preview:-1"},"canonical":"https:\/\/www.carmelitaniscalzi.com\/fr\/2016\/09\/15\/retraite-annuelle-au-centre-spirituel-mater-carmeli-a-butare-rwanda\/","og_locale":"fr_FR","og_type":"article","og_title":"Retraite annuelle au centre spirituel \u00ab Mater Carmeli \u00bb a Butare (Rwanda) - CARMES D\u00c9CHAUX","og_description":"Du mercredi 3 au vendredi 12 ao\u00fbt 2016, le centre spirituel \u00ab Mater Carmel \u00bb situ\u00e9 \u00e0 Butare, au sud du Rwanda ; centre spirituel tenu par les P\u00e8res Carmes d\u00e9chaux de la d\u00e9l\u00e9gation provinciale carm\u00e9litaine du Rwanda-Burundi, a accueilli 35 personnes consacr\u00e9es pour une retraite annuelle anim\u00e9e par le P\u00e8re Christian Muta, carme d\u00e9chaux [&hellip;]","og_url":"https:\/\/www.carmelitaniscalzi.com\/fr\/2016\/09\/15\/retraite-annuelle-au-centre-spirituel-mater-carmeli-a-butare-rwanda\/","og_site_name":"CARMES D\u00c9CHAUX","article_publisher":"https:\/\/www.facebook.com\/Curia-Generalizia-Carmelitani-Scalzi-658766940887784\/","article_published_time":"2016-09-15T15:19:23+00:00","og_image":[{"width":2048,"height":1152,"url":"https:\/\/www.carmelitaniscalzi.com\/wp-content\/uploads\/2016\/09\/20160812_071648-e1473951679408.jpg","type":"image\/jpeg"}],"author":"ocd web master","twitter_card":"summary_large_image","twitter_creator":"@ocdcuria","twitter_site":"@ocdcuria","twitter_misc":{"\u00c9crit par":"ocd web master","Dur\u00e9e de lecture estim\u00e9e":"2 minutes"},"schema":{"@context":"https:\/\/schema.org","@graph":[{"@type":"Article","@id":"https:\/\/www.carmelitaniscalzi.com\/fr\/2016\/09\/15\/retraite-annuelle-au-centre-spirituel-mater-carmeli-a-butare-rwanda\/#article","isPartOf":{"@id":"https:\/\/www.carmelitaniscalzi.com\/fr\/2016\/09\/15\/retraite-annuelle-au-centre-spirituel-mater-carmeli-a-butare-rwanda\/"},"author":{"name":"ocd web master","@id":"https:\/\/www.carmelitaniscalzi.com\/#\/schema\/person\/6d1c0d9bea7b6625c437246a5d6da409"},"headline":"Retraite annuelle au centre spirituel \u00ab Mater Carmeli \u00bb a Butare (Rwanda)","datePublished":"2016-09-15T15:19:23+00:00","mainEntityOfPage":{"@id":"https:\/\/www.carmelitaniscalzi.com\/fr\/2016\/09\/15\/retraite-annuelle-au-centre-spirituel-mater-carmeli-a-butare-rwanda\/"},"wordCount":393,"publisher":{"@id":"https:\/\/www.carmelitaniscalzi.com\/#organization"},"image":{"@id":"https:\/\/www.carmelitaniscalzi.com\/fr\/2016\/09\/15\/retraite-annuelle-au-centre-spirituel-mater-carmeli-a-butare-rwanda\/#primaryimage"},"thumbnailUrl":"https:\/\/www.carmelitaniscalzi.com\/wp-content\/uploads\/2016\/09\/20160812_071648-e1473951679408.jpg","articleSection":["Nouvelles Formation","Nouvelles"],"inLanguage":"fr-FR"},{"@type":"WebPage","@id":"https:\/\/www.carmelitaniscalzi.com\/fr\/2016\/09\/15\/retraite-annuelle-au-centre-spirituel-mater-carmeli-a-butare-rwanda\/","url":"https:\/\/www.carmelitaniscalzi.com\/fr\/2016\/09\/15\/retraite-annuelle-au-centre-spirituel-mater-carmeli-a-butare-rwanda\/","name":"Retraite annuelle au centre spirituel \u00ab Mater Carmeli \u00bb a Butare (Rwanda) - CARMES D\u00c9CHAUX","isPartOf":{"@id":"https:\/\/www.carmelitaniscalzi.com\/#website"},"primaryImageOfPage":{"@id":"https:\/\/www.carmelitaniscalzi.com\/fr\/2016\/09\/15\/retraite-annuelle-au-centre-spirituel-mater-carmeli-a-butare-rwanda\/#primaryimage"},"image":{"@id":"https:\/\/www.carmelitaniscalzi.com\/fr\/2016\/09\/15\/retraite-annuelle-au-centre-spirituel-mater-carmeli-a-butare-rwanda\/#primaryimage"},"thumbnailUrl":"https:\/\/www.carmelitaniscalzi.com\/wp-content\/uploads\/2016\/09\/20160812_071648-e1473951679408.jpg","datePublished":"2016-09-15T15:19:23+00:00","breadcrumb":{"@id":"https:\/\/www.carmelitaniscalzi.com\/fr\/2016\/09\/15\/retraite-annuelle-au-centre-spirituel-mater-carmeli-a-butare-rwanda\/#breadcrumb"},"inLanguage":"fr-FR","potentialAction":[{"@type":"ReadAction","target":["https:\/\/www.carmelitaniscalzi.com\/fr\/2016\/09\/15\/retraite-annuelle-au-centre-spirituel-mater-carmeli-a-butare-rwanda\/"]}]},{"@type":"ImageObject","inLanguage":"fr-FR","@id":"https:\/\/www.carmelitaniscalzi.com\/fr\/2016\/09\/15\/retraite-annuelle-au-centre-spirituel-mater-carmeli-a-butare-rwanda\/#primaryimage","url":"https:\/\/www.carmelitaniscalzi.com\/wp-content\/uploads\/2016\/09\/20160812_071648-e1473951679408.jpg","contentUrl":"https:\/\/www.carmelitaniscalzi.com\/wp-content\/uploads\/2016\/09\/20160812_071648-e1473951679408.jpg","width":2048,"height":1152},{"@type":"BreadcrumbList","@id":"https:\/\/www.carmelitaniscalzi.com\/fr\/2016\/09\/15\/retraite-annuelle-au-centre-spirituel-mater-carmeli-a-butare-rwanda\/#breadcrumb","itemListElement":[{"@type":"ListItem","position":1,"name":"Home","item":"https:\/\/www.carmelitaniscalzi.com\/fr\/"},{"@type":"ListItem","position":2,"name":"Retraite annuelle au centre spirituel \u00ab Mater Carmeli \u00bb a Butare (Rwanda)"}]},{"@type":"WebSite","@id":"https:\/\/www.carmelitaniscalzi.com\/#website","url":"https:\/\/www.carmelitaniscalzi.com\/","name":"CARMELITANI SCALZI - Curia Generale del Carmelo Teresiano","description":"Curie G\u00e9n\u00e9ralice du Carmel D\u00e9chauss\u00e9","publisher":{"@id":"https:\/\/www.carmelitaniscalzi.com\/#organization"},"alternateName":"CARMELITANI SCALZI","potentialAction":[{"@type":"SearchAction","target":{"@type":"EntryPoint","urlTemplate":"https:\/\/www.carmelitaniscalzi.com\/?s={search_term_string}"},"query-input":{"@type":"PropertyValueSpecification","valueRequired":true,"valueName":"search_term_string"}}],"inLanguage":"fr-FR"},{"@type":"Organization","@id":"https:\/\/www.carmelitaniscalzi.com\/#organization","name":"CARMELITANI SCALZI - Curia Generale del Carmelo Teresiano","url":"https:\/\/www.carmelitaniscalzi.com\/","logo":{"@type":"ImageObject","inLanguage":"fr-FR","@id":"https:\/\/www.carmelitaniscalzi.com\/#\/schema\/logo\/image\/","url":"https:\/\/www.carmelitaniscalzi.com\/wp-content\/uploads\/2025\/11\/login-logo.png","contentUrl":"https:\/\/www.carmelitaniscalzi.com\/wp-content\/uploads\/2025\/11\/login-logo.png","width":256,"height":256,"caption":"CARMELITANI SCALZI - Curia Generale del Carmelo Teresiano"},"image":{"@id":"https:\/\/www.carmelitaniscalzi.com\/#\/schema\/logo\/image\/"},"sameAs":["https:\/\/www.facebook.com\/Curia-Generalizia-Carmelitani-Scalzi-658766940887784\/","https:\/\/x.com\/ocdcuria","https:\/\/www.youtube.com\/channel\/UC2J5ZL0ycOY0qBSTCLX_NGQ\/videos","https:\/\/www.instagram.com\/ocdinform\/"]},{"@type":"Person","@id":"https:\/\/www.carmelitaniscalzi.com\/#\/schema\/person\/6d1c0d9bea7b6625c437246a5d6da409","name":"ocd web master","image":{"@type":"ImageObject","inLanguage":"fr-FR","@id":"https:\/\/www.carmelitaniscalzi.com\/#\/schema\/person\/image\/","url":"https:\/\/secure.gravatar.com\/avatar\/41fbc5f82bad909fbaf2984c43fa50d8519ac5853e25b454d022b6868f80d0e7?s=96&d=mm&r=g","contentUrl":"https:\/\/secure.gravatar.com\/avatar\/41fbc5f82bad909fbaf2984c43fa50d8519ac5853e25b454d022b6868f80d0e7?s=96&d=mm&r=g","caption":"ocd web master"},"url":"https:\/\/www.carmelitaniscalzi.com\/fr\/author\/ocdwebmaster\/"}]}},"_links":{"self":[{"href":"https:\/\/www.carmelitaniscalzi.com\/fr\/wp-json\/wp\/v2\/posts\/7472","targetHints":{"allow":["GET"]}}],"collection":[{"href":"https:\/\/www.carmelitaniscalzi.com\/fr\/wp-json\/wp\/v2\/posts"}],"about":[{"href":"https:\/\/www.carmelitaniscalzi.com\/fr\/wp-json\/wp\/v2\/types\/post"}],"author":[{"embeddable":true,"href":"https:\/\/www.carmelitaniscalzi.com\/fr\/wp-json\/wp\/v2\/users\/7"}],"replies":[{"embeddable":true,"href":"https:\/\/www.carmelitaniscalzi.com\/fr\/wp-json\/wp\/v2\/comments?post=7472"}],"version-history":[{"count":0,"href":"https:\/\/www.carmelitaniscalzi.com\/fr\/wp-json\/wp\/v2\/posts\/7472\/revisions"}],"wp:featuredmedia":[{"embeddable":true,"href":"https:\/\/www.carmelitaniscalzi.com\/fr\/wp-json\/wp\/v2\/media\/30765"}],"wp:attachment":[{"href":"https:\/\/www.carmelitaniscalzi.com\/fr\/wp-json\/wp\/v2\/media?parent=7472"}],"wp:term":[{"taxonomy":"category","embeddable":true,"href":"https:\/\/www.carmelitaniscalzi.com\/fr\/wp-json\/wp\/v2\/categories?post=7472"},{"taxonomy":"post_tag","embeddable":true,"href":"https:\/\/www.carmelitaniscalzi.com\/fr\/wp-json\/wp\/v2\/tags?post=7472"}],"curies":[{"name":"wp","href":"https:\/\/api.w.org\/{rel}","templated":true}]}}