{"id":69437,"date":"2021-05-31T00:19:10","date_gmt":"2021-05-30T22:19:10","guid":{"rendered":"https:\/\/carmelitaniscalzi.com\/?p=69437"},"modified":"2021-07-10T00:20:13","modified_gmt":"2021-07-09T22:20:13","slug":"therese-de-lisieux-a-lunesco","status":"publish","type":"post","link":"https:\/\/www.carmelitaniscalzi.com\/fr\/2021\/05\/31\/therese-de-lisieux-a-lunesco\/","title":{"rendered":"Th\u00e9r\u00e8se de Lisieux \u00e0 l\u2019UNESCO"},"content":{"rendered":"<p>Le 16 avril 2021, le Conseil ex\u00e9cutif de l\u2019UNESCO approuvait la candidature de Th\u00e9r\u00e8se de l\u2019Enfant J\u00e9sus \u00e0 pour la biennale 2022\/2023, \u00e0 l\u2019occasion du 150<sup>e<\/sup> anniversaire de sa naissance. Notons aussi (entre nous) que, accessoirement, 2023 sera aussi l\u2019ann\u00e9e du 100<sup>e<\/sup> anniversaire de sa b\u00e9atification (29\/04\/1923). Cette candidature a \u00e9t\u00e9 pr\u00e9sent\u00e9 par l\u2019\u00c9tat fran\u00e7ais et la Basilique de Lisieux. Pour la biennale 2022\/2023, l\u2019UNESCO veut ainsi <em>\u00ab honorer la m\u00e9moire de personnes qui ont \u0153uvr\u00e9 dans les domaines de la Paix, de l\u2019\u00c9ducation, des Sciences, des Sciences Sociales, et de la Communication \u00bb<\/em>. Th\u00e9r\u00e8se \u00e9tait en concurrence avec 60 personnalit\u00e9s pr\u00e9sent\u00e9es par 47 \u00c9tats. Parmi les concurrents de Th\u00e9r\u00e8se se trouvaient trois autres catholiques\u00a0: Copernic (Pologne), Nerses (Arm\u00e9nie), et Mendel (Tch\u00e9quie).<\/p>\n<p>Mi-avril, Th\u00e9r\u00e8se a gagn\u00e9 la premi\u00e8re \u00e9tape\u00a0! Elle est la seule femme parmi les 4 dossiers retenus. Elle repr\u00e9sentera donc la France \u00e0 l\u2019UNESCO\u00a0! La <a href=\"https:\/\/www.bvoltaire.fr\/sujet\/belgique\/\">Belgique<\/a>\u00a0et l\u2019<a href=\"https:\/\/www.bvoltaire.fr\/sujet\/italie\/\">Italie<\/a> soutiennent cette candidature. L\u2019UNESCO a d\u00e9clar\u00e9 que <em>\u00ab\u00a0la c\u00e9l\u00e9bration de cet anniversaire contribuera \u00e0 apporter une plus grande visibilit\u00e9 et justice aux femmes qui ont promu, par leurs actions, les valeurs de la paix. \u00c9tant donn\u00e9 la c\u00e9l\u00e9brit\u00e9 de Th\u00e9r\u00e8se de Lisieux dans la communaut\u00e9 catholique (la ville de Lisieux \u00e9tant le second lieu de p\u00e8lerinage de France apr\u00e8s\u00a0<\/em><a href=\"https:\/\/www.bvoltaire.fr\/sujet\/lourdes\/\"><em>Lourdes<\/em><\/a><em>), la c\u00e9l\u00e9bration de son anniversaire peut \u00eatre une opportunit\u00e9 de mettre en valeur le r\u00f4le des femmes au sein des religions dans la lutte contre la pauvret\u00e9 et la promotion de l\u2019inclusion. \u00bb<\/em><\/p>\n<p>Une sainte fran\u00e7aise, au rayonnement mondial, Docteur de l\u2019\u00c9glise\u00a0: l\u2019UNESCO pourrait bient\u00f4t honorer Th\u00e9r\u00e8se comme un\u00a0<a href=\"https:\/\/www.bvoltaire.fr\/sujet\/patrimoine\/\">patrimoine<\/a>\u00a0de l\u2019Humanit\u00e9. C\u2019est un \u00e9tonnant et extraordinaire message que le Ciel nous donne en ces temps de pand\u00e9mie. Toutefois, ce ne sera qu\u2019en novembre 2021 que l\u2019on saura si Th\u00e9r\u00e8se sera officiellement honor\u00e9 par l\u2019UNESCO.<\/p>\n<p>&nbsp;<\/p>\n<div class=\"wpmf-gallerys wpmf-gallerys-life \" ><div id=\"gallery-1\"\n data-gutter-width=\"5\"\n  data-wpmfcolumns=\"4\" class=\"wpmf-gallery gallery-link-file gallery_life gallery-masonry gallery-columns-4 gallery-size-thumbnail wpmf-gallery-bottomspace-default wpmf-gallery-clear wpmf-has-border-radius-0 wpmf-gutterwidth-5\"><div class=\"wpmf-gallery-item\n     wpmf-gallery-item-position-0 wpmf-gallery-item-attachment-69285\" data-index=\"0\"><div class=\"wpmf-gallery-icon\"><a class=\" not_video noLightbox\" data-lightbox=\"1\" data-href=\"https:\/\/www.carmelitaniscalzi.com\/wp-content\/uploads\/2021\/07\/ThL-21.png\" title=\"ThL 21\" target=\"_self\" data-index=\"0\"><img decoding=\"async\" class=\"wpmf_img\" alt=\"ThL 21\" src=\"https:\/\/www.carmelitaniscalzi.com\/wp-content\/uploads\/2021\/07\/ThL-21-150x150.png\" data-type=\"wpmfgalleryimg\" data-lazy-src=\"https:\/\/www.carmelitaniscalzi.com\/wp-content\/uploads\/2021\/07\/ThL-21-150x150.png\"><\/a><\/div><\/div><div class=\"wpmf-gallery-item\n     wpmf-gallery-item-position-1 wpmf-gallery-item-attachment-69279\" data-index=\"1\"><div class=\"wpmf-gallery-icon\"><a class=\" not_video noLightbox\" data-lightbox=\"1\" data-href=\"https:\/\/www.carmelitaniscalzi.com\/wp-content\/uploads\/2021\/07\/ThL-6b-722x1024.jpg\" title=\"ThL 6b\" target=\"_self\" data-index=\"1\"><img decoding=\"async\" class=\"wpmf_img\" alt=\"ThL 6b\" src=\"https:\/\/www.carmelitaniscalzi.com\/wp-content\/uploads\/2021\/07\/ThL-6b-150x150.jpg\" data-type=\"wpmfgalleryimg\" data-lazy-src=\"https:\/\/www.carmelitaniscalzi.com\/wp-content\/uploads\/2021\/07\/ThL-6b-150x150.jpg\"><\/a><\/div><\/div><div class=\"wpmf-gallery-item\n     wpmf-gallery-item-position-2 wpmf-gallery-item-attachment-69273\" data-index=\"2\"><div class=\"wpmf-gallery-icon\"><a class=\" not_video noLightbox\" data-lightbox=\"1\" data-href=\"https:\/\/www.carmelitaniscalzi.com\/wp-content\/uploads\/2021\/07\/ThL-2.jpg\" title=\"ThL 2\" target=\"_self\" data-index=\"2\"><img decoding=\"async\" class=\"wpmf_img\" alt=\"ThL 2\" src=\"https:\/\/www.carmelitaniscalzi.com\/wp-content\/uploads\/2021\/07\/ThL-2-150x150.jpg\" data-type=\"wpmfgalleryimg\" data-lazy-src=\"https:\/\/www.carmelitaniscalzi.com\/wp-content\/uploads\/2021\/07\/ThL-2-150x150.jpg\"><\/a><\/div><\/div><div class=\"wpmf-gallery-item\n     wpmf-gallery-item-position-3 wpmf-gallery-item-attachment-69267\" data-index=\"3\"><div class=\"wpmf-gallery-icon\"><a class=\" not_video noLightbox\" data-lightbox=\"1\" data-href=\"https:\/\/www.carmelitaniscalzi.com\/wp-content\/uploads\/2021\/07\/ThL-1.jpg\" title=\"ThL 1\" target=\"_self\" data-index=\"3\"><img decoding=\"async\" class=\"wpmf_img\" alt=\"ThL 1\" src=\"https:\/\/www.carmelitaniscalzi.com\/wp-content\/uploads\/2021\/07\/ThL-1-150x150.jpg\" data-type=\"wpmfgalleryimg\" data-lazy-src=\"https:\/\/www.carmelitaniscalzi.com\/wp-content\/uploads\/2021\/07\/ThL-1-150x150.jpg\"><\/a><\/div><\/div><\/div><\/div>\n\n","protected":false},"excerpt":{"rendered":"<p>Le 16 avril 2021, le Conseil ex\u00e9cutif de l\u2019UNESCO approuvait la candidature de Th\u00e9r\u00e8se de l\u2019Enfant J\u00e9sus \u00e0 pour la biennale 2022\/2023, \u00e0 l\u2019occasion du 150e anniversaire de sa naissance. Notons aussi (entre nous) que, accessoirement, 2023 sera aussi l\u2019ann\u00e9e du 100e anniversaire de sa b\u00e9atification (29\/04\/1923). Cette candidature a \u00e9t\u00e9 pr\u00e9sent\u00e9 par l\u2019\u00c9tat fran\u00e7ais [&hellip;]<\/p>\n","protected":false},"author":7,"featured_media":69261,"comment_status":"closed","ping_status":"open","sticky":false,"template":"","format":"standard","meta":{"_acf_changed":false,"footnotes":""},"categories":[201,203,370],"tags":[],"class_list":["post-69437","post","type-post","status-publish","format-standard","has-post-thumbnail","hentry","category-nouvelles-freres","category-nouvelles-moniales","category-nouvelles"],"acf":[],"yoast_head":"<!-- This site is optimized with the Yoast SEO plugin v26.3 - https:\/\/yoast.com\/wordpress\/plugins\/seo\/ -->\n<title>Th\u00e9r\u00e8se de Lisieux \u00e0 l\u2019UNESCO - CARMES D\u00c9CHAUX<\/title>\n<meta name=\"robots\" content=\"index, follow, max-snippet:-1, max-image-preview:large, max-video-preview:-1\" \/>\n<link rel=\"canonical\" href=\"https:\/\/www.carmelitaniscalzi.com\/fr\/2021\/05\/31\/therese-de-lisieux-a-lunesco\/\" \/>\n<meta property=\"og:locale\" content=\"fr_FR\" \/>\n<meta property=\"og:type\" content=\"article\" \/>\n<meta property=\"og:title\" content=\"Th\u00e9r\u00e8se de Lisieux \u00e0 l\u2019UNESCO - CARMES D\u00c9CHAUX\" \/>\n<meta property=\"og:description\" content=\"Le 16 avril 2021, le Conseil ex\u00e9cutif de l\u2019UNESCO approuvait la candidature de Th\u00e9r\u00e8se de l\u2019Enfant J\u00e9sus \u00e0 pour la biennale 2022\/2023, \u00e0 l\u2019occasion du 150e anniversaire de sa naissance. Notons aussi (entre nous) que, accessoirement, 2023 sera aussi l\u2019ann\u00e9e du 100e anniversaire de sa b\u00e9atification (29\/04\/1923). Cette candidature a \u00e9t\u00e9 pr\u00e9sent\u00e9 par l\u2019\u00c9tat fran\u00e7ais [&hellip;]\" \/>\n<meta property=\"og:url\" content=\"https:\/\/www.carmelitaniscalzi.com\/fr\/2021\/05\/31\/therese-de-lisieux-a-lunesco\/\" \/>\n<meta property=\"og:site_name\" content=\"CARMES D\u00c9CHAUX\" \/>\n<meta property=\"article:publisher\" content=\"https:\/\/www.facebook.com\/Curia-Generalizia-Carmelitani-Scalzi-658766940887784\/\" \/>\n<meta property=\"article:published_time\" content=\"2021-05-30T22:19:10+00:00\" \/>\n<meta property=\"article:modified_time\" content=\"2021-07-09T22:20:13+00:00\" \/>\n<meta property=\"og:image\" content=\"https:\/\/www.carmelitaniscalzi.com\/wp-content\/uploads\/2021\/07\/copert_thl.jpg\" \/>\n\t<meta property=\"og:image:width\" content=\"848\" \/>\n\t<meta property=\"og:image:height\" content=\"600\" \/>\n\t<meta property=\"og:image:type\" content=\"image\/jpeg\" \/>\n<meta name=\"author\" content=\"ocd web master\" \/>\n<meta name=\"twitter:card\" content=\"summary_large_image\" \/>\n<meta name=\"twitter:creator\" content=\"@ocdcuria\" \/>\n<meta name=\"twitter:site\" content=\"@ocdcuria\" \/>\n<meta name=\"twitter:label1\" content=\"\u00c9crit par\" \/>\n\t<meta name=\"twitter:data1\" content=\"ocd web master\" \/>\n\t<meta name=\"twitter:label2\" content=\"Dur\u00e9e de lecture estim\u00e9e\" \/>\n\t<meta name=\"twitter:data2\" content=\"2 minutes\" \/>\n<script type=\"application\/ld+json\" class=\"yoast-schema-graph\">{\"@context\":\"https:\/\/schema.org\",\"@graph\":[{\"@type\":\"Article\",\"@id\":\"https:\/\/www.carmelitaniscalzi.com\/fr\/2021\/05\/31\/therese-de-lisieux-a-lunesco\/#article\",\"isPartOf\":{\"@id\":\"https:\/\/www.carmelitaniscalzi.com\/fr\/2021\/05\/31\/therese-de-lisieux-a-lunesco\/\"},\"author\":{\"name\":\"ocd web master\",\"@id\":\"https:\/\/www.carmelitaniscalzi.com\/#\/schema\/person\/6d1c0d9bea7b6625c437246a5d6da409\"},\"headline\":\"Th\u00e9r\u00e8se de Lisieux \u00e0 l\u2019UNESCO\",\"datePublished\":\"2021-05-30T22:19:10+00:00\",\"dateModified\":\"2021-07-09T22:20:13+00:00\",\"mainEntityOfPage\":{\"@id\":\"https:\/\/www.carmelitaniscalzi.com\/fr\/2021\/05\/31\/therese-de-lisieux-a-lunesco\/\"},\"wordCount\":355,\"publisher\":{\"@id\":\"https:\/\/www.carmelitaniscalzi.com\/#organization\"},\"image\":{\"@id\":\"https:\/\/www.carmelitaniscalzi.com\/fr\/2021\/05\/31\/therese-de-lisieux-a-lunesco\/#primaryimage\"},\"thumbnailUrl\":\"https:\/\/www.carmelitaniscalzi.com\/wp-content\/uploads\/2021\/07\/copert_thl.jpg\",\"articleSection\":[\"Nouvelles Fr\u00e8res\",\"Nouvelles Moniales\",\"Nouvelles\"],\"inLanguage\":\"fr-FR\"},{\"@type\":\"WebPage\",\"@id\":\"https:\/\/www.carmelitaniscalzi.com\/fr\/2021\/05\/31\/therese-de-lisieux-a-lunesco\/\",\"url\":\"https:\/\/www.carmelitaniscalzi.com\/fr\/2021\/05\/31\/therese-de-lisieux-a-lunesco\/\",\"name\":\"Th\u00e9r\u00e8se de Lisieux \u00e0 l\u2019UNESCO - CARMES D\u00c9CHAUX\",\"isPartOf\":{\"@id\":\"https:\/\/www.carmelitaniscalzi.com\/#website\"},\"primaryImageOfPage\":{\"@id\":\"https:\/\/www.carmelitaniscalzi.com\/fr\/2021\/05\/31\/therese-de-lisieux-a-lunesco\/#primaryimage\"},\"image\":{\"@id\":\"https:\/\/www.carmelitaniscalzi.com\/fr\/2021\/05\/31\/therese-de-lisieux-a-lunesco\/#primaryimage\"},\"thumbnailUrl\":\"https:\/\/www.carmelitaniscalzi.com\/wp-content\/uploads\/2021\/07\/copert_thl.jpg\",\"datePublished\":\"2021-05-30T22:19:10+00:00\",\"dateModified\":\"2021-07-09T22:20:13+00:00\",\"breadcrumb\":{\"@id\":\"https:\/\/www.carmelitaniscalzi.com\/fr\/2021\/05\/31\/therese-de-lisieux-a-lunesco\/#breadcrumb\"},\"inLanguage\":\"fr-FR\",\"potentialAction\":[{\"@type\":\"ReadAction\",\"target\":[\"https:\/\/www.carmelitaniscalzi.com\/fr\/2021\/05\/31\/therese-de-lisieux-a-lunesco\/\"]}]},{\"@type\":\"ImageObject\",\"inLanguage\":\"fr-FR\",\"@id\":\"https:\/\/www.carmelitaniscalzi.com\/fr\/2021\/05\/31\/therese-de-lisieux-a-lunesco\/#primaryimage\",\"url\":\"https:\/\/www.carmelitaniscalzi.com\/wp-content\/uploads\/2021\/07\/copert_thl.jpg\",\"contentUrl\":\"https:\/\/www.carmelitaniscalzi.com\/wp-content\/uploads\/2021\/07\/copert_thl.jpg\",\"width\":848,\"height\":600},{\"@type\":\"BreadcrumbList\",\"@id\":\"https:\/\/www.carmelitaniscalzi.com\/fr\/2021\/05\/31\/therese-de-lisieux-a-lunesco\/#breadcrumb\",\"itemListElement\":[{\"@type\":\"ListItem\",\"position\":1,\"name\":\"Home\",\"item\":\"https:\/\/www.carmelitaniscalzi.com\/fr\/\"},{\"@type\":\"ListItem\",\"position\":2,\"name\":\"Th\u00e9r\u00e8se de Lisieux \u00e0 l\u2019UNESCO\"}]},{\"@type\":\"WebSite\",\"@id\":\"https:\/\/www.carmelitaniscalzi.com\/#website\",\"url\":\"https:\/\/www.carmelitaniscalzi.com\/\",\"name\":\"CARMELITANI SCALZI - Curia Generale del Carmelo Teresiano\",\"description\":\"Curie G\u00e9n\u00e9ralice du Carmel D\u00e9chauss\u00e9\",\"publisher\":{\"@id\":\"https:\/\/www.carmelitaniscalzi.com\/#organization\"},\"alternateName\":\"CARMELITANI SCALZI\",\"potentialAction\":[{\"@type\":\"SearchAction\",\"target\":{\"@type\":\"EntryPoint\",\"urlTemplate\":\"https:\/\/www.carmelitaniscalzi.com\/?s={search_term_string}\"},\"query-input\":{\"@type\":\"PropertyValueSpecification\",\"valueRequired\":true,\"valueName\":\"search_term_string\"}}],\"inLanguage\":\"fr-FR\"},{\"@type\":\"Organization\",\"@id\":\"https:\/\/www.carmelitaniscalzi.com\/#organization\",\"name\":\"CARMELITANI SCALZI - Curia Generale del Carmelo Teresiano\",\"url\":\"https:\/\/www.carmelitaniscalzi.com\/\",\"logo\":{\"@type\":\"ImageObject\",\"inLanguage\":\"fr-FR\",\"@id\":\"https:\/\/www.carmelitaniscalzi.com\/#\/schema\/logo\/image\/\",\"url\":\"https:\/\/www.carmelitaniscalzi.com\/wp-content\/uploads\/2025\/11\/login-logo.png\",\"contentUrl\":\"https:\/\/www.carmelitaniscalzi.com\/wp-content\/uploads\/2025\/11\/login-logo.png\",\"width\":256,\"height\":256,\"caption\":\"CARMELITANI SCALZI - Curia Generale del Carmelo Teresiano\"},\"image\":{\"@id\":\"https:\/\/www.carmelitaniscalzi.com\/#\/schema\/logo\/image\/\"},\"sameAs\":[\"https:\/\/www.facebook.com\/Curia-Generalizia-Carmelitani-Scalzi-658766940887784\/\",\"https:\/\/x.com\/ocdcuria\",\"https:\/\/www.youtube.com\/channel\/UC2J5ZL0ycOY0qBSTCLX_NGQ\/videos\",\"https:\/\/www.instagram.com\/ocdinform\/\"]},{\"@type\":\"Person\",\"@id\":\"https:\/\/www.carmelitaniscalzi.com\/#\/schema\/person\/6d1c0d9bea7b6625c437246a5d6da409\",\"name\":\"ocd web master\",\"image\":{\"@type\":\"ImageObject\",\"inLanguage\":\"fr-FR\",\"@id\":\"https:\/\/www.carmelitaniscalzi.com\/#\/schema\/person\/image\/\",\"url\":\"https:\/\/secure.gravatar.com\/avatar\/41fbc5f82bad909fbaf2984c43fa50d8519ac5853e25b454d022b6868f80d0e7?s=96&d=mm&r=g\",\"contentUrl\":\"https:\/\/secure.gravatar.com\/avatar\/41fbc5f82bad909fbaf2984c43fa50d8519ac5853e25b454d022b6868f80d0e7?s=96&d=mm&r=g\",\"caption\":\"ocd web master\"},\"url\":\"https:\/\/www.carmelitaniscalzi.com\/fr\/author\/ocdwebmaster\/\"}]}<\/script>\n<!-- \/ Yoast SEO plugin. -->","yoast_head_json":{"title":"Th\u00e9r\u00e8se de Lisieux \u00e0 l\u2019UNESCO - CARMES D\u00c9CHAUX","robots":{"index":"index","follow":"follow","max-snippet":"max-snippet:-1","max-image-preview":"max-image-preview:large","max-video-preview":"max-video-preview:-1"},"canonical":"https:\/\/www.carmelitaniscalzi.com\/fr\/2021\/05\/31\/therese-de-lisieux-a-lunesco\/","og_locale":"fr_FR","og_type":"article","og_title":"Th\u00e9r\u00e8se de Lisieux \u00e0 l\u2019UNESCO - CARMES D\u00c9CHAUX","og_description":"Le 16 avril 2021, le Conseil ex\u00e9cutif de l\u2019UNESCO approuvait la candidature de Th\u00e9r\u00e8se de l\u2019Enfant J\u00e9sus \u00e0 pour la biennale 2022\/2023, \u00e0 l\u2019occasion du 150e anniversaire de sa naissance. Notons aussi (entre nous) que, accessoirement, 2023 sera aussi l\u2019ann\u00e9e du 100e anniversaire de sa b\u00e9atification (29\/04\/1923). Cette candidature a \u00e9t\u00e9 pr\u00e9sent\u00e9 par l\u2019\u00c9tat fran\u00e7ais [&hellip;]","og_url":"https:\/\/www.carmelitaniscalzi.com\/fr\/2021\/05\/31\/therese-de-lisieux-a-lunesco\/","og_site_name":"CARMES D\u00c9CHAUX","article_publisher":"https:\/\/www.facebook.com\/Curia-Generalizia-Carmelitani-Scalzi-658766940887784\/","article_published_time":"2021-05-30T22:19:10+00:00","article_modified_time":"2021-07-09T22:20:13+00:00","og_image":[{"width":848,"height":600,"url":"https:\/\/www.carmelitaniscalzi.com\/wp-content\/uploads\/2021\/07\/copert_thl.jpg","type":"image\/jpeg"}],"author":"ocd web master","twitter_card":"summary_large_image","twitter_creator":"@ocdcuria","twitter_site":"@ocdcuria","twitter_misc":{"\u00c9crit par":"ocd web master","Dur\u00e9e de lecture estim\u00e9e":"2 minutes"},"schema":{"@context":"https:\/\/schema.org","@graph":[{"@type":"Article","@id":"https:\/\/www.carmelitaniscalzi.com\/fr\/2021\/05\/31\/therese-de-lisieux-a-lunesco\/#article","isPartOf":{"@id":"https:\/\/www.carmelitaniscalzi.com\/fr\/2021\/05\/31\/therese-de-lisieux-a-lunesco\/"},"author":{"name":"ocd web master","@id":"https:\/\/www.carmelitaniscalzi.com\/#\/schema\/person\/6d1c0d9bea7b6625c437246a5d6da409"},"headline":"Th\u00e9r\u00e8se de Lisieux \u00e0 l\u2019UNESCO","datePublished":"2021-05-30T22:19:10+00:00","dateModified":"2021-07-09T22:20:13+00:00","mainEntityOfPage":{"@id":"https:\/\/www.carmelitaniscalzi.com\/fr\/2021\/05\/31\/therese-de-lisieux-a-lunesco\/"},"wordCount":355,"publisher":{"@id":"https:\/\/www.carmelitaniscalzi.com\/#organization"},"image":{"@id":"https:\/\/www.carmelitaniscalzi.com\/fr\/2021\/05\/31\/therese-de-lisieux-a-lunesco\/#primaryimage"},"thumbnailUrl":"https:\/\/www.carmelitaniscalzi.com\/wp-content\/uploads\/2021\/07\/copert_thl.jpg","articleSection":["Nouvelles Fr\u00e8res","Nouvelles Moniales","Nouvelles"],"inLanguage":"fr-FR"},{"@type":"WebPage","@id":"https:\/\/www.carmelitaniscalzi.com\/fr\/2021\/05\/31\/therese-de-lisieux-a-lunesco\/","url":"https:\/\/www.carmelitaniscalzi.com\/fr\/2021\/05\/31\/therese-de-lisieux-a-lunesco\/","name":"Th\u00e9r\u00e8se de Lisieux \u00e0 l\u2019UNESCO - CARMES D\u00c9CHAUX","isPartOf":{"@id":"https:\/\/www.carmelitaniscalzi.com\/#website"},"primaryImageOfPage":{"@id":"https:\/\/www.carmelitaniscalzi.com\/fr\/2021\/05\/31\/therese-de-lisieux-a-lunesco\/#primaryimage"},"image":{"@id":"https:\/\/www.carmelitaniscalzi.com\/fr\/2021\/05\/31\/therese-de-lisieux-a-lunesco\/#primaryimage"},"thumbnailUrl":"https:\/\/www.carmelitaniscalzi.com\/wp-content\/uploads\/2021\/07\/copert_thl.jpg","datePublished":"2021-05-30T22:19:10+00:00","dateModified":"2021-07-09T22:20:13+00:00","breadcrumb":{"@id":"https:\/\/www.carmelitaniscalzi.com\/fr\/2021\/05\/31\/therese-de-lisieux-a-lunesco\/#breadcrumb"},"inLanguage":"fr-FR","potentialAction":[{"@type":"ReadAction","target":["https:\/\/www.carmelitaniscalzi.com\/fr\/2021\/05\/31\/therese-de-lisieux-a-lunesco\/"]}]},{"@type":"ImageObject","inLanguage":"fr-FR","@id":"https:\/\/www.carmelitaniscalzi.com\/fr\/2021\/05\/31\/therese-de-lisieux-a-lunesco\/#primaryimage","url":"https:\/\/www.carmelitaniscalzi.com\/wp-content\/uploads\/2021\/07\/copert_thl.jpg","contentUrl":"https:\/\/www.carmelitaniscalzi.com\/wp-content\/uploads\/2021\/07\/copert_thl.jpg","width":848,"height":600},{"@type":"BreadcrumbList","@id":"https:\/\/www.carmelitaniscalzi.com\/fr\/2021\/05\/31\/therese-de-lisieux-a-lunesco\/#breadcrumb","itemListElement":[{"@type":"ListItem","position":1,"name":"Home","item":"https:\/\/www.carmelitaniscalzi.com\/fr\/"},{"@type":"ListItem","position":2,"name":"Th\u00e9r\u00e8se de Lisieux \u00e0 l\u2019UNESCO"}]},{"@type":"WebSite","@id":"https:\/\/www.carmelitaniscalzi.com\/#website","url":"https:\/\/www.carmelitaniscalzi.com\/","name":"CARMELITANI SCALZI - Curia Generale del Carmelo Teresiano","description":"Curie G\u00e9n\u00e9ralice du Carmel D\u00e9chauss\u00e9","publisher":{"@id":"https:\/\/www.carmelitaniscalzi.com\/#organization"},"alternateName":"CARMELITANI SCALZI","potentialAction":[{"@type":"SearchAction","target":{"@type":"EntryPoint","urlTemplate":"https:\/\/www.carmelitaniscalzi.com\/?s={search_term_string}"},"query-input":{"@type":"PropertyValueSpecification","valueRequired":true,"valueName":"search_term_string"}}],"inLanguage":"fr-FR"},{"@type":"Organization","@id":"https:\/\/www.carmelitaniscalzi.com\/#organization","name":"CARMELITANI SCALZI - Curia Generale del Carmelo Teresiano","url":"https:\/\/www.carmelitaniscalzi.com\/","logo":{"@type":"ImageObject","inLanguage":"fr-FR","@id":"https:\/\/www.carmelitaniscalzi.com\/#\/schema\/logo\/image\/","url":"https:\/\/www.carmelitaniscalzi.com\/wp-content\/uploads\/2025\/11\/login-logo.png","contentUrl":"https:\/\/www.carmelitaniscalzi.com\/wp-content\/uploads\/2025\/11\/login-logo.png","width":256,"height":256,"caption":"CARMELITANI SCALZI - Curia Generale del Carmelo Teresiano"},"image":{"@id":"https:\/\/www.carmelitaniscalzi.com\/#\/schema\/logo\/image\/"},"sameAs":["https:\/\/www.facebook.com\/Curia-Generalizia-Carmelitani-Scalzi-658766940887784\/","https:\/\/x.com\/ocdcuria","https:\/\/www.youtube.com\/channel\/UC2J5ZL0ycOY0qBSTCLX_NGQ\/videos","https:\/\/www.instagram.com\/ocdinform\/"]},{"@type":"Person","@id":"https:\/\/www.carmelitaniscalzi.com\/#\/schema\/person\/6d1c0d9bea7b6625c437246a5d6da409","name":"ocd web master","image":{"@type":"ImageObject","inLanguage":"fr-FR","@id":"https:\/\/www.carmelitaniscalzi.com\/#\/schema\/person\/image\/","url":"https:\/\/secure.gravatar.com\/avatar\/41fbc5f82bad909fbaf2984c43fa50d8519ac5853e25b454d022b6868f80d0e7?s=96&d=mm&r=g","contentUrl":"https:\/\/secure.gravatar.com\/avatar\/41fbc5f82bad909fbaf2984c43fa50d8519ac5853e25b454d022b6868f80d0e7?s=96&d=mm&r=g","caption":"ocd web master"},"url":"https:\/\/www.carmelitaniscalzi.com\/fr\/author\/ocdwebmaster\/"}]}},"_links":{"self":[{"href":"https:\/\/www.carmelitaniscalzi.com\/fr\/wp-json\/wp\/v2\/posts\/69437","targetHints":{"allow":["GET"]}}],"collection":[{"href":"https:\/\/www.carmelitaniscalzi.com\/fr\/wp-json\/wp\/v2\/posts"}],"about":[{"href":"https:\/\/www.carmelitaniscalzi.com\/fr\/wp-json\/wp\/v2\/types\/post"}],"author":[{"embeddable":true,"href":"https:\/\/www.carmelitaniscalzi.com\/fr\/wp-json\/wp\/v2\/users\/7"}],"replies":[{"embeddable":true,"href":"https:\/\/www.carmelitaniscalzi.com\/fr\/wp-json\/wp\/v2\/comments?post=69437"}],"version-history":[{"count":1,"href":"https:\/\/www.carmelitaniscalzi.com\/fr\/wp-json\/wp\/v2\/posts\/69437\/revisions"}],"predecessor-version":[{"id":69438,"href":"https:\/\/www.carmelitaniscalzi.com\/fr\/wp-json\/wp\/v2\/posts\/69437\/revisions\/69438"}],"wp:featuredmedia":[{"embeddable":true,"href":"https:\/\/www.carmelitaniscalzi.com\/fr\/wp-json\/wp\/v2\/media\/69261"}],"wp:attachment":[{"href":"https:\/\/www.carmelitaniscalzi.com\/fr\/wp-json\/wp\/v2\/media?parent=69437"}],"wp:term":[{"taxonomy":"category","embeddable":true,"href":"https:\/\/www.carmelitaniscalzi.com\/fr\/wp-json\/wp\/v2\/categories?post=69437"},{"taxonomy":"post_tag","embeddable":true,"href":"https:\/\/www.carmelitaniscalzi.com\/fr\/wp-json\/wp\/v2\/tags?post=69437"}],"curies":[{"name":"wp","href":"https:\/\/api.w.org\/{rel}","templated":true}]}}