{"id":69407,"date":"2021-05-26T23:56:31","date_gmt":"2021-05-26T21:56:31","guid":{"rendered":"https:\/\/carmelitaniscalzi.com\/?p=69407"},"modified":"2021-07-08T23:57:58","modified_gmt":"2021-07-08T21:57:58","slug":"avila-celebre-le-50e-anniversaire-du-doctorat-de-sainte-therese-de-jesus","status":"publish","type":"post","link":"https:\/\/www.carmelitaniscalzi.com\/fr\/2021\/05\/26\/avila-celebre-le-50e-anniversaire-du-doctorat-de-sainte-therese-de-jesus\/","title":{"rendered":"Avila c\u00e9l\u00e8bre le 50e anniversaire du doctorat de Sainte Th\u00e9r\u00e8se de J\u00e9sus"},"content":{"rendered":"<p>Du 12 au 15 avril, Avila a accueilli le Congr\u00e8s international \u00ab\u00a0Santa Teresa de Jes\u00fas, \u201cMujer Excepcional\u201d\u00a0\u00bb \u00e0 l&rsquo;occasion du 50e anniversaire de la proclamation de sainte Th\u00e9r\u00e8se de J\u00e9sus comme Docteur de l&rsquo;\u00c9glise. Au d\u00e9but du congr\u00e8s, un message du Pape Fran\u00e7ois a \u00e9t\u00e9 lu. Il y saluait tous les participants et affirmait que \u00ab\u00a0la flamme que J\u00e9sus a allum\u00e9e en Th\u00e9r\u00e8se continue de briller dans ce monde qui a toujours besoin de t\u00e9moins courageux, capables de briser n&rsquo;importe quel mur\u00a0\u00bb.<\/p>\n<p>Le Congr\u00e8s s&rsquo;est d\u00e9roul\u00e9 selon une double modalit\u00e9\u00a0: en pr\u00e9sentiel et en ligne. Pendant 4 jours, il a pr\u00e9sent\u00e9 la doctrine th\u00e9r\u00e9sienne pour le monde et l&rsquo;\u00c9glise d&rsquo;aujourd&rsquo;hui dans diff\u00e9rentes th\u00e9matiques.<\/p>\n<p>\u00c0 la fin du congr\u00e8s, les participants ont re\u00e7u une nouvelle surprise : un message vid\u00e9o du pape Fran\u00e7ois. Ce fut le point d&rsquo;orgue du Congr\u00e8s. Le Pape en profita pour rappeler que l&rsquo;une des caract\u00e9ristiques de la Sainte d&rsquo;Avila \u00e9tait son union avec le Christ et sa d\u00e9termination \u00e0 \u00eatre avec lui dans la pri\u00e8re. Il a encourag\u00e9 tout un chacun \u00e0 trouver son propre chemin de saintet\u00e9 et a soulign\u00e9 que \u00ab\u00a0Sainte Th\u00e9r\u00e8se nous enseigne que le chemin qui a fait d&rsquo;elle une femme exceptionnelle et une figure de r\u00e9f\u00e9rence \u00e0 travers les si\u00e8cles, ce chemin, celui de la pri\u00e8re, est ouvert \u00e0 tous ceux qui s&rsquo;ouvrent humblement \u00e0 l&rsquo;action de l&rsquo;esprit dans leur vie\u00a0\u00bb.<\/p>\n<p>Voici le lien vers le texte int\u00e9gral du message vid\u00e9o :<\/p>\n<p><a href=\"https:\/\/www.osservatoreromano.va\/it\/pdfreader.html\/fra\/2021\/04\/FRA_2021_017_2704.pdf.html\">https:\/\/www.osservatoreromano.va\/it\/pdfreader.html\/fra\/2021\/04\/FRA_2021_017_2704.pdf.html<\/a><\/p>\n<p>&nbsp;<\/p>\n<p>Par ailleurs, le Congr\u00e8s a r\u00e9alis\u00e9 une collecte de fonds, par le biais du site web du congr\u00e8s (<a href=\"http:\/\/congresosantateresadoctora.es\">http:\/\/congresosantateresadoctora.es<\/a>), pour aider le Monast\u00e8re de l&rsquo;Annonciation d&rsquo;Alba de Tormes (Salamanque), o\u00f9 est conserv\u00e9 le tombeau de la Santa. En plus de cela, les organisateurs ont \u00e9galement d\u00e9cid\u00e9 de faire don des b\u00e9n\u00e9fices du Congr\u00e8s pour subvenir \u00e0 la situation \u00e9conomique difficile que traverse le monast\u00e8re.<\/p>\n<p>&nbsp;<\/p>\n<div class=\"wpmf-gallerys wpmf-gallerys-life \" ><div id=\"gallery-1\"\n data-gutter-width=\"5\"\n  data-wpmfcolumns=\"5\" class=\"wpmf-gallery gallery-link-file gallery_life gallery-masonry gallery-columns-5 gallery-size-thumbnail wpmf-gallery-bottomspace-default wpmf-gallery-clear wpmf-has-border-radius-0 wpmf-gutterwidth-5\"><div class=\"wpmf-gallery-item\n     wpmf-gallery-item-position-0 wpmf-gallery-item-attachment-69243\" data-index=\"0\"><div class=\"wpmf-gallery-icon\"><a class=\" not_video noLightbox\" data-lightbox=\"1\" data-href=\"https:\/\/www.carmelitaniscalzi.com\/wp-content\/uploads\/2021\/07\/congreso05.jpeg\" title=\"congreso05\" target=\"_self\" data-index=\"0\"><img decoding=\"async\" class=\"wpmf_img\" alt=\"congreso05\" src=\"https:\/\/www.carmelitaniscalzi.com\/wp-content\/uploads\/2021\/07\/congreso05-150x150.jpeg\" data-type=\"wpmfgalleryimg\" data-lazy-src=\"https:\/\/www.carmelitaniscalzi.com\/wp-content\/uploads\/2021\/07\/congreso05-150x150.jpeg\"><\/a><\/div><\/div><div class=\"wpmf-gallery-item\n     wpmf-gallery-item-position-1 wpmf-gallery-item-attachment-69237\" data-index=\"1\"><div class=\"wpmf-gallery-icon\"><a class=\" not_video noLightbox\" data-lightbox=\"1\" data-href=\"https:\/\/www.carmelitaniscalzi.com\/wp-content\/uploads\/2021\/07\/congreso04-768x1024.jpeg\" title=\"congreso04\" target=\"_self\" data-index=\"1\"><img decoding=\"async\" class=\"wpmf_img\" alt=\"congreso04\" src=\"https:\/\/www.carmelitaniscalzi.com\/wp-content\/uploads\/2021\/07\/congreso04-150x150.jpeg\" data-type=\"wpmfgalleryimg\" data-lazy-src=\"https:\/\/www.carmelitaniscalzi.com\/wp-content\/uploads\/2021\/07\/congreso04-150x150.jpeg\"><\/a><\/div><\/div><div class=\"wpmf-gallery-item\n     wpmf-gallery-item-position-2 wpmf-gallery-item-attachment-69231\" data-index=\"2\"><div class=\"wpmf-gallery-icon\"><a class=\" not_video noLightbox\" data-lightbox=\"1\" data-href=\"https:\/\/www.carmelitaniscalzi.com\/wp-content\/uploads\/2021\/07\/congreso02-1024x768.jpeg\" title=\"congreso02\" target=\"_self\" data-index=\"2\"><img decoding=\"async\" class=\"wpmf_img\" alt=\"congreso02\" src=\"https:\/\/www.carmelitaniscalzi.com\/wp-content\/uploads\/2021\/07\/congreso02-150x150.jpeg\" data-type=\"wpmfgalleryimg\" data-lazy-src=\"https:\/\/www.carmelitaniscalzi.com\/wp-content\/uploads\/2021\/07\/congreso02-150x150.jpeg\"><\/a><\/div><\/div><div class=\"wpmf-gallery-item\n     wpmf-gallery-item-position-3 wpmf-gallery-item-attachment-69225\" data-index=\"3\"><div class=\"wpmf-gallery-icon\"><a class=\" not_video noLightbox\" data-lightbox=\"1\" data-href=\"https:\/\/www.carmelitaniscalzi.com\/wp-content\/uploads\/2021\/07\/congreso01-768x1024.jpeg\" title=\"congreso01\" target=\"_self\" data-index=\"3\"><img decoding=\"async\" class=\"wpmf_img\" alt=\"congreso01\" src=\"https:\/\/www.carmelitaniscalzi.com\/wp-content\/uploads\/2021\/07\/congreso01-150x150.jpeg\" data-type=\"wpmfgalleryimg\" data-lazy-src=\"https:\/\/www.carmelitaniscalzi.com\/wp-content\/uploads\/2021\/07\/congreso01-150x150.jpeg\"><\/a><\/div><\/div><div class=\"wpmf-gallery-item\n     wpmf-gallery-item-position-4 wpmf-gallery-item-attachment-69219\" data-index=\"4\"><div class=\"wpmf-gallery-icon\"><a class=\" not_video noLightbox\" data-lightbox=\"1\" data-href=\"https:\/\/www.carmelitaniscalzi.com\/wp-content\/uploads\/2021\/07\/congreso00-1024x768.jpeg\" title=\"congreso00\" target=\"_self\" data-index=\"4\"><img decoding=\"async\" class=\"wpmf_img\" alt=\"congreso00\" src=\"https:\/\/www.carmelitaniscalzi.com\/wp-content\/uploads\/2021\/07\/congreso00-150x150.jpeg\" data-type=\"wpmfgalleryimg\" data-lazy-src=\"https:\/\/www.carmelitaniscalzi.com\/wp-content\/uploads\/2021\/07\/congreso00-150x150.jpeg\"><\/a><\/div><\/div><\/div><\/div>\n\n","protected":false},"excerpt":{"rendered":"<p>Du 12 au 15 avril, Avila a accueilli le Congr\u00e8s international \u00ab\u00a0Santa Teresa de Jes\u00fas, \u201cMujer Excepcional\u201d\u00a0\u00bb \u00e0 l&rsquo;occasion du 50e anniversaire de la proclamation de sainte Th\u00e9r\u00e8se de J\u00e9sus comme Docteur de l&rsquo;\u00c9glise. Au d\u00e9but du congr\u00e8s, un message du Pape Fran\u00e7ois a \u00e9t\u00e9 lu. Il y saluait tous les participants et affirmait que [&hellip;]<\/p>\n","protected":false},"author":7,"featured_media":69249,"comment_status":"closed","ping_status":"open","sticky":false,"template":"","format":"standard","meta":{"_acf_changed":false,"footnotes":""},"categories":[261,370,201,203],"tags":[],"class_list":["post-69407","post","type-post","status-publish","format-standard","has-post-thumbnail","hentry","category-nouvelles-ocds","category-nouvelles","category-nouvelles-freres","category-nouvelles-moniales"],"acf":[],"yoast_head":"<!-- This site is optimized with the Yoast SEO plugin v26.3 - https:\/\/yoast.com\/wordpress\/plugins\/seo\/ -->\n<title>Avila c\u00e9l\u00e8bre le 50e anniversaire du doctorat de Sainte Th\u00e9r\u00e8se de J\u00e9sus - CARMES D\u00c9CHAUX<\/title>\n<meta name=\"robots\" content=\"index, follow, max-snippet:-1, max-image-preview:large, max-video-preview:-1\" \/>\n<link rel=\"canonical\" href=\"https:\/\/www.carmelitaniscalzi.com\/fr\/2021\/05\/26\/avila-celebre-le-50e-anniversaire-du-doctorat-de-sainte-therese-de-jesus\/\" \/>\n<meta property=\"og:locale\" content=\"fr_FR\" \/>\n<meta property=\"og:type\" content=\"article\" \/>\n<meta property=\"og:title\" content=\"Avila c\u00e9l\u00e8bre le 50e anniversaire du doctorat de Sainte Th\u00e9r\u00e8se de J\u00e9sus - CARMES D\u00c9CHAUX\" \/>\n<meta property=\"og:description\" content=\"Du 12 au 15 avril, Avila a accueilli le Congr\u00e8s international \u00ab\u00a0Santa Teresa de Jes\u00fas, \u201cMujer Excepcional\u201d\u00a0\u00bb \u00e0 l&rsquo;occasion du 50e anniversaire de la proclamation de sainte Th\u00e9r\u00e8se de J\u00e9sus comme Docteur de l&rsquo;\u00c9glise. Au d\u00e9but du congr\u00e8s, un message du Pape Fran\u00e7ois a \u00e9t\u00e9 lu. Il y saluait tous les participants et affirmait que [&hellip;]\" \/>\n<meta property=\"og:url\" content=\"https:\/\/www.carmelitaniscalzi.com\/fr\/2021\/05\/26\/avila-celebre-le-50e-anniversaire-du-doctorat-de-sainte-therese-de-jesus\/\" \/>\n<meta property=\"og:site_name\" content=\"CARMES D\u00c9CHAUX\" \/>\n<meta property=\"article:publisher\" content=\"https:\/\/www.facebook.com\/Curia-Generalizia-Carmelitani-Scalzi-658766940887784\/\" \/>\n<meta property=\"article:published_time\" content=\"2021-05-26T21:56:31+00:00\" \/>\n<meta property=\"article:modified_time\" content=\"2021-07-08T21:57:58+00:00\" \/>\n<meta property=\"og:image\" content=\"https:\/\/www.carmelitaniscalzi.com\/wp-content\/uploads\/2021\/07\/coper_congress.jpg\" \/>\n\t<meta property=\"og:image:width\" content=\"848\" \/>\n\t<meta property=\"og:image:height\" content=\"600\" \/>\n\t<meta property=\"og:image:type\" content=\"image\/jpeg\" \/>\n<meta name=\"author\" content=\"ocd web master\" \/>\n<meta name=\"twitter:card\" content=\"summary_large_image\" \/>\n<meta name=\"twitter:creator\" content=\"@ocdcuria\" \/>\n<meta name=\"twitter:site\" content=\"@ocdcuria\" \/>\n<meta name=\"twitter:label1\" content=\"\u00c9crit par\" \/>\n\t<meta name=\"twitter:data1\" content=\"ocd web master\" \/>\n\t<meta name=\"twitter:label2\" content=\"Dur\u00e9e de lecture estim\u00e9e\" \/>\n\t<meta name=\"twitter:data2\" content=\"2 minutes\" \/>\n<script type=\"application\/ld+json\" class=\"yoast-schema-graph\">{\"@context\":\"https:\/\/schema.org\",\"@graph\":[{\"@type\":\"Article\",\"@id\":\"https:\/\/www.carmelitaniscalzi.com\/fr\/2021\/05\/26\/avila-celebre-le-50e-anniversaire-du-doctorat-de-sainte-therese-de-jesus\/#article\",\"isPartOf\":{\"@id\":\"https:\/\/www.carmelitaniscalzi.com\/fr\/2021\/05\/26\/avila-celebre-le-50e-anniversaire-du-doctorat-de-sainte-therese-de-jesus\/\"},\"author\":{\"name\":\"ocd web master\",\"@id\":\"https:\/\/www.carmelitaniscalzi.com\/#\/schema\/person\/6d1c0d9bea7b6625c437246a5d6da409\"},\"headline\":\"Avila c\u00e9l\u00e8bre le 50e anniversaire du doctorat de Sainte Th\u00e9r\u00e8se de J\u00e9sus\",\"datePublished\":\"2021-05-26T21:56:31+00:00\",\"dateModified\":\"2021-07-08T21:57:58+00:00\",\"mainEntityOfPage\":{\"@id\":\"https:\/\/www.carmelitaniscalzi.com\/fr\/2021\/05\/26\/avila-celebre-le-50e-anniversaire-du-doctorat-de-sainte-therese-de-jesus\/\"},\"wordCount\":396,\"publisher\":{\"@id\":\"https:\/\/www.carmelitaniscalzi.com\/#organization\"},\"image\":{\"@id\":\"https:\/\/www.carmelitaniscalzi.com\/fr\/2021\/05\/26\/avila-celebre-le-50e-anniversaire-du-doctorat-de-sainte-therese-de-jesus\/#primaryimage\"},\"thumbnailUrl\":\"https:\/\/www.carmelitaniscalzi.com\/wp-content\/uploads\/2021\/07\/coper_congress.jpg\",\"articleSection\":[\"Nouvelles OCDS\",\"Nouvelles\",\"Nouvelles Fr\u00e8res\",\"Nouvelles Moniales\"],\"inLanguage\":\"fr-FR\"},{\"@type\":\"WebPage\",\"@id\":\"https:\/\/www.carmelitaniscalzi.com\/fr\/2021\/05\/26\/avila-celebre-le-50e-anniversaire-du-doctorat-de-sainte-therese-de-jesus\/\",\"url\":\"https:\/\/www.carmelitaniscalzi.com\/fr\/2021\/05\/26\/avila-celebre-le-50e-anniversaire-du-doctorat-de-sainte-therese-de-jesus\/\",\"name\":\"Avila c\u00e9l\u00e8bre le 50e anniversaire du doctorat de Sainte Th\u00e9r\u00e8se de J\u00e9sus - CARMES D\u00c9CHAUX\",\"isPartOf\":{\"@id\":\"https:\/\/www.carmelitaniscalzi.com\/#website\"},\"primaryImageOfPage\":{\"@id\":\"https:\/\/www.carmelitaniscalzi.com\/fr\/2021\/05\/26\/avila-celebre-le-50e-anniversaire-du-doctorat-de-sainte-therese-de-jesus\/#primaryimage\"},\"image\":{\"@id\":\"https:\/\/www.carmelitaniscalzi.com\/fr\/2021\/05\/26\/avila-celebre-le-50e-anniversaire-du-doctorat-de-sainte-therese-de-jesus\/#primaryimage\"},\"thumbnailUrl\":\"https:\/\/www.carmelitaniscalzi.com\/wp-content\/uploads\/2021\/07\/coper_congress.jpg\",\"datePublished\":\"2021-05-26T21:56:31+00:00\",\"dateModified\":\"2021-07-08T21:57:58+00:00\",\"breadcrumb\":{\"@id\":\"https:\/\/www.carmelitaniscalzi.com\/fr\/2021\/05\/26\/avila-celebre-le-50e-anniversaire-du-doctorat-de-sainte-therese-de-jesus\/#breadcrumb\"},\"inLanguage\":\"fr-FR\",\"potentialAction\":[{\"@type\":\"ReadAction\",\"target\":[\"https:\/\/www.carmelitaniscalzi.com\/fr\/2021\/05\/26\/avila-celebre-le-50e-anniversaire-du-doctorat-de-sainte-therese-de-jesus\/\"]}]},{\"@type\":\"ImageObject\",\"inLanguage\":\"fr-FR\",\"@id\":\"https:\/\/www.carmelitaniscalzi.com\/fr\/2021\/05\/26\/avila-celebre-le-50e-anniversaire-du-doctorat-de-sainte-therese-de-jesus\/#primaryimage\",\"url\":\"https:\/\/www.carmelitaniscalzi.com\/wp-content\/uploads\/2021\/07\/coper_congress.jpg\",\"contentUrl\":\"https:\/\/www.carmelitaniscalzi.com\/wp-content\/uploads\/2021\/07\/coper_congress.jpg\",\"width\":848,\"height\":600},{\"@type\":\"BreadcrumbList\",\"@id\":\"https:\/\/www.carmelitaniscalzi.com\/fr\/2021\/05\/26\/avila-celebre-le-50e-anniversaire-du-doctorat-de-sainte-therese-de-jesus\/#breadcrumb\",\"itemListElement\":[{\"@type\":\"ListItem\",\"position\":1,\"name\":\"Home\",\"item\":\"https:\/\/www.carmelitaniscalzi.com\/fr\/\"},{\"@type\":\"ListItem\",\"position\":2,\"name\":\"Avila c\u00e9l\u00e8bre le 50e anniversaire du doctorat de Sainte Th\u00e9r\u00e8se de J\u00e9sus\"}]},{\"@type\":\"WebSite\",\"@id\":\"https:\/\/www.carmelitaniscalzi.com\/#website\",\"url\":\"https:\/\/www.carmelitaniscalzi.com\/\",\"name\":\"CARMELITANI SCALZI - Curia Generale del Carmelo Teresiano\",\"description\":\"Curie G\u00e9n\u00e9ralice du Carmel D\u00e9chauss\u00e9\",\"publisher\":{\"@id\":\"https:\/\/www.carmelitaniscalzi.com\/#organization\"},\"alternateName\":\"CARMELITANI SCALZI\",\"potentialAction\":[{\"@type\":\"SearchAction\",\"target\":{\"@type\":\"EntryPoint\",\"urlTemplate\":\"https:\/\/www.carmelitaniscalzi.com\/?s={search_term_string}\"},\"query-input\":{\"@type\":\"PropertyValueSpecification\",\"valueRequired\":true,\"valueName\":\"search_term_string\"}}],\"inLanguage\":\"fr-FR\"},{\"@type\":\"Organization\",\"@id\":\"https:\/\/www.carmelitaniscalzi.com\/#organization\",\"name\":\"CARMELITANI SCALZI - Curia Generale del Carmelo Teresiano\",\"url\":\"https:\/\/www.carmelitaniscalzi.com\/\",\"logo\":{\"@type\":\"ImageObject\",\"inLanguage\":\"fr-FR\",\"@id\":\"https:\/\/www.carmelitaniscalzi.com\/#\/schema\/logo\/image\/\",\"url\":\"https:\/\/www.carmelitaniscalzi.com\/wp-content\/uploads\/2025\/11\/login-logo.png\",\"contentUrl\":\"https:\/\/www.carmelitaniscalzi.com\/wp-content\/uploads\/2025\/11\/login-logo.png\",\"width\":256,\"height\":256,\"caption\":\"CARMELITANI SCALZI - Curia Generale del Carmelo Teresiano\"},\"image\":{\"@id\":\"https:\/\/www.carmelitaniscalzi.com\/#\/schema\/logo\/image\/\"},\"sameAs\":[\"https:\/\/www.facebook.com\/Curia-Generalizia-Carmelitani-Scalzi-658766940887784\/\",\"https:\/\/x.com\/ocdcuria\",\"https:\/\/www.youtube.com\/channel\/UC2J5ZL0ycOY0qBSTCLX_NGQ\/videos\",\"https:\/\/www.instagram.com\/ocdinform\/\"]},{\"@type\":\"Person\",\"@id\":\"https:\/\/www.carmelitaniscalzi.com\/#\/schema\/person\/6d1c0d9bea7b6625c437246a5d6da409\",\"name\":\"ocd web master\",\"image\":{\"@type\":\"ImageObject\",\"inLanguage\":\"fr-FR\",\"@id\":\"https:\/\/www.carmelitaniscalzi.com\/#\/schema\/person\/image\/\",\"url\":\"https:\/\/secure.gravatar.com\/avatar\/41fbc5f82bad909fbaf2984c43fa50d8519ac5853e25b454d022b6868f80d0e7?s=96&d=mm&r=g\",\"contentUrl\":\"https:\/\/secure.gravatar.com\/avatar\/41fbc5f82bad909fbaf2984c43fa50d8519ac5853e25b454d022b6868f80d0e7?s=96&d=mm&r=g\",\"caption\":\"ocd web master\"},\"url\":\"https:\/\/www.carmelitaniscalzi.com\/fr\/author\/ocdwebmaster\/\"}]}<\/script>\n<!-- \/ Yoast SEO plugin. -->","yoast_head_json":{"title":"Avila c\u00e9l\u00e8bre le 50e anniversaire du doctorat de Sainte Th\u00e9r\u00e8se de J\u00e9sus - CARMES D\u00c9CHAUX","robots":{"index":"index","follow":"follow","max-snippet":"max-snippet:-1","max-image-preview":"max-image-preview:large","max-video-preview":"max-video-preview:-1"},"canonical":"https:\/\/www.carmelitaniscalzi.com\/fr\/2021\/05\/26\/avila-celebre-le-50e-anniversaire-du-doctorat-de-sainte-therese-de-jesus\/","og_locale":"fr_FR","og_type":"article","og_title":"Avila c\u00e9l\u00e8bre le 50e anniversaire du doctorat de Sainte Th\u00e9r\u00e8se de J\u00e9sus - CARMES D\u00c9CHAUX","og_description":"Du 12 au 15 avril, Avila a accueilli le Congr\u00e8s international \u00ab\u00a0Santa Teresa de Jes\u00fas, \u201cMujer Excepcional\u201d\u00a0\u00bb \u00e0 l&rsquo;occasion du 50e anniversaire de la proclamation de sainte Th\u00e9r\u00e8se de J\u00e9sus comme Docteur de l&rsquo;\u00c9glise. Au d\u00e9but du congr\u00e8s, un message du Pape Fran\u00e7ois a \u00e9t\u00e9 lu. Il y saluait tous les participants et affirmait que [&hellip;]","og_url":"https:\/\/www.carmelitaniscalzi.com\/fr\/2021\/05\/26\/avila-celebre-le-50e-anniversaire-du-doctorat-de-sainte-therese-de-jesus\/","og_site_name":"CARMES D\u00c9CHAUX","article_publisher":"https:\/\/www.facebook.com\/Curia-Generalizia-Carmelitani-Scalzi-658766940887784\/","article_published_time":"2021-05-26T21:56:31+00:00","article_modified_time":"2021-07-08T21:57:58+00:00","og_image":[{"width":848,"height":600,"url":"https:\/\/www.carmelitaniscalzi.com\/wp-content\/uploads\/2021\/07\/coper_congress.jpg","type":"image\/jpeg"}],"author":"ocd web master","twitter_card":"summary_large_image","twitter_creator":"@ocdcuria","twitter_site":"@ocdcuria","twitter_misc":{"\u00c9crit par":"ocd web master","Dur\u00e9e de lecture estim\u00e9e":"2 minutes"},"schema":{"@context":"https:\/\/schema.org","@graph":[{"@type":"Article","@id":"https:\/\/www.carmelitaniscalzi.com\/fr\/2021\/05\/26\/avila-celebre-le-50e-anniversaire-du-doctorat-de-sainte-therese-de-jesus\/#article","isPartOf":{"@id":"https:\/\/www.carmelitaniscalzi.com\/fr\/2021\/05\/26\/avila-celebre-le-50e-anniversaire-du-doctorat-de-sainte-therese-de-jesus\/"},"author":{"name":"ocd web master","@id":"https:\/\/www.carmelitaniscalzi.com\/#\/schema\/person\/6d1c0d9bea7b6625c437246a5d6da409"},"headline":"Avila c\u00e9l\u00e8bre le 50e anniversaire du doctorat de Sainte Th\u00e9r\u00e8se de J\u00e9sus","datePublished":"2021-05-26T21:56:31+00:00","dateModified":"2021-07-08T21:57:58+00:00","mainEntityOfPage":{"@id":"https:\/\/www.carmelitaniscalzi.com\/fr\/2021\/05\/26\/avila-celebre-le-50e-anniversaire-du-doctorat-de-sainte-therese-de-jesus\/"},"wordCount":396,"publisher":{"@id":"https:\/\/www.carmelitaniscalzi.com\/#organization"},"image":{"@id":"https:\/\/www.carmelitaniscalzi.com\/fr\/2021\/05\/26\/avila-celebre-le-50e-anniversaire-du-doctorat-de-sainte-therese-de-jesus\/#primaryimage"},"thumbnailUrl":"https:\/\/www.carmelitaniscalzi.com\/wp-content\/uploads\/2021\/07\/coper_congress.jpg","articleSection":["Nouvelles OCDS","Nouvelles","Nouvelles Fr\u00e8res","Nouvelles Moniales"],"inLanguage":"fr-FR"},{"@type":"WebPage","@id":"https:\/\/www.carmelitaniscalzi.com\/fr\/2021\/05\/26\/avila-celebre-le-50e-anniversaire-du-doctorat-de-sainte-therese-de-jesus\/","url":"https:\/\/www.carmelitaniscalzi.com\/fr\/2021\/05\/26\/avila-celebre-le-50e-anniversaire-du-doctorat-de-sainte-therese-de-jesus\/","name":"Avila c\u00e9l\u00e8bre le 50e anniversaire du doctorat de Sainte Th\u00e9r\u00e8se de J\u00e9sus - CARMES D\u00c9CHAUX","isPartOf":{"@id":"https:\/\/www.carmelitaniscalzi.com\/#website"},"primaryImageOfPage":{"@id":"https:\/\/www.carmelitaniscalzi.com\/fr\/2021\/05\/26\/avila-celebre-le-50e-anniversaire-du-doctorat-de-sainte-therese-de-jesus\/#primaryimage"},"image":{"@id":"https:\/\/www.carmelitaniscalzi.com\/fr\/2021\/05\/26\/avila-celebre-le-50e-anniversaire-du-doctorat-de-sainte-therese-de-jesus\/#primaryimage"},"thumbnailUrl":"https:\/\/www.carmelitaniscalzi.com\/wp-content\/uploads\/2021\/07\/coper_congress.jpg","datePublished":"2021-05-26T21:56:31+00:00","dateModified":"2021-07-08T21:57:58+00:00","breadcrumb":{"@id":"https:\/\/www.carmelitaniscalzi.com\/fr\/2021\/05\/26\/avila-celebre-le-50e-anniversaire-du-doctorat-de-sainte-therese-de-jesus\/#breadcrumb"},"inLanguage":"fr-FR","potentialAction":[{"@type":"ReadAction","target":["https:\/\/www.carmelitaniscalzi.com\/fr\/2021\/05\/26\/avila-celebre-le-50e-anniversaire-du-doctorat-de-sainte-therese-de-jesus\/"]}]},{"@type":"ImageObject","inLanguage":"fr-FR","@id":"https:\/\/www.carmelitaniscalzi.com\/fr\/2021\/05\/26\/avila-celebre-le-50e-anniversaire-du-doctorat-de-sainte-therese-de-jesus\/#primaryimage","url":"https:\/\/www.carmelitaniscalzi.com\/wp-content\/uploads\/2021\/07\/coper_congress.jpg","contentUrl":"https:\/\/www.carmelitaniscalzi.com\/wp-content\/uploads\/2021\/07\/coper_congress.jpg","width":848,"height":600},{"@type":"BreadcrumbList","@id":"https:\/\/www.carmelitaniscalzi.com\/fr\/2021\/05\/26\/avila-celebre-le-50e-anniversaire-du-doctorat-de-sainte-therese-de-jesus\/#breadcrumb","itemListElement":[{"@type":"ListItem","position":1,"name":"Home","item":"https:\/\/www.carmelitaniscalzi.com\/fr\/"},{"@type":"ListItem","position":2,"name":"Avila c\u00e9l\u00e8bre le 50e anniversaire du doctorat de Sainte Th\u00e9r\u00e8se de J\u00e9sus"}]},{"@type":"WebSite","@id":"https:\/\/www.carmelitaniscalzi.com\/#website","url":"https:\/\/www.carmelitaniscalzi.com\/","name":"CARMELITANI SCALZI - Curia Generale del Carmelo Teresiano","description":"Curie G\u00e9n\u00e9ralice du Carmel D\u00e9chauss\u00e9","publisher":{"@id":"https:\/\/www.carmelitaniscalzi.com\/#organization"},"alternateName":"CARMELITANI SCALZI","potentialAction":[{"@type":"SearchAction","target":{"@type":"EntryPoint","urlTemplate":"https:\/\/www.carmelitaniscalzi.com\/?s={search_term_string}"},"query-input":{"@type":"PropertyValueSpecification","valueRequired":true,"valueName":"search_term_string"}}],"inLanguage":"fr-FR"},{"@type":"Organization","@id":"https:\/\/www.carmelitaniscalzi.com\/#organization","name":"CARMELITANI SCALZI - Curia Generale del Carmelo Teresiano","url":"https:\/\/www.carmelitaniscalzi.com\/","logo":{"@type":"ImageObject","inLanguage":"fr-FR","@id":"https:\/\/www.carmelitaniscalzi.com\/#\/schema\/logo\/image\/","url":"https:\/\/www.carmelitaniscalzi.com\/wp-content\/uploads\/2025\/11\/login-logo.png","contentUrl":"https:\/\/www.carmelitaniscalzi.com\/wp-content\/uploads\/2025\/11\/login-logo.png","width":256,"height":256,"caption":"CARMELITANI SCALZI - Curia Generale del Carmelo Teresiano"},"image":{"@id":"https:\/\/www.carmelitaniscalzi.com\/#\/schema\/logo\/image\/"},"sameAs":["https:\/\/www.facebook.com\/Curia-Generalizia-Carmelitani-Scalzi-658766940887784\/","https:\/\/x.com\/ocdcuria","https:\/\/www.youtube.com\/channel\/UC2J5ZL0ycOY0qBSTCLX_NGQ\/videos","https:\/\/www.instagram.com\/ocdinform\/"]},{"@type":"Person","@id":"https:\/\/www.carmelitaniscalzi.com\/#\/schema\/person\/6d1c0d9bea7b6625c437246a5d6da409","name":"ocd web master","image":{"@type":"ImageObject","inLanguage":"fr-FR","@id":"https:\/\/www.carmelitaniscalzi.com\/#\/schema\/person\/image\/","url":"https:\/\/secure.gravatar.com\/avatar\/41fbc5f82bad909fbaf2984c43fa50d8519ac5853e25b454d022b6868f80d0e7?s=96&d=mm&r=g","contentUrl":"https:\/\/secure.gravatar.com\/avatar\/41fbc5f82bad909fbaf2984c43fa50d8519ac5853e25b454d022b6868f80d0e7?s=96&d=mm&r=g","caption":"ocd web master"},"url":"https:\/\/www.carmelitaniscalzi.com\/fr\/author\/ocdwebmaster\/"}]}},"_links":{"self":[{"href":"https:\/\/www.carmelitaniscalzi.com\/fr\/wp-json\/wp\/v2\/posts\/69407","targetHints":{"allow":["GET"]}}],"collection":[{"href":"https:\/\/www.carmelitaniscalzi.com\/fr\/wp-json\/wp\/v2\/posts"}],"about":[{"href":"https:\/\/www.carmelitaniscalzi.com\/fr\/wp-json\/wp\/v2\/types\/post"}],"author":[{"embeddable":true,"href":"https:\/\/www.carmelitaniscalzi.com\/fr\/wp-json\/wp\/v2\/users\/7"}],"replies":[{"embeddable":true,"href":"https:\/\/www.carmelitaniscalzi.com\/fr\/wp-json\/wp\/v2\/comments?post=69407"}],"version-history":[{"count":1,"href":"https:\/\/www.carmelitaniscalzi.com\/fr\/wp-json\/wp\/v2\/posts\/69407\/revisions"}],"predecessor-version":[{"id":69408,"href":"https:\/\/www.carmelitaniscalzi.com\/fr\/wp-json\/wp\/v2\/posts\/69407\/revisions\/69408"}],"wp:featuredmedia":[{"embeddable":true,"href":"https:\/\/www.carmelitaniscalzi.com\/fr\/wp-json\/wp\/v2\/media\/69249"}],"wp:attachment":[{"href":"https:\/\/www.carmelitaniscalzi.com\/fr\/wp-json\/wp\/v2\/media?parent=69407"}],"wp:term":[{"taxonomy":"category","embeddable":true,"href":"https:\/\/www.carmelitaniscalzi.com\/fr\/wp-json\/wp\/v2\/categories?post=69407"},{"taxonomy":"post_tag","embeddable":true,"href":"https:\/\/www.carmelitaniscalzi.com\/fr\/wp-json\/wp\/v2\/tags?post=69407"}],"curies":[{"name":"wp","href":"https:\/\/api.w.org\/{rel}","templated":true}]}}