{"id":548300,"date":"2026-01-12T00:15:37","date_gmt":"2026-01-11T23:15:37","guid":{"rendered":"https:\/\/www.carmelitaniscalzi.com\/?p=548300"},"modified":"2026-01-05T00:11:13","modified_gmt":"2026-01-04T23:11:13","slug":"rencontre-mondiale-de-locds","status":"publish","type":"post","link":"https:\/\/www.carmelitaniscalzi.com\/fr\/2026\/01\/12\/rencontre-mondiale-de-locds\/","title":{"rendered":"Rencontre mondiale de l&rsquo;OCDS"},"content":{"rendered":"<p>La Rencontre mondiale de l&rsquo;OCDS se tiendra \u00e0 Avila (Espagne) du 23 au 26 juillet 2026. Elle r\u00e9unira un millier de personnes venues du monde entier. Le th\u00e8me sera \u00ab T\u00e9moins de l&rsquo;exp\u00e9rience de Dieu : identit\u00e9 et mission \u00bb. Les objectifs de la rencontre sont les suivants :<\/p>\n<ul>\n<li>Approfondir la spiritualit\u00e9 et le charisme du Carmel S\u00e9culier.<\/li>\n<li>Renforcer la communion entre les communaut\u00e9s OCDS des diff\u00e9rentes r\u00e9gions du monde.<\/li>\n<li>Partager des exp\u00e9riences et des formations.<\/li>\n<li>Rendre hommage \u00e0 saint Jean de la Croix, \u00e0 l&rsquo;occasion de la c\u00e9l\u00e9bration du III<sup>e<\/sup> centenaire de sa canonisation et du I<sup>er<\/sup> centenaire de sa nomination comme Docteur de l&rsquo;\u00c9glise.<\/li>\n<li>Faire m\u00e9moire avec gratitude de l&rsquo;h\u00e9ritage spirituel du Carmel D\u00e9chauss\u00e9.<\/li>\n<li>Contribuer \u00e0 la vie culturelle et religieuse d&rsquo;Avila.<\/li>\n<\/ul>\n<p>Cet \u00e9v\u00e9nement offre une occasion unique de se rencontrer, de partager sa foi, de renouveler le charisme carm\u00e9litain et de renforcer les liens fraternels qui unissent les membres de notre famille carm\u00e9litaine. Nourris par la riche spiritualit\u00e9 de sainte Th\u00e9r\u00e8se de J\u00e9sus et de saint Jean de la Croix, les participants pourront approfondir leur cheminement vers l&rsquo;union avec Dieu \u00e0 travers la pri\u00e8re et la vie fraternelle. Pour plus d&rsquo;informations, nous vous invitons \u00e0 consulter le site web de l&rsquo;\u00e9v\u00e9nement\u00a0: <a href=\"https:\/\/ocdsavila2026.com\">https:\/\/ocdsavila2026.com<\/a> <img loading=\"lazy\" decoding=\"async\" class=\"alignnone size-full wp-image-548180\" src=\"https:\/\/www.carmelitaniscalzi.com\/wp-content\/uploads\/2026\/01\/OCDS-1.jpg\" alt=\"\" width=\"1273\" height=\"1790\" srcset=\"https:\/\/www.carmelitaniscalzi.com\/wp-content\/uploads\/2026\/01\/OCDS-1.jpg 1273w, https:\/\/www.carmelitaniscalzi.com\/wp-content\/uploads\/2026\/01\/OCDS-1-213x300.jpg 213w, https:\/\/www.carmelitaniscalzi.com\/wp-content\/uploads\/2026\/01\/OCDS-1-728x1024.jpg 728w, https:\/\/www.carmelitaniscalzi.com\/wp-content\/uploads\/2026\/01\/OCDS-1-768x1080.jpg 768w, https:\/\/www.carmelitaniscalzi.com\/wp-content\/uploads\/2026\/01\/OCDS-1-1092x1536.jpg 1092w\" sizes=\"auto, (max-width: 1273px) 100vw, 1273px\" \/><\/p>\n","protected":false},"excerpt":{"rendered":"<p>La Rencontre mondiale de l&rsquo;OCDS se tiendra \u00e0 Avila (Espagne) du 23 au 26 juillet 2026. Elle r\u00e9unira un millier de personnes venues du monde entier. Le th\u00e8me sera \u00ab T\u00e9moins de l&rsquo;exp\u00e9rience de Dieu : identit\u00e9 et mission \u00bb. Les objectifs de la rencontre sont les suivants : Approfondir la spiritualit\u00e9 et le charisme [&hellip;]<\/p>\n","protected":false},"author":7,"featured_media":548176,"comment_status":"closed","ping_status":"closed","sticky":false,"template":"","format":"standard","meta":{"_acf_changed":false,"footnotes":""},"categories":[261,370],"tags":[],"class_list":["post-548300","post","type-post","status-publish","format-standard","has-post-thumbnail","hentry","category-nouvelles-ocds","category-nouvelles"],"acf":[],"yoast_head":"<!-- This site is optimized with the Yoast SEO plugin v26.3 - https:\/\/yoast.com\/wordpress\/plugins\/seo\/ -->\n<title>Rencontre mondiale de l&#039;OCDS - CARMES D\u00c9CHAUX<\/title>\n<meta name=\"robots\" content=\"index, follow, max-snippet:-1, max-image-preview:large, max-video-preview:-1\" \/>\n<link rel=\"canonical\" href=\"https:\/\/www.carmelitaniscalzi.com\/2026\/01\/12\/incontro-mondiale-dellocds\/\" \/>\n<meta property=\"og:locale\" content=\"fr_FR\" \/>\n<meta property=\"og:type\" content=\"article\" \/>\n<meta property=\"og:title\" content=\"Rencontre mondiale de l&#039;OCDS - CARMES D\u00c9CHAUX\" \/>\n<meta property=\"og:description\" content=\"La Rencontre mondiale de l&rsquo;OCDS se tiendra \u00e0 Avila (Espagne) du 23 au 26 juillet 2026. Elle r\u00e9unira un millier de personnes venues du monde entier. Le th\u00e8me sera \u00ab T\u00e9moins de l&rsquo;exp\u00e9rience de Dieu : identit\u00e9 et mission \u00bb. Les objectifs de la rencontre sont les suivants : Approfondir la spiritualit\u00e9 et le charisme [&hellip;]\" \/>\n<meta property=\"og:url\" content=\"https:\/\/www.carmelitaniscalzi.com\/2026\/01\/12\/incontro-mondiale-dellocds\/\" \/>\n<meta property=\"og:site_name\" content=\"CARMES D\u00c9CHAUX\" \/>\n<meta property=\"article:publisher\" content=\"https:\/\/www.facebook.com\/Curia-Generalizia-Carmelitani-Scalzi-658766940887784\/\" \/>\n<meta property=\"article:published_time\" content=\"2026-01-11T23:15:37+00:00\" \/>\n<meta property=\"og:image\" content=\"https:\/\/www.carmelitaniscalzi.com\/wp-content\/uploads\/2026\/01\/cover_ocds_12.2025.jpg\" \/>\n\t<meta property=\"og:image:width\" content=\"1200\" \/>\n\t<meta property=\"og:image:height\" content=\"800\" \/>\n\t<meta property=\"og:image:type\" content=\"image\/jpeg\" \/>\n<meta name=\"author\" content=\"ocd web master\" \/>\n<meta name=\"twitter:card\" content=\"summary_large_image\" \/>\n<meta name=\"twitter:creator\" content=\"@ocdcuria\" \/>\n<meta name=\"twitter:site\" content=\"@ocdcuria\" \/>\n<meta name=\"twitter:label1\" content=\"\u00c9crit par\" \/>\n\t<meta name=\"twitter:data1\" content=\"ocd web master\" \/>\n\t<meta name=\"twitter:label2\" content=\"Dur\u00e9e de lecture estim\u00e9e\" \/>\n\t<meta name=\"twitter:data2\" content=\"2 minutes\" \/>\n<script type=\"application\/ld+json\" class=\"yoast-schema-graph\">{\"@context\":\"https:\/\/schema.org\",\"@graph\":[{\"@type\":\"Article\",\"@id\":\"https:\/\/www.carmelitaniscalzi.com\/2026\/01\/12\/incontro-mondiale-dellocds\/#article\",\"isPartOf\":{\"@id\":\"https:\/\/www.carmelitaniscalzi.com\/2026\/01\/12\/incontro-mondiale-dellocds\/\"},\"author\":{\"name\":\"ocd web master\",\"@id\":\"https:\/\/www.carmelitaniscalzi.com\/#\/schema\/person\/6d1c0d9bea7b6625c437246a5d6da409\"},\"headline\":\"Rencontre mondiale de l&rsquo;OCDS\",\"datePublished\":\"2026-01-11T23:15:37+00:00\",\"mainEntityOfPage\":{\"@id\":\"https:\/\/www.carmelitaniscalzi.com\/2026\/01\/12\/incontro-mondiale-dellocds\/\"},\"wordCount\":230,\"publisher\":{\"@id\":\"https:\/\/www.carmelitaniscalzi.com\/#organization\"},\"image\":{\"@id\":\"https:\/\/www.carmelitaniscalzi.com\/2026\/01\/12\/incontro-mondiale-dellocds\/#primaryimage\"},\"thumbnailUrl\":\"https:\/\/www.carmelitaniscalzi.com\/wp-content\/uploads\/2026\/01\/cover_ocds_12.2025.jpg\",\"articleSection\":[\"Nouvelles OCDS\",\"Nouvelles\"],\"inLanguage\":\"fr-FR\"},{\"@type\":\"WebPage\",\"@id\":\"https:\/\/www.carmelitaniscalzi.com\/2026\/01\/12\/incontro-mondiale-dellocds\/\",\"url\":\"https:\/\/www.carmelitaniscalzi.com\/2026\/01\/12\/incontro-mondiale-dellocds\/\",\"name\":\"Rencontre mondiale de l'OCDS - CARMES D\u00c9CHAUX\",\"isPartOf\":{\"@id\":\"https:\/\/www.carmelitaniscalzi.com\/#website\"},\"primaryImageOfPage\":{\"@id\":\"https:\/\/www.carmelitaniscalzi.com\/2026\/01\/12\/incontro-mondiale-dellocds\/#primaryimage\"},\"image\":{\"@id\":\"https:\/\/www.carmelitaniscalzi.com\/2026\/01\/12\/incontro-mondiale-dellocds\/#primaryimage\"},\"thumbnailUrl\":\"https:\/\/www.carmelitaniscalzi.com\/wp-content\/uploads\/2026\/01\/cover_ocds_12.2025.jpg\",\"datePublished\":\"2026-01-11T23:15:37+00:00\",\"breadcrumb\":{\"@id\":\"https:\/\/www.carmelitaniscalzi.com\/2026\/01\/12\/incontro-mondiale-dellocds\/#breadcrumb\"},\"inLanguage\":\"fr-FR\",\"potentialAction\":[{\"@type\":\"ReadAction\",\"target\":[\"https:\/\/www.carmelitaniscalzi.com\/2026\/01\/12\/incontro-mondiale-dellocds\/\"]}]},{\"@type\":\"ImageObject\",\"inLanguage\":\"fr-FR\",\"@id\":\"https:\/\/www.carmelitaniscalzi.com\/2026\/01\/12\/incontro-mondiale-dellocds\/#primaryimage\",\"url\":\"https:\/\/www.carmelitaniscalzi.com\/wp-content\/uploads\/2026\/01\/cover_ocds_12.2025.jpg\",\"contentUrl\":\"https:\/\/www.carmelitaniscalzi.com\/wp-content\/uploads\/2026\/01\/cover_ocds_12.2025.jpg\",\"width\":1200,\"height\":800},{\"@type\":\"BreadcrumbList\",\"@id\":\"https:\/\/www.carmelitaniscalzi.com\/2026\/01\/12\/incontro-mondiale-dellocds\/#breadcrumb\",\"itemListElement\":[{\"@type\":\"ListItem\",\"position\":1,\"name\":\"Home\",\"item\":\"https:\/\/www.carmelitaniscalzi.com\/fr\/\"},{\"@type\":\"ListItem\",\"position\":2,\"name\":\"Rencontre mondiale de l&#8217;OCDS\"}]},{\"@type\":\"WebSite\",\"@id\":\"https:\/\/www.carmelitaniscalzi.com\/#website\",\"url\":\"https:\/\/www.carmelitaniscalzi.com\/\",\"name\":\"CARMELITANI SCALZI - Curia Generale del Carmelo Teresiano\",\"description\":\"Curie G\u00e9n\u00e9ralice du Carmel D\u00e9chauss\u00e9\",\"publisher\":{\"@id\":\"https:\/\/www.carmelitaniscalzi.com\/#organization\"},\"alternateName\":\"CARMELITANI SCALZI\",\"potentialAction\":[{\"@type\":\"SearchAction\",\"target\":{\"@type\":\"EntryPoint\",\"urlTemplate\":\"https:\/\/www.carmelitaniscalzi.com\/?s={search_term_string}\"},\"query-input\":{\"@type\":\"PropertyValueSpecification\",\"valueRequired\":true,\"valueName\":\"search_term_string\"}}],\"inLanguage\":\"fr-FR\"},{\"@type\":\"Organization\",\"@id\":\"https:\/\/www.carmelitaniscalzi.com\/#organization\",\"name\":\"CARMELITANI SCALZI - Curia Generale del Carmelo Teresiano\",\"url\":\"https:\/\/www.carmelitaniscalzi.com\/\",\"logo\":{\"@type\":\"ImageObject\",\"inLanguage\":\"fr-FR\",\"@id\":\"https:\/\/www.carmelitaniscalzi.com\/#\/schema\/logo\/image\/\",\"url\":\"https:\/\/www.carmelitaniscalzi.com\/wp-content\/uploads\/2025\/11\/login-logo.png\",\"contentUrl\":\"https:\/\/www.carmelitaniscalzi.com\/wp-content\/uploads\/2025\/11\/login-logo.png\",\"width\":256,\"height\":256,\"caption\":\"CARMELITANI SCALZI - Curia Generale del Carmelo Teresiano\"},\"image\":{\"@id\":\"https:\/\/www.carmelitaniscalzi.com\/#\/schema\/logo\/image\/\"},\"sameAs\":[\"https:\/\/www.facebook.com\/Curia-Generalizia-Carmelitani-Scalzi-658766940887784\/\",\"https:\/\/x.com\/ocdcuria\",\"https:\/\/www.youtube.com\/channel\/UC2J5ZL0ycOY0qBSTCLX_NGQ\/videos\",\"https:\/\/www.instagram.com\/ocdinform\/\"]},{\"@type\":\"Person\",\"@id\":\"https:\/\/www.carmelitaniscalzi.com\/#\/schema\/person\/6d1c0d9bea7b6625c437246a5d6da409\",\"name\":\"ocd web master\",\"image\":{\"@type\":\"ImageObject\",\"inLanguage\":\"fr-FR\",\"@id\":\"https:\/\/www.carmelitaniscalzi.com\/#\/schema\/person\/image\/\",\"url\":\"https:\/\/secure.gravatar.com\/avatar\/41fbc5f82bad909fbaf2984c43fa50d8519ac5853e25b454d022b6868f80d0e7?s=96&d=mm&r=g\",\"contentUrl\":\"https:\/\/secure.gravatar.com\/avatar\/41fbc5f82bad909fbaf2984c43fa50d8519ac5853e25b454d022b6868f80d0e7?s=96&d=mm&r=g\",\"caption\":\"ocd web master\"},\"url\":\"https:\/\/www.carmelitaniscalzi.com\/fr\/author\/ocdwebmaster\/\"}]}<\/script>\n<!-- \/ Yoast SEO plugin. -->","yoast_head_json":{"title":"Rencontre mondiale de l'OCDS - CARMES D\u00c9CHAUX","robots":{"index":"index","follow":"follow","max-snippet":"max-snippet:-1","max-image-preview":"max-image-preview:large","max-video-preview":"max-video-preview:-1"},"canonical":"https:\/\/www.carmelitaniscalzi.com\/2026\/01\/12\/incontro-mondiale-dellocds\/","og_locale":"fr_FR","og_type":"article","og_title":"Rencontre mondiale de l'OCDS - CARMES D\u00c9CHAUX","og_description":"La Rencontre mondiale de l&rsquo;OCDS se tiendra \u00e0 Avila (Espagne) du 23 au 26 juillet 2026. Elle r\u00e9unira un millier de personnes venues du monde entier. Le th\u00e8me sera \u00ab T\u00e9moins de l&rsquo;exp\u00e9rience de Dieu : identit\u00e9 et mission \u00bb. Les objectifs de la rencontre sont les suivants : Approfondir la spiritualit\u00e9 et le charisme [&hellip;]","og_url":"https:\/\/www.carmelitaniscalzi.com\/2026\/01\/12\/incontro-mondiale-dellocds\/","og_site_name":"CARMES D\u00c9CHAUX","article_publisher":"https:\/\/www.facebook.com\/Curia-Generalizia-Carmelitani-Scalzi-658766940887784\/","article_published_time":"2026-01-11T23:15:37+00:00","og_image":[{"width":1200,"height":800,"url":"https:\/\/www.carmelitaniscalzi.com\/wp-content\/uploads\/2026\/01\/cover_ocds_12.2025.jpg","type":"image\/jpeg"}],"author":"ocd web master","twitter_card":"summary_large_image","twitter_creator":"@ocdcuria","twitter_site":"@ocdcuria","twitter_misc":{"\u00c9crit par":"ocd web master","Dur\u00e9e de lecture estim\u00e9e":"2 minutes"},"schema":{"@context":"https:\/\/schema.org","@graph":[{"@type":"Article","@id":"https:\/\/www.carmelitaniscalzi.com\/2026\/01\/12\/incontro-mondiale-dellocds\/#article","isPartOf":{"@id":"https:\/\/www.carmelitaniscalzi.com\/2026\/01\/12\/incontro-mondiale-dellocds\/"},"author":{"name":"ocd web master","@id":"https:\/\/www.carmelitaniscalzi.com\/#\/schema\/person\/6d1c0d9bea7b6625c437246a5d6da409"},"headline":"Rencontre mondiale de l&rsquo;OCDS","datePublished":"2026-01-11T23:15:37+00:00","mainEntityOfPage":{"@id":"https:\/\/www.carmelitaniscalzi.com\/2026\/01\/12\/incontro-mondiale-dellocds\/"},"wordCount":230,"publisher":{"@id":"https:\/\/www.carmelitaniscalzi.com\/#organization"},"image":{"@id":"https:\/\/www.carmelitaniscalzi.com\/2026\/01\/12\/incontro-mondiale-dellocds\/#primaryimage"},"thumbnailUrl":"https:\/\/www.carmelitaniscalzi.com\/wp-content\/uploads\/2026\/01\/cover_ocds_12.2025.jpg","articleSection":["Nouvelles OCDS","Nouvelles"],"inLanguage":"fr-FR"},{"@type":"WebPage","@id":"https:\/\/www.carmelitaniscalzi.com\/2026\/01\/12\/incontro-mondiale-dellocds\/","url":"https:\/\/www.carmelitaniscalzi.com\/2026\/01\/12\/incontro-mondiale-dellocds\/","name":"Rencontre mondiale de l'OCDS - CARMES D\u00c9CHAUX","isPartOf":{"@id":"https:\/\/www.carmelitaniscalzi.com\/#website"},"primaryImageOfPage":{"@id":"https:\/\/www.carmelitaniscalzi.com\/2026\/01\/12\/incontro-mondiale-dellocds\/#primaryimage"},"image":{"@id":"https:\/\/www.carmelitaniscalzi.com\/2026\/01\/12\/incontro-mondiale-dellocds\/#primaryimage"},"thumbnailUrl":"https:\/\/www.carmelitaniscalzi.com\/wp-content\/uploads\/2026\/01\/cover_ocds_12.2025.jpg","datePublished":"2026-01-11T23:15:37+00:00","breadcrumb":{"@id":"https:\/\/www.carmelitaniscalzi.com\/2026\/01\/12\/incontro-mondiale-dellocds\/#breadcrumb"},"inLanguage":"fr-FR","potentialAction":[{"@type":"ReadAction","target":["https:\/\/www.carmelitaniscalzi.com\/2026\/01\/12\/incontro-mondiale-dellocds\/"]}]},{"@type":"ImageObject","inLanguage":"fr-FR","@id":"https:\/\/www.carmelitaniscalzi.com\/2026\/01\/12\/incontro-mondiale-dellocds\/#primaryimage","url":"https:\/\/www.carmelitaniscalzi.com\/wp-content\/uploads\/2026\/01\/cover_ocds_12.2025.jpg","contentUrl":"https:\/\/www.carmelitaniscalzi.com\/wp-content\/uploads\/2026\/01\/cover_ocds_12.2025.jpg","width":1200,"height":800},{"@type":"BreadcrumbList","@id":"https:\/\/www.carmelitaniscalzi.com\/2026\/01\/12\/incontro-mondiale-dellocds\/#breadcrumb","itemListElement":[{"@type":"ListItem","position":1,"name":"Home","item":"https:\/\/www.carmelitaniscalzi.com\/fr\/"},{"@type":"ListItem","position":2,"name":"Rencontre mondiale de l&#8217;OCDS"}]},{"@type":"WebSite","@id":"https:\/\/www.carmelitaniscalzi.com\/#website","url":"https:\/\/www.carmelitaniscalzi.com\/","name":"CARMELITANI SCALZI - Curia Generale del Carmelo Teresiano","description":"Curie G\u00e9n\u00e9ralice du Carmel D\u00e9chauss\u00e9","publisher":{"@id":"https:\/\/www.carmelitaniscalzi.com\/#organization"},"alternateName":"CARMELITANI SCALZI","potentialAction":[{"@type":"SearchAction","target":{"@type":"EntryPoint","urlTemplate":"https:\/\/www.carmelitaniscalzi.com\/?s={search_term_string}"},"query-input":{"@type":"PropertyValueSpecification","valueRequired":true,"valueName":"search_term_string"}}],"inLanguage":"fr-FR"},{"@type":"Organization","@id":"https:\/\/www.carmelitaniscalzi.com\/#organization","name":"CARMELITANI SCALZI - Curia Generale del Carmelo Teresiano","url":"https:\/\/www.carmelitaniscalzi.com\/","logo":{"@type":"ImageObject","inLanguage":"fr-FR","@id":"https:\/\/www.carmelitaniscalzi.com\/#\/schema\/logo\/image\/","url":"https:\/\/www.carmelitaniscalzi.com\/wp-content\/uploads\/2025\/11\/login-logo.png","contentUrl":"https:\/\/www.carmelitaniscalzi.com\/wp-content\/uploads\/2025\/11\/login-logo.png","width":256,"height":256,"caption":"CARMELITANI SCALZI - Curia Generale del Carmelo Teresiano"},"image":{"@id":"https:\/\/www.carmelitaniscalzi.com\/#\/schema\/logo\/image\/"},"sameAs":["https:\/\/www.facebook.com\/Curia-Generalizia-Carmelitani-Scalzi-658766940887784\/","https:\/\/x.com\/ocdcuria","https:\/\/www.youtube.com\/channel\/UC2J5ZL0ycOY0qBSTCLX_NGQ\/videos","https:\/\/www.instagram.com\/ocdinform\/"]},{"@type":"Person","@id":"https:\/\/www.carmelitaniscalzi.com\/#\/schema\/person\/6d1c0d9bea7b6625c437246a5d6da409","name":"ocd web master","image":{"@type":"ImageObject","inLanguage":"fr-FR","@id":"https:\/\/www.carmelitaniscalzi.com\/#\/schema\/person\/image\/","url":"https:\/\/secure.gravatar.com\/avatar\/41fbc5f82bad909fbaf2984c43fa50d8519ac5853e25b454d022b6868f80d0e7?s=96&d=mm&r=g","contentUrl":"https:\/\/secure.gravatar.com\/avatar\/41fbc5f82bad909fbaf2984c43fa50d8519ac5853e25b454d022b6868f80d0e7?s=96&d=mm&r=g","caption":"ocd web master"},"url":"https:\/\/www.carmelitaniscalzi.com\/fr\/author\/ocdwebmaster\/"}]}},"_links":{"self":[{"href":"https:\/\/www.carmelitaniscalzi.com\/fr\/wp-json\/wp\/v2\/posts\/548300","targetHints":{"allow":["GET"]}}],"collection":[{"href":"https:\/\/www.carmelitaniscalzi.com\/fr\/wp-json\/wp\/v2\/posts"}],"about":[{"href":"https:\/\/www.carmelitaniscalzi.com\/fr\/wp-json\/wp\/v2\/types\/post"}],"author":[{"embeddable":true,"href":"https:\/\/www.carmelitaniscalzi.com\/fr\/wp-json\/wp\/v2\/users\/7"}],"replies":[{"embeddable":true,"href":"https:\/\/www.carmelitaniscalzi.com\/fr\/wp-json\/wp\/v2\/comments?post=548300"}],"version-history":[{"count":1,"href":"https:\/\/www.carmelitaniscalzi.com\/fr\/wp-json\/wp\/v2\/posts\/548300\/revisions"}],"predecessor-version":[{"id":548301,"href":"https:\/\/www.carmelitaniscalzi.com\/fr\/wp-json\/wp\/v2\/posts\/548300\/revisions\/548301"}],"wp:featuredmedia":[{"embeddable":true,"href":"https:\/\/www.carmelitaniscalzi.com\/fr\/wp-json\/wp\/v2\/media\/548176"}],"wp:attachment":[{"href":"https:\/\/www.carmelitaniscalzi.com\/fr\/wp-json\/wp\/v2\/media?parent=548300"}],"wp:term":[{"taxonomy":"category","embeddable":true,"href":"https:\/\/www.carmelitaniscalzi.com\/fr\/wp-json\/wp\/v2\/categories?post=548300"},{"taxonomy":"post_tag","embeddable":true,"href":"https:\/\/www.carmelitaniscalzi.com\/fr\/wp-json\/wp\/v2\/tags?post=548300"}],"curies":[{"name":"wp","href":"https:\/\/api.w.org\/{rel}","templated":true}]}}