{"id":537178,"date":"2025-12-16T01:17:11","date_gmt":"2025-12-16T00:17:11","guid":{"rendered":"https:\/\/www.carmelitaniscalzi.com\/?p=537178"},"modified":"2025-12-08T01:18:37","modified_gmt":"2025-12-08T00:18:37","slug":"usa-the-relics-of-st-therese-visit-a-carmelite-monastery-on-its-100th-anniversary","status":"publish","type":"post","link":"https:\/\/www.carmelitaniscalzi.com\/fr\/2025\/12\/16\/usa-the-relics-of-st-therese-visit-a-carmelite-monastery-on-its-100th-anniversary\/","title":{"rendered":"USA : les reliques de sainte Th\u00e9r\u00e8se visitent un monast\u00e8re de Carm\u00e9lites \u00e0 l&rsquo;occasion de son 100e anniversaire"},"content":{"rendered":"<p>Les reliques de sainte Th\u00e9r\u00e8se ont visit\u00e9 le monast\u00e8re des carm\u00e9lites de Notre-Dame-de-Gr\u00e2ce et sainte-Th\u00e9r\u00e8se qui se trouve dans la ville de Carmel en Californie, \u00e0 l&rsquo;occasion du centenaire de notre fondation. Nous l&rsquo;avions d\u00e9but\u00e9 par une Ann\u00e9e Sainte d&rsquo;action de gr\u00e2ce. Notre \u00e9v\u00eaque avait ouvert notre Porte Sainte le 24 octobre 2024.<\/p>\n<p>Notre chapelle peut accueillir environ 250 personnes. Le 23 octobre 2025, environ 450 personnes \u00e9taient pr\u00e9sentes pour l&rsquo;arriv\u00e9e des reliques. Nous avons pu faire une procession dans la chapelle, en tenant des bougies allum\u00e9es, pour accueillir sainte Th\u00e9r\u00e8se \u00e0 la porte. Le lendemain, la premi\u00e8re messe du Triduum, en l&rsquo;honneur de sainte Th\u00e9r\u00e8se, a \u00e9t\u00e9 c\u00e9l\u00e9br\u00e9e par l&rsquo;\u00e9v\u00eaque auxiliaire de Los Angeles, Mgr Slawomir Szkredka, et conc\u00e9l\u00e9br\u00e9e par 13 pr\u00eatres. Plus de 700 personnes y ont assist\u00e9. Au cours des c\u00e9l\u00e9brations du Triduum du centenaire, plus de 2200 personnes ont visit\u00e9 notre monast\u00e8re et notre chapelle.<\/p>\n<p>Lorsque nous avons accueilli les reliques en l&rsquo;an 2000, environ 1200 personnes les ont v\u00e9n\u00e9r\u00e9es. Nous sommes tr\u00e8s heureuses de voir la d\u00e9votion et la foi d&rsquo;un nombre encore plus grand de fid\u00e8les, jeunes et moins jeunes, cette fois-ci. Le message de simplicit\u00e9, de confiance et d&rsquo;amour de Th\u00e9r\u00e8se est plus que n\u00e9cessaire et important pour le monde d&rsquo;aujourd&rsquo;hui !<\/p>\n<p>&nbsp;<\/p>\n<div class=\"wpmf-gallerys wpmf-gallerys-life \" ><div id=\"gallery-1\"\n data-gutter-width=\"5\"\n  data-wpmfcolumns=\"4\" class=\"wpmf-gallery gallery-link-file gallery_life gallery-masonry gallery-columns-4 gallery-size-thumbnail wpmf-gallery-bottomspace-default wpmf-gallery-clear wpmf-has-border-radius-0 wpmf-gutterwidth-5\"><div class=\"wpmf-gallery-item\n     wpmf-gallery-item-position-0 wpmf-gallery-item-attachment-537001\" data-index=\"0\"><div class=\"wpmf-gallery-icon\"><a class=\" not_video noLightbox\" data-lightbox=\"1\" data-href=\"https:\/\/www.carmelitaniscalzi.com\/wp-content\/uploads\/2025\/12\/USA-1-1024x521.jpg\" title=\"USA 1\" target=\"_self\" data-index=\"0\"><img decoding=\"async\" class=\"wpmf_img\" alt=\"USA 1\" src=\"https:\/\/www.carmelitaniscalzi.com\/wp-content\/uploads\/2025\/12\/USA-1-150x150.jpg\" data-type=\"wpmfgalleryimg\" data-lazy-src=\"https:\/\/www.carmelitaniscalzi.com\/wp-content\/uploads\/2025\/12\/USA-1-150x150.jpg\"><\/a><\/div><\/div><div class=\"wpmf-gallery-item\n     wpmf-gallery-item-position-1 wpmf-gallery-item-attachment-537007\" data-index=\"1\"><div class=\"wpmf-gallery-icon\"><a class=\" not_video noLightbox\" data-lightbox=\"1\" data-href=\"https:\/\/www.carmelitaniscalzi.com\/wp-content\/uploads\/2025\/12\/USA-2-1024x473.jpg\" title=\"USA 2\" target=\"_self\" data-index=\"1\"><img decoding=\"async\" class=\"wpmf_img\" alt=\"USA 2\" src=\"https:\/\/www.carmelitaniscalzi.com\/wp-content\/uploads\/2025\/12\/USA-2-150x150.jpg\" data-type=\"wpmfgalleryimg\" data-lazy-src=\"https:\/\/www.carmelitaniscalzi.com\/wp-content\/uploads\/2025\/12\/USA-2-150x150.jpg\"><\/a><\/div><\/div><div class=\"wpmf-gallery-item\n     wpmf-gallery-item-position-2 wpmf-gallery-item-attachment-537013\" data-index=\"2\"><div class=\"wpmf-gallery-icon\"><a class=\" not_video noLightbox\" data-lightbox=\"1\" data-href=\"https:\/\/www.carmelitaniscalzi.com\/wp-content\/uploads\/2025\/12\/USA-3.jpg\" title=\"USA 3\" target=\"_self\" data-index=\"2\"><img decoding=\"async\" class=\"wpmf_img\" alt=\"USA 3\" src=\"https:\/\/www.carmelitaniscalzi.com\/wp-content\/uploads\/2025\/12\/USA-3-150x150.jpg\" data-type=\"wpmfgalleryimg\" data-lazy-src=\"https:\/\/www.carmelitaniscalzi.com\/wp-content\/uploads\/2025\/12\/USA-3-150x150.jpg\"><\/a><\/div><\/div><div class=\"wpmf-gallery-item\n     wpmf-gallery-item-position-3 wpmf-gallery-item-attachment-537019\" data-index=\"3\"><div class=\"wpmf-gallery-icon\"><a class=\" not_video noLightbox\" data-lightbox=\"1\" data-href=\"https:\/\/www.carmelitaniscalzi.com\/wp-content\/uploads\/2025\/12\/USA-4.jpg\" title=\"USA 4\" target=\"_self\" data-index=\"3\"><img decoding=\"async\" class=\"wpmf_img\" alt=\"USA 4\" src=\"https:\/\/www.carmelitaniscalzi.com\/wp-content\/uploads\/2025\/12\/USA-4-150x150.jpg\" data-type=\"wpmfgalleryimg\" data-lazy-src=\"https:\/\/www.carmelitaniscalzi.com\/wp-content\/uploads\/2025\/12\/USA-4-150x150.jpg\"><\/a><\/div><\/div><\/div><\/div>\n\n","protected":false},"excerpt":{"rendered":"<p>Les reliques de sainte Th\u00e9r\u00e8se ont visit\u00e9 le monast\u00e8re des carm\u00e9lites de Notre-Dame-de-Gr\u00e2ce et sainte-Th\u00e9r\u00e8se qui se trouve dans la ville de Carmel en Californie, \u00e0 l&rsquo;occasion du centenaire de notre fondation. Nous l&rsquo;avions d\u00e9but\u00e9 par une Ann\u00e9e Sainte d&rsquo;action de gr\u00e2ce. Notre \u00e9v\u00eaque avait ouvert notre Porte Sainte le 24 octobre 2024. Notre chapelle [&hellip;]<\/p>\n","protected":false},"author":7,"featured_media":536995,"comment_status":"closed","ping_status":"closed","sticky":false,"template":"","format":"standard","meta":{"_acf_changed":false,"footnotes":""},"categories":[201,203,370],"tags":[],"class_list":["post-537178","post","type-post","status-publish","format-standard","has-post-thumbnail","hentry","category-nouvelles-freres","category-nouvelles-moniales","category-nouvelles"],"acf":[],"yoast_head":"<!-- This site is optimized with the Yoast SEO plugin v26.3 - https:\/\/yoast.com\/wordpress\/plugins\/seo\/ -->\n<title>USA : les reliques de sainte Th\u00e9r\u00e8se visitent un monast\u00e8re de Carm\u00e9lites \u00e0 l&#039;occasion de son 100e anniversaire - CARMES D\u00c9CHAUX<\/title>\n<meta name=\"robots\" content=\"index, follow, max-snippet:-1, max-image-preview:large, max-video-preview:-1\" \/>\n<link rel=\"canonical\" href=\"https:\/\/www.carmelitaniscalzi.com\/2025\/12\/16\/usa-le-reliquie-di-santa-teresina-visitano-un-monastero-delle-carmelitane-in-occasione-del-suo-centenario\/\" \/>\n<meta property=\"og:locale\" content=\"fr_FR\" \/>\n<meta property=\"og:type\" content=\"article\" \/>\n<meta property=\"og:title\" content=\"USA : les reliques de sainte Th\u00e9r\u00e8se visitent un monast\u00e8re de Carm\u00e9lites \u00e0 l&#039;occasion de son 100e anniversaire - CARMES D\u00c9CHAUX\" \/>\n<meta property=\"og:description\" content=\"Les reliques de sainte Th\u00e9r\u00e8se ont visit\u00e9 le monast\u00e8re des carm\u00e9lites de Notre-Dame-de-Gr\u00e2ce et sainte-Th\u00e9r\u00e8se qui se trouve dans la ville de Carmel en Californie, \u00e0 l&rsquo;occasion du centenaire de notre fondation. Nous l&rsquo;avions d\u00e9but\u00e9 par une Ann\u00e9e Sainte d&rsquo;action de gr\u00e2ce. Notre \u00e9v\u00eaque avait ouvert notre Porte Sainte le 24 octobre 2024. Notre chapelle [&hellip;]\" \/>\n<meta property=\"og:url\" content=\"https:\/\/www.carmelitaniscalzi.com\/2025\/12\/16\/usa-le-reliquie-di-santa-teresina-visitano-un-monastero-delle-carmelitane-in-occasione-del-suo-centenario\/\" \/>\n<meta property=\"og:site_name\" content=\"CARMES D\u00c9CHAUX\" \/>\n<meta property=\"article:publisher\" content=\"https:\/\/www.facebook.com\/Curia-Generalizia-Carmelitani-Scalzi-658766940887784\/\" \/>\n<meta property=\"article:published_time\" content=\"2025-12-16T00:17:11+00:00\" \/>\n<meta property=\"og:image\" content=\"https:\/\/www.carmelitaniscalzi.com\/wp-content\/uploads\/2025\/12\/cover_USA_11.2025.jpg\" \/>\n\t<meta property=\"og:image:width\" content=\"1200\" \/>\n\t<meta property=\"og:image:height\" content=\"800\" \/>\n\t<meta property=\"og:image:type\" content=\"image\/jpeg\" \/>\n<meta name=\"author\" content=\"ocd web master\" \/>\n<meta name=\"twitter:card\" content=\"summary_large_image\" \/>\n<meta name=\"twitter:creator\" content=\"@ocdcuria\" \/>\n<meta name=\"twitter:site\" content=\"@ocdcuria\" \/>\n<meta name=\"twitter:label1\" content=\"\u00c9crit par\" \/>\n\t<meta name=\"twitter:data1\" content=\"ocd web master\" \/>\n\t<meta name=\"twitter:label2\" content=\"Dur\u00e9e de lecture estim\u00e9e\" \/>\n\t<meta name=\"twitter:data2\" content=\"2 minutes\" \/>\n<script type=\"application\/ld+json\" class=\"yoast-schema-graph\">{\"@context\":\"https:\/\/schema.org\",\"@graph\":[{\"@type\":\"Article\",\"@id\":\"https:\/\/www.carmelitaniscalzi.com\/2025\/12\/16\/usa-le-reliquie-di-santa-teresina-visitano-un-monastero-delle-carmelitane-in-occasione-del-suo-centenario\/#article\",\"isPartOf\":{\"@id\":\"https:\/\/www.carmelitaniscalzi.com\/2025\/12\/16\/usa-le-reliquie-di-santa-teresina-visitano-un-monastero-delle-carmelitane-in-occasione-del-suo-centenario\/\"},\"author\":{\"name\":\"ocd web master\",\"@id\":\"https:\/\/www.carmelitaniscalzi.com\/#\/schema\/person\/6d1c0d9bea7b6625c437246a5d6da409\"},\"headline\":\"USA : les reliques de sainte Th\u00e9r\u00e8se visitent un monast\u00e8re de Carm\u00e9lites \u00e0 l&rsquo;occasion de son 100e anniversaire\",\"datePublished\":\"2025-12-16T00:17:11+00:00\",\"mainEntityOfPage\":{\"@id\":\"https:\/\/www.carmelitaniscalzi.com\/2025\/12\/16\/usa-le-reliquie-di-santa-teresina-visitano-un-monastero-delle-carmelitane-in-occasione-del-suo-centenario\/\"},\"wordCount\":277,\"publisher\":{\"@id\":\"https:\/\/www.carmelitaniscalzi.com\/#organization\"},\"image\":{\"@id\":\"https:\/\/www.carmelitaniscalzi.com\/2025\/12\/16\/usa-le-reliquie-di-santa-teresina-visitano-un-monastero-delle-carmelitane-in-occasione-del-suo-centenario\/#primaryimage\"},\"thumbnailUrl\":\"https:\/\/www.carmelitaniscalzi.com\/wp-content\/uploads\/2025\/12\/cover_USA_11.2025.jpg\",\"articleSection\":[\"Nouvelles Fr\u00e8res\",\"Nouvelles Moniales\",\"Nouvelles\"],\"inLanguage\":\"fr-FR\"},{\"@type\":\"WebPage\",\"@id\":\"https:\/\/www.carmelitaniscalzi.com\/2025\/12\/16\/usa-le-reliquie-di-santa-teresina-visitano-un-monastero-delle-carmelitane-in-occasione-del-suo-centenario\/\",\"url\":\"https:\/\/www.carmelitaniscalzi.com\/2025\/12\/16\/usa-le-reliquie-di-santa-teresina-visitano-un-monastero-delle-carmelitane-in-occasione-del-suo-centenario\/\",\"name\":\"USA : les reliques de sainte Th\u00e9r\u00e8se visitent un monast\u00e8re de Carm\u00e9lites \u00e0 l'occasion de son 100e anniversaire - CARMES D\u00c9CHAUX\",\"isPartOf\":{\"@id\":\"https:\/\/www.carmelitaniscalzi.com\/#website\"},\"primaryImageOfPage\":{\"@id\":\"https:\/\/www.carmelitaniscalzi.com\/2025\/12\/16\/usa-le-reliquie-di-santa-teresina-visitano-un-monastero-delle-carmelitane-in-occasione-del-suo-centenario\/#primaryimage\"},\"image\":{\"@id\":\"https:\/\/www.carmelitaniscalzi.com\/2025\/12\/16\/usa-le-reliquie-di-santa-teresina-visitano-un-monastero-delle-carmelitane-in-occasione-del-suo-centenario\/#primaryimage\"},\"thumbnailUrl\":\"https:\/\/www.carmelitaniscalzi.com\/wp-content\/uploads\/2025\/12\/cover_USA_11.2025.jpg\",\"datePublished\":\"2025-12-16T00:17:11+00:00\",\"breadcrumb\":{\"@id\":\"https:\/\/www.carmelitaniscalzi.com\/2025\/12\/16\/usa-le-reliquie-di-santa-teresina-visitano-un-monastero-delle-carmelitane-in-occasione-del-suo-centenario\/#breadcrumb\"},\"inLanguage\":\"fr-FR\",\"potentialAction\":[{\"@type\":\"ReadAction\",\"target\":[\"https:\/\/www.carmelitaniscalzi.com\/2025\/12\/16\/usa-le-reliquie-di-santa-teresina-visitano-un-monastero-delle-carmelitane-in-occasione-del-suo-centenario\/\"]}]},{\"@type\":\"ImageObject\",\"inLanguage\":\"fr-FR\",\"@id\":\"https:\/\/www.carmelitaniscalzi.com\/2025\/12\/16\/usa-le-reliquie-di-santa-teresina-visitano-un-monastero-delle-carmelitane-in-occasione-del-suo-centenario\/#primaryimage\",\"url\":\"https:\/\/www.carmelitaniscalzi.com\/wp-content\/uploads\/2025\/12\/cover_USA_11.2025.jpg\",\"contentUrl\":\"https:\/\/www.carmelitaniscalzi.com\/wp-content\/uploads\/2025\/12\/cover_USA_11.2025.jpg\",\"width\":1200,\"height\":800},{\"@type\":\"BreadcrumbList\",\"@id\":\"https:\/\/www.carmelitaniscalzi.com\/2025\/12\/16\/usa-le-reliquie-di-santa-teresina-visitano-un-monastero-delle-carmelitane-in-occasione-del-suo-centenario\/#breadcrumb\",\"itemListElement\":[{\"@type\":\"ListItem\",\"position\":1,\"name\":\"Home\",\"item\":\"https:\/\/www.carmelitaniscalzi.com\/fr\/\"},{\"@type\":\"ListItem\",\"position\":2,\"name\":\"USA : les reliques de sainte Th\u00e9r\u00e8se visitent un monast\u00e8re de Carm\u00e9lites \u00e0 l&#8217;occasion de son 100e anniversaire\"}]},{\"@type\":\"WebSite\",\"@id\":\"https:\/\/www.carmelitaniscalzi.com\/#website\",\"url\":\"https:\/\/www.carmelitaniscalzi.com\/\",\"name\":\"CARMELITANI SCALZI - Curia Generale del Carmelo Teresiano\",\"description\":\"Curie G\u00e9n\u00e9ralice du Carmel D\u00e9chauss\u00e9\",\"publisher\":{\"@id\":\"https:\/\/www.carmelitaniscalzi.com\/#organization\"},\"alternateName\":\"CARMELITANI SCALZI\",\"potentialAction\":[{\"@type\":\"SearchAction\",\"target\":{\"@type\":\"EntryPoint\",\"urlTemplate\":\"https:\/\/www.carmelitaniscalzi.com\/?s={search_term_string}\"},\"query-input\":{\"@type\":\"PropertyValueSpecification\",\"valueRequired\":true,\"valueName\":\"search_term_string\"}}],\"inLanguage\":\"fr-FR\"},{\"@type\":\"Organization\",\"@id\":\"https:\/\/www.carmelitaniscalzi.com\/#organization\",\"name\":\"CARMELITANI SCALZI - Curia Generale del Carmelo Teresiano\",\"url\":\"https:\/\/www.carmelitaniscalzi.com\/\",\"logo\":{\"@type\":\"ImageObject\",\"inLanguage\":\"fr-FR\",\"@id\":\"https:\/\/www.carmelitaniscalzi.com\/#\/schema\/logo\/image\/\",\"url\":\"https:\/\/www.carmelitaniscalzi.com\/wp-content\/uploads\/2025\/11\/login-logo.png\",\"contentUrl\":\"https:\/\/www.carmelitaniscalzi.com\/wp-content\/uploads\/2025\/11\/login-logo.png\",\"width\":256,\"height\":256,\"caption\":\"CARMELITANI SCALZI - Curia Generale del Carmelo Teresiano\"},\"image\":{\"@id\":\"https:\/\/www.carmelitaniscalzi.com\/#\/schema\/logo\/image\/\"},\"sameAs\":[\"https:\/\/www.facebook.com\/Curia-Generalizia-Carmelitani-Scalzi-658766940887784\/\",\"https:\/\/x.com\/ocdcuria\",\"https:\/\/www.youtube.com\/channel\/UC2J5ZL0ycOY0qBSTCLX_NGQ\/videos\",\"https:\/\/www.instagram.com\/ocdinform\/\"]},{\"@type\":\"Person\",\"@id\":\"https:\/\/www.carmelitaniscalzi.com\/#\/schema\/person\/6d1c0d9bea7b6625c437246a5d6da409\",\"name\":\"ocd web master\",\"image\":{\"@type\":\"ImageObject\",\"inLanguage\":\"fr-FR\",\"@id\":\"https:\/\/www.carmelitaniscalzi.com\/#\/schema\/person\/image\/\",\"url\":\"https:\/\/secure.gravatar.com\/avatar\/41fbc5f82bad909fbaf2984c43fa50d8519ac5853e25b454d022b6868f80d0e7?s=96&d=mm&r=g\",\"contentUrl\":\"https:\/\/secure.gravatar.com\/avatar\/41fbc5f82bad909fbaf2984c43fa50d8519ac5853e25b454d022b6868f80d0e7?s=96&d=mm&r=g\",\"caption\":\"ocd web master\"},\"url\":\"https:\/\/www.carmelitaniscalzi.com\/fr\/author\/ocdwebmaster\/\"}]}<\/script>\n<!-- \/ Yoast SEO plugin. -->","yoast_head_json":{"title":"USA : les reliques de sainte Th\u00e9r\u00e8se visitent un monast\u00e8re de Carm\u00e9lites \u00e0 l'occasion de son 100e anniversaire - CARMES D\u00c9CHAUX","robots":{"index":"index","follow":"follow","max-snippet":"max-snippet:-1","max-image-preview":"max-image-preview:large","max-video-preview":"max-video-preview:-1"},"canonical":"https:\/\/www.carmelitaniscalzi.com\/2025\/12\/16\/usa-le-reliquie-di-santa-teresina-visitano-un-monastero-delle-carmelitane-in-occasione-del-suo-centenario\/","og_locale":"fr_FR","og_type":"article","og_title":"USA : les reliques de sainte Th\u00e9r\u00e8se visitent un monast\u00e8re de Carm\u00e9lites \u00e0 l'occasion de son 100e anniversaire - CARMES D\u00c9CHAUX","og_description":"Les reliques de sainte Th\u00e9r\u00e8se ont visit\u00e9 le monast\u00e8re des carm\u00e9lites de Notre-Dame-de-Gr\u00e2ce et sainte-Th\u00e9r\u00e8se qui se trouve dans la ville de Carmel en Californie, \u00e0 l&rsquo;occasion du centenaire de notre fondation. Nous l&rsquo;avions d\u00e9but\u00e9 par une Ann\u00e9e Sainte d&rsquo;action de gr\u00e2ce. Notre \u00e9v\u00eaque avait ouvert notre Porte Sainte le 24 octobre 2024. Notre chapelle [&hellip;]","og_url":"https:\/\/www.carmelitaniscalzi.com\/2025\/12\/16\/usa-le-reliquie-di-santa-teresina-visitano-un-monastero-delle-carmelitane-in-occasione-del-suo-centenario\/","og_site_name":"CARMES D\u00c9CHAUX","article_publisher":"https:\/\/www.facebook.com\/Curia-Generalizia-Carmelitani-Scalzi-658766940887784\/","article_published_time":"2025-12-16T00:17:11+00:00","og_image":[{"width":1200,"height":800,"url":"https:\/\/www.carmelitaniscalzi.com\/wp-content\/uploads\/2025\/12\/cover_USA_11.2025.jpg","type":"image\/jpeg"}],"author":"ocd web master","twitter_card":"summary_large_image","twitter_creator":"@ocdcuria","twitter_site":"@ocdcuria","twitter_misc":{"\u00c9crit par":"ocd web master","Dur\u00e9e de lecture estim\u00e9e":"2 minutes"},"schema":{"@context":"https:\/\/schema.org","@graph":[{"@type":"Article","@id":"https:\/\/www.carmelitaniscalzi.com\/2025\/12\/16\/usa-le-reliquie-di-santa-teresina-visitano-un-monastero-delle-carmelitane-in-occasione-del-suo-centenario\/#article","isPartOf":{"@id":"https:\/\/www.carmelitaniscalzi.com\/2025\/12\/16\/usa-le-reliquie-di-santa-teresina-visitano-un-monastero-delle-carmelitane-in-occasione-del-suo-centenario\/"},"author":{"name":"ocd web master","@id":"https:\/\/www.carmelitaniscalzi.com\/#\/schema\/person\/6d1c0d9bea7b6625c437246a5d6da409"},"headline":"USA : les reliques de sainte Th\u00e9r\u00e8se visitent un monast\u00e8re de Carm\u00e9lites \u00e0 l&rsquo;occasion de son 100e anniversaire","datePublished":"2025-12-16T00:17:11+00:00","mainEntityOfPage":{"@id":"https:\/\/www.carmelitaniscalzi.com\/2025\/12\/16\/usa-le-reliquie-di-santa-teresina-visitano-un-monastero-delle-carmelitane-in-occasione-del-suo-centenario\/"},"wordCount":277,"publisher":{"@id":"https:\/\/www.carmelitaniscalzi.com\/#organization"},"image":{"@id":"https:\/\/www.carmelitaniscalzi.com\/2025\/12\/16\/usa-le-reliquie-di-santa-teresina-visitano-un-monastero-delle-carmelitane-in-occasione-del-suo-centenario\/#primaryimage"},"thumbnailUrl":"https:\/\/www.carmelitaniscalzi.com\/wp-content\/uploads\/2025\/12\/cover_USA_11.2025.jpg","articleSection":["Nouvelles Fr\u00e8res","Nouvelles Moniales","Nouvelles"],"inLanguage":"fr-FR"},{"@type":"WebPage","@id":"https:\/\/www.carmelitaniscalzi.com\/2025\/12\/16\/usa-le-reliquie-di-santa-teresina-visitano-un-monastero-delle-carmelitane-in-occasione-del-suo-centenario\/","url":"https:\/\/www.carmelitaniscalzi.com\/2025\/12\/16\/usa-le-reliquie-di-santa-teresina-visitano-un-monastero-delle-carmelitane-in-occasione-del-suo-centenario\/","name":"USA : les reliques de sainte Th\u00e9r\u00e8se visitent un monast\u00e8re de Carm\u00e9lites \u00e0 l'occasion de son 100e anniversaire - CARMES D\u00c9CHAUX","isPartOf":{"@id":"https:\/\/www.carmelitaniscalzi.com\/#website"},"primaryImageOfPage":{"@id":"https:\/\/www.carmelitaniscalzi.com\/2025\/12\/16\/usa-le-reliquie-di-santa-teresina-visitano-un-monastero-delle-carmelitane-in-occasione-del-suo-centenario\/#primaryimage"},"image":{"@id":"https:\/\/www.carmelitaniscalzi.com\/2025\/12\/16\/usa-le-reliquie-di-santa-teresina-visitano-un-monastero-delle-carmelitane-in-occasione-del-suo-centenario\/#primaryimage"},"thumbnailUrl":"https:\/\/www.carmelitaniscalzi.com\/wp-content\/uploads\/2025\/12\/cover_USA_11.2025.jpg","datePublished":"2025-12-16T00:17:11+00:00","breadcrumb":{"@id":"https:\/\/www.carmelitaniscalzi.com\/2025\/12\/16\/usa-le-reliquie-di-santa-teresina-visitano-un-monastero-delle-carmelitane-in-occasione-del-suo-centenario\/#breadcrumb"},"inLanguage":"fr-FR","potentialAction":[{"@type":"ReadAction","target":["https:\/\/www.carmelitaniscalzi.com\/2025\/12\/16\/usa-le-reliquie-di-santa-teresina-visitano-un-monastero-delle-carmelitane-in-occasione-del-suo-centenario\/"]}]},{"@type":"ImageObject","inLanguage":"fr-FR","@id":"https:\/\/www.carmelitaniscalzi.com\/2025\/12\/16\/usa-le-reliquie-di-santa-teresina-visitano-un-monastero-delle-carmelitane-in-occasione-del-suo-centenario\/#primaryimage","url":"https:\/\/www.carmelitaniscalzi.com\/wp-content\/uploads\/2025\/12\/cover_USA_11.2025.jpg","contentUrl":"https:\/\/www.carmelitaniscalzi.com\/wp-content\/uploads\/2025\/12\/cover_USA_11.2025.jpg","width":1200,"height":800},{"@type":"BreadcrumbList","@id":"https:\/\/www.carmelitaniscalzi.com\/2025\/12\/16\/usa-le-reliquie-di-santa-teresina-visitano-un-monastero-delle-carmelitane-in-occasione-del-suo-centenario\/#breadcrumb","itemListElement":[{"@type":"ListItem","position":1,"name":"Home","item":"https:\/\/www.carmelitaniscalzi.com\/fr\/"},{"@type":"ListItem","position":2,"name":"USA : les reliques de sainte Th\u00e9r\u00e8se visitent un monast\u00e8re de Carm\u00e9lites \u00e0 l&#8217;occasion de son 100e anniversaire"}]},{"@type":"WebSite","@id":"https:\/\/www.carmelitaniscalzi.com\/#website","url":"https:\/\/www.carmelitaniscalzi.com\/","name":"CARMELITANI SCALZI - Curia Generale del Carmelo Teresiano","description":"Curie G\u00e9n\u00e9ralice du Carmel D\u00e9chauss\u00e9","publisher":{"@id":"https:\/\/www.carmelitaniscalzi.com\/#organization"},"alternateName":"CARMELITANI SCALZI","potentialAction":[{"@type":"SearchAction","target":{"@type":"EntryPoint","urlTemplate":"https:\/\/www.carmelitaniscalzi.com\/?s={search_term_string}"},"query-input":{"@type":"PropertyValueSpecification","valueRequired":true,"valueName":"search_term_string"}}],"inLanguage":"fr-FR"},{"@type":"Organization","@id":"https:\/\/www.carmelitaniscalzi.com\/#organization","name":"CARMELITANI SCALZI - Curia Generale del Carmelo Teresiano","url":"https:\/\/www.carmelitaniscalzi.com\/","logo":{"@type":"ImageObject","inLanguage":"fr-FR","@id":"https:\/\/www.carmelitaniscalzi.com\/#\/schema\/logo\/image\/","url":"https:\/\/www.carmelitaniscalzi.com\/wp-content\/uploads\/2025\/11\/login-logo.png","contentUrl":"https:\/\/www.carmelitaniscalzi.com\/wp-content\/uploads\/2025\/11\/login-logo.png","width":256,"height":256,"caption":"CARMELITANI SCALZI - Curia Generale del Carmelo Teresiano"},"image":{"@id":"https:\/\/www.carmelitaniscalzi.com\/#\/schema\/logo\/image\/"},"sameAs":["https:\/\/www.facebook.com\/Curia-Generalizia-Carmelitani-Scalzi-658766940887784\/","https:\/\/x.com\/ocdcuria","https:\/\/www.youtube.com\/channel\/UC2J5ZL0ycOY0qBSTCLX_NGQ\/videos","https:\/\/www.instagram.com\/ocdinform\/"]},{"@type":"Person","@id":"https:\/\/www.carmelitaniscalzi.com\/#\/schema\/person\/6d1c0d9bea7b6625c437246a5d6da409","name":"ocd web master","image":{"@type":"ImageObject","inLanguage":"fr-FR","@id":"https:\/\/www.carmelitaniscalzi.com\/#\/schema\/person\/image\/","url":"https:\/\/secure.gravatar.com\/avatar\/41fbc5f82bad909fbaf2984c43fa50d8519ac5853e25b454d022b6868f80d0e7?s=96&d=mm&r=g","contentUrl":"https:\/\/secure.gravatar.com\/avatar\/41fbc5f82bad909fbaf2984c43fa50d8519ac5853e25b454d022b6868f80d0e7?s=96&d=mm&r=g","caption":"ocd web master"},"url":"https:\/\/www.carmelitaniscalzi.com\/fr\/author\/ocdwebmaster\/"}]}},"_links":{"self":[{"href":"https:\/\/www.carmelitaniscalzi.com\/fr\/wp-json\/wp\/v2\/posts\/537178","targetHints":{"allow":["GET"]}}],"collection":[{"href":"https:\/\/www.carmelitaniscalzi.com\/fr\/wp-json\/wp\/v2\/posts"}],"about":[{"href":"https:\/\/www.carmelitaniscalzi.com\/fr\/wp-json\/wp\/v2\/types\/post"}],"author":[{"embeddable":true,"href":"https:\/\/www.carmelitaniscalzi.com\/fr\/wp-json\/wp\/v2\/users\/7"}],"replies":[{"embeddable":true,"href":"https:\/\/www.carmelitaniscalzi.com\/fr\/wp-json\/wp\/v2\/comments?post=537178"}],"version-history":[{"count":2,"href":"https:\/\/www.carmelitaniscalzi.com\/fr\/wp-json\/wp\/v2\/posts\/537178\/revisions"}],"predecessor-version":[{"id":537180,"href":"https:\/\/www.carmelitaniscalzi.com\/fr\/wp-json\/wp\/v2\/posts\/537178\/revisions\/537180"}],"wp:featuredmedia":[{"embeddable":true,"href":"https:\/\/www.carmelitaniscalzi.com\/fr\/wp-json\/wp\/v2\/media\/536995"}],"wp:attachment":[{"href":"https:\/\/www.carmelitaniscalzi.com\/fr\/wp-json\/wp\/v2\/media?parent=537178"}],"wp:term":[{"taxonomy":"category","embeddable":true,"href":"https:\/\/www.carmelitaniscalzi.com\/fr\/wp-json\/wp\/v2\/categories?post=537178"},{"taxonomy":"post_tag","embeddable":true,"href":"https:\/\/www.carmelitaniscalzi.com\/fr\/wp-json\/wp\/v2\/tags?post=537178"}],"curies":[{"name":"wp","href":"https:\/\/api.w.org\/{rel}","templated":true}]}}