{"id":537143,"date":"2025-12-04T00:23:30","date_gmt":"2025-12-03T23:23:30","guid":{"rendered":"https:\/\/www.carmelitaniscalzi.com\/?p=537143"},"modified":"2025-12-08T00:24:01","modified_gmt":"2025-12-07T23:24:01","slug":"indulgence-pleniere-pour-lannee-jubilaire-de-saint-jean-de-la-croix","status":"publish","type":"post","link":"https:\/\/www.carmelitaniscalzi.com\/fr\/2025\/12\/04\/indulgence-pleniere-pour-lannee-jubilaire-de-saint-jean-de-la-croix\/","title":{"rendered":"Indulgence pl\u00e9ni\u00e8re pour l&rsquo;ann\u00e9e jubilaire de Saint Jean de la Croix."},"content":{"rendered":"<p>Le 6 octobre 2025, la P\u00e9nitencerie apostolique a publi\u00e9 un d\u00e9cret accordant une indulgence pl\u00e9ni\u00e8re \u00e0 l&rsquo;occasion des Centenaires sanjuanistes, qui seront c\u00e9l\u00e9br\u00e9s du 14 d\u00e9cembre 2025 au 27 d\u00e9cembre 2026, au cours desquels on c\u00e9l\u00e9brera le troisi\u00e8me centenaire de la canonisation et le premier centenaire du Doctorat eccl\u00e9sial de saint Jean de la Croix.<\/p>\n<p>Le d\u00e9cret pr\u00e9cise que les fid\u00e8les pourront b\u00e9n\u00e9ficier de l&rsquo;indulgence, dans les conditions habituelles (confession sacramentelle, communion eucharistique et pri\u00e8re aux intentions du Saint-P\u00e8re), s&rsquo;ils participent dans un esprit de p\u00e9nitence et de d\u00e9votion aux c\u00e9l\u00e9brations jubilaires ou s&rsquo;ils se rendent en p\u00e8lerinage dans les \u00e9glises d\u00e9sign\u00e9es.<\/p>\n<p>Le d\u00e9cret mentionne en particulier l&rsquo;\u00e9glise Saint-Jean-de-la-Croix des Carmes D\u00e9chaux de S\u00e9govie, o\u00f9 repose son corps, comme lieu jubilaire principal, ainsi que les \u00e9glises associ\u00e9es au jubil\u00e9 dans les dioc\u00e8ses d&rsquo;\u00c1vila, de S\u00e9govie et de Ja\u00e9n.<\/p>\n<p>De m\u00eame, la possibilit\u00e9 d&rsquo;obtenir l&rsquo;indulgence est \u00e9tendue aux personnes \u00e2g\u00e9es, malades ou handicap\u00e9es, \u00e0 condition qu&rsquo;elles s&rsquo;unissent spirituellement aux c\u00e9l\u00e9brations jubilaires depuis leur lieu de r\u00e9sidence, en offrant leurs pri\u00e8res, leurs souffrances ou leurs sacrifices au Dieu mis\u00e9ricordieux, avec une contrition sinc\u00e8re et le d\u00e9sir de remplir les conditions \u00e9tablies d\u00e8s que cela leur sera possible.<\/p>\n<p>La P\u00e9nitencerie exhorte \u00e9galement les pr\u00eatres \u00e0 promouvoir la c\u00e9l\u00e9bration du sacrement de la r\u00e9conciliation pendant l&rsquo;ann\u00e9e jubilaire, afin que les fid\u00e8les puissent vivre ce temps de gr\u00e2ce avec une disposition int\u00e9rieure totale.<\/p>\n<p>Le d\u00e9cret reconna\u00eet ainsi officiellement l&rsquo;Ann\u00e9e jubilaire sanjuaniste comme un temps de renouveau spirituel au cours duquel l&rsquo;\u00c9glise invite les fid\u00e8les \u00e0 red\u00e9couvrir l&rsquo;h\u00e9ritage mystique et th\u00e9ologique de saint Jean de la Croix sous le th\u00e8me\u00a0: \u00ab\u00a0L&rsquo;esp\u00e9rance obtient autant qu&rsquo;elle esp\u00e8re\u00a0\u00bb.<\/p>\n","protected":false},"excerpt":{"rendered":"<p>Le 6 octobre 2025, la P\u00e9nitencerie apostolique a publi\u00e9 un d\u00e9cret accordant une indulgence pl\u00e9ni\u00e8re \u00e0 l&rsquo;occasion des Centenaires sanjuanistes, qui seront c\u00e9l\u00e9br\u00e9s du 14 d\u00e9cembre 2025 au 27 d\u00e9cembre 2026, au cours desquels on c\u00e9l\u00e9brera le troisi\u00e8me centenaire de la canonisation et le premier centenaire du Doctorat eccl\u00e9sial de saint Jean de la Croix. [&hellip;]<\/p>\n","protected":false},"author":7,"featured_media":536917,"comment_status":"closed","ping_status":"closed","sticky":false,"template":"","format":"standard","meta":{"_acf_changed":false,"footnotes":""},"categories":[201,203,261,370],"tags":[],"class_list":["post-537143","post","type-post","status-publish","format-standard","has-post-thumbnail","hentry","category-nouvelles-freres","category-nouvelles-moniales","category-nouvelles-ocds","category-nouvelles"],"acf":[],"yoast_head":"<!-- This site is optimized with the Yoast SEO plugin v26.3 - https:\/\/yoast.com\/wordpress\/plugins\/seo\/ -->\n<title>Indulgence pl\u00e9ni\u00e8re pour l&#039;ann\u00e9e jubilaire de Saint Jean de la Croix. - CARMES D\u00c9CHAUX<\/title>\n<meta name=\"robots\" content=\"index, follow, max-snippet:-1, max-image-preview:large, max-video-preview:-1\" \/>\n<link rel=\"canonical\" href=\"https:\/\/www.carmelitaniscalzi.com\/fr\/2025\/12\/04\/indulgence-pleniere-pour-lannee-jubilaire-de-saint-jean-de-la-croix\/\" \/>\n<meta property=\"og:locale\" content=\"fr_FR\" \/>\n<meta property=\"og:type\" content=\"article\" \/>\n<meta property=\"og:title\" content=\"Indulgence pl\u00e9ni\u00e8re pour l&#039;ann\u00e9e jubilaire de Saint Jean de la Croix. - CARMES D\u00c9CHAUX\" \/>\n<meta property=\"og:description\" content=\"Le 6 octobre 2025, la P\u00e9nitencerie apostolique a publi\u00e9 un d\u00e9cret accordant une indulgence pl\u00e9ni\u00e8re \u00e0 l&rsquo;occasion des Centenaires sanjuanistes, qui seront c\u00e9l\u00e9br\u00e9s du 14 d\u00e9cembre 2025 au 27 d\u00e9cembre 2026, au cours desquels on c\u00e9l\u00e9brera le troisi\u00e8me centenaire de la canonisation et le premier centenaire du Doctorat eccl\u00e9sial de saint Jean de la Croix. [&hellip;]\" \/>\n<meta property=\"og:url\" content=\"https:\/\/www.carmelitaniscalzi.com\/fr\/2025\/12\/04\/indulgence-pleniere-pour-lannee-jubilaire-de-saint-jean-de-la-croix\/\" \/>\n<meta property=\"og:site_name\" content=\"CARMES D\u00c9CHAUX\" \/>\n<meta property=\"article:publisher\" content=\"https:\/\/www.facebook.com\/Curia-Generalizia-Carmelitani-Scalzi-658766940887784\/\" \/>\n<meta property=\"article:published_time\" content=\"2025-12-03T23:23:30+00:00\" \/>\n<meta property=\"article:modified_time\" content=\"2025-12-07T23:24:01+00:00\" \/>\n<meta property=\"og:image\" content=\"https:\/\/www.carmelitaniscalzi.com\/wp-content\/uploads\/2025\/12\/cover_spagna_11.2025.jpg\" \/>\n\t<meta property=\"og:image:width\" content=\"1200\" \/>\n\t<meta property=\"og:image:height\" content=\"800\" \/>\n\t<meta property=\"og:image:type\" content=\"image\/jpeg\" \/>\n<meta name=\"author\" content=\"ocd web master\" \/>\n<meta name=\"twitter:card\" content=\"summary_large_image\" \/>\n<meta name=\"twitter:creator\" content=\"@ocdcuria\" \/>\n<meta name=\"twitter:site\" content=\"@ocdcuria\" \/>\n<meta name=\"twitter:label1\" content=\"\u00c9crit par\" \/>\n\t<meta name=\"twitter:data1\" content=\"ocd web master\" \/>\n\t<meta name=\"twitter:label2\" content=\"Dur\u00e9e de lecture estim\u00e9e\" \/>\n\t<meta name=\"twitter:data2\" content=\"2 minutes\" \/>\n<script type=\"application\/ld+json\" class=\"yoast-schema-graph\">{\"@context\":\"https:\/\/schema.org\",\"@graph\":[{\"@type\":\"Article\",\"@id\":\"https:\/\/www.carmelitaniscalzi.com\/fr\/2025\/12\/04\/indulgence-pleniere-pour-lannee-jubilaire-de-saint-jean-de-la-croix\/#article\",\"isPartOf\":{\"@id\":\"https:\/\/www.carmelitaniscalzi.com\/fr\/2025\/12\/04\/indulgence-pleniere-pour-lannee-jubilaire-de-saint-jean-de-la-croix\/\"},\"author\":{\"name\":\"ocd web master\",\"@id\":\"https:\/\/www.carmelitaniscalzi.com\/#\/schema\/person\/6d1c0d9bea7b6625c437246a5d6da409\"},\"headline\":\"Indulgence pl\u00e9ni\u00e8re pour l&rsquo;ann\u00e9e jubilaire de Saint Jean de la Croix.\",\"datePublished\":\"2025-12-03T23:23:30+00:00\",\"dateModified\":\"2025-12-07T23:24:01+00:00\",\"mainEntityOfPage\":{\"@id\":\"https:\/\/www.carmelitaniscalzi.com\/fr\/2025\/12\/04\/indulgence-pleniere-pour-lannee-jubilaire-de-saint-jean-de-la-croix\/\"},\"wordCount\":354,\"publisher\":{\"@id\":\"https:\/\/www.carmelitaniscalzi.com\/#organization\"},\"image\":{\"@id\":\"https:\/\/www.carmelitaniscalzi.com\/fr\/2025\/12\/04\/indulgence-pleniere-pour-lannee-jubilaire-de-saint-jean-de-la-croix\/#primaryimage\"},\"thumbnailUrl\":\"https:\/\/www.carmelitaniscalzi.com\/wp-content\/uploads\/2025\/12\/cover_spagna_11.2025.jpg\",\"articleSection\":[\"Nouvelles Fr\u00e8res\",\"Nouvelles Moniales\",\"Nouvelles OCDS\",\"Nouvelles\"],\"inLanguage\":\"fr-FR\"},{\"@type\":\"WebPage\",\"@id\":\"https:\/\/www.carmelitaniscalzi.com\/fr\/2025\/12\/04\/indulgence-pleniere-pour-lannee-jubilaire-de-saint-jean-de-la-croix\/\",\"url\":\"https:\/\/www.carmelitaniscalzi.com\/fr\/2025\/12\/04\/indulgence-pleniere-pour-lannee-jubilaire-de-saint-jean-de-la-croix\/\",\"name\":\"Indulgence pl\u00e9ni\u00e8re pour l'ann\u00e9e jubilaire de Saint Jean de la Croix. - CARMES D\u00c9CHAUX\",\"isPartOf\":{\"@id\":\"https:\/\/www.carmelitaniscalzi.com\/#website\"},\"primaryImageOfPage\":{\"@id\":\"https:\/\/www.carmelitaniscalzi.com\/fr\/2025\/12\/04\/indulgence-pleniere-pour-lannee-jubilaire-de-saint-jean-de-la-croix\/#primaryimage\"},\"image\":{\"@id\":\"https:\/\/www.carmelitaniscalzi.com\/fr\/2025\/12\/04\/indulgence-pleniere-pour-lannee-jubilaire-de-saint-jean-de-la-croix\/#primaryimage\"},\"thumbnailUrl\":\"https:\/\/www.carmelitaniscalzi.com\/wp-content\/uploads\/2025\/12\/cover_spagna_11.2025.jpg\",\"datePublished\":\"2025-12-03T23:23:30+00:00\",\"dateModified\":\"2025-12-07T23:24:01+00:00\",\"breadcrumb\":{\"@id\":\"https:\/\/www.carmelitaniscalzi.com\/fr\/2025\/12\/04\/indulgence-pleniere-pour-lannee-jubilaire-de-saint-jean-de-la-croix\/#breadcrumb\"},\"inLanguage\":\"fr-FR\",\"potentialAction\":[{\"@type\":\"ReadAction\",\"target\":[\"https:\/\/www.carmelitaniscalzi.com\/fr\/2025\/12\/04\/indulgence-pleniere-pour-lannee-jubilaire-de-saint-jean-de-la-croix\/\"]}]},{\"@type\":\"ImageObject\",\"inLanguage\":\"fr-FR\",\"@id\":\"https:\/\/www.carmelitaniscalzi.com\/fr\/2025\/12\/04\/indulgence-pleniere-pour-lannee-jubilaire-de-saint-jean-de-la-croix\/#primaryimage\",\"url\":\"https:\/\/www.carmelitaniscalzi.com\/wp-content\/uploads\/2025\/12\/cover_spagna_11.2025.jpg\",\"contentUrl\":\"https:\/\/www.carmelitaniscalzi.com\/wp-content\/uploads\/2025\/12\/cover_spagna_11.2025.jpg\",\"width\":1200,\"height\":800},{\"@type\":\"BreadcrumbList\",\"@id\":\"https:\/\/www.carmelitaniscalzi.com\/fr\/2025\/12\/04\/indulgence-pleniere-pour-lannee-jubilaire-de-saint-jean-de-la-croix\/#breadcrumb\",\"itemListElement\":[{\"@type\":\"ListItem\",\"position\":1,\"name\":\"Home\",\"item\":\"https:\/\/www.carmelitaniscalzi.com\/fr\/\"},{\"@type\":\"ListItem\",\"position\":2,\"name\":\"Indulgence pl\u00e9ni\u00e8re pour l&#8217;ann\u00e9e jubilaire de Saint Jean de la Croix.\"}]},{\"@type\":\"WebSite\",\"@id\":\"https:\/\/www.carmelitaniscalzi.com\/#website\",\"url\":\"https:\/\/www.carmelitaniscalzi.com\/\",\"name\":\"CARMELITANI SCALZI - Curia Generale del Carmelo Teresiano\",\"description\":\"Curie G\u00e9n\u00e9ralice du Carmel D\u00e9chauss\u00e9\",\"publisher\":{\"@id\":\"https:\/\/www.carmelitaniscalzi.com\/#organization\"},\"alternateName\":\"CARMELITANI SCALZI\",\"potentialAction\":[{\"@type\":\"SearchAction\",\"target\":{\"@type\":\"EntryPoint\",\"urlTemplate\":\"https:\/\/www.carmelitaniscalzi.com\/?s={search_term_string}\"},\"query-input\":{\"@type\":\"PropertyValueSpecification\",\"valueRequired\":true,\"valueName\":\"search_term_string\"}}],\"inLanguage\":\"fr-FR\"},{\"@type\":\"Organization\",\"@id\":\"https:\/\/www.carmelitaniscalzi.com\/#organization\",\"name\":\"CARMELITANI SCALZI - Curia Generale del Carmelo Teresiano\",\"url\":\"https:\/\/www.carmelitaniscalzi.com\/\",\"logo\":{\"@type\":\"ImageObject\",\"inLanguage\":\"fr-FR\",\"@id\":\"https:\/\/www.carmelitaniscalzi.com\/#\/schema\/logo\/image\/\",\"url\":\"https:\/\/www.carmelitaniscalzi.com\/wp-content\/uploads\/2025\/11\/login-logo.png\",\"contentUrl\":\"https:\/\/www.carmelitaniscalzi.com\/wp-content\/uploads\/2025\/11\/login-logo.png\",\"width\":256,\"height\":256,\"caption\":\"CARMELITANI SCALZI - Curia Generale del Carmelo Teresiano\"},\"image\":{\"@id\":\"https:\/\/www.carmelitaniscalzi.com\/#\/schema\/logo\/image\/\"},\"sameAs\":[\"https:\/\/www.facebook.com\/Curia-Generalizia-Carmelitani-Scalzi-658766940887784\/\",\"https:\/\/x.com\/ocdcuria\",\"https:\/\/www.youtube.com\/channel\/UC2J5ZL0ycOY0qBSTCLX_NGQ\/videos\",\"https:\/\/www.instagram.com\/ocdinform\/\"]},{\"@type\":\"Person\",\"@id\":\"https:\/\/www.carmelitaniscalzi.com\/#\/schema\/person\/6d1c0d9bea7b6625c437246a5d6da409\",\"name\":\"ocd web master\",\"image\":{\"@type\":\"ImageObject\",\"inLanguage\":\"fr-FR\",\"@id\":\"https:\/\/www.carmelitaniscalzi.com\/#\/schema\/person\/image\/\",\"url\":\"https:\/\/secure.gravatar.com\/avatar\/41fbc5f82bad909fbaf2984c43fa50d8519ac5853e25b454d022b6868f80d0e7?s=96&d=mm&r=g\",\"contentUrl\":\"https:\/\/secure.gravatar.com\/avatar\/41fbc5f82bad909fbaf2984c43fa50d8519ac5853e25b454d022b6868f80d0e7?s=96&d=mm&r=g\",\"caption\":\"ocd web master\"},\"url\":\"https:\/\/www.carmelitaniscalzi.com\/fr\/author\/ocdwebmaster\/\"}]}<\/script>\n<!-- \/ Yoast SEO plugin. -->","yoast_head_json":{"title":"Indulgence pl\u00e9ni\u00e8re pour l'ann\u00e9e jubilaire de Saint Jean de la Croix. - CARMES D\u00c9CHAUX","robots":{"index":"index","follow":"follow","max-snippet":"max-snippet:-1","max-image-preview":"max-image-preview:large","max-video-preview":"max-video-preview:-1"},"canonical":"https:\/\/www.carmelitaniscalzi.com\/fr\/2025\/12\/04\/indulgence-pleniere-pour-lannee-jubilaire-de-saint-jean-de-la-croix\/","og_locale":"fr_FR","og_type":"article","og_title":"Indulgence pl\u00e9ni\u00e8re pour l'ann\u00e9e jubilaire de Saint Jean de la Croix. - CARMES D\u00c9CHAUX","og_description":"Le 6 octobre 2025, la P\u00e9nitencerie apostolique a publi\u00e9 un d\u00e9cret accordant une indulgence pl\u00e9ni\u00e8re \u00e0 l&rsquo;occasion des Centenaires sanjuanistes, qui seront c\u00e9l\u00e9br\u00e9s du 14 d\u00e9cembre 2025 au 27 d\u00e9cembre 2026, au cours desquels on c\u00e9l\u00e9brera le troisi\u00e8me centenaire de la canonisation et le premier centenaire du Doctorat eccl\u00e9sial de saint Jean de la Croix. [&hellip;]","og_url":"https:\/\/www.carmelitaniscalzi.com\/fr\/2025\/12\/04\/indulgence-pleniere-pour-lannee-jubilaire-de-saint-jean-de-la-croix\/","og_site_name":"CARMES D\u00c9CHAUX","article_publisher":"https:\/\/www.facebook.com\/Curia-Generalizia-Carmelitani-Scalzi-658766940887784\/","article_published_time":"2025-12-03T23:23:30+00:00","article_modified_time":"2025-12-07T23:24:01+00:00","og_image":[{"width":1200,"height":800,"url":"https:\/\/www.carmelitaniscalzi.com\/wp-content\/uploads\/2025\/12\/cover_spagna_11.2025.jpg","type":"image\/jpeg"}],"author":"ocd web master","twitter_card":"summary_large_image","twitter_creator":"@ocdcuria","twitter_site":"@ocdcuria","twitter_misc":{"\u00c9crit par":"ocd web master","Dur\u00e9e de lecture estim\u00e9e":"2 minutes"},"schema":{"@context":"https:\/\/schema.org","@graph":[{"@type":"Article","@id":"https:\/\/www.carmelitaniscalzi.com\/fr\/2025\/12\/04\/indulgence-pleniere-pour-lannee-jubilaire-de-saint-jean-de-la-croix\/#article","isPartOf":{"@id":"https:\/\/www.carmelitaniscalzi.com\/fr\/2025\/12\/04\/indulgence-pleniere-pour-lannee-jubilaire-de-saint-jean-de-la-croix\/"},"author":{"name":"ocd web master","@id":"https:\/\/www.carmelitaniscalzi.com\/#\/schema\/person\/6d1c0d9bea7b6625c437246a5d6da409"},"headline":"Indulgence pl\u00e9ni\u00e8re pour l&rsquo;ann\u00e9e jubilaire de Saint Jean de la Croix.","datePublished":"2025-12-03T23:23:30+00:00","dateModified":"2025-12-07T23:24:01+00:00","mainEntityOfPage":{"@id":"https:\/\/www.carmelitaniscalzi.com\/fr\/2025\/12\/04\/indulgence-pleniere-pour-lannee-jubilaire-de-saint-jean-de-la-croix\/"},"wordCount":354,"publisher":{"@id":"https:\/\/www.carmelitaniscalzi.com\/#organization"},"image":{"@id":"https:\/\/www.carmelitaniscalzi.com\/fr\/2025\/12\/04\/indulgence-pleniere-pour-lannee-jubilaire-de-saint-jean-de-la-croix\/#primaryimage"},"thumbnailUrl":"https:\/\/www.carmelitaniscalzi.com\/wp-content\/uploads\/2025\/12\/cover_spagna_11.2025.jpg","articleSection":["Nouvelles Fr\u00e8res","Nouvelles Moniales","Nouvelles OCDS","Nouvelles"],"inLanguage":"fr-FR"},{"@type":"WebPage","@id":"https:\/\/www.carmelitaniscalzi.com\/fr\/2025\/12\/04\/indulgence-pleniere-pour-lannee-jubilaire-de-saint-jean-de-la-croix\/","url":"https:\/\/www.carmelitaniscalzi.com\/fr\/2025\/12\/04\/indulgence-pleniere-pour-lannee-jubilaire-de-saint-jean-de-la-croix\/","name":"Indulgence pl\u00e9ni\u00e8re pour l'ann\u00e9e jubilaire de Saint Jean de la Croix. - CARMES D\u00c9CHAUX","isPartOf":{"@id":"https:\/\/www.carmelitaniscalzi.com\/#website"},"primaryImageOfPage":{"@id":"https:\/\/www.carmelitaniscalzi.com\/fr\/2025\/12\/04\/indulgence-pleniere-pour-lannee-jubilaire-de-saint-jean-de-la-croix\/#primaryimage"},"image":{"@id":"https:\/\/www.carmelitaniscalzi.com\/fr\/2025\/12\/04\/indulgence-pleniere-pour-lannee-jubilaire-de-saint-jean-de-la-croix\/#primaryimage"},"thumbnailUrl":"https:\/\/www.carmelitaniscalzi.com\/wp-content\/uploads\/2025\/12\/cover_spagna_11.2025.jpg","datePublished":"2025-12-03T23:23:30+00:00","dateModified":"2025-12-07T23:24:01+00:00","breadcrumb":{"@id":"https:\/\/www.carmelitaniscalzi.com\/fr\/2025\/12\/04\/indulgence-pleniere-pour-lannee-jubilaire-de-saint-jean-de-la-croix\/#breadcrumb"},"inLanguage":"fr-FR","potentialAction":[{"@type":"ReadAction","target":["https:\/\/www.carmelitaniscalzi.com\/fr\/2025\/12\/04\/indulgence-pleniere-pour-lannee-jubilaire-de-saint-jean-de-la-croix\/"]}]},{"@type":"ImageObject","inLanguage":"fr-FR","@id":"https:\/\/www.carmelitaniscalzi.com\/fr\/2025\/12\/04\/indulgence-pleniere-pour-lannee-jubilaire-de-saint-jean-de-la-croix\/#primaryimage","url":"https:\/\/www.carmelitaniscalzi.com\/wp-content\/uploads\/2025\/12\/cover_spagna_11.2025.jpg","contentUrl":"https:\/\/www.carmelitaniscalzi.com\/wp-content\/uploads\/2025\/12\/cover_spagna_11.2025.jpg","width":1200,"height":800},{"@type":"BreadcrumbList","@id":"https:\/\/www.carmelitaniscalzi.com\/fr\/2025\/12\/04\/indulgence-pleniere-pour-lannee-jubilaire-de-saint-jean-de-la-croix\/#breadcrumb","itemListElement":[{"@type":"ListItem","position":1,"name":"Home","item":"https:\/\/www.carmelitaniscalzi.com\/fr\/"},{"@type":"ListItem","position":2,"name":"Indulgence pl\u00e9ni\u00e8re pour l&#8217;ann\u00e9e jubilaire de Saint Jean de la Croix."}]},{"@type":"WebSite","@id":"https:\/\/www.carmelitaniscalzi.com\/#website","url":"https:\/\/www.carmelitaniscalzi.com\/","name":"CARMELITANI SCALZI - Curia Generale del Carmelo Teresiano","description":"Curie G\u00e9n\u00e9ralice du Carmel D\u00e9chauss\u00e9","publisher":{"@id":"https:\/\/www.carmelitaniscalzi.com\/#organization"},"alternateName":"CARMELITANI SCALZI","potentialAction":[{"@type":"SearchAction","target":{"@type":"EntryPoint","urlTemplate":"https:\/\/www.carmelitaniscalzi.com\/?s={search_term_string}"},"query-input":{"@type":"PropertyValueSpecification","valueRequired":true,"valueName":"search_term_string"}}],"inLanguage":"fr-FR"},{"@type":"Organization","@id":"https:\/\/www.carmelitaniscalzi.com\/#organization","name":"CARMELITANI SCALZI - Curia Generale del Carmelo Teresiano","url":"https:\/\/www.carmelitaniscalzi.com\/","logo":{"@type":"ImageObject","inLanguage":"fr-FR","@id":"https:\/\/www.carmelitaniscalzi.com\/#\/schema\/logo\/image\/","url":"https:\/\/www.carmelitaniscalzi.com\/wp-content\/uploads\/2025\/11\/login-logo.png","contentUrl":"https:\/\/www.carmelitaniscalzi.com\/wp-content\/uploads\/2025\/11\/login-logo.png","width":256,"height":256,"caption":"CARMELITANI SCALZI - Curia Generale del Carmelo Teresiano"},"image":{"@id":"https:\/\/www.carmelitaniscalzi.com\/#\/schema\/logo\/image\/"},"sameAs":["https:\/\/www.facebook.com\/Curia-Generalizia-Carmelitani-Scalzi-658766940887784\/","https:\/\/x.com\/ocdcuria","https:\/\/www.youtube.com\/channel\/UC2J5ZL0ycOY0qBSTCLX_NGQ\/videos","https:\/\/www.instagram.com\/ocdinform\/"]},{"@type":"Person","@id":"https:\/\/www.carmelitaniscalzi.com\/#\/schema\/person\/6d1c0d9bea7b6625c437246a5d6da409","name":"ocd web master","image":{"@type":"ImageObject","inLanguage":"fr-FR","@id":"https:\/\/www.carmelitaniscalzi.com\/#\/schema\/person\/image\/","url":"https:\/\/secure.gravatar.com\/avatar\/41fbc5f82bad909fbaf2984c43fa50d8519ac5853e25b454d022b6868f80d0e7?s=96&d=mm&r=g","contentUrl":"https:\/\/secure.gravatar.com\/avatar\/41fbc5f82bad909fbaf2984c43fa50d8519ac5853e25b454d022b6868f80d0e7?s=96&d=mm&r=g","caption":"ocd web master"},"url":"https:\/\/www.carmelitaniscalzi.com\/fr\/author\/ocdwebmaster\/"}]}},"_links":{"self":[{"href":"https:\/\/www.carmelitaniscalzi.com\/fr\/wp-json\/wp\/v2\/posts\/537143","targetHints":{"allow":["GET"]}}],"collection":[{"href":"https:\/\/www.carmelitaniscalzi.com\/fr\/wp-json\/wp\/v2\/posts"}],"about":[{"href":"https:\/\/www.carmelitaniscalzi.com\/fr\/wp-json\/wp\/v2\/types\/post"}],"author":[{"embeddable":true,"href":"https:\/\/www.carmelitaniscalzi.com\/fr\/wp-json\/wp\/v2\/users\/7"}],"replies":[{"embeddable":true,"href":"https:\/\/www.carmelitaniscalzi.com\/fr\/wp-json\/wp\/v2\/comments?post=537143"}],"version-history":[{"count":1,"href":"https:\/\/www.carmelitaniscalzi.com\/fr\/wp-json\/wp\/v2\/posts\/537143\/revisions"}],"predecessor-version":[{"id":537144,"href":"https:\/\/www.carmelitaniscalzi.com\/fr\/wp-json\/wp\/v2\/posts\/537143\/revisions\/537144"}],"wp:featuredmedia":[{"embeddable":true,"href":"https:\/\/www.carmelitaniscalzi.com\/fr\/wp-json\/wp\/v2\/media\/536917"}],"wp:attachment":[{"href":"https:\/\/www.carmelitaniscalzi.com\/fr\/wp-json\/wp\/v2\/media?parent=537143"}],"wp:term":[{"taxonomy":"category","embeddable":true,"href":"https:\/\/www.carmelitaniscalzi.com\/fr\/wp-json\/wp\/v2\/categories?post=537143"},{"taxonomy":"post_tag","embeddable":true,"href":"https:\/\/www.carmelitaniscalzi.com\/fr\/wp-json\/wp\/v2\/tags?post=537143"}],"curies":[{"name":"wp","href":"https:\/\/api.w.org\/{rel}","templated":true}]}}