{"id":526339,"date":"2025-11-24T01:00:53","date_gmt":"2025-11-24T00:00:53","guid":{"rendered":"https:\/\/www.carmelitaniscalzi.com\/?p=526339"},"modified":"2025-11-06T01:25:30","modified_gmt":"2025-11-06T00:25:30","slug":"thailande-25e-anniversaire-du-monastere-de-nakhon-sawan","status":"publish","type":"post","link":"https:\/\/www.carmelitaniscalzi.com\/fr\/2025\/11\/24\/thailande-25e-anniversaire-du-monastere-de-nakhon-sawan\/","title":{"rendered":"Tha\u00eflande : 25e anniversaire du Monast\u00e8re de Nakhon Sawan"},"content":{"rendered":"<p>Le 27 septembre 2025, les Moniales Carm\u00e9lites ont c\u00e9l\u00e9br\u00e9 le 25<sup>e<\/sup> anniversaire de leur fondation, en pr\u00e9sence d&rsquo;un cardinal, d&rsquo;\u00e9v\u00eaques, de pr\u00eatres, de religieux et d&rsquo;un grand nombre de fid\u00e8les.<\/p>\n<p>Voici un bref historique du monast\u00e8re : en 1999, Mgr Louis Chamnien, \u00e9v\u00eaque de Nakhon Sawan, a demand\u00e9 aux S\u0153urs de s&rsquo;installer \u00e0 Nakhon Sawan et a invit\u00e9 M\u00e8re Angela, sup\u00e9rieure des Carm\u00e9lites de Bangkok, \u00e0 visiter le terrain destin\u00e9 \u00e0 la construction du nouveau monast\u00e8re ; en d\u00e9cembre 2000, les S\u0153urs Carm\u00e9lites ont emm\u00e9nag\u00e9 dans le nouveau monast\u00e8re et en juin 2001, celui-ci a \u00e9t\u00e9 officiellement consacr\u00e9.<\/p>\n<p>Toutes les religieuses vivent selon la spiritualit\u00e9 carm\u00e9litaine, se rendant \u00e0 l&rsquo;ermitage pour prier pour le monde, et en particulier pour le dioc\u00e8se de Nakhon Sawan. Actuellement, les s\u0153urs sont au nombre de 12. Chaque jour, nous voyons et exp\u00e9rimentons l&rsquo;amour de Dieu, qui est toujours \u00e0 nos c\u00f4t\u00e9s, nous prot\u00e9geant et prenant soin de nous, afin que nous ne manquions de rien.<\/p>\n<p>&nbsp;<\/p>\n<div class=\"wpmf-gallerys wpmf-gallerys-life \" ><div id=\"gallery-1\"\n data-gutter-width=\"5\"\n  data-wpmfcolumns=\"5\" class=\"wpmf-gallery gallery-link-file gallery_life gallery-masonry gallery-columns-5 gallery-size-thumbnail wpmf-gallery-bottomspace-default wpmf-gallery-clear wpmf-has-border-radius-0 wpmf-gutterwidth-5\"><div class=\"wpmf-gallery-item\n     wpmf-gallery-item-position-0 wpmf-gallery-item-attachment-526186\" data-index=\"0\"><div class=\"wpmf-gallery-icon\"><a class=\" not_video noLightbox\" data-lightbox=\"1\" data-href=\"https:\/\/www.carmelitaniscalzi.com\/wp-content\/uploads\/2025\/11\/Tailandia-1-1024x555.jpg\" title=\"Tailandia 1\" target=\"_self\" data-index=\"0\"><img decoding=\"async\" class=\"wpmf_img\" alt=\"Tailandia 1\" src=\"https:\/\/www.carmelitaniscalzi.com\/wp-content\/uploads\/2025\/11\/Tailandia-1-150x150.jpg\" data-type=\"wpmfgalleryimg\" data-lazy-src=\"https:\/\/www.carmelitaniscalzi.com\/wp-content\/uploads\/2025\/11\/Tailandia-1-150x150.jpg\"><\/a><\/div><\/div><div class=\"wpmf-gallery-item\n     wpmf-gallery-item-position-1 wpmf-gallery-item-attachment-526192\" data-index=\"1\"><div class=\"wpmf-gallery-icon\"><a class=\" not_video noLightbox\" data-lightbox=\"1\" data-href=\"https:\/\/www.carmelitaniscalzi.com\/wp-content\/uploads\/2025\/11\/Tailandia-2-1024x630.jpg\" title=\"Tailandia 2\" target=\"_self\" data-index=\"1\"><img decoding=\"async\" class=\"wpmf_img\" alt=\"Tailandia 2\" src=\"https:\/\/www.carmelitaniscalzi.com\/wp-content\/uploads\/2025\/11\/Tailandia-2-150x150.jpg\" data-type=\"wpmfgalleryimg\" data-lazy-src=\"https:\/\/www.carmelitaniscalzi.com\/wp-content\/uploads\/2025\/11\/Tailandia-2-150x150.jpg\"><\/a><\/div><\/div><div class=\"wpmf-gallery-item\n     wpmf-gallery-item-position-2 wpmf-gallery-item-attachment-526198\" data-index=\"2\"><div class=\"wpmf-gallery-icon\"><a class=\" not_video noLightbox\" data-lightbox=\"1\" data-href=\"https:\/\/www.carmelitaniscalzi.com\/wp-content\/uploads\/2025\/11\/Tailandia-3-1024x638.jpg\" title=\"Tailandia 3\" target=\"_self\" data-index=\"2\"><img decoding=\"async\" class=\"wpmf_img\" alt=\"Tailandia 3\" src=\"https:\/\/www.carmelitaniscalzi.com\/wp-content\/uploads\/2025\/11\/Tailandia-3-150x150.jpg\" data-type=\"wpmfgalleryimg\" data-lazy-src=\"https:\/\/www.carmelitaniscalzi.com\/wp-content\/uploads\/2025\/11\/Tailandia-3-150x150.jpg\"><\/a><\/div><\/div><div class=\"wpmf-gallery-item\n     wpmf-gallery-item-position-3 wpmf-gallery-item-attachment-526204\" data-index=\"3\"><div class=\"wpmf-gallery-icon\"><a class=\" not_video noLightbox\" data-lightbox=\"1\" data-href=\"https:\/\/www.carmelitaniscalzi.com\/wp-content\/uploads\/2025\/11\/Tailandia-4-1024x594.jpg\" title=\"Tailandia 4\" target=\"_self\" data-index=\"3\"><img decoding=\"async\" class=\"wpmf_img\" alt=\"Tailandia 4\" src=\"https:\/\/www.carmelitaniscalzi.com\/wp-content\/uploads\/2025\/11\/Tailandia-4-150x150.jpg\" data-type=\"wpmfgalleryimg\" data-lazy-src=\"https:\/\/www.carmelitaniscalzi.com\/wp-content\/uploads\/2025\/11\/Tailandia-4-150x150.jpg\"><\/a><\/div><\/div><div class=\"wpmf-gallery-item\n     wpmf-gallery-item-position-4 wpmf-gallery-item-attachment-526210\" data-index=\"4\"><div class=\"wpmf-gallery-icon\"><a class=\" not_video noLightbox\" data-lightbox=\"1\" data-href=\"https:\/\/www.carmelitaniscalzi.com\/wp-content\/uploads\/2025\/11\/Tailandia-5-1024x951.jpg\" title=\"Tailandia 5\" target=\"_self\" data-index=\"4\"><img decoding=\"async\" class=\"wpmf_img\" alt=\"Tailandia 5\" src=\"https:\/\/www.carmelitaniscalzi.com\/wp-content\/uploads\/2025\/11\/Tailandia-5-150x150.jpg\" data-type=\"wpmfgalleryimg\" data-lazy-src=\"https:\/\/www.carmelitaniscalzi.com\/wp-content\/uploads\/2025\/11\/Tailandia-5-150x150.jpg\"><\/a><\/div><\/div><\/div><\/div>\n\n","protected":false},"excerpt":{"rendered":"<p>Le 27 septembre 2025, les Moniales Carm\u00e9lites ont c\u00e9l\u00e9br\u00e9 le 25e anniversaire de leur fondation, en pr\u00e9sence d&rsquo;un cardinal, d&rsquo;\u00e9v\u00eaques, de pr\u00eatres, de religieux et d&rsquo;un grand nombre de fid\u00e8les. Voici un bref historique du monast\u00e8re : en 1999, Mgr Louis Chamnien, \u00e9v\u00eaque de Nakhon Sawan, a demand\u00e9 aux S\u0153urs de s&rsquo;installer \u00e0 Nakhon Sawan [&hellip;]<\/p>\n","protected":false},"author":7,"featured_media":526180,"comment_status":"closed","ping_status":"closed","sticky":false,"template":"","format":"standard","meta":{"_acf_changed":false,"footnotes":""},"categories":[203,370],"tags":[],"class_list":["post-526339","post","type-post","status-publish","format-standard","has-post-thumbnail","hentry","category-nouvelles-moniales","category-nouvelles"],"acf":[],"yoast_head":"<!-- This site is optimized with the Yoast SEO plugin v26.3 - https:\/\/yoast.com\/wordpress\/plugins\/seo\/ -->\n<title>Tha\u00eflande : 25e anniversaire du Monast\u00e8re de Nakhon Sawan - CARMES D\u00c9CHAUX<\/title>\n<meta name=\"robots\" content=\"index, follow, max-snippet:-1, max-image-preview:large, max-video-preview:-1\" \/>\n<link rel=\"canonical\" href=\"https:\/\/www.carmelitaniscalzi.com\/2025\/11\/24\/thailandia-25-anniversario-del-monastero-di-nakhon-sawan\/\" \/>\n<meta property=\"og:locale\" content=\"fr_FR\" \/>\n<meta property=\"og:type\" content=\"article\" \/>\n<meta property=\"og:title\" content=\"Tha\u00eflande : 25e anniversaire du Monast\u00e8re de Nakhon Sawan - CARMES D\u00c9CHAUX\" \/>\n<meta property=\"og:description\" content=\"Le 27 septembre 2025, les Moniales Carm\u00e9lites ont c\u00e9l\u00e9br\u00e9 le 25e anniversaire de leur fondation, en pr\u00e9sence d&rsquo;un cardinal, d&rsquo;\u00e9v\u00eaques, de pr\u00eatres, de religieux et d&rsquo;un grand nombre de fid\u00e8les. Voici un bref historique du monast\u00e8re : en 1999, Mgr Louis Chamnien, \u00e9v\u00eaque de Nakhon Sawan, a demand\u00e9 aux S\u0153urs de s&rsquo;installer \u00e0 Nakhon Sawan [&hellip;]\" \/>\n<meta property=\"og:url\" content=\"https:\/\/www.carmelitaniscalzi.com\/2025\/11\/24\/thailandia-25-anniversario-del-monastero-di-nakhon-sawan\/\" \/>\n<meta property=\"og:site_name\" content=\"CARMES D\u00c9CHAUX\" \/>\n<meta property=\"article:publisher\" content=\"https:\/\/www.facebook.com\/Curia-Generalizia-Carmelitani-Scalzi-658766940887784\/\" \/>\n<meta property=\"article:published_time\" content=\"2025-11-24T00:00:53+00:00\" \/>\n<meta property=\"og:image\" content=\"https:\/\/www.carmelitaniscalzi.com\/wp-content\/uploads\/2025\/11\/cover_tailandia_10.2025.jpg\" \/>\n\t<meta property=\"og:image:width\" content=\"1200\" \/>\n\t<meta property=\"og:image:height\" content=\"800\" \/>\n\t<meta property=\"og:image:type\" content=\"image\/jpeg\" \/>\n<meta name=\"author\" content=\"ocd web master\" \/>\n<meta name=\"twitter:card\" content=\"summary_large_image\" \/>\n<meta name=\"twitter:creator\" content=\"@ocdcuria\" \/>\n<meta name=\"twitter:site\" content=\"@ocdcuria\" \/>\n<meta name=\"twitter:label1\" content=\"\u00c9crit par\" \/>\n\t<meta name=\"twitter:data1\" content=\"ocd web master\" \/>\n\t<meta name=\"twitter:label2\" content=\"Dur\u00e9e de lecture estim\u00e9e\" \/>\n\t<meta name=\"twitter:data2\" content=\"1 minute\" \/>\n<script type=\"application\/ld+json\" class=\"yoast-schema-graph\">{\"@context\":\"https:\/\/schema.org\",\"@graph\":[{\"@type\":\"Article\",\"@id\":\"https:\/\/www.carmelitaniscalzi.com\/2025\/11\/24\/thailandia-25-anniversario-del-monastero-di-nakhon-sawan\/#article\",\"isPartOf\":{\"@id\":\"https:\/\/www.carmelitaniscalzi.com\/2025\/11\/24\/thailandia-25-anniversario-del-monastero-di-nakhon-sawan\/\"},\"author\":{\"name\":\"ocd web master\",\"@id\":\"https:\/\/www.carmelitaniscalzi.com\/#\/schema\/person\/6d1c0d9bea7b6625c437246a5d6da409\"},\"headline\":\"Tha\u00eflande : 25e anniversaire du Monast\u00e8re de Nakhon Sawan\",\"datePublished\":\"2025-11-24T00:00:53+00:00\",\"mainEntityOfPage\":{\"@id\":\"https:\/\/www.carmelitaniscalzi.com\/2025\/11\/24\/thailandia-25-anniversario-del-monastero-di-nakhon-sawan\/\"},\"wordCount\":201,\"publisher\":{\"@id\":\"https:\/\/www.carmelitaniscalzi.com\/#organization\"},\"image\":{\"@id\":\"https:\/\/www.carmelitaniscalzi.com\/2025\/11\/24\/thailandia-25-anniversario-del-monastero-di-nakhon-sawan\/#primaryimage\"},\"thumbnailUrl\":\"https:\/\/www.carmelitaniscalzi.com\/wp-content\/uploads\/2025\/11\/cover_tailandia_10.2025.jpg\",\"articleSection\":[\"Nouvelles Moniales\",\"Nouvelles\"],\"inLanguage\":\"fr-FR\"},{\"@type\":\"WebPage\",\"@id\":\"https:\/\/www.carmelitaniscalzi.com\/2025\/11\/24\/thailandia-25-anniversario-del-monastero-di-nakhon-sawan\/\",\"url\":\"https:\/\/www.carmelitaniscalzi.com\/2025\/11\/24\/thailandia-25-anniversario-del-monastero-di-nakhon-sawan\/\",\"name\":\"Tha\u00eflande : 25e anniversaire du Monast\u00e8re de Nakhon Sawan - CARMES D\u00c9CHAUX\",\"isPartOf\":{\"@id\":\"https:\/\/www.carmelitaniscalzi.com\/#website\"},\"primaryImageOfPage\":{\"@id\":\"https:\/\/www.carmelitaniscalzi.com\/2025\/11\/24\/thailandia-25-anniversario-del-monastero-di-nakhon-sawan\/#primaryimage\"},\"image\":{\"@id\":\"https:\/\/www.carmelitaniscalzi.com\/2025\/11\/24\/thailandia-25-anniversario-del-monastero-di-nakhon-sawan\/#primaryimage\"},\"thumbnailUrl\":\"https:\/\/www.carmelitaniscalzi.com\/wp-content\/uploads\/2025\/11\/cover_tailandia_10.2025.jpg\",\"datePublished\":\"2025-11-24T00:00:53+00:00\",\"breadcrumb\":{\"@id\":\"https:\/\/www.carmelitaniscalzi.com\/2025\/11\/24\/thailandia-25-anniversario-del-monastero-di-nakhon-sawan\/#breadcrumb\"},\"inLanguage\":\"fr-FR\",\"potentialAction\":[{\"@type\":\"ReadAction\",\"target\":[\"https:\/\/www.carmelitaniscalzi.com\/2025\/11\/24\/thailandia-25-anniversario-del-monastero-di-nakhon-sawan\/\"]}]},{\"@type\":\"ImageObject\",\"inLanguage\":\"fr-FR\",\"@id\":\"https:\/\/www.carmelitaniscalzi.com\/2025\/11\/24\/thailandia-25-anniversario-del-monastero-di-nakhon-sawan\/#primaryimage\",\"url\":\"https:\/\/www.carmelitaniscalzi.com\/wp-content\/uploads\/2025\/11\/cover_tailandia_10.2025.jpg\",\"contentUrl\":\"https:\/\/www.carmelitaniscalzi.com\/wp-content\/uploads\/2025\/11\/cover_tailandia_10.2025.jpg\",\"width\":1200,\"height\":800},{\"@type\":\"BreadcrumbList\",\"@id\":\"https:\/\/www.carmelitaniscalzi.com\/2025\/11\/24\/thailandia-25-anniversario-del-monastero-di-nakhon-sawan\/#breadcrumb\",\"itemListElement\":[{\"@type\":\"ListItem\",\"position\":1,\"name\":\"Home\",\"item\":\"https:\/\/www.carmelitaniscalzi.com\/fr\/\"},{\"@type\":\"ListItem\",\"position\":2,\"name\":\"Tha\u00eflande : 25e anniversaire du Monast\u00e8re de Nakhon Sawan\"}]},{\"@type\":\"WebSite\",\"@id\":\"https:\/\/www.carmelitaniscalzi.com\/#website\",\"url\":\"https:\/\/www.carmelitaniscalzi.com\/\",\"name\":\"CARMELITANI SCALZI - Curia Generale del Carmelo Teresiano\",\"description\":\"Curie G\u00e9n\u00e9ralice du Carmel D\u00e9chauss\u00e9\",\"publisher\":{\"@id\":\"https:\/\/www.carmelitaniscalzi.com\/#organization\"},\"alternateName\":\"CARMELITANI SCALZI\",\"potentialAction\":[{\"@type\":\"SearchAction\",\"target\":{\"@type\":\"EntryPoint\",\"urlTemplate\":\"https:\/\/www.carmelitaniscalzi.com\/?s={search_term_string}\"},\"query-input\":{\"@type\":\"PropertyValueSpecification\",\"valueRequired\":true,\"valueName\":\"search_term_string\"}}],\"inLanguage\":\"fr-FR\"},{\"@type\":\"Organization\",\"@id\":\"https:\/\/www.carmelitaniscalzi.com\/#organization\",\"name\":\"CARMELITANI SCALZI - Curia Generale del Carmelo Teresiano\",\"url\":\"https:\/\/www.carmelitaniscalzi.com\/\",\"logo\":{\"@type\":\"ImageObject\",\"inLanguage\":\"fr-FR\",\"@id\":\"https:\/\/www.carmelitaniscalzi.com\/#\/schema\/logo\/image\/\",\"url\":\"https:\/\/www.carmelitaniscalzi.com\/wp-content\/uploads\/2025\/11\/login-logo.png\",\"contentUrl\":\"https:\/\/www.carmelitaniscalzi.com\/wp-content\/uploads\/2025\/11\/login-logo.png\",\"width\":256,\"height\":256,\"caption\":\"CARMELITANI SCALZI - Curia Generale del Carmelo Teresiano\"},\"image\":{\"@id\":\"https:\/\/www.carmelitaniscalzi.com\/#\/schema\/logo\/image\/\"},\"sameAs\":[\"https:\/\/www.facebook.com\/Curia-Generalizia-Carmelitani-Scalzi-658766940887784\/\",\"https:\/\/x.com\/ocdcuria\",\"https:\/\/www.youtube.com\/channel\/UC2J5ZL0ycOY0qBSTCLX_NGQ\/videos\",\"https:\/\/www.instagram.com\/ocdinform\/\"]},{\"@type\":\"Person\",\"@id\":\"https:\/\/www.carmelitaniscalzi.com\/#\/schema\/person\/6d1c0d9bea7b6625c437246a5d6da409\",\"name\":\"ocd web master\",\"image\":{\"@type\":\"ImageObject\",\"inLanguage\":\"fr-FR\",\"@id\":\"https:\/\/www.carmelitaniscalzi.com\/#\/schema\/person\/image\/\",\"url\":\"https:\/\/secure.gravatar.com\/avatar\/41fbc5f82bad909fbaf2984c43fa50d8519ac5853e25b454d022b6868f80d0e7?s=96&d=mm&r=g\",\"contentUrl\":\"https:\/\/secure.gravatar.com\/avatar\/41fbc5f82bad909fbaf2984c43fa50d8519ac5853e25b454d022b6868f80d0e7?s=96&d=mm&r=g\",\"caption\":\"ocd web master\"},\"url\":\"https:\/\/www.carmelitaniscalzi.com\/fr\/author\/ocdwebmaster\/\"}]}<\/script>\n<!-- \/ Yoast SEO plugin. -->","yoast_head_json":{"title":"Tha\u00eflande : 25e anniversaire du Monast\u00e8re de Nakhon Sawan - CARMES D\u00c9CHAUX","robots":{"index":"index","follow":"follow","max-snippet":"max-snippet:-1","max-image-preview":"max-image-preview:large","max-video-preview":"max-video-preview:-1"},"canonical":"https:\/\/www.carmelitaniscalzi.com\/2025\/11\/24\/thailandia-25-anniversario-del-monastero-di-nakhon-sawan\/","og_locale":"fr_FR","og_type":"article","og_title":"Tha\u00eflande : 25e anniversaire du Monast\u00e8re de Nakhon Sawan - CARMES D\u00c9CHAUX","og_description":"Le 27 septembre 2025, les Moniales Carm\u00e9lites ont c\u00e9l\u00e9br\u00e9 le 25e anniversaire de leur fondation, en pr\u00e9sence d&rsquo;un cardinal, d&rsquo;\u00e9v\u00eaques, de pr\u00eatres, de religieux et d&rsquo;un grand nombre de fid\u00e8les. Voici un bref historique du monast\u00e8re : en 1999, Mgr Louis Chamnien, \u00e9v\u00eaque de Nakhon Sawan, a demand\u00e9 aux S\u0153urs de s&rsquo;installer \u00e0 Nakhon Sawan [&hellip;]","og_url":"https:\/\/www.carmelitaniscalzi.com\/2025\/11\/24\/thailandia-25-anniversario-del-monastero-di-nakhon-sawan\/","og_site_name":"CARMES D\u00c9CHAUX","article_publisher":"https:\/\/www.facebook.com\/Curia-Generalizia-Carmelitani-Scalzi-658766940887784\/","article_published_time":"2025-11-24T00:00:53+00:00","og_image":[{"width":1200,"height":800,"url":"https:\/\/www.carmelitaniscalzi.com\/wp-content\/uploads\/2025\/11\/cover_tailandia_10.2025.jpg","type":"image\/jpeg"}],"author":"ocd web master","twitter_card":"summary_large_image","twitter_creator":"@ocdcuria","twitter_site":"@ocdcuria","twitter_misc":{"\u00c9crit par":"ocd web master","Dur\u00e9e de lecture estim\u00e9e":"1 minute"},"schema":{"@context":"https:\/\/schema.org","@graph":[{"@type":"Article","@id":"https:\/\/www.carmelitaniscalzi.com\/2025\/11\/24\/thailandia-25-anniversario-del-monastero-di-nakhon-sawan\/#article","isPartOf":{"@id":"https:\/\/www.carmelitaniscalzi.com\/2025\/11\/24\/thailandia-25-anniversario-del-monastero-di-nakhon-sawan\/"},"author":{"name":"ocd web master","@id":"https:\/\/www.carmelitaniscalzi.com\/#\/schema\/person\/6d1c0d9bea7b6625c437246a5d6da409"},"headline":"Tha\u00eflande : 25e anniversaire du Monast\u00e8re de Nakhon Sawan","datePublished":"2025-11-24T00:00:53+00:00","mainEntityOfPage":{"@id":"https:\/\/www.carmelitaniscalzi.com\/2025\/11\/24\/thailandia-25-anniversario-del-monastero-di-nakhon-sawan\/"},"wordCount":201,"publisher":{"@id":"https:\/\/www.carmelitaniscalzi.com\/#organization"},"image":{"@id":"https:\/\/www.carmelitaniscalzi.com\/2025\/11\/24\/thailandia-25-anniversario-del-monastero-di-nakhon-sawan\/#primaryimage"},"thumbnailUrl":"https:\/\/www.carmelitaniscalzi.com\/wp-content\/uploads\/2025\/11\/cover_tailandia_10.2025.jpg","articleSection":["Nouvelles Moniales","Nouvelles"],"inLanguage":"fr-FR"},{"@type":"WebPage","@id":"https:\/\/www.carmelitaniscalzi.com\/2025\/11\/24\/thailandia-25-anniversario-del-monastero-di-nakhon-sawan\/","url":"https:\/\/www.carmelitaniscalzi.com\/2025\/11\/24\/thailandia-25-anniversario-del-monastero-di-nakhon-sawan\/","name":"Tha\u00eflande : 25e anniversaire du Monast\u00e8re de Nakhon Sawan - CARMES D\u00c9CHAUX","isPartOf":{"@id":"https:\/\/www.carmelitaniscalzi.com\/#website"},"primaryImageOfPage":{"@id":"https:\/\/www.carmelitaniscalzi.com\/2025\/11\/24\/thailandia-25-anniversario-del-monastero-di-nakhon-sawan\/#primaryimage"},"image":{"@id":"https:\/\/www.carmelitaniscalzi.com\/2025\/11\/24\/thailandia-25-anniversario-del-monastero-di-nakhon-sawan\/#primaryimage"},"thumbnailUrl":"https:\/\/www.carmelitaniscalzi.com\/wp-content\/uploads\/2025\/11\/cover_tailandia_10.2025.jpg","datePublished":"2025-11-24T00:00:53+00:00","breadcrumb":{"@id":"https:\/\/www.carmelitaniscalzi.com\/2025\/11\/24\/thailandia-25-anniversario-del-monastero-di-nakhon-sawan\/#breadcrumb"},"inLanguage":"fr-FR","potentialAction":[{"@type":"ReadAction","target":["https:\/\/www.carmelitaniscalzi.com\/2025\/11\/24\/thailandia-25-anniversario-del-monastero-di-nakhon-sawan\/"]}]},{"@type":"ImageObject","inLanguage":"fr-FR","@id":"https:\/\/www.carmelitaniscalzi.com\/2025\/11\/24\/thailandia-25-anniversario-del-monastero-di-nakhon-sawan\/#primaryimage","url":"https:\/\/www.carmelitaniscalzi.com\/wp-content\/uploads\/2025\/11\/cover_tailandia_10.2025.jpg","contentUrl":"https:\/\/www.carmelitaniscalzi.com\/wp-content\/uploads\/2025\/11\/cover_tailandia_10.2025.jpg","width":1200,"height":800},{"@type":"BreadcrumbList","@id":"https:\/\/www.carmelitaniscalzi.com\/2025\/11\/24\/thailandia-25-anniversario-del-monastero-di-nakhon-sawan\/#breadcrumb","itemListElement":[{"@type":"ListItem","position":1,"name":"Home","item":"https:\/\/www.carmelitaniscalzi.com\/fr\/"},{"@type":"ListItem","position":2,"name":"Tha\u00eflande : 25e anniversaire du Monast\u00e8re de Nakhon Sawan"}]},{"@type":"WebSite","@id":"https:\/\/www.carmelitaniscalzi.com\/#website","url":"https:\/\/www.carmelitaniscalzi.com\/","name":"CARMELITANI SCALZI - Curia Generale del Carmelo Teresiano","description":"Curie G\u00e9n\u00e9ralice du Carmel D\u00e9chauss\u00e9","publisher":{"@id":"https:\/\/www.carmelitaniscalzi.com\/#organization"},"alternateName":"CARMELITANI SCALZI","potentialAction":[{"@type":"SearchAction","target":{"@type":"EntryPoint","urlTemplate":"https:\/\/www.carmelitaniscalzi.com\/?s={search_term_string}"},"query-input":{"@type":"PropertyValueSpecification","valueRequired":true,"valueName":"search_term_string"}}],"inLanguage":"fr-FR"},{"@type":"Organization","@id":"https:\/\/www.carmelitaniscalzi.com\/#organization","name":"CARMELITANI SCALZI - Curia Generale del Carmelo Teresiano","url":"https:\/\/www.carmelitaniscalzi.com\/","logo":{"@type":"ImageObject","inLanguage":"fr-FR","@id":"https:\/\/www.carmelitaniscalzi.com\/#\/schema\/logo\/image\/","url":"https:\/\/www.carmelitaniscalzi.com\/wp-content\/uploads\/2025\/11\/login-logo.png","contentUrl":"https:\/\/www.carmelitaniscalzi.com\/wp-content\/uploads\/2025\/11\/login-logo.png","width":256,"height":256,"caption":"CARMELITANI SCALZI - Curia Generale del Carmelo Teresiano"},"image":{"@id":"https:\/\/www.carmelitaniscalzi.com\/#\/schema\/logo\/image\/"},"sameAs":["https:\/\/www.facebook.com\/Curia-Generalizia-Carmelitani-Scalzi-658766940887784\/","https:\/\/x.com\/ocdcuria","https:\/\/www.youtube.com\/channel\/UC2J5ZL0ycOY0qBSTCLX_NGQ\/videos","https:\/\/www.instagram.com\/ocdinform\/"]},{"@type":"Person","@id":"https:\/\/www.carmelitaniscalzi.com\/#\/schema\/person\/6d1c0d9bea7b6625c437246a5d6da409","name":"ocd web master","image":{"@type":"ImageObject","inLanguage":"fr-FR","@id":"https:\/\/www.carmelitaniscalzi.com\/#\/schema\/person\/image\/","url":"https:\/\/secure.gravatar.com\/avatar\/41fbc5f82bad909fbaf2984c43fa50d8519ac5853e25b454d022b6868f80d0e7?s=96&d=mm&r=g","contentUrl":"https:\/\/secure.gravatar.com\/avatar\/41fbc5f82bad909fbaf2984c43fa50d8519ac5853e25b454d022b6868f80d0e7?s=96&d=mm&r=g","caption":"ocd web master"},"url":"https:\/\/www.carmelitaniscalzi.com\/fr\/author\/ocdwebmaster\/"}]}},"_links":{"self":[{"href":"https:\/\/www.carmelitaniscalzi.com\/fr\/wp-json\/wp\/v2\/posts\/526339","targetHints":{"allow":["GET"]}}],"collection":[{"href":"https:\/\/www.carmelitaniscalzi.com\/fr\/wp-json\/wp\/v2\/posts"}],"about":[{"href":"https:\/\/www.carmelitaniscalzi.com\/fr\/wp-json\/wp\/v2\/types\/post"}],"author":[{"embeddable":true,"href":"https:\/\/www.carmelitaniscalzi.com\/fr\/wp-json\/wp\/v2\/users\/7"}],"replies":[{"embeddable":true,"href":"https:\/\/www.carmelitaniscalzi.com\/fr\/wp-json\/wp\/v2\/comments?post=526339"}],"version-history":[{"count":1,"href":"https:\/\/www.carmelitaniscalzi.com\/fr\/wp-json\/wp\/v2\/posts\/526339\/revisions"}],"predecessor-version":[{"id":526340,"href":"https:\/\/www.carmelitaniscalzi.com\/fr\/wp-json\/wp\/v2\/posts\/526339\/revisions\/526340"}],"wp:featuredmedia":[{"embeddable":true,"href":"https:\/\/www.carmelitaniscalzi.com\/fr\/wp-json\/wp\/v2\/media\/526180"}],"wp:attachment":[{"href":"https:\/\/www.carmelitaniscalzi.com\/fr\/wp-json\/wp\/v2\/media?parent=526339"}],"wp:term":[{"taxonomy":"category","embeddable":true,"href":"https:\/\/www.carmelitaniscalzi.com\/fr\/wp-json\/wp\/v2\/categories?post=526339"},{"taxonomy":"post_tag","embeddable":true,"href":"https:\/\/www.carmelitaniscalzi.com\/fr\/wp-json\/wp\/v2\/tags?post=526339"}],"curies":[{"name":"wp","href":"https:\/\/api.w.org\/{rel}","templated":true}]}}