{"id":526298,"date":"2025-11-12T00:00:39","date_gmt":"2025-11-11T23:00:39","guid":{"rendered":"https:\/\/www.carmelitaniscalzi.com\/?p=526298"},"modified":"2025-11-06T00:18:03","modified_gmt":"2025-11-05T23:18:03","slug":"inde-celebration-du-centenaire-de-sainte-therese-de-lenfant-jesus-au-monastere-du-sacre-coeur","status":"publish","type":"post","link":"https:\/\/www.carmelitaniscalzi.com\/fr\/2025\/11\/12\/inde-celebration-du-centenaire-de-sainte-therese-de-lenfant-jesus-au-monastere-du-sacre-coeur\/","title":{"rendered":"Inde : C\u00e9l\u00e9bration du centenaire de Sainte Th\u00e9r\u00e8se de l&rsquo;Enfant J\u00e9sus au Monast\u00e8re du Sacr\u00e9-C\u0153ur"},"content":{"rendered":"<p>Les Carm\u00e9lites du Monast\u00e8re du Sacr\u00e9-C\u0153ur de Kankanady ont c\u00e9l\u00e9br\u00e9 avec joie le centenaire de Sainte Th\u00e9r\u00e8se de l&rsquo;Enfant-J\u00e9sus du 28 septembre au 1er octobre 2025. \u00c0 cette occasion, une exposition sp\u00e9ciale sur la vie de Sainte Th\u00e9r\u00e8se de Lisieux a \u00e9t\u00e9 organis\u00e9e, invitant les nombreux fid\u00e8les \u00e0 r\u00e9fl\u00e9chir sur sa spiritualit\u00e9 toute simple mais profonde.<\/p>\n<p>La messe solennelle a \u00e9t\u00e9 pr\u00e9sid\u00e9e par le P. Pius James D&rsquo;Souza OCD, D\u00e9finiteur G\u00e9n\u00e9ral. Dans son hom\u00e9lie, il a soulign\u00e9 la vie et les vertus exemplaires de sainte Th\u00e9r\u00e8se, encourageant les fid\u00e8les \u00e0 embrasser sa \u00ab Petite Voie \u00bb d&rsquo;amour et de don de soi dans leur vie quotidienne. La c\u00e9l\u00e9bration eucharistique a \u00e9t\u00e9 conc\u00e9l\u00e9br\u00e9e par le P\u00e8re Philbert Namphande, D\u00e9finiteur G\u00e9n\u00e9ral, et par de nombreux P\u00e8res Carmes, ce qui a ajout\u00e9 \u00e0 la solennit\u00e9 de la c\u00e9r\u00e9monie. La participation des fid\u00e8les, unis dans la pri\u00e8re et l&rsquo;action de gr\u00e2ce, a permis \u00e0 cette f\u00eate de donner lieu \u00e0 un v\u00e9ritable renouveau de foi.<\/p>\n<p>Avec profonde gratitude, les Moniales Carm\u00e9lites ont remerci\u00e9 tous ceux qui se sont joints \u00e0 elles dans la pri\u00e8re et la d\u00e9votion, et qui ont fait de la c\u00e9l\u00e9bration du centenaire de Sainte Th\u00e9r\u00e8se de l&rsquo;Enfant J\u00e9sus un moment inoubliable et riche en gr\u00e2ce.<\/p>\n<p>&nbsp;<\/p>\n<div class=\"wpmf-gallerys wpmf-gallerys-life \" ><div id=\"gallery-1\"\n data-gutter-width=\"5\"\n  data-wpmfcolumns=\"5\" class=\"wpmf-gallery gallery-link-file gallery_life gallery-masonry gallery-columns-5 gallery-size-thumbnail wpmf-gallery-bottomspace-default wpmf-gallery-clear wpmf-has-border-radius-0 wpmf-gutterwidth-5\"><div class=\"wpmf-gallery-item\n     wpmf-gallery-item-position-0 wpmf-gallery-item-attachment-526084\" data-index=\"0\"><div class=\"wpmf-gallery-icon\"><a class=\" not_video noLightbox\" data-lightbox=\"1\" data-href=\"https:\/\/www.carmelitaniscalzi.com\/wp-content\/uploads\/2025\/11\/India-1.jpg\" title=\"India 1\" target=\"_self\" data-index=\"0\"><img decoding=\"async\" class=\"wpmf_img\" alt=\"India 1\" src=\"https:\/\/www.carmelitaniscalzi.com\/wp-content\/uploads\/2025\/11\/India-1-150x150.jpg\" data-type=\"wpmfgalleryimg\" data-lazy-src=\"https:\/\/www.carmelitaniscalzi.com\/wp-content\/uploads\/2025\/11\/India-1-150x150.jpg\"><\/a><\/div><\/div><div class=\"wpmf-gallery-item\n     wpmf-gallery-item-position-1 wpmf-gallery-item-attachment-526090\" data-index=\"1\"><div class=\"wpmf-gallery-icon\"><a class=\" not_video noLightbox\" data-lightbox=\"1\" data-href=\"https:\/\/www.carmelitaniscalzi.com\/wp-content\/uploads\/2025\/11\/India-2.jpg\" title=\"India 2\" target=\"_self\" data-index=\"1\"><img decoding=\"async\" class=\"wpmf_img\" alt=\"India 2\" src=\"https:\/\/www.carmelitaniscalzi.com\/wp-content\/uploads\/2025\/11\/India-2-150x150.jpg\" data-type=\"wpmfgalleryimg\" data-lazy-src=\"https:\/\/www.carmelitaniscalzi.com\/wp-content\/uploads\/2025\/11\/India-2-150x150.jpg\"><\/a><\/div><\/div><div class=\"wpmf-gallery-item\n     wpmf-gallery-item-position-2 wpmf-gallery-item-attachment-526096\" data-index=\"2\"><div class=\"wpmf-gallery-icon\"><a class=\" not_video noLightbox\" data-lightbox=\"1\" data-href=\"https:\/\/www.carmelitaniscalzi.com\/wp-content\/uploads\/2025\/11\/India-3.jpg\" title=\"India 3\" target=\"_self\" data-index=\"2\"><img decoding=\"async\" class=\"wpmf_img\" alt=\"India 3\" src=\"https:\/\/www.carmelitaniscalzi.com\/wp-content\/uploads\/2025\/11\/India-3-150x150.jpg\" data-type=\"wpmfgalleryimg\" data-lazy-src=\"https:\/\/www.carmelitaniscalzi.com\/wp-content\/uploads\/2025\/11\/India-3-150x150.jpg\"><\/a><\/div><\/div><div class=\"wpmf-gallery-item\n     wpmf-gallery-item-position-3 wpmf-gallery-item-attachment-526102\" data-index=\"3\"><div class=\"wpmf-gallery-icon\"><a class=\" not_video noLightbox\" data-lightbox=\"1\" data-href=\"https:\/\/www.carmelitaniscalzi.com\/wp-content\/uploads\/2025\/11\/India-4.jpg\" title=\"India 4\" target=\"_self\" data-index=\"3\"><img decoding=\"async\" class=\"wpmf_img\" alt=\"India 4\" src=\"https:\/\/www.carmelitaniscalzi.com\/wp-content\/uploads\/2025\/11\/India-4-150x150.jpg\" data-type=\"wpmfgalleryimg\" data-lazy-src=\"https:\/\/www.carmelitaniscalzi.com\/wp-content\/uploads\/2025\/11\/India-4-150x150.jpg\"><\/a><\/div><\/div><div class=\"wpmf-gallery-item\n     wpmf-gallery-item-position-4 wpmf-gallery-item-attachment-526108\" data-index=\"4\"><div class=\"wpmf-gallery-icon\"><a class=\" not_video noLightbox\" data-lightbox=\"1\" data-href=\"https:\/\/www.carmelitaniscalzi.com\/wp-content\/uploads\/2025\/11\/India-5.jpg\" title=\"India 5\" target=\"_self\" data-index=\"4\"><img decoding=\"async\" class=\"wpmf_img\" alt=\"India 5\" src=\"https:\/\/www.carmelitaniscalzi.com\/wp-content\/uploads\/2025\/11\/India-5-150x150.jpg\" data-type=\"wpmfgalleryimg\" data-lazy-src=\"https:\/\/www.carmelitaniscalzi.com\/wp-content\/uploads\/2025\/11\/India-5-150x150.jpg\"><\/a><\/div><\/div><\/div><\/div>\n\n","protected":false},"excerpt":{"rendered":"<p>Les Carm\u00e9lites du Monast\u00e8re du Sacr\u00e9-C\u0153ur de Kankanady ont c\u00e9l\u00e9br\u00e9 avec joie le centenaire de Sainte Th\u00e9r\u00e8se de l&rsquo;Enfant-J\u00e9sus du 28 septembre au 1er octobre 2025. \u00c0 cette occasion, une exposition sp\u00e9ciale sur la vie de Sainte Th\u00e9r\u00e8se de Lisieux a \u00e9t\u00e9 organis\u00e9e, invitant les nombreux fid\u00e8les \u00e0 r\u00e9fl\u00e9chir sur sa spiritualit\u00e9 toute simple mais [&hellip;]<\/p>\n","protected":false},"author":7,"featured_media":526078,"comment_status":"closed","ping_status":"closed","sticky":false,"template":"","format":"standard","meta":{"_acf_changed":false,"footnotes":""},"categories":[198,203,370],"tags":[],"class_list":["post-526298","post","type-post","status-publish","format-standard","has-post-thumbnail","hentry","category-nouvelles-definiteurs","category-nouvelles-moniales","category-nouvelles"],"acf":[],"yoast_head":"<!-- This site is optimized with the Yoast SEO plugin v26.3 - https:\/\/yoast.com\/wordpress\/plugins\/seo\/ -->\n<title>Inde : C\u00e9l\u00e9bration du centenaire de Sainte Th\u00e9r\u00e8se de l&#039;Enfant J\u00e9sus au Monast\u00e8re du Sacr\u00e9-C\u0153ur - CARMES D\u00c9CHAUX<\/title>\n<meta name=\"robots\" content=\"index, follow, max-snippet:-1, max-image-preview:large, max-video-preview:-1\" \/>\n<link rel=\"canonical\" href=\"https:\/\/www.carmelitaniscalzi.com\/2025\/11\/12\/india-celebrazione-del-centenario-di-santa-teresa-del-bambino-gesu-presso-il-monastero-del-sacro-cuore\/\" \/>\n<meta property=\"og:locale\" content=\"fr_FR\" \/>\n<meta property=\"og:type\" content=\"article\" \/>\n<meta property=\"og:title\" content=\"Inde : C\u00e9l\u00e9bration du centenaire de Sainte Th\u00e9r\u00e8se de l&#039;Enfant J\u00e9sus au Monast\u00e8re du Sacr\u00e9-C\u0153ur - CARMES D\u00c9CHAUX\" \/>\n<meta property=\"og:description\" content=\"Les Carm\u00e9lites du Monast\u00e8re du Sacr\u00e9-C\u0153ur de Kankanady ont c\u00e9l\u00e9br\u00e9 avec joie le centenaire de Sainte Th\u00e9r\u00e8se de l&rsquo;Enfant-J\u00e9sus du 28 septembre au 1er octobre 2025. \u00c0 cette occasion, une exposition sp\u00e9ciale sur la vie de Sainte Th\u00e9r\u00e8se de Lisieux a \u00e9t\u00e9 organis\u00e9e, invitant les nombreux fid\u00e8les \u00e0 r\u00e9fl\u00e9chir sur sa spiritualit\u00e9 toute simple mais [&hellip;]\" \/>\n<meta property=\"og:url\" content=\"https:\/\/www.carmelitaniscalzi.com\/2025\/11\/12\/india-celebrazione-del-centenario-di-santa-teresa-del-bambino-gesu-presso-il-monastero-del-sacro-cuore\/\" \/>\n<meta property=\"og:site_name\" content=\"CARMES D\u00c9CHAUX\" \/>\n<meta property=\"article:publisher\" content=\"https:\/\/www.facebook.com\/Curia-Generalizia-Carmelitani-Scalzi-658766940887784\/\" \/>\n<meta property=\"article:published_time\" content=\"2025-11-11T23:00:39+00:00\" \/>\n<meta property=\"og:image\" content=\"https:\/\/www.carmelitaniscalzi.com\/wp-content\/uploads\/2025\/11\/cover_india_10.2025.jpg\" \/>\n\t<meta property=\"og:image:width\" content=\"1200\" \/>\n\t<meta property=\"og:image:height\" content=\"800\" \/>\n\t<meta property=\"og:image:type\" content=\"image\/jpeg\" \/>\n<meta name=\"author\" content=\"ocd web master\" \/>\n<meta name=\"twitter:card\" content=\"summary_large_image\" \/>\n<meta name=\"twitter:creator\" content=\"@ocdcuria\" \/>\n<meta name=\"twitter:site\" content=\"@ocdcuria\" \/>\n<meta name=\"twitter:label1\" content=\"\u00c9crit par\" \/>\n\t<meta name=\"twitter:data1\" content=\"ocd web master\" \/>\n\t<meta name=\"twitter:label2\" content=\"Dur\u00e9e de lecture estim\u00e9e\" \/>\n\t<meta name=\"twitter:data2\" content=\"2 minutes\" \/>\n<script type=\"application\/ld+json\" class=\"yoast-schema-graph\">{\"@context\":\"https:\/\/schema.org\",\"@graph\":[{\"@type\":\"Article\",\"@id\":\"https:\/\/www.carmelitaniscalzi.com\/2025\/11\/12\/india-celebrazione-del-centenario-di-santa-teresa-del-bambino-gesu-presso-il-monastero-del-sacro-cuore\/#article\",\"isPartOf\":{\"@id\":\"https:\/\/www.carmelitaniscalzi.com\/2025\/11\/12\/india-celebrazione-del-centenario-di-santa-teresa-del-bambino-gesu-presso-il-monastero-del-sacro-cuore\/\"},\"author\":{\"name\":\"ocd web master\",\"@id\":\"https:\/\/www.carmelitaniscalzi.com\/#\/schema\/person\/6d1c0d9bea7b6625c437246a5d6da409\"},\"headline\":\"Inde : C\u00e9l\u00e9bration du centenaire de Sainte Th\u00e9r\u00e8se de l&rsquo;Enfant J\u00e9sus au Monast\u00e8re du Sacr\u00e9-C\u0153ur\",\"datePublished\":\"2025-11-11T23:00:39+00:00\",\"mainEntityOfPage\":{\"@id\":\"https:\/\/www.carmelitaniscalzi.com\/2025\/11\/12\/india-celebrazione-del-centenario-di-santa-teresa-del-bambino-gesu-presso-il-monastero-del-sacro-cuore\/\"},\"wordCount\":284,\"publisher\":{\"@id\":\"https:\/\/www.carmelitaniscalzi.com\/#organization\"},\"image\":{\"@id\":\"https:\/\/www.carmelitaniscalzi.com\/2025\/11\/12\/india-celebrazione-del-centenario-di-santa-teresa-del-bambino-gesu-presso-il-monastero-del-sacro-cuore\/#primaryimage\"},\"thumbnailUrl\":\"https:\/\/www.carmelitaniscalzi.com\/wp-content\/uploads\/2025\/11\/cover_india_10.2025.jpg\",\"articleSection\":[\"Nouvelles D\u00e9finiteurs\",\"Nouvelles Moniales\",\"Nouvelles\"],\"inLanguage\":\"fr-FR\"},{\"@type\":\"WebPage\",\"@id\":\"https:\/\/www.carmelitaniscalzi.com\/2025\/11\/12\/india-celebrazione-del-centenario-di-santa-teresa-del-bambino-gesu-presso-il-monastero-del-sacro-cuore\/\",\"url\":\"https:\/\/www.carmelitaniscalzi.com\/2025\/11\/12\/india-celebrazione-del-centenario-di-santa-teresa-del-bambino-gesu-presso-il-monastero-del-sacro-cuore\/\",\"name\":\"Inde : C\u00e9l\u00e9bration du centenaire de Sainte Th\u00e9r\u00e8se de l'Enfant J\u00e9sus au Monast\u00e8re du Sacr\u00e9-C\u0153ur - CARMES D\u00c9CHAUX\",\"isPartOf\":{\"@id\":\"https:\/\/www.carmelitaniscalzi.com\/#website\"},\"primaryImageOfPage\":{\"@id\":\"https:\/\/www.carmelitaniscalzi.com\/2025\/11\/12\/india-celebrazione-del-centenario-di-santa-teresa-del-bambino-gesu-presso-il-monastero-del-sacro-cuore\/#primaryimage\"},\"image\":{\"@id\":\"https:\/\/www.carmelitaniscalzi.com\/2025\/11\/12\/india-celebrazione-del-centenario-di-santa-teresa-del-bambino-gesu-presso-il-monastero-del-sacro-cuore\/#primaryimage\"},\"thumbnailUrl\":\"https:\/\/www.carmelitaniscalzi.com\/wp-content\/uploads\/2025\/11\/cover_india_10.2025.jpg\",\"datePublished\":\"2025-11-11T23:00:39+00:00\",\"breadcrumb\":{\"@id\":\"https:\/\/www.carmelitaniscalzi.com\/2025\/11\/12\/india-celebrazione-del-centenario-di-santa-teresa-del-bambino-gesu-presso-il-monastero-del-sacro-cuore\/#breadcrumb\"},\"inLanguage\":\"fr-FR\",\"potentialAction\":[{\"@type\":\"ReadAction\",\"target\":[\"https:\/\/www.carmelitaniscalzi.com\/2025\/11\/12\/india-celebrazione-del-centenario-di-santa-teresa-del-bambino-gesu-presso-il-monastero-del-sacro-cuore\/\"]}]},{\"@type\":\"ImageObject\",\"inLanguage\":\"fr-FR\",\"@id\":\"https:\/\/www.carmelitaniscalzi.com\/2025\/11\/12\/india-celebrazione-del-centenario-di-santa-teresa-del-bambino-gesu-presso-il-monastero-del-sacro-cuore\/#primaryimage\",\"url\":\"https:\/\/www.carmelitaniscalzi.com\/wp-content\/uploads\/2025\/11\/cover_india_10.2025.jpg\",\"contentUrl\":\"https:\/\/www.carmelitaniscalzi.com\/wp-content\/uploads\/2025\/11\/cover_india_10.2025.jpg\",\"width\":1200,\"height\":800},{\"@type\":\"BreadcrumbList\",\"@id\":\"https:\/\/www.carmelitaniscalzi.com\/2025\/11\/12\/india-celebrazione-del-centenario-di-santa-teresa-del-bambino-gesu-presso-il-monastero-del-sacro-cuore\/#breadcrumb\",\"itemListElement\":[{\"@type\":\"ListItem\",\"position\":1,\"name\":\"Home\",\"item\":\"https:\/\/www.carmelitaniscalzi.com\/fr\/\"},{\"@type\":\"ListItem\",\"position\":2,\"name\":\"Inde : C\u00e9l\u00e9bration du centenaire de Sainte Th\u00e9r\u00e8se de l&#8217;Enfant J\u00e9sus au Monast\u00e8re du Sacr\u00e9-C\u0153ur\"}]},{\"@type\":\"WebSite\",\"@id\":\"https:\/\/www.carmelitaniscalzi.com\/#website\",\"url\":\"https:\/\/www.carmelitaniscalzi.com\/\",\"name\":\"CARMELITANI SCALZI - Curia Generale del Carmelo Teresiano\",\"description\":\"Curie G\u00e9n\u00e9ralice du Carmel D\u00e9chauss\u00e9\",\"publisher\":{\"@id\":\"https:\/\/www.carmelitaniscalzi.com\/#organization\"},\"alternateName\":\"CARMELITANI SCALZI\",\"potentialAction\":[{\"@type\":\"SearchAction\",\"target\":{\"@type\":\"EntryPoint\",\"urlTemplate\":\"https:\/\/www.carmelitaniscalzi.com\/?s={search_term_string}\"},\"query-input\":{\"@type\":\"PropertyValueSpecification\",\"valueRequired\":true,\"valueName\":\"search_term_string\"}}],\"inLanguage\":\"fr-FR\"},{\"@type\":\"Organization\",\"@id\":\"https:\/\/www.carmelitaniscalzi.com\/#organization\",\"name\":\"CARMELITANI SCALZI - Curia Generale del Carmelo Teresiano\",\"url\":\"https:\/\/www.carmelitaniscalzi.com\/\",\"logo\":{\"@type\":\"ImageObject\",\"inLanguage\":\"fr-FR\",\"@id\":\"https:\/\/www.carmelitaniscalzi.com\/#\/schema\/logo\/image\/\",\"url\":\"https:\/\/www.carmelitaniscalzi.com\/wp-content\/uploads\/2025\/11\/login-logo.png\",\"contentUrl\":\"https:\/\/www.carmelitaniscalzi.com\/wp-content\/uploads\/2025\/11\/login-logo.png\",\"width\":256,\"height\":256,\"caption\":\"CARMELITANI SCALZI - Curia Generale del Carmelo Teresiano\"},\"image\":{\"@id\":\"https:\/\/www.carmelitaniscalzi.com\/#\/schema\/logo\/image\/\"},\"sameAs\":[\"https:\/\/www.facebook.com\/Curia-Generalizia-Carmelitani-Scalzi-658766940887784\/\",\"https:\/\/x.com\/ocdcuria\",\"https:\/\/www.youtube.com\/channel\/UC2J5ZL0ycOY0qBSTCLX_NGQ\/videos\",\"https:\/\/www.instagram.com\/ocdinform\/\"]},{\"@type\":\"Person\",\"@id\":\"https:\/\/www.carmelitaniscalzi.com\/#\/schema\/person\/6d1c0d9bea7b6625c437246a5d6da409\",\"name\":\"ocd web master\",\"image\":{\"@type\":\"ImageObject\",\"inLanguage\":\"fr-FR\",\"@id\":\"https:\/\/www.carmelitaniscalzi.com\/#\/schema\/person\/image\/\",\"url\":\"https:\/\/secure.gravatar.com\/avatar\/41fbc5f82bad909fbaf2984c43fa50d8519ac5853e25b454d022b6868f80d0e7?s=96&d=mm&r=g\",\"contentUrl\":\"https:\/\/secure.gravatar.com\/avatar\/41fbc5f82bad909fbaf2984c43fa50d8519ac5853e25b454d022b6868f80d0e7?s=96&d=mm&r=g\",\"caption\":\"ocd web master\"},\"url\":\"https:\/\/www.carmelitaniscalzi.com\/fr\/author\/ocdwebmaster\/\"}]}<\/script>\n<!-- \/ Yoast SEO plugin. -->","yoast_head_json":{"title":"Inde : C\u00e9l\u00e9bration du centenaire de Sainte Th\u00e9r\u00e8se de l'Enfant J\u00e9sus au Monast\u00e8re du Sacr\u00e9-C\u0153ur - CARMES D\u00c9CHAUX","robots":{"index":"index","follow":"follow","max-snippet":"max-snippet:-1","max-image-preview":"max-image-preview:large","max-video-preview":"max-video-preview:-1"},"canonical":"https:\/\/www.carmelitaniscalzi.com\/2025\/11\/12\/india-celebrazione-del-centenario-di-santa-teresa-del-bambino-gesu-presso-il-monastero-del-sacro-cuore\/","og_locale":"fr_FR","og_type":"article","og_title":"Inde : C\u00e9l\u00e9bration du centenaire de Sainte Th\u00e9r\u00e8se de l'Enfant J\u00e9sus au Monast\u00e8re du Sacr\u00e9-C\u0153ur - CARMES D\u00c9CHAUX","og_description":"Les Carm\u00e9lites du Monast\u00e8re du Sacr\u00e9-C\u0153ur de Kankanady ont c\u00e9l\u00e9br\u00e9 avec joie le centenaire de Sainte Th\u00e9r\u00e8se de l&rsquo;Enfant-J\u00e9sus du 28 septembre au 1er octobre 2025. \u00c0 cette occasion, une exposition sp\u00e9ciale sur la vie de Sainte Th\u00e9r\u00e8se de Lisieux a \u00e9t\u00e9 organis\u00e9e, invitant les nombreux fid\u00e8les \u00e0 r\u00e9fl\u00e9chir sur sa spiritualit\u00e9 toute simple mais [&hellip;]","og_url":"https:\/\/www.carmelitaniscalzi.com\/2025\/11\/12\/india-celebrazione-del-centenario-di-santa-teresa-del-bambino-gesu-presso-il-monastero-del-sacro-cuore\/","og_site_name":"CARMES D\u00c9CHAUX","article_publisher":"https:\/\/www.facebook.com\/Curia-Generalizia-Carmelitani-Scalzi-658766940887784\/","article_published_time":"2025-11-11T23:00:39+00:00","og_image":[{"width":1200,"height":800,"url":"https:\/\/www.carmelitaniscalzi.com\/wp-content\/uploads\/2025\/11\/cover_india_10.2025.jpg","type":"image\/jpeg"}],"author":"ocd web master","twitter_card":"summary_large_image","twitter_creator":"@ocdcuria","twitter_site":"@ocdcuria","twitter_misc":{"\u00c9crit par":"ocd web master","Dur\u00e9e de lecture estim\u00e9e":"2 minutes"},"schema":{"@context":"https:\/\/schema.org","@graph":[{"@type":"Article","@id":"https:\/\/www.carmelitaniscalzi.com\/2025\/11\/12\/india-celebrazione-del-centenario-di-santa-teresa-del-bambino-gesu-presso-il-monastero-del-sacro-cuore\/#article","isPartOf":{"@id":"https:\/\/www.carmelitaniscalzi.com\/2025\/11\/12\/india-celebrazione-del-centenario-di-santa-teresa-del-bambino-gesu-presso-il-monastero-del-sacro-cuore\/"},"author":{"name":"ocd web master","@id":"https:\/\/www.carmelitaniscalzi.com\/#\/schema\/person\/6d1c0d9bea7b6625c437246a5d6da409"},"headline":"Inde : C\u00e9l\u00e9bration du centenaire de Sainte Th\u00e9r\u00e8se de l&rsquo;Enfant J\u00e9sus au Monast\u00e8re du Sacr\u00e9-C\u0153ur","datePublished":"2025-11-11T23:00:39+00:00","mainEntityOfPage":{"@id":"https:\/\/www.carmelitaniscalzi.com\/2025\/11\/12\/india-celebrazione-del-centenario-di-santa-teresa-del-bambino-gesu-presso-il-monastero-del-sacro-cuore\/"},"wordCount":284,"publisher":{"@id":"https:\/\/www.carmelitaniscalzi.com\/#organization"},"image":{"@id":"https:\/\/www.carmelitaniscalzi.com\/2025\/11\/12\/india-celebrazione-del-centenario-di-santa-teresa-del-bambino-gesu-presso-il-monastero-del-sacro-cuore\/#primaryimage"},"thumbnailUrl":"https:\/\/www.carmelitaniscalzi.com\/wp-content\/uploads\/2025\/11\/cover_india_10.2025.jpg","articleSection":["Nouvelles D\u00e9finiteurs","Nouvelles Moniales","Nouvelles"],"inLanguage":"fr-FR"},{"@type":"WebPage","@id":"https:\/\/www.carmelitaniscalzi.com\/2025\/11\/12\/india-celebrazione-del-centenario-di-santa-teresa-del-bambino-gesu-presso-il-monastero-del-sacro-cuore\/","url":"https:\/\/www.carmelitaniscalzi.com\/2025\/11\/12\/india-celebrazione-del-centenario-di-santa-teresa-del-bambino-gesu-presso-il-monastero-del-sacro-cuore\/","name":"Inde : C\u00e9l\u00e9bration du centenaire de Sainte Th\u00e9r\u00e8se de l'Enfant J\u00e9sus au Monast\u00e8re du Sacr\u00e9-C\u0153ur - CARMES D\u00c9CHAUX","isPartOf":{"@id":"https:\/\/www.carmelitaniscalzi.com\/#website"},"primaryImageOfPage":{"@id":"https:\/\/www.carmelitaniscalzi.com\/2025\/11\/12\/india-celebrazione-del-centenario-di-santa-teresa-del-bambino-gesu-presso-il-monastero-del-sacro-cuore\/#primaryimage"},"image":{"@id":"https:\/\/www.carmelitaniscalzi.com\/2025\/11\/12\/india-celebrazione-del-centenario-di-santa-teresa-del-bambino-gesu-presso-il-monastero-del-sacro-cuore\/#primaryimage"},"thumbnailUrl":"https:\/\/www.carmelitaniscalzi.com\/wp-content\/uploads\/2025\/11\/cover_india_10.2025.jpg","datePublished":"2025-11-11T23:00:39+00:00","breadcrumb":{"@id":"https:\/\/www.carmelitaniscalzi.com\/2025\/11\/12\/india-celebrazione-del-centenario-di-santa-teresa-del-bambino-gesu-presso-il-monastero-del-sacro-cuore\/#breadcrumb"},"inLanguage":"fr-FR","potentialAction":[{"@type":"ReadAction","target":["https:\/\/www.carmelitaniscalzi.com\/2025\/11\/12\/india-celebrazione-del-centenario-di-santa-teresa-del-bambino-gesu-presso-il-monastero-del-sacro-cuore\/"]}]},{"@type":"ImageObject","inLanguage":"fr-FR","@id":"https:\/\/www.carmelitaniscalzi.com\/2025\/11\/12\/india-celebrazione-del-centenario-di-santa-teresa-del-bambino-gesu-presso-il-monastero-del-sacro-cuore\/#primaryimage","url":"https:\/\/www.carmelitaniscalzi.com\/wp-content\/uploads\/2025\/11\/cover_india_10.2025.jpg","contentUrl":"https:\/\/www.carmelitaniscalzi.com\/wp-content\/uploads\/2025\/11\/cover_india_10.2025.jpg","width":1200,"height":800},{"@type":"BreadcrumbList","@id":"https:\/\/www.carmelitaniscalzi.com\/2025\/11\/12\/india-celebrazione-del-centenario-di-santa-teresa-del-bambino-gesu-presso-il-monastero-del-sacro-cuore\/#breadcrumb","itemListElement":[{"@type":"ListItem","position":1,"name":"Home","item":"https:\/\/www.carmelitaniscalzi.com\/fr\/"},{"@type":"ListItem","position":2,"name":"Inde : C\u00e9l\u00e9bration du centenaire de Sainte Th\u00e9r\u00e8se de l&#8217;Enfant J\u00e9sus au Monast\u00e8re du Sacr\u00e9-C\u0153ur"}]},{"@type":"WebSite","@id":"https:\/\/www.carmelitaniscalzi.com\/#website","url":"https:\/\/www.carmelitaniscalzi.com\/","name":"CARMELITANI SCALZI - Curia Generale del Carmelo Teresiano","description":"Curie G\u00e9n\u00e9ralice du Carmel D\u00e9chauss\u00e9","publisher":{"@id":"https:\/\/www.carmelitaniscalzi.com\/#organization"},"alternateName":"CARMELITANI SCALZI","potentialAction":[{"@type":"SearchAction","target":{"@type":"EntryPoint","urlTemplate":"https:\/\/www.carmelitaniscalzi.com\/?s={search_term_string}"},"query-input":{"@type":"PropertyValueSpecification","valueRequired":true,"valueName":"search_term_string"}}],"inLanguage":"fr-FR"},{"@type":"Organization","@id":"https:\/\/www.carmelitaniscalzi.com\/#organization","name":"CARMELITANI SCALZI - Curia Generale del Carmelo Teresiano","url":"https:\/\/www.carmelitaniscalzi.com\/","logo":{"@type":"ImageObject","inLanguage":"fr-FR","@id":"https:\/\/www.carmelitaniscalzi.com\/#\/schema\/logo\/image\/","url":"https:\/\/www.carmelitaniscalzi.com\/wp-content\/uploads\/2025\/11\/login-logo.png","contentUrl":"https:\/\/www.carmelitaniscalzi.com\/wp-content\/uploads\/2025\/11\/login-logo.png","width":256,"height":256,"caption":"CARMELITANI SCALZI - Curia Generale del Carmelo Teresiano"},"image":{"@id":"https:\/\/www.carmelitaniscalzi.com\/#\/schema\/logo\/image\/"},"sameAs":["https:\/\/www.facebook.com\/Curia-Generalizia-Carmelitani-Scalzi-658766940887784\/","https:\/\/x.com\/ocdcuria","https:\/\/www.youtube.com\/channel\/UC2J5ZL0ycOY0qBSTCLX_NGQ\/videos","https:\/\/www.instagram.com\/ocdinform\/"]},{"@type":"Person","@id":"https:\/\/www.carmelitaniscalzi.com\/#\/schema\/person\/6d1c0d9bea7b6625c437246a5d6da409","name":"ocd web master","image":{"@type":"ImageObject","inLanguage":"fr-FR","@id":"https:\/\/www.carmelitaniscalzi.com\/#\/schema\/person\/image\/","url":"https:\/\/secure.gravatar.com\/avatar\/41fbc5f82bad909fbaf2984c43fa50d8519ac5853e25b454d022b6868f80d0e7?s=96&d=mm&r=g","contentUrl":"https:\/\/secure.gravatar.com\/avatar\/41fbc5f82bad909fbaf2984c43fa50d8519ac5853e25b454d022b6868f80d0e7?s=96&d=mm&r=g","caption":"ocd web master"},"url":"https:\/\/www.carmelitaniscalzi.com\/fr\/author\/ocdwebmaster\/"}]}},"_links":{"self":[{"href":"https:\/\/www.carmelitaniscalzi.com\/fr\/wp-json\/wp\/v2\/posts\/526298","targetHints":{"allow":["GET"]}}],"collection":[{"href":"https:\/\/www.carmelitaniscalzi.com\/fr\/wp-json\/wp\/v2\/posts"}],"about":[{"href":"https:\/\/www.carmelitaniscalzi.com\/fr\/wp-json\/wp\/v2\/types\/post"}],"author":[{"embeddable":true,"href":"https:\/\/www.carmelitaniscalzi.com\/fr\/wp-json\/wp\/v2\/users\/7"}],"replies":[{"embeddable":true,"href":"https:\/\/www.carmelitaniscalzi.com\/fr\/wp-json\/wp\/v2\/comments?post=526298"}],"version-history":[{"count":1,"href":"https:\/\/www.carmelitaniscalzi.com\/fr\/wp-json\/wp\/v2\/posts\/526298\/revisions"}],"predecessor-version":[{"id":526299,"href":"https:\/\/www.carmelitaniscalzi.com\/fr\/wp-json\/wp\/v2\/posts\/526298\/revisions\/526299"}],"wp:featuredmedia":[{"embeddable":true,"href":"https:\/\/www.carmelitaniscalzi.com\/fr\/wp-json\/wp\/v2\/media\/526078"}],"wp:attachment":[{"href":"https:\/\/www.carmelitaniscalzi.com\/fr\/wp-json\/wp\/v2\/media?parent=526298"}],"wp:term":[{"taxonomy":"category","embeddable":true,"href":"https:\/\/www.carmelitaniscalzi.com\/fr\/wp-json\/wp\/v2\/categories?post=526298"},{"taxonomy":"post_tag","embeddable":true,"href":"https:\/\/www.carmelitaniscalzi.com\/fr\/wp-json\/wp\/v2\/tags?post=526298"}],"curies":[{"name":"wp","href":"https:\/\/api.w.org\/{rel}","templated":true}]}}