{"id":515412,"date":"2025-10-20T17:00:00","date_gmt":"2025-10-20T15:00:00","guid":{"rendered":"https:\/\/www.carmelitaniscalzi.com\/?p=515412"},"modified":"2025-10-13T17:20:38","modified_gmt":"2025-10-13T15:20:38","slug":"republique-tcheque-fin-des-travaux-du-monastere-des-carmelites-dechaussees","status":"publish","type":"post","link":"https:\/\/www.carmelitaniscalzi.com\/fr\/2025\/10\/20\/republique-tcheque-fin-des-travaux-du-monastere-des-carmelites-dechaussees\/","title":{"rendered":"R\u00e9publique tch\u00e8que : fin des travaux du monast\u00e8re des Carm\u00e9lites D\u00e9chauss\u00e9es"},"content":{"rendered":"<p>Le Carmel de Saint-Joseph, fond\u00e9 en 1600 \u00e0 Prague, a chang\u00e9 plusieurs fois d&#8217;emplacement, notamment en raison de la situation politique hostile dans notre pays. Le pr\u00e9c\u00e9dent monast\u00e8re \u00e9tait situ\u00e9 au centre de la capitale, mais en raison du bruit excessif et du jardin trop petit, nous avons d\u00e9cid\u00e9 en 2018 de d\u00e9m\u00e9nager dans un endroit plus calme et avec un terrain plus grand dans les environs de la ville de Drasty.<\/p>\n<p>Gr\u00e2ce \u00e0 la Providence de Dieu et \u00e0 l&rsquo;aide de nombreux bienfaiteurs, nous avons r\u00e9ussi \u00e0 achever la construction du monast\u00e8re et de l&rsquo;\u00e9glise au printemps 2024. M\u00eame si le complexe n&rsquo;est pas encore tout \u00e0 fait termin\u00e9, notre communaut\u00e9 a emm\u00e9nag\u00e9 dans le nouveau monast\u00e8re au mois de mai et notre \u00e9glise d\u00e9di\u00e9e \u00e0 Sainte Th\u00e9r\u00e8se d&rsquo;Avila a \u00e9t\u00e9 consacr\u00e9e le 8 juin. Ce fut une tr\u00e8s belle f\u00eate \u00e0 laquelle ont particip\u00e9 de nombreux pr\u00eatres, fr\u00e8res, voisins et amis. \u00c0 l&rsquo;automne de la m\u00eame ann\u00e9e, nous avons pu ouvrir la maison d&rsquo;h\u00f4tes.<\/p>\n<p>&nbsp;<\/p>\n<div class=\"wpmf-gallerys wpmf-gallerys-life \" ><div id=\"gallery-1\"\n data-gutter-width=\"5\"\n  data-wpmfcolumns=\"3\" class=\"wpmf-gallery gallery-link-file gallery_life gallery-masonry gallery-columns-3 gallery-size-thumbnail wpmf-gallery-bottomspace-default wpmf-gallery-clear wpmf-has-border-radius-0 wpmf-gutterwidth-5\"><div class=\"wpmf-gallery-item\n     wpmf-gallery-item-position-0 wpmf-gallery-item-attachment-515225\" data-index=\"0\"><div class=\"wpmf-gallery-icon\"><a class=\" not_video noLightbox\" data-lightbox=\"1\" data-href=\"https:\/\/www.carmelitaniscalzi.com\/wp-content\/uploads\/2025\/10\/Cechia-1.jpg\" title=\"default\" target=\"_self\" data-index=\"0\"><img decoding=\"async\" class=\"wpmf_img\" alt=\"default\" src=\"https:\/\/www.carmelitaniscalzi.com\/wp-content\/uploads\/2025\/10\/Cechia-1-150x150.jpg\" data-type=\"wpmfgalleryimg\" data-lazy-src=\"https:\/\/www.carmelitaniscalzi.com\/wp-content\/uploads\/2025\/10\/Cechia-1-150x150.jpg\"><\/a><\/div><\/div><div class=\"wpmf-gallery-item\n     wpmf-gallery-item-position-1 wpmf-gallery-item-attachment-515231\" data-index=\"1\"><div class=\"wpmf-gallery-icon\"><a class=\" not_video noLightbox\" data-lightbox=\"1\" data-href=\"https:\/\/www.carmelitaniscalzi.com\/wp-content\/uploads\/2025\/10\/Cechia-2.jpg\" title=\"Cechia 2\" target=\"_self\" data-index=\"1\"><img decoding=\"async\" class=\"wpmf_img\" alt=\"Cechia 2\" src=\"https:\/\/www.carmelitaniscalzi.com\/wp-content\/uploads\/2025\/10\/Cechia-2-150x150.jpg\" data-type=\"wpmfgalleryimg\" data-lazy-src=\"https:\/\/www.carmelitaniscalzi.com\/wp-content\/uploads\/2025\/10\/Cechia-2-150x150.jpg\"><\/a><\/div><\/div><div class=\"wpmf-gallery-item\n     wpmf-gallery-item-position-2 wpmf-gallery-item-attachment-515237\" data-index=\"2\"><div class=\"wpmf-gallery-icon\"><a class=\" not_video noLightbox\" data-lightbox=\"1\" data-href=\"https:\/\/www.carmelitaniscalzi.com\/wp-content\/uploads\/2025\/10\/Cechia-3.jpg\" title=\"Cechia 3\" target=\"_self\" data-index=\"2\"><img decoding=\"async\" class=\"wpmf_img\" alt=\"Cechia 3\" src=\"https:\/\/www.carmelitaniscalzi.com\/wp-content\/uploads\/2025\/10\/Cechia-3-150x150.jpg\" data-type=\"wpmfgalleryimg\" data-lazy-src=\"https:\/\/www.carmelitaniscalzi.com\/wp-content\/uploads\/2025\/10\/Cechia-3-150x150.jpg\"><\/a><\/div><\/div><\/div><\/div>\n\n","protected":false},"excerpt":{"rendered":"<p>Le Carmel de Saint-Joseph, fond\u00e9 en 1600 \u00e0 Prague, a chang\u00e9 plusieurs fois d&#8217;emplacement, notamment en raison de la situation politique hostile dans notre pays. Le pr\u00e9c\u00e9dent monast\u00e8re \u00e9tait situ\u00e9 au centre de la capitale, mais en raison du bruit excessif et du jardin trop petit, nous avons d\u00e9cid\u00e9 en 2018 de d\u00e9m\u00e9nager dans un [&hellip;]<\/p>\n","protected":false},"author":7,"featured_media":515329,"comment_status":"closed","ping_status":"closed","sticky":false,"template":"","format":"standard","meta":{"_acf_changed":false,"footnotes":""},"categories":[203,370],"tags":[],"class_list":["post-515412","post","type-post","status-publish","format-standard","has-post-thumbnail","hentry","category-nouvelles-moniales","category-nouvelles"],"acf":[],"yoast_head":"<!-- This site is optimized with the Yoast SEO plugin v26.3 - https:\/\/yoast.com\/wordpress\/plugins\/seo\/ -->\n<title>R\u00e9publique tch\u00e8que : fin des travaux du monast\u00e8re des Carm\u00e9lites D\u00e9chauss\u00e9es - CARMES D\u00c9CHAUX<\/title>\n<meta name=\"robots\" content=\"index, follow, max-snippet:-1, max-image-preview:large, max-video-preview:-1\" \/>\n<link rel=\"canonical\" href=\"https:\/\/www.carmelitaniscalzi.com\/fr\/2025\/10\/20\/republique-tcheque-fin-des-travaux-du-monastere-des-carmelites-dechaussees\/\" \/>\n<meta property=\"og:locale\" content=\"fr_FR\" \/>\n<meta property=\"og:type\" content=\"article\" \/>\n<meta property=\"og:title\" content=\"R\u00e9publique tch\u00e8que : fin des travaux du monast\u00e8re des Carm\u00e9lites D\u00e9chauss\u00e9es - CARMES D\u00c9CHAUX\" \/>\n<meta property=\"og:description\" content=\"Le Carmel de Saint-Joseph, fond\u00e9 en 1600 \u00e0 Prague, a chang\u00e9 plusieurs fois d&#8217;emplacement, notamment en raison de la situation politique hostile dans notre pays. Le pr\u00e9c\u00e9dent monast\u00e8re \u00e9tait situ\u00e9 au centre de la capitale, mais en raison du bruit excessif et du jardin trop petit, nous avons d\u00e9cid\u00e9 en 2018 de d\u00e9m\u00e9nager dans un [&hellip;]\" \/>\n<meta property=\"og:url\" content=\"https:\/\/www.carmelitaniscalzi.com\/fr\/2025\/10\/20\/republique-tcheque-fin-des-travaux-du-monastere-des-carmelites-dechaussees\/\" \/>\n<meta property=\"og:site_name\" content=\"CARMES D\u00c9CHAUX\" \/>\n<meta property=\"article:publisher\" content=\"https:\/\/www.facebook.com\/Curia-Generalizia-Carmelitani-Scalzi-658766940887784\/\" \/>\n<meta property=\"article:published_time\" content=\"2025-10-20T15:00:00+00:00\" \/>\n<meta property=\"og:image\" content=\"https:\/\/www.carmelitaniscalzi.com\/wp-content\/uploads\/2025\/10\/cover_cechia_09.2025.jpg\" \/>\n\t<meta property=\"og:image:width\" content=\"1200\" \/>\n\t<meta property=\"og:image:height\" content=\"800\" \/>\n\t<meta property=\"og:image:type\" content=\"image\/jpeg\" \/>\n<meta name=\"author\" content=\"ocd web master\" \/>\n<meta name=\"twitter:card\" content=\"summary_large_image\" \/>\n<meta name=\"twitter:creator\" content=\"@ocdcuria\" \/>\n<meta name=\"twitter:site\" content=\"@ocdcuria\" \/>\n<meta name=\"twitter:label1\" content=\"\u00c9crit par\" \/>\n\t<meta name=\"twitter:data1\" content=\"ocd web master\" \/>\n\t<meta name=\"twitter:label2\" content=\"Dur\u00e9e de lecture estim\u00e9e\" \/>\n\t<meta name=\"twitter:data2\" content=\"2 minutes\" \/>\n<script type=\"application\/ld+json\" class=\"yoast-schema-graph\">{\"@context\":\"https:\/\/schema.org\",\"@graph\":[{\"@type\":\"Article\",\"@id\":\"https:\/\/www.carmelitaniscalzi.com\/fr\/2025\/10\/20\/republique-tcheque-fin-des-travaux-du-monastere-des-carmelites-dechaussees\/#article\",\"isPartOf\":{\"@id\":\"https:\/\/www.carmelitaniscalzi.com\/fr\/2025\/10\/20\/republique-tcheque-fin-des-travaux-du-monastere-des-carmelites-dechaussees\/\"},\"author\":{\"name\":\"ocd web master\",\"@id\":\"https:\/\/www.carmelitaniscalzi.com\/#\/schema\/person\/6d1c0d9bea7b6625c437246a5d6da409\"},\"headline\":\"R\u00e9publique tch\u00e8que : fin des travaux du monast\u00e8re des Carm\u00e9lites D\u00e9chauss\u00e9es\",\"datePublished\":\"2025-10-20T15:00:00+00:00\",\"mainEntityOfPage\":{\"@id\":\"https:\/\/www.carmelitaniscalzi.com\/fr\/2025\/10\/20\/republique-tcheque-fin-des-travaux-du-monastere-des-carmelites-dechaussees\/\"},\"wordCount\":211,\"publisher\":{\"@id\":\"https:\/\/www.carmelitaniscalzi.com\/#organization\"},\"image\":{\"@id\":\"https:\/\/www.carmelitaniscalzi.com\/fr\/2025\/10\/20\/republique-tcheque-fin-des-travaux-du-monastere-des-carmelites-dechaussees\/#primaryimage\"},\"thumbnailUrl\":\"https:\/\/www.carmelitaniscalzi.com\/wp-content\/uploads\/2025\/10\/cover_cechia_09.2025.jpg\",\"articleSection\":[\"Nouvelles Moniales\",\"Nouvelles\"],\"inLanguage\":\"fr-FR\"},{\"@type\":\"WebPage\",\"@id\":\"https:\/\/www.carmelitaniscalzi.com\/fr\/2025\/10\/20\/republique-tcheque-fin-des-travaux-du-monastere-des-carmelites-dechaussees\/\",\"url\":\"https:\/\/www.carmelitaniscalzi.com\/fr\/2025\/10\/20\/republique-tcheque-fin-des-travaux-du-monastere-des-carmelites-dechaussees\/\",\"name\":\"R\u00e9publique tch\u00e8que : fin des travaux du monast\u00e8re des Carm\u00e9lites D\u00e9chauss\u00e9es - CARMES D\u00c9CHAUX\",\"isPartOf\":{\"@id\":\"https:\/\/www.carmelitaniscalzi.com\/#website\"},\"primaryImageOfPage\":{\"@id\":\"https:\/\/www.carmelitaniscalzi.com\/fr\/2025\/10\/20\/republique-tcheque-fin-des-travaux-du-monastere-des-carmelites-dechaussees\/#primaryimage\"},\"image\":{\"@id\":\"https:\/\/www.carmelitaniscalzi.com\/fr\/2025\/10\/20\/republique-tcheque-fin-des-travaux-du-monastere-des-carmelites-dechaussees\/#primaryimage\"},\"thumbnailUrl\":\"https:\/\/www.carmelitaniscalzi.com\/wp-content\/uploads\/2025\/10\/cover_cechia_09.2025.jpg\",\"datePublished\":\"2025-10-20T15:00:00+00:00\",\"breadcrumb\":{\"@id\":\"https:\/\/www.carmelitaniscalzi.com\/fr\/2025\/10\/20\/republique-tcheque-fin-des-travaux-du-monastere-des-carmelites-dechaussees\/#breadcrumb\"},\"inLanguage\":\"fr-FR\",\"potentialAction\":[{\"@type\":\"ReadAction\",\"target\":[\"https:\/\/www.carmelitaniscalzi.com\/fr\/2025\/10\/20\/republique-tcheque-fin-des-travaux-du-monastere-des-carmelites-dechaussees\/\"]}]},{\"@type\":\"ImageObject\",\"inLanguage\":\"fr-FR\",\"@id\":\"https:\/\/www.carmelitaniscalzi.com\/fr\/2025\/10\/20\/republique-tcheque-fin-des-travaux-du-monastere-des-carmelites-dechaussees\/#primaryimage\",\"url\":\"https:\/\/www.carmelitaniscalzi.com\/wp-content\/uploads\/2025\/10\/cover_cechia_09.2025.jpg\",\"contentUrl\":\"https:\/\/www.carmelitaniscalzi.com\/wp-content\/uploads\/2025\/10\/cover_cechia_09.2025.jpg\",\"width\":1200,\"height\":800},{\"@type\":\"BreadcrumbList\",\"@id\":\"https:\/\/www.carmelitaniscalzi.com\/fr\/2025\/10\/20\/republique-tcheque-fin-des-travaux-du-monastere-des-carmelites-dechaussees\/#breadcrumb\",\"itemListElement\":[{\"@type\":\"ListItem\",\"position\":1,\"name\":\"Home\",\"item\":\"https:\/\/www.carmelitaniscalzi.com\/fr\/\"},{\"@type\":\"ListItem\",\"position\":2,\"name\":\"R\u00e9publique tch\u00e8que : fin des travaux du monast\u00e8re des Carm\u00e9lites D\u00e9chauss\u00e9es\"}]},{\"@type\":\"WebSite\",\"@id\":\"https:\/\/www.carmelitaniscalzi.com\/#website\",\"url\":\"https:\/\/www.carmelitaniscalzi.com\/\",\"name\":\"CARMELITANI SCALZI - Curia Generale del Carmelo Teresiano\",\"description\":\"Curie G\u00e9n\u00e9ralice du Carmel D\u00e9chauss\u00e9\",\"publisher\":{\"@id\":\"https:\/\/www.carmelitaniscalzi.com\/#organization\"},\"alternateName\":\"CARMELITANI SCALZI\",\"potentialAction\":[{\"@type\":\"SearchAction\",\"target\":{\"@type\":\"EntryPoint\",\"urlTemplate\":\"https:\/\/www.carmelitaniscalzi.com\/?s={search_term_string}\"},\"query-input\":{\"@type\":\"PropertyValueSpecification\",\"valueRequired\":true,\"valueName\":\"search_term_string\"}}],\"inLanguage\":\"fr-FR\"},{\"@type\":\"Organization\",\"@id\":\"https:\/\/www.carmelitaniscalzi.com\/#organization\",\"name\":\"CARMELITANI SCALZI - Curia Generale del Carmelo Teresiano\",\"url\":\"https:\/\/www.carmelitaniscalzi.com\/\",\"logo\":{\"@type\":\"ImageObject\",\"inLanguage\":\"fr-FR\",\"@id\":\"https:\/\/www.carmelitaniscalzi.com\/#\/schema\/logo\/image\/\",\"url\":\"https:\/\/www.carmelitaniscalzi.com\/wp-content\/uploads\/2025\/11\/login-logo.png\",\"contentUrl\":\"https:\/\/www.carmelitaniscalzi.com\/wp-content\/uploads\/2025\/11\/login-logo.png\",\"width\":256,\"height\":256,\"caption\":\"CARMELITANI SCALZI - Curia Generale del Carmelo Teresiano\"},\"image\":{\"@id\":\"https:\/\/www.carmelitaniscalzi.com\/#\/schema\/logo\/image\/\"},\"sameAs\":[\"https:\/\/www.facebook.com\/Curia-Generalizia-Carmelitani-Scalzi-658766940887784\/\",\"https:\/\/x.com\/ocdcuria\",\"https:\/\/www.youtube.com\/channel\/UC2J5ZL0ycOY0qBSTCLX_NGQ\/videos\",\"https:\/\/www.instagram.com\/ocdinform\/\"]},{\"@type\":\"Person\",\"@id\":\"https:\/\/www.carmelitaniscalzi.com\/#\/schema\/person\/6d1c0d9bea7b6625c437246a5d6da409\",\"name\":\"ocd web master\",\"image\":{\"@type\":\"ImageObject\",\"inLanguage\":\"fr-FR\",\"@id\":\"https:\/\/www.carmelitaniscalzi.com\/#\/schema\/person\/image\/\",\"url\":\"https:\/\/secure.gravatar.com\/avatar\/41fbc5f82bad909fbaf2984c43fa50d8519ac5853e25b454d022b6868f80d0e7?s=96&d=mm&r=g\",\"contentUrl\":\"https:\/\/secure.gravatar.com\/avatar\/41fbc5f82bad909fbaf2984c43fa50d8519ac5853e25b454d022b6868f80d0e7?s=96&d=mm&r=g\",\"caption\":\"ocd web master\"},\"url\":\"https:\/\/www.carmelitaniscalzi.com\/fr\/author\/ocdwebmaster\/\"}]}<\/script>\n<!-- \/ Yoast SEO plugin. -->","yoast_head_json":{"title":"R\u00e9publique tch\u00e8que : fin des travaux du monast\u00e8re des Carm\u00e9lites D\u00e9chauss\u00e9es - CARMES D\u00c9CHAUX","robots":{"index":"index","follow":"follow","max-snippet":"max-snippet:-1","max-image-preview":"max-image-preview:large","max-video-preview":"max-video-preview:-1"},"canonical":"https:\/\/www.carmelitaniscalzi.com\/fr\/2025\/10\/20\/republique-tcheque-fin-des-travaux-du-monastere-des-carmelites-dechaussees\/","og_locale":"fr_FR","og_type":"article","og_title":"R\u00e9publique tch\u00e8que : fin des travaux du monast\u00e8re des Carm\u00e9lites D\u00e9chauss\u00e9es - CARMES D\u00c9CHAUX","og_description":"Le Carmel de Saint-Joseph, fond\u00e9 en 1600 \u00e0 Prague, a chang\u00e9 plusieurs fois d&#8217;emplacement, notamment en raison de la situation politique hostile dans notre pays. Le pr\u00e9c\u00e9dent monast\u00e8re \u00e9tait situ\u00e9 au centre de la capitale, mais en raison du bruit excessif et du jardin trop petit, nous avons d\u00e9cid\u00e9 en 2018 de d\u00e9m\u00e9nager dans un [&hellip;]","og_url":"https:\/\/www.carmelitaniscalzi.com\/fr\/2025\/10\/20\/republique-tcheque-fin-des-travaux-du-monastere-des-carmelites-dechaussees\/","og_site_name":"CARMES D\u00c9CHAUX","article_publisher":"https:\/\/www.facebook.com\/Curia-Generalizia-Carmelitani-Scalzi-658766940887784\/","article_published_time":"2025-10-20T15:00:00+00:00","og_image":[{"width":1200,"height":800,"url":"https:\/\/www.carmelitaniscalzi.com\/wp-content\/uploads\/2025\/10\/cover_cechia_09.2025.jpg","type":"image\/jpeg"}],"author":"ocd web master","twitter_card":"summary_large_image","twitter_creator":"@ocdcuria","twitter_site":"@ocdcuria","twitter_misc":{"\u00c9crit par":"ocd web master","Dur\u00e9e de lecture estim\u00e9e":"2 minutes"},"schema":{"@context":"https:\/\/schema.org","@graph":[{"@type":"Article","@id":"https:\/\/www.carmelitaniscalzi.com\/fr\/2025\/10\/20\/republique-tcheque-fin-des-travaux-du-monastere-des-carmelites-dechaussees\/#article","isPartOf":{"@id":"https:\/\/www.carmelitaniscalzi.com\/fr\/2025\/10\/20\/republique-tcheque-fin-des-travaux-du-monastere-des-carmelites-dechaussees\/"},"author":{"name":"ocd web master","@id":"https:\/\/www.carmelitaniscalzi.com\/#\/schema\/person\/6d1c0d9bea7b6625c437246a5d6da409"},"headline":"R\u00e9publique tch\u00e8que : fin des travaux du monast\u00e8re des Carm\u00e9lites D\u00e9chauss\u00e9es","datePublished":"2025-10-20T15:00:00+00:00","mainEntityOfPage":{"@id":"https:\/\/www.carmelitaniscalzi.com\/fr\/2025\/10\/20\/republique-tcheque-fin-des-travaux-du-monastere-des-carmelites-dechaussees\/"},"wordCount":211,"publisher":{"@id":"https:\/\/www.carmelitaniscalzi.com\/#organization"},"image":{"@id":"https:\/\/www.carmelitaniscalzi.com\/fr\/2025\/10\/20\/republique-tcheque-fin-des-travaux-du-monastere-des-carmelites-dechaussees\/#primaryimage"},"thumbnailUrl":"https:\/\/www.carmelitaniscalzi.com\/wp-content\/uploads\/2025\/10\/cover_cechia_09.2025.jpg","articleSection":["Nouvelles Moniales","Nouvelles"],"inLanguage":"fr-FR"},{"@type":"WebPage","@id":"https:\/\/www.carmelitaniscalzi.com\/fr\/2025\/10\/20\/republique-tcheque-fin-des-travaux-du-monastere-des-carmelites-dechaussees\/","url":"https:\/\/www.carmelitaniscalzi.com\/fr\/2025\/10\/20\/republique-tcheque-fin-des-travaux-du-monastere-des-carmelites-dechaussees\/","name":"R\u00e9publique tch\u00e8que : fin des travaux du monast\u00e8re des Carm\u00e9lites D\u00e9chauss\u00e9es - CARMES D\u00c9CHAUX","isPartOf":{"@id":"https:\/\/www.carmelitaniscalzi.com\/#website"},"primaryImageOfPage":{"@id":"https:\/\/www.carmelitaniscalzi.com\/fr\/2025\/10\/20\/republique-tcheque-fin-des-travaux-du-monastere-des-carmelites-dechaussees\/#primaryimage"},"image":{"@id":"https:\/\/www.carmelitaniscalzi.com\/fr\/2025\/10\/20\/republique-tcheque-fin-des-travaux-du-monastere-des-carmelites-dechaussees\/#primaryimage"},"thumbnailUrl":"https:\/\/www.carmelitaniscalzi.com\/wp-content\/uploads\/2025\/10\/cover_cechia_09.2025.jpg","datePublished":"2025-10-20T15:00:00+00:00","breadcrumb":{"@id":"https:\/\/www.carmelitaniscalzi.com\/fr\/2025\/10\/20\/republique-tcheque-fin-des-travaux-du-monastere-des-carmelites-dechaussees\/#breadcrumb"},"inLanguage":"fr-FR","potentialAction":[{"@type":"ReadAction","target":["https:\/\/www.carmelitaniscalzi.com\/fr\/2025\/10\/20\/republique-tcheque-fin-des-travaux-du-monastere-des-carmelites-dechaussees\/"]}]},{"@type":"ImageObject","inLanguage":"fr-FR","@id":"https:\/\/www.carmelitaniscalzi.com\/fr\/2025\/10\/20\/republique-tcheque-fin-des-travaux-du-monastere-des-carmelites-dechaussees\/#primaryimage","url":"https:\/\/www.carmelitaniscalzi.com\/wp-content\/uploads\/2025\/10\/cover_cechia_09.2025.jpg","contentUrl":"https:\/\/www.carmelitaniscalzi.com\/wp-content\/uploads\/2025\/10\/cover_cechia_09.2025.jpg","width":1200,"height":800},{"@type":"BreadcrumbList","@id":"https:\/\/www.carmelitaniscalzi.com\/fr\/2025\/10\/20\/republique-tcheque-fin-des-travaux-du-monastere-des-carmelites-dechaussees\/#breadcrumb","itemListElement":[{"@type":"ListItem","position":1,"name":"Home","item":"https:\/\/www.carmelitaniscalzi.com\/fr\/"},{"@type":"ListItem","position":2,"name":"R\u00e9publique tch\u00e8que : fin des travaux du monast\u00e8re des Carm\u00e9lites D\u00e9chauss\u00e9es"}]},{"@type":"WebSite","@id":"https:\/\/www.carmelitaniscalzi.com\/#website","url":"https:\/\/www.carmelitaniscalzi.com\/","name":"CARMELITANI SCALZI - Curia Generale del Carmelo Teresiano","description":"Curie G\u00e9n\u00e9ralice du Carmel D\u00e9chauss\u00e9","publisher":{"@id":"https:\/\/www.carmelitaniscalzi.com\/#organization"},"alternateName":"CARMELITANI SCALZI","potentialAction":[{"@type":"SearchAction","target":{"@type":"EntryPoint","urlTemplate":"https:\/\/www.carmelitaniscalzi.com\/?s={search_term_string}"},"query-input":{"@type":"PropertyValueSpecification","valueRequired":true,"valueName":"search_term_string"}}],"inLanguage":"fr-FR"},{"@type":"Organization","@id":"https:\/\/www.carmelitaniscalzi.com\/#organization","name":"CARMELITANI SCALZI - Curia Generale del Carmelo Teresiano","url":"https:\/\/www.carmelitaniscalzi.com\/","logo":{"@type":"ImageObject","inLanguage":"fr-FR","@id":"https:\/\/www.carmelitaniscalzi.com\/#\/schema\/logo\/image\/","url":"https:\/\/www.carmelitaniscalzi.com\/wp-content\/uploads\/2025\/11\/login-logo.png","contentUrl":"https:\/\/www.carmelitaniscalzi.com\/wp-content\/uploads\/2025\/11\/login-logo.png","width":256,"height":256,"caption":"CARMELITANI SCALZI - Curia Generale del Carmelo Teresiano"},"image":{"@id":"https:\/\/www.carmelitaniscalzi.com\/#\/schema\/logo\/image\/"},"sameAs":["https:\/\/www.facebook.com\/Curia-Generalizia-Carmelitani-Scalzi-658766940887784\/","https:\/\/x.com\/ocdcuria","https:\/\/www.youtube.com\/channel\/UC2J5ZL0ycOY0qBSTCLX_NGQ\/videos","https:\/\/www.instagram.com\/ocdinform\/"]},{"@type":"Person","@id":"https:\/\/www.carmelitaniscalzi.com\/#\/schema\/person\/6d1c0d9bea7b6625c437246a5d6da409","name":"ocd web master","image":{"@type":"ImageObject","inLanguage":"fr-FR","@id":"https:\/\/www.carmelitaniscalzi.com\/#\/schema\/person\/image\/","url":"https:\/\/secure.gravatar.com\/avatar\/41fbc5f82bad909fbaf2984c43fa50d8519ac5853e25b454d022b6868f80d0e7?s=96&d=mm&r=g","contentUrl":"https:\/\/secure.gravatar.com\/avatar\/41fbc5f82bad909fbaf2984c43fa50d8519ac5853e25b454d022b6868f80d0e7?s=96&d=mm&r=g","caption":"ocd web master"},"url":"https:\/\/www.carmelitaniscalzi.com\/fr\/author\/ocdwebmaster\/"}]}},"_links":{"self":[{"href":"https:\/\/www.carmelitaniscalzi.com\/fr\/wp-json\/wp\/v2\/posts\/515412","targetHints":{"allow":["GET"]}}],"collection":[{"href":"https:\/\/www.carmelitaniscalzi.com\/fr\/wp-json\/wp\/v2\/posts"}],"about":[{"href":"https:\/\/www.carmelitaniscalzi.com\/fr\/wp-json\/wp\/v2\/types\/post"}],"author":[{"embeddable":true,"href":"https:\/\/www.carmelitaniscalzi.com\/fr\/wp-json\/wp\/v2\/users\/7"}],"replies":[{"embeddable":true,"href":"https:\/\/www.carmelitaniscalzi.com\/fr\/wp-json\/wp\/v2\/comments?post=515412"}],"version-history":[{"count":2,"href":"https:\/\/www.carmelitaniscalzi.com\/fr\/wp-json\/wp\/v2\/posts\/515412\/revisions"}],"predecessor-version":[{"id":515423,"href":"https:\/\/www.carmelitaniscalzi.com\/fr\/wp-json\/wp\/v2\/posts\/515412\/revisions\/515423"}],"wp:featuredmedia":[{"embeddable":true,"href":"https:\/\/www.carmelitaniscalzi.com\/fr\/wp-json\/wp\/v2\/media\/515329"}],"wp:attachment":[{"href":"https:\/\/www.carmelitaniscalzi.com\/fr\/wp-json\/wp\/v2\/media?parent=515412"}],"wp:term":[{"taxonomy":"category","embeddable":true,"href":"https:\/\/www.carmelitaniscalzi.com\/fr\/wp-json\/wp\/v2\/categories?post=515412"},{"taxonomy":"post_tag","embeddable":true,"href":"https:\/\/www.carmelitaniscalzi.com\/fr\/wp-json\/wp\/v2\/tags?post=515412"}],"curies":[{"name":"wp","href":"https:\/\/api.w.org\/{rel}","templated":true}]}}