{"id":515300,"date":"2025-10-04T15:40:20","date_gmt":"2025-10-04T13:40:20","guid":{"rendered":"https:\/\/www.carmelitaniscalzi.com\/?p=515300"},"modified":"2025-10-13T15:40:55","modified_gmt":"2025-10-13T13:40:55","slug":"rencontre-de-la-cicla-sud","status":"publish","type":"post","link":"https:\/\/www.carmelitaniscalzi.com\/fr\/2025\/10\/04\/rencontre-de-la-cicla-sud\/","title":{"rendered":"Rencontre de la CICLA Sud"},"content":{"rendered":"<p>Du 30 juin au 3 juillet 2025, dans notre centre spirituel Santa Teresa, \u00e0 La Plata (Argentine), s&rsquo;est tenue la rencontre des Sup\u00e9rieurs majeurs et de leurs Conseils des Circonscriptions de la CICLA Sud (Province du Br\u00e9sil-Sud, D\u00e9l\u00e9gation G\u00e9n\u00e9rale d&rsquo;Argentine, Commissariat du Chili et Vicariat d&rsquo;Uruguay-Paraguay), avec la participation du P. Mart\u00edn Mart\u00ednez (D\u00e9finiteur g\u00e9n\u00e9ral).<\/p>\n<p>Notre P\u00e8re G\u00e9n\u00e9ral Miguel M\u00e1rquez nous a \u00e9clair\u00e9s via Zoom sur la signification profonde de la restructuration : il s&rsquo;agit de donner de la qualit\u00e9 \u00e0 notre style de vie et \u00e0 notre t\u00e9moignage charismatique multiculturel au service du Peuple de Dieu, et cela ne se r\u00e9duit pas \u00e0 une simple fermeture de pr\u00e9sences.<\/p>\n<p>Notre engagement sur ce chemin ne part ni de l&rsquo;id\u00e9alisme ni de la na\u00efvet\u00e9, mais de la v\u00e9rit\u00e9 que nous avons pu saisir. Cela nous a amen\u00e9s \u00e0 vouloir avancer dans ce processus, en comptant sur les \u00e9l\u00e9ments positifs d\u00e9j\u00e0 recueillis et sans ignorer les inconv\u00e9nients qui se pr\u00e9senteront. Nous confions ce chemin \u00e0 la protection de la Vierge Marie, M\u00e8re et Beaut\u00e9 du Carmel.<\/p>\n<p>&nbsp;<\/p>\n<div class=\"wpmf-gallerys wpmf-gallerys-life \" ><div id=\"gallery-1\"\n data-gutter-width=\"5\"\n  data-wpmfcolumns=\"3\" class=\"wpmf-gallery gallery-link-file gallery_life gallery-masonry gallery-columns-3 gallery-size-thumbnail wpmf-gallery-bottomspace-default wpmf-gallery-clear wpmf-has-border-radius-0 wpmf-gutterwidth-5\"><div class=\"wpmf-gallery-item\n     wpmf-gallery-item-position-0 wpmf-gallery-item-attachment-515171\" data-index=\"0\"><div class=\"wpmf-gallery-icon\"><a class=\" not_video noLightbox\" data-lightbox=\"1\" data-href=\"https:\/\/www.carmelitaniscalzi.com\/wp-content\/uploads\/2025\/10\/CICLA-SUL-1-923x1024.jpg\" title=\"CICLA SUL 1\" target=\"_self\" data-index=\"0\"><img decoding=\"async\" class=\"wpmf_img\" alt=\"CICLA SUL 1\" src=\"https:\/\/www.carmelitaniscalzi.com\/wp-content\/uploads\/2025\/10\/CICLA-SUL-1-150x150.jpg\" data-type=\"wpmfgalleryimg\" data-lazy-src=\"https:\/\/www.carmelitaniscalzi.com\/wp-content\/uploads\/2025\/10\/CICLA-SUL-1-150x150.jpg\"><\/a><\/div><\/div><div class=\"wpmf-gallery-item\n     wpmf-gallery-item-position-1 wpmf-gallery-item-attachment-515177\" data-index=\"1\"><div class=\"wpmf-gallery-icon\"><a class=\" not_video noLightbox\" data-lightbox=\"1\" data-href=\"https:\/\/www.carmelitaniscalzi.com\/wp-content\/uploads\/2025\/10\/CICLA-SUL-4-1024x771.jpg\" title=\"CICLA SUL 4\" target=\"_self\" data-index=\"1\"><img decoding=\"async\" class=\"wpmf_img\" alt=\"CICLA SUL 4\" src=\"https:\/\/www.carmelitaniscalzi.com\/wp-content\/uploads\/2025\/10\/CICLA-SUL-4-150x150.jpg\" data-type=\"wpmfgalleryimg\" data-lazy-src=\"https:\/\/www.carmelitaniscalzi.com\/wp-content\/uploads\/2025\/10\/CICLA-SUL-4-150x150.jpg\"><\/a><\/div><\/div><div class=\"wpmf-gallery-item\n     wpmf-gallery-item-position-2 wpmf-gallery-item-attachment-515183\" data-index=\"2\"><div class=\"wpmf-gallery-icon\"><a class=\" not_video noLightbox\" data-lightbox=\"1\" data-href=\"https:\/\/www.carmelitaniscalzi.com\/wp-content\/uploads\/2025\/10\/CICLA-SUL-5-1024x771.jpg\" title=\"CICLA SUL 5\" target=\"_self\" data-index=\"2\"><img decoding=\"async\" class=\"wpmf_img\" alt=\"CICLA SUL 5\" src=\"https:\/\/www.carmelitaniscalzi.com\/wp-content\/uploads\/2025\/10\/CICLA-SUL-5-150x150.jpg\" data-type=\"wpmfgalleryimg\" data-lazy-src=\"https:\/\/www.carmelitaniscalzi.com\/wp-content\/uploads\/2025\/10\/CICLA-SUL-5-150x150.jpg\"><\/a><\/div><\/div><\/div><\/div>\n\n","protected":false},"excerpt":{"rendered":"<p>Du 30 juin au 3 juillet 2025, dans notre centre spirituel Santa Teresa, \u00e0 La Plata (Argentine), s&rsquo;est tenue la rencontre des Sup\u00e9rieurs majeurs et de leurs Conseils des Circonscriptions de la CICLA Sud (Province du Br\u00e9sil-Sud, D\u00e9l\u00e9gation G\u00e9n\u00e9rale d&rsquo;Argentine, Commissariat du Chili et Vicariat d&rsquo;Uruguay-Paraguay), avec la participation du P. Mart\u00edn Mart\u00ednez (D\u00e9finiteur g\u00e9n\u00e9ral). [&hellip;]<\/p>\n","protected":false},"author":7,"featured_media":515293,"comment_status":"closed","ping_status":"closed","sticky":false,"template":"","format":"standard","meta":{"_acf_changed":false,"footnotes":""},"categories":[198,201,370],"tags":[],"class_list":["post-515300","post","type-post","status-publish","format-standard","has-post-thumbnail","hentry","category-nouvelles-definiteurs","category-nouvelles-freres","category-nouvelles"],"acf":[],"yoast_head":"<!-- This site is optimized with the Yoast SEO plugin v26.3 - https:\/\/yoast.com\/wordpress\/plugins\/seo\/ -->\n<title>Rencontre de la CICLA Sud - CARMES D\u00c9CHAUX<\/title>\n<meta name=\"robots\" content=\"index, follow, max-snippet:-1, max-image-preview:large, max-video-preview:-1\" \/>\n<link rel=\"canonical\" href=\"https:\/\/www.carmelitaniscalzi.com\/fr\/2025\/10\/04\/rencontre-de-la-cicla-sud\/\" \/>\n<meta property=\"og:locale\" content=\"fr_FR\" \/>\n<meta property=\"og:type\" content=\"article\" \/>\n<meta property=\"og:title\" content=\"Rencontre de la CICLA Sud - CARMES D\u00c9CHAUX\" \/>\n<meta property=\"og:description\" content=\"Du 30 juin au 3 juillet 2025, dans notre centre spirituel Santa Teresa, \u00e0 La Plata (Argentine), s&rsquo;est tenue la rencontre des Sup\u00e9rieurs majeurs et de leurs Conseils des Circonscriptions de la CICLA Sud (Province du Br\u00e9sil-Sud, D\u00e9l\u00e9gation G\u00e9n\u00e9rale d&rsquo;Argentine, Commissariat du Chili et Vicariat d&rsquo;Uruguay-Paraguay), avec la participation du P. Mart\u00edn Mart\u00ednez (D\u00e9finiteur g\u00e9n\u00e9ral). [&hellip;]\" \/>\n<meta property=\"og:url\" content=\"https:\/\/www.carmelitaniscalzi.com\/fr\/2025\/10\/04\/rencontre-de-la-cicla-sud\/\" \/>\n<meta property=\"og:site_name\" content=\"CARMES D\u00c9CHAUX\" \/>\n<meta property=\"article:publisher\" content=\"https:\/\/www.facebook.com\/Curia-Generalizia-Carmelitani-Scalzi-658766940887784\/\" \/>\n<meta property=\"article:published_time\" content=\"2025-10-04T13:40:20+00:00\" \/>\n<meta property=\"article:modified_time\" content=\"2025-10-13T13:40:55+00:00\" \/>\n<meta property=\"og:image\" content=\"https:\/\/www.carmelitaniscalzi.com\/wp-content\/uploads\/2025\/10\/cover_cicla_09.2025.jpg\" \/>\n\t<meta property=\"og:image:width\" content=\"1200\" \/>\n\t<meta property=\"og:image:height\" content=\"800\" \/>\n\t<meta property=\"og:image:type\" content=\"image\/jpeg\" \/>\n<meta name=\"author\" content=\"ocd web master\" \/>\n<meta name=\"twitter:card\" content=\"summary_large_image\" \/>\n<meta name=\"twitter:creator\" content=\"@ocdcuria\" \/>\n<meta name=\"twitter:site\" content=\"@ocdcuria\" \/>\n<meta name=\"twitter:label1\" content=\"\u00c9crit par\" \/>\n\t<meta name=\"twitter:data1\" content=\"ocd web master\" \/>\n\t<meta name=\"twitter:label2\" content=\"Dur\u00e9e de lecture estim\u00e9e\" \/>\n\t<meta name=\"twitter:data2\" content=\"1 minute\" \/>\n<script type=\"application\/ld+json\" class=\"yoast-schema-graph\">{\"@context\":\"https:\/\/schema.org\",\"@graph\":[{\"@type\":\"Article\",\"@id\":\"https:\/\/www.carmelitaniscalzi.com\/fr\/2025\/10\/04\/rencontre-de-la-cicla-sud\/#article\",\"isPartOf\":{\"@id\":\"https:\/\/www.carmelitaniscalzi.com\/fr\/2025\/10\/04\/rencontre-de-la-cicla-sud\/\"},\"author\":{\"name\":\"ocd web master\",\"@id\":\"https:\/\/www.carmelitaniscalzi.com\/#\/schema\/person\/6d1c0d9bea7b6625c437246a5d6da409\"},\"headline\":\"Rencontre de la CICLA Sud\",\"datePublished\":\"2025-10-04T13:40:20+00:00\",\"dateModified\":\"2025-10-13T13:40:55+00:00\",\"mainEntityOfPage\":{\"@id\":\"https:\/\/www.carmelitaniscalzi.com\/fr\/2025\/10\/04\/rencontre-de-la-cicla-sud\/\"},\"wordCount\":212,\"publisher\":{\"@id\":\"https:\/\/www.carmelitaniscalzi.com\/#organization\"},\"image\":{\"@id\":\"https:\/\/www.carmelitaniscalzi.com\/fr\/2025\/10\/04\/rencontre-de-la-cicla-sud\/#primaryimage\"},\"thumbnailUrl\":\"https:\/\/www.carmelitaniscalzi.com\/wp-content\/uploads\/2025\/10\/cover_cicla_09.2025.jpg\",\"articleSection\":[\"Nouvelles D\u00e9finiteurs\",\"Nouvelles Fr\u00e8res\",\"Nouvelles\"],\"inLanguage\":\"fr-FR\"},{\"@type\":\"WebPage\",\"@id\":\"https:\/\/www.carmelitaniscalzi.com\/fr\/2025\/10\/04\/rencontre-de-la-cicla-sud\/\",\"url\":\"https:\/\/www.carmelitaniscalzi.com\/fr\/2025\/10\/04\/rencontre-de-la-cicla-sud\/\",\"name\":\"Rencontre de la CICLA Sud - CARMES D\u00c9CHAUX\",\"isPartOf\":{\"@id\":\"https:\/\/www.carmelitaniscalzi.com\/#website\"},\"primaryImageOfPage\":{\"@id\":\"https:\/\/www.carmelitaniscalzi.com\/fr\/2025\/10\/04\/rencontre-de-la-cicla-sud\/#primaryimage\"},\"image\":{\"@id\":\"https:\/\/www.carmelitaniscalzi.com\/fr\/2025\/10\/04\/rencontre-de-la-cicla-sud\/#primaryimage\"},\"thumbnailUrl\":\"https:\/\/www.carmelitaniscalzi.com\/wp-content\/uploads\/2025\/10\/cover_cicla_09.2025.jpg\",\"datePublished\":\"2025-10-04T13:40:20+00:00\",\"dateModified\":\"2025-10-13T13:40:55+00:00\",\"breadcrumb\":{\"@id\":\"https:\/\/www.carmelitaniscalzi.com\/fr\/2025\/10\/04\/rencontre-de-la-cicla-sud\/#breadcrumb\"},\"inLanguage\":\"fr-FR\",\"potentialAction\":[{\"@type\":\"ReadAction\",\"target\":[\"https:\/\/www.carmelitaniscalzi.com\/fr\/2025\/10\/04\/rencontre-de-la-cicla-sud\/\"]}]},{\"@type\":\"ImageObject\",\"inLanguage\":\"fr-FR\",\"@id\":\"https:\/\/www.carmelitaniscalzi.com\/fr\/2025\/10\/04\/rencontre-de-la-cicla-sud\/#primaryimage\",\"url\":\"https:\/\/www.carmelitaniscalzi.com\/wp-content\/uploads\/2025\/10\/cover_cicla_09.2025.jpg\",\"contentUrl\":\"https:\/\/www.carmelitaniscalzi.com\/wp-content\/uploads\/2025\/10\/cover_cicla_09.2025.jpg\",\"width\":1200,\"height\":800},{\"@type\":\"BreadcrumbList\",\"@id\":\"https:\/\/www.carmelitaniscalzi.com\/fr\/2025\/10\/04\/rencontre-de-la-cicla-sud\/#breadcrumb\",\"itemListElement\":[{\"@type\":\"ListItem\",\"position\":1,\"name\":\"Home\",\"item\":\"https:\/\/www.carmelitaniscalzi.com\/fr\/\"},{\"@type\":\"ListItem\",\"position\":2,\"name\":\"Rencontre de la CICLA Sud\"}]},{\"@type\":\"WebSite\",\"@id\":\"https:\/\/www.carmelitaniscalzi.com\/#website\",\"url\":\"https:\/\/www.carmelitaniscalzi.com\/\",\"name\":\"CARMELITANI SCALZI - Curia Generale del Carmelo Teresiano\",\"description\":\"Curie G\u00e9n\u00e9ralice du Carmel D\u00e9chauss\u00e9\",\"publisher\":{\"@id\":\"https:\/\/www.carmelitaniscalzi.com\/#organization\"},\"alternateName\":\"CARMELITANI SCALZI\",\"potentialAction\":[{\"@type\":\"SearchAction\",\"target\":{\"@type\":\"EntryPoint\",\"urlTemplate\":\"https:\/\/www.carmelitaniscalzi.com\/?s={search_term_string}\"},\"query-input\":{\"@type\":\"PropertyValueSpecification\",\"valueRequired\":true,\"valueName\":\"search_term_string\"}}],\"inLanguage\":\"fr-FR\"},{\"@type\":\"Organization\",\"@id\":\"https:\/\/www.carmelitaniscalzi.com\/#organization\",\"name\":\"CARMELITANI SCALZI - Curia Generale del Carmelo Teresiano\",\"url\":\"https:\/\/www.carmelitaniscalzi.com\/\",\"logo\":{\"@type\":\"ImageObject\",\"inLanguage\":\"fr-FR\",\"@id\":\"https:\/\/www.carmelitaniscalzi.com\/#\/schema\/logo\/image\/\",\"url\":\"https:\/\/www.carmelitaniscalzi.com\/wp-content\/uploads\/2025\/11\/login-logo.png\",\"contentUrl\":\"https:\/\/www.carmelitaniscalzi.com\/wp-content\/uploads\/2025\/11\/login-logo.png\",\"width\":256,\"height\":256,\"caption\":\"CARMELITANI SCALZI - Curia Generale del Carmelo Teresiano\"},\"image\":{\"@id\":\"https:\/\/www.carmelitaniscalzi.com\/#\/schema\/logo\/image\/\"},\"sameAs\":[\"https:\/\/www.facebook.com\/Curia-Generalizia-Carmelitani-Scalzi-658766940887784\/\",\"https:\/\/x.com\/ocdcuria\",\"https:\/\/www.youtube.com\/channel\/UC2J5ZL0ycOY0qBSTCLX_NGQ\/videos\",\"https:\/\/www.instagram.com\/ocdinform\/\"]},{\"@type\":\"Person\",\"@id\":\"https:\/\/www.carmelitaniscalzi.com\/#\/schema\/person\/6d1c0d9bea7b6625c437246a5d6da409\",\"name\":\"ocd web master\",\"image\":{\"@type\":\"ImageObject\",\"inLanguage\":\"fr-FR\",\"@id\":\"https:\/\/www.carmelitaniscalzi.com\/#\/schema\/person\/image\/\",\"url\":\"https:\/\/secure.gravatar.com\/avatar\/41fbc5f82bad909fbaf2984c43fa50d8519ac5853e25b454d022b6868f80d0e7?s=96&d=mm&r=g\",\"contentUrl\":\"https:\/\/secure.gravatar.com\/avatar\/41fbc5f82bad909fbaf2984c43fa50d8519ac5853e25b454d022b6868f80d0e7?s=96&d=mm&r=g\",\"caption\":\"ocd web master\"},\"url\":\"https:\/\/www.carmelitaniscalzi.com\/fr\/author\/ocdwebmaster\/\"}]}<\/script>\n<!-- \/ Yoast SEO plugin. -->","yoast_head_json":{"title":"Rencontre de la CICLA Sud - CARMES D\u00c9CHAUX","robots":{"index":"index","follow":"follow","max-snippet":"max-snippet:-1","max-image-preview":"max-image-preview:large","max-video-preview":"max-video-preview:-1"},"canonical":"https:\/\/www.carmelitaniscalzi.com\/fr\/2025\/10\/04\/rencontre-de-la-cicla-sud\/","og_locale":"fr_FR","og_type":"article","og_title":"Rencontre de la CICLA Sud - CARMES D\u00c9CHAUX","og_description":"Du 30 juin au 3 juillet 2025, dans notre centre spirituel Santa Teresa, \u00e0 La Plata (Argentine), s&rsquo;est tenue la rencontre des Sup\u00e9rieurs majeurs et de leurs Conseils des Circonscriptions de la CICLA Sud (Province du Br\u00e9sil-Sud, D\u00e9l\u00e9gation G\u00e9n\u00e9rale d&rsquo;Argentine, Commissariat du Chili et Vicariat d&rsquo;Uruguay-Paraguay), avec la participation du P. Mart\u00edn Mart\u00ednez (D\u00e9finiteur g\u00e9n\u00e9ral). [&hellip;]","og_url":"https:\/\/www.carmelitaniscalzi.com\/fr\/2025\/10\/04\/rencontre-de-la-cicla-sud\/","og_site_name":"CARMES D\u00c9CHAUX","article_publisher":"https:\/\/www.facebook.com\/Curia-Generalizia-Carmelitani-Scalzi-658766940887784\/","article_published_time":"2025-10-04T13:40:20+00:00","article_modified_time":"2025-10-13T13:40:55+00:00","og_image":[{"width":1200,"height":800,"url":"https:\/\/www.carmelitaniscalzi.com\/wp-content\/uploads\/2025\/10\/cover_cicla_09.2025.jpg","type":"image\/jpeg"}],"author":"ocd web master","twitter_card":"summary_large_image","twitter_creator":"@ocdcuria","twitter_site":"@ocdcuria","twitter_misc":{"\u00c9crit par":"ocd web master","Dur\u00e9e de lecture estim\u00e9e":"1 minute"},"schema":{"@context":"https:\/\/schema.org","@graph":[{"@type":"Article","@id":"https:\/\/www.carmelitaniscalzi.com\/fr\/2025\/10\/04\/rencontre-de-la-cicla-sud\/#article","isPartOf":{"@id":"https:\/\/www.carmelitaniscalzi.com\/fr\/2025\/10\/04\/rencontre-de-la-cicla-sud\/"},"author":{"name":"ocd web master","@id":"https:\/\/www.carmelitaniscalzi.com\/#\/schema\/person\/6d1c0d9bea7b6625c437246a5d6da409"},"headline":"Rencontre de la CICLA Sud","datePublished":"2025-10-04T13:40:20+00:00","dateModified":"2025-10-13T13:40:55+00:00","mainEntityOfPage":{"@id":"https:\/\/www.carmelitaniscalzi.com\/fr\/2025\/10\/04\/rencontre-de-la-cicla-sud\/"},"wordCount":212,"publisher":{"@id":"https:\/\/www.carmelitaniscalzi.com\/#organization"},"image":{"@id":"https:\/\/www.carmelitaniscalzi.com\/fr\/2025\/10\/04\/rencontre-de-la-cicla-sud\/#primaryimage"},"thumbnailUrl":"https:\/\/www.carmelitaniscalzi.com\/wp-content\/uploads\/2025\/10\/cover_cicla_09.2025.jpg","articleSection":["Nouvelles D\u00e9finiteurs","Nouvelles Fr\u00e8res","Nouvelles"],"inLanguage":"fr-FR"},{"@type":"WebPage","@id":"https:\/\/www.carmelitaniscalzi.com\/fr\/2025\/10\/04\/rencontre-de-la-cicla-sud\/","url":"https:\/\/www.carmelitaniscalzi.com\/fr\/2025\/10\/04\/rencontre-de-la-cicla-sud\/","name":"Rencontre de la CICLA Sud - CARMES D\u00c9CHAUX","isPartOf":{"@id":"https:\/\/www.carmelitaniscalzi.com\/#website"},"primaryImageOfPage":{"@id":"https:\/\/www.carmelitaniscalzi.com\/fr\/2025\/10\/04\/rencontre-de-la-cicla-sud\/#primaryimage"},"image":{"@id":"https:\/\/www.carmelitaniscalzi.com\/fr\/2025\/10\/04\/rencontre-de-la-cicla-sud\/#primaryimage"},"thumbnailUrl":"https:\/\/www.carmelitaniscalzi.com\/wp-content\/uploads\/2025\/10\/cover_cicla_09.2025.jpg","datePublished":"2025-10-04T13:40:20+00:00","dateModified":"2025-10-13T13:40:55+00:00","breadcrumb":{"@id":"https:\/\/www.carmelitaniscalzi.com\/fr\/2025\/10\/04\/rencontre-de-la-cicla-sud\/#breadcrumb"},"inLanguage":"fr-FR","potentialAction":[{"@type":"ReadAction","target":["https:\/\/www.carmelitaniscalzi.com\/fr\/2025\/10\/04\/rencontre-de-la-cicla-sud\/"]}]},{"@type":"ImageObject","inLanguage":"fr-FR","@id":"https:\/\/www.carmelitaniscalzi.com\/fr\/2025\/10\/04\/rencontre-de-la-cicla-sud\/#primaryimage","url":"https:\/\/www.carmelitaniscalzi.com\/wp-content\/uploads\/2025\/10\/cover_cicla_09.2025.jpg","contentUrl":"https:\/\/www.carmelitaniscalzi.com\/wp-content\/uploads\/2025\/10\/cover_cicla_09.2025.jpg","width":1200,"height":800},{"@type":"BreadcrumbList","@id":"https:\/\/www.carmelitaniscalzi.com\/fr\/2025\/10\/04\/rencontre-de-la-cicla-sud\/#breadcrumb","itemListElement":[{"@type":"ListItem","position":1,"name":"Home","item":"https:\/\/www.carmelitaniscalzi.com\/fr\/"},{"@type":"ListItem","position":2,"name":"Rencontre de la CICLA Sud"}]},{"@type":"WebSite","@id":"https:\/\/www.carmelitaniscalzi.com\/#website","url":"https:\/\/www.carmelitaniscalzi.com\/","name":"CARMELITANI SCALZI - Curia Generale del Carmelo Teresiano","description":"Curie G\u00e9n\u00e9ralice du Carmel D\u00e9chauss\u00e9","publisher":{"@id":"https:\/\/www.carmelitaniscalzi.com\/#organization"},"alternateName":"CARMELITANI SCALZI","potentialAction":[{"@type":"SearchAction","target":{"@type":"EntryPoint","urlTemplate":"https:\/\/www.carmelitaniscalzi.com\/?s={search_term_string}"},"query-input":{"@type":"PropertyValueSpecification","valueRequired":true,"valueName":"search_term_string"}}],"inLanguage":"fr-FR"},{"@type":"Organization","@id":"https:\/\/www.carmelitaniscalzi.com\/#organization","name":"CARMELITANI SCALZI - Curia Generale del Carmelo Teresiano","url":"https:\/\/www.carmelitaniscalzi.com\/","logo":{"@type":"ImageObject","inLanguage":"fr-FR","@id":"https:\/\/www.carmelitaniscalzi.com\/#\/schema\/logo\/image\/","url":"https:\/\/www.carmelitaniscalzi.com\/wp-content\/uploads\/2025\/11\/login-logo.png","contentUrl":"https:\/\/www.carmelitaniscalzi.com\/wp-content\/uploads\/2025\/11\/login-logo.png","width":256,"height":256,"caption":"CARMELITANI SCALZI - Curia Generale del Carmelo Teresiano"},"image":{"@id":"https:\/\/www.carmelitaniscalzi.com\/#\/schema\/logo\/image\/"},"sameAs":["https:\/\/www.facebook.com\/Curia-Generalizia-Carmelitani-Scalzi-658766940887784\/","https:\/\/x.com\/ocdcuria","https:\/\/www.youtube.com\/channel\/UC2J5ZL0ycOY0qBSTCLX_NGQ\/videos","https:\/\/www.instagram.com\/ocdinform\/"]},{"@type":"Person","@id":"https:\/\/www.carmelitaniscalzi.com\/#\/schema\/person\/6d1c0d9bea7b6625c437246a5d6da409","name":"ocd web master","image":{"@type":"ImageObject","inLanguage":"fr-FR","@id":"https:\/\/www.carmelitaniscalzi.com\/#\/schema\/person\/image\/","url":"https:\/\/secure.gravatar.com\/avatar\/41fbc5f82bad909fbaf2984c43fa50d8519ac5853e25b454d022b6868f80d0e7?s=96&d=mm&r=g","contentUrl":"https:\/\/secure.gravatar.com\/avatar\/41fbc5f82bad909fbaf2984c43fa50d8519ac5853e25b454d022b6868f80d0e7?s=96&d=mm&r=g","caption":"ocd web master"},"url":"https:\/\/www.carmelitaniscalzi.com\/fr\/author\/ocdwebmaster\/"}]}},"_links":{"self":[{"href":"https:\/\/www.carmelitaniscalzi.com\/fr\/wp-json\/wp\/v2\/posts\/515300","targetHints":{"allow":["GET"]}}],"collection":[{"href":"https:\/\/www.carmelitaniscalzi.com\/fr\/wp-json\/wp\/v2\/posts"}],"about":[{"href":"https:\/\/www.carmelitaniscalzi.com\/fr\/wp-json\/wp\/v2\/types\/post"}],"author":[{"embeddable":true,"href":"https:\/\/www.carmelitaniscalzi.com\/fr\/wp-json\/wp\/v2\/users\/7"}],"replies":[{"embeddable":true,"href":"https:\/\/www.carmelitaniscalzi.com\/fr\/wp-json\/wp\/v2\/comments?post=515300"}],"version-history":[{"count":1,"href":"https:\/\/www.carmelitaniscalzi.com\/fr\/wp-json\/wp\/v2\/posts\/515300\/revisions"}],"predecessor-version":[{"id":515301,"href":"https:\/\/www.carmelitaniscalzi.com\/fr\/wp-json\/wp\/v2\/posts\/515300\/revisions\/515301"}],"wp:featuredmedia":[{"embeddable":true,"href":"https:\/\/www.carmelitaniscalzi.com\/fr\/wp-json\/wp\/v2\/media\/515293"}],"wp:attachment":[{"href":"https:\/\/www.carmelitaniscalzi.com\/fr\/wp-json\/wp\/v2\/media?parent=515300"}],"wp:term":[{"taxonomy":"category","embeddable":true,"href":"https:\/\/www.carmelitaniscalzi.com\/fr\/wp-json\/wp\/v2\/categories?post=515300"},{"taxonomy":"post_tag","embeddable":true,"href":"https:\/\/www.carmelitaniscalzi.com\/fr\/wp-json\/wp\/v2\/tags?post=515300"}],"curies":[{"name":"wp","href":"https:\/\/api.w.org\/{rel}","templated":true}]}}