{"id":494321,"date":"2025-09-04T01:00:51","date_gmt":"2025-09-03T23:00:51","guid":{"rendered":"https:\/\/www.carmelitaniscalzi.com\/?p=494321"},"modified":"2025-08-28T01:08:23","modified_gmt":"2025-08-27T23:08:23","slug":"liturgie-de-notre-ordre","status":"publish","type":"post","link":"https:\/\/www.carmelitaniscalzi.com\/fr\/2025\/09\/04\/liturgie-de-notre-ordre\/","title":{"rendered":"LITURGIE DE NOTRE ORDRE"},"content":{"rendered":"<p>Par un d\u00e9cret du 16 juillet 2025, le Dicast\u00e8re pour le Culte Divin et la Discipline des Sacrements a approuv\u00e9 l&rsquo;<em>Editio typica altera<\/em> du <em>Proprium Missarum OCD<\/em> (la \u00ab deuxi\u00e8me \u00e9dition \u00bb du \u00ab Missel du Carmel \u00bb en latin). Le nouveau texte liturgique comprend les textes complets (aussi bien ceux du Missel que ceux du Lectionnaire) et une note biographique introductive pour chaque occurrence.<\/p>\n<p>En attendant l&rsquo;impression en deux volumes, le D\u00e9finitoire G\u00e9n\u00e9ral a promulgu\u00e9 par un d\u00e9cret du 15 ao\u00fbt le texte pour l&rsquo;ensemble de l&rsquo;Ordre, le rendant obligatoire (dans l&rsquo;original latin) \u00e0 partir du 20 novembre, premier dimanche de l&rsquo;Avent.<\/p>\n<p>Avec cette promulgation commence \u00e9galement le travail de traduction dans toutes les langues, qui devra \u00e0 son tour recevoir l&rsquo;approbation du Dicast\u00e8re pour pouvoir \u00eatre imprim\u00e9e et utilis\u00e9e. Au cours de cette p\u00e9riode, les diff\u00e9rents responsables des zones linguistiques seront contact\u00e9s pour fixer les modalit\u00e9s et le d\u00e9roulement du travail de traduction.<\/p>\n<p>La pr\u00e9paration de l&rsquo;<em>Editio typica altera<\/em> de la <em>Liturgia Horarum OCD<\/em> peut maintenant d\u00e9buter.<\/p>\n<p>En revanche, le nouveau <em>Rituel de l&rsquo;OCDS<\/em> est toujours en cours d&rsquo;\u00e9tude et de r\u00e9vision au Dicast\u00e8re.<\/p>\n","protected":false},"excerpt":{"rendered":"<p>Par un d\u00e9cret du 16 juillet 2025, le Dicast\u00e8re pour le Culte Divin et la Discipline des Sacrements a approuv\u00e9 l&rsquo;Editio typica altera du Proprium Missarum OCD (la \u00ab deuxi\u00e8me \u00e9dition \u00bb du \u00ab Missel du Carmel \u00bb en latin). Le nouveau texte liturgique comprend les textes complets (aussi bien ceux du Missel que ceux [&hellip;]<\/p>\n","protected":false},"author":7,"featured_media":494091,"comment_status":"closed","ping_status":"closed","sticky":false,"template":"","format":"standard","meta":{"_acf_changed":false,"footnotes":""},"categories":[198,201,203,261,370],"tags":[],"class_list":["post-494321","post","type-post","status-publish","format-standard","has-post-thumbnail","hentry","category-nouvelles-definiteurs","category-nouvelles-freres","category-nouvelles-moniales","category-nouvelles-ocds","category-nouvelles"],"acf":[],"yoast_head":"<!-- This site is optimized with the Yoast SEO plugin v26.3 - https:\/\/yoast.com\/wordpress\/plugins\/seo\/ -->\n<title>LITURGIE DE NOTRE ORDRE - CARMES D\u00c9CHAUX<\/title>\n<meta name=\"robots\" content=\"index, follow, max-snippet:-1, max-image-preview:large, max-video-preview:-1\" \/>\n<link rel=\"canonical\" href=\"https:\/\/www.carmelitaniscalzi.com\/fr\/2025\/09\/04\/liturgie-de-notre-ordre\/\" \/>\n<meta property=\"og:locale\" content=\"fr_FR\" \/>\n<meta property=\"og:type\" content=\"article\" \/>\n<meta property=\"og:title\" content=\"LITURGIE DE NOTRE ORDRE - CARMES D\u00c9CHAUX\" \/>\n<meta property=\"og:description\" content=\"Par un d\u00e9cret du 16 juillet 2025, le Dicast\u00e8re pour le Culte Divin et la Discipline des Sacrements a approuv\u00e9 l&rsquo;Editio typica altera du Proprium Missarum OCD (la \u00ab deuxi\u00e8me \u00e9dition \u00bb du \u00ab Missel du Carmel \u00bb en latin). Le nouveau texte liturgique comprend les textes complets (aussi bien ceux du Missel que ceux [&hellip;]\" \/>\n<meta property=\"og:url\" content=\"https:\/\/www.carmelitaniscalzi.com\/fr\/2025\/09\/04\/liturgie-de-notre-ordre\/\" \/>\n<meta property=\"og:site_name\" content=\"CARMES D\u00c9CHAUX\" \/>\n<meta property=\"article:publisher\" content=\"https:\/\/www.facebook.com\/Curia-Generalizia-Carmelitani-Scalzi-658766940887784\/\" \/>\n<meta property=\"article:published_time\" content=\"2025-09-03T23:00:51+00:00\" \/>\n<meta property=\"og:image\" content=\"https:\/\/www.carmelitaniscalzi.com\/wp-content\/uploads\/2025\/08\/cover_liturgia_08.2025.jpg\" \/>\n\t<meta property=\"og:image:width\" content=\"1200\" \/>\n\t<meta property=\"og:image:height\" content=\"800\" \/>\n\t<meta property=\"og:image:type\" content=\"image\/jpeg\" \/>\n<meta name=\"author\" content=\"ocd web master\" \/>\n<meta name=\"twitter:card\" content=\"summary_large_image\" \/>\n<meta name=\"twitter:creator\" content=\"@ocdcuria\" \/>\n<meta name=\"twitter:site\" content=\"@ocdcuria\" \/>\n<meta name=\"twitter:label1\" content=\"\u00c9crit par\" \/>\n\t<meta name=\"twitter:data1\" content=\"ocd web master\" \/>\n\t<meta name=\"twitter:label2\" content=\"Dur\u00e9e de lecture estim\u00e9e\" \/>\n\t<meta name=\"twitter:data2\" content=\"1 minute\" \/>\n<script type=\"application\/ld+json\" class=\"yoast-schema-graph\">{\"@context\":\"https:\/\/schema.org\",\"@graph\":[{\"@type\":\"Article\",\"@id\":\"https:\/\/www.carmelitaniscalzi.com\/fr\/2025\/09\/04\/liturgie-de-notre-ordre\/#article\",\"isPartOf\":{\"@id\":\"https:\/\/www.carmelitaniscalzi.com\/fr\/2025\/09\/04\/liturgie-de-notre-ordre\/\"},\"author\":{\"name\":\"ocd web master\",\"@id\":\"https:\/\/www.carmelitaniscalzi.com\/#\/schema\/person\/6d1c0d9bea7b6625c437246a5d6da409\"},\"headline\":\"LITURGIE DE NOTRE ORDRE\",\"datePublished\":\"2025-09-03T23:00:51+00:00\",\"mainEntityOfPage\":{\"@id\":\"https:\/\/www.carmelitaniscalzi.com\/fr\/2025\/09\/04\/liturgie-de-notre-ordre\/\"},\"wordCount\":210,\"publisher\":{\"@id\":\"https:\/\/www.carmelitaniscalzi.com\/#organization\"},\"image\":{\"@id\":\"https:\/\/www.carmelitaniscalzi.com\/fr\/2025\/09\/04\/liturgie-de-notre-ordre\/#primaryimage\"},\"thumbnailUrl\":\"https:\/\/www.carmelitaniscalzi.com\/wp-content\/uploads\/2025\/08\/cover_liturgia_08.2025.jpg\",\"articleSection\":[\"Nouvelles D\u00e9finiteurs\",\"Nouvelles Fr\u00e8res\",\"Nouvelles Moniales\",\"Nouvelles OCDS\",\"Nouvelles\"],\"inLanguage\":\"fr-FR\"},{\"@type\":\"WebPage\",\"@id\":\"https:\/\/www.carmelitaniscalzi.com\/fr\/2025\/09\/04\/liturgie-de-notre-ordre\/\",\"url\":\"https:\/\/www.carmelitaniscalzi.com\/fr\/2025\/09\/04\/liturgie-de-notre-ordre\/\",\"name\":\"LITURGIE DE NOTRE ORDRE - CARMES D\u00c9CHAUX\",\"isPartOf\":{\"@id\":\"https:\/\/www.carmelitaniscalzi.com\/#website\"},\"primaryImageOfPage\":{\"@id\":\"https:\/\/www.carmelitaniscalzi.com\/fr\/2025\/09\/04\/liturgie-de-notre-ordre\/#primaryimage\"},\"image\":{\"@id\":\"https:\/\/www.carmelitaniscalzi.com\/fr\/2025\/09\/04\/liturgie-de-notre-ordre\/#primaryimage\"},\"thumbnailUrl\":\"https:\/\/www.carmelitaniscalzi.com\/wp-content\/uploads\/2025\/08\/cover_liturgia_08.2025.jpg\",\"datePublished\":\"2025-09-03T23:00:51+00:00\",\"breadcrumb\":{\"@id\":\"https:\/\/www.carmelitaniscalzi.com\/fr\/2025\/09\/04\/liturgie-de-notre-ordre\/#breadcrumb\"},\"inLanguage\":\"fr-FR\",\"potentialAction\":[{\"@type\":\"ReadAction\",\"target\":[\"https:\/\/www.carmelitaniscalzi.com\/fr\/2025\/09\/04\/liturgie-de-notre-ordre\/\"]}]},{\"@type\":\"ImageObject\",\"inLanguage\":\"fr-FR\",\"@id\":\"https:\/\/www.carmelitaniscalzi.com\/fr\/2025\/09\/04\/liturgie-de-notre-ordre\/#primaryimage\",\"url\":\"https:\/\/www.carmelitaniscalzi.com\/wp-content\/uploads\/2025\/08\/cover_liturgia_08.2025.jpg\",\"contentUrl\":\"https:\/\/www.carmelitaniscalzi.com\/wp-content\/uploads\/2025\/08\/cover_liturgia_08.2025.jpg\",\"width\":1200,\"height\":800},{\"@type\":\"BreadcrumbList\",\"@id\":\"https:\/\/www.carmelitaniscalzi.com\/fr\/2025\/09\/04\/liturgie-de-notre-ordre\/#breadcrumb\",\"itemListElement\":[{\"@type\":\"ListItem\",\"position\":1,\"name\":\"Home\",\"item\":\"https:\/\/www.carmelitaniscalzi.com\/fr\/\"},{\"@type\":\"ListItem\",\"position\":2,\"name\":\"LITURGIE DE NOTRE ORDRE\"}]},{\"@type\":\"WebSite\",\"@id\":\"https:\/\/www.carmelitaniscalzi.com\/#website\",\"url\":\"https:\/\/www.carmelitaniscalzi.com\/\",\"name\":\"CARMELITANI SCALZI - Curia Generale del Carmelo Teresiano\",\"description\":\"Curie G\u00e9n\u00e9ralice du Carmel D\u00e9chauss\u00e9\",\"publisher\":{\"@id\":\"https:\/\/www.carmelitaniscalzi.com\/#organization\"},\"alternateName\":\"CARMELITANI SCALZI\",\"potentialAction\":[{\"@type\":\"SearchAction\",\"target\":{\"@type\":\"EntryPoint\",\"urlTemplate\":\"https:\/\/www.carmelitaniscalzi.com\/?s={search_term_string}\"},\"query-input\":{\"@type\":\"PropertyValueSpecification\",\"valueRequired\":true,\"valueName\":\"search_term_string\"}}],\"inLanguage\":\"fr-FR\"},{\"@type\":\"Organization\",\"@id\":\"https:\/\/www.carmelitaniscalzi.com\/#organization\",\"name\":\"CARMELITANI SCALZI - Curia Generale del Carmelo Teresiano\",\"url\":\"https:\/\/www.carmelitaniscalzi.com\/\",\"logo\":{\"@type\":\"ImageObject\",\"inLanguage\":\"fr-FR\",\"@id\":\"https:\/\/www.carmelitaniscalzi.com\/#\/schema\/logo\/image\/\",\"url\":\"https:\/\/www.carmelitaniscalzi.com\/wp-content\/uploads\/2025\/11\/login-logo.png\",\"contentUrl\":\"https:\/\/www.carmelitaniscalzi.com\/wp-content\/uploads\/2025\/11\/login-logo.png\",\"width\":256,\"height\":256,\"caption\":\"CARMELITANI SCALZI - Curia Generale del Carmelo Teresiano\"},\"image\":{\"@id\":\"https:\/\/www.carmelitaniscalzi.com\/#\/schema\/logo\/image\/\"},\"sameAs\":[\"https:\/\/www.facebook.com\/Curia-Generalizia-Carmelitani-Scalzi-658766940887784\/\",\"https:\/\/x.com\/ocdcuria\",\"https:\/\/www.youtube.com\/channel\/UC2J5ZL0ycOY0qBSTCLX_NGQ\/videos\",\"https:\/\/www.instagram.com\/ocdinform\/\"]},{\"@type\":\"Person\",\"@id\":\"https:\/\/www.carmelitaniscalzi.com\/#\/schema\/person\/6d1c0d9bea7b6625c437246a5d6da409\",\"name\":\"ocd web master\",\"image\":{\"@type\":\"ImageObject\",\"inLanguage\":\"fr-FR\",\"@id\":\"https:\/\/www.carmelitaniscalzi.com\/#\/schema\/person\/image\/\",\"url\":\"https:\/\/secure.gravatar.com\/avatar\/41fbc5f82bad909fbaf2984c43fa50d8519ac5853e25b454d022b6868f80d0e7?s=96&d=mm&r=g\",\"contentUrl\":\"https:\/\/secure.gravatar.com\/avatar\/41fbc5f82bad909fbaf2984c43fa50d8519ac5853e25b454d022b6868f80d0e7?s=96&d=mm&r=g\",\"caption\":\"ocd web master\"},\"url\":\"https:\/\/www.carmelitaniscalzi.com\/fr\/author\/ocdwebmaster\/\"}]}<\/script>\n<!-- \/ Yoast SEO plugin. -->","yoast_head_json":{"title":"LITURGIE DE NOTRE ORDRE - CARMES D\u00c9CHAUX","robots":{"index":"index","follow":"follow","max-snippet":"max-snippet:-1","max-image-preview":"max-image-preview:large","max-video-preview":"max-video-preview:-1"},"canonical":"https:\/\/www.carmelitaniscalzi.com\/fr\/2025\/09\/04\/liturgie-de-notre-ordre\/","og_locale":"fr_FR","og_type":"article","og_title":"LITURGIE DE NOTRE ORDRE - CARMES D\u00c9CHAUX","og_description":"Par un d\u00e9cret du 16 juillet 2025, le Dicast\u00e8re pour le Culte Divin et la Discipline des Sacrements a approuv\u00e9 l&rsquo;Editio typica altera du Proprium Missarum OCD (la \u00ab deuxi\u00e8me \u00e9dition \u00bb du \u00ab Missel du Carmel \u00bb en latin). Le nouveau texte liturgique comprend les textes complets (aussi bien ceux du Missel que ceux [&hellip;]","og_url":"https:\/\/www.carmelitaniscalzi.com\/fr\/2025\/09\/04\/liturgie-de-notre-ordre\/","og_site_name":"CARMES D\u00c9CHAUX","article_publisher":"https:\/\/www.facebook.com\/Curia-Generalizia-Carmelitani-Scalzi-658766940887784\/","article_published_time":"2025-09-03T23:00:51+00:00","og_image":[{"width":1200,"height":800,"url":"https:\/\/www.carmelitaniscalzi.com\/wp-content\/uploads\/2025\/08\/cover_liturgia_08.2025.jpg","type":"image\/jpeg"}],"author":"ocd web master","twitter_card":"summary_large_image","twitter_creator":"@ocdcuria","twitter_site":"@ocdcuria","twitter_misc":{"\u00c9crit par":"ocd web master","Dur\u00e9e de lecture estim\u00e9e":"1 minute"},"schema":{"@context":"https:\/\/schema.org","@graph":[{"@type":"Article","@id":"https:\/\/www.carmelitaniscalzi.com\/fr\/2025\/09\/04\/liturgie-de-notre-ordre\/#article","isPartOf":{"@id":"https:\/\/www.carmelitaniscalzi.com\/fr\/2025\/09\/04\/liturgie-de-notre-ordre\/"},"author":{"name":"ocd web master","@id":"https:\/\/www.carmelitaniscalzi.com\/#\/schema\/person\/6d1c0d9bea7b6625c437246a5d6da409"},"headline":"LITURGIE DE NOTRE ORDRE","datePublished":"2025-09-03T23:00:51+00:00","mainEntityOfPage":{"@id":"https:\/\/www.carmelitaniscalzi.com\/fr\/2025\/09\/04\/liturgie-de-notre-ordre\/"},"wordCount":210,"publisher":{"@id":"https:\/\/www.carmelitaniscalzi.com\/#organization"},"image":{"@id":"https:\/\/www.carmelitaniscalzi.com\/fr\/2025\/09\/04\/liturgie-de-notre-ordre\/#primaryimage"},"thumbnailUrl":"https:\/\/www.carmelitaniscalzi.com\/wp-content\/uploads\/2025\/08\/cover_liturgia_08.2025.jpg","articleSection":["Nouvelles D\u00e9finiteurs","Nouvelles Fr\u00e8res","Nouvelles Moniales","Nouvelles OCDS","Nouvelles"],"inLanguage":"fr-FR"},{"@type":"WebPage","@id":"https:\/\/www.carmelitaniscalzi.com\/fr\/2025\/09\/04\/liturgie-de-notre-ordre\/","url":"https:\/\/www.carmelitaniscalzi.com\/fr\/2025\/09\/04\/liturgie-de-notre-ordre\/","name":"LITURGIE DE NOTRE ORDRE - CARMES D\u00c9CHAUX","isPartOf":{"@id":"https:\/\/www.carmelitaniscalzi.com\/#website"},"primaryImageOfPage":{"@id":"https:\/\/www.carmelitaniscalzi.com\/fr\/2025\/09\/04\/liturgie-de-notre-ordre\/#primaryimage"},"image":{"@id":"https:\/\/www.carmelitaniscalzi.com\/fr\/2025\/09\/04\/liturgie-de-notre-ordre\/#primaryimage"},"thumbnailUrl":"https:\/\/www.carmelitaniscalzi.com\/wp-content\/uploads\/2025\/08\/cover_liturgia_08.2025.jpg","datePublished":"2025-09-03T23:00:51+00:00","breadcrumb":{"@id":"https:\/\/www.carmelitaniscalzi.com\/fr\/2025\/09\/04\/liturgie-de-notre-ordre\/#breadcrumb"},"inLanguage":"fr-FR","potentialAction":[{"@type":"ReadAction","target":["https:\/\/www.carmelitaniscalzi.com\/fr\/2025\/09\/04\/liturgie-de-notre-ordre\/"]}]},{"@type":"ImageObject","inLanguage":"fr-FR","@id":"https:\/\/www.carmelitaniscalzi.com\/fr\/2025\/09\/04\/liturgie-de-notre-ordre\/#primaryimage","url":"https:\/\/www.carmelitaniscalzi.com\/wp-content\/uploads\/2025\/08\/cover_liturgia_08.2025.jpg","contentUrl":"https:\/\/www.carmelitaniscalzi.com\/wp-content\/uploads\/2025\/08\/cover_liturgia_08.2025.jpg","width":1200,"height":800},{"@type":"BreadcrumbList","@id":"https:\/\/www.carmelitaniscalzi.com\/fr\/2025\/09\/04\/liturgie-de-notre-ordre\/#breadcrumb","itemListElement":[{"@type":"ListItem","position":1,"name":"Home","item":"https:\/\/www.carmelitaniscalzi.com\/fr\/"},{"@type":"ListItem","position":2,"name":"LITURGIE DE NOTRE ORDRE"}]},{"@type":"WebSite","@id":"https:\/\/www.carmelitaniscalzi.com\/#website","url":"https:\/\/www.carmelitaniscalzi.com\/","name":"CARMELITANI SCALZI - Curia Generale del Carmelo Teresiano","description":"Curie G\u00e9n\u00e9ralice du Carmel D\u00e9chauss\u00e9","publisher":{"@id":"https:\/\/www.carmelitaniscalzi.com\/#organization"},"alternateName":"CARMELITANI SCALZI","potentialAction":[{"@type":"SearchAction","target":{"@type":"EntryPoint","urlTemplate":"https:\/\/www.carmelitaniscalzi.com\/?s={search_term_string}"},"query-input":{"@type":"PropertyValueSpecification","valueRequired":true,"valueName":"search_term_string"}}],"inLanguage":"fr-FR"},{"@type":"Organization","@id":"https:\/\/www.carmelitaniscalzi.com\/#organization","name":"CARMELITANI SCALZI - Curia Generale del Carmelo Teresiano","url":"https:\/\/www.carmelitaniscalzi.com\/","logo":{"@type":"ImageObject","inLanguage":"fr-FR","@id":"https:\/\/www.carmelitaniscalzi.com\/#\/schema\/logo\/image\/","url":"https:\/\/www.carmelitaniscalzi.com\/wp-content\/uploads\/2025\/11\/login-logo.png","contentUrl":"https:\/\/www.carmelitaniscalzi.com\/wp-content\/uploads\/2025\/11\/login-logo.png","width":256,"height":256,"caption":"CARMELITANI SCALZI - Curia Generale del Carmelo Teresiano"},"image":{"@id":"https:\/\/www.carmelitaniscalzi.com\/#\/schema\/logo\/image\/"},"sameAs":["https:\/\/www.facebook.com\/Curia-Generalizia-Carmelitani-Scalzi-658766940887784\/","https:\/\/x.com\/ocdcuria","https:\/\/www.youtube.com\/channel\/UC2J5ZL0ycOY0qBSTCLX_NGQ\/videos","https:\/\/www.instagram.com\/ocdinform\/"]},{"@type":"Person","@id":"https:\/\/www.carmelitaniscalzi.com\/#\/schema\/person\/6d1c0d9bea7b6625c437246a5d6da409","name":"ocd web master","image":{"@type":"ImageObject","inLanguage":"fr-FR","@id":"https:\/\/www.carmelitaniscalzi.com\/#\/schema\/person\/image\/","url":"https:\/\/secure.gravatar.com\/avatar\/41fbc5f82bad909fbaf2984c43fa50d8519ac5853e25b454d022b6868f80d0e7?s=96&d=mm&r=g","contentUrl":"https:\/\/secure.gravatar.com\/avatar\/41fbc5f82bad909fbaf2984c43fa50d8519ac5853e25b454d022b6868f80d0e7?s=96&d=mm&r=g","caption":"ocd web master"},"url":"https:\/\/www.carmelitaniscalzi.com\/fr\/author\/ocdwebmaster\/"}]}},"_links":{"self":[{"href":"https:\/\/www.carmelitaniscalzi.com\/fr\/wp-json\/wp\/v2\/posts\/494321","targetHints":{"allow":["GET"]}}],"collection":[{"href":"https:\/\/www.carmelitaniscalzi.com\/fr\/wp-json\/wp\/v2\/posts"}],"about":[{"href":"https:\/\/www.carmelitaniscalzi.com\/fr\/wp-json\/wp\/v2\/types\/post"}],"author":[{"embeddable":true,"href":"https:\/\/www.carmelitaniscalzi.com\/fr\/wp-json\/wp\/v2\/users\/7"}],"replies":[{"embeddable":true,"href":"https:\/\/www.carmelitaniscalzi.com\/fr\/wp-json\/wp\/v2\/comments?post=494321"}],"version-history":[{"count":1,"href":"https:\/\/www.carmelitaniscalzi.com\/fr\/wp-json\/wp\/v2\/posts\/494321\/revisions"}],"predecessor-version":[{"id":494322,"href":"https:\/\/www.carmelitaniscalzi.com\/fr\/wp-json\/wp\/v2\/posts\/494321\/revisions\/494322"}],"wp:featuredmedia":[{"embeddable":true,"href":"https:\/\/www.carmelitaniscalzi.com\/fr\/wp-json\/wp\/v2\/media\/494091"}],"wp:attachment":[{"href":"https:\/\/www.carmelitaniscalzi.com\/fr\/wp-json\/wp\/v2\/media?parent=494321"}],"wp:term":[{"taxonomy":"category","embeddable":true,"href":"https:\/\/www.carmelitaniscalzi.com\/fr\/wp-json\/wp\/v2\/categories?post=494321"},{"taxonomy":"post_tag","embeddable":true,"href":"https:\/\/www.carmelitaniscalzi.com\/fr\/wp-json\/wp\/v2\/tags?post=494321"}],"curies":[{"name":"wp","href":"https:\/\/api.w.org\/{rel}","templated":true}]}}