{"id":494053,"date":"2025-08-05T22:11:52","date_gmt":"2025-08-05T20:11:52","guid":{"rendered":"https:\/\/www.carmelitaniscalzi.com\/?p=494053"},"modified":"2025-08-27T22:12:25","modified_gmt":"2025-08-27T20:12:25","slug":"australie-locds-celebre-la-canonisation-de-sainte-therese-de-lisieux","status":"publish","type":"post","link":"https:\/\/www.carmelitaniscalzi.com\/fr\/2025\/08\/05\/australie-locds-celebre-la-canonisation-de-sainte-therese-de-lisieux\/","title":{"rendered":"Australie : L&rsquo;OCDS c\u00e9l\u00e8bre la canonisation de Sainte Th\u00e9r\u00e8se de Lisieux"},"content":{"rendered":"<p>Pour c\u00e9l\u00e9brer le centenaire de la canonisation de Sainte Th\u00e9r\u00e8se de Lisieux, la communaut\u00e9 OCDS de Melbourne a organis\u00e9 une exposition sur la vie et la spiritualit\u00e9 de Sainte Th\u00e9r\u00e8se, intitul\u00e9e \u00ab <em>Holiness for all<\/em> \u00bb.\u00a0 L&rsquo;exposition s&rsquo;est tenue \u00e0 la cath\u00e9drale St Patrick de Melbourne. L&rsquo;exposition a \u00e9t\u00e9 inaugur\u00e9e le 1er octobre et s&rsquo;est termin\u00e9e le 4 novembre 2024, puis une seconde fois en 2025, du 10 mai au 27 mai. L&rsquo;Expo a \u00e9t\u00e9 lanc\u00e9e par une belle c\u00e9l\u00e9bration dans la cath\u00e9drale, o\u00f9 les visiteurs et l&rsquo;OCDS se sont d\u00e9plac\u00e9s et ont pri\u00e9 devant chacune des banni\u00e8res. Notre \u00e9v\u00eaque, Mgr Ren\u00e9 Ramirez, a c\u00e9l\u00e9br\u00e9 la messe \u00e0 la cath\u00e9drale le 18 mai 2025 et a donn\u00e9 une belle hom\u00e9lie sur Sainte Th\u00e9r\u00e8se.<\/p>\n<p>L&rsquo;exposition a d\u00e9pass\u00e9 nos attentes : environ 7000 images de sainte Th\u00e9r\u00e8se ont \u00e9t\u00e9 distribu\u00e9es, ainsi que des centaines de brochures sur les fr\u00e8res, les moniales et les la\u00efcs, et pr\u00e8s de 300 livres sur sainte Th\u00e9r\u00e8se ont \u00e9t\u00e9 vendus. L&rsquo;OCDS \u00e9tait pr\u00e9sent chaque jour \u00e0 l&rsquo;Expo. C&rsquo;\u00e9tait important, car de nombreux visiteurs voulaient poser des questions, parler de questions de foi ou demander des pri\u00e8res. Beaucoup \u00e9taient \u00e9galement tr\u00e8s heureux de pouvoir prier devant les reliques des saints Th\u00e9r\u00e8se, Z\u00e9lie et Louis Martin, qui \u00e9taient expos\u00e9es. Que Dieu fasse que cette initiative continue \u00e0 porter du fruit.<\/p>\n<p>&nbsp;<\/p>\n<div class=\"wpmf-gallerys wpmf-gallerys-life \" ><div id=\"gallery-1\"\n data-gutter-width=\"5\"\n  data-wpmfcolumns=\"3\" class=\"wpmf-gallery gallery-link-file gallery_life gallery-masonry gallery-columns-3 gallery-size-thumbnail wpmf-gallery-bottomspace-default wpmf-gallery-clear wpmf-has-border-radius-0 wpmf-gutterwidth-5\"><div class=\"wpmf-gallery-item\n     wpmf-gallery-item-position-0 wpmf-gallery-item-attachment-482559\" data-index=\"0\"><div class=\"wpmf-gallery-icon\"><a class=\" not_video noLightbox\" data-lightbox=\"1\" data-href=\"https:\/\/www.carmelitaniscalzi.com\/wp-content\/uploads\/2025\/07\/Australia-1-1024x683.jpg\" title=\"Australia 1\" target=\"_self\" data-index=\"0\"><img decoding=\"async\" class=\"wpmf_img\" alt=\"Australia 1\" src=\"https:\/\/www.carmelitaniscalzi.com\/wp-content\/uploads\/2025\/07\/Australia-1-150x150.jpg\" data-type=\"wpmfgalleryimg\" data-lazy-src=\"https:\/\/www.carmelitaniscalzi.com\/wp-content\/uploads\/2025\/07\/Australia-1-150x150.jpg\"><\/a><\/div><\/div><div class=\"wpmf-gallery-item\n     wpmf-gallery-item-position-1 wpmf-gallery-item-attachment-482565\" data-index=\"1\"><div class=\"wpmf-gallery-icon\"><a class=\" not_video noLightbox\" data-lightbox=\"1\" data-href=\"https:\/\/www.carmelitaniscalzi.com\/wp-content\/uploads\/2025\/07\/Australia-2-683x1024.jpg\" title=\"Australia 2\" target=\"_self\" data-index=\"1\"><img decoding=\"async\" class=\"wpmf_img\" alt=\"Australia 2\" src=\"https:\/\/www.carmelitaniscalzi.com\/wp-content\/uploads\/2025\/07\/Australia-2-150x150.jpg\" data-type=\"wpmfgalleryimg\" data-lazy-src=\"https:\/\/www.carmelitaniscalzi.com\/wp-content\/uploads\/2025\/07\/Australia-2-150x150.jpg\"><\/a><\/div><\/div><div class=\"wpmf-gallery-item\n     wpmf-gallery-item-position-2 wpmf-gallery-item-attachment-482571\" data-index=\"2\"><div class=\"wpmf-gallery-icon\"><a class=\" not_video noLightbox\" data-lightbox=\"1\" data-href=\"https:\/\/www.carmelitaniscalzi.com\/wp-content\/uploads\/2025\/07\/Australia-3-1024x683.jpg\" title=\"Australia 3\" target=\"_self\" data-index=\"2\"><img decoding=\"async\" class=\"wpmf_img\" alt=\"Australia 3\" src=\"https:\/\/www.carmelitaniscalzi.com\/wp-content\/uploads\/2025\/07\/Australia-3-150x150.jpg\" data-type=\"wpmfgalleryimg\" data-lazy-src=\"https:\/\/www.carmelitaniscalzi.com\/wp-content\/uploads\/2025\/07\/Australia-3-150x150.jpg\"><\/a><\/div><\/div><\/div><\/div>\n\n","protected":false},"excerpt":{"rendered":"<p>Pour c\u00e9l\u00e9brer le centenaire de la canonisation de Sainte Th\u00e9r\u00e8se de Lisieux, la communaut\u00e9 OCDS de Melbourne a organis\u00e9 une exposition sur la vie et la spiritualit\u00e9 de Sainte Th\u00e9r\u00e8se, intitul\u00e9e \u00ab Holiness for all \u00bb.\u00a0 L&rsquo;exposition s&rsquo;est tenue \u00e0 la cath\u00e9drale St Patrick de Melbourne. L&rsquo;exposition a \u00e9t\u00e9 inaugur\u00e9e le 1er octobre et s&rsquo;est [&hellip;]<\/p>\n","protected":false},"author":7,"featured_media":482577,"comment_status":"closed","ping_status":"closed","sticky":false,"template":"","format":"standard","meta":{"_acf_changed":false,"footnotes":""},"categories":[201,203,261,370],"tags":[],"class_list":["post-494053","post","type-post","status-publish","format-standard","has-post-thumbnail","hentry","category-nouvelles-freres","category-nouvelles-moniales","category-nouvelles-ocds","category-nouvelles"],"acf":[],"yoast_head":"<!-- This site is optimized with the Yoast SEO plugin v26.3 - https:\/\/yoast.com\/wordpress\/plugins\/seo\/ -->\n<title>Australie : L&#039;OCDS c\u00e9l\u00e8bre la canonisation de Sainte Th\u00e9r\u00e8se de Lisieux - CARMES D\u00c9CHAUX<\/title>\n<meta name=\"robots\" content=\"index, follow, max-snippet:-1, max-image-preview:large, max-video-preview:-1\" \/>\n<link rel=\"canonical\" href=\"https:\/\/www.carmelitaniscalzi.com\/fr\/2025\/08\/05\/australie-locds-celebre-la-canonisation-de-sainte-therese-de-lisieux\/\" \/>\n<meta property=\"og:locale\" content=\"fr_FR\" \/>\n<meta property=\"og:type\" content=\"article\" \/>\n<meta property=\"og:title\" content=\"Australie : L&#039;OCDS c\u00e9l\u00e8bre la canonisation de Sainte Th\u00e9r\u00e8se de Lisieux - CARMES D\u00c9CHAUX\" \/>\n<meta property=\"og:description\" content=\"Pour c\u00e9l\u00e9brer le centenaire de la canonisation de Sainte Th\u00e9r\u00e8se de Lisieux, la communaut\u00e9 OCDS de Melbourne a organis\u00e9 une exposition sur la vie et la spiritualit\u00e9 de Sainte Th\u00e9r\u00e8se, intitul\u00e9e \u00ab Holiness for all \u00bb.\u00a0 L&rsquo;exposition s&rsquo;est tenue \u00e0 la cath\u00e9drale St Patrick de Melbourne. L&rsquo;exposition a \u00e9t\u00e9 inaugur\u00e9e le 1er octobre et s&rsquo;est [&hellip;]\" \/>\n<meta property=\"og:url\" content=\"https:\/\/www.carmelitaniscalzi.com\/fr\/2025\/08\/05\/australie-locds-celebre-la-canonisation-de-sainte-therese-de-lisieux\/\" \/>\n<meta property=\"og:site_name\" content=\"CARMES D\u00c9CHAUX\" \/>\n<meta property=\"article:publisher\" content=\"https:\/\/www.facebook.com\/Curia-Generalizia-Carmelitani-Scalzi-658766940887784\/\" \/>\n<meta property=\"article:published_time\" content=\"2025-08-05T20:11:52+00:00\" \/>\n<meta property=\"article:modified_time\" content=\"2025-08-27T20:12:25+00:00\" \/>\n<meta property=\"og:image\" content=\"https:\/\/www.carmelitaniscalzi.com\/wp-content\/uploads\/2025\/07\/cover_australia_06.2025.jpg\" \/>\n\t<meta property=\"og:image:width\" content=\"1200\" \/>\n\t<meta property=\"og:image:height\" content=\"800\" \/>\n\t<meta property=\"og:image:type\" content=\"image\/jpeg\" \/>\n<meta name=\"author\" content=\"ocd web master\" \/>\n<meta name=\"twitter:card\" content=\"summary_large_image\" \/>\n<meta name=\"twitter:creator\" content=\"@ocdcuria\" \/>\n<meta name=\"twitter:site\" content=\"@ocdcuria\" \/>\n<meta name=\"twitter:label1\" content=\"\u00c9crit par\" \/>\n\t<meta name=\"twitter:data1\" content=\"ocd web master\" \/>\n\t<meta name=\"twitter:label2\" content=\"Dur\u00e9e de lecture estim\u00e9e\" \/>\n\t<meta name=\"twitter:data2\" content=\"2 minutes\" \/>\n<script type=\"application\/ld+json\" class=\"yoast-schema-graph\">{\"@context\":\"https:\/\/schema.org\",\"@graph\":[{\"@type\":\"Article\",\"@id\":\"https:\/\/www.carmelitaniscalzi.com\/fr\/2025\/08\/05\/australie-locds-celebre-la-canonisation-de-sainte-therese-de-lisieux\/#article\",\"isPartOf\":{\"@id\":\"https:\/\/www.carmelitaniscalzi.com\/fr\/2025\/08\/05\/australie-locds-celebre-la-canonisation-de-sainte-therese-de-lisieux\/\"},\"author\":{\"name\":\"ocd web master\",\"@id\":\"https:\/\/www.carmelitaniscalzi.com\/#\/schema\/person\/6d1c0d9bea7b6625c437246a5d6da409\"},\"headline\":\"Australie : L&rsquo;OCDS c\u00e9l\u00e8bre la canonisation de Sainte Th\u00e9r\u00e8se de Lisieux\",\"datePublished\":\"2025-08-05T20:11:52+00:00\",\"dateModified\":\"2025-08-27T20:12:25+00:00\",\"mainEntityOfPage\":{\"@id\":\"https:\/\/www.carmelitaniscalzi.com\/fr\/2025\/08\/05\/australie-locds-celebre-la-canonisation-de-sainte-therese-de-lisieux\/\"},\"wordCount\":280,\"publisher\":{\"@id\":\"https:\/\/www.carmelitaniscalzi.com\/#organization\"},\"image\":{\"@id\":\"https:\/\/www.carmelitaniscalzi.com\/fr\/2025\/08\/05\/australie-locds-celebre-la-canonisation-de-sainte-therese-de-lisieux\/#primaryimage\"},\"thumbnailUrl\":\"https:\/\/www.carmelitaniscalzi.com\/wp-content\/uploads\/2025\/07\/cover_australia_06.2025.jpg\",\"articleSection\":[\"Nouvelles Fr\u00e8res\",\"Nouvelles Moniales\",\"Nouvelles OCDS\",\"Nouvelles\"],\"inLanguage\":\"fr-FR\"},{\"@type\":\"WebPage\",\"@id\":\"https:\/\/www.carmelitaniscalzi.com\/fr\/2025\/08\/05\/australie-locds-celebre-la-canonisation-de-sainte-therese-de-lisieux\/\",\"url\":\"https:\/\/www.carmelitaniscalzi.com\/fr\/2025\/08\/05\/australie-locds-celebre-la-canonisation-de-sainte-therese-de-lisieux\/\",\"name\":\"Australie : L'OCDS c\u00e9l\u00e8bre la canonisation de Sainte Th\u00e9r\u00e8se de Lisieux - CARMES D\u00c9CHAUX\",\"isPartOf\":{\"@id\":\"https:\/\/www.carmelitaniscalzi.com\/#website\"},\"primaryImageOfPage\":{\"@id\":\"https:\/\/www.carmelitaniscalzi.com\/fr\/2025\/08\/05\/australie-locds-celebre-la-canonisation-de-sainte-therese-de-lisieux\/#primaryimage\"},\"image\":{\"@id\":\"https:\/\/www.carmelitaniscalzi.com\/fr\/2025\/08\/05\/australie-locds-celebre-la-canonisation-de-sainte-therese-de-lisieux\/#primaryimage\"},\"thumbnailUrl\":\"https:\/\/www.carmelitaniscalzi.com\/wp-content\/uploads\/2025\/07\/cover_australia_06.2025.jpg\",\"datePublished\":\"2025-08-05T20:11:52+00:00\",\"dateModified\":\"2025-08-27T20:12:25+00:00\",\"breadcrumb\":{\"@id\":\"https:\/\/www.carmelitaniscalzi.com\/fr\/2025\/08\/05\/australie-locds-celebre-la-canonisation-de-sainte-therese-de-lisieux\/#breadcrumb\"},\"inLanguage\":\"fr-FR\",\"potentialAction\":[{\"@type\":\"ReadAction\",\"target\":[\"https:\/\/www.carmelitaniscalzi.com\/fr\/2025\/08\/05\/australie-locds-celebre-la-canonisation-de-sainte-therese-de-lisieux\/\"]}]},{\"@type\":\"ImageObject\",\"inLanguage\":\"fr-FR\",\"@id\":\"https:\/\/www.carmelitaniscalzi.com\/fr\/2025\/08\/05\/australie-locds-celebre-la-canonisation-de-sainte-therese-de-lisieux\/#primaryimage\",\"url\":\"https:\/\/www.carmelitaniscalzi.com\/wp-content\/uploads\/2025\/07\/cover_australia_06.2025.jpg\",\"contentUrl\":\"https:\/\/www.carmelitaniscalzi.com\/wp-content\/uploads\/2025\/07\/cover_australia_06.2025.jpg\",\"width\":1200,\"height\":800},{\"@type\":\"BreadcrumbList\",\"@id\":\"https:\/\/www.carmelitaniscalzi.com\/fr\/2025\/08\/05\/australie-locds-celebre-la-canonisation-de-sainte-therese-de-lisieux\/#breadcrumb\",\"itemListElement\":[{\"@type\":\"ListItem\",\"position\":1,\"name\":\"Home\",\"item\":\"https:\/\/www.carmelitaniscalzi.com\/fr\/\"},{\"@type\":\"ListItem\",\"position\":2,\"name\":\"Australie : L&#8217;OCDS c\u00e9l\u00e8bre la canonisation de Sainte Th\u00e9r\u00e8se de Lisieux\"}]},{\"@type\":\"WebSite\",\"@id\":\"https:\/\/www.carmelitaniscalzi.com\/#website\",\"url\":\"https:\/\/www.carmelitaniscalzi.com\/\",\"name\":\"CARMELITANI SCALZI - Curia Generale del Carmelo Teresiano\",\"description\":\"Curie G\u00e9n\u00e9ralice du Carmel D\u00e9chauss\u00e9\",\"publisher\":{\"@id\":\"https:\/\/www.carmelitaniscalzi.com\/#organization\"},\"alternateName\":\"CARMELITANI SCALZI\",\"potentialAction\":[{\"@type\":\"SearchAction\",\"target\":{\"@type\":\"EntryPoint\",\"urlTemplate\":\"https:\/\/www.carmelitaniscalzi.com\/?s={search_term_string}\"},\"query-input\":{\"@type\":\"PropertyValueSpecification\",\"valueRequired\":true,\"valueName\":\"search_term_string\"}}],\"inLanguage\":\"fr-FR\"},{\"@type\":\"Organization\",\"@id\":\"https:\/\/www.carmelitaniscalzi.com\/#organization\",\"name\":\"CARMELITANI SCALZI - Curia Generale del Carmelo Teresiano\",\"url\":\"https:\/\/www.carmelitaniscalzi.com\/\",\"logo\":{\"@type\":\"ImageObject\",\"inLanguage\":\"fr-FR\",\"@id\":\"https:\/\/www.carmelitaniscalzi.com\/#\/schema\/logo\/image\/\",\"url\":\"https:\/\/www.carmelitaniscalzi.com\/wp-content\/uploads\/2025\/11\/login-logo.png\",\"contentUrl\":\"https:\/\/www.carmelitaniscalzi.com\/wp-content\/uploads\/2025\/11\/login-logo.png\",\"width\":256,\"height\":256,\"caption\":\"CARMELITANI SCALZI - Curia Generale del Carmelo Teresiano\"},\"image\":{\"@id\":\"https:\/\/www.carmelitaniscalzi.com\/#\/schema\/logo\/image\/\"},\"sameAs\":[\"https:\/\/www.facebook.com\/Curia-Generalizia-Carmelitani-Scalzi-658766940887784\/\",\"https:\/\/x.com\/ocdcuria\",\"https:\/\/www.youtube.com\/channel\/UC2J5ZL0ycOY0qBSTCLX_NGQ\/videos\",\"https:\/\/www.instagram.com\/ocdinform\/\"]},{\"@type\":\"Person\",\"@id\":\"https:\/\/www.carmelitaniscalzi.com\/#\/schema\/person\/6d1c0d9bea7b6625c437246a5d6da409\",\"name\":\"ocd web master\",\"image\":{\"@type\":\"ImageObject\",\"inLanguage\":\"fr-FR\",\"@id\":\"https:\/\/www.carmelitaniscalzi.com\/#\/schema\/person\/image\/\",\"url\":\"https:\/\/secure.gravatar.com\/avatar\/41fbc5f82bad909fbaf2984c43fa50d8519ac5853e25b454d022b6868f80d0e7?s=96&d=mm&r=g\",\"contentUrl\":\"https:\/\/secure.gravatar.com\/avatar\/41fbc5f82bad909fbaf2984c43fa50d8519ac5853e25b454d022b6868f80d0e7?s=96&d=mm&r=g\",\"caption\":\"ocd web master\"},\"url\":\"https:\/\/www.carmelitaniscalzi.com\/fr\/author\/ocdwebmaster\/\"}]}<\/script>\n<!-- \/ Yoast SEO plugin. -->","yoast_head_json":{"title":"Australie : L'OCDS c\u00e9l\u00e8bre la canonisation de Sainte Th\u00e9r\u00e8se de Lisieux - CARMES D\u00c9CHAUX","robots":{"index":"index","follow":"follow","max-snippet":"max-snippet:-1","max-image-preview":"max-image-preview:large","max-video-preview":"max-video-preview:-1"},"canonical":"https:\/\/www.carmelitaniscalzi.com\/fr\/2025\/08\/05\/australie-locds-celebre-la-canonisation-de-sainte-therese-de-lisieux\/","og_locale":"fr_FR","og_type":"article","og_title":"Australie : L'OCDS c\u00e9l\u00e8bre la canonisation de Sainte Th\u00e9r\u00e8se de Lisieux - CARMES D\u00c9CHAUX","og_description":"Pour c\u00e9l\u00e9brer le centenaire de la canonisation de Sainte Th\u00e9r\u00e8se de Lisieux, la communaut\u00e9 OCDS de Melbourne a organis\u00e9 une exposition sur la vie et la spiritualit\u00e9 de Sainte Th\u00e9r\u00e8se, intitul\u00e9e \u00ab Holiness for all \u00bb.\u00a0 L&rsquo;exposition s&rsquo;est tenue \u00e0 la cath\u00e9drale St Patrick de Melbourne. L&rsquo;exposition a \u00e9t\u00e9 inaugur\u00e9e le 1er octobre et s&rsquo;est [&hellip;]","og_url":"https:\/\/www.carmelitaniscalzi.com\/fr\/2025\/08\/05\/australie-locds-celebre-la-canonisation-de-sainte-therese-de-lisieux\/","og_site_name":"CARMES D\u00c9CHAUX","article_publisher":"https:\/\/www.facebook.com\/Curia-Generalizia-Carmelitani-Scalzi-658766940887784\/","article_published_time":"2025-08-05T20:11:52+00:00","article_modified_time":"2025-08-27T20:12:25+00:00","og_image":[{"width":1200,"height":800,"url":"https:\/\/www.carmelitaniscalzi.com\/wp-content\/uploads\/2025\/07\/cover_australia_06.2025.jpg","type":"image\/jpeg"}],"author":"ocd web master","twitter_card":"summary_large_image","twitter_creator":"@ocdcuria","twitter_site":"@ocdcuria","twitter_misc":{"\u00c9crit par":"ocd web master","Dur\u00e9e de lecture estim\u00e9e":"2 minutes"},"schema":{"@context":"https:\/\/schema.org","@graph":[{"@type":"Article","@id":"https:\/\/www.carmelitaniscalzi.com\/fr\/2025\/08\/05\/australie-locds-celebre-la-canonisation-de-sainte-therese-de-lisieux\/#article","isPartOf":{"@id":"https:\/\/www.carmelitaniscalzi.com\/fr\/2025\/08\/05\/australie-locds-celebre-la-canonisation-de-sainte-therese-de-lisieux\/"},"author":{"name":"ocd web master","@id":"https:\/\/www.carmelitaniscalzi.com\/#\/schema\/person\/6d1c0d9bea7b6625c437246a5d6da409"},"headline":"Australie : L&rsquo;OCDS c\u00e9l\u00e8bre la canonisation de Sainte Th\u00e9r\u00e8se de Lisieux","datePublished":"2025-08-05T20:11:52+00:00","dateModified":"2025-08-27T20:12:25+00:00","mainEntityOfPage":{"@id":"https:\/\/www.carmelitaniscalzi.com\/fr\/2025\/08\/05\/australie-locds-celebre-la-canonisation-de-sainte-therese-de-lisieux\/"},"wordCount":280,"publisher":{"@id":"https:\/\/www.carmelitaniscalzi.com\/#organization"},"image":{"@id":"https:\/\/www.carmelitaniscalzi.com\/fr\/2025\/08\/05\/australie-locds-celebre-la-canonisation-de-sainte-therese-de-lisieux\/#primaryimage"},"thumbnailUrl":"https:\/\/www.carmelitaniscalzi.com\/wp-content\/uploads\/2025\/07\/cover_australia_06.2025.jpg","articleSection":["Nouvelles Fr\u00e8res","Nouvelles Moniales","Nouvelles OCDS","Nouvelles"],"inLanguage":"fr-FR"},{"@type":"WebPage","@id":"https:\/\/www.carmelitaniscalzi.com\/fr\/2025\/08\/05\/australie-locds-celebre-la-canonisation-de-sainte-therese-de-lisieux\/","url":"https:\/\/www.carmelitaniscalzi.com\/fr\/2025\/08\/05\/australie-locds-celebre-la-canonisation-de-sainte-therese-de-lisieux\/","name":"Australie : L'OCDS c\u00e9l\u00e8bre la canonisation de Sainte Th\u00e9r\u00e8se de Lisieux - CARMES D\u00c9CHAUX","isPartOf":{"@id":"https:\/\/www.carmelitaniscalzi.com\/#website"},"primaryImageOfPage":{"@id":"https:\/\/www.carmelitaniscalzi.com\/fr\/2025\/08\/05\/australie-locds-celebre-la-canonisation-de-sainte-therese-de-lisieux\/#primaryimage"},"image":{"@id":"https:\/\/www.carmelitaniscalzi.com\/fr\/2025\/08\/05\/australie-locds-celebre-la-canonisation-de-sainte-therese-de-lisieux\/#primaryimage"},"thumbnailUrl":"https:\/\/www.carmelitaniscalzi.com\/wp-content\/uploads\/2025\/07\/cover_australia_06.2025.jpg","datePublished":"2025-08-05T20:11:52+00:00","dateModified":"2025-08-27T20:12:25+00:00","breadcrumb":{"@id":"https:\/\/www.carmelitaniscalzi.com\/fr\/2025\/08\/05\/australie-locds-celebre-la-canonisation-de-sainte-therese-de-lisieux\/#breadcrumb"},"inLanguage":"fr-FR","potentialAction":[{"@type":"ReadAction","target":["https:\/\/www.carmelitaniscalzi.com\/fr\/2025\/08\/05\/australie-locds-celebre-la-canonisation-de-sainte-therese-de-lisieux\/"]}]},{"@type":"ImageObject","inLanguage":"fr-FR","@id":"https:\/\/www.carmelitaniscalzi.com\/fr\/2025\/08\/05\/australie-locds-celebre-la-canonisation-de-sainte-therese-de-lisieux\/#primaryimage","url":"https:\/\/www.carmelitaniscalzi.com\/wp-content\/uploads\/2025\/07\/cover_australia_06.2025.jpg","contentUrl":"https:\/\/www.carmelitaniscalzi.com\/wp-content\/uploads\/2025\/07\/cover_australia_06.2025.jpg","width":1200,"height":800},{"@type":"BreadcrumbList","@id":"https:\/\/www.carmelitaniscalzi.com\/fr\/2025\/08\/05\/australie-locds-celebre-la-canonisation-de-sainte-therese-de-lisieux\/#breadcrumb","itemListElement":[{"@type":"ListItem","position":1,"name":"Home","item":"https:\/\/www.carmelitaniscalzi.com\/fr\/"},{"@type":"ListItem","position":2,"name":"Australie : L&#8217;OCDS c\u00e9l\u00e8bre la canonisation de Sainte Th\u00e9r\u00e8se de Lisieux"}]},{"@type":"WebSite","@id":"https:\/\/www.carmelitaniscalzi.com\/#website","url":"https:\/\/www.carmelitaniscalzi.com\/","name":"CARMELITANI SCALZI - Curia Generale del Carmelo Teresiano","description":"Curie G\u00e9n\u00e9ralice du Carmel D\u00e9chauss\u00e9","publisher":{"@id":"https:\/\/www.carmelitaniscalzi.com\/#organization"},"alternateName":"CARMELITANI SCALZI","potentialAction":[{"@type":"SearchAction","target":{"@type":"EntryPoint","urlTemplate":"https:\/\/www.carmelitaniscalzi.com\/?s={search_term_string}"},"query-input":{"@type":"PropertyValueSpecification","valueRequired":true,"valueName":"search_term_string"}}],"inLanguage":"fr-FR"},{"@type":"Organization","@id":"https:\/\/www.carmelitaniscalzi.com\/#organization","name":"CARMELITANI SCALZI - Curia Generale del Carmelo Teresiano","url":"https:\/\/www.carmelitaniscalzi.com\/","logo":{"@type":"ImageObject","inLanguage":"fr-FR","@id":"https:\/\/www.carmelitaniscalzi.com\/#\/schema\/logo\/image\/","url":"https:\/\/www.carmelitaniscalzi.com\/wp-content\/uploads\/2025\/11\/login-logo.png","contentUrl":"https:\/\/www.carmelitaniscalzi.com\/wp-content\/uploads\/2025\/11\/login-logo.png","width":256,"height":256,"caption":"CARMELITANI SCALZI - Curia Generale del Carmelo Teresiano"},"image":{"@id":"https:\/\/www.carmelitaniscalzi.com\/#\/schema\/logo\/image\/"},"sameAs":["https:\/\/www.facebook.com\/Curia-Generalizia-Carmelitani-Scalzi-658766940887784\/","https:\/\/x.com\/ocdcuria","https:\/\/www.youtube.com\/channel\/UC2J5ZL0ycOY0qBSTCLX_NGQ\/videos","https:\/\/www.instagram.com\/ocdinform\/"]},{"@type":"Person","@id":"https:\/\/www.carmelitaniscalzi.com\/#\/schema\/person\/6d1c0d9bea7b6625c437246a5d6da409","name":"ocd web master","image":{"@type":"ImageObject","inLanguage":"fr-FR","@id":"https:\/\/www.carmelitaniscalzi.com\/#\/schema\/person\/image\/","url":"https:\/\/secure.gravatar.com\/avatar\/41fbc5f82bad909fbaf2984c43fa50d8519ac5853e25b454d022b6868f80d0e7?s=96&d=mm&r=g","contentUrl":"https:\/\/secure.gravatar.com\/avatar\/41fbc5f82bad909fbaf2984c43fa50d8519ac5853e25b454d022b6868f80d0e7?s=96&d=mm&r=g","caption":"ocd web master"},"url":"https:\/\/www.carmelitaniscalzi.com\/fr\/author\/ocdwebmaster\/"}]}},"_links":{"self":[{"href":"https:\/\/www.carmelitaniscalzi.com\/fr\/wp-json\/wp\/v2\/posts\/494053","targetHints":{"allow":["GET"]}}],"collection":[{"href":"https:\/\/www.carmelitaniscalzi.com\/fr\/wp-json\/wp\/v2\/posts"}],"about":[{"href":"https:\/\/www.carmelitaniscalzi.com\/fr\/wp-json\/wp\/v2\/types\/post"}],"author":[{"embeddable":true,"href":"https:\/\/www.carmelitaniscalzi.com\/fr\/wp-json\/wp\/v2\/users\/7"}],"replies":[{"embeddable":true,"href":"https:\/\/www.carmelitaniscalzi.com\/fr\/wp-json\/wp\/v2\/comments?post=494053"}],"version-history":[{"count":1,"href":"https:\/\/www.carmelitaniscalzi.com\/fr\/wp-json\/wp\/v2\/posts\/494053\/revisions"}],"predecessor-version":[{"id":494054,"href":"https:\/\/www.carmelitaniscalzi.com\/fr\/wp-json\/wp\/v2\/posts\/494053\/revisions\/494054"}],"wp:featuredmedia":[{"embeddable":true,"href":"https:\/\/www.carmelitaniscalzi.com\/fr\/wp-json\/wp\/v2\/media\/482577"}],"wp:attachment":[{"href":"https:\/\/www.carmelitaniscalzi.com\/fr\/wp-json\/wp\/v2\/media?parent=494053"}],"wp:term":[{"taxonomy":"category","embeddable":true,"href":"https:\/\/www.carmelitaniscalzi.com\/fr\/wp-json\/wp\/v2\/categories?post=494053"},{"taxonomy":"post_tag","embeddable":true,"href":"https:\/\/www.carmelitaniscalzi.com\/fr\/wp-json\/wp\/v2\/tags?post=494053"}],"curies":[{"name":"wp","href":"https:\/\/api.w.org\/{rel}","templated":true}]}}