{"id":45944,"date":"2021-02-19T00:30:28","date_gmt":"2021-02-18T23:30:28","guid":{"rendered":"https:\/\/www.carmelitaniscalzi.com\/?p=45944"},"modified":"2021-02-12T06:21:25","modified_gmt":"2021-02-12T05:21:25","slug":"un-livre-sur-saint-joseph-en-portugais","status":"publish","type":"post","link":"https:\/\/www.carmelitaniscalzi.com\/fr\/2021\/02\/19\/un-livre-sur-saint-joseph-en-portugais\/","title":{"rendered":"Un livre sur Saint Joseph en portugais"},"content":{"rendered":"<p>Le P\u00e8re Patrizio Sciadini, ocd, qui a \u00e9t\u00e9 missionnaire au Br\u00e9sil pendant de nombreuses ann\u00e9es et jusqu&rsquo;\u00e0 r\u00e9cemment D\u00e9l\u00e9gu\u00e9 G\u00e9n\u00e9ral en Egypte, a publi\u00e9 un livre de grand int\u00e9r\u00eat en cette ann\u00e9e sp\u00e9ciale de Saint Joseph et dont le titre\u00a0 est: \u00abCaminhando con S\u00e3o Jos\u00e9\u00bb.<\/p>\n<p>Selon le propre auteur, son \u0153uvre veut en premier lieu souligner la profondeur du titre \u00e9vang\u00e9lique donn\u00e9 \u00e0 Saint Joseph: \u00abl&rsquo;homme juste\u00bb. Pour le P\u00e8re Patrizio, juste \u00e9quivaut \u00e0 \u00abdroit\u00bb et \u00absaint\u00bb et sa saintet\u00e9 se d\u00e9ploie dans la mission pour laquelle il a \u00e9t\u00e9 choisi: \u00eatre une figure paternelle dans la famille Nazareth, prot\u00e9ger Marie et J\u00e9sus. Jos\u00e9, dit le P\u00e8re Sciadini, est un homme silencieux, mais d&rsquo;o\u00f9 pr\u00e9cis\u00e9ment sa capacit\u00e9 inn\u00e9e d&rsquo;\u00e9couter et d&rsquo;ob\u00e9ir \u00e0 la voix du Seigneur. Radio Vatican et Vatican News en portugais ont fait \u00e9cho \u00e0 cette publication:<\/p>\n<p><a href=\"https:\/\/www.vaticannews.va\/pt\/igreja\/news\/2021-01\/frei-patricio-caminhando-com-sao-jose.html\">https:\/\/www.vaticannews.va\/pt\/igreja\/news\/2021-01\/frei-patricio-caminhando-com-sao-jose.html<\/a><\/p>\n<p>&nbsp;<\/p>\n<div class=\"wpmf-gallerys wpmf-gallerys-life \" ><div id=\"gallery-1\" class=\"gallery gallery_life wpmf_gallery_default gallery_default  gallery-columns-3 gallery-size-thumbnail gallery-link-post wpmf-has-border-radius-0 wpmf-gutterwidth-5 no_ratio\"><figure class=\"wpmf-gallery-item\" data-index=\"0\"><div class=\"wpmf-gallery-icon\"><div class=\"square_thumbnail\"><div class=\"img_centered\"><a class=\" not_video noLightbox\" data-lightbox=\"0\" data-href=\"https:\/\/www.carmelitaniscalzi.com\/wp-content\/uploads\/2021\/02\/02-2.jpg\" title=\"02\" target=\"_self\" data-index=\"0\"><img decoding=\"async\" class=\"wpmf_img\" alt=\"02\" src=\"https:\/\/www.carmelitaniscalzi.com\/wp-content\/uploads\/2021\/02\/02-2-150x150.jpg\" data-type=\"wpmfgalleryimg\" data-lazy-src=\"https:\/\/www.carmelitaniscalzi.com\/wp-content\/uploads\/2021\/02\/02-2-150x150.jpg\"><\/a><\/div><\/div><\/div><\/figure><figure class=\"wpmf-gallery-item\" data-index=\"1\"><div class=\"wpmf-gallery-icon\"><div class=\"square_thumbnail\"><div class=\"img_centered\"><a class=\" not_video noLightbox\" data-lightbox=\"0\" data-href=\"https:\/\/www.carmelitaniscalzi.com\/wp-content\/uploads\/2021\/02\/01-2.jpg\" title=\"01\" target=\"_self\" data-index=\"1\"><img decoding=\"async\" class=\"wpmf_img\" alt=\"01\" src=\"https:\/\/www.carmelitaniscalzi.com\/wp-content\/uploads\/2021\/02\/01-2-150x150.jpg\" data-type=\"wpmfgalleryimg\" data-lazy-src=\"https:\/\/www.carmelitaniscalzi.com\/wp-content\/uploads\/2021\/02\/01-2-150x150.jpg\"><\/a><\/div><\/div><\/div><\/figure><figure class=\"wpmf-gallery-item\" data-index=\"2\"><div class=\"wpmf-gallery-icon\"><div class=\"square_thumbnail\"><div class=\"img_centered\"><a class=\" not_video noLightbox\" data-lightbox=\"0\" data-href=\"https:\/\/www.carmelitaniscalzi.com\/wp-content\/uploads\/2021\/02\/00-1.jpg\" title=\"00\" target=\"_self\" data-index=\"2\"><img decoding=\"async\" class=\"wpmf_img\" alt=\"00\" src=\"https:\/\/www.carmelitaniscalzi.com\/wp-content\/uploads\/2021\/02\/00-1-150x150.jpg\" data-type=\"wpmfgalleryimg\" data-lazy-src=\"https:\/\/www.carmelitaniscalzi.com\/wp-content\/uploads\/2021\/02\/00-1-150x150.jpg\"><\/a><\/div><\/div><\/div><\/figure><\/div><\/div>\n<p>&nbsp;<\/p>\n","protected":false},"excerpt":{"rendered":"<p>Le P\u00e8re Patrizio Sciadini, ocd, qui a \u00e9t\u00e9 missionnaire au Br\u00e9sil pendant de nombreuses ann\u00e9es et jusqu&rsquo;\u00e0 r\u00e9cemment D\u00e9l\u00e9gu\u00e9 G\u00e9n\u00e9ral en Egypte, a publi\u00e9 un livre de grand int\u00e9r\u00eat en cette ann\u00e9e sp\u00e9ciale de Saint Joseph et dont le titre\u00a0 est: \u00abCaminhando con S\u00e3o Jos\u00e9\u00bb. Selon le propre auteur, son \u0153uvre veut en premier lieu [&hellip;]<\/p>\n","protected":false},"author":7,"featured_media":45684,"comment_status":"closed","ping_status":"closed","sticky":false,"template":"","format":"standard","meta":{"_acf_changed":false,"footnotes":""},"categories":[201,370],"tags":[],"class_list":["post-45944","post","type-post","status-publish","format-standard","has-post-thumbnail","hentry","category-nouvelles-freres","category-nouvelles"],"acf":[],"yoast_head":"<!-- This site is optimized with the Yoast SEO plugin v26.3 - https:\/\/yoast.com\/wordpress\/plugins\/seo\/ -->\n<title>Un livre sur Saint Joseph en portugais - CARMES D\u00c9CHAUX<\/title>\n<meta name=\"robots\" content=\"index, follow, max-snippet:-1, max-image-preview:large, max-video-preview:-1\" \/>\n<link rel=\"canonical\" href=\"https:\/\/www.carmelitaniscalzi.com\/fr\/2021\/02\/19\/un-livre-sur-saint-joseph-en-portugais\/\" \/>\n<meta property=\"og:locale\" content=\"fr_FR\" \/>\n<meta property=\"og:type\" content=\"article\" \/>\n<meta property=\"og:title\" content=\"Un livre sur Saint Joseph en portugais - CARMES D\u00c9CHAUX\" \/>\n<meta property=\"og:description\" content=\"Le P\u00e8re Patrizio Sciadini, ocd, qui a \u00e9t\u00e9 missionnaire au Br\u00e9sil pendant de nombreuses ann\u00e9es et jusqu&rsquo;\u00e0 r\u00e9cemment D\u00e9l\u00e9gu\u00e9 G\u00e9n\u00e9ral en Egypte, a publi\u00e9 un livre de grand int\u00e9r\u00eat en cette ann\u00e9e sp\u00e9ciale de Saint Joseph et dont le titre\u00a0 est: \u00abCaminhando con S\u00e3o Jos\u00e9\u00bb. Selon le propre auteur, son \u0153uvre veut en premier lieu [&hellip;]\" \/>\n<meta property=\"og:url\" content=\"https:\/\/www.carmelitaniscalzi.com\/fr\/2021\/02\/19\/un-livre-sur-saint-joseph-en-portugais\/\" \/>\n<meta property=\"og:site_name\" content=\"CARMES D\u00c9CHAUX\" \/>\n<meta property=\"article:publisher\" content=\"https:\/\/www.facebook.com\/Curia-Generalizia-Carmelitani-Scalzi-658766940887784\/\" \/>\n<meta property=\"article:published_time\" content=\"2021-02-18T23:30:28+00:00\" \/>\n<meta property=\"og:image\" content=\"https:\/\/www.carmelitaniscalzi.com\/wp-content\/uploads\/2021\/02\/01-2.jpg\" \/>\n\t<meta property=\"og:image:width\" content=\"475\" \/>\n\t<meta property=\"og:image:height\" content=\"308\" \/>\n\t<meta property=\"og:image:type\" content=\"image\/jpeg\" \/>\n<meta name=\"author\" content=\"ocd web master\" \/>\n<meta name=\"twitter:card\" content=\"summary_large_image\" \/>\n<meta name=\"twitter:creator\" content=\"@ocdcuria\" \/>\n<meta name=\"twitter:site\" content=\"@ocdcuria\" \/>\n<meta name=\"twitter:label1\" content=\"\u00c9crit par\" \/>\n\t<meta name=\"twitter:data1\" content=\"ocd web master\" \/>\n\t<meta name=\"twitter:label2\" content=\"Dur\u00e9e de lecture estim\u00e9e\" \/>\n\t<meta name=\"twitter:data2\" content=\"1 minute\" \/>\n<script type=\"application\/ld+json\" class=\"yoast-schema-graph\">{\"@context\":\"https:\/\/schema.org\",\"@graph\":[{\"@type\":\"Article\",\"@id\":\"https:\/\/www.carmelitaniscalzi.com\/fr\/2021\/02\/19\/un-livre-sur-saint-joseph-en-portugais\/#article\",\"isPartOf\":{\"@id\":\"https:\/\/www.carmelitaniscalzi.com\/fr\/2021\/02\/19\/un-livre-sur-saint-joseph-en-portugais\/\"},\"author\":{\"name\":\"ocd web master\",\"@id\":\"https:\/\/www.carmelitaniscalzi.com\/#\/schema\/person\/6d1c0d9bea7b6625c437246a5d6da409\"},\"headline\":\"Un livre sur Saint Joseph en portugais\",\"datePublished\":\"2021-02-18T23:30:28+00:00\",\"mainEntityOfPage\":{\"@id\":\"https:\/\/www.carmelitaniscalzi.com\/fr\/2021\/02\/19\/un-livre-sur-saint-joseph-en-portugais\/\"},\"wordCount\":188,\"publisher\":{\"@id\":\"https:\/\/www.carmelitaniscalzi.com\/#organization\"},\"image\":{\"@id\":\"https:\/\/www.carmelitaniscalzi.com\/fr\/2021\/02\/19\/un-livre-sur-saint-joseph-en-portugais\/#primaryimage\"},\"thumbnailUrl\":\"https:\/\/www.carmelitaniscalzi.com\/wp-content\/uploads\/2021\/02\/01-2.jpg\",\"articleSection\":[\"Nouvelles Fr\u00e8res\",\"Nouvelles\"],\"inLanguage\":\"fr-FR\"},{\"@type\":\"WebPage\",\"@id\":\"https:\/\/www.carmelitaniscalzi.com\/fr\/2021\/02\/19\/un-livre-sur-saint-joseph-en-portugais\/\",\"url\":\"https:\/\/www.carmelitaniscalzi.com\/fr\/2021\/02\/19\/un-livre-sur-saint-joseph-en-portugais\/\",\"name\":\"Un livre sur Saint Joseph en portugais - CARMES D\u00c9CHAUX\",\"isPartOf\":{\"@id\":\"https:\/\/www.carmelitaniscalzi.com\/#website\"},\"primaryImageOfPage\":{\"@id\":\"https:\/\/www.carmelitaniscalzi.com\/fr\/2021\/02\/19\/un-livre-sur-saint-joseph-en-portugais\/#primaryimage\"},\"image\":{\"@id\":\"https:\/\/www.carmelitaniscalzi.com\/fr\/2021\/02\/19\/un-livre-sur-saint-joseph-en-portugais\/#primaryimage\"},\"thumbnailUrl\":\"https:\/\/www.carmelitaniscalzi.com\/wp-content\/uploads\/2021\/02\/01-2.jpg\",\"datePublished\":\"2021-02-18T23:30:28+00:00\",\"breadcrumb\":{\"@id\":\"https:\/\/www.carmelitaniscalzi.com\/fr\/2021\/02\/19\/un-livre-sur-saint-joseph-en-portugais\/#breadcrumb\"},\"inLanguage\":\"fr-FR\",\"potentialAction\":[{\"@type\":\"ReadAction\",\"target\":[\"https:\/\/www.carmelitaniscalzi.com\/fr\/2021\/02\/19\/un-livre-sur-saint-joseph-en-portugais\/\"]}]},{\"@type\":\"ImageObject\",\"inLanguage\":\"fr-FR\",\"@id\":\"https:\/\/www.carmelitaniscalzi.com\/fr\/2021\/02\/19\/un-livre-sur-saint-joseph-en-portugais\/#primaryimage\",\"url\":\"https:\/\/www.carmelitaniscalzi.com\/wp-content\/uploads\/2021\/02\/01-2.jpg\",\"contentUrl\":\"https:\/\/www.carmelitaniscalzi.com\/wp-content\/uploads\/2021\/02\/01-2.jpg\",\"width\":475,\"height\":308},{\"@type\":\"BreadcrumbList\",\"@id\":\"https:\/\/www.carmelitaniscalzi.com\/fr\/2021\/02\/19\/un-livre-sur-saint-joseph-en-portugais\/#breadcrumb\",\"itemListElement\":[{\"@type\":\"ListItem\",\"position\":1,\"name\":\"Home\",\"item\":\"https:\/\/www.carmelitaniscalzi.com\/fr\/\"},{\"@type\":\"ListItem\",\"position\":2,\"name\":\"Un livre sur Saint Joseph en portugais\"}]},{\"@type\":\"WebSite\",\"@id\":\"https:\/\/www.carmelitaniscalzi.com\/#website\",\"url\":\"https:\/\/www.carmelitaniscalzi.com\/\",\"name\":\"CARMELITANI SCALZI - Curia Generale del Carmelo Teresiano\",\"description\":\"Curie G\u00e9n\u00e9ralice du Carmel D\u00e9chauss\u00e9\",\"publisher\":{\"@id\":\"https:\/\/www.carmelitaniscalzi.com\/#organization\"},\"alternateName\":\"CARMELITANI SCALZI\",\"potentialAction\":[{\"@type\":\"SearchAction\",\"target\":{\"@type\":\"EntryPoint\",\"urlTemplate\":\"https:\/\/www.carmelitaniscalzi.com\/?s={search_term_string}\"},\"query-input\":{\"@type\":\"PropertyValueSpecification\",\"valueRequired\":true,\"valueName\":\"search_term_string\"}}],\"inLanguage\":\"fr-FR\"},{\"@type\":\"Organization\",\"@id\":\"https:\/\/www.carmelitaniscalzi.com\/#organization\",\"name\":\"CARMELITANI SCALZI - Curia Generale del Carmelo Teresiano\",\"url\":\"https:\/\/www.carmelitaniscalzi.com\/\",\"logo\":{\"@type\":\"ImageObject\",\"inLanguage\":\"fr-FR\",\"@id\":\"https:\/\/www.carmelitaniscalzi.com\/#\/schema\/logo\/image\/\",\"url\":\"https:\/\/www.carmelitaniscalzi.com\/wp-content\/uploads\/2025\/11\/login-logo.png\",\"contentUrl\":\"https:\/\/www.carmelitaniscalzi.com\/wp-content\/uploads\/2025\/11\/login-logo.png\",\"width\":256,\"height\":256,\"caption\":\"CARMELITANI SCALZI - Curia Generale del Carmelo Teresiano\"},\"image\":{\"@id\":\"https:\/\/www.carmelitaniscalzi.com\/#\/schema\/logo\/image\/\"},\"sameAs\":[\"https:\/\/www.facebook.com\/Curia-Generalizia-Carmelitani-Scalzi-658766940887784\/\",\"https:\/\/x.com\/ocdcuria\",\"https:\/\/www.youtube.com\/channel\/UC2J5ZL0ycOY0qBSTCLX_NGQ\/videos\",\"https:\/\/www.instagram.com\/ocdinform\/\"]},{\"@type\":\"Person\",\"@id\":\"https:\/\/www.carmelitaniscalzi.com\/#\/schema\/person\/6d1c0d9bea7b6625c437246a5d6da409\",\"name\":\"ocd web master\",\"image\":{\"@type\":\"ImageObject\",\"inLanguage\":\"fr-FR\",\"@id\":\"https:\/\/www.carmelitaniscalzi.com\/#\/schema\/person\/image\/\",\"url\":\"https:\/\/secure.gravatar.com\/avatar\/41fbc5f82bad909fbaf2984c43fa50d8519ac5853e25b454d022b6868f80d0e7?s=96&d=mm&r=g\",\"contentUrl\":\"https:\/\/secure.gravatar.com\/avatar\/41fbc5f82bad909fbaf2984c43fa50d8519ac5853e25b454d022b6868f80d0e7?s=96&d=mm&r=g\",\"caption\":\"ocd web master\"},\"url\":\"https:\/\/www.carmelitaniscalzi.com\/fr\/author\/ocdwebmaster\/\"}]}<\/script>\n<!-- \/ Yoast SEO plugin. -->","yoast_head_json":{"title":"Un livre sur Saint Joseph en portugais - CARMES D\u00c9CHAUX","robots":{"index":"index","follow":"follow","max-snippet":"max-snippet:-1","max-image-preview":"max-image-preview:large","max-video-preview":"max-video-preview:-1"},"canonical":"https:\/\/www.carmelitaniscalzi.com\/fr\/2021\/02\/19\/un-livre-sur-saint-joseph-en-portugais\/","og_locale":"fr_FR","og_type":"article","og_title":"Un livre sur Saint Joseph en portugais - CARMES D\u00c9CHAUX","og_description":"Le P\u00e8re Patrizio Sciadini, ocd, qui a \u00e9t\u00e9 missionnaire au Br\u00e9sil pendant de nombreuses ann\u00e9es et jusqu&rsquo;\u00e0 r\u00e9cemment D\u00e9l\u00e9gu\u00e9 G\u00e9n\u00e9ral en Egypte, a publi\u00e9 un livre de grand int\u00e9r\u00eat en cette ann\u00e9e sp\u00e9ciale de Saint Joseph et dont le titre\u00a0 est: \u00abCaminhando con S\u00e3o Jos\u00e9\u00bb. Selon le propre auteur, son \u0153uvre veut en premier lieu [&hellip;]","og_url":"https:\/\/www.carmelitaniscalzi.com\/fr\/2021\/02\/19\/un-livre-sur-saint-joseph-en-portugais\/","og_site_name":"CARMES D\u00c9CHAUX","article_publisher":"https:\/\/www.facebook.com\/Curia-Generalizia-Carmelitani-Scalzi-658766940887784\/","article_published_time":"2021-02-18T23:30:28+00:00","og_image":[{"width":475,"height":308,"url":"https:\/\/www.carmelitaniscalzi.com\/wp-content\/uploads\/2021\/02\/01-2.jpg","type":"image\/jpeg"}],"author":"ocd web master","twitter_card":"summary_large_image","twitter_creator":"@ocdcuria","twitter_site":"@ocdcuria","twitter_misc":{"\u00c9crit par":"ocd web master","Dur\u00e9e de lecture estim\u00e9e":"1 minute"},"schema":{"@context":"https:\/\/schema.org","@graph":[{"@type":"Article","@id":"https:\/\/www.carmelitaniscalzi.com\/fr\/2021\/02\/19\/un-livre-sur-saint-joseph-en-portugais\/#article","isPartOf":{"@id":"https:\/\/www.carmelitaniscalzi.com\/fr\/2021\/02\/19\/un-livre-sur-saint-joseph-en-portugais\/"},"author":{"name":"ocd web master","@id":"https:\/\/www.carmelitaniscalzi.com\/#\/schema\/person\/6d1c0d9bea7b6625c437246a5d6da409"},"headline":"Un livre sur Saint Joseph en portugais","datePublished":"2021-02-18T23:30:28+00:00","mainEntityOfPage":{"@id":"https:\/\/www.carmelitaniscalzi.com\/fr\/2021\/02\/19\/un-livre-sur-saint-joseph-en-portugais\/"},"wordCount":188,"publisher":{"@id":"https:\/\/www.carmelitaniscalzi.com\/#organization"},"image":{"@id":"https:\/\/www.carmelitaniscalzi.com\/fr\/2021\/02\/19\/un-livre-sur-saint-joseph-en-portugais\/#primaryimage"},"thumbnailUrl":"https:\/\/www.carmelitaniscalzi.com\/wp-content\/uploads\/2021\/02\/01-2.jpg","articleSection":["Nouvelles Fr\u00e8res","Nouvelles"],"inLanguage":"fr-FR"},{"@type":"WebPage","@id":"https:\/\/www.carmelitaniscalzi.com\/fr\/2021\/02\/19\/un-livre-sur-saint-joseph-en-portugais\/","url":"https:\/\/www.carmelitaniscalzi.com\/fr\/2021\/02\/19\/un-livre-sur-saint-joseph-en-portugais\/","name":"Un livre sur Saint Joseph en portugais - CARMES D\u00c9CHAUX","isPartOf":{"@id":"https:\/\/www.carmelitaniscalzi.com\/#website"},"primaryImageOfPage":{"@id":"https:\/\/www.carmelitaniscalzi.com\/fr\/2021\/02\/19\/un-livre-sur-saint-joseph-en-portugais\/#primaryimage"},"image":{"@id":"https:\/\/www.carmelitaniscalzi.com\/fr\/2021\/02\/19\/un-livre-sur-saint-joseph-en-portugais\/#primaryimage"},"thumbnailUrl":"https:\/\/www.carmelitaniscalzi.com\/wp-content\/uploads\/2021\/02\/01-2.jpg","datePublished":"2021-02-18T23:30:28+00:00","breadcrumb":{"@id":"https:\/\/www.carmelitaniscalzi.com\/fr\/2021\/02\/19\/un-livre-sur-saint-joseph-en-portugais\/#breadcrumb"},"inLanguage":"fr-FR","potentialAction":[{"@type":"ReadAction","target":["https:\/\/www.carmelitaniscalzi.com\/fr\/2021\/02\/19\/un-livre-sur-saint-joseph-en-portugais\/"]}]},{"@type":"ImageObject","inLanguage":"fr-FR","@id":"https:\/\/www.carmelitaniscalzi.com\/fr\/2021\/02\/19\/un-livre-sur-saint-joseph-en-portugais\/#primaryimage","url":"https:\/\/www.carmelitaniscalzi.com\/wp-content\/uploads\/2021\/02\/01-2.jpg","contentUrl":"https:\/\/www.carmelitaniscalzi.com\/wp-content\/uploads\/2021\/02\/01-2.jpg","width":475,"height":308},{"@type":"BreadcrumbList","@id":"https:\/\/www.carmelitaniscalzi.com\/fr\/2021\/02\/19\/un-livre-sur-saint-joseph-en-portugais\/#breadcrumb","itemListElement":[{"@type":"ListItem","position":1,"name":"Home","item":"https:\/\/www.carmelitaniscalzi.com\/fr\/"},{"@type":"ListItem","position":2,"name":"Un livre sur Saint Joseph en portugais"}]},{"@type":"WebSite","@id":"https:\/\/www.carmelitaniscalzi.com\/#website","url":"https:\/\/www.carmelitaniscalzi.com\/","name":"CARMELITANI SCALZI - Curia Generale del Carmelo Teresiano","description":"Curie G\u00e9n\u00e9ralice du Carmel D\u00e9chauss\u00e9","publisher":{"@id":"https:\/\/www.carmelitaniscalzi.com\/#organization"},"alternateName":"CARMELITANI SCALZI","potentialAction":[{"@type":"SearchAction","target":{"@type":"EntryPoint","urlTemplate":"https:\/\/www.carmelitaniscalzi.com\/?s={search_term_string}"},"query-input":{"@type":"PropertyValueSpecification","valueRequired":true,"valueName":"search_term_string"}}],"inLanguage":"fr-FR"},{"@type":"Organization","@id":"https:\/\/www.carmelitaniscalzi.com\/#organization","name":"CARMELITANI SCALZI - Curia Generale del Carmelo Teresiano","url":"https:\/\/www.carmelitaniscalzi.com\/","logo":{"@type":"ImageObject","inLanguage":"fr-FR","@id":"https:\/\/www.carmelitaniscalzi.com\/#\/schema\/logo\/image\/","url":"https:\/\/www.carmelitaniscalzi.com\/wp-content\/uploads\/2025\/11\/login-logo.png","contentUrl":"https:\/\/www.carmelitaniscalzi.com\/wp-content\/uploads\/2025\/11\/login-logo.png","width":256,"height":256,"caption":"CARMELITANI SCALZI - Curia Generale del Carmelo Teresiano"},"image":{"@id":"https:\/\/www.carmelitaniscalzi.com\/#\/schema\/logo\/image\/"},"sameAs":["https:\/\/www.facebook.com\/Curia-Generalizia-Carmelitani-Scalzi-658766940887784\/","https:\/\/x.com\/ocdcuria","https:\/\/www.youtube.com\/channel\/UC2J5ZL0ycOY0qBSTCLX_NGQ\/videos","https:\/\/www.instagram.com\/ocdinform\/"]},{"@type":"Person","@id":"https:\/\/www.carmelitaniscalzi.com\/#\/schema\/person\/6d1c0d9bea7b6625c437246a5d6da409","name":"ocd web master","image":{"@type":"ImageObject","inLanguage":"fr-FR","@id":"https:\/\/www.carmelitaniscalzi.com\/#\/schema\/person\/image\/","url":"https:\/\/secure.gravatar.com\/avatar\/41fbc5f82bad909fbaf2984c43fa50d8519ac5853e25b454d022b6868f80d0e7?s=96&d=mm&r=g","contentUrl":"https:\/\/secure.gravatar.com\/avatar\/41fbc5f82bad909fbaf2984c43fa50d8519ac5853e25b454d022b6868f80d0e7?s=96&d=mm&r=g","caption":"ocd web master"},"url":"https:\/\/www.carmelitaniscalzi.com\/fr\/author\/ocdwebmaster\/"}]}},"_links":{"self":[{"href":"https:\/\/www.carmelitaniscalzi.com\/fr\/wp-json\/wp\/v2\/posts\/45944","targetHints":{"allow":["GET"]}}],"collection":[{"href":"https:\/\/www.carmelitaniscalzi.com\/fr\/wp-json\/wp\/v2\/posts"}],"about":[{"href":"https:\/\/www.carmelitaniscalzi.com\/fr\/wp-json\/wp\/v2\/types\/post"}],"author":[{"embeddable":true,"href":"https:\/\/www.carmelitaniscalzi.com\/fr\/wp-json\/wp\/v2\/users\/7"}],"replies":[{"embeddable":true,"href":"https:\/\/www.carmelitaniscalzi.com\/fr\/wp-json\/wp\/v2\/comments?post=45944"}],"version-history":[{"count":0,"href":"https:\/\/www.carmelitaniscalzi.com\/fr\/wp-json\/wp\/v2\/posts\/45944\/revisions"}],"wp:featuredmedia":[{"embeddable":true,"href":"https:\/\/www.carmelitaniscalzi.com\/fr\/wp-json\/wp\/v2\/media\/45684"}],"wp:attachment":[{"href":"https:\/\/www.carmelitaniscalzi.com\/fr\/wp-json\/wp\/v2\/media?parent=45944"}],"wp:term":[{"taxonomy":"category","embeddable":true,"href":"https:\/\/www.carmelitaniscalzi.com\/fr\/wp-json\/wp\/v2\/categories?post=45944"},{"taxonomy":"post_tag","embeddable":true,"href":"https:\/\/www.carmelitaniscalzi.com\/fr\/wp-json\/wp\/v2\/tags?post=45944"}],"curies":[{"name":"wp","href":"https:\/\/api.w.org\/{rel}","templated":true}]}}