{"id":45292,"date":"2021-01-19T00:30:03","date_gmt":"2021-01-18T23:30:03","guid":{"rendered":"https:\/\/www.carmelitaniscalzi.com\/?p=45292"},"modified":"2021-01-16T00:14:12","modified_gmt":"2021-01-15T23:14:12","slug":"une-annee-consacree-a-saint-joseph","status":"publish","type":"post","link":"https:\/\/www.carmelitaniscalzi.com\/fr\/2021\/01\/19\/une-annee-consacree-a-saint-joseph\/","title":{"rendered":"Une ann\u00e9e consacr\u00e9e \u00e0 Saint Joseph"},"content":{"rendered":"<p>En publiant la Lettre Apostolique<strong><em> Patris Corde <\/em><\/strong>\u00e0 l&rsquo;occasion du 150\u00e8me Anniversaire de la Proclamation de Saint Joseph comme Patron de l&rsquo;\u00c9glise universelle, le Saint-P\u00e8re Francisco a annonc\u00e9 le d\u00e9but d&rsquo;une ann\u00e9e sp\u00e9ciale Saint Joseph, avec l&rsquo;intention que, en ces temps difficiles pour l\u2019humanit\u00e9, nous sachions porter un regard sur <em>les gens ordinaires, vers ceux qui, \u00e9loign\u00e9s de tout protagonisme, font preuve de patience et insufflent chaque jour l\u2019esp\u00e9rance, semant <\/em><em>la co-responsabilit\u00e9. Comme Saint Joseph, l&rsquo;homme qui passe inaper\u00e7u, l&rsquo;homme de la pr\u00e9sence quotidienne, discr\u00e8te et oculte. <\/em><em>Et pourtant, son r\u00f4le est sans \u00e9gal dans l&rsquo;histoire du salut.<\/em><\/p>\n<p><em>Joseph, qui a aim\u00e9 J\u00e9sus avec le c\u0153ur d&rsquo;un P\u00e8re, est le serviteur dans la tendresse, dans l&rsquo;ob\u00e9issance et dans l&rsquo;accueil, courageux et travailleur qui, dans l&rsquo;ombre, travaille sans chercher aucun protagonisme.<\/em><\/p>\n<p>Pour le Carmel th\u00e9r\u00e9sien, cette ann\u00e9e Saint Joseph est un motif de joie particuli\u00e8re, avec laquelle nous avons l&rsquo;opportunit\u00e9 d&rsquo;approfondir la dimension Jos\u00e9phine de notre charisme, comme le soulignent Sainte Th\u00e9r\u00e8se de J\u00e9sus et d&rsquo;autres figures notables de l&rsquo;Ordre, comme le P. Jer\u00f4me Gracian de la M\u00e8re de Dieu.<\/p>\n<p>De plus, le m\u00eame jour de la publication de la Lettre apostolique du Saint-P\u00e8re, les G\u00e9n\u00e9raux O.Carm. et O.C.D. publi\u00e8rent une lettre aux deux Ordres Carm\u00e9lites avec le titre <em>Le Patronage de Saint Joseph au Carmel. Lettre des Sup\u00e9rieurs G\u00e9n\u00e9raux O.Carm. et O.C.D. \u00e0 la famille Carm\u00e9lite \u00e0 l&rsquo;occasion du 150\u00e8 anniversaire de la proclamation du patronage de Saint Joseph sur l&rsquo;\u00c9glise universelle.<\/em><\/p>\n<p>&nbsp;<\/p>\n<div class=\"wpmf-gallerys wpmf-gallerys-life \" ><div id=\"gallery-1\" class=\"gallery gallery_life wpmf_gallery_default gallery_default  gallery-columns-4 gallery-size-thumbnail gallery-link-post wpmf-has-border-radius-0 wpmf-gutterwidth-5 no_ratio\"><figure class=\"wpmf-gallery-item\" data-index=\"0\"><div class=\"wpmf-gallery-icon\"><div class=\"square_thumbnail\"><div class=\"img_centered\"><a class=\" not_video noLightbox\" data-lightbox=\"0\" data-href=\"https:\/\/www.carmelitaniscalzi.com\/wp-content\/uploads\/2021\/01\/08-768x1024.jpeg\" title=\"08\" target=\"_self\" data-index=\"0\"><img decoding=\"async\" class=\"wpmf_img\" alt=\"08\" src=\"https:\/\/www.carmelitaniscalzi.com\/wp-content\/uploads\/2021\/01\/08-150x150.jpeg\" data-type=\"wpmfgalleryimg\" data-lazy-src=\"https:\/\/www.carmelitaniscalzi.com\/wp-content\/uploads\/2021\/01\/08-150x150.jpeg\"><\/a><\/div><\/div><\/div><\/figure><figure class=\"wpmf-gallery-item\" data-index=\"1\"><div class=\"wpmf-gallery-icon\"><div class=\"square_thumbnail\"><div class=\"img_centered\"><a class=\" not_video noLightbox\" data-lightbox=\"0\" data-href=\"https:\/\/www.carmelitaniscalzi.com\/wp-content\/uploads\/2021\/01\/07-1.jpeg\" title=\"07\" target=\"_self\" data-index=\"1\"><img decoding=\"async\" class=\"wpmf_img\" alt=\"07\" src=\"https:\/\/www.carmelitaniscalzi.com\/wp-content\/uploads\/2021\/01\/07-1-150x150.jpeg\" data-type=\"wpmfgalleryimg\" data-lazy-src=\"https:\/\/www.carmelitaniscalzi.com\/wp-content\/uploads\/2021\/01\/07-1-150x150.jpeg\"><\/a><\/div><\/div><\/div><\/figure><figure class=\"wpmf-gallery-item\" data-index=\"2\"><div class=\"wpmf-gallery-icon\"><div class=\"square_thumbnail\"><div class=\"img_centered\"><a class=\" not_video noLightbox\" data-lightbox=\"0\" data-href=\"https:\/\/www.carmelitaniscalzi.com\/wp-content\/uploads\/2021\/01\/06-1.jpeg\" title=\"06\" target=\"_self\" data-index=\"2\"><img decoding=\"async\" class=\"wpmf_img\" alt=\"06\" src=\"https:\/\/www.carmelitaniscalzi.com\/wp-content\/uploads\/2021\/01\/06-1-150x150.jpeg\" data-type=\"wpmfgalleryimg\" data-lazy-src=\"https:\/\/www.carmelitaniscalzi.com\/wp-content\/uploads\/2021\/01\/06-1-150x150.jpeg\"><\/a><\/div><\/div><\/div><\/figure><figure class=\"wpmf-gallery-item\" data-index=\"3\"><div class=\"wpmf-gallery-icon\"><div class=\"square_thumbnail\"><div class=\"img_centered\"><a class=\" not_video noLightbox\" data-lightbox=\"0\" data-href=\"https:\/\/www.carmelitaniscalzi.com\/wp-content\/uploads\/2021\/01\/05-1-720x1024.jpeg\" title=\"05\" target=\"_self\" data-index=\"3\"><img decoding=\"async\" class=\"wpmf_img\" alt=\"05\" src=\"https:\/\/www.carmelitaniscalzi.com\/wp-content\/uploads\/2021\/01\/05-1-150x150.jpeg\" data-type=\"wpmfgalleryimg\" data-lazy-src=\"https:\/\/www.carmelitaniscalzi.com\/wp-content\/uploads\/2021\/01\/05-1-150x150.jpeg\"><\/a><\/div><\/div><\/div><\/figure><figure class=\"wpmf-gallery-item\" data-index=\"4\"><div class=\"wpmf-gallery-icon\"><div class=\"square_thumbnail\"><div class=\"img_centered\"><a class=\" not_video noLightbox\" data-lightbox=\"0\" data-href=\"https:\/\/www.carmelitaniscalzi.com\/wp-content\/uploads\/2021\/01\/04-2.png\" title=\"04\" target=\"_self\" data-index=\"4\"><img decoding=\"async\" class=\"wpmf_img\" alt=\"04\" src=\"https:\/\/www.carmelitaniscalzi.com\/wp-content\/uploads\/2021\/01\/04-2-150x150.png\" data-type=\"wpmfgalleryimg\" data-lazy-src=\"https:\/\/www.carmelitaniscalzi.com\/wp-content\/uploads\/2021\/01\/04-2-150x150.png\"><\/a><\/div><\/div><\/div><\/figure><figure class=\"wpmf-gallery-item\" data-index=\"5\"><div class=\"wpmf-gallery-icon\"><div class=\"square_thumbnail\"><div class=\"img_centered\"><a class=\" not_video noLightbox\" data-lightbox=\"0\" data-href=\"https:\/\/www.carmelitaniscalzi.com\/wp-content\/uploads\/2021\/01\/03-726x1024.jpeg\" title=\"03\" target=\"_self\" data-index=\"5\"><img decoding=\"async\" class=\"wpmf_img\" alt=\"03\" src=\"https:\/\/www.carmelitaniscalzi.com\/wp-content\/uploads\/2021\/01\/03-150x150.jpeg\" data-type=\"wpmfgalleryimg\" data-lazy-src=\"https:\/\/www.carmelitaniscalzi.com\/wp-content\/uploads\/2021\/01\/03-150x150.jpeg\"><\/a><\/div><\/div><\/div><\/figure><figure class=\"wpmf-gallery-item\" data-index=\"6\"><div class=\"wpmf-gallery-icon\"><div class=\"square_thumbnail\"><div class=\"img_centered\"><a class=\" not_video noLightbox\" data-lightbox=\"0\" data-href=\"https:\/\/www.carmelitaniscalzi.com\/wp-content\/uploads\/2021\/01\/01.jpeg\" title=\"01\" target=\"_self\" data-index=\"6\"><img decoding=\"async\" class=\"wpmf_img\" alt=\"01\" src=\"https:\/\/www.carmelitaniscalzi.com\/wp-content\/uploads\/2021\/01\/01-150x150.jpeg\" data-type=\"wpmfgalleryimg\" data-lazy-src=\"https:\/\/www.carmelitaniscalzi.com\/wp-content\/uploads\/2021\/01\/01-150x150.jpeg\"><\/a><\/div><\/div><\/div><\/figure><figure class=\"wpmf-gallery-item\" data-index=\"7\"><div class=\"wpmf-gallery-icon\"><div class=\"square_thumbnail\"><div class=\"img_centered\"><a class=\" not_video noLightbox\" data-lightbox=\"0\" data-href=\"https:\/\/www.carmelitaniscalzi.com\/wp-content\/uploads\/2021\/01\/00-1.jpeg\" title=\"00\" target=\"_self\" data-index=\"7\"><img decoding=\"async\" class=\"wpmf_img\" alt=\"00\" src=\"https:\/\/www.carmelitaniscalzi.com\/wp-content\/uploads\/2021\/01\/00-1-150x150.jpeg\" data-type=\"wpmfgalleryimg\" data-lazy-src=\"https:\/\/www.carmelitaniscalzi.com\/wp-content\/uploads\/2021\/01\/00-1-150x150.jpeg\"><\/a><\/div><\/div><\/div><\/figure><\/div><\/div>\n","protected":false},"excerpt":{"rendered":"<p>En publiant la Lettre Apostolique Patris Corde \u00e0 l&rsquo;occasion du 150\u00e8me Anniversaire de la Proclamation de Saint Joseph comme Patron de l&rsquo;\u00c9glise universelle, le Saint-P\u00e8re Francisco a annonc\u00e9 le d\u00e9but d&rsquo;une ann\u00e9e sp\u00e9ciale Saint Joseph, avec l&rsquo;intention que, en ces temps difficiles pour l\u2019humanit\u00e9, nous sachions porter un regard sur les gens ordinaires, vers ceux [&hellip;]<\/p>\n","protected":false},"author":7,"featured_media":45138,"comment_status":"closed","ping_status":"closed","sticky":false,"template":"","format":"standard","meta":{"_acf_changed":false,"footnotes":""},"categories":[201,203,204,261,370],"tags":[],"class_list":["post-45292","post","type-post","status-publish","format-standard","has-post-thumbnail","hentry","category-nouvelles-freres","category-nouvelles-moniales","category-nouvelles-prepose-general","category-nouvelles-ocds","category-nouvelles"],"acf":[],"yoast_head":"<!-- This site is optimized with the Yoast SEO plugin v26.3 - https:\/\/yoast.com\/wordpress\/plugins\/seo\/ -->\n<title>Une ann\u00e9e consacr\u00e9e \u00e0 Saint Joseph - CARMES D\u00c9CHAUX<\/title>\n<meta name=\"robots\" content=\"index, follow, max-snippet:-1, max-image-preview:large, max-video-preview:-1\" \/>\n<link rel=\"canonical\" href=\"https:\/\/www.carmelitaniscalzi.com\/fr\/2021\/01\/19\/une-annee-consacree-a-saint-joseph\/\" \/>\n<meta property=\"og:locale\" content=\"fr_FR\" \/>\n<meta property=\"og:type\" content=\"article\" \/>\n<meta property=\"og:title\" content=\"Une ann\u00e9e consacr\u00e9e \u00e0 Saint Joseph - CARMES D\u00c9CHAUX\" \/>\n<meta property=\"og:description\" content=\"En publiant la Lettre Apostolique Patris Corde \u00e0 l&rsquo;occasion du 150\u00e8me Anniversaire de la Proclamation de Saint Joseph comme Patron de l&rsquo;\u00c9glise universelle, le Saint-P\u00e8re Francisco a annonc\u00e9 le d\u00e9but d&rsquo;une ann\u00e9e sp\u00e9ciale Saint Joseph, avec l&rsquo;intention que, en ces temps difficiles pour l\u2019humanit\u00e9, nous sachions porter un regard sur les gens ordinaires, vers ceux [&hellip;]\" \/>\n<meta property=\"og:url\" content=\"https:\/\/www.carmelitaniscalzi.com\/fr\/2021\/01\/19\/une-annee-consacree-a-saint-joseph\/\" \/>\n<meta property=\"og:site_name\" content=\"CARMES D\u00c9CHAUX\" \/>\n<meta property=\"article:publisher\" content=\"https:\/\/www.facebook.com\/Curia-Generalizia-Carmelitani-Scalzi-658766940887784\/\" \/>\n<meta property=\"article:published_time\" content=\"2021-01-18T23:30:03+00:00\" \/>\n<meta property=\"og:image\" content=\"https:\/\/www.carmelitaniscalzi.com\/wp-content\/uploads\/2021\/01\/00-1.jpeg\" \/>\n\t<meta property=\"og:image:width\" content=\"848\" \/>\n\t<meta property=\"og:image:height\" content=\"567\" \/>\n\t<meta property=\"og:image:type\" content=\"image\/jpeg\" \/>\n<meta name=\"author\" content=\"ocd web master\" \/>\n<meta name=\"twitter:card\" content=\"summary_large_image\" \/>\n<meta name=\"twitter:creator\" content=\"@ocdcuria\" \/>\n<meta name=\"twitter:site\" content=\"@ocdcuria\" \/>\n<meta name=\"twitter:label1\" content=\"\u00c9crit par\" \/>\n\t<meta name=\"twitter:data1\" content=\"ocd web master\" \/>\n\t<meta name=\"twitter:label2\" content=\"Dur\u00e9e de lecture estim\u00e9e\" \/>\n\t<meta name=\"twitter:data2\" content=\"1 minute\" \/>\n<script type=\"application\/ld+json\" class=\"yoast-schema-graph\">{\"@context\":\"https:\/\/schema.org\",\"@graph\":[{\"@type\":\"Article\",\"@id\":\"https:\/\/www.carmelitaniscalzi.com\/fr\/2021\/01\/19\/une-annee-consacree-a-saint-joseph\/#article\",\"isPartOf\":{\"@id\":\"https:\/\/www.carmelitaniscalzi.com\/fr\/2021\/01\/19\/une-annee-consacree-a-saint-joseph\/\"},\"author\":{\"name\":\"ocd web master\",\"@id\":\"https:\/\/www.carmelitaniscalzi.com\/#\/schema\/person\/6d1c0d9bea7b6625c437246a5d6da409\"},\"headline\":\"Une ann\u00e9e consacr\u00e9e \u00e0 Saint Joseph\",\"datePublished\":\"2021-01-18T23:30:03+00:00\",\"mainEntityOfPage\":{\"@id\":\"https:\/\/www.carmelitaniscalzi.com\/fr\/2021\/01\/19\/une-annee-consacree-a-saint-joseph\/\"},\"wordCount\":311,\"publisher\":{\"@id\":\"https:\/\/www.carmelitaniscalzi.com\/#organization\"},\"image\":{\"@id\":\"https:\/\/www.carmelitaniscalzi.com\/fr\/2021\/01\/19\/une-annee-consacree-a-saint-joseph\/#primaryimage\"},\"thumbnailUrl\":\"https:\/\/www.carmelitaniscalzi.com\/wp-content\/uploads\/2021\/01\/00-1.jpeg\",\"articleSection\":[\"Nouvelles Fr\u00e8res\",\"Nouvelles Moniales\",\"Nouvelles Pr\u00e9pos\u00e9 G\u00e9n\u00e9ral\",\"Nouvelles OCDS\",\"Nouvelles\"],\"inLanguage\":\"fr-FR\"},{\"@type\":\"WebPage\",\"@id\":\"https:\/\/www.carmelitaniscalzi.com\/fr\/2021\/01\/19\/une-annee-consacree-a-saint-joseph\/\",\"url\":\"https:\/\/www.carmelitaniscalzi.com\/fr\/2021\/01\/19\/une-annee-consacree-a-saint-joseph\/\",\"name\":\"Une ann\u00e9e consacr\u00e9e \u00e0 Saint Joseph - CARMES D\u00c9CHAUX\",\"isPartOf\":{\"@id\":\"https:\/\/www.carmelitaniscalzi.com\/#website\"},\"primaryImageOfPage\":{\"@id\":\"https:\/\/www.carmelitaniscalzi.com\/fr\/2021\/01\/19\/une-annee-consacree-a-saint-joseph\/#primaryimage\"},\"image\":{\"@id\":\"https:\/\/www.carmelitaniscalzi.com\/fr\/2021\/01\/19\/une-annee-consacree-a-saint-joseph\/#primaryimage\"},\"thumbnailUrl\":\"https:\/\/www.carmelitaniscalzi.com\/wp-content\/uploads\/2021\/01\/00-1.jpeg\",\"datePublished\":\"2021-01-18T23:30:03+00:00\",\"breadcrumb\":{\"@id\":\"https:\/\/www.carmelitaniscalzi.com\/fr\/2021\/01\/19\/une-annee-consacree-a-saint-joseph\/#breadcrumb\"},\"inLanguage\":\"fr-FR\",\"potentialAction\":[{\"@type\":\"ReadAction\",\"target\":[\"https:\/\/www.carmelitaniscalzi.com\/fr\/2021\/01\/19\/une-annee-consacree-a-saint-joseph\/\"]}]},{\"@type\":\"ImageObject\",\"inLanguage\":\"fr-FR\",\"@id\":\"https:\/\/www.carmelitaniscalzi.com\/fr\/2021\/01\/19\/une-annee-consacree-a-saint-joseph\/#primaryimage\",\"url\":\"https:\/\/www.carmelitaniscalzi.com\/wp-content\/uploads\/2021\/01\/00-1.jpeg\",\"contentUrl\":\"https:\/\/www.carmelitaniscalzi.com\/wp-content\/uploads\/2021\/01\/00-1.jpeg\",\"width\":848,\"height\":567},{\"@type\":\"BreadcrumbList\",\"@id\":\"https:\/\/www.carmelitaniscalzi.com\/fr\/2021\/01\/19\/une-annee-consacree-a-saint-joseph\/#breadcrumb\",\"itemListElement\":[{\"@type\":\"ListItem\",\"position\":1,\"name\":\"Home\",\"item\":\"https:\/\/www.carmelitaniscalzi.com\/fr\/\"},{\"@type\":\"ListItem\",\"position\":2,\"name\":\"Une ann\u00e9e consacr\u00e9e \u00e0 Saint Joseph\"}]},{\"@type\":\"WebSite\",\"@id\":\"https:\/\/www.carmelitaniscalzi.com\/#website\",\"url\":\"https:\/\/www.carmelitaniscalzi.com\/\",\"name\":\"CARMELITANI SCALZI - Curia Generale del Carmelo Teresiano\",\"description\":\"Curie G\u00e9n\u00e9ralice du Carmel D\u00e9chauss\u00e9\",\"publisher\":{\"@id\":\"https:\/\/www.carmelitaniscalzi.com\/#organization\"},\"alternateName\":\"CARMELITANI SCALZI\",\"potentialAction\":[{\"@type\":\"SearchAction\",\"target\":{\"@type\":\"EntryPoint\",\"urlTemplate\":\"https:\/\/www.carmelitaniscalzi.com\/?s={search_term_string}\"},\"query-input\":{\"@type\":\"PropertyValueSpecification\",\"valueRequired\":true,\"valueName\":\"search_term_string\"}}],\"inLanguage\":\"fr-FR\"},{\"@type\":\"Organization\",\"@id\":\"https:\/\/www.carmelitaniscalzi.com\/#organization\",\"name\":\"CARMELITANI SCALZI - Curia Generale del Carmelo Teresiano\",\"url\":\"https:\/\/www.carmelitaniscalzi.com\/\",\"logo\":{\"@type\":\"ImageObject\",\"inLanguage\":\"fr-FR\",\"@id\":\"https:\/\/www.carmelitaniscalzi.com\/#\/schema\/logo\/image\/\",\"url\":\"https:\/\/www.carmelitaniscalzi.com\/wp-content\/uploads\/2025\/11\/login-logo.png\",\"contentUrl\":\"https:\/\/www.carmelitaniscalzi.com\/wp-content\/uploads\/2025\/11\/login-logo.png\",\"width\":256,\"height\":256,\"caption\":\"CARMELITANI SCALZI - Curia Generale del Carmelo Teresiano\"},\"image\":{\"@id\":\"https:\/\/www.carmelitaniscalzi.com\/#\/schema\/logo\/image\/\"},\"sameAs\":[\"https:\/\/www.facebook.com\/Curia-Generalizia-Carmelitani-Scalzi-658766940887784\/\",\"https:\/\/x.com\/ocdcuria\",\"https:\/\/www.youtube.com\/channel\/UC2J5ZL0ycOY0qBSTCLX_NGQ\/videos\",\"https:\/\/www.instagram.com\/ocdinform\/\"]},{\"@type\":\"Person\",\"@id\":\"https:\/\/www.carmelitaniscalzi.com\/#\/schema\/person\/6d1c0d9bea7b6625c437246a5d6da409\",\"name\":\"ocd web master\",\"image\":{\"@type\":\"ImageObject\",\"inLanguage\":\"fr-FR\",\"@id\":\"https:\/\/www.carmelitaniscalzi.com\/#\/schema\/person\/image\/\",\"url\":\"https:\/\/secure.gravatar.com\/avatar\/41fbc5f82bad909fbaf2984c43fa50d8519ac5853e25b454d022b6868f80d0e7?s=96&d=mm&r=g\",\"contentUrl\":\"https:\/\/secure.gravatar.com\/avatar\/41fbc5f82bad909fbaf2984c43fa50d8519ac5853e25b454d022b6868f80d0e7?s=96&d=mm&r=g\",\"caption\":\"ocd web master\"},\"url\":\"https:\/\/www.carmelitaniscalzi.com\/fr\/author\/ocdwebmaster\/\"}]}<\/script>\n<!-- \/ Yoast SEO plugin. -->","yoast_head_json":{"title":"Une ann\u00e9e consacr\u00e9e \u00e0 Saint Joseph - CARMES D\u00c9CHAUX","robots":{"index":"index","follow":"follow","max-snippet":"max-snippet:-1","max-image-preview":"max-image-preview:large","max-video-preview":"max-video-preview:-1"},"canonical":"https:\/\/www.carmelitaniscalzi.com\/fr\/2021\/01\/19\/une-annee-consacree-a-saint-joseph\/","og_locale":"fr_FR","og_type":"article","og_title":"Une ann\u00e9e consacr\u00e9e \u00e0 Saint Joseph - CARMES D\u00c9CHAUX","og_description":"En publiant la Lettre Apostolique Patris Corde \u00e0 l&rsquo;occasion du 150\u00e8me Anniversaire de la Proclamation de Saint Joseph comme Patron de l&rsquo;\u00c9glise universelle, le Saint-P\u00e8re Francisco a annonc\u00e9 le d\u00e9but d&rsquo;une ann\u00e9e sp\u00e9ciale Saint Joseph, avec l&rsquo;intention que, en ces temps difficiles pour l\u2019humanit\u00e9, nous sachions porter un regard sur les gens ordinaires, vers ceux [&hellip;]","og_url":"https:\/\/www.carmelitaniscalzi.com\/fr\/2021\/01\/19\/une-annee-consacree-a-saint-joseph\/","og_site_name":"CARMES D\u00c9CHAUX","article_publisher":"https:\/\/www.facebook.com\/Curia-Generalizia-Carmelitani-Scalzi-658766940887784\/","article_published_time":"2021-01-18T23:30:03+00:00","og_image":[{"width":848,"height":567,"url":"https:\/\/www.carmelitaniscalzi.com\/wp-content\/uploads\/2021\/01\/00-1.jpeg","type":"image\/jpeg"}],"author":"ocd web master","twitter_card":"summary_large_image","twitter_creator":"@ocdcuria","twitter_site":"@ocdcuria","twitter_misc":{"\u00c9crit par":"ocd web master","Dur\u00e9e de lecture estim\u00e9e":"1 minute"},"schema":{"@context":"https:\/\/schema.org","@graph":[{"@type":"Article","@id":"https:\/\/www.carmelitaniscalzi.com\/fr\/2021\/01\/19\/une-annee-consacree-a-saint-joseph\/#article","isPartOf":{"@id":"https:\/\/www.carmelitaniscalzi.com\/fr\/2021\/01\/19\/une-annee-consacree-a-saint-joseph\/"},"author":{"name":"ocd web master","@id":"https:\/\/www.carmelitaniscalzi.com\/#\/schema\/person\/6d1c0d9bea7b6625c437246a5d6da409"},"headline":"Une ann\u00e9e consacr\u00e9e \u00e0 Saint Joseph","datePublished":"2021-01-18T23:30:03+00:00","mainEntityOfPage":{"@id":"https:\/\/www.carmelitaniscalzi.com\/fr\/2021\/01\/19\/une-annee-consacree-a-saint-joseph\/"},"wordCount":311,"publisher":{"@id":"https:\/\/www.carmelitaniscalzi.com\/#organization"},"image":{"@id":"https:\/\/www.carmelitaniscalzi.com\/fr\/2021\/01\/19\/une-annee-consacree-a-saint-joseph\/#primaryimage"},"thumbnailUrl":"https:\/\/www.carmelitaniscalzi.com\/wp-content\/uploads\/2021\/01\/00-1.jpeg","articleSection":["Nouvelles Fr\u00e8res","Nouvelles Moniales","Nouvelles Pr\u00e9pos\u00e9 G\u00e9n\u00e9ral","Nouvelles OCDS","Nouvelles"],"inLanguage":"fr-FR"},{"@type":"WebPage","@id":"https:\/\/www.carmelitaniscalzi.com\/fr\/2021\/01\/19\/une-annee-consacree-a-saint-joseph\/","url":"https:\/\/www.carmelitaniscalzi.com\/fr\/2021\/01\/19\/une-annee-consacree-a-saint-joseph\/","name":"Une ann\u00e9e consacr\u00e9e \u00e0 Saint Joseph - CARMES D\u00c9CHAUX","isPartOf":{"@id":"https:\/\/www.carmelitaniscalzi.com\/#website"},"primaryImageOfPage":{"@id":"https:\/\/www.carmelitaniscalzi.com\/fr\/2021\/01\/19\/une-annee-consacree-a-saint-joseph\/#primaryimage"},"image":{"@id":"https:\/\/www.carmelitaniscalzi.com\/fr\/2021\/01\/19\/une-annee-consacree-a-saint-joseph\/#primaryimage"},"thumbnailUrl":"https:\/\/www.carmelitaniscalzi.com\/wp-content\/uploads\/2021\/01\/00-1.jpeg","datePublished":"2021-01-18T23:30:03+00:00","breadcrumb":{"@id":"https:\/\/www.carmelitaniscalzi.com\/fr\/2021\/01\/19\/une-annee-consacree-a-saint-joseph\/#breadcrumb"},"inLanguage":"fr-FR","potentialAction":[{"@type":"ReadAction","target":["https:\/\/www.carmelitaniscalzi.com\/fr\/2021\/01\/19\/une-annee-consacree-a-saint-joseph\/"]}]},{"@type":"ImageObject","inLanguage":"fr-FR","@id":"https:\/\/www.carmelitaniscalzi.com\/fr\/2021\/01\/19\/une-annee-consacree-a-saint-joseph\/#primaryimage","url":"https:\/\/www.carmelitaniscalzi.com\/wp-content\/uploads\/2021\/01\/00-1.jpeg","contentUrl":"https:\/\/www.carmelitaniscalzi.com\/wp-content\/uploads\/2021\/01\/00-1.jpeg","width":848,"height":567},{"@type":"BreadcrumbList","@id":"https:\/\/www.carmelitaniscalzi.com\/fr\/2021\/01\/19\/une-annee-consacree-a-saint-joseph\/#breadcrumb","itemListElement":[{"@type":"ListItem","position":1,"name":"Home","item":"https:\/\/www.carmelitaniscalzi.com\/fr\/"},{"@type":"ListItem","position":2,"name":"Une ann\u00e9e consacr\u00e9e \u00e0 Saint Joseph"}]},{"@type":"WebSite","@id":"https:\/\/www.carmelitaniscalzi.com\/#website","url":"https:\/\/www.carmelitaniscalzi.com\/","name":"CARMELITANI SCALZI - Curia Generale del Carmelo Teresiano","description":"Curie G\u00e9n\u00e9ralice du Carmel D\u00e9chauss\u00e9","publisher":{"@id":"https:\/\/www.carmelitaniscalzi.com\/#organization"},"alternateName":"CARMELITANI SCALZI","potentialAction":[{"@type":"SearchAction","target":{"@type":"EntryPoint","urlTemplate":"https:\/\/www.carmelitaniscalzi.com\/?s={search_term_string}"},"query-input":{"@type":"PropertyValueSpecification","valueRequired":true,"valueName":"search_term_string"}}],"inLanguage":"fr-FR"},{"@type":"Organization","@id":"https:\/\/www.carmelitaniscalzi.com\/#organization","name":"CARMELITANI SCALZI - Curia Generale del Carmelo Teresiano","url":"https:\/\/www.carmelitaniscalzi.com\/","logo":{"@type":"ImageObject","inLanguage":"fr-FR","@id":"https:\/\/www.carmelitaniscalzi.com\/#\/schema\/logo\/image\/","url":"https:\/\/www.carmelitaniscalzi.com\/wp-content\/uploads\/2025\/11\/login-logo.png","contentUrl":"https:\/\/www.carmelitaniscalzi.com\/wp-content\/uploads\/2025\/11\/login-logo.png","width":256,"height":256,"caption":"CARMELITANI SCALZI - Curia Generale del Carmelo Teresiano"},"image":{"@id":"https:\/\/www.carmelitaniscalzi.com\/#\/schema\/logo\/image\/"},"sameAs":["https:\/\/www.facebook.com\/Curia-Generalizia-Carmelitani-Scalzi-658766940887784\/","https:\/\/x.com\/ocdcuria","https:\/\/www.youtube.com\/channel\/UC2J5ZL0ycOY0qBSTCLX_NGQ\/videos","https:\/\/www.instagram.com\/ocdinform\/"]},{"@type":"Person","@id":"https:\/\/www.carmelitaniscalzi.com\/#\/schema\/person\/6d1c0d9bea7b6625c437246a5d6da409","name":"ocd web master","image":{"@type":"ImageObject","inLanguage":"fr-FR","@id":"https:\/\/www.carmelitaniscalzi.com\/#\/schema\/person\/image\/","url":"https:\/\/secure.gravatar.com\/avatar\/41fbc5f82bad909fbaf2984c43fa50d8519ac5853e25b454d022b6868f80d0e7?s=96&d=mm&r=g","contentUrl":"https:\/\/secure.gravatar.com\/avatar\/41fbc5f82bad909fbaf2984c43fa50d8519ac5853e25b454d022b6868f80d0e7?s=96&d=mm&r=g","caption":"ocd web master"},"url":"https:\/\/www.carmelitaniscalzi.com\/fr\/author\/ocdwebmaster\/"}]}},"_links":{"self":[{"href":"https:\/\/www.carmelitaniscalzi.com\/fr\/wp-json\/wp\/v2\/posts\/45292","targetHints":{"allow":["GET"]}}],"collection":[{"href":"https:\/\/www.carmelitaniscalzi.com\/fr\/wp-json\/wp\/v2\/posts"}],"about":[{"href":"https:\/\/www.carmelitaniscalzi.com\/fr\/wp-json\/wp\/v2\/types\/post"}],"author":[{"embeddable":true,"href":"https:\/\/www.carmelitaniscalzi.com\/fr\/wp-json\/wp\/v2\/users\/7"}],"replies":[{"embeddable":true,"href":"https:\/\/www.carmelitaniscalzi.com\/fr\/wp-json\/wp\/v2\/comments?post=45292"}],"version-history":[{"count":0,"href":"https:\/\/www.carmelitaniscalzi.com\/fr\/wp-json\/wp\/v2\/posts\/45292\/revisions"}],"wp:featuredmedia":[{"embeddable":true,"href":"https:\/\/www.carmelitaniscalzi.com\/fr\/wp-json\/wp\/v2\/media\/45138"}],"wp:attachment":[{"href":"https:\/\/www.carmelitaniscalzi.com\/fr\/wp-json\/wp\/v2\/media?parent=45292"}],"wp:term":[{"taxonomy":"category","embeddable":true,"href":"https:\/\/www.carmelitaniscalzi.com\/fr\/wp-json\/wp\/v2\/categories?post=45292"},{"taxonomy":"post_tag","embeddable":true,"href":"https:\/\/www.carmelitaniscalzi.com\/fr\/wp-json\/wp\/v2\/tags?post=45292"}],"curies":[{"name":"wp","href":"https:\/\/api.w.org\/{rel}","templated":true}]}}