{"id":45290,"date":"2021-01-19T00:30:57","date_gmt":"2021-01-18T23:30:57","guid":{"rendered":"https:\/\/www.carmelitaniscalzi.com\/?p=45290"},"modified":"2021-01-16T00:10:20","modified_gmt":"2021-01-15T23:10:20","slug":"nouvelles-du-carmel-en-malaisie","status":"publish","type":"post","link":"https:\/\/www.carmelitaniscalzi.com\/fr\/2021\/01\/19\/nouvelles-du-carmel-en-malaisie\/","title":{"rendered":"Nouvelles du Carmel en Malaisie"},"content":{"rendered":"<p>Nous transmettons avec joie les nouvelles qui nous sont parvenues de la part de nos Fr\u00e8res et S\u0153urs de ce pays asiatique.<\/p>\n<p>Malgr\u00e9 les difficult\u00e9s impos\u00e9es par la pand\u00e9mie et suivant avec attention les mesures de s\u00e9curit\u00e9 indiqu\u00e9es par les autorit\u00e9s, les Communaut\u00e9s des Fr\u00e8res,\u00a0 des Moniales et des La\u00efcs de Malaisie ont c\u00e9l\u00e9br\u00e9 une triple f\u00eate \u00e0 l&rsquo;occasion de la Solennit\u00e9 de Saint Jean de la Croix le 14. D\u00e9cembre dernier.<\/p>\n<p>Outre la F\u00eate du Saint, le 90\u00e8 Anniversaire de la Fondation du Monast\u00e8re de Notre-Dame du Mont Carmel et de Sainte Th\u00e9r\u00e8se de l&rsquo;Enfant J\u00e9sus (1930-2020) a et\u00e9\u00a0 \u00e9galement c\u00e9l\u00e9br\u00e9 ainsi que le 60\u00e8 Anniversaire de la pr\u00e9sence missionnaire\u00a0 de M\u00e8re Consuelo de Jes\u00fas, qui ayant quitt\u00e9 l&rsquo;Espagne \u00e0 l&rsquo;\u00e2ge de 32 ans, \u00e9tait arriv\u00e9e au Monast\u00e8re de Kota Kinabalu (alors Jesselton) le 12 avril 1960. Elle a \u00e9t\u00e9 Sup\u00e9rieure de la Communaut\u00e9 pendant plus de 30 ans et \u00e0\u00a0 l&rsquo;\u00e2ge de 93 ans, elle est toujours en tr\u00e8s bonne sant\u00e9.<\/p>\n<p>La c\u00e9r\u00e9monie a \u00e9t\u00e9 pr\u00e9sid\u00e9 par Mgr. John Wong, accompagn\u00e9 de l&rsquo;aum\u00f4nier de la Communaut\u00e9, du P. Mattheus Luta, du P. Cosme Lee, du P. David Sham et de 30 autres membres de la famille carm\u00e9lite.<\/p>\n<p>Mgr Wong a adress\u00e9 d&#8217;emouvantes paroles \u00e0 M\u00e8re Consuelo interpr\u00e9tant sa vocation \u00e0 la lumi\u00e8re de celle du Proph\u00e8te Isa\u00edas, l&rsquo;encourageant \u00e0 poursuivre, avec toutes ses S\u0153urs, les chemins des t\u00e9n\u00e8bres lumineuses propos\u00e9es par Saint Jean de la Croix pour \u00eatre, comme lui, t\u00e9moin de l&rsquo;amour de Dieu fait chair r\u00e9demptrice dans le Christ, toujours au service de l&rsquo;\u00c9glise locale et universelle. Mgr wong a termin\u00e9 son exhortation en remerciant le grand don que repr\u00e9sente la pr\u00e9sence des Soeurs Carm\u00e9lites, qui actuellement ont\u00a0 sept S\u0153urs en formation.<\/p>\n<p>Apr\u00e8s la c\u00e9l\u00e9bration de la messe, la Pr\u00e9sidente de l&rsquo;OCDS, S\u0153ur C\u00e9lestine Jinu, a invit\u00e9 \u00e0 se joindre \u00e0 une agape fraternelle devant la chapelle. Le g\u00e2teau d&rsquo;anniversaire, pr\u00e9par\u00e9 pour l&rsquo;occasion par les Soeurs,\u00a0 a \u00e9t\u00e9 distribu\u00e9 par Mgr Wong au nom de la Communaut\u00e9 Carm\u00e9lite.<\/p>\n<p>La nouvelle a \u00e9t\u00e9 reprise dans les m\u00e9dias locaux, comme on peut le voir sur:<\/p>\n<p><a href=\"http:\/\/www.heraldmalaysia.com\/news\/the-carmelite-community-celebrates-triple-joys-on-feast-of-st-john-of-the-cross\/57099\/1\">http:\/\/www.heraldmalaysia.com\/news\/the-carmelite-community-celebrates-triple-joys-on-feast-of-st-john-of-the-cross\/57099\/1<\/a><\/p>\n<p>Nous remercions Mme Catherine Wan et son journal pour la nouvelle et l&rsquo;image qui l&rsquo;accompagne.<\/p>\n<p><a href=\"https:\/\/www.carmelitaniscalzi.com\/wp-content\/uploads\/2021\/01\/00-2.png\"><img loading=\"lazy\" decoding=\"async\" class=\"alignnone size-full wp-image-45222\" src=\"https:\/\/www.carmelitaniscalzi.com\/wp-content\/uploads\/2021\/01\/00-2.png\" alt=\"\" width=\"990\" height=\"658\" srcset=\"https:\/\/www.carmelitaniscalzi.com\/wp-content\/uploads\/2021\/01\/00-2.png 990w, https:\/\/www.carmelitaniscalzi.com\/wp-content\/uploads\/2021\/01\/00-2-300x199.png 300w, https:\/\/www.carmelitaniscalzi.com\/wp-content\/uploads\/2021\/01\/00-2-768x510.png 768w, https:\/\/www.carmelitaniscalzi.com\/wp-content\/uploads\/2021\/01\/00-2-83x55.png 83w, https:\/\/www.carmelitaniscalzi.com\/wp-content\/uploads\/2021\/01\/00-2-800x532.png 800w, https:\/\/www.carmelitaniscalzi.com\/wp-content\/uploads\/2021\/01\/00-2-580x385.png 580w\" sizes=\"auto, (max-width: 990px) 100vw, 990px\" \/><\/a><\/p>\n","protected":false},"excerpt":{"rendered":"<p>Nous transmettons avec joie les nouvelles qui nous sont parvenues de la part de nos Fr\u00e8res et S\u0153urs de ce pays asiatique. Malgr\u00e9 les difficult\u00e9s impos\u00e9es par la pand\u00e9mie et suivant avec attention les mesures de s\u00e9curit\u00e9 indiqu\u00e9es par les autorit\u00e9s, les Communaut\u00e9s des Fr\u00e8res,\u00a0 des Moniales et des La\u00efcs de Malaisie ont c\u00e9l\u00e9br\u00e9 une [&hellip;]<\/p>\n","protected":false},"author":7,"featured_media":45222,"comment_status":"closed","ping_status":"closed","sticky":false,"template":"","format":"standard","meta":{"_acf_changed":false,"footnotes":""},"categories":[201,203,261,370],"tags":[],"class_list":["post-45290","post","type-post","status-publish","format-standard","has-post-thumbnail","hentry","category-nouvelles-freres","category-nouvelles-moniales","category-nouvelles-ocds","category-nouvelles"],"acf":[],"yoast_head":"<!-- This site is optimized with the Yoast SEO plugin v26.3 - https:\/\/yoast.com\/wordpress\/plugins\/seo\/ -->\n<title>Nouvelles du Carmel en Malaisie - CARMES D\u00c9CHAUX<\/title>\n<meta name=\"robots\" content=\"index, follow, max-snippet:-1, max-image-preview:large, max-video-preview:-1\" \/>\n<link rel=\"canonical\" href=\"https:\/\/www.carmelitaniscalzi.com\/fr\/2021\/01\/19\/nouvelles-du-carmel-en-malaisie\/\" \/>\n<meta property=\"og:locale\" content=\"fr_FR\" \/>\n<meta property=\"og:type\" content=\"article\" \/>\n<meta property=\"og:title\" content=\"Nouvelles du Carmel en Malaisie - CARMES D\u00c9CHAUX\" \/>\n<meta property=\"og:description\" content=\"Nous transmettons avec joie les nouvelles qui nous sont parvenues de la part de nos Fr\u00e8res et S\u0153urs de ce pays asiatique. Malgr\u00e9 les difficult\u00e9s impos\u00e9es par la pand\u00e9mie et suivant avec attention les mesures de s\u00e9curit\u00e9 indiqu\u00e9es par les autorit\u00e9s, les Communaut\u00e9s des Fr\u00e8res,\u00a0 des Moniales et des La\u00efcs de Malaisie ont c\u00e9l\u00e9br\u00e9 une [&hellip;]\" \/>\n<meta property=\"og:url\" content=\"https:\/\/www.carmelitaniscalzi.com\/fr\/2021\/01\/19\/nouvelles-du-carmel-en-malaisie\/\" \/>\n<meta property=\"og:site_name\" content=\"CARMES D\u00c9CHAUX\" \/>\n<meta property=\"article:publisher\" content=\"https:\/\/www.facebook.com\/Curia-Generalizia-Carmelitani-Scalzi-658766940887784\/\" \/>\n<meta property=\"article:published_time\" content=\"2021-01-18T23:30:57+00:00\" \/>\n<meta property=\"og:image\" content=\"https:\/\/www.carmelitaniscalzi.com\/wp-content\/uploads\/2021\/01\/00-2.png\" \/>\n\t<meta property=\"og:image:width\" content=\"990\" \/>\n\t<meta property=\"og:image:height\" content=\"658\" \/>\n\t<meta property=\"og:image:type\" content=\"image\/png\" \/>\n<meta name=\"author\" content=\"ocd web master\" \/>\n<meta name=\"twitter:card\" content=\"summary_large_image\" \/>\n<meta name=\"twitter:creator\" content=\"@ocdcuria\" \/>\n<meta name=\"twitter:site\" content=\"@ocdcuria\" \/>\n<meta name=\"twitter:label1\" content=\"\u00c9crit par\" \/>\n\t<meta name=\"twitter:data1\" content=\"ocd web master\" \/>\n\t<meta name=\"twitter:label2\" content=\"Dur\u00e9e de lecture estim\u00e9e\" \/>\n\t<meta name=\"twitter:data2\" content=\"2 minutes\" \/>\n<script type=\"application\/ld+json\" class=\"yoast-schema-graph\">{\"@context\":\"https:\/\/schema.org\",\"@graph\":[{\"@type\":\"Article\",\"@id\":\"https:\/\/www.carmelitaniscalzi.com\/fr\/2021\/01\/19\/nouvelles-du-carmel-en-malaisie\/#article\",\"isPartOf\":{\"@id\":\"https:\/\/www.carmelitaniscalzi.com\/fr\/2021\/01\/19\/nouvelles-du-carmel-en-malaisie\/\"},\"author\":{\"name\":\"ocd web master\",\"@id\":\"https:\/\/www.carmelitaniscalzi.com\/#\/schema\/person\/6d1c0d9bea7b6625c437246a5d6da409\"},\"headline\":\"Nouvelles du Carmel en Malaisie\",\"datePublished\":\"2021-01-18T23:30:57+00:00\",\"mainEntityOfPage\":{\"@id\":\"https:\/\/www.carmelitaniscalzi.com\/fr\/2021\/01\/19\/nouvelles-du-carmel-en-malaisie\/\"},\"wordCount\":430,\"publisher\":{\"@id\":\"https:\/\/www.carmelitaniscalzi.com\/#organization\"},\"image\":{\"@id\":\"https:\/\/www.carmelitaniscalzi.com\/fr\/2021\/01\/19\/nouvelles-du-carmel-en-malaisie\/#primaryimage\"},\"thumbnailUrl\":\"https:\/\/www.carmelitaniscalzi.com\/wp-content\/uploads\/2021\/01\/00-2.png\",\"articleSection\":[\"Nouvelles Fr\u00e8res\",\"Nouvelles Moniales\",\"Nouvelles OCDS\",\"Nouvelles\"],\"inLanguage\":\"fr-FR\"},{\"@type\":\"WebPage\",\"@id\":\"https:\/\/www.carmelitaniscalzi.com\/fr\/2021\/01\/19\/nouvelles-du-carmel-en-malaisie\/\",\"url\":\"https:\/\/www.carmelitaniscalzi.com\/fr\/2021\/01\/19\/nouvelles-du-carmel-en-malaisie\/\",\"name\":\"Nouvelles du Carmel en Malaisie - CARMES D\u00c9CHAUX\",\"isPartOf\":{\"@id\":\"https:\/\/www.carmelitaniscalzi.com\/#website\"},\"primaryImageOfPage\":{\"@id\":\"https:\/\/www.carmelitaniscalzi.com\/fr\/2021\/01\/19\/nouvelles-du-carmel-en-malaisie\/#primaryimage\"},\"image\":{\"@id\":\"https:\/\/www.carmelitaniscalzi.com\/fr\/2021\/01\/19\/nouvelles-du-carmel-en-malaisie\/#primaryimage\"},\"thumbnailUrl\":\"https:\/\/www.carmelitaniscalzi.com\/wp-content\/uploads\/2021\/01\/00-2.png\",\"datePublished\":\"2021-01-18T23:30:57+00:00\",\"breadcrumb\":{\"@id\":\"https:\/\/www.carmelitaniscalzi.com\/fr\/2021\/01\/19\/nouvelles-du-carmel-en-malaisie\/#breadcrumb\"},\"inLanguage\":\"fr-FR\",\"potentialAction\":[{\"@type\":\"ReadAction\",\"target\":[\"https:\/\/www.carmelitaniscalzi.com\/fr\/2021\/01\/19\/nouvelles-du-carmel-en-malaisie\/\"]}]},{\"@type\":\"ImageObject\",\"inLanguage\":\"fr-FR\",\"@id\":\"https:\/\/www.carmelitaniscalzi.com\/fr\/2021\/01\/19\/nouvelles-du-carmel-en-malaisie\/#primaryimage\",\"url\":\"https:\/\/www.carmelitaniscalzi.com\/wp-content\/uploads\/2021\/01\/00-2.png\",\"contentUrl\":\"https:\/\/www.carmelitaniscalzi.com\/wp-content\/uploads\/2021\/01\/00-2.png\",\"width\":990,\"height\":658},{\"@type\":\"BreadcrumbList\",\"@id\":\"https:\/\/www.carmelitaniscalzi.com\/fr\/2021\/01\/19\/nouvelles-du-carmel-en-malaisie\/#breadcrumb\",\"itemListElement\":[{\"@type\":\"ListItem\",\"position\":1,\"name\":\"Home\",\"item\":\"https:\/\/www.carmelitaniscalzi.com\/fr\/\"},{\"@type\":\"ListItem\",\"position\":2,\"name\":\"Nouvelles du Carmel en Malaisie\"}]},{\"@type\":\"WebSite\",\"@id\":\"https:\/\/www.carmelitaniscalzi.com\/#website\",\"url\":\"https:\/\/www.carmelitaniscalzi.com\/\",\"name\":\"CARMELITANI SCALZI - Curia Generale del Carmelo Teresiano\",\"description\":\"Curie G\u00e9n\u00e9ralice du Carmel D\u00e9chauss\u00e9\",\"publisher\":{\"@id\":\"https:\/\/www.carmelitaniscalzi.com\/#organization\"},\"alternateName\":\"CARMELITANI SCALZI\",\"potentialAction\":[{\"@type\":\"SearchAction\",\"target\":{\"@type\":\"EntryPoint\",\"urlTemplate\":\"https:\/\/www.carmelitaniscalzi.com\/?s={search_term_string}\"},\"query-input\":{\"@type\":\"PropertyValueSpecification\",\"valueRequired\":true,\"valueName\":\"search_term_string\"}}],\"inLanguage\":\"fr-FR\"},{\"@type\":\"Organization\",\"@id\":\"https:\/\/www.carmelitaniscalzi.com\/#organization\",\"name\":\"CARMELITANI SCALZI - Curia Generale del Carmelo Teresiano\",\"url\":\"https:\/\/www.carmelitaniscalzi.com\/\",\"logo\":{\"@type\":\"ImageObject\",\"inLanguage\":\"fr-FR\",\"@id\":\"https:\/\/www.carmelitaniscalzi.com\/#\/schema\/logo\/image\/\",\"url\":\"https:\/\/www.carmelitaniscalzi.com\/wp-content\/uploads\/2025\/11\/login-logo.png\",\"contentUrl\":\"https:\/\/www.carmelitaniscalzi.com\/wp-content\/uploads\/2025\/11\/login-logo.png\",\"width\":256,\"height\":256,\"caption\":\"CARMELITANI SCALZI - Curia Generale del Carmelo Teresiano\"},\"image\":{\"@id\":\"https:\/\/www.carmelitaniscalzi.com\/#\/schema\/logo\/image\/\"},\"sameAs\":[\"https:\/\/www.facebook.com\/Curia-Generalizia-Carmelitani-Scalzi-658766940887784\/\",\"https:\/\/x.com\/ocdcuria\",\"https:\/\/www.youtube.com\/channel\/UC2J5ZL0ycOY0qBSTCLX_NGQ\/videos\",\"https:\/\/www.instagram.com\/ocdinform\/\"]},{\"@type\":\"Person\",\"@id\":\"https:\/\/www.carmelitaniscalzi.com\/#\/schema\/person\/6d1c0d9bea7b6625c437246a5d6da409\",\"name\":\"ocd web master\",\"image\":{\"@type\":\"ImageObject\",\"inLanguage\":\"fr-FR\",\"@id\":\"https:\/\/www.carmelitaniscalzi.com\/#\/schema\/person\/image\/\",\"url\":\"https:\/\/secure.gravatar.com\/avatar\/41fbc5f82bad909fbaf2984c43fa50d8519ac5853e25b454d022b6868f80d0e7?s=96&d=mm&r=g\",\"contentUrl\":\"https:\/\/secure.gravatar.com\/avatar\/41fbc5f82bad909fbaf2984c43fa50d8519ac5853e25b454d022b6868f80d0e7?s=96&d=mm&r=g\",\"caption\":\"ocd web master\"},\"url\":\"https:\/\/www.carmelitaniscalzi.com\/fr\/author\/ocdwebmaster\/\"}]}<\/script>\n<!-- \/ Yoast SEO plugin. -->","yoast_head_json":{"title":"Nouvelles du Carmel en Malaisie - CARMES D\u00c9CHAUX","robots":{"index":"index","follow":"follow","max-snippet":"max-snippet:-1","max-image-preview":"max-image-preview:large","max-video-preview":"max-video-preview:-1"},"canonical":"https:\/\/www.carmelitaniscalzi.com\/fr\/2021\/01\/19\/nouvelles-du-carmel-en-malaisie\/","og_locale":"fr_FR","og_type":"article","og_title":"Nouvelles du Carmel en Malaisie - CARMES D\u00c9CHAUX","og_description":"Nous transmettons avec joie les nouvelles qui nous sont parvenues de la part de nos Fr\u00e8res et S\u0153urs de ce pays asiatique. Malgr\u00e9 les difficult\u00e9s impos\u00e9es par la pand\u00e9mie et suivant avec attention les mesures de s\u00e9curit\u00e9 indiqu\u00e9es par les autorit\u00e9s, les Communaut\u00e9s des Fr\u00e8res,\u00a0 des Moniales et des La\u00efcs de Malaisie ont c\u00e9l\u00e9br\u00e9 une [&hellip;]","og_url":"https:\/\/www.carmelitaniscalzi.com\/fr\/2021\/01\/19\/nouvelles-du-carmel-en-malaisie\/","og_site_name":"CARMES D\u00c9CHAUX","article_publisher":"https:\/\/www.facebook.com\/Curia-Generalizia-Carmelitani-Scalzi-658766940887784\/","article_published_time":"2021-01-18T23:30:57+00:00","og_image":[{"width":990,"height":658,"url":"https:\/\/www.carmelitaniscalzi.com\/wp-content\/uploads\/2021\/01\/00-2.png","type":"image\/png"}],"author":"ocd web master","twitter_card":"summary_large_image","twitter_creator":"@ocdcuria","twitter_site":"@ocdcuria","twitter_misc":{"\u00c9crit par":"ocd web master","Dur\u00e9e de lecture estim\u00e9e":"2 minutes"},"schema":{"@context":"https:\/\/schema.org","@graph":[{"@type":"Article","@id":"https:\/\/www.carmelitaniscalzi.com\/fr\/2021\/01\/19\/nouvelles-du-carmel-en-malaisie\/#article","isPartOf":{"@id":"https:\/\/www.carmelitaniscalzi.com\/fr\/2021\/01\/19\/nouvelles-du-carmel-en-malaisie\/"},"author":{"name":"ocd web master","@id":"https:\/\/www.carmelitaniscalzi.com\/#\/schema\/person\/6d1c0d9bea7b6625c437246a5d6da409"},"headline":"Nouvelles du Carmel en Malaisie","datePublished":"2021-01-18T23:30:57+00:00","mainEntityOfPage":{"@id":"https:\/\/www.carmelitaniscalzi.com\/fr\/2021\/01\/19\/nouvelles-du-carmel-en-malaisie\/"},"wordCount":430,"publisher":{"@id":"https:\/\/www.carmelitaniscalzi.com\/#organization"},"image":{"@id":"https:\/\/www.carmelitaniscalzi.com\/fr\/2021\/01\/19\/nouvelles-du-carmel-en-malaisie\/#primaryimage"},"thumbnailUrl":"https:\/\/www.carmelitaniscalzi.com\/wp-content\/uploads\/2021\/01\/00-2.png","articleSection":["Nouvelles Fr\u00e8res","Nouvelles Moniales","Nouvelles OCDS","Nouvelles"],"inLanguage":"fr-FR"},{"@type":"WebPage","@id":"https:\/\/www.carmelitaniscalzi.com\/fr\/2021\/01\/19\/nouvelles-du-carmel-en-malaisie\/","url":"https:\/\/www.carmelitaniscalzi.com\/fr\/2021\/01\/19\/nouvelles-du-carmel-en-malaisie\/","name":"Nouvelles du Carmel en Malaisie - CARMES D\u00c9CHAUX","isPartOf":{"@id":"https:\/\/www.carmelitaniscalzi.com\/#website"},"primaryImageOfPage":{"@id":"https:\/\/www.carmelitaniscalzi.com\/fr\/2021\/01\/19\/nouvelles-du-carmel-en-malaisie\/#primaryimage"},"image":{"@id":"https:\/\/www.carmelitaniscalzi.com\/fr\/2021\/01\/19\/nouvelles-du-carmel-en-malaisie\/#primaryimage"},"thumbnailUrl":"https:\/\/www.carmelitaniscalzi.com\/wp-content\/uploads\/2021\/01\/00-2.png","datePublished":"2021-01-18T23:30:57+00:00","breadcrumb":{"@id":"https:\/\/www.carmelitaniscalzi.com\/fr\/2021\/01\/19\/nouvelles-du-carmel-en-malaisie\/#breadcrumb"},"inLanguage":"fr-FR","potentialAction":[{"@type":"ReadAction","target":["https:\/\/www.carmelitaniscalzi.com\/fr\/2021\/01\/19\/nouvelles-du-carmel-en-malaisie\/"]}]},{"@type":"ImageObject","inLanguage":"fr-FR","@id":"https:\/\/www.carmelitaniscalzi.com\/fr\/2021\/01\/19\/nouvelles-du-carmel-en-malaisie\/#primaryimage","url":"https:\/\/www.carmelitaniscalzi.com\/wp-content\/uploads\/2021\/01\/00-2.png","contentUrl":"https:\/\/www.carmelitaniscalzi.com\/wp-content\/uploads\/2021\/01\/00-2.png","width":990,"height":658},{"@type":"BreadcrumbList","@id":"https:\/\/www.carmelitaniscalzi.com\/fr\/2021\/01\/19\/nouvelles-du-carmel-en-malaisie\/#breadcrumb","itemListElement":[{"@type":"ListItem","position":1,"name":"Home","item":"https:\/\/www.carmelitaniscalzi.com\/fr\/"},{"@type":"ListItem","position":2,"name":"Nouvelles du Carmel en Malaisie"}]},{"@type":"WebSite","@id":"https:\/\/www.carmelitaniscalzi.com\/#website","url":"https:\/\/www.carmelitaniscalzi.com\/","name":"CARMELITANI SCALZI - Curia Generale del Carmelo Teresiano","description":"Curie G\u00e9n\u00e9ralice du Carmel D\u00e9chauss\u00e9","publisher":{"@id":"https:\/\/www.carmelitaniscalzi.com\/#organization"},"alternateName":"CARMELITANI SCALZI","potentialAction":[{"@type":"SearchAction","target":{"@type":"EntryPoint","urlTemplate":"https:\/\/www.carmelitaniscalzi.com\/?s={search_term_string}"},"query-input":{"@type":"PropertyValueSpecification","valueRequired":true,"valueName":"search_term_string"}}],"inLanguage":"fr-FR"},{"@type":"Organization","@id":"https:\/\/www.carmelitaniscalzi.com\/#organization","name":"CARMELITANI SCALZI - Curia Generale del Carmelo Teresiano","url":"https:\/\/www.carmelitaniscalzi.com\/","logo":{"@type":"ImageObject","inLanguage":"fr-FR","@id":"https:\/\/www.carmelitaniscalzi.com\/#\/schema\/logo\/image\/","url":"https:\/\/www.carmelitaniscalzi.com\/wp-content\/uploads\/2025\/11\/login-logo.png","contentUrl":"https:\/\/www.carmelitaniscalzi.com\/wp-content\/uploads\/2025\/11\/login-logo.png","width":256,"height":256,"caption":"CARMELITANI SCALZI - Curia Generale del Carmelo Teresiano"},"image":{"@id":"https:\/\/www.carmelitaniscalzi.com\/#\/schema\/logo\/image\/"},"sameAs":["https:\/\/www.facebook.com\/Curia-Generalizia-Carmelitani-Scalzi-658766940887784\/","https:\/\/x.com\/ocdcuria","https:\/\/www.youtube.com\/channel\/UC2J5ZL0ycOY0qBSTCLX_NGQ\/videos","https:\/\/www.instagram.com\/ocdinform\/"]},{"@type":"Person","@id":"https:\/\/www.carmelitaniscalzi.com\/#\/schema\/person\/6d1c0d9bea7b6625c437246a5d6da409","name":"ocd web master","image":{"@type":"ImageObject","inLanguage":"fr-FR","@id":"https:\/\/www.carmelitaniscalzi.com\/#\/schema\/person\/image\/","url":"https:\/\/secure.gravatar.com\/avatar\/41fbc5f82bad909fbaf2984c43fa50d8519ac5853e25b454d022b6868f80d0e7?s=96&d=mm&r=g","contentUrl":"https:\/\/secure.gravatar.com\/avatar\/41fbc5f82bad909fbaf2984c43fa50d8519ac5853e25b454d022b6868f80d0e7?s=96&d=mm&r=g","caption":"ocd web master"},"url":"https:\/\/www.carmelitaniscalzi.com\/fr\/author\/ocdwebmaster\/"}]}},"_links":{"self":[{"href":"https:\/\/www.carmelitaniscalzi.com\/fr\/wp-json\/wp\/v2\/posts\/45290","targetHints":{"allow":["GET"]}}],"collection":[{"href":"https:\/\/www.carmelitaniscalzi.com\/fr\/wp-json\/wp\/v2\/posts"}],"about":[{"href":"https:\/\/www.carmelitaniscalzi.com\/fr\/wp-json\/wp\/v2\/types\/post"}],"author":[{"embeddable":true,"href":"https:\/\/www.carmelitaniscalzi.com\/fr\/wp-json\/wp\/v2\/users\/7"}],"replies":[{"embeddable":true,"href":"https:\/\/www.carmelitaniscalzi.com\/fr\/wp-json\/wp\/v2\/comments?post=45290"}],"version-history":[{"count":0,"href":"https:\/\/www.carmelitaniscalzi.com\/fr\/wp-json\/wp\/v2\/posts\/45290\/revisions"}],"wp:featuredmedia":[{"embeddable":true,"href":"https:\/\/www.carmelitaniscalzi.com\/fr\/wp-json\/wp\/v2\/media\/45222"}],"wp:attachment":[{"href":"https:\/\/www.carmelitaniscalzi.com\/fr\/wp-json\/wp\/v2\/media?parent=45290"}],"wp:term":[{"taxonomy":"category","embeddable":true,"href":"https:\/\/www.carmelitaniscalzi.com\/fr\/wp-json\/wp\/v2\/categories?post=45290"},{"taxonomy":"post_tag","embeddable":true,"href":"https:\/\/www.carmelitaniscalzi.com\/fr\/wp-json\/wp\/v2\/tags?post=45290"}],"curies":[{"name":"wp","href":"https:\/\/api.w.org\/{rel}","templated":true}]}}