{"id":449451,"date":"2025-03-07T01:00:34","date_gmt":"2025-03-07T00:00:34","guid":{"rendered":"https:\/\/www.carmelitaniscalzi.com\/?p=449451"},"modified":"2025-03-14T01:02:45","modified_gmt":"2025-03-14T00:02:45","slug":"italie-le-pere-saverio-cannistra-nomme-archeveque-metropolitain-de-pise","status":"publish","type":"post","link":"https:\/\/www.carmelitaniscalzi.com\/fr\/2025\/03\/07\/italie-le-pere-saverio-cannistra-nomme-archeveque-metropolitain-de-pise\/","title":{"rendered":"Italie : le P\u00e8re Saverio Cannistr\u00e0 nomm\u00e9 Archev\u00eaque M\u00e9tropolitain de Pise"},"content":{"rendered":"<p>Le vendredi 6 f\u00e9vrier, le Saint-P\u00e8re a nomm\u00e9 Archev\u00eaque M\u00e9tropolitain de Pise le P\u00e8re Saverio Cannistr\u00e0, O.C.D., ancien Pr\u00e9pos\u00e9 G\u00e9n\u00e9ral des Carmes D\u00e9chaux et jusqu&rsquo;\u00e0 pr\u00e9sent Vicaire de la paroisse de San Pancrazio \u00e0 Rome.<\/p>\n<h2><strong><em>Curriculum vitae<\/em><\/strong><\/h2>\n<p>Mgr Saverio Cannistr\u00e0, O.C.D., est n\u00e9 \u00e0 Catanzaro le 3 octobre 1958. Apr\u00e8s avoir obtenu une licence en philologie romane \u00e0 la Scuola Normale Superiore de Pise, il a travaill\u00e9 comme \u00e9diteur dans une maison d&rsquo;\u00e9dition. Le 17 septembre 1985, il est entr\u00e9 au noviciat des Carmes D\u00e9chaux de la Province italienne de Toscane. Il fait profession perp\u00e9tuelle le 14 septembre 1990 et est ordonn\u00e9 pr\u00eatre le 24 octobre 1992.<\/p>\n<p>Parmi les charges qu&rsquo;il a occup\u00e9es et les \u00e9tudes qu&rsquo;il a poursuivies, citons : Doctorat en Th\u00e9ologie dogmatique \u00e0 l&rsquo;Universit\u00e9 pontificale Gr\u00e9gorienne de Rome (1998) ; Charg\u00e9 de cours en Th\u00e9ologie trinitaire \u00e0 la Facult\u00e9 th\u00e9ologique pontificale et \u00e0 l&rsquo;Institut de spiritualit\u00e9 &lsquo;Teresianum&rsquo; de Rome (1995-2003) ; Professeur de christologie et d&rsquo;anthropologie th\u00e9ologique \u00e0 la Facult\u00e9 th\u00e9ologique d&rsquo;Italie centrale de Florence (2003-2009). En 2007, il a \u00e9t\u00e9 \u00e9lu membre du Conseil de pr\u00e9sidence de l&rsquo;Association th\u00e9ologique italienne.<\/p>\n<p>Dans sa Province de Toscane, il a \u00e9t\u00e9 conseiller provincial (1996-2002), ma\u00eetre des postulants et des \u00e9tudiants (1999-2008) et provincial (2008). Il est Pr\u00e9pos\u00e9 G\u00e9n\u00e9ral de l&rsquo;Ordre des Carmes D\u00e9chaux de 2009 \u00e0 2021. Il est membre du conseil presbyt\u00e9ral de l&rsquo;archidioc\u00e8se m\u00e9tropolitain de Florence et vicaire de la paroisse de San Pancrazio \u00e0 Rome.<\/p>\n<div class=\"wpmf-gallerys wpmf-gallerys-life \" ><div id=\"gallery-1\"\n data-gutter-width=\"5\"\n  data-wpmfcolumns=\"3\" class=\"wpmf-gallery gallery-link-file gallery_life gallery-masonry gallery-columns-3 gallery-size-thumbnail wpmf-gallery-bottomspace-default wpmf-gallery-clear wpmf-has-border-radius-0 wpmf-gutterwidth-5\"><div class=\"wpmf-gallery-item\n     wpmf-gallery-item-position-0 wpmf-gallery-item-attachment-449293\" data-index=\"0\"><div class=\"wpmf-gallery-icon\"><a class=\" not_video noLightbox\" data-lightbox=\"1\" data-href=\"https:\/\/www.carmelitaniscalzi.com\/wp-content\/uploads\/2025\/03\/Saverio-1.jpg\" title=\"Saverio 1\" target=\"_self\" data-index=\"0\"><img decoding=\"async\" class=\"wpmf_img\" alt=\"Saverio 1\" src=\"https:\/\/www.carmelitaniscalzi.com\/wp-content\/uploads\/2025\/03\/Saverio-1-150x150.jpg\" data-type=\"wpmfgalleryimg\" data-lazy-src=\"https:\/\/www.carmelitaniscalzi.com\/wp-content\/uploads\/2025\/03\/Saverio-1-150x150.jpg\"><\/a><\/div><\/div><div class=\"wpmf-gallery-item\n     wpmf-gallery-item-position-1 wpmf-gallery-item-attachment-449299\" data-index=\"1\"><div class=\"wpmf-gallery-icon\"><a class=\" not_video noLightbox\" data-lightbox=\"1\" data-href=\"https:\/\/www.carmelitaniscalzi.com\/wp-content\/uploads\/2025\/03\/Saverio-2-731x1024.jpg\" title=\"Saverio 2\" target=\"_self\" data-index=\"1\"><img decoding=\"async\" class=\"wpmf_img\" alt=\"Saverio 2\" src=\"https:\/\/www.carmelitaniscalzi.com\/wp-content\/uploads\/2025\/03\/Saverio-2-150x150.jpg\" data-type=\"wpmfgalleryimg\" data-lazy-src=\"https:\/\/www.carmelitaniscalzi.com\/wp-content\/uploads\/2025\/03\/Saverio-2-150x150.jpg\"><\/a><\/div><\/div><div class=\"wpmf-gallery-item\n     wpmf-gallery-item-position-2 wpmf-gallery-item-attachment-449305\" data-index=\"2\"><div class=\"wpmf-gallery-icon\"><a class=\" not_video noLightbox\" data-lightbox=\"1\" data-href=\"https:\/\/www.carmelitaniscalzi.com\/wp-content\/uploads\/2025\/03\/Saverio-3-468x1024.webp\" title=\"Saverio 3\" target=\"_self\" data-index=\"2\"><img decoding=\"async\" class=\"wpmf_img\" alt=\"Saverio 3\" src=\"https:\/\/www.carmelitaniscalzi.com\/wp-content\/uploads\/2025\/03\/Saverio-3-150x150.webp\" data-type=\"wpmfgalleryimg\" data-lazy-src=\"https:\/\/www.carmelitaniscalzi.com\/wp-content\/uploads\/2025\/03\/Saverio-3-150x150.webp\"><\/a><\/div><\/div><\/div><\/div>\n\n","protected":false},"excerpt":{"rendered":"<p>Le vendredi 6 f\u00e9vrier, le Saint-P\u00e8re a nomm\u00e9 Archev\u00eaque M\u00e9tropolitain de Pise le P\u00e8re Saverio Cannistr\u00e0, O.C.D., ancien Pr\u00e9pos\u00e9 G\u00e9n\u00e9ral des Carmes D\u00e9chaux et jusqu&rsquo;\u00e0 pr\u00e9sent Vicaire de la paroisse de San Pancrazio \u00e0 Rome. Curriculum vitae Mgr Saverio Cannistr\u00e0, O.C.D., est n\u00e9 \u00e0 Catanzaro le 3 octobre 1958. Apr\u00e8s avoir obtenu une licence en [&hellip;]<\/p>\n","protected":false},"author":7,"featured_media":449287,"comment_status":"closed","ping_status":"open","sticky":false,"template":"","format":"standard","meta":{"_acf_changed":false,"footnotes":""},"categories":[201,370],"tags":[],"class_list":["post-449451","post","type-post","status-publish","format-standard","has-post-thumbnail","hentry","category-nouvelles-freres","category-nouvelles"],"acf":[],"yoast_head":"<!-- This site is optimized with the Yoast SEO plugin v26.3 - https:\/\/yoast.com\/wordpress\/plugins\/seo\/ -->\n<title>Italie : le P\u00e8re Saverio Cannistr\u00e0 nomm\u00e9 Archev\u00eaque M\u00e9tropolitain de Pise - CARMES D\u00c9CHAUX<\/title>\n<meta name=\"robots\" content=\"index, follow, max-snippet:-1, max-image-preview:large, max-video-preview:-1\" \/>\n<link rel=\"canonical\" href=\"https:\/\/www.carmelitaniscalzi.com\/fr\/2025\/03\/07\/italie-le-pere-saverio-cannistra-nomme-archeveque-metropolitain-de-pise\/\" \/>\n<meta property=\"og:locale\" content=\"fr_FR\" \/>\n<meta property=\"og:type\" content=\"article\" \/>\n<meta property=\"og:title\" content=\"Italie : le P\u00e8re Saverio Cannistr\u00e0 nomm\u00e9 Archev\u00eaque M\u00e9tropolitain de Pise - CARMES D\u00c9CHAUX\" \/>\n<meta property=\"og:description\" content=\"Le vendredi 6 f\u00e9vrier, le Saint-P\u00e8re a nomm\u00e9 Archev\u00eaque M\u00e9tropolitain de Pise le P\u00e8re Saverio Cannistr\u00e0, O.C.D., ancien Pr\u00e9pos\u00e9 G\u00e9n\u00e9ral des Carmes D\u00e9chaux et jusqu&rsquo;\u00e0 pr\u00e9sent Vicaire de la paroisse de San Pancrazio \u00e0 Rome. Curriculum vitae Mgr Saverio Cannistr\u00e0, O.C.D., est n\u00e9 \u00e0 Catanzaro le 3 octobre 1958. Apr\u00e8s avoir obtenu une licence en [&hellip;]\" \/>\n<meta property=\"og:url\" content=\"https:\/\/www.carmelitaniscalzi.com\/fr\/2025\/03\/07\/italie-le-pere-saverio-cannistra-nomme-archeveque-metropolitain-de-pise\/\" \/>\n<meta property=\"og:site_name\" content=\"CARMES D\u00c9CHAUX\" \/>\n<meta property=\"article:publisher\" content=\"https:\/\/www.facebook.com\/Curia-Generalizia-Carmelitani-Scalzi-658766940887784\/\" \/>\n<meta property=\"article:published_time\" content=\"2025-03-07T00:00:34+00:00\" \/>\n<meta property=\"article:modified_time\" content=\"2025-03-14T00:02:45+00:00\" \/>\n<meta property=\"og:image\" content=\"https:\/\/www.carmelitaniscalzi.com\/wp-content\/uploads\/2025\/03\/cover_saverio_02.2025.jpg\" \/>\n\t<meta property=\"og:image:width\" content=\"1200\" \/>\n\t<meta property=\"og:image:height\" content=\"800\" \/>\n\t<meta property=\"og:image:type\" content=\"image\/jpeg\" \/>\n<meta name=\"author\" content=\"ocd web master\" \/>\n<meta name=\"twitter:card\" content=\"summary_large_image\" \/>\n<meta name=\"twitter:creator\" content=\"@ocdcuria\" \/>\n<meta name=\"twitter:site\" content=\"@ocdcuria\" \/>\n<meta name=\"twitter:label1\" content=\"\u00c9crit par\" \/>\n\t<meta name=\"twitter:data1\" content=\"ocd web master\" \/>\n\t<meta name=\"twitter:label2\" content=\"Dur\u00e9e de lecture estim\u00e9e\" \/>\n\t<meta name=\"twitter:data2\" content=\"1 minute\" \/>\n<script type=\"application\/ld+json\" class=\"yoast-schema-graph\">{\"@context\":\"https:\/\/schema.org\",\"@graph\":[{\"@type\":\"Article\",\"@id\":\"https:\/\/www.carmelitaniscalzi.com\/fr\/2025\/03\/07\/italie-le-pere-saverio-cannistra-nomme-archeveque-metropolitain-de-pise\/#article\",\"isPartOf\":{\"@id\":\"https:\/\/www.carmelitaniscalzi.com\/fr\/2025\/03\/07\/italie-le-pere-saverio-cannistra-nomme-archeveque-metropolitain-de-pise\/\"},\"author\":{\"name\":\"ocd web master\",\"@id\":\"https:\/\/www.carmelitaniscalzi.com\/#\/schema\/person\/6d1c0d9bea7b6625c437246a5d6da409\"},\"headline\":\"Italie : le P\u00e8re Saverio Cannistr\u00e0 nomm\u00e9 Archev\u00eaque M\u00e9tropolitain de Pise\",\"datePublished\":\"2025-03-07T00:00:34+00:00\",\"dateModified\":\"2025-03-14T00:02:45+00:00\",\"mainEntityOfPage\":{\"@id\":\"https:\/\/www.carmelitaniscalzi.com\/fr\/2025\/03\/07\/italie-le-pere-saverio-cannistra-nomme-archeveque-metropolitain-de-pise\/\"},\"wordCount\":280,\"publisher\":{\"@id\":\"https:\/\/www.carmelitaniscalzi.com\/#organization\"},\"image\":{\"@id\":\"https:\/\/www.carmelitaniscalzi.com\/fr\/2025\/03\/07\/italie-le-pere-saverio-cannistra-nomme-archeveque-metropolitain-de-pise\/#primaryimage\"},\"thumbnailUrl\":\"https:\/\/www.carmelitaniscalzi.com\/wp-content\/uploads\/2025\/03\/cover_saverio_02.2025.jpg\",\"articleSection\":[\"Nouvelles Fr\u00e8res\",\"Nouvelles\"],\"inLanguage\":\"fr-FR\"},{\"@type\":\"WebPage\",\"@id\":\"https:\/\/www.carmelitaniscalzi.com\/fr\/2025\/03\/07\/italie-le-pere-saverio-cannistra-nomme-archeveque-metropolitain-de-pise\/\",\"url\":\"https:\/\/www.carmelitaniscalzi.com\/fr\/2025\/03\/07\/italie-le-pere-saverio-cannistra-nomme-archeveque-metropolitain-de-pise\/\",\"name\":\"Italie : le P\u00e8re Saverio Cannistr\u00e0 nomm\u00e9 Archev\u00eaque M\u00e9tropolitain de Pise - CARMES D\u00c9CHAUX\",\"isPartOf\":{\"@id\":\"https:\/\/www.carmelitaniscalzi.com\/#website\"},\"primaryImageOfPage\":{\"@id\":\"https:\/\/www.carmelitaniscalzi.com\/fr\/2025\/03\/07\/italie-le-pere-saverio-cannistra-nomme-archeveque-metropolitain-de-pise\/#primaryimage\"},\"image\":{\"@id\":\"https:\/\/www.carmelitaniscalzi.com\/fr\/2025\/03\/07\/italie-le-pere-saverio-cannistra-nomme-archeveque-metropolitain-de-pise\/#primaryimage\"},\"thumbnailUrl\":\"https:\/\/www.carmelitaniscalzi.com\/wp-content\/uploads\/2025\/03\/cover_saverio_02.2025.jpg\",\"datePublished\":\"2025-03-07T00:00:34+00:00\",\"dateModified\":\"2025-03-14T00:02:45+00:00\",\"breadcrumb\":{\"@id\":\"https:\/\/www.carmelitaniscalzi.com\/fr\/2025\/03\/07\/italie-le-pere-saverio-cannistra-nomme-archeveque-metropolitain-de-pise\/#breadcrumb\"},\"inLanguage\":\"fr-FR\",\"potentialAction\":[{\"@type\":\"ReadAction\",\"target\":[\"https:\/\/www.carmelitaniscalzi.com\/fr\/2025\/03\/07\/italie-le-pere-saverio-cannistra-nomme-archeveque-metropolitain-de-pise\/\"]}]},{\"@type\":\"ImageObject\",\"inLanguage\":\"fr-FR\",\"@id\":\"https:\/\/www.carmelitaniscalzi.com\/fr\/2025\/03\/07\/italie-le-pere-saverio-cannistra-nomme-archeveque-metropolitain-de-pise\/#primaryimage\",\"url\":\"https:\/\/www.carmelitaniscalzi.com\/wp-content\/uploads\/2025\/03\/cover_saverio_02.2025.jpg\",\"contentUrl\":\"https:\/\/www.carmelitaniscalzi.com\/wp-content\/uploads\/2025\/03\/cover_saverio_02.2025.jpg\",\"width\":1200,\"height\":800},{\"@type\":\"BreadcrumbList\",\"@id\":\"https:\/\/www.carmelitaniscalzi.com\/fr\/2025\/03\/07\/italie-le-pere-saverio-cannistra-nomme-archeveque-metropolitain-de-pise\/#breadcrumb\",\"itemListElement\":[{\"@type\":\"ListItem\",\"position\":1,\"name\":\"Home\",\"item\":\"https:\/\/www.carmelitaniscalzi.com\/fr\/\"},{\"@type\":\"ListItem\",\"position\":2,\"name\":\"Italie : le P\u00e8re Saverio Cannistr\u00e0 nomm\u00e9 Archev\u00eaque M\u00e9tropolitain de Pise\"}]},{\"@type\":\"WebSite\",\"@id\":\"https:\/\/www.carmelitaniscalzi.com\/#website\",\"url\":\"https:\/\/www.carmelitaniscalzi.com\/\",\"name\":\"CARMELITANI SCALZI - Curia Generale del Carmelo Teresiano\",\"description\":\"Curie G\u00e9n\u00e9ralice du Carmel D\u00e9chauss\u00e9\",\"publisher\":{\"@id\":\"https:\/\/www.carmelitaniscalzi.com\/#organization\"},\"alternateName\":\"CARMELITANI SCALZI\",\"potentialAction\":[{\"@type\":\"SearchAction\",\"target\":{\"@type\":\"EntryPoint\",\"urlTemplate\":\"https:\/\/www.carmelitaniscalzi.com\/?s={search_term_string}\"},\"query-input\":{\"@type\":\"PropertyValueSpecification\",\"valueRequired\":true,\"valueName\":\"search_term_string\"}}],\"inLanguage\":\"fr-FR\"},{\"@type\":\"Organization\",\"@id\":\"https:\/\/www.carmelitaniscalzi.com\/#organization\",\"name\":\"CARMELITANI SCALZI - Curia Generale del Carmelo Teresiano\",\"url\":\"https:\/\/www.carmelitaniscalzi.com\/\",\"logo\":{\"@type\":\"ImageObject\",\"inLanguage\":\"fr-FR\",\"@id\":\"https:\/\/www.carmelitaniscalzi.com\/#\/schema\/logo\/image\/\",\"url\":\"https:\/\/www.carmelitaniscalzi.com\/wp-content\/uploads\/2025\/11\/login-logo.png\",\"contentUrl\":\"https:\/\/www.carmelitaniscalzi.com\/wp-content\/uploads\/2025\/11\/login-logo.png\",\"width\":256,\"height\":256,\"caption\":\"CARMELITANI SCALZI - Curia Generale del Carmelo Teresiano\"},\"image\":{\"@id\":\"https:\/\/www.carmelitaniscalzi.com\/#\/schema\/logo\/image\/\"},\"sameAs\":[\"https:\/\/www.facebook.com\/Curia-Generalizia-Carmelitani-Scalzi-658766940887784\/\",\"https:\/\/x.com\/ocdcuria\",\"https:\/\/www.youtube.com\/channel\/UC2J5ZL0ycOY0qBSTCLX_NGQ\/videos\",\"https:\/\/www.instagram.com\/ocdinform\/\"]},{\"@type\":\"Person\",\"@id\":\"https:\/\/www.carmelitaniscalzi.com\/#\/schema\/person\/6d1c0d9bea7b6625c437246a5d6da409\",\"name\":\"ocd web master\",\"image\":{\"@type\":\"ImageObject\",\"inLanguage\":\"fr-FR\",\"@id\":\"https:\/\/www.carmelitaniscalzi.com\/#\/schema\/person\/image\/\",\"url\":\"https:\/\/secure.gravatar.com\/avatar\/41fbc5f82bad909fbaf2984c43fa50d8519ac5853e25b454d022b6868f80d0e7?s=96&d=mm&r=g\",\"contentUrl\":\"https:\/\/secure.gravatar.com\/avatar\/41fbc5f82bad909fbaf2984c43fa50d8519ac5853e25b454d022b6868f80d0e7?s=96&d=mm&r=g\",\"caption\":\"ocd web master\"},\"url\":\"https:\/\/www.carmelitaniscalzi.com\/fr\/author\/ocdwebmaster\/\"}]}<\/script>\n<!-- \/ Yoast SEO plugin. -->","yoast_head_json":{"title":"Italie : le P\u00e8re Saverio Cannistr\u00e0 nomm\u00e9 Archev\u00eaque M\u00e9tropolitain de Pise - CARMES D\u00c9CHAUX","robots":{"index":"index","follow":"follow","max-snippet":"max-snippet:-1","max-image-preview":"max-image-preview:large","max-video-preview":"max-video-preview:-1"},"canonical":"https:\/\/www.carmelitaniscalzi.com\/fr\/2025\/03\/07\/italie-le-pere-saverio-cannistra-nomme-archeveque-metropolitain-de-pise\/","og_locale":"fr_FR","og_type":"article","og_title":"Italie : le P\u00e8re Saverio Cannistr\u00e0 nomm\u00e9 Archev\u00eaque M\u00e9tropolitain de Pise - CARMES D\u00c9CHAUX","og_description":"Le vendredi 6 f\u00e9vrier, le Saint-P\u00e8re a nomm\u00e9 Archev\u00eaque M\u00e9tropolitain de Pise le P\u00e8re Saverio Cannistr\u00e0, O.C.D., ancien Pr\u00e9pos\u00e9 G\u00e9n\u00e9ral des Carmes D\u00e9chaux et jusqu&rsquo;\u00e0 pr\u00e9sent Vicaire de la paroisse de San Pancrazio \u00e0 Rome. Curriculum vitae Mgr Saverio Cannistr\u00e0, O.C.D., est n\u00e9 \u00e0 Catanzaro le 3 octobre 1958. Apr\u00e8s avoir obtenu une licence en [&hellip;]","og_url":"https:\/\/www.carmelitaniscalzi.com\/fr\/2025\/03\/07\/italie-le-pere-saverio-cannistra-nomme-archeveque-metropolitain-de-pise\/","og_site_name":"CARMES D\u00c9CHAUX","article_publisher":"https:\/\/www.facebook.com\/Curia-Generalizia-Carmelitani-Scalzi-658766940887784\/","article_published_time":"2025-03-07T00:00:34+00:00","article_modified_time":"2025-03-14T00:02:45+00:00","og_image":[{"width":1200,"height":800,"url":"https:\/\/www.carmelitaniscalzi.com\/wp-content\/uploads\/2025\/03\/cover_saverio_02.2025.jpg","type":"image\/jpeg"}],"author":"ocd web master","twitter_card":"summary_large_image","twitter_creator":"@ocdcuria","twitter_site":"@ocdcuria","twitter_misc":{"\u00c9crit par":"ocd web master","Dur\u00e9e de lecture estim\u00e9e":"1 minute"},"schema":{"@context":"https:\/\/schema.org","@graph":[{"@type":"Article","@id":"https:\/\/www.carmelitaniscalzi.com\/fr\/2025\/03\/07\/italie-le-pere-saverio-cannistra-nomme-archeveque-metropolitain-de-pise\/#article","isPartOf":{"@id":"https:\/\/www.carmelitaniscalzi.com\/fr\/2025\/03\/07\/italie-le-pere-saverio-cannistra-nomme-archeveque-metropolitain-de-pise\/"},"author":{"name":"ocd web master","@id":"https:\/\/www.carmelitaniscalzi.com\/#\/schema\/person\/6d1c0d9bea7b6625c437246a5d6da409"},"headline":"Italie : le P\u00e8re Saverio Cannistr\u00e0 nomm\u00e9 Archev\u00eaque M\u00e9tropolitain de Pise","datePublished":"2025-03-07T00:00:34+00:00","dateModified":"2025-03-14T00:02:45+00:00","mainEntityOfPage":{"@id":"https:\/\/www.carmelitaniscalzi.com\/fr\/2025\/03\/07\/italie-le-pere-saverio-cannistra-nomme-archeveque-metropolitain-de-pise\/"},"wordCount":280,"publisher":{"@id":"https:\/\/www.carmelitaniscalzi.com\/#organization"},"image":{"@id":"https:\/\/www.carmelitaniscalzi.com\/fr\/2025\/03\/07\/italie-le-pere-saverio-cannistra-nomme-archeveque-metropolitain-de-pise\/#primaryimage"},"thumbnailUrl":"https:\/\/www.carmelitaniscalzi.com\/wp-content\/uploads\/2025\/03\/cover_saverio_02.2025.jpg","articleSection":["Nouvelles Fr\u00e8res","Nouvelles"],"inLanguage":"fr-FR"},{"@type":"WebPage","@id":"https:\/\/www.carmelitaniscalzi.com\/fr\/2025\/03\/07\/italie-le-pere-saverio-cannistra-nomme-archeveque-metropolitain-de-pise\/","url":"https:\/\/www.carmelitaniscalzi.com\/fr\/2025\/03\/07\/italie-le-pere-saverio-cannistra-nomme-archeveque-metropolitain-de-pise\/","name":"Italie : le P\u00e8re Saverio Cannistr\u00e0 nomm\u00e9 Archev\u00eaque M\u00e9tropolitain de Pise - CARMES D\u00c9CHAUX","isPartOf":{"@id":"https:\/\/www.carmelitaniscalzi.com\/#website"},"primaryImageOfPage":{"@id":"https:\/\/www.carmelitaniscalzi.com\/fr\/2025\/03\/07\/italie-le-pere-saverio-cannistra-nomme-archeveque-metropolitain-de-pise\/#primaryimage"},"image":{"@id":"https:\/\/www.carmelitaniscalzi.com\/fr\/2025\/03\/07\/italie-le-pere-saverio-cannistra-nomme-archeveque-metropolitain-de-pise\/#primaryimage"},"thumbnailUrl":"https:\/\/www.carmelitaniscalzi.com\/wp-content\/uploads\/2025\/03\/cover_saverio_02.2025.jpg","datePublished":"2025-03-07T00:00:34+00:00","dateModified":"2025-03-14T00:02:45+00:00","breadcrumb":{"@id":"https:\/\/www.carmelitaniscalzi.com\/fr\/2025\/03\/07\/italie-le-pere-saverio-cannistra-nomme-archeveque-metropolitain-de-pise\/#breadcrumb"},"inLanguage":"fr-FR","potentialAction":[{"@type":"ReadAction","target":["https:\/\/www.carmelitaniscalzi.com\/fr\/2025\/03\/07\/italie-le-pere-saverio-cannistra-nomme-archeveque-metropolitain-de-pise\/"]}]},{"@type":"ImageObject","inLanguage":"fr-FR","@id":"https:\/\/www.carmelitaniscalzi.com\/fr\/2025\/03\/07\/italie-le-pere-saverio-cannistra-nomme-archeveque-metropolitain-de-pise\/#primaryimage","url":"https:\/\/www.carmelitaniscalzi.com\/wp-content\/uploads\/2025\/03\/cover_saverio_02.2025.jpg","contentUrl":"https:\/\/www.carmelitaniscalzi.com\/wp-content\/uploads\/2025\/03\/cover_saverio_02.2025.jpg","width":1200,"height":800},{"@type":"BreadcrumbList","@id":"https:\/\/www.carmelitaniscalzi.com\/fr\/2025\/03\/07\/italie-le-pere-saverio-cannistra-nomme-archeveque-metropolitain-de-pise\/#breadcrumb","itemListElement":[{"@type":"ListItem","position":1,"name":"Home","item":"https:\/\/www.carmelitaniscalzi.com\/fr\/"},{"@type":"ListItem","position":2,"name":"Italie : le P\u00e8re Saverio Cannistr\u00e0 nomm\u00e9 Archev\u00eaque M\u00e9tropolitain de Pise"}]},{"@type":"WebSite","@id":"https:\/\/www.carmelitaniscalzi.com\/#website","url":"https:\/\/www.carmelitaniscalzi.com\/","name":"CARMELITANI SCALZI - Curia Generale del Carmelo Teresiano","description":"Curie G\u00e9n\u00e9ralice du Carmel D\u00e9chauss\u00e9","publisher":{"@id":"https:\/\/www.carmelitaniscalzi.com\/#organization"},"alternateName":"CARMELITANI SCALZI","potentialAction":[{"@type":"SearchAction","target":{"@type":"EntryPoint","urlTemplate":"https:\/\/www.carmelitaniscalzi.com\/?s={search_term_string}"},"query-input":{"@type":"PropertyValueSpecification","valueRequired":true,"valueName":"search_term_string"}}],"inLanguage":"fr-FR"},{"@type":"Organization","@id":"https:\/\/www.carmelitaniscalzi.com\/#organization","name":"CARMELITANI SCALZI - Curia Generale del Carmelo Teresiano","url":"https:\/\/www.carmelitaniscalzi.com\/","logo":{"@type":"ImageObject","inLanguage":"fr-FR","@id":"https:\/\/www.carmelitaniscalzi.com\/#\/schema\/logo\/image\/","url":"https:\/\/www.carmelitaniscalzi.com\/wp-content\/uploads\/2025\/11\/login-logo.png","contentUrl":"https:\/\/www.carmelitaniscalzi.com\/wp-content\/uploads\/2025\/11\/login-logo.png","width":256,"height":256,"caption":"CARMELITANI SCALZI - Curia Generale del Carmelo Teresiano"},"image":{"@id":"https:\/\/www.carmelitaniscalzi.com\/#\/schema\/logo\/image\/"},"sameAs":["https:\/\/www.facebook.com\/Curia-Generalizia-Carmelitani-Scalzi-658766940887784\/","https:\/\/x.com\/ocdcuria","https:\/\/www.youtube.com\/channel\/UC2J5ZL0ycOY0qBSTCLX_NGQ\/videos","https:\/\/www.instagram.com\/ocdinform\/"]},{"@type":"Person","@id":"https:\/\/www.carmelitaniscalzi.com\/#\/schema\/person\/6d1c0d9bea7b6625c437246a5d6da409","name":"ocd web master","image":{"@type":"ImageObject","inLanguage":"fr-FR","@id":"https:\/\/www.carmelitaniscalzi.com\/#\/schema\/person\/image\/","url":"https:\/\/secure.gravatar.com\/avatar\/41fbc5f82bad909fbaf2984c43fa50d8519ac5853e25b454d022b6868f80d0e7?s=96&d=mm&r=g","contentUrl":"https:\/\/secure.gravatar.com\/avatar\/41fbc5f82bad909fbaf2984c43fa50d8519ac5853e25b454d022b6868f80d0e7?s=96&d=mm&r=g","caption":"ocd web master"},"url":"https:\/\/www.carmelitaniscalzi.com\/fr\/author\/ocdwebmaster\/"}]}},"_links":{"self":[{"href":"https:\/\/www.carmelitaniscalzi.com\/fr\/wp-json\/wp\/v2\/posts\/449451","targetHints":{"allow":["GET"]}}],"collection":[{"href":"https:\/\/www.carmelitaniscalzi.com\/fr\/wp-json\/wp\/v2\/posts"}],"about":[{"href":"https:\/\/www.carmelitaniscalzi.com\/fr\/wp-json\/wp\/v2\/types\/post"}],"author":[{"embeddable":true,"href":"https:\/\/www.carmelitaniscalzi.com\/fr\/wp-json\/wp\/v2\/users\/7"}],"replies":[{"embeddable":true,"href":"https:\/\/www.carmelitaniscalzi.com\/fr\/wp-json\/wp\/v2\/comments?post=449451"}],"version-history":[{"count":1,"href":"https:\/\/www.carmelitaniscalzi.com\/fr\/wp-json\/wp\/v2\/posts\/449451\/revisions"}],"predecessor-version":[{"id":449452,"href":"https:\/\/www.carmelitaniscalzi.com\/fr\/wp-json\/wp\/v2\/posts\/449451\/revisions\/449452"}],"wp:featuredmedia":[{"embeddable":true,"href":"https:\/\/www.carmelitaniscalzi.com\/fr\/wp-json\/wp\/v2\/media\/449287"}],"wp:attachment":[{"href":"https:\/\/www.carmelitaniscalzi.com\/fr\/wp-json\/wp\/v2\/media?parent=449451"}],"wp:term":[{"taxonomy":"category","embeddable":true,"href":"https:\/\/www.carmelitaniscalzi.com\/fr\/wp-json\/wp\/v2\/categories?post=449451"},{"taxonomy":"post_tag","embeddable":true,"href":"https:\/\/www.carmelitaniscalzi.com\/fr\/wp-json\/wp\/v2\/tags?post=449451"}],"curies":[{"name":"wp","href":"https:\/\/api.w.org\/{rel}","templated":true}]}}